{"id":138783,"date":"2026-08-11T12:35:12","date_gmt":"2026-08-11T16:35:12","guid":{"rendered":"https:\/\/adf-magazine.com\/?p=138783"},"modified":"2026-08-11T12:35:28","modified_gmt":"2026-08-11T16:35:28","slug":"les-pays-du-sahel-font-face-a-un-assaut-sans-precedent-contre-la-societe-civile","status":"publish","type":"post","link":"https:\/\/adf-magazine.com\/fr\/2026\/08\/les-pays-du-sahel-font-face-a-un-assaut-sans-precedent-contre-la-societe-civile\/","title":{"rendered":"Les pays du Sahel font face \u00e0 un assaut \u00ab sans pr\u00e9c\u00e9dent \u00bb contre la soci\u00e9t\u00e9 civile"},"content":{"rendered":"<p style=\"font-weight: 400;\">Lorsque Civicus, une alliance sud-africaine d\u2019organisations de la soci\u00e9t\u00e9 civile du monde entier, ajouta r\u00e9cemment le Burkina Faso \u00e0 sa liste de surveillance li\u00e9e aux droits de l\u2019homme, elle le fit pour plusieurs raisons\u00a0:<\/p>\n<ul style=\"font-weight: 400;\">\n<li>La junte a dissout tous les partis politiques.<\/li>\n<li>Les critiques des chefs militaires ont \u00e9t\u00e9 censur\u00e9s, arr\u00eat\u00e9s ou port\u00e9s disparus.<\/li>\n<\/ul>\n<ul>\n<li>Pr\u00e8s de 1.200\u00a0organisations de la soci\u00e9t\u00e9 civile ont \u00e9t\u00e9 suspendues ou dissoutes.<\/li>\n<\/ul>\n<p style=\"font-weight: 400;\">Pierre-Claver Dekpoh du r\u00e9seau des d\u00e9fenseurs des droits de l\u2019homme en Afrique occidentale a d\u00e9clar\u00e9 \u00e0 Civicus lorsqu\u2019elle a publi\u00e9 son rapport le 29 juillet\u00a0: \u00ab\u00a0La dimension de cet assaut contre la soci\u00e9t\u00e9 civile est sans pr\u00e9c\u00e9dent. Les autorit\u00e9s utilisent une l\u00e9gislation restrictive et des mesures administratives ambigu\u00ebs pour d\u00e9manteler les organisations.\u00a0\u00bb<\/p>\n<p style=\"font-weight: 400;\">Le Civicus Monitor assure le suivi des derniers d\u00e9veloppements concernant la libert\u00e9 d\u2019expression, d\u2019association et de r\u00e9union pacifique dans 198\u00a0pays et territoires. Il a revu \u00e0 la baisse le statut du Burkina Faso au niveau de \u00ab\u00a0r\u00e9prim\u00e9\u00a0\u00bb, le m\u00eame statut d\u00e9tenu par le Mali et le Niger, deux voisins \u00e9galement dirig\u00e9s par une junte militaire.<\/p>\n<p style=\"font-weight: 400;\">Les groupes de la soci\u00e9t\u00e9 civile et les experts ont document\u00e9 tout un \u00e9ventail de violations des droits dans les trois pays, o\u00f9 les dirigeants militaires qui avaient jadis promis une p\u00e9riode transitionnelle ordonn\u00e9e avant de retourner \u00e0 un gouvernement civil ont au lieu de \u00e7a interdit et dissout tous les partis politiques.<\/p>\n<p style=\"font-weight: 400;\">Les chefs d\u2019\u00c9tat du Burkina Faso, du Mali et du Niger ont tous utilis\u00e9 les th\u00e8mes de la mont\u00e9e de l\u2019ins\u00e9curit\u00e9 et l\u2019expansion des groupes terroristes bas\u00e9s au Sahel comme justification pour saisir le pouvoir par un coup d\u2019\u00c9tat. Mais Daniel Eizenga, chercheur du Centre d\u2019\u00e9tudes strat\u00e9giques de l\u2019Afrique, d\u00e9clare que les chefs des juntes ont cess\u00e9 de prioriser la s\u00e9curit\u00e9 nationale et ont d\u00e9clin\u00e9 une collaboration r\u00e9gionale plus vaste pour se concentrer sur la gestion de la dissension dans leur pays.<\/p>\n<p style=\"font-weight: 400;\">\u00ab\u00a0La consolidation du pouvoir politique a eu priorit\u00e9 vis-\u00e0-vis de la r\u00e9\u00e9valuation et l\u2019adaptation exig\u00e9es par un environnement s\u00e9curitaire en \u00e9volution rapide, \u00e9crit-il dans un article du 14 juillet. L\u2019effet est de compromettre la s\u00e9curit\u00e9 nationale. La fermeture des espaces pour ces voix limite la discussion pr\u00e9cis\u00e9ment au moment o\u00f9 une \u00e9valuation plus vaste de la trajectoire de s\u00e9curit\u00e9 qui se d\u00e9t\u00e9riore dans la r\u00e9gion est le plus n\u00e9cessaire.\u00a0\u00bb<\/p>\n<p style=\"font-weight: 400;\">Le chercheur Nelson Baiye Mbu de Civicus d\u00e9clare que le Burkina Faso a \u00e9t\u00e9 ajout\u00e9 \u00e0 la liste de surveillance \u00e0 cause de \u00ab\u00a0la forte ampleur et intensit\u00e9 des mesures de l\u2019\u00c9tat contre la soci\u00e9t\u00e9 civile\u00a0\u00bb, notamment une loi de 2025 limitant la libert\u00e9 d\u2019association. Le d\u00e9classement du statut du pays n\u2019\u00e9tait pas surprenant, dit-il\u00a0: \u00ab\u00a0Si vous observez la trajectoire, elle est tr\u00e8s visible depuis 2023.\u00a0\u00bb<\/p>\n<p style=\"font-weight: 400;\">De nombreux critiques et certains journalistes ont \u00e9t\u00e9 arr\u00eat\u00e9s par des hommes masqu\u00e9s et se sont retrouv\u00e9s en prison. D\u2019autres ont \u00e9t\u00e9 enr\u00f4l\u00e9s de force dans l\u2019arm\u00e9e et envoy\u00e9s au front pour se battre contre les terroristes.<\/p>\n<p style=\"font-weight: 400;\">L\u2019une des plus r\u00e9centes cibles du pr\u00e9sident Ibrahim Traor\u00e9 est l\u2019imam influent Mohamad Ishaq Kindo, qui a \u00e9t\u00e9 interpell\u00e9 \u00e0 la fin mai et amen\u00e9 dans un lieu inconnu apr\u00e8s avoir critiqu\u00e9 publiquement un projet de loi visant \u00e0 r\u00e9glementer l\u2019exercice de la libert\u00e9 religieuse, dans un pays o\u00f9 plus de 60\u00a0% des r\u00e9sidents sont musulmans. Apr\u00e8s s\u2019\u00eatre r\u00e9unis pour exiger la lib\u00e9ration du Dr\u00a0Kindo, une centaine environ de ses adeptes ont \u00e9t\u00e9 envoy\u00e9s dans un camp militaire pour ce que les responsables ont appel\u00e9 une \u00ab\u00a0formation civique\u00a0\u00bb.<\/p>\n<p style=\"font-weight: 400;\">Un alli\u00e9 du Dr\u00a0Kindo a d\u00e9clar\u00e9 \u00e0 l\u2019Agence France-Presse en juin\u00a0: \u00ab\u00a0La terreur a atteint son point culminant. Enlever brutalement un chef religieux et emp\u00eacher les fid\u00e8les de se r\u00e9unir pour prier en lan\u00e7ant des grenades lacrymog\u00e8nes, m\u00eame \u00e0 l\u2019int\u00e9rieur de la mosqu\u00e9e, est tout \u00e0 fait exag\u00e9r\u00e9.\u00a0\u00bb<\/p>\n<p style=\"font-weight: 400;\">Il a ajout\u00e9\u00a0: \u00ab\u00a0Ce que ce r\u00e9gime fait subir au peuple est insupportable, le tout sous le pr\u00e9texte de lutter contre le terrorisme, alors que nous ne pouvons m\u00eame pas constater un r\u00e9sultat quelconque.\u00a0\u00bb<\/p>\n<p style=\"font-weight: 400;\">Comme au Burkina Faso, la s\u00e9curit\u00e9 se d\u00e9t\u00e9riore dans tout le Sahel, alors que les groupes militants enregistrent des gains territoriaux sans pr\u00e9c\u00e9dent et lancent davantage d\u2019attaques coordonn\u00e9es et sophistiqu\u00e9es visant les trois gouvernements militaires.<\/p>\n<p style=\"font-weight: 400;\">Quelques jours apr\u00e8s le troisi\u00e8me anniversaire du coup d\u2019\u00c9tat militaire au Niger, Human Rights Watch a d\u00e9clar\u00e9 que la junte avait d\u00e9mantel\u00e9 les institutions d\u00e9mocratiques et intensifi\u00e9 la r\u00e9pression pour resserrer son \u00e9tau sur le pouvoir, alors que les incidents de s\u00e9curit\u00e9, les d\u00e9c\u00e8s et les attaques des groupes terroristes sont en hausse.<\/p>\n<p style=\"font-weight: 400;\">L\u2019ancien ambassadeur nig\u00e9rien Mamadou Kiari Liman-Tinguiri a d\u00e9clar\u00e9 \u00e0 Radio France Internationale pour un article du 27 juillet\u00a0: \u00ab\u00a0Il existe une compression extr\u00eame de l\u2019espace civil au Niger. La libert\u00e9 d\u2019expression a \u00e9t\u00e9 compl\u00e8tement supprim\u00e9e. Les d\u00e9cisions judiciaires ont \u00e9t\u00e9 bafou\u00e9es, les organisations non gouvernementales ont \u00e9t\u00e9 dissoutes et soumises \u00e0 un syst\u00e8me de contr\u00f4le sans pr\u00e9c\u00e9dent.\u00a0\u00bb<\/p>\n<p style=\"font-weight: 400;\">\u00ab\u00a0En bref, c\u2019est un r\u00e9gime autoritaire. C\u2019est la r\u00e9alit\u00e9.\u00a0\u00bb<\/p>\n<p style=\"font-weight: 400;\">Au Mali, les groupes terroristes ont collabor\u00e9 avec les s\u00e9paratistes touaregs pour menacer la junte chancelante en 2026. Le gouvernement a adopt\u00e9 une loi abrogeant les protections de base de la participation politique en 2025, ce qui a suscit\u00e9 une litanie de r\u00e9primandes internationales.<\/p>\n<p style=\"font-weight: 400;\">En mai 2026, la F\u00e9d\u00e9ration internationale pour les droits humains (FIDH) a demand\u00e9 aux autorit\u00e9s maliennes de mettre fin \u00e0 leur campagne de d\u00e9tentions arbitraires, disparitions forc\u00e9es et actes d\u2019intimidation ciblant les critiques du gouvernement. Drissa Traor\u00e9, secr\u00e9taire g\u00e9n\u00e9ral de la FIDH, a d\u00e9clar\u00e9 le 7 mai\u00a0: \u00ab\u00a0Les autorit\u00e9s maliennes ne peuvent pas r\u00e9pondre \u00e0 la crise croissante de s\u00e9curit\u00e9 par des enl\u00e8vements, des disparitions forc\u00e9es et une incitation \u00e0 la haine. La lutte contre le djihadisme ne peut pas \u00eatre utilis\u00e9e pour justifier le m\u00e9pris de l\u2019\u00c9tat de droit.\u00a0\u00bb<\/p>\n<p style=\"font-weight: 400;\">Pour inverser la tendance de violence et de r\u00e9pression au Sahel, d\u00e9clare le Dr\u00a0Eizenga, les gouvernements dirig\u00e9s par des juntes doivent r\u00e9tablir les communications et la collaboration r\u00e9gionale avec leurs voisins d\u2019Afrique occidentale.<\/p>\n<p style=\"font-weight: 400;\">\u00ab\u00a0L\u2019ampleur et la complexit\u00e9 croissantes de la menace indiquent le besoin de r\u00e9ponses plus exhaustives, et plus inclusives, que celles adopt\u00e9es jusqu\u2019\u00e0 pr\u00e9sent, \u00e9crit-il. L\u2019inversion de ces tendance exigera une gamme plus vaste d\u2019acteurs locaux, une coop\u00e9ration r\u00e9gionale plus robuste, un partage du renseignement plus efficace et des efforts intensifi\u00e9s afin de mobiliser les ressources politiques, sociales et \u00e9conomiques n\u00e9cessaires pour confronter une insurrection complexe.\u00a0\u00bb<\/p>\n","protected":false},"excerpt":{"rendered":"<p>Lorsque Civicus, une alliance sud-africaine d\u2019organisations de la soci\u00e9t\u00e9 civile du monde entier, ajouta r\u00e9cemment le Burkina Faso \u00e0 sa liste de surveillance li\u00e9e aux droits de l\u2019homme, elle le fit pour plusieurs raisons\u00a0: La junte a dissout tous les partis politiques. Les critiques des chefs militaires ont \u00e9t\u00e9 censur\u00e9s, arr\u00eat\u00e9s ou port\u00e9s disparus. Pr\u00e8s<\/p>\n","protected":false},"author":1,"featured_media":138778,"comment_status":"open","ping_status":"closed","sticky":false,"template":"","format":"standard","meta":{"_acf_changed":false,"_monsterinsights_skip_tracking":false,"_uf_show_specific_survey":0,"_uf_disable_surveys":false,"footnotes":""},"categories":[331],"tags":[565,489,1000,1021,434,488,487,1282],"class_list":["post-138783","post","type-post","status-publish","format-standard","has-post-thumbnail","category-dernieres-nouvelles","tag-afrique-de-louest","tag-burkina-faso-fr","tag-democratie","tag-insurrection","tag-mali-fr","tag-niger-fr","tag-sahel-fr","tag-terrorism-fr"],"acf":[],"yoast_head":"<!-- This site is optimized with the Yoast SEO plugin v28.3 - https:\/\/yoast.com\/product\/yoast-seo-wordpress\/ -->\n<title>Les pays du Sahel font face \u00e0 un assaut \u00ab sans pr\u00e9c\u00e9dent \u00bb contre la soci\u00e9t\u00e9 civile - Africa Defense Forum<\/title>\n<meta name=\"robots\" content=\"index, follow, max-snippet:-1, max-image-preview:large, max-video-preview:-1\" \/>\n<link rel=\"canonical\" href=\"https:\/\/adf-magazine.com\/ar\/?p=138785\" \/>\n<meta property=\"og:locale\" content=\"fr_FR\" \/>\n<meta property=\"og:type\" content=\"article\" \/>\n<meta property=\"og:title\" content=\"Les pays du Sahel font face \u00e0 un assaut \u00ab sans pr\u00e9c\u00e9dent \u00bb contre la soci\u00e9t\u00e9 civile - Africa Defense Forum\" \/>\n<meta property=\"og:description\" content=\"Lorsque Civicus, une alliance sud-africaine d\u2019organisations de la soci\u00e9t\u00e9 civile du monde entier, ajouta r\u00e9cemment le Burkina Faso \u00e0 sa liste de surveillance li\u00e9e aux droits de l\u2019homme, elle le fit pour plusieurs raisons\u00a0: La junte a dissout tous les partis politiques. Les critiques des chefs militaires ont \u00e9t\u00e9 censur\u00e9s, arr\u00eat\u00e9s ou port\u00e9s disparus. Pr\u00e8s\" \/>\n<meta property=\"og:url\" content=\"https:\/\/adf-magazine.com\/ar\/?p=138785\" \/>\n<meta property=\"og:site_name\" content=\"Africa Defense Forum\" \/>\n<meta property=\"article:publisher\" content=\"https:\/\/www.facebook.com\/ADFmagazine\/\" \/>\n<meta property=\"article:published_time\" content=\"2026-08-11T16:35:12+00:00\" \/>\n<meta property=\"article:modified_time\" content=\"2026-08-11T16:35:28+00:00\" \/>\n<meta property=\"og:image\" content=\"https:\/\/adf-magazine.com\/wp-content\/uploads\/2026\/08\/STIFLE1.webp\" \/>\n\t<meta property=\"og:image:width\" content=\"1080\" \/>\n\t<meta property=\"og:image:height\" content=\"720\" \/>\n\t<meta property=\"og:image:type\" content=\"image\/webp\" \/>\n<meta name=\"author\" content=\"ADF\" \/>\n<meta name=\"twitter:card\" content=\"summary_large_image\" \/>\n<meta name=\"twitter:creator\" content=\"@ADFmagazine\" \/>\n<meta name=\"twitter:site\" content=\"@ADFmagazine\" \/>\n<meta name=\"twitter:label1\" content=\"\u00c9crit par\" \/>\n\t<meta name=\"twitter:data1\" content=\"ADF\" \/>\n\t<meta name=\"twitter:label2\" content=\"Dur\u00e9e de lecture estim\u00e9e\" \/>\n\t<meta name=\"twitter:data2\" content=\"6 minutes\" \/>\n<script type=\"application\/ld+json\" class=\"yoast-schema-graph\">{\"@context\":\"https:\\\/\\\/schema.org\",\"@graph\":[{\"@type\":\"Article\",\"@id\":\"https:\\\/\\\/adf-magazine.com\\\/ar\\\/?p=138785#article\",\"isPartOf\":{\"@id\":\"https:\\\/\\\/adf-magazine.com\\\/ar\\\/?p=138785\"},\"author\":{\"name\":\"ADF\",\"@id\":\"https:\\\/\\\/adf-magazine.com\\\/#\\\/schema\\\/person\\\/f266a6061389568b5a11465bb38bc025\"},\"headline\":\"Les pays du Sahel font face \u00e0 un assaut \u00ab sans pr\u00e9c\u00e9dent \u00bb contre la soci\u00e9t\u00e9 civile\",\"datePublished\":\"2026-08-11T16:35:12+00:00\",\"dateModified\":\"2026-08-11T16:35:28+00:00\",\"mainEntityOfPage\":{\"@id\":\"https:\\\/\\\/adf-magazine.com\\\/ar\\\/?p=138785\"},\"wordCount\":1211,\"commentCount\":0,\"image\":{\"@id\":\"https:\\\/\\\/adf-magazine.com\\\/ar\\\/?p=138785#primaryimage\"},\"thumbnailUrl\":\"https:\\\/\\\/adf-magazine.com\\\/wp-content\\\/uploads\\\/2026\\\/08\\\/STIFLE1.webp\",\"keywords\":[\"Afrique de l\u2019Ouest\",\"Burkina Faso\",\"d\u00e9mocratie\",\"insurrection\",\"Mali\",\"Niger\",\"Sahel\",\"Terrorism\"],\"articleSection\":[\"Actualit\u00e9s du Jour\"],\"inLanguage\":\"fr-FR\",\"potentialAction\":[{\"@type\":\"CommentAction\",\"name\":\"Comment\",\"target\":[\"https:\\\/\\\/adf-magazine.com\\\/ar\\\/?p=138785#respond\"]}]},{\"@type\":\"WebPage\",\"@id\":\"https:\\\/\\\/adf-magazine.com\\\/ar\\\/?p=138785\",\"url\":\"https:\\\/\\\/adf-magazine.com\\\/ar\\\/?p=138785\",\"name\":\"Les pays du Sahel font face \u00e0 un assaut \u00ab sans pr\u00e9c\u00e9dent \u00bb contre la soci\u00e9t\u00e9 civile - Africa Defense Forum\",\"isPartOf\":{\"@id\":\"https:\\\/\\\/adf-magazine.com\\\/#website\"},\"primaryImageOfPage\":{\"@id\":\"https:\\\/\\\/adf-magazine.com\\\/ar\\\/?p=138785#primaryimage\"},\"image\":{\"@id\":\"https:\\\/\\\/adf-magazine.com\\\/ar\\\/?p=138785#primaryimage\"},\"thumbnailUrl\":\"https:\\\/\\\/adf-magazine.com\\\/wp-content\\\/uploads\\\/2026\\\/08\\\/STIFLE1.webp\",\"datePublished\":\"2026-08-11T16:35:12+00:00\",\"dateModified\":\"2026-08-11T16:35:28+00:00\",\"author\":{\"@id\":\"https:\\\/\\\/adf-magazine.com\\\/#\\\/schema\\\/person\\\/f266a6061389568b5a11465bb38bc025\"},\"breadcrumb\":{\"@id\":\"https:\\\/\\\/adf-magazine.com\\\/ar\\\/?p=138785#breadcrumb\"},\"inLanguage\":\"fr-FR\",\"potentialAction\":[{\"@type\":\"ReadAction\",\"target\":[\"https:\\\/\\\/adf-magazine.com\\\/ar\\\/?p=138785\"]}]},{\"@type\":\"ImageObject\",\"inLanguage\":\"fr-FR\",\"@id\":\"https:\\\/\\\/adf-magazine.com\\\/ar\\\/?p=138785#primaryimage\",\"url\":\"https:\\\/\\\/adf-magazine.com\\\/wp-content\\\/uploads\\\/2026\\\/08\\\/STIFLE1.webp\",\"contentUrl\":\"https:\\\/\\\/adf-magazine.com\\\/wp-content\\\/uploads\\\/2026\\\/08\\\/STIFLE1.webp\",\"width\":1080,\"height\":720,\"caption\":\"Les soldats nig\u00e9riens d\u00e9tiennent un homme pendant une manifestation \u00e0 Niamey en ao\u00fbt 2023. AFP\\\/GETTY IMAGES\"},{\"@type\":\"BreadcrumbList\",\"@id\":\"https:\\\/\\\/adf-magazine.com\\\/ar\\\/?p=138785#breadcrumb\",\"itemListElement\":[{\"@type\":\"ListItem\",\"position\":1,\"name\":\"page d\u2019accueil\",\"item\":\"https:\\\/\\\/adf-magazine.com\\\/pt-pt\\\/\"},{\"@type\":\"ListItem\",\"position\":2,\"name\":\"Les pays du Sahel font face \u00e0 un assaut \u00ab sans pr\u00e9c\u00e9dent \u00bb contre la soci\u00e9t\u00e9 civile\"}]},{\"@type\":\"WebSite\",\"@id\":\"https:\\\/\\\/adf-magazine.com\\\/#website\",\"url\":\"https:\\\/\\\/adf-magazine.com\\\/\",\"name\":\"Africa Defense Forum\",\"description\":\"Africa Defense Forum\",\"potentialAction\":[{\"@type\":\"SearchAction\",\"target\":{\"@type\":\"EntryPoint\",\"urlTemplate\":\"https:\\\/\\\/adf-magazine.com\\\/?s={search_term_string}\"},\"query-input\":{\"@type\":\"PropertyValueSpecification\",\"valueRequired\":true,\"valueName\":\"search_term_string\"}}],\"inLanguage\":\"fr-FR\"},{\"@type\":\"Person\",\"@id\":\"https:\\\/\\\/adf-magazine.com\\\/#\\\/schema\\\/person\\\/f266a6061389568b5a11465bb38bc025\",\"name\":\"ADF\",\"image\":{\"@type\":\"ImageObject\",\"inLanguage\":\"fr-FR\",\"@id\":\"https:\\\/\\\/adf-magazine.com\\\/wp-content\\\/uploads\\\/2020\\\/05\\\/cropped-ADF_icon.jpg\",\"url\":\"https:\\\/\\\/adf-magazine.com\\\/wp-content\\\/uploads\\\/2020\\\/05\\\/cropped-ADF_icon.jpg\",\"contentUrl\":\"https:\\\/\\\/adf-magazine.com\\\/wp-content\\\/uploads\\\/2020\\\/05\\\/cropped-ADF_icon.jpg\",\"caption\":\"ADF\"},\"description\":\"ADF is a professional military magazine published quarterly by U.S. Africa Command to provide an international forum for African security professionals. ADF covers topics such as counter terrorism strategies, security and defense operations, transnational crime, and all other issues affecting peace, stability, and good governance on the African continent.\",\"sameAs\":[\"https:\\\/\\\/x.com\\\/ADFmagazine\"],\"url\":\"https:\\\/\\\/adf-magazine.com\\\/fr\\\/author\\\/adf\\\/\"}]}<\/script>\n<!-- \/ Yoast SEO plugin. -->","yoast_head_json":{"title":"Les pays du Sahel font face \u00e0 un assaut \u00ab sans pr\u00e9c\u00e9dent \u00bb contre la soci\u00e9t\u00e9 civile - Africa Defense Forum","robots":{"index":"index","follow":"follow","max-snippet":"max-snippet:-1","max-image-preview":"max-image-preview:large","max-video-preview":"max-video-preview:-1"},"canonical":"https:\/\/adf-magazine.com\/ar\/?p=138785","og_locale":"fr_FR","og_type":"article","og_title":"Les pays du Sahel font face \u00e0 un assaut \u00ab sans pr\u00e9c\u00e9dent \u00bb contre la soci\u00e9t\u00e9 civile - Africa Defense Forum","og_description":"Lorsque Civicus, une alliance sud-africaine d\u2019organisations de la soci\u00e9t\u00e9 civile du monde entier, ajouta r\u00e9cemment le Burkina Faso \u00e0 sa liste de surveillance li\u00e9e aux droits de l\u2019homme, elle le fit pour plusieurs raisons\u00a0: La junte a dissout tous les partis politiques. Les critiques des chefs militaires ont \u00e9t\u00e9 censur\u00e9s, arr\u00eat\u00e9s ou port\u00e9s disparus. Pr\u00e8s","og_url":"https:\/\/adf-magazine.com\/ar\/?p=138785","og_site_name":"Africa Defense Forum","article_publisher":"https:\/\/www.facebook.com\/ADFmagazine\/","article_published_time":"2026-08-11T16:35:12+00:00","article_modified_time":"2026-08-11T16:35:28+00:00","og_image":[{"width":1080,"height":720,"url":"https:\/\/adf-magazine.com\/wp-content\/uploads\/2026\/08\/STIFLE1.webp","type":"image\/webp"}],"author":"ADF","twitter_card":"summary_large_image","twitter_creator":"@ADFmagazine","twitter_site":"@ADFmagazine","twitter_misc":{"\u00c9crit par":"ADF","Dur\u00e9e de lecture estim\u00e9e":"6 minutes"},"schema":{"@context":"https:\/\/schema.org","@graph":[{"@type":"Article","@id":"https:\/\/adf-magazine.com\/ar\/?p=138785#article","isPartOf":{"@id":"https:\/\/adf-magazine.com\/ar\/?p=138785"},"author":{"name":"ADF","@id":"https:\/\/adf-magazine.com\/#\/schema\/person\/f266a6061389568b5a11465bb38bc025"},"headline":"Les pays du Sahel font face \u00e0 un assaut \u00ab sans pr\u00e9c\u00e9dent \u00bb contre la soci\u00e9t\u00e9 civile","datePublished":"2026-08-11T16:35:12+00:00","dateModified":"2026-08-11T16:35:28+00:00","mainEntityOfPage":{"@id":"https:\/\/adf-magazine.com\/ar\/?p=138785"},"wordCount":1211,"commentCount":0,"image":{"@id":"https:\/\/adf-magazine.com\/ar\/?p=138785#primaryimage"},"thumbnailUrl":"https:\/\/adf-magazine.com\/wp-content\/uploads\/2026\/08\/STIFLE1.webp","keywords":["Afrique de l\u2019Ouest","Burkina Faso","d\u00e9mocratie","insurrection","Mali","Niger","Sahel","Terrorism"],"articleSection":["Actualit\u00e9s du Jour"],"inLanguage":"fr-FR","potentialAction":[{"@type":"CommentAction","name":"Comment","target":["https:\/\/adf-magazine.com\/ar\/?p=138785#respond"]}]},{"@type":"WebPage","@id":"https:\/\/adf-magazine.com\/ar\/?p=138785","url":"https:\/\/adf-magazine.com\/ar\/?p=138785","name":"Les pays du Sahel font face \u00e0 un assaut \u00ab sans pr\u00e9c\u00e9dent \u00bb contre la soci\u00e9t\u00e9 civile - Africa Defense Forum","isPartOf":{"@id":"https:\/\/adf-magazine.com\/#website"},"primaryImageOfPage":{"@id":"https:\/\/adf-magazine.com\/ar\/?p=138785#primaryimage"},"image":{"@id":"https:\/\/adf-magazine.com\/ar\/?p=138785#primaryimage"},"thumbnailUrl":"https:\/\/adf-magazine.com\/wp-content\/uploads\/2026\/08\/STIFLE1.webp","datePublished":"2026-08-11T16:35:12+00:00","dateModified":"2026-08-11T16:35:28+00:00","author":{"@id":"https:\/\/adf-magazine.com\/#\/schema\/person\/f266a6061389568b5a11465bb38bc025"},"breadcrumb":{"@id":"https:\/\/adf-magazine.com\/ar\/?p=138785#breadcrumb"},"inLanguage":"fr-FR","potentialAction":[{"@type":"ReadAction","target":["https:\/\/adf-magazine.com\/ar\/?p=138785"]}]},{"@type":"ImageObject","inLanguage":"fr-FR","@id":"https:\/\/adf-magazine.com\/ar\/?p=138785#primaryimage","url":"https:\/\/adf-magazine.com\/wp-content\/uploads\/2026\/08\/STIFLE1.webp","contentUrl":"https:\/\/adf-magazine.com\/wp-content\/uploads\/2026\/08\/STIFLE1.webp","width":1080,"height":720,"caption":"Les soldats nig\u00e9riens d\u00e9tiennent un homme pendant une manifestation \u00e0 Niamey en ao\u00fbt 2023. AFP\/GETTY IMAGES"},{"@type":"BreadcrumbList","@id":"https:\/\/adf-magazine.com\/ar\/?p=138785#breadcrumb","itemListElement":[{"@type":"ListItem","position":1,"name":"page d\u2019accueil","item":"https:\/\/adf-magazine.com\/pt-pt\/"},{"@type":"ListItem","position":2,"name":"Les pays du Sahel font face \u00e0 un assaut \u00ab sans pr\u00e9c\u00e9dent \u00bb contre la soci\u00e9t\u00e9 civile"}]},{"@type":"WebSite","@id":"https:\/\/adf-magazine.com\/#website","url":"https:\/\/adf-magazine.com\/","name":"Africa Defense Forum","description":"Africa Defense Forum","potentialAction":[{"@type":"SearchAction","target":{"@type":"EntryPoint","urlTemplate":"https:\/\/adf-magazine.com\/?s={search_term_string}"},"query-input":{"@type":"PropertyValueSpecification","valueRequired":true,"valueName":"search_term_string"}}],"inLanguage":"fr-FR"},{"@type":"Person","@id":"https:\/\/adf-magazine.com\/#\/schema\/person\/f266a6061389568b5a11465bb38bc025","name":"ADF","image":{"@type":"ImageObject","inLanguage":"fr-FR","@id":"https:\/\/adf-magazine.com\/wp-content\/uploads\/2020\/05\/cropped-ADF_icon.jpg","url":"https:\/\/adf-magazine.com\/wp-content\/uploads\/2020\/05\/cropped-ADF_icon.jpg","contentUrl":"https:\/\/adf-magazine.com\/wp-content\/uploads\/2020\/05\/cropped-ADF_icon.jpg","caption":"ADF"},"description":"ADF is a professional military magazine published quarterly by U.S. Africa Command to provide an international forum for African security professionals. ADF covers topics such as counter terrorism strategies, security and defense operations, transnational crime, and all other issues affecting peace, stability, and good governance on the African continent.","sameAs":["https:\/\/x.com\/ADFmagazine"],"url":"https:\/\/adf-magazine.com\/fr\/author\/adf\/"}]}},"_links":{"self":[{"href":"https:\/\/adf-magazine.com\/fr\/wp-json\/wp\/v2\/posts\/138783","targetHints":{"allow":["GET"]}}],"collection":[{"href":"https:\/\/adf-magazine.com\/fr\/wp-json\/wp\/v2\/posts"}],"about":[{"href":"https:\/\/adf-magazine.com\/fr\/wp-json\/wp\/v2\/types\/post"}],"author":[{"embeddable":true,"href":"https:\/\/adf-magazine.com\/fr\/wp-json\/wp\/v2\/users\/1"}],"replies":[{"embeddable":true,"href":"https:\/\/adf-magazine.com\/fr\/wp-json\/wp\/v2\/comments?post=138783"}],"version-history":[{"count":1,"href":"https:\/\/adf-magazine.com\/fr\/wp-json\/wp\/v2\/posts\/138783\/revisions"}],"predecessor-version":[{"id":138784,"href":"https:\/\/adf-magazine.com\/fr\/wp-json\/wp\/v2\/posts\/138783\/revisions\/138784"}],"wp:featuredmedia":[{"embeddable":true,"href":"https:\/\/adf-magazine.com\/fr\/wp-json\/wp\/v2\/media\/138778"}],"wp:attachment":[{"href":"https:\/\/adf-magazine.com\/fr\/wp-json\/wp\/v2\/media?parent=138783"}],"wp:term":[{"taxonomy":"category","embeddable":true,"href":"https:\/\/adf-magazine.com\/fr\/wp-json\/wp\/v2\/categories?post=138783"},{"taxonomy":"post_tag","embeddable":true,"href":"https:\/\/adf-magazine.com\/fr\/wp-json\/wp\/v2\/tags?post=138783"}],"curies":[{"name":"wp","href":"https:\/\/api.w.org\/{rel}","templated":true}]}}