{"id":136104,"date":"2026-04-28T13:27:26","date_gmt":"2026-04-28T17:27:26","guid":{"rendered":"https:\/\/adf-magazine.com\/?p=136104"},"modified":"2026-04-28T13:27:49","modified_gmt":"2026-04-28T17:27:49","slug":"les-pays-africains-contemplent-un-univers-dopportunites","status":"publish","type":"post","link":"https:\/\/adf-magazine.com\/fr\/2026\/04\/les-pays-africains-contemplent-un-univers-dopportunites\/","title":{"rendered":"Les pays africains contemplent un univers d\u2019opportunit\u00e9s"},"content":{"rendered":"<p style=\"font-weight: 400;\">Cette ann\u00e9e, l\u2019Alg\u00e9rie a renforc\u00e9 la pr\u00e9sence des pays africains dans l\u2019espace avec le lancement de deux satellites au cours de deux semaines en janvier.<\/p>\n<p style=\"font-weight: 400;\">Avec ALSAT-3A et ALSAT-3B, le nombre de satellites que les pays africains ont mis en orbite depuis le NileSat-101 \u00e9gyptien en 1998 s\u2019\u00e9l\u00e8ve \u00e0 69.<\/p>\n<p style=\"font-weight: 400;\">L\u2019espace devient une fronti\u00e8re importante pour les pays africains d\u00e9sireux de montrer leurs aptitudes technologiques et collecter des donn\u00e9es sur le climat, la s\u00e9curit\u00e9 alimentaire, les mouvements de population et autres informations afin de les aider \u00e0 planifier pour l\u2019avenir.<\/p>\n<p style=\"font-weight: 400;\">L\u2019Alg\u00e9rie a d\u00e9velopp\u00e9 ALSAT-3A et -3B pour obtenir des images de haute r\u00e9solution de la plan\u00e8te qui renforcerons sa capacit\u00e9 de planification d\u2019utilisation des terres et de pr\u00e9vention des catastrophes. Ils suivent ALSAT-2A et ALSAT-2B qui avaient \u00e9t\u00e9 lanc\u00e9s en 2010. Le premier satellite alg\u00e9rien \u00e9tait ALSAT-1, mis en orbite en 2002.<\/p>\n<p style=\"font-weight: 400;\">La deuxi\u00e8me conf\u00e9rence \u00ab\u00a0NewSpace Africa\u00a0\u00bb portait sur l\u2019avenir de la pr\u00e9sence du continent dans l\u2019espace lors d\u2019une r\u00e9union co-accueillie en avril par l\u2019Agence spatiale africaine et l\u2019Agence gabonaise d\u2019\u00e9tudes et d\u2019observations spatiales (AGEOS).<\/p>\n<p style=\"font-weight: 400;\">Cette conf\u00e9rence de trois jours a r\u00e9uni des experts gouvernementaux, universitaires, des agences spatiales nationales et du secteur commercial de l\u2019espace afin de d\u00e9velopper des strat\u00e9gies pour faire avancer l\u2019avenir de l\u2019Afrique dans l\u2019espace.<\/p>\n<p style=\"font-weight: 400;\">Les organisateurs de la conf\u00e9rence ont mis l\u2019accent sur le besoin de pousser le d\u00e9veloppement continental de fa\u00e7on juste et \u00e9quitable pour l\u2019avenir. Selon eux, l\u2019objet est de restructurer l\u2019industrie spatiale africaine \u00ab\u00a0pour qu\u2019elle ne soit pas simplement une fronti\u00e8re de science et d\u2019innovation, mais un moteur strat\u00e9gique de d\u00e9veloppement durable et de prosp\u00e9rit\u00e9 partag\u00e9e pour tous les Africains\u00a0\u00bb.<\/p>\n<p style=\"font-weight: 400;\">Tidiane Ouatarra, pr\u00e9sident du Conseil spatial africain, a dit que la conf\u00e9rence offrait plus qu\u2019une opportunit\u00e9 de souligner les progr\u00e8s de l\u2019Afrique dans la technologie spatiale, mais aussi \u00ab\u00a0une plateforme pour aligner notre vision collective de l\u2019espace comme facteur du d\u00e9veloppement durable, de la croissance \u00e9conomique et du partenariat mondial\u00a0\u00bb.<\/p>\n<p style=\"font-weight: 400;\">Depuis pr\u00e8s de trente ans, 18\u00a0pays africains mettent des satellites en orbite, notamment l\u2019\u00c9gypte (15) et l\u2019Afrique du Sud (12) qui sont les chefs de file. Les satellites sont utilis\u00e9s \u00e0 des fins d\u2019observation, de communication et autres.<\/p>\n<p style=\"font-weight: 400;\">Sans installations de lancement locales, les satellites africains ont \u00e9t\u00e9 lanc\u00e9s \u00e0 bord de fus\u00e9es d\u00e9collant d\u2019installations du Japon, de la Russie, de la Chine, des \u00c9tats-Unis et de l\u2019Agence spatiale europ\u00e9enne.<\/p>\n<p style=\"font-weight: 400;\">Le d\u00e9veloppement des satellites s\u2019am\u00e9liore \u00e0 mesure que la technologie sous-jacente devient moins ch\u00e8re et plus facilement disponible. Plusieurs pays africains ont fait leurs premiers pas dans l\u2019espace en utilisant des CubeSats, qui ont un co\u00fbt faible et mesurent environ 10\u00a0cm sur le c\u00f4t\u00e9, tout en \u00e9tant capables de transporter un \u00e9ventail d\u2019applications technologiques.<\/p>\n<p style=\"font-weight: 400;\">Le S\u00e9n\u00e9gal a d\u00e9velopp\u00e9 son premier satellite, appel\u00e9 Gaind\u00e9Sat-1A, en collaboration avec le Centre spatial de l\u2019Universit\u00e9 de Montpellier. Ce CubeSat a \u00e9t\u00e9 lanc\u00e9 en 2024, soit un an apr\u00e8s l\u2019inauguration de l\u2019Agence s\u00e9n\u00e9galaise d\u2019\u00e9tudes spatiales (ASES).<\/p>\n<p style=\"font-weight: 400;\">Le S\u00e9n\u00e9gal pr\u00e9voit de cr\u00e9er sa propre \u00ab\u00a0Vall\u00e9e de l\u2019espace\u00a0\u00bb comme centre d\u2019innovation technologique et de d\u00e9veloppement en vue de lancer jusqu\u2019\u00e0 sept autres satellites \u00e0 partir de 2028.<\/p>\n<p style=\"font-weight: 400;\">Maram Kair\u00e9, directeur g\u00e9n\u00e9ral de l\u2019ASES, d\u00e9clare\u00a0: \u00ab\u00a0Avec la cr\u00e9ation de l\u2019ASES, le S\u00e9n\u00e9gal a une ambition claire\u00a0: faire du secteur de l\u2019espace un levier interdisciplinaire pour impacter tous les domaines, en donnant priorit\u00e9 \u00e0 la s\u00e9curit\u00e9. Ce partenariat stimulera l\u2019innovation, renforcera notre souverainet\u00e9 et d\u00e9veloppera les aptitudes de demain.\u00a0\u00bb<\/p>\n<p style=\"font-weight: 400;\">En 2025, l\u2019ASES a conclu un accord de cinq ans avec les Forces arm\u00e9es du S\u00e9n\u00e9gal pour collaborer sur la collecte des donn\u00e9es \u00e0 l\u2019aide des satellites. L\u2019accord refl\u00e8te une tendance croissante sur le continent alors que les pays reconnaissent la valeur offerte par la technologie spatiale en mati\u00e8re de surveillance, de communications s\u00e9curis\u00e9es et de s\u00e9curit\u00e9 nationale.<\/p>\n<p style=\"font-weight: 400;\">L\u2019effort pour cr\u00e9er une approche \u00e9quitable de l\u2019espace a inspir\u00e9 l\u2019Union africaine \u00e0 lancer l\u2019Agence spatiale africaine, qui a ouvert ses portes au Caire \u00e0 la fin 2025. L\u2019agence s\u2019appuie sur quatre piliers\u00a0: am\u00e9liorer l\u2019observation de la plan\u00e8te\u00a0; soutenir les communications, la navigation et le positionnement par satellite\u00a0; promouvoir l\u2019astronomie\u00a0; promouvoir les sciences de l\u2019espace.<\/p>\n<p style=\"font-weight: 400;\">Son but est de r\u00e9unir les programmes spatiaux disparates du continent pour collaborer sur des projets qui b\u00e9n\u00e9ficient \u00e0 tous les Africains, selon Meshack Kinyua Ndiritu, responsable UA de la formation sur les applications spatiales.<\/p>\n<p style=\"font-weight: 400;\">Il a d\u00e9clar\u00e9 dans une vid\u00e9o de l\u2019UA film\u00e9e l\u2019an dernier\u00a0: \u00ab\u00a0Le programme spatial africain est actuellement dans sa phase embryonnaire. Nous \u0153uvrons directement pour nous assurer que les \u00e9tats membres aient la capacit\u00e9 en termes d\u2019infrastructure et en termes de d\u00e9veloppement du capital humain.\u00a0\u00bb<\/p>\n","protected":false},"excerpt":{"rendered":"<p>Cette ann\u00e9e, l\u2019Alg\u00e9rie a renforc\u00e9 la pr\u00e9sence des pays africains dans l\u2019espace avec le lancement de deux satellites au cours de deux semaines en janvier. Avec ALSAT-3A et ALSAT-3B, le nombre de satellites que les pays africains ont mis en orbite depuis le NileSat-101 \u00e9gyptien en 1998 s\u2019\u00e9l\u00e8ve \u00e0 69. L\u2019espace devient une fronti\u00e8re importante<\/p>\n","protected":false},"author":1,"featured_media":136098,"comment_status":"open","ping_status":"closed","sticky":false,"template":"","format":"standard","meta":{"_acf_changed":false,"_monsterinsights_skip_tracking":false,"_monsterinsights_sitenote_active":false,"_monsterinsights_sitenote_note":"","_monsterinsights_sitenote_category":0,"_uf_show_specific_survey":0,"_uf_disable_surveys":false,"footnotes":""},"categories":[331],"tags":[530,413,585],"class_list":{"0":"post-136104","1":"post","2":"type-post","3":"status-publish","4":"format-standard","5":"has-post-thumbnail","7":"category-dernieres-nouvelles","8":"tag-algerie","9":"tag-senegal-fr","10":"tag-technologie"},"acf":[],"yoast_head":"<!-- This site is optimized with the Yoast SEO plugin v27.5 - https:\/\/yoast.com\/product\/yoast-seo-wordpress\/ -->\n<title>Les pays africains contemplent un univers d\u2019opportunit\u00e9s - Africa Defense Forum<\/title>\n<meta name=\"robots\" content=\"index, follow, max-snippet:-1, max-image-preview:large, max-video-preview:-1\" \/>\n<link rel=\"canonical\" href=\"https:\/\/adf-magazine.com\/fr\/2026\/04\/les-pays-africains-contemplent-un-univers-dopportunites\/\" \/>\n<meta property=\"og:locale\" content=\"fr_FR\" \/>\n<meta property=\"og:type\" content=\"article\" \/>\n<meta property=\"og:title\" content=\"Les pays africains contemplent un univers d\u2019opportunit\u00e9s - Africa Defense Forum\" \/>\n<meta property=\"og:description\" content=\"Cette ann\u00e9e, l\u2019Alg\u00e9rie a renforc\u00e9 la pr\u00e9sence des pays africains dans l\u2019espace avec le lancement de deux satellites au cours de deux semaines en janvier. Avec ALSAT-3A et ALSAT-3B, le nombre de satellites que les pays africains ont mis en orbite depuis le NileSat-101 \u00e9gyptien en 1998 s\u2019\u00e9l\u00e8ve \u00e0 69. L\u2019espace devient une fronti\u00e8re importante\" \/>\n<meta property=\"og:url\" content=\"https:\/\/adf-magazine.com\/fr\/2026\/04\/les-pays-africains-contemplent-un-univers-dopportunites\/\" \/>\n<meta property=\"og:site_name\" content=\"Africa Defense Forum\" \/>\n<meta property=\"article:publisher\" content=\"https:\/\/www.facebook.com\/ADFmagazine\/\" \/>\n<meta property=\"article:published_time\" content=\"2026-04-28T17:27:26+00:00\" \/>\n<meta property=\"article:modified_time\" content=\"2026-04-28T17:27:49+00:00\" \/>\n<meta property=\"og:image\" content=\"https:\/\/adf-magazine.com\/wp-content\/uploads\/2026\/04\/NSAC26-1_algeria-launch.jpg\" \/>\n\t<meta property=\"og:image:width\" content=\"2048\" \/>\n\t<meta property=\"og:image:height\" content=\"1365\" \/>\n\t<meta property=\"og:image:type\" content=\"image\/jpeg\" \/>\n<meta name=\"author\" content=\"ADF\" \/>\n<meta name=\"twitter:card\" content=\"summary_large_image\" \/>\n<meta name=\"twitter:creator\" content=\"@ADFmagazine\" \/>\n<meta name=\"twitter:site\" content=\"@ADFmagazine\" \/>\n<meta name=\"twitter:label1\" content=\"\u00c9crit par\" \/>\n\t<meta name=\"twitter:data1\" content=\"ADF\" \/>\n\t<meta name=\"twitter:label2\" content=\"Dur\u00e9e de lecture estim\u00e9e\" \/>\n\t<meta name=\"twitter:data2\" content=\"4 minutes\" \/>\n<script type=\"application\/ld+json\" class=\"yoast-schema-graph\">{\"@context\":\"https:\\\/\\\/schema.org\",\"@graph\":[{\"@type\":\"Article\",\"@id\":\"https:\\\/\\\/adf-magazine.com\\\/fr\\\/2026\\\/04\\\/les-pays-africains-contemplent-un-univers-dopportunites\\\/#article\",\"isPartOf\":{\"@id\":\"https:\\\/\\\/adf-magazine.com\\\/fr\\\/2026\\\/04\\\/les-pays-africains-contemplent-un-univers-dopportunites\\\/\"},\"author\":{\"name\":\"ADF\",\"@id\":\"https:\\\/\\\/adf-magazine.com\\\/#\\\/schema\\\/person\\\/f266a6061389568b5a11465bb38bc025\"},\"headline\":\"Les pays africains contemplent un univers d\u2019opportunit\u00e9s\",\"datePublished\":\"2026-04-28T17:27:26+00:00\",\"dateModified\":\"2026-04-28T17:27:49+00:00\",\"mainEntityOfPage\":{\"@id\":\"https:\\\/\\\/adf-magazine.com\\\/fr\\\/2026\\\/04\\\/les-pays-africains-contemplent-un-univers-dopportunites\\\/\"},\"wordCount\":892,\"commentCount\":0,\"image\":{\"@id\":\"https:\\\/\\\/adf-magazine.com\\\/fr\\\/2026\\\/04\\\/les-pays-africains-contemplent-un-univers-dopportunites\\\/#primaryimage\"},\"thumbnailUrl\":\"https:\\\/\\\/adf-magazine.com\\\/wp-content\\\/uploads\\\/2026\\\/04\\\/NSAC26-1_algeria-launch.jpg\",\"keywords\":[\"Alg\u00e9rie\",\"Senegal\",\"technologie\"],\"articleSection\":[\"Actualit\u00e9s du Jour\"],\"inLanguage\":\"fr-FR\",\"potentialAction\":[{\"@type\":\"CommentAction\",\"name\":\"Comment\",\"target\":[\"https:\\\/\\\/adf-magazine.com\\\/fr\\\/2026\\\/04\\\/les-pays-africains-contemplent-un-univers-dopportunites\\\/#respond\"]}]},{\"@type\":\"WebPage\",\"@id\":\"https:\\\/\\\/adf-magazine.com\\\/fr\\\/2026\\\/04\\\/les-pays-africains-contemplent-un-univers-dopportunites\\\/\",\"url\":\"https:\\\/\\\/adf-magazine.com\\\/fr\\\/2026\\\/04\\\/les-pays-africains-contemplent-un-univers-dopportunites\\\/\",\"name\":\"Les pays africains contemplent un univers d\u2019opportunit\u00e9s - Africa Defense Forum\",\"isPartOf\":{\"@id\":\"https:\\\/\\\/adf-magazine.com\\\/#website\"},\"primaryImageOfPage\":{\"@id\":\"https:\\\/\\\/adf-magazine.com\\\/fr\\\/2026\\\/04\\\/les-pays-africains-contemplent-un-univers-dopportunites\\\/#primaryimage\"},\"image\":{\"@id\":\"https:\\\/\\\/adf-magazine.com\\\/fr\\\/2026\\\/04\\\/les-pays-africains-contemplent-un-univers-dopportunites\\\/#primaryimage\"},\"thumbnailUrl\":\"https:\\\/\\\/adf-magazine.com\\\/wp-content\\\/uploads\\\/2026\\\/04\\\/NSAC26-1_algeria-launch.jpg\",\"datePublished\":\"2026-04-28T17:27:26+00:00\",\"dateModified\":\"2026-04-28T17:27:49+00:00\",\"author\":{\"@id\":\"https:\\\/\\\/adf-magazine.com\\\/#\\\/schema\\\/person\\\/f266a6061389568b5a11465bb38bc025\"},\"breadcrumb\":{\"@id\":\"https:\\\/\\\/adf-magazine.com\\\/fr\\\/2026\\\/04\\\/les-pays-africains-contemplent-un-univers-dopportunites\\\/#breadcrumb\"},\"inLanguage\":\"fr-FR\",\"potentialAction\":[{\"@type\":\"ReadAction\",\"target\":[\"https:\\\/\\\/adf-magazine.com\\\/fr\\\/2026\\\/04\\\/les-pays-africains-contemplent-un-univers-dopportunites\\\/\"]}]},{\"@type\":\"ImageObject\",\"inLanguage\":\"fr-FR\",\"@id\":\"https:\\\/\\\/adf-magazine.com\\\/fr\\\/2026\\\/04\\\/les-pays-africains-contemplent-un-univers-dopportunites\\\/#primaryimage\",\"url\":\"https:\\\/\\\/adf-magazine.com\\\/wp-content\\\/uploads\\\/2026\\\/04\\\/NSAC26-1_algeria-launch.jpg\",\"contentUrl\":\"https:\\\/\\\/adf-magazine.com\\\/wp-content\\\/uploads\\\/2026\\\/04\\\/NSAC26-1_algeria-launch.jpg\",\"width\":2048,\"height\":1365,\"caption\":\"Le lancement par l\u2019Alg\u00e9rie de deux satellites en janvier a renforc\u00e9 la pr\u00e9sence de l\u2019Afrique dans l\u2019espace orbital de la plan\u00e8te, en am\u00e9liorant la capacit\u00e9 alg\u00e9rienne de d\u00e9veloppement des technologies qui peuvent surveiller les conditions environnementales, r\u00e9pondre aux catastrophes et planifier pour l\u2019avenir. MINIST\u00c8RE DE LA D\u00c9FENSE D\u2019ALG\u00c9RIE\"},{\"@type\":\"BreadcrumbList\",\"@id\":\"https:\\\/\\\/adf-magazine.com\\\/fr\\\/2026\\\/04\\\/les-pays-africains-contemplent-un-univers-dopportunites\\\/#breadcrumb\",\"itemListElement\":[{\"@type\":\"ListItem\",\"position\":1,\"name\":\"page d\u2019accueil\",\"item\":\"https:\\\/\\\/adf-magazine.com\\\/\"},{\"@type\":\"ListItem\",\"position\":2,\"name\":\"Les pays africains contemplent un univers d\u2019opportunit\u00e9s\"}]},{\"@type\":\"WebSite\",\"@id\":\"https:\\\/\\\/adf-magazine.com\\\/#website\",\"url\":\"https:\\\/\\\/adf-magazine.com\\\/\",\"name\":\"Africa Defense Forum\",\"description\":\"Africa Defense Forum\",\"potentialAction\":[{\"@type\":\"SearchAction\",\"target\":{\"@type\":\"EntryPoint\",\"urlTemplate\":\"https:\\\/\\\/adf-magazine.com\\\/?s={search_term_string}\"},\"query-input\":{\"@type\":\"PropertyValueSpecification\",\"valueRequired\":true,\"valueName\":\"search_term_string\"}}],\"inLanguage\":\"fr-FR\"},{\"@type\":\"Person\",\"@id\":\"https:\\\/\\\/adf-magazine.com\\\/#\\\/schema\\\/person\\\/f266a6061389568b5a11465bb38bc025\",\"name\":\"ADF\",\"image\":{\"@type\":\"ImageObject\",\"inLanguage\":\"fr-FR\",\"@id\":\"https:\\\/\\\/adf-magazine.com\\\/wp-content\\\/uploads\\\/2020\\\/05\\\/cropped-ADF_icon.jpg\",\"url\":\"https:\\\/\\\/adf-magazine.com\\\/wp-content\\\/uploads\\\/2020\\\/05\\\/cropped-ADF_icon.jpg\",\"contentUrl\":\"https:\\\/\\\/adf-magazine.com\\\/wp-content\\\/uploads\\\/2020\\\/05\\\/cropped-ADF_icon.jpg\",\"caption\":\"ADF\"},\"description\":\"ADF is a professional military magazine published quarterly by U.S. Africa Command to provide an international forum for African security professionals. ADF covers topics such as counter terrorism strategies, security and defense operations, transnational crime, and all other issues affecting peace, stability, and good governance on the African continent.\",\"sameAs\":[\"https:\\\/\\\/x.com\\\/ADFmagazine\"],\"url\":\"https:\\\/\\\/adf-magazine.com\\\/fr\\\/author\\\/adf\\\/\"}]}<\/script>\n<!-- \/ Yoast SEO plugin. -->","yoast_head_json":{"title":"Les pays africains contemplent un univers d\u2019opportunit\u00e9s - Africa Defense Forum","robots":{"index":"index","follow":"follow","max-snippet":"max-snippet:-1","max-image-preview":"max-image-preview:large","max-video-preview":"max-video-preview:-1"},"canonical":"https:\/\/adf-magazine.com\/fr\/2026\/04\/les-pays-africains-contemplent-un-univers-dopportunites\/","og_locale":"fr_FR","og_type":"article","og_title":"Les pays africains contemplent un univers d\u2019opportunit\u00e9s - Africa Defense Forum","og_description":"Cette ann\u00e9e, l\u2019Alg\u00e9rie a renforc\u00e9 la pr\u00e9sence des pays africains dans l\u2019espace avec le lancement de deux satellites au cours de deux semaines en janvier. Avec ALSAT-3A et ALSAT-3B, le nombre de satellites que les pays africains ont mis en orbite depuis le NileSat-101 \u00e9gyptien en 1998 s\u2019\u00e9l\u00e8ve \u00e0 69. L\u2019espace devient une fronti\u00e8re importante","og_url":"https:\/\/adf-magazine.com\/fr\/2026\/04\/les-pays-africains-contemplent-un-univers-dopportunites\/","og_site_name":"Africa Defense Forum","article_publisher":"https:\/\/www.facebook.com\/ADFmagazine\/","article_published_time":"2026-04-28T17:27:26+00:00","article_modified_time":"2026-04-28T17:27:49+00:00","og_image":[{"width":2048,"height":1365,"url":"https:\/\/adf-magazine.com\/wp-content\/uploads\/2026\/04\/NSAC26-1_algeria-launch.jpg","type":"image\/jpeg"}],"author":"ADF","twitter_card":"summary_large_image","twitter_creator":"@ADFmagazine","twitter_site":"@ADFmagazine","twitter_misc":{"\u00c9crit par":"ADF","Dur\u00e9e de lecture estim\u00e9e":"4 minutes"},"schema":{"@context":"https:\/\/schema.org","@graph":[{"@type":"Article","@id":"https:\/\/adf-magazine.com\/fr\/2026\/04\/les-pays-africains-contemplent-un-univers-dopportunites\/#article","isPartOf":{"@id":"https:\/\/adf-magazine.com\/fr\/2026\/04\/les-pays-africains-contemplent-un-univers-dopportunites\/"},"author":{"name":"ADF","@id":"https:\/\/adf-magazine.com\/#\/schema\/person\/f266a6061389568b5a11465bb38bc025"},"headline":"Les pays africains contemplent un univers d\u2019opportunit\u00e9s","datePublished":"2026-04-28T17:27:26+00:00","dateModified":"2026-04-28T17:27:49+00:00","mainEntityOfPage":{"@id":"https:\/\/adf-magazine.com\/fr\/2026\/04\/les-pays-africains-contemplent-un-univers-dopportunites\/"},"wordCount":892,"commentCount":0,"image":{"@id":"https:\/\/adf-magazine.com\/fr\/2026\/04\/les-pays-africains-contemplent-un-univers-dopportunites\/#primaryimage"},"thumbnailUrl":"https:\/\/adf-magazine.com\/wp-content\/uploads\/2026\/04\/NSAC26-1_algeria-launch.jpg","keywords":["Alg\u00e9rie","Senegal","technologie"],"articleSection":["Actualit\u00e9s du Jour"],"inLanguage":"fr-FR","potentialAction":[{"@type":"CommentAction","name":"Comment","target":["https:\/\/adf-magazine.com\/fr\/2026\/04\/les-pays-africains-contemplent-un-univers-dopportunites\/#respond"]}]},{"@type":"WebPage","@id":"https:\/\/adf-magazine.com\/fr\/2026\/04\/les-pays-africains-contemplent-un-univers-dopportunites\/","url":"https:\/\/adf-magazine.com\/fr\/2026\/04\/les-pays-africains-contemplent-un-univers-dopportunites\/","name":"Les pays africains contemplent un univers d\u2019opportunit\u00e9s - Africa Defense Forum","isPartOf":{"@id":"https:\/\/adf-magazine.com\/#website"},"primaryImageOfPage":{"@id":"https:\/\/adf-magazine.com\/fr\/2026\/04\/les-pays-africains-contemplent-un-univers-dopportunites\/#primaryimage"},"image":{"@id":"https:\/\/adf-magazine.com\/fr\/2026\/04\/les-pays-africains-contemplent-un-univers-dopportunites\/#primaryimage"},"thumbnailUrl":"https:\/\/adf-magazine.com\/wp-content\/uploads\/2026\/04\/NSAC26-1_algeria-launch.jpg","datePublished":"2026-04-28T17:27:26+00:00","dateModified":"2026-04-28T17:27:49+00:00","author":{"@id":"https:\/\/adf-magazine.com\/#\/schema\/person\/f266a6061389568b5a11465bb38bc025"},"breadcrumb":{"@id":"https:\/\/adf-magazine.com\/fr\/2026\/04\/les-pays-africains-contemplent-un-univers-dopportunites\/#breadcrumb"},"inLanguage":"fr-FR","potentialAction":[{"@type":"ReadAction","target":["https:\/\/adf-magazine.com\/fr\/2026\/04\/les-pays-africains-contemplent-un-univers-dopportunites\/"]}]},{"@type":"ImageObject","inLanguage":"fr-FR","@id":"https:\/\/adf-magazine.com\/fr\/2026\/04\/les-pays-africains-contemplent-un-univers-dopportunites\/#primaryimage","url":"https:\/\/adf-magazine.com\/wp-content\/uploads\/2026\/04\/NSAC26-1_algeria-launch.jpg","contentUrl":"https:\/\/adf-magazine.com\/wp-content\/uploads\/2026\/04\/NSAC26-1_algeria-launch.jpg","width":2048,"height":1365,"caption":"Le lancement par l\u2019Alg\u00e9rie de deux satellites en janvier a renforc\u00e9 la pr\u00e9sence de l\u2019Afrique dans l\u2019espace orbital de la plan\u00e8te, en am\u00e9liorant la capacit\u00e9 alg\u00e9rienne de d\u00e9veloppement des technologies qui peuvent surveiller les conditions environnementales, r\u00e9pondre aux catastrophes et planifier pour l\u2019avenir. MINIST\u00c8RE DE LA D\u00c9FENSE D\u2019ALG\u00c9RIE"},{"@type":"BreadcrumbList","@id":"https:\/\/adf-magazine.com\/fr\/2026\/04\/les-pays-africains-contemplent-un-univers-dopportunites\/#breadcrumb","itemListElement":[{"@type":"ListItem","position":1,"name":"page d\u2019accueil","item":"https:\/\/adf-magazine.com\/"},{"@type":"ListItem","position":2,"name":"Les pays africains contemplent un univers d\u2019opportunit\u00e9s"}]},{"@type":"WebSite","@id":"https:\/\/adf-magazine.com\/#website","url":"https:\/\/adf-magazine.com\/","name":"Africa Defense Forum","description":"Africa Defense Forum","potentialAction":[{"@type":"SearchAction","target":{"@type":"EntryPoint","urlTemplate":"https:\/\/adf-magazine.com\/?s={search_term_string}"},"query-input":{"@type":"PropertyValueSpecification","valueRequired":true,"valueName":"search_term_string"}}],"inLanguage":"fr-FR"},{"@type":"Person","@id":"https:\/\/adf-magazine.com\/#\/schema\/person\/f266a6061389568b5a11465bb38bc025","name":"ADF","image":{"@type":"ImageObject","inLanguage":"fr-FR","@id":"https:\/\/adf-magazine.com\/wp-content\/uploads\/2020\/05\/cropped-ADF_icon.jpg","url":"https:\/\/adf-magazine.com\/wp-content\/uploads\/2020\/05\/cropped-ADF_icon.jpg","contentUrl":"https:\/\/adf-magazine.com\/wp-content\/uploads\/2020\/05\/cropped-ADF_icon.jpg","caption":"ADF"},"description":"ADF is a professional military magazine published quarterly by U.S. Africa Command to provide an international forum for African security professionals. ADF covers topics such as counter terrorism strategies, security and defense operations, transnational crime, and all other issues affecting peace, stability, and good governance on the African continent.","sameAs":["https:\/\/x.com\/ADFmagazine"],"url":"https:\/\/adf-magazine.com\/fr\/author\/adf\/"}]}},"_links":{"self":[{"href":"https:\/\/adf-magazine.com\/fr\/wp-json\/wp\/v2\/posts\/136104","targetHints":{"allow":["GET"]}}],"collection":[{"href":"https:\/\/adf-magazine.com\/fr\/wp-json\/wp\/v2\/posts"}],"about":[{"href":"https:\/\/adf-magazine.com\/fr\/wp-json\/wp\/v2\/types\/post"}],"author":[{"embeddable":true,"href":"https:\/\/adf-magazine.com\/fr\/wp-json\/wp\/v2\/users\/1"}],"replies":[{"embeddable":true,"href":"https:\/\/adf-magazine.com\/fr\/wp-json\/wp\/v2\/comments?post=136104"}],"version-history":[{"count":1,"href":"https:\/\/adf-magazine.com\/fr\/wp-json\/wp\/v2\/posts\/136104\/revisions"}],"predecessor-version":[{"id":136105,"href":"https:\/\/adf-magazine.com\/fr\/wp-json\/wp\/v2\/posts\/136104\/revisions\/136105"}],"wp:featuredmedia":[{"embeddable":true,"href":"https:\/\/adf-magazine.com\/fr\/wp-json\/wp\/v2\/media\/136098"}],"wp:attachment":[{"href":"https:\/\/adf-magazine.com\/fr\/wp-json\/wp\/v2\/media?parent=136104"}],"wp:term":[{"taxonomy":"category","embeddable":true,"href":"https:\/\/adf-magazine.com\/fr\/wp-json\/wp\/v2\/categories?post=136104"},{"taxonomy":"post_tag","embeddable":true,"href":"https:\/\/adf-magazine.com\/fr\/wp-json\/wp\/v2\/tags?post=136104"}],"curies":[{"name":"wp","href":"https:\/\/api.w.org\/{rel}","templated":true}]}}