{"id":134802,"date":"2026-02-20T11:20:53","date_gmt":"2026-02-20T16:20:53","guid":{"rendered":"https:\/\/adf-magazine.com\/?p=134802"},"modified":"2026-02-23T10:03:54","modified_gmt":"2026-02-23T15:03:54","slug":"les-soldats-nigerians-tuent-deux-chefs-de-haut-rang-de-la-paoei","status":"publish","type":"post","link":"https:\/\/adf-magazine.com\/fr\/2026\/02\/les-soldats-nigerians-tuent-deux-chefs-de-haut-rang-de-la-paoei\/","title":{"rendered":"Les Soldats Nig\u00e9rians Tuent Deux Chefs De Haut Rang De La Paoei"},"content":{"rendered":"<p>Les soldats nig\u00e9rians ont tu\u00e9 deux chefs de haut rang de la Province d\u2019Afrique de l\u2019Ouest de l\u2019\u00c9tat islamique (PAOEI) au cours de deux semaines en mai et juin 2025, dans le cadre de l\u2019op\u00e9ration militaire Hadin Kai en cours.<span class=\"Apple-converted-space\">\u00a0<\/span><\/p>\n<p>Le 30 mai 2025, des responsables de l\u2019arm\u00e9e ont confirm\u00e9 le d\u00e9c\u00e8s d\u2019Amir Abu Fatima, l\u2019un des terroristes les plus recherch\u00e9s du Nigeria. Les soldats l\u2019ont tu\u00e9 avec deux de ses principaux lieutenants dans le village d\u2019Aleru, \u00c9tat de Borno, selon Premium Times. Les autorit\u00e9s d\u00e9clarent qu\u2019il avait \u00e9t\u00e9 captur\u00e9 vivant mais qu\u2019il est mort peu apr\u00e8s \u00e0 cause des blessures qu\u2019il avait re\u00e7u \u00e0 la suite d\u2019une fusillade. On pense qu\u2019il avait coordonn\u00e9 les attaques de la PAOEI au Nord de Borno.<span class=\"Apple-converted-space\">\u00a0<\/span><\/p>\n<p>Les forces nig\u00e9rianes ont r\u00e9cup\u00e9r\u00e9 des fusils AK-47, des chargeurs, des munitions et des \u00e9quipements pour fabriquer des engins explosifs improvis\u00e9s, sans subir aucune perte, selon un rapport de l\u2019arm\u00e9e. <span class=\"Apple-converted-space\">\u00a0<\/span><\/p>\n<p>Le 9 juin, les forces de l\u2019op\u00e9ration Hadin Kai ont lanc\u00e9 une op\u00e9ration coordonn\u00e9e, a\u00e9rienne et terrestre, dans la Zone de gouvernement local de Gujba, \u00c9tat de Borno. L\u2019op\u00e9ration a tu\u00e9 le chef Malam Jidda, commandant [ameer] de la PAOEI, et plusieurs dizaines de combattants, selon un reportage de Premium Times. <span class=\"Apple-converted-space\">\u00a0<\/span><\/p>\n<p>\u00ab\u202fMalam Jidda, identifi\u00e9 comme l\u2019ameer des villages de Ngorgore et Malumti, a trouv\u00e9 la mort pendant un engagement acharn\u00e9 avec les soldats, qui ont vaincu les terroristes avec une puissance de feu sup\u00e9rieure\u202f\u00bb, selon une d\u00e9claration de Reuben Kovangiya, sous-directeur int\u00e9rimaire des relations publiques de l\u2019Arm\u00e9e de terre au commandement du quartier g\u00e9n\u00e9ral de th\u00e9\u00e2tre.<span class=\"Apple-converted-space\">\u00a0<\/span><\/p>\n<p>Selon la d\u00e9claration, certains terroristes bless\u00e9s par balle se sont \u00e9chapp\u00e9s et d\u2019autres ont \u00e9t\u00e9 neutralis\u00e9s lorsque les soldats ont tendu une embuscade pendant une op\u00e9ration de suivi dans le triangle de Tombouctou, selon le reportage de Premium Times.<span class=\"Apple-converted-space\">\u00a0<\/span><\/p>\n<p>L\u2019op\u00e9ration Hadin Kai est un effort de contre-terrorisme en cours au Nigeria. Elle a commenc\u00e9 en avril 2021, pour remplacer l\u2019op\u00e9ration Lafiya Dole qui avait dur\u00e9 six ans.<span class=\"Apple-converted-space\">\u00a0<\/span><\/p>\n","protected":false},"excerpt":{"rendered":"<p>Les soldats nig\u00e9rians ont tu\u00e9 deux chefs de haut rang de la Province d\u2019Afrique de l\u2019Ouest de l\u2019\u00c9tat islamique (PAOEI) au cours de deux semaines en mai et juin 2025, dans le cadre de l\u2019op\u00e9ration militaire Hadin Kai en cours.\u00a0 Le 30 mai 2025, des responsables de l\u2019arm\u00e9e ont confirm\u00e9 le d\u00e9c\u00e8s d\u2019Amir Abu Fatima,<\/p>\n","protected":false},"author":1,"featured_media":133690,"comment_status":"open","ping_status":"closed","sticky":false,"template":"","format":"standard","meta":{"_acf_changed":false,"_monsterinsights_skip_tracking":false,"_monsterinsights_sitenote_active":false,"_monsterinsights_sitenote_note":"","_monsterinsights_sitenote_category":0,"_uf_show_specific_survey":0,"_uf_disable_surveys":false,"footnotes":""},"categories":[60,40],"tags":[],"class_list":{"0":"post-134802","1":"post","2":"type-post","3":"status-publish","4":"format-standard","5":"has-post-thumbnail","7":"category-l-afrique-aujourdhui","8":"category-rubriques"},"acf":[],"yoast_head":"<!-- This site is optimized with the Yoast SEO plugin v27.4 - https:\/\/yoast.com\/product\/yoast-seo-wordpress\/ -->\n<title>Les Soldats Nig\u00e9rians Tuent Deux Chefs De Haut Rang De La Paoei - Africa Defense Forum<\/title>\n<meta name=\"robots\" content=\"index, follow, max-snippet:-1, max-image-preview:large, max-video-preview:-1\" \/>\n<link rel=\"canonical\" href=\"https:\/\/adf-magazine.com\/fr\/2026\/02\/les-soldats-nigerians-tuent-deux-chefs-de-haut-rang-de-la-paoei\/\" \/>\n<meta property=\"og:locale\" content=\"fr_FR\" \/>\n<meta property=\"og:type\" content=\"article\" \/>\n<meta property=\"og:title\" content=\"Les Soldats Nig\u00e9rians Tuent Deux Chefs De Haut Rang De La Paoei - Africa Defense Forum\" \/>\n<meta property=\"og:description\" content=\"Les soldats nig\u00e9rians ont tu\u00e9 deux chefs de haut rang de la Province d\u2019Afrique de l\u2019Ouest de l\u2019\u00c9tat islamique (PAOEI) au cours de deux semaines en mai et juin 2025, dans le cadre de l\u2019op\u00e9ration militaire Hadin Kai en cours.\u00a0 Le 30 mai 2025, des responsables de l\u2019arm\u00e9e ont confirm\u00e9 le d\u00e9c\u00e8s d\u2019Amir Abu Fatima,\" \/>\n<meta property=\"og:url\" content=\"https:\/\/adf-magazine.com\/fr\/2026\/02\/les-soldats-nigerians-tuent-deux-chefs-de-haut-rang-de-la-paoei\/\" \/>\n<meta property=\"og:site_name\" content=\"Africa Defense Forum\" \/>\n<meta property=\"article:publisher\" content=\"https:\/\/www.facebook.com\/ADFmagazine\/\" \/>\n<meta property=\"article:published_time\" content=\"2026-02-20T16:20:53+00:00\" \/>\n<meta property=\"article:modified_time\" content=\"2026-02-23T15:03:54+00:00\" \/>\n<meta property=\"og:image\" content=\"https:\/\/adf-magazine.com\/wp-content\/uploads\/2026\/02\/GettyImages-1841162665.jpg\" \/>\n\t<meta property=\"og:image:width\" content=\"1080\" \/>\n\t<meta property=\"og:image:height\" content=\"720\" \/>\n\t<meta property=\"og:image:type\" content=\"image\/jpeg\" \/>\n<meta name=\"author\" content=\"ADF\" \/>\n<meta name=\"twitter:card\" content=\"summary_large_image\" \/>\n<meta name=\"twitter:creator\" content=\"@ADFmagazine\" \/>\n<meta name=\"twitter:site\" content=\"@ADFmagazine\" \/>\n<meta name=\"twitter:label1\" content=\"\u00c9crit par\" \/>\n\t<meta name=\"twitter:data1\" content=\"ADF\" \/>\n\t<meta name=\"twitter:label2\" content=\"Dur\u00e9e de lecture estim\u00e9e\" \/>\n\t<meta name=\"twitter:data2\" content=\"2 minutes\" \/>\n<script type=\"application\/ld+json\" class=\"yoast-schema-graph\">{\"@context\":\"https:\\\/\\\/schema.org\",\"@graph\":[{\"@type\":\"Article\",\"@id\":\"https:\\\/\\\/adf-magazine.com\\\/fr\\\/2026\\\/02\\\/les-soldats-nigerians-tuent-deux-chefs-de-haut-rang-de-la-paoei\\\/#article\",\"isPartOf\":{\"@id\":\"https:\\\/\\\/adf-magazine.com\\\/fr\\\/2026\\\/02\\\/les-soldats-nigerians-tuent-deux-chefs-de-haut-rang-de-la-paoei\\\/\"},\"author\":{\"name\":\"ADF\",\"@id\":\"https:\\\/\\\/adf-magazine.com\\\/#\\\/schema\\\/person\\\/f266a6061389568b5a11465bb38bc025\"},\"headline\":\"Les Soldats Nig\u00e9rians Tuent Deux Chefs De Haut Rang De La Paoei\",\"datePublished\":\"2026-02-20T16:20:53+00:00\",\"dateModified\":\"2026-02-23T15:03:54+00:00\",\"mainEntityOfPage\":{\"@id\":\"https:\\\/\\\/adf-magazine.com\\\/fr\\\/2026\\\/02\\\/les-soldats-nigerians-tuent-deux-chefs-de-haut-rang-de-la-paoei\\\/\"},\"wordCount\":388,\"commentCount\":0,\"image\":{\"@id\":\"https:\\\/\\\/adf-magazine.com\\\/fr\\\/2026\\\/02\\\/les-soldats-nigerians-tuent-deux-chefs-de-haut-rang-de-la-paoei\\\/#primaryimage\"},\"thumbnailUrl\":\"https:\\\/\\\/adf-magazine.com\\\/wp-content\\\/uploads\\\/2026\\\/02\\\/GettyImages-1841162665.jpg\",\"articleSection\":[\"L\u2019Afrique aujourd\u2019hui\",\"rubriques\"],\"inLanguage\":\"fr-FR\",\"potentialAction\":[{\"@type\":\"CommentAction\",\"name\":\"Comment\",\"target\":[\"https:\\\/\\\/adf-magazine.com\\\/fr\\\/2026\\\/02\\\/les-soldats-nigerians-tuent-deux-chefs-de-haut-rang-de-la-paoei\\\/#respond\"]}]},{\"@type\":\"WebPage\",\"@id\":\"https:\\\/\\\/adf-magazine.com\\\/fr\\\/2026\\\/02\\\/les-soldats-nigerians-tuent-deux-chefs-de-haut-rang-de-la-paoei\\\/\",\"url\":\"https:\\\/\\\/adf-magazine.com\\\/fr\\\/2026\\\/02\\\/les-soldats-nigerians-tuent-deux-chefs-de-haut-rang-de-la-paoei\\\/\",\"name\":\"Les Soldats Nig\u00e9rians Tuent Deux Chefs De Haut Rang De La Paoei - Africa Defense Forum\",\"isPartOf\":{\"@id\":\"https:\\\/\\\/adf-magazine.com\\\/#website\"},\"primaryImageOfPage\":{\"@id\":\"https:\\\/\\\/adf-magazine.com\\\/fr\\\/2026\\\/02\\\/les-soldats-nigerians-tuent-deux-chefs-de-haut-rang-de-la-paoei\\\/#primaryimage\"},\"image\":{\"@id\":\"https:\\\/\\\/adf-magazine.com\\\/fr\\\/2026\\\/02\\\/les-soldats-nigerians-tuent-deux-chefs-de-haut-rang-de-la-paoei\\\/#primaryimage\"},\"thumbnailUrl\":\"https:\\\/\\\/adf-magazine.com\\\/wp-content\\\/uploads\\\/2026\\\/02\\\/GettyImages-1841162665.jpg\",\"datePublished\":\"2026-02-20T16:20:53+00:00\",\"dateModified\":\"2026-02-23T15:03:54+00:00\",\"author\":{\"@id\":\"https:\\\/\\\/adf-magazine.com\\\/#\\\/schema\\\/person\\\/f266a6061389568b5a11465bb38bc025\"},\"breadcrumb\":{\"@id\":\"https:\\\/\\\/adf-magazine.com\\\/fr\\\/2026\\\/02\\\/les-soldats-nigerians-tuent-deux-chefs-de-haut-rang-de-la-paoei\\\/#breadcrumb\"},\"inLanguage\":\"fr-FR\",\"potentialAction\":[{\"@type\":\"ReadAction\",\"target\":[\"https:\\\/\\\/adf-magazine.com\\\/fr\\\/2026\\\/02\\\/les-soldats-nigerians-tuent-deux-chefs-de-haut-rang-de-la-paoei\\\/\"]}]},{\"@type\":\"ImageObject\",\"inLanguage\":\"fr-FR\",\"@id\":\"https:\\\/\\\/adf-magazine.com\\\/fr\\\/2026\\\/02\\\/les-soldats-nigerians-tuent-deux-chefs-de-haut-rang-de-la-paoei\\\/#primaryimage\",\"url\":\"https:\\\/\\\/adf-magazine.com\\\/wp-content\\\/uploads\\\/2026\\\/02\\\/GettyImages-1841162665.jpg\",\"contentUrl\":\"https:\\\/\\\/adf-magazine.com\\\/wp-content\\\/uploads\\\/2026\\\/02\\\/GettyImages-1841162665.jpg\",\"width\":1080,\"height\":720,\"caption\":\"Les soldats nig\u00e9rians affect\u00e9s \u00e0 l\u2019op\u00e9ration Hadin Kai attendent la visite du pr\u00e9sident Bola Tinubu \u00e0 Maiduguri en 2023. afp\\\/getty images\"},{\"@type\":\"BreadcrumbList\",\"@id\":\"https:\\\/\\\/adf-magazine.com\\\/fr\\\/2026\\\/02\\\/les-soldats-nigerians-tuent-deux-chefs-de-haut-rang-de-la-paoei\\\/#breadcrumb\",\"itemListElement\":[{\"@type\":\"ListItem\",\"position\":1,\"name\":\"page d\u2019accueil\",\"item\":\"https:\\\/\\\/adf-magazine.com\\\/\"},{\"@type\":\"ListItem\",\"position\":2,\"name\":\"Les Soldats Nig\u00e9rians Tuent Deux Chefs De Haut Rang De La Paoei\"}]},{\"@type\":\"WebSite\",\"@id\":\"https:\\\/\\\/adf-magazine.com\\\/#website\",\"url\":\"https:\\\/\\\/adf-magazine.com\\\/\",\"name\":\"Africa Defense Forum\",\"description\":\"Africa Defense Forum\",\"potentialAction\":[{\"@type\":\"SearchAction\",\"target\":{\"@type\":\"EntryPoint\",\"urlTemplate\":\"https:\\\/\\\/adf-magazine.com\\\/?s={search_term_string}\"},\"query-input\":{\"@type\":\"PropertyValueSpecification\",\"valueRequired\":true,\"valueName\":\"search_term_string\"}}],\"inLanguage\":\"fr-FR\"},{\"@type\":\"Person\",\"@id\":\"https:\\\/\\\/adf-magazine.com\\\/#\\\/schema\\\/person\\\/f266a6061389568b5a11465bb38bc025\",\"name\":\"ADF\",\"image\":{\"@type\":\"ImageObject\",\"inLanguage\":\"fr-FR\",\"@id\":\"https:\\\/\\\/adf-magazine.com\\\/wp-content\\\/uploads\\\/2020\\\/05\\\/cropped-ADF_icon.jpg\",\"url\":\"https:\\\/\\\/adf-magazine.com\\\/wp-content\\\/uploads\\\/2020\\\/05\\\/cropped-ADF_icon.jpg\",\"contentUrl\":\"https:\\\/\\\/adf-magazine.com\\\/wp-content\\\/uploads\\\/2020\\\/05\\\/cropped-ADF_icon.jpg\",\"caption\":\"ADF\"},\"description\":\"ADF is a professional military magazine published quarterly by U.S. Africa Command to provide an international forum for African security professionals. ADF covers topics such as counter terrorism strategies, security and defense operations, transnational crime, and all other issues affecting peace, stability, and good governance on the African continent.\",\"sameAs\":[\"https:\\\/\\\/x.com\\\/ADFmagazine\"],\"url\":\"https:\\\/\\\/adf-magazine.com\\\/fr\\\/author\\\/adf\\\/\"}]}<\/script>\n<!-- \/ Yoast SEO plugin. -->","yoast_head_json":{"title":"Les Soldats Nig\u00e9rians Tuent Deux Chefs De Haut Rang De La Paoei - Africa Defense Forum","robots":{"index":"index","follow":"follow","max-snippet":"max-snippet:-1","max-image-preview":"max-image-preview:large","max-video-preview":"max-video-preview:-1"},"canonical":"https:\/\/adf-magazine.com\/fr\/2026\/02\/les-soldats-nigerians-tuent-deux-chefs-de-haut-rang-de-la-paoei\/","og_locale":"fr_FR","og_type":"article","og_title":"Les Soldats Nig\u00e9rians Tuent Deux Chefs De Haut Rang De La Paoei - Africa Defense Forum","og_description":"Les soldats nig\u00e9rians ont tu\u00e9 deux chefs de haut rang de la Province d\u2019Afrique de l\u2019Ouest de l\u2019\u00c9tat islamique (PAOEI) au cours de deux semaines en mai et juin 2025, dans le cadre de l\u2019op\u00e9ration militaire Hadin Kai en cours.\u00a0 Le 30 mai 2025, des responsables de l\u2019arm\u00e9e ont confirm\u00e9 le d\u00e9c\u00e8s d\u2019Amir Abu Fatima,","og_url":"https:\/\/adf-magazine.com\/fr\/2026\/02\/les-soldats-nigerians-tuent-deux-chefs-de-haut-rang-de-la-paoei\/","og_site_name":"Africa Defense Forum","article_publisher":"https:\/\/www.facebook.com\/ADFmagazine\/","article_published_time":"2026-02-20T16:20:53+00:00","article_modified_time":"2026-02-23T15:03:54+00:00","og_image":[{"width":1080,"height":720,"url":"https:\/\/adf-magazine.com\/wp-content\/uploads\/2026\/02\/GettyImages-1841162665.jpg","type":"image\/jpeg"}],"author":"ADF","twitter_card":"summary_large_image","twitter_creator":"@ADFmagazine","twitter_site":"@ADFmagazine","twitter_misc":{"\u00c9crit par":"ADF","Dur\u00e9e de lecture estim\u00e9e":"2 minutes"},"schema":{"@context":"https:\/\/schema.org","@graph":[{"@type":"Article","@id":"https:\/\/adf-magazine.com\/fr\/2026\/02\/les-soldats-nigerians-tuent-deux-chefs-de-haut-rang-de-la-paoei\/#article","isPartOf":{"@id":"https:\/\/adf-magazine.com\/fr\/2026\/02\/les-soldats-nigerians-tuent-deux-chefs-de-haut-rang-de-la-paoei\/"},"author":{"name":"ADF","@id":"https:\/\/adf-magazine.com\/#\/schema\/person\/f266a6061389568b5a11465bb38bc025"},"headline":"Les Soldats Nig\u00e9rians Tuent Deux Chefs De Haut Rang De La Paoei","datePublished":"2026-02-20T16:20:53+00:00","dateModified":"2026-02-23T15:03:54+00:00","mainEntityOfPage":{"@id":"https:\/\/adf-magazine.com\/fr\/2026\/02\/les-soldats-nigerians-tuent-deux-chefs-de-haut-rang-de-la-paoei\/"},"wordCount":388,"commentCount":0,"image":{"@id":"https:\/\/adf-magazine.com\/fr\/2026\/02\/les-soldats-nigerians-tuent-deux-chefs-de-haut-rang-de-la-paoei\/#primaryimage"},"thumbnailUrl":"https:\/\/adf-magazine.com\/wp-content\/uploads\/2026\/02\/GettyImages-1841162665.jpg","articleSection":["L\u2019Afrique aujourd\u2019hui","rubriques"],"inLanguage":"fr-FR","potentialAction":[{"@type":"CommentAction","name":"Comment","target":["https:\/\/adf-magazine.com\/fr\/2026\/02\/les-soldats-nigerians-tuent-deux-chefs-de-haut-rang-de-la-paoei\/#respond"]}]},{"@type":"WebPage","@id":"https:\/\/adf-magazine.com\/fr\/2026\/02\/les-soldats-nigerians-tuent-deux-chefs-de-haut-rang-de-la-paoei\/","url":"https:\/\/adf-magazine.com\/fr\/2026\/02\/les-soldats-nigerians-tuent-deux-chefs-de-haut-rang-de-la-paoei\/","name":"Les Soldats Nig\u00e9rians Tuent Deux Chefs De Haut Rang De La Paoei - Africa Defense Forum","isPartOf":{"@id":"https:\/\/adf-magazine.com\/#website"},"primaryImageOfPage":{"@id":"https:\/\/adf-magazine.com\/fr\/2026\/02\/les-soldats-nigerians-tuent-deux-chefs-de-haut-rang-de-la-paoei\/#primaryimage"},"image":{"@id":"https:\/\/adf-magazine.com\/fr\/2026\/02\/les-soldats-nigerians-tuent-deux-chefs-de-haut-rang-de-la-paoei\/#primaryimage"},"thumbnailUrl":"https:\/\/adf-magazine.com\/wp-content\/uploads\/2026\/02\/GettyImages-1841162665.jpg","datePublished":"2026-02-20T16:20:53+00:00","dateModified":"2026-02-23T15:03:54+00:00","author":{"@id":"https:\/\/adf-magazine.com\/#\/schema\/person\/f266a6061389568b5a11465bb38bc025"},"breadcrumb":{"@id":"https:\/\/adf-magazine.com\/fr\/2026\/02\/les-soldats-nigerians-tuent-deux-chefs-de-haut-rang-de-la-paoei\/#breadcrumb"},"inLanguage":"fr-FR","potentialAction":[{"@type":"ReadAction","target":["https:\/\/adf-magazine.com\/fr\/2026\/02\/les-soldats-nigerians-tuent-deux-chefs-de-haut-rang-de-la-paoei\/"]}]},{"@type":"ImageObject","inLanguage":"fr-FR","@id":"https:\/\/adf-magazine.com\/fr\/2026\/02\/les-soldats-nigerians-tuent-deux-chefs-de-haut-rang-de-la-paoei\/#primaryimage","url":"https:\/\/adf-magazine.com\/wp-content\/uploads\/2026\/02\/GettyImages-1841162665.jpg","contentUrl":"https:\/\/adf-magazine.com\/wp-content\/uploads\/2026\/02\/GettyImages-1841162665.jpg","width":1080,"height":720,"caption":"Les soldats nig\u00e9rians affect\u00e9s \u00e0 l\u2019op\u00e9ration Hadin Kai attendent la visite du pr\u00e9sident Bola Tinubu \u00e0 Maiduguri en 2023. afp\/getty images"},{"@type":"BreadcrumbList","@id":"https:\/\/adf-magazine.com\/fr\/2026\/02\/les-soldats-nigerians-tuent-deux-chefs-de-haut-rang-de-la-paoei\/#breadcrumb","itemListElement":[{"@type":"ListItem","position":1,"name":"page d\u2019accueil","item":"https:\/\/adf-magazine.com\/"},{"@type":"ListItem","position":2,"name":"Les Soldats Nig\u00e9rians Tuent Deux Chefs De Haut Rang De La Paoei"}]},{"@type":"WebSite","@id":"https:\/\/adf-magazine.com\/#website","url":"https:\/\/adf-magazine.com\/","name":"Africa Defense Forum","description":"Africa Defense Forum","potentialAction":[{"@type":"SearchAction","target":{"@type":"EntryPoint","urlTemplate":"https:\/\/adf-magazine.com\/?s={search_term_string}"},"query-input":{"@type":"PropertyValueSpecification","valueRequired":true,"valueName":"search_term_string"}}],"inLanguage":"fr-FR"},{"@type":"Person","@id":"https:\/\/adf-magazine.com\/#\/schema\/person\/f266a6061389568b5a11465bb38bc025","name":"ADF","image":{"@type":"ImageObject","inLanguage":"fr-FR","@id":"https:\/\/adf-magazine.com\/wp-content\/uploads\/2020\/05\/cropped-ADF_icon.jpg","url":"https:\/\/adf-magazine.com\/wp-content\/uploads\/2020\/05\/cropped-ADF_icon.jpg","contentUrl":"https:\/\/adf-magazine.com\/wp-content\/uploads\/2020\/05\/cropped-ADF_icon.jpg","caption":"ADF"},"description":"ADF is a professional military magazine published quarterly by U.S. Africa Command to provide an international forum for African security professionals. ADF covers topics such as counter terrorism strategies, security and defense operations, transnational crime, and all other issues affecting peace, stability, and good governance on the African continent.","sameAs":["https:\/\/x.com\/ADFmagazine"],"url":"https:\/\/adf-magazine.com\/fr\/author\/adf\/"}]}},"_links":{"self":[{"href":"https:\/\/adf-magazine.com\/fr\/wp-json\/wp\/v2\/posts\/134802","targetHints":{"allow":["GET"]}}],"collection":[{"href":"https:\/\/adf-magazine.com\/fr\/wp-json\/wp\/v2\/posts"}],"about":[{"href":"https:\/\/adf-magazine.com\/fr\/wp-json\/wp\/v2\/types\/post"}],"author":[{"embeddable":true,"href":"https:\/\/adf-magazine.com\/fr\/wp-json\/wp\/v2\/users\/1"}],"replies":[{"embeddable":true,"href":"https:\/\/adf-magazine.com\/fr\/wp-json\/wp\/v2\/comments?post=134802"}],"version-history":[{"count":1,"href":"https:\/\/adf-magazine.com\/fr\/wp-json\/wp\/v2\/posts\/134802\/revisions"}],"predecessor-version":[{"id":134803,"href":"https:\/\/adf-magazine.com\/fr\/wp-json\/wp\/v2\/posts\/134802\/revisions\/134803"}],"wp:featuredmedia":[{"embeddable":true,"href":"https:\/\/adf-magazine.com\/fr\/wp-json\/wp\/v2\/media\/133690"}],"wp:attachment":[{"href":"https:\/\/adf-magazine.com\/fr\/wp-json\/wp\/v2\/media?parent=134802"}],"wp:term":[{"taxonomy":"category","embeddable":true,"href":"https:\/\/adf-magazine.com\/fr\/wp-json\/wp\/v2\/categories?post=134802"},{"taxonomy":"post_tag","embeddable":true,"href":"https:\/\/adf-magazine.com\/fr\/wp-json\/wp\/v2\/tags?post=134802"}],"curies":[{"name":"wp","href":"https:\/\/api.w.org\/{rel}","templated":true}]}}