{"id":134058,"date":"2026-02-04T12:25:32","date_gmt":"2026-02-04T17:25:32","guid":{"rendered":"https:\/\/adf-magazine.com\/?p=134058"},"modified":"2026-02-23T10:06:31","modified_gmt":"2026-02-23T15:06:31","slug":"lethiopie-et-le-maroc-renforcent-leurs-liens-militaires","status":"publish","type":"post","link":"https:\/\/adf-magazine.com\/fr\/2026\/02\/lethiopie-et-le-maroc-renforcent-leurs-liens-militaires\/","title":{"rendered":"L\u2019\u00e9thiopie Et Le Maroc Renforcent Leurs Liens Militaires"},"content":{"rendered":"<p>L&rsquo;\u00c9thiopie et le Maroc ont conclu un accord de coop\u00e9ration militaire visant \u00e0 renforcer les liens de d\u00e9fense par le biais d\u2019un entra\u00eenement conjoint, d\u2019exercices et de programmes de recherche scientifique et de sant\u00e9 militaire. L\u2019accord \u00e9tablit une commission militaire conjointe pour superviser sa mise en \u0153uvre.<span class=\"Apple-converted-space\">\u00a0<\/span><\/p>\n<p>Aisha Mohammed Mussa, ministre \u00e9thiopienne de la D\u00e9fense, et Abdellatif Loudiyi, ministre charg\u00e9 de l\u2019Administration de la D\u00e9fense nationale du Maroc, ont sign\u00e9 l\u2019accord le 17 juin 2025 \u00e0 Rabat (Maroc).<span class=\"Apple-converted-space\">\u00a0<\/span><\/p>\n<p>Plusieurs semaines avant la signature, l\u2019\u00c9thiopie avait accueilli une d\u00e9l\u00e9gation d\u2019officiers marocains de haut niveau au complexe d\u2019ing\u00e9nierie des munitions de Homicho et au quartier g\u00e9n\u00e9ral de l\u2019Arm\u00e9e de l\u2019air \u00e9thiopienne, o\u00f9 ils avaient \u00e9t\u00e9 inform\u00e9s des efforts \u00e9thiopiens visant \u00e0 am\u00e9liorer la fabrication du mat\u00e9riel de d\u00e9fense et l\u2019\u00e9tat de pr\u00e9paration op\u00e9rationnelle.<\/p>\n<p>Le major-g\u00e9n\u00e9ral Teshome Gemechu, directeur g\u00e9n\u00e9ral des relations ext\u00e9rieures et de la coop\u00e9ration militaire d\u2019\u00c9thiopie, a d\u00e9clar\u00e9 \u00e0 Addis Media Network : \u00ab L\u2019\u00c9thiopie et le Maroc se sont tous les deux engag\u00e9s \u00e0 coop\u00e9rer en mati\u00e8re de paix et de s\u00e9curit\u00e9 en Afrique. Les institutions militaires des deux pays ont exprim\u00e9 un grand int\u00e9r\u00eat pour la mise en commun des exp\u00e9riences, en particulier dans les domaines du transfert de technologie, de la cybers\u00e9curit\u00e9 et de la Marine de guerre. \u00bb<\/p>\n<p>Cette action fait suite \u00e0 la visite du roi du Maroc Mohammed VI en 2024, pendant laquelle les deux pays ont conclu une s\u00e9rie d\u2019accords sur des domaines tels que les services a\u00e9riens, le commerce, la taxation, les investissements, l\u2019agriculture et l\u2019\u00e9nergie renouvelable. Le Maroc a souhait\u00e9 renforcer ses liens avec l\u2019Afrique subsaharienne au cours des derni\u00e8res ann\u00e9es, en particulier depuis qu\u2019il a rejoint l\u2019Union africaine en 2017.<\/p>\n<p>L\u2019\u00c9thiopie et le Maroc ont des objectifs de s\u00e9curit\u00e9 communs, par exemple la pr\u00e9vention de la propagation des groupes terroristes et la cl\u00f4ture des r\u00e9seaux du crime organis\u00e9 qui sont actifs en Afrique du Nord et dans la Corne de l\u2019Afrique.<\/p>\n<p>\u00ab En renfor\u00e7ant sa coop\u00e9ration militaire avec l\u2019\u00c9thiopie, le Maroc souhaite s\u00e9curiser les int\u00e9r\u00eats communs et emp\u00eacher toute tentative qui menacerait ces int\u00e9r\u00eats, tout en confrontant les menaces et les d\u00e9fis communs affront\u00e9s par l\u2019ensemble du continent africain, tels que le crime organis\u00e9 et le terrorisme \u00bb, \u00e9crit le journaliste Mohammed Mamouni Al-Alawi pour le site web d\u2019actualit\u00e9 Atalayar.<\/p>\n","protected":false},"excerpt":{"rendered":"<p>L&rsquo;\u00c9thiopie et le Maroc ont conclu un accord de coop\u00e9ration militaire visant \u00e0 renforcer les liens de d\u00e9fense par le biais d\u2019un entra\u00eenement conjoint, d\u2019exercices et de programmes de recherche scientifique et de sant\u00e9 militaire. L\u2019accord \u00e9tablit une commission militaire conjointe pour superviser sa mise en \u0153uvre.\u00a0 Aisha Mohammed Mussa, ministre \u00e9thiopienne de la D\u00e9fense,<\/p>\n","protected":false},"author":1,"featured_media":133594,"comment_status":"closed","ping_status":"closed","sticky":false,"template":"","format":"standard","meta":{"_acf_changed":false,"_monsterinsights_skip_tracking":false,"_monsterinsights_sitenote_active":false,"_monsterinsights_sitenote_note":"","_monsterinsights_sitenote_category":0,"_uf_show_specific_survey":0,"_uf_disable_surveys":false,"footnotes":""},"categories":[51,40],"tags":[],"class_list":{"0":"post-134058","1":"post","2":"type-post","3":"status-publish","4":"format-standard","5":"has-post-thumbnail","7":"category-defense-et-securite","8":"category-rubriques"},"acf":[],"yoast_head":"<!-- This site is optimized with the Yoast SEO plugin v27.4 - https:\/\/yoast.com\/product\/yoast-seo-wordpress\/ -->\n<title>L\u2019\u00e9thiopie Et Le Maroc Renforcent Leurs Liens Militaires - Africa Defense Forum<\/title>\n<meta name=\"robots\" content=\"index, follow, max-snippet:-1, max-image-preview:large, max-video-preview:-1\" \/>\n<link rel=\"canonical\" href=\"https:\/\/adf-magazine.com\/fr\/2026\/02\/lethiopie-et-le-maroc-renforcent-leurs-liens-militaires\/\" \/>\n<meta property=\"og:locale\" content=\"fr_FR\" \/>\n<meta property=\"og:type\" content=\"article\" \/>\n<meta property=\"og:title\" content=\"L\u2019\u00e9thiopie Et Le Maroc Renforcent Leurs Liens Militaires - Africa Defense Forum\" \/>\n<meta property=\"og:description\" content=\"L&rsquo;\u00c9thiopie et le Maroc ont conclu un accord de coop\u00e9ration militaire visant \u00e0 renforcer les liens de d\u00e9fense par le biais d\u2019un entra\u00eenement conjoint, d\u2019exercices et de programmes de recherche scientifique et de sant\u00e9 militaire. L\u2019accord \u00e9tablit une commission militaire conjointe pour superviser sa mise en \u0153uvre.\u00a0 Aisha Mohammed Mussa, ministre \u00e9thiopienne de la D\u00e9fense,\" \/>\n<meta property=\"og:url\" content=\"https:\/\/adf-magazine.com\/fr\/2026\/02\/lethiopie-et-le-maroc-renforcent-leurs-liens-militaires\/\" \/>\n<meta property=\"og:site_name\" content=\"Africa Defense Forum\" \/>\n<meta property=\"article:publisher\" content=\"https:\/\/www.facebook.com\/ADFmagazine\/\" \/>\n<meta property=\"article:published_time\" content=\"2026-02-04T17:25:32+00:00\" \/>\n<meta property=\"article:modified_time\" content=\"2026-02-23T15:06:31+00:00\" \/>\n<meta property=\"og:image\" content=\"https:\/\/adf-magazine.com\/wp-content\/uploads\/2026\/02\/DEFENSE_1_CMYK.jpg\" \/>\n\t<meta property=\"og:image:width\" content=\"1080\" \/>\n\t<meta property=\"og:image:height\" content=\"720\" \/>\n\t<meta property=\"og:image:type\" content=\"image\/jpeg\" \/>\n<meta name=\"author\" content=\"ADF\" \/>\n<meta name=\"twitter:card\" content=\"summary_large_image\" \/>\n<meta name=\"twitter:creator\" content=\"@ADFmagazine\" \/>\n<meta name=\"twitter:site\" content=\"@ADFmagazine\" \/>\n<meta name=\"twitter:label1\" content=\"\u00c9crit par\" \/>\n\t<meta name=\"twitter:data1\" content=\"ADF\" \/>\n\t<meta name=\"twitter:label2\" content=\"Dur\u00e9e de lecture estim\u00e9e\" \/>\n\t<meta name=\"twitter:data2\" content=\"2 minutes\" \/>\n<script type=\"application\/ld+json\" class=\"yoast-schema-graph\">{\"@context\":\"https:\\\/\\\/schema.org\",\"@graph\":[{\"@type\":\"Article\",\"@id\":\"https:\\\/\\\/adf-magazine.com\\\/fr\\\/2026\\\/02\\\/lethiopie-et-le-maroc-renforcent-leurs-liens-militaires\\\/#article\",\"isPartOf\":{\"@id\":\"https:\\\/\\\/adf-magazine.com\\\/fr\\\/2026\\\/02\\\/lethiopie-et-le-maroc-renforcent-leurs-liens-militaires\\\/\"},\"author\":{\"name\":\"ADF\",\"@id\":\"https:\\\/\\\/adf-magazine.com\\\/#\\\/schema\\\/person\\\/f266a6061389568b5a11465bb38bc025\"},\"headline\":\"L\u2019\u00e9thiopie Et Le Maroc Renforcent Leurs Liens Militaires\",\"datePublished\":\"2026-02-04T17:25:32+00:00\",\"dateModified\":\"2026-02-23T15:06:31+00:00\",\"mainEntityOfPage\":{\"@id\":\"https:\\\/\\\/adf-magazine.com\\\/fr\\\/2026\\\/02\\\/lethiopie-et-le-maroc-renforcent-leurs-liens-militaires\\\/\"},\"wordCount\":449,\"image\":{\"@id\":\"https:\\\/\\\/adf-magazine.com\\\/fr\\\/2026\\\/02\\\/lethiopie-et-le-maroc-renforcent-leurs-liens-militaires\\\/#primaryimage\"},\"thumbnailUrl\":\"https:\\\/\\\/adf-magazine.com\\\/wp-content\\\/uploads\\\/2026\\\/02\\\/DEFENSE_1_CMYK.jpg\",\"articleSection\":[\"D\u00e9fense et s\u00e9curit\u00e9\",\"rubriques\"],\"inLanguage\":\"fr-FR\"},{\"@type\":\"WebPage\",\"@id\":\"https:\\\/\\\/adf-magazine.com\\\/fr\\\/2026\\\/02\\\/lethiopie-et-le-maroc-renforcent-leurs-liens-militaires\\\/\",\"url\":\"https:\\\/\\\/adf-magazine.com\\\/fr\\\/2026\\\/02\\\/lethiopie-et-le-maroc-renforcent-leurs-liens-militaires\\\/\",\"name\":\"L\u2019\u00e9thiopie Et Le Maroc Renforcent Leurs Liens Militaires - Africa Defense Forum\",\"isPartOf\":{\"@id\":\"https:\\\/\\\/adf-magazine.com\\\/#website\"},\"primaryImageOfPage\":{\"@id\":\"https:\\\/\\\/adf-magazine.com\\\/fr\\\/2026\\\/02\\\/lethiopie-et-le-maroc-renforcent-leurs-liens-militaires\\\/#primaryimage\"},\"image\":{\"@id\":\"https:\\\/\\\/adf-magazine.com\\\/fr\\\/2026\\\/02\\\/lethiopie-et-le-maroc-renforcent-leurs-liens-militaires\\\/#primaryimage\"},\"thumbnailUrl\":\"https:\\\/\\\/adf-magazine.com\\\/wp-content\\\/uploads\\\/2026\\\/02\\\/DEFENSE_1_CMYK.jpg\",\"datePublished\":\"2026-02-04T17:25:32+00:00\",\"dateModified\":\"2026-02-23T15:06:31+00:00\",\"author\":{\"@id\":\"https:\\\/\\\/adf-magazine.com\\\/#\\\/schema\\\/person\\\/f266a6061389568b5a11465bb38bc025\"},\"breadcrumb\":{\"@id\":\"https:\\\/\\\/adf-magazine.com\\\/fr\\\/2026\\\/02\\\/lethiopie-et-le-maroc-renforcent-leurs-liens-militaires\\\/#breadcrumb\"},\"inLanguage\":\"fr-FR\",\"potentialAction\":[{\"@type\":\"ReadAction\",\"target\":[\"https:\\\/\\\/adf-magazine.com\\\/fr\\\/2026\\\/02\\\/lethiopie-et-le-maroc-renforcent-leurs-liens-militaires\\\/\"]}]},{\"@type\":\"ImageObject\",\"inLanguage\":\"fr-FR\",\"@id\":\"https:\\\/\\\/adf-magazine.com\\\/fr\\\/2026\\\/02\\\/lethiopie-et-le-maroc-renforcent-leurs-liens-militaires\\\/#primaryimage\",\"url\":\"https:\\\/\\\/adf-magazine.com\\\/wp-content\\\/uploads\\\/2026\\\/02\\\/DEFENSE_1_CMYK.jpg\",\"contentUrl\":\"https:\\\/\\\/adf-magazine.com\\\/wp-content\\\/uploads\\\/2026\\\/02\\\/DEFENSE_1_CMYK.jpg\",\"width\":1080,\"height\":720,\"caption\":\"Aisha Mohammed Mussa (\u00e0 droite), ministre \u00e9thiopienne de la D\u00e9fense, participe \u00e0 une c\u00e9r\u00e9monie de signature avec Abdellatif Loudiyi, ministre charg\u00e9 de l\u2019Administration de la D\u00e9fense nationale du Maroc. ETHIOPIAN NEWS AGENCY\"},{\"@type\":\"BreadcrumbList\",\"@id\":\"https:\\\/\\\/adf-magazine.com\\\/fr\\\/2026\\\/02\\\/lethiopie-et-le-maroc-renforcent-leurs-liens-militaires\\\/#breadcrumb\",\"itemListElement\":[{\"@type\":\"ListItem\",\"position\":1,\"name\":\"page d\u2019accueil\",\"item\":\"https:\\\/\\\/adf-magazine.com\\\/\"},{\"@type\":\"ListItem\",\"position\":2,\"name\":\"L\u2019\u00e9thiopie Et Le Maroc Renforcent Leurs Liens Militaires\"}]},{\"@type\":\"WebSite\",\"@id\":\"https:\\\/\\\/adf-magazine.com\\\/#website\",\"url\":\"https:\\\/\\\/adf-magazine.com\\\/\",\"name\":\"Africa Defense Forum\",\"description\":\"Africa Defense Forum\",\"potentialAction\":[{\"@type\":\"SearchAction\",\"target\":{\"@type\":\"EntryPoint\",\"urlTemplate\":\"https:\\\/\\\/adf-magazine.com\\\/?s={search_term_string}\"},\"query-input\":{\"@type\":\"PropertyValueSpecification\",\"valueRequired\":true,\"valueName\":\"search_term_string\"}}],\"inLanguage\":\"fr-FR\"},{\"@type\":\"Person\",\"@id\":\"https:\\\/\\\/adf-magazine.com\\\/#\\\/schema\\\/person\\\/f266a6061389568b5a11465bb38bc025\",\"name\":\"ADF\",\"image\":{\"@type\":\"ImageObject\",\"inLanguage\":\"fr-FR\",\"@id\":\"https:\\\/\\\/adf-magazine.com\\\/wp-content\\\/uploads\\\/2020\\\/05\\\/cropped-ADF_icon.jpg\",\"url\":\"https:\\\/\\\/adf-magazine.com\\\/wp-content\\\/uploads\\\/2020\\\/05\\\/cropped-ADF_icon.jpg\",\"contentUrl\":\"https:\\\/\\\/adf-magazine.com\\\/wp-content\\\/uploads\\\/2020\\\/05\\\/cropped-ADF_icon.jpg\",\"caption\":\"ADF\"},\"description\":\"ADF is a professional military magazine published quarterly by U.S. Africa Command to provide an international forum for African security professionals. ADF covers topics such as counter terrorism strategies, security and defense operations, transnational crime, and all other issues affecting peace, stability, and good governance on the African continent.\",\"sameAs\":[\"https:\\\/\\\/x.com\\\/ADFmagazine\"],\"url\":\"https:\\\/\\\/adf-magazine.com\\\/fr\\\/author\\\/adf\\\/\"}]}<\/script>\n<!-- \/ Yoast SEO plugin. -->","yoast_head_json":{"title":"L\u2019\u00e9thiopie Et Le Maroc Renforcent Leurs Liens Militaires - Africa Defense Forum","robots":{"index":"index","follow":"follow","max-snippet":"max-snippet:-1","max-image-preview":"max-image-preview:large","max-video-preview":"max-video-preview:-1"},"canonical":"https:\/\/adf-magazine.com\/fr\/2026\/02\/lethiopie-et-le-maroc-renforcent-leurs-liens-militaires\/","og_locale":"fr_FR","og_type":"article","og_title":"L\u2019\u00e9thiopie Et Le Maroc Renforcent Leurs Liens Militaires - Africa Defense Forum","og_description":"L&rsquo;\u00c9thiopie et le Maroc ont conclu un accord de coop\u00e9ration militaire visant \u00e0 renforcer les liens de d\u00e9fense par le biais d\u2019un entra\u00eenement conjoint, d\u2019exercices et de programmes de recherche scientifique et de sant\u00e9 militaire. L\u2019accord \u00e9tablit une commission militaire conjointe pour superviser sa mise en \u0153uvre.\u00a0 Aisha Mohammed Mussa, ministre \u00e9thiopienne de la D\u00e9fense,","og_url":"https:\/\/adf-magazine.com\/fr\/2026\/02\/lethiopie-et-le-maroc-renforcent-leurs-liens-militaires\/","og_site_name":"Africa Defense Forum","article_publisher":"https:\/\/www.facebook.com\/ADFmagazine\/","article_published_time":"2026-02-04T17:25:32+00:00","article_modified_time":"2026-02-23T15:06:31+00:00","og_image":[{"width":1080,"height":720,"url":"https:\/\/adf-magazine.com\/wp-content\/uploads\/2026\/02\/DEFENSE_1_CMYK.jpg","type":"image\/jpeg"}],"author":"ADF","twitter_card":"summary_large_image","twitter_creator":"@ADFmagazine","twitter_site":"@ADFmagazine","twitter_misc":{"\u00c9crit par":"ADF","Dur\u00e9e de lecture estim\u00e9e":"2 minutes"},"schema":{"@context":"https:\/\/schema.org","@graph":[{"@type":"Article","@id":"https:\/\/adf-magazine.com\/fr\/2026\/02\/lethiopie-et-le-maroc-renforcent-leurs-liens-militaires\/#article","isPartOf":{"@id":"https:\/\/adf-magazine.com\/fr\/2026\/02\/lethiopie-et-le-maroc-renforcent-leurs-liens-militaires\/"},"author":{"name":"ADF","@id":"https:\/\/adf-magazine.com\/#\/schema\/person\/f266a6061389568b5a11465bb38bc025"},"headline":"L\u2019\u00e9thiopie Et Le Maroc Renforcent Leurs Liens Militaires","datePublished":"2026-02-04T17:25:32+00:00","dateModified":"2026-02-23T15:06:31+00:00","mainEntityOfPage":{"@id":"https:\/\/adf-magazine.com\/fr\/2026\/02\/lethiopie-et-le-maroc-renforcent-leurs-liens-militaires\/"},"wordCount":449,"image":{"@id":"https:\/\/adf-magazine.com\/fr\/2026\/02\/lethiopie-et-le-maroc-renforcent-leurs-liens-militaires\/#primaryimage"},"thumbnailUrl":"https:\/\/adf-magazine.com\/wp-content\/uploads\/2026\/02\/DEFENSE_1_CMYK.jpg","articleSection":["D\u00e9fense et s\u00e9curit\u00e9","rubriques"],"inLanguage":"fr-FR"},{"@type":"WebPage","@id":"https:\/\/adf-magazine.com\/fr\/2026\/02\/lethiopie-et-le-maroc-renforcent-leurs-liens-militaires\/","url":"https:\/\/adf-magazine.com\/fr\/2026\/02\/lethiopie-et-le-maroc-renforcent-leurs-liens-militaires\/","name":"L\u2019\u00e9thiopie Et Le Maroc Renforcent Leurs Liens Militaires - Africa Defense Forum","isPartOf":{"@id":"https:\/\/adf-magazine.com\/#website"},"primaryImageOfPage":{"@id":"https:\/\/adf-magazine.com\/fr\/2026\/02\/lethiopie-et-le-maroc-renforcent-leurs-liens-militaires\/#primaryimage"},"image":{"@id":"https:\/\/adf-magazine.com\/fr\/2026\/02\/lethiopie-et-le-maroc-renforcent-leurs-liens-militaires\/#primaryimage"},"thumbnailUrl":"https:\/\/adf-magazine.com\/wp-content\/uploads\/2026\/02\/DEFENSE_1_CMYK.jpg","datePublished":"2026-02-04T17:25:32+00:00","dateModified":"2026-02-23T15:06:31+00:00","author":{"@id":"https:\/\/adf-magazine.com\/#\/schema\/person\/f266a6061389568b5a11465bb38bc025"},"breadcrumb":{"@id":"https:\/\/adf-magazine.com\/fr\/2026\/02\/lethiopie-et-le-maroc-renforcent-leurs-liens-militaires\/#breadcrumb"},"inLanguage":"fr-FR","potentialAction":[{"@type":"ReadAction","target":["https:\/\/adf-magazine.com\/fr\/2026\/02\/lethiopie-et-le-maroc-renforcent-leurs-liens-militaires\/"]}]},{"@type":"ImageObject","inLanguage":"fr-FR","@id":"https:\/\/adf-magazine.com\/fr\/2026\/02\/lethiopie-et-le-maroc-renforcent-leurs-liens-militaires\/#primaryimage","url":"https:\/\/adf-magazine.com\/wp-content\/uploads\/2026\/02\/DEFENSE_1_CMYK.jpg","contentUrl":"https:\/\/adf-magazine.com\/wp-content\/uploads\/2026\/02\/DEFENSE_1_CMYK.jpg","width":1080,"height":720,"caption":"Aisha Mohammed Mussa (\u00e0 droite), ministre \u00e9thiopienne de la D\u00e9fense, participe \u00e0 une c\u00e9r\u00e9monie de signature avec Abdellatif Loudiyi, ministre charg\u00e9 de l\u2019Administration de la D\u00e9fense nationale du Maroc. ETHIOPIAN NEWS AGENCY"},{"@type":"BreadcrumbList","@id":"https:\/\/adf-magazine.com\/fr\/2026\/02\/lethiopie-et-le-maroc-renforcent-leurs-liens-militaires\/#breadcrumb","itemListElement":[{"@type":"ListItem","position":1,"name":"page d\u2019accueil","item":"https:\/\/adf-magazine.com\/"},{"@type":"ListItem","position":2,"name":"L\u2019\u00e9thiopie Et Le Maroc Renforcent Leurs Liens Militaires"}]},{"@type":"WebSite","@id":"https:\/\/adf-magazine.com\/#website","url":"https:\/\/adf-magazine.com\/","name":"Africa Defense Forum","description":"Africa Defense Forum","potentialAction":[{"@type":"SearchAction","target":{"@type":"EntryPoint","urlTemplate":"https:\/\/adf-magazine.com\/?s={search_term_string}"},"query-input":{"@type":"PropertyValueSpecification","valueRequired":true,"valueName":"search_term_string"}}],"inLanguage":"fr-FR"},{"@type":"Person","@id":"https:\/\/adf-magazine.com\/#\/schema\/person\/f266a6061389568b5a11465bb38bc025","name":"ADF","image":{"@type":"ImageObject","inLanguage":"fr-FR","@id":"https:\/\/adf-magazine.com\/wp-content\/uploads\/2020\/05\/cropped-ADF_icon.jpg","url":"https:\/\/adf-magazine.com\/wp-content\/uploads\/2020\/05\/cropped-ADF_icon.jpg","contentUrl":"https:\/\/adf-magazine.com\/wp-content\/uploads\/2020\/05\/cropped-ADF_icon.jpg","caption":"ADF"},"description":"ADF is a professional military magazine published quarterly by U.S. Africa Command to provide an international forum for African security professionals. ADF covers topics such as counter terrorism strategies, security and defense operations, transnational crime, and all other issues affecting peace, stability, and good governance on the African continent.","sameAs":["https:\/\/x.com\/ADFmagazine"],"url":"https:\/\/adf-magazine.com\/fr\/author\/adf\/"}]}},"_links":{"self":[{"href":"https:\/\/adf-magazine.com\/fr\/wp-json\/wp\/v2\/posts\/134058","targetHints":{"allow":["GET"]}}],"collection":[{"href":"https:\/\/adf-magazine.com\/fr\/wp-json\/wp\/v2\/posts"}],"about":[{"href":"https:\/\/adf-magazine.com\/fr\/wp-json\/wp\/v2\/types\/post"}],"author":[{"embeddable":true,"href":"https:\/\/adf-magazine.com\/fr\/wp-json\/wp\/v2\/users\/1"}],"replies":[{"embeddable":true,"href":"https:\/\/adf-magazine.com\/fr\/wp-json\/wp\/v2\/comments?post=134058"}],"version-history":[{"count":1,"href":"https:\/\/adf-magazine.com\/fr\/wp-json\/wp\/v2\/posts\/134058\/revisions"}],"predecessor-version":[{"id":134944,"href":"https:\/\/adf-magazine.com\/fr\/wp-json\/wp\/v2\/posts\/134058\/revisions\/134944"}],"wp:featuredmedia":[{"embeddable":true,"href":"https:\/\/adf-magazine.com\/fr\/wp-json\/wp\/v2\/media\/133594"}],"wp:attachment":[{"href":"https:\/\/adf-magazine.com\/fr\/wp-json\/wp\/v2\/media?parent=134058"}],"wp:term":[{"taxonomy":"category","embeddable":true,"href":"https:\/\/adf-magazine.com\/fr\/wp-json\/wp\/v2\/categories?post=134058"},{"taxonomy":"post_tag","embeddable":true,"href":"https:\/\/adf-magazine.com\/fr\/wp-json\/wp\/v2\/tags?post=134058"}],"curies":[{"name":"wp","href":"https:\/\/api.w.org\/{rel}","templated":true}]}}