{"id":132768,"date":"2025-12-02T13:32:36","date_gmt":"2025-12-02T18:32:36","guid":{"rendered":"https:\/\/adf-magazine.com\/?p=132768"},"modified":"2025-12-02T13:32:50","modified_gmt":"2025-12-02T18:32:50","slug":"leffet-de-domino-des-terroristes-menace-lafrique-de-louest","status":"publish","type":"post","link":"https:\/\/adf-magazine.com\/fr\/2025\/12\/leffet-de-domino-des-terroristes-menace-lafrique-de-louest\/","title":{"rendered":"L\u2019effet de domino des terroristes menace l\u2019Afrique de l\u2019Ouest"},"content":{"rendered":"<p style=\"font-weight: 400;\">\u00c0 mesure que les groupes terroristes sah\u00e9liens continuent \u00e0 acqu\u00e9rir des territoires, des ressources et des bases de recrutement et de trafic ill\u00e9gal vers le Sud, les officiels exhortent les pays du littoral d\u2019Afrique de l\u2019Ouest et leurs voisins sans littoral \u00e0 collaborer.<\/p>\n<p style=\"font-weight: 400;\">\u00c0 travers les fronti\u00e8res poreuses, les groupes terroristes li\u00e9s \u00e0 Al-Qa\u00efda et \u00e0 l\u2019\u00c9tat islamique trouvent des prises de pied dans les r\u00e9gions nordiques d\u2019un grand nombre de pays c\u00f4tiers d\u2019Afrique de l\u2019Ouest.<\/p>\n<p style=\"font-weight: 400;\">Le secr\u00e9taire g\u00e9n\u00e9ral des Nations unies Ant\u00f3nio Guterres a d\u00e9clar\u00e9 dans son allocution du 18 novembre devant le Conseil de s\u00e9curit\u00e9\u00a0: \u00ab\u00a0Les groupes \u00e9tablis \u00e9tendent leur port\u00e9e. Plusieurs pays du littoral sont menac\u00e9s. Nous confrontons le risque d\u2019un effet de domino catastrophique dans toute la r\u00e9gion.\u00a0\u00bb<\/p>\n<p style=\"font-weight: 400;\">Depuis deux ans, le Sahel est l\u2019\u00e9picentre mondial du terrorisme, selon le Global Terrorism Index. Plus de la moiti\u00e9 des d\u00e9c\u00e8s caus\u00e9s par le terrorisme dans le monde se sont produits au Sahel en 2024. Les chefs des juntes militaires du Burkina Faso, du Mali et du Niger ont perdu le contr\u00f4le de vastes territoires au profit des organisations telles que le Groupe de soutien \u00e0 l\u2019islam et aux musulmans (GSIM).<\/p>\n<p style=\"font-weight: 400;\">Les attaques contre les civils et les avant-postes militaires dans le Nord du B\u00e9nin sont en hausse. En avril, les combattants du GSIM ont tu\u00e9 au moins 54\u00a0soldats b\u00e9ninois le long de la fronti\u00e8re du pays avec le Burkina Faso et le Niger. Le Togo a constat\u00e9 une hausse d\u2019attaques terroristes commises par les combattants du GSIM bas\u00e9s au Burkina Faso.<\/p>\n<p style=\"font-weight: 400;\">Les groupes terroristes ont \u00e9t\u00e9 attir\u00e9s par les r\u00e9gions peu peupl\u00e9es et sous-d\u00e9velopp\u00e9es, situ\u00e9es directement au Sud des fronti\u00e8res du Burkina Faso et du Mali. Dans ces zones frontali\u00e8res, les jeunes sans emploi offrent des cibles plus vuln\u00e9rables au recrutement, selon le chercheur Oluwole Ojewale de l\u2019Institut pour les \u00e9tudes de s\u00e9curit\u00e9.<\/p>\n<p style=\"font-weight: 400;\">Il d\u00e9clare \u00e0 Deutsche Welle\u00a0: \u00ab\u00a0[Ces r\u00e9gions] continuent \u00e0 servir de centre strat\u00e9gique pour les groupes terroristes. [Elles contiennent aussi] des min\u00e9raux strat\u00e9giques et des ressources telles que le bois qui sont devenues des sources de financement du terrorisme dans ce couloir.\u00a0\u00bb<\/p>\n<p style=\"font-weight: 400;\">Le pr\u00e9sident sierral\u00e9onais Julius Maada Bio, qui est aussi pr\u00e9sident de la Communaut\u00e9 \u00e9conomique des \u00c9tats d\u2019Afrique de l\u2019Ouest (CEDEAO), avait demand\u00e9 le briefing onusien de novembre, intitul\u00e9 \u00ab\u00a0Renforcement de la coop\u00e9ration r\u00e9gionale en mati\u00e8re de lutte contre le terrorisme en Afrique de l\u2019Ouest et au Sahel\u00a0\u00bb.<\/p>\n<p style=\"font-weight: 400;\">Il a d\u00e9clar\u00e9 que le bloc r\u00e9gional continuait \u00e0 engager le Burkina Faso, le Mali et le Niger sur le besoin de coop\u00e9ration en mati\u00e8re de contre-terrorisme. Les trois pays dirig\u00e9s par des juntes se sont retir\u00e9s de la CEDEAO l\u2019an dernier pour former un groupe de s\u00e9curit\u00e9 collective appel\u00e9 Alliance des \u00c9tats du Sahel, mais la violence terroriste continue \u00e0 s\u2019intensifier.<\/p>\n<p style=\"font-weight: 400;\">\u00ab\u00a0[C\u2019est] la raison pour laquelle il est devenu facile pour ces groupes terroristes de s\u2019infiltrer r\u00e9ellement et \u00e9tendre leur influence dans les \u00e9tats du littoral, d\u00e9clare le Dr\u00a0Ojewale. Le partage du renseignement transfrontalier, en particulier entre les \u00e9tats du centre du Sahel tels que le Burkina Faso, le Niger et le Mali, et le reste de l\u2019Afrique de l\u2019Ouest, est devenu vraiment infime et tout \u00e0 fait insuffisant pour limiter l\u2019infiltration transfrontali\u00e8re des groupes terroristes.\u00a0\u00bb<\/p>\n<p style=\"font-weight: 400;\">Certains pays du littoral ont pris individuellement des mesures pour renforcer la s\u00e9curit\u00e9 de leurs r\u00e9gions nordiques. Le B\u00e9nin a d\u00e9ploy\u00e9 environ 3.000\u00a0soldats sur sa fronti\u00e8re avec le Burkina Faso et sign\u00e9 un accord s\u00e9curitaire bilat\u00e9ral avec le Nigeria pour renforcer la s\u00e9curit\u00e9 des fronti\u00e8res.<\/p>\n<p style=\"font-weight: 400;\">Toutefois, le secr\u00e9taire g\u00e9n\u00e9ral Guterres reste focalis\u00e9 sur la r\u00e9unification de l\u2019Afrique de l\u2019Ouest. Dans la lutte contre les groupes terroristes de plus en plus puissants, il dit que les pays sah\u00e9liens sans littoral et leurs voisins de la c\u00f4te sont du m\u00eame c\u00f4t\u00e9.<\/p>\n<p style=\"font-weight: 400;\">\u00ab\u00a0Cette crise r\u00e9gionale exige une r\u00e9ponse r\u00e9gionale qui soit unifi\u00e9, coh\u00e9rente et bas\u00e9e sur le consensus, d\u00e9clare-t-il. Alors que des pays quittent la CEDEAO, le moment est venu pour le dialogue et la collaboration entre tous les pays pour renforcer la s\u00e9curit\u00e9 et l\u2019architecture de coop\u00e9ration politique dans la r\u00e9gion.\u00a0\u00bb<\/p>\n<p style=\"font-weight: 400;\">James Barnett, associ\u00e9 de recherche \u00e0 l\u2019Hudson Institute, d\u00e9clare que les ressources et la logistique sont insuffisantes pour endiguer la propagation du terrorisme. Malgr\u00e9 leurs diff\u00e9rences, les pays doivent coordonner leurs efforts.<\/p>\n<p style=\"font-weight: 400;\">\u00ab\u00a0Il y a eu un grand manque de confiance dans la r\u00e9gion, selon moi, un manque de confiance m\u00eame entre certains de ces \u00e9tats, dit-il \u00e0 DW. C\u2019est quelque chose que les pays essaient toujours de trouver\u00a0: d\u00e9velopper suffisamment la confiance et la volont\u00e9 politique pour travailler ensemble.\u00a0\u00bb<\/p>\n<p>Barnett a aussi fait appel \u00e0 des initiatives pansoci\u00e9tales aux c\u00f4t\u00e9s des r\u00e9ponses militaires. Il mentionne l\u2019excellent exemple de la C\u00f4te d\u2019Ivoire, o\u00f9 le gouvernement a inaugur\u00e9 une s\u00e9rie de projets sociaux pour am\u00e9liorer le ch\u00f4mage et la pauvret\u00e9 tout en encourageant la confiance entre l\u2019arm\u00e9e et les communaut\u00e9s.<\/p>\n<p style=\"font-weight: 400;\">\u00ab\u00a0La raison d\u2019\u00eatre de l\u2019\u00c9tat est plus que de conduire simplement des actions de police sporadiques dans la r\u00e9gion, dit-il. C\u2019est plut\u00f4t un moyen d\u2019essayer d\u2019obtenir une certaine collaboration en r\u00e9pondant aux pr\u00e9occupations socio-\u00e9conomiques et en \u00e9tant un partenaire, non seulement sur le plan s\u00e9curitaire mais aussi pour satisfaire r\u00e9ellement aux besoins de la communaut\u00e9.\u00a0\u00bb<\/p>\n<p style=\"font-weight: 400;\">Le secr\u00e9taire g\u00e9n\u00e9ral a aussi recommand\u00e9 une strat\u00e9gie de d\u00e9veloppement en Afrique de l\u2019Ouest pour faire face aux conditions sous-jacentes qui permettent \u00e0 l\u2019extr\u00e9misme de prendre racine.<\/p>\n<p style=\"font-weight: 400;\">\u00ab\u00a0Les terroristes prosp\u00e8rent lorsque le contrat social est rompu, dit-il. Lorsque les familles sont prises au pi\u00e8ge de la pauvret\u00e9 et les jeunes n\u2019ont pas acc\u00e8s \u00e0 l\u2019\u00e9ducation ou \u00e0 l\u2019emploi, l\u2019extr\u00e9misme gagne du terrain.\u00a0\u00bb<\/p>\n<p style=\"font-weight: 400;\">\u00ab\u00a0Lorsque la gouvernance \u00e9choue, lorsque le d\u00e9veloppement stagne, lorsque les services publics se d\u00e9t\u00e9riorent, lorsque les droits de l\u2019homme sont enfreints, lorsque les communaut\u00e9s sont marginalis\u00e9es, lorsque les habitants ne croient plus dans leurs institutions, les terroristes trouvent des moyens d\u2019exploiter les dol\u00e9ances du peuple.\u00a0\u00bb<\/p>\n","protected":false},"excerpt":{"rendered":"<p>\u00c0 mesure que les groupes terroristes sah\u00e9liens continuent \u00e0 acqu\u00e9rir des territoires, des ressources et des bases de recrutement et de trafic ill\u00e9gal vers le Sud, les officiels exhortent les pays du littoral d\u2019Afrique de l\u2019Ouest et leurs voisins sans littoral \u00e0 collaborer. \u00c0 travers les fronti\u00e8res poreuses, les groupes terroristes li\u00e9s \u00e0 Al-Qa\u00efda et<\/p>\n","protected":false},"author":1,"featured_media":132763,"comment_status":"open","ping_status":"closed","sticky":false,"template":"","format":"standard","meta":{"_acf_changed":false,"_monsterinsights_skip_tracking":false,"_monsterinsights_sitenote_active":false,"_monsterinsights_sitenote_note":"","_monsterinsights_sitenote_category":0,"_uf_show_specific_survey":0,"_uf_disable_surveys":false,"footnotes":""},"categories":[331],"tags":[565,1284,489,1242,484,433,552,434,488,435,487,772,1282],"class_list":{"0":"post-132768","1":"post","2":"type-post","3":"status-publish","4":"format-standard","5":"has-post-thumbnail","7":"category-dernieres-nouvelles","8":"tag-afrique-de-louest","9":"tag-al-qaida","10":"tag-burkina-faso-fr","11":"tag-etat-islamique","12":"tag-extremisme","13":"tag-ghana-fr","14":"tag-golfe-de-guinee","15":"tag-mali-fr","16":"tag-niger-fr","17":"tag-nigeria-fr","18":"tag-sahel-fr","19":"tag-sierra-leone-fr","20":"tag-terrorism-fr"},"acf":[],"yoast_head":"<!-- This site is optimized with the Yoast SEO plugin v27.4 - https:\/\/yoast.com\/product\/yoast-seo-wordpress\/ -->\n<title>L\u2019effet de domino des terroristes menace l\u2019Afrique de l\u2019Ouest - Africa Defense Forum<\/title>\n<meta name=\"robots\" content=\"index, follow, max-snippet:-1, max-image-preview:large, max-video-preview:-1\" \/>\n<link rel=\"canonical\" href=\"https:\/\/adf-magazine.com\/ar\/?p=132770\" \/>\n<meta property=\"og:locale\" content=\"fr_FR\" \/>\n<meta property=\"og:type\" content=\"article\" \/>\n<meta property=\"og:title\" content=\"L\u2019effet de domino des terroristes menace l\u2019Afrique de l\u2019Ouest - Africa Defense Forum\" \/>\n<meta property=\"og:description\" content=\"\u00c0 mesure que les groupes terroristes sah\u00e9liens continuent \u00e0 acqu\u00e9rir des territoires, des ressources et des bases de recrutement et de trafic ill\u00e9gal vers le Sud, les officiels exhortent les pays du littoral d\u2019Afrique de l\u2019Ouest et leurs voisins sans littoral \u00e0 collaborer. \u00c0 travers les fronti\u00e8res poreuses, les groupes terroristes li\u00e9s \u00e0 Al-Qa\u00efda et\" \/>\n<meta property=\"og:url\" content=\"https:\/\/adf-magazine.com\/ar\/?p=132770\" \/>\n<meta property=\"og:site_name\" content=\"Africa Defense Forum\" \/>\n<meta property=\"article:publisher\" content=\"https:\/\/www.facebook.com\/ADFmagazine\/\" \/>\n<meta property=\"article:published_time\" content=\"2025-12-02T18:32:36+00:00\" \/>\n<meta property=\"article:modified_time\" content=\"2025-12-02T18:32:50+00:00\" \/>\n<meta property=\"og:image\" content=\"https:\/\/adf-magazine.com\/wp-content\/uploads\/2025\/12\/GettyImages-2239650669.jpg\" \/>\n\t<meta property=\"og:image:width\" content=\"1024\" \/>\n\t<meta property=\"og:image:height\" content=\"683\" \/>\n\t<meta property=\"og:image:type\" content=\"image\/jpeg\" \/>\n<meta name=\"author\" content=\"ADF\" \/>\n<meta name=\"twitter:card\" content=\"summary_large_image\" \/>\n<meta name=\"twitter:creator\" content=\"@ADFmagazine\" \/>\n<meta name=\"twitter:site\" content=\"@ADFmagazine\" \/>\n<meta name=\"twitter:label1\" content=\"\u00c9crit par\" \/>\n\t<meta name=\"twitter:data1\" content=\"ADF\" \/>\n\t<meta name=\"twitter:label2\" content=\"Dur\u00e9e de lecture estim\u00e9e\" \/>\n\t<meta name=\"twitter:data2\" content=\"6 minutes\" \/>\n<script type=\"application\/ld+json\" class=\"yoast-schema-graph\">{\"@context\":\"https:\\\/\\\/schema.org\",\"@graph\":[{\"@type\":\"Article\",\"@id\":\"https:\\\/\\\/adf-magazine.com\\\/ar\\\/?p=132770#article\",\"isPartOf\":{\"@id\":\"https:\\\/\\\/adf-magazine.com\\\/ar\\\/?p=132770\"},\"author\":{\"name\":\"ADF\",\"@id\":\"https:\\\/\\\/adf-magazine.com\\\/#\\\/schema\\\/person\\\/f266a6061389568b5a11465bb38bc025\"},\"headline\":\"L\u2019effet de domino des terroristes menace l\u2019Afrique de l\u2019Ouest\",\"datePublished\":\"2025-12-02T18:32:36+00:00\",\"dateModified\":\"2025-12-02T18:32:50+00:00\",\"mainEntityOfPage\":{\"@id\":\"https:\\\/\\\/adf-magazine.com\\\/ar\\\/?p=132770\"},\"wordCount\":1117,\"commentCount\":0,\"image\":{\"@id\":\"https:\\\/\\\/adf-magazine.com\\\/ar\\\/?p=132770#primaryimage\"},\"thumbnailUrl\":\"https:\\\/\\\/adf-magazine.com\\\/wp-content\\\/uploads\\\/2025\\\/12\\\/GettyImages-2239650669.jpg\",\"keywords\":[\"Afrique de l\u2019Ouest\",\"Al-Qa\u00efda\",\"Burkina Faso\",\"\u00c9tat islamique\",\"extr\u00e9misme\",\"Ghana\",\"Golfe de Guin\u00e9e\",\"Mali\",\"Niger\",\"Nigeria\",\"Sahel\",\"Sierra Leone\",\"Terrorism\"],\"articleSection\":[\"Actualit\u00e9s du Jour\"],\"inLanguage\":\"fr-FR\",\"potentialAction\":[{\"@type\":\"CommentAction\",\"name\":\"Comment\",\"target\":[\"https:\\\/\\\/adf-magazine.com\\\/ar\\\/?p=132770#respond\"]}]},{\"@type\":\"WebPage\",\"@id\":\"https:\\\/\\\/adf-magazine.com\\\/ar\\\/?p=132770\",\"url\":\"https:\\\/\\\/adf-magazine.com\\\/ar\\\/?p=132770\",\"name\":\"L\u2019effet de domino des terroristes menace l\u2019Afrique de l\u2019Ouest - Africa Defense Forum\",\"isPartOf\":{\"@id\":\"https:\\\/\\\/adf-magazine.com\\\/#website\"},\"primaryImageOfPage\":{\"@id\":\"https:\\\/\\\/adf-magazine.com\\\/ar\\\/?p=132770#primaryimage\"},\"image\":{\"@id\":\"https:\\\/\\\/adf-magazine.com\\\/ar\\\/?p=132770#primaryimage\"},\"thumbnailUrl\":\"https:\\\/\\\/adf-magazine.com\\\/wp-content\\\/uploads\\\/2025\\\/12\\\/GettyImages-2239650669.jpg\",\"datePublished\":\"2025-12-02T18:32:36+00:00\",\"dateModified\":\"2025-12-02T18:32:50+00:00\",\"author\":{\"@id\":\"https:\\\/\\\/adf-magazine.com\\\/#\\\/schema\\\/person\\\/f266a6061389568b5a11465bb38bc025\"},\"breadcrumb\":{\"@id\":\"https:\\\/\\\/adf-magazine.com\\\/ar\\\/?p=132770#breadcrumb\"},\"inLanguage\":\"fr-FR\",\"potentialAction\":[{\"@type\":\"ReadAction\",\"target\":[\"https:\\\/\\\/adf-magazine.com\\\/ar\\\/?p=132770\"]}]},{\"@type\":\"ImageObject\",\"inLanguage\":\"fr-FR\",\"@id\":\"https:\\\/\\\/adf-magazine.com\\\/ar\\\/?p=132770#primaryimage\",\"url\":\"https:\\\/\\\/adf-magazine.com\\\/wp-content\\\/uploads\\\/2025\\\/12\\\/GettyImages-2239650669.jpg\",\"contentUrl\":\"https:\\\/\\\/adf-magazine.com\\\/wp-content\\\/uploads\\\/2025\\\/12\\\/GettyImages-2239650669.jpg\",\"width\":1024,\"height\":683,\"caption\":\"Soldats ivoiriens en patrouille dans un v\u00e9hicule blind\u00e9 \u00e0 Kafolo, pr\u00e8s de la fronti\u00e8re avec le Burkina Faso, le 9 octobre 2025. AFP\\\/GETTY IMAGES\"},{\"@type\":\"BreadcrumbList\",\"@id\":\"https:\\\/\\\/adf-magazine.com\\\/ar\\\/?p=132770#breadcrumb\",\"itemListElement\":[{\"@type\":\"ListItem\",\"position\":1,\"name\":\"page d\u2019accueil\",\"item\":\"https:\\\/\\\/adf-magazine.com\\\/\"},{\"@type\":\"ListItem\",\"position\":2,\"name\":\"L\u2019effet de domino des terroristes menace l\u2019Afrique de l\u2019Ouest\"}]},{\"@type\":\"WebSite\",\"@id\":\"https:\\\/\\\/adf-magazine.com\\\/#website\",\"url\":\"https:\\\/\\\/adf-magazine.com\\\/\",\"name\":\"Africa Defense Forum\",\"description\":\"Africa Defense Forum\",\"potentialAction\":[{\"@type\":\"SearchAction\",\"target\":{\"@type\":\"EntryPoint\",\"urlTemplate\":\"https:\\\/\\\/adf-magazine.com\\\/?s={search_term_string}\"},\"query-input\":{\"@type\":\"PropertyValueSpecification\",\"valueRequired\":true,\"valueName\":\"search_term_string\"}}],\"inLanguage\":\"fr-FR\"},{\"@type\":\"Person\",\"@id\":\"https:\\\/\\\/adf-magazine.com\\\/#\\\/schema\\\/person\\\/f266a6061389568b5a11465bb38bc025\",\"name\":\"ADF\",\"image\":{\"@type\":\"ImageObject\",\"inLanguage\":\"fr-FR\",\"@id\":\"https:\\\/\\\/adf-magazine.com\\\/wp-content\\\/uploads\\\/2020\\\/05\\\/cropped-ADF_icon.jpg\",\"url\":\"https:\\\/\\\/adf-magazine.com\\\/wp-content\\\/uploads\\\/2020\\\/05\\\/cropped-ADF_icon.jpg\",\"contentUrl\":\"https:\\\/\\\/adf-magazine.com\\\/wp-content\\\/uploads\\\/2020\\\/05\\\/cropped-ADF_icon.jpg\",\"caption\":\"ADF\"},\"description\":\"ADF is a professional military magazine published quarterly by U.S. Africa Command to provide an international forum for African security professionals. ADF covers topics such as counter terrorism strategies, security and defense operations, transnational crime, and all other issues affecting peace, stability, and good governance on the African continent.\",\"sameAs\":[\"https:\\\/\\\/x.com\\\/ADFmagazine\"],\"url\":\"https:\\\/\\\/adf-magazine.com\\\/fr\\\/author\\\/adf\\\/\"}]}<\/script>\n<!-- \/ Yoast SEO plugin. -->","yoast_head_json":{"title":"L\u2019effet de domino des terroristes menace l\u2019Afrique de l\u2019Ouest - Africa Defense Forum","robots":{"index":"index","follow":"follow","max-snippet":"max-snippet:-1","max-image-preview":"max-image-preview:large","max-video-preview":"max-video-preview:-1"},"canonical":"https:\/\/adf-magazine.com\/ar\/?p=132770","og_locale":"fr_FR","og_type":"article","og_title":"L\u2019effet de domino des terroristes menace l\u2019Afrique de l\u2019Ouest - Africa Defense Forum","og_description":"\u00c0 mesure que les groupes terroristes sah\u00e9liens continuent \u00e0 acqu\u00e9rir des territoires, des ressources et des bases de recrutement et de trafic ill\u00e9gal vers le Sud, les officiels exhortent les pays du littoral d\u2019Afrique de l\u2019Ouest et leurs voisins sans littoral \u00e0 collaborer. \u00c0 travers les fronti\u00e8res poreuses, les groupes terroristes li\u00e9s \u00e0 Al-Qa\u00efda et","og_url":"https:\/\/adf-magazine.com\/ar\/?p=132770","og_site_name":"Africa Defense Forum","article_publisher":"https:\/\/www.facebook.com\/ADFmagazine\/","article_published_time":"2025-12-02T18:32:36+00:00","article_modified_time":"2025-12-02T18:32:50+00:00","og_image":[{"width":1024,"height":683,"url":"https:\/\/adf-magazine.com\/wp-content\/uploads\/2025\/12\/GettyImages-2239650669.jpg","type":"image\/jpeg"}],"author":"ADF","twitter_card":"summary_large_image","twitter_creator":"@ADFmagazine","twitter_site":"@ADFmagazine","twitter_misc":{"\u00c9crit par":"ADF","Dur\u00e9e de lecture estim\u00e9e":"6 minutes"},"schema":{"@context":"https:\/\/schema.org","@graph":[{"@type":"Article","@id":"https:\/\/adf-magazine.com\/ar\/?p=132770#article","isPartOf":{"@id":"https:\/\/adf-magazine.com\/ar\/?p=132770"},"author":{"name":"ADF","@id":"https:\/\/adf-magazine.com\/#\/schema\/person\/f266a6061389568b5a11465bb38bc025"},"headline":"L\u2019effet de domino des terroristes menace l\u2019Afrique de l\u2019Ouest","datePublished":"2025-12-02T18:32:36+00:00","dateModified":"2025-12-02T18:32:50+00:00","mainEntityOfPage":{"@id":"https:\/\/adf-magazine.com\/ar\/?p=132770"},"wordCount":1117,"commentCount":0,"image":{"@id":"https:\/\/adf-magazine.com\/ar\/?p=132770#primaryimage"},"thumbnailUrl":"https:\/\/adf-magazine.com\/wp-content\/uploads\/2025\/12\/GettyImages-2239650669.jpg","keywords":["Afrique de l\u2019Ouest","Al-Qa\u00efda","Burkina Faso","\u00c9tat islamique","extr\u00e9misme","Ghana","Golfe de Guin\u00e9e","Mali","Niger","Nigeria","Sahel","Sierra Leone","Terrorism"],"articleSection":["Actualit\u00e9s du Jour"],"inLanguage":"fr-FR","potentialAction":[{"@type":"CommentAction","name":"Comment","target":["https:\/\/adf-magazine.com\/ar\/?p=132770#respond"]}]},{"@type":"WebPage","@id":"https:\/\/adf-magazine.com\/ar\/?p=132770","url":"https:\/\/adf-magazine.com\/ar\/?p=132770","name":"L\u2019effet de domino des terroristes menace l\u2019Afrique de l\u2019Ouest - Africa Defense Forum","isPartOf":{"@id":"https:\/\/adf-magazine.com\/#website"},"primaryImageOfPage":{"@id":"https:\/\/adf-magazine.com\/ar\/?p=132770#primaryimage"},"image":{"@id":"https:\/\/adf-magazine.com\/ar\/?p=132770#primaryimage"},"thumbnailUrl":"https:\/\/adf-magazine.com\/wp-content\/uploads\/2025\/12\/GettyImages-2239650669.jpg","datePublished":"2025-12-02T18:32:36+00:00","dateModified":"2025-12-02T18:32:50+00:00","author":{"@id":"https:\/\/adf-magazine.com\/#\/schema\/person\/f266a6061389568b5a11465bb38bc025"},"breadcrumb":{"@id":"https:\/\/adf-magazine.com\/ar\/?p=132770#breadcrumb"},"inLanguage":"fr-FR","potentialAction":[{"@type":"ReadAction","target":["https:\/\/adf-magazine.com\/ar\/?p=132770"]}]},{"@type":"ImageObject","inLanguage":"fr-FR","@id":"https:\/\/adf-magazine.com\/ar\/?p=132770#primaryimage","url":"https:\/\/adf-magazine.com\/wp-content\/uploads\/2025\/12\/GettyImages-2239650669.jpg","contentUrl":"https:\/\/adf-magazine.com\/wp-content\/uploads\/2025\/12\/GettyImages-2239650669.jpg","width":1024,"height":683,"caption":"Soldats ivoiriens en patrouille dans un v\u00e9hicule blind\u00e9 \u00e0 Kafolo, pr\u00e8s de la fronti\u00e8re avec le Burkina Faso, le 9 octobre 2025. AFP\/GETTY IMAGES"},{"@type":"BreadcrumbList","@id":"https:\/\/adf-magazine.com\/ar\/?p=132770#breadcrumb","itemListElement":[{"@type":"ListItem","position":1,"name":"page d\u2019accueil","item":"https:\/\/adf-magazine.com\/"},{"@type":"ListItem","position":2,"name":"L\u2019effet de domino des terroristes menace l\u2019Afrique de l\u2019Ouest"}]},{"@type":"WebSite","@id":"https:\/\/adf-magazine.com\/#website","url":"https:\/\/adf-magazine.com\/","name":"Africa Defense Forum","description":"Africa Defense Forum","potentialAction":[{"@type":"SearchAction","target":{"@type":"EntryPoint","urlTemplate":"https:\/\/adf-magazine.com\/?s={search_term_string}"},"query-input":{"@type":"PropertyValueSpecification","valueRequired":true,"valueName":"search_term_string"}}],"inLanguage":"fr-FR"},{"@type":"Person","@id":"https:\/\/adf-magazine.com\/#\/schema\/person\/f266a6061389568b5a11465bb38bc025","name":"ADF","image":{"@type":"ImageObject","inLanguage":"fr-FR","@id":"https:\/\/adf-magazine.com\/wp-content\/uploads\/2020\/05\/cropped-ADF_icon.jpg","url":"https:\/\/adf-magazine.com\/wp-content\/uploads\/2020\/05\/cropped-ADF_icon.jpg","contentUrl":"https:\/\/adf-magazine.com\/wp-content\/uploads\/2020\/05\/cropped-ADF_icon.jpg","caption":"ADF"},"description":"ADF is a professional military magazine published quarterly by U.S. Africa Command to provide an international forum for African security professionals. ADF covers topics such as counter terrorism strategies, security and defense operations, transnational crime, and all other issues affecting peace, stability, and good governance on the African continent.","sameAs":["https:\/\/x.com\/ADFmagazine"],"url":"https:\/\/adf-magazine.com\/fr\/author\/adf\/"}]}},"_links":{"self":[{"href":"https:\/\/adf-magazine.com\/fr\/wp-json\/wp\/v2\/posts\/132768","targetHints":{"allow":["GET"]}}],"collection":[{"href":"https:\/\/adf-magazine.com\/fr\/wp-json\/wp\/v2\/posts"}],"about":[{"href":"https:\/\/adf-magazine.com\/fr\/wp-json\/wp\/v2\/types\/post"}],"author":[{"embeddable":true,"href":"https:\/\/adf-magazine.com\/fr\/wp-json\/wp\/v2\/users\/1"}],"replies":[{"embeddable":true,"href":"https:\/\/adf-magazine.com\/fr\/wp-json\/wp\/v2\/comments?post=132768"}],"version-history":[{"count":0,"href":"https:\/\/adf-magazine.com\/fr\/wp-json\/wp\/v2\/posts\/132768\/revisions"}],"wp:featuredmedia":[{"embeddable":true,"href":"https:\/\/adf-magazine.com\/fr\/wp-json\/wp\/v2\/media\/132763"}],"wp:attachment":[{"href":"https:\/\/adf-magazine.com\/fr\/wp-json\/wp\/v2\/media?parent=132768"}],"wp:term":[{"taxonomy":"category","embeddable":true,"href":"https:\/\/adf-magazine.com\/fr\/wp-json\/wp\/v2\/categories?post=132768"},{"taxonomy":"post_tag","embeddable":true,"href":"https:\/\/adf-magazine.com\/fr\/wp-json\/wp\/v2\/tags?post=132768"}],"curies":[{"name":"wp","href":"https:\/\/api.w.org\/{rel}","templated":true}]}}