{"id":131325,"date":"2025-10-21T14:09:02","date_gmt":"2025-10-21T18:09:02","guid":{"rendered":"https:\/\/adf-magazine.com\/?p=131325"},"modified":"2025-10-21T14:09:47","modified_gmt":"2025-10-21T18:09:47","slug":"un-groupe-lie-a-daech-dans-lest-de-la-rdc-exploite-le-chaos-pour-etendre-ses-operations","status":"publish","type":"post","link":"https:\/\/adf-magazine.com\/fr\/2025\/10\/un-groupe-lie-a-daech-dans-lest-de-la-rdc-exploite-le-chaos-pour-etendre-ses-operations\/","title":{"rendered":"Un groupe li\u00e9 \u00e0 Daech dans l\u2019Est de la RDC exploite le chaos pour \u00e9tendre ses op\u00e9rations"},"content":{"rendered":"<p style=\"font-weight: 400;\">Les terroristes des Forces d\u00e9mocratiques alli\u00e9es exploitent le chaos dans l\u2019Est de la R\u00e9publique d\u00e9mocratique du Congo alors que les forces de s\u00e9curit\u00e9 se focalisent sur le groupe rebelle meurtrier du M23, qui avance dans le Nord.<\/p>\n<p>Les Forces d\u00e9mocratiques alli\u00e9es ont tir\u00e9 profit des combats entre les Forces arm\u00e9es de la R\u00e9publique d\u00e9mocratique du Congo (FARDC) et le M23 pour intensifier leurs propres op\u00e9rations, y compris les attaques contre les civils et les services de s\u00e9curit\u00e9. Cette ann\u00e9e, le M23 s\u2019est avanc\u00e9 au Nord vers la localit\u00e9 de Lubero dans la province du Nord-Kivu, o\u00f9 les deux groupes sont actifs dans des zones diff\u00e9rentes.<\/p>\n<p>\u00ab\u00a0Ce qui a suivi illustre le risque croissant d\u2019ins\u00e9curit\u00e9 \u00e0 cause du chevauchement de la violence\u00a0\u00bb, \u00e9crit Ladd Serwat, analyste avec le projet ACLED (Armed Conflict Location and Event Data).<\/p>\n<p>Au d\u00e9but janvier 2025, le M23 et les Forces rwandaises de d\u00e9fense s\u2019\u00e9taient joints pour combattre les FARDC \u00e0 Kaseghe, localit\u00e9 du territoire de Lubero. Quelques jours plus tard, les Forces d\u00e9mocratiques alli\u00e9es ont profit\u00e9 du chaos et tu\u00e9 11 civils \u00e0 Kaseghe, en marquant le d\u00e9but sanglant d\u2019une ann\u00e9e meurtri\u00e8re. Lorsque le M23 a cherch\u00e9 \u00e0 avancer dans le Nord, il a sollicit\u00e9 un accord de non-agression avec les Forces d\u00e9mocratiques alli\u00e9es, align\u00e9es avec l\u2019\u00c9tat islamique (Daech), mais ces derni\u00e8res ont refus\u00e9, selon le Conseil de s\u00e9curit\u00e9 des Nations unies.<\/p>\n<p>\u00ab\u00a0Bien que le M23 et [les Forces d\u00e9mocratiques alli\u00e9es] ne se soient pas encore affront\u00e9s, leurs op\u00e9rations simultan\u00e9es dans des zones g\u00e9ographiquement voisines ont mis \u00e0 l\u2019\u00e9preuve la capacit\u00e9 des forces arm\u00e9es congolaises pour combattre simultan\u00e9ment les deux groupes, \u00e9crit le Dr\u00a0Serwat. Alors que les FARDC essayaient de contr\u00f4ler l\u2019avanc\u00e9e du M23 au premier trimestre 2025, leur attention a \u00e9t\u00e9 d\u00e9tourn\u00e9e des [Forces d\u00e9mocratiques alli\u00e9es], ce qui a permis \u00e0 ce groupe islamiste d\u2019intensifier son ciblage des civils.\u00a0\u00bb<\/p>\n<p>Selon l\u2019Institut pour les \u00e9tudes de s\u00e9curit\u00e9 (ISS), les terroristes des Forces d\u00e9mocratiques alli\u00e9es agissent au sein de petites cellules agiles, ce qui leur permet de s\u2019infiltrer dans les zones urbaines et les r\u00e9gions voisines en d\u00e9veloppement en tant que chauffeurs de taxi ou marchands. Ceci montre que leur expansion est strat\u00e9gique, pas seulement id\u00e9ologique ou en r\u00e9ponse aux pressions militaires.<\/p>\n<p>Elles emploient un \u00ab\u00a0mod\u00e8le hybride d\u2019insurrection et de crime\u00a0\u00bb, en utilisant souvent les tactiques de fuite des gu\u00e9rilleros, \u00e9crit le chercheur Nirvaly Mooloo de l\u2019ISS. Elles d\u00e9pendent aussi du commerce illicite de l\u2019or, du cacao et du bois, vendu souvent \u00e0 l\u2019Ouganda o\u00f9 le groupe avait \u00e9t\u00e9 cr\u00e9\u00e9 en 1996\u00a0; l\u2019arm\u00e9e ougandaise l\u2019a chass\u00e9 vers l\u2019Est de la RDC en 2002.<\/p>\n<p>Le Bureau de la coordination des affaires humanitaires, d\u00e9partement onusien, signale que le groupe a commis des assassinats extrajudiciaires, des enl\u00e8vements contre ran\u00e7on, des extorsions et une taxation impos\u00e9e aux communaut\u00e9s locales. Il recrute des combattants sp\u00e9cialis\u00e9s dans la fabrication des bombes et la formation militaire par coercition, endoctrinement religieux et tromperie. Ces combattants sont recrut\u00e9s en RDC, et aussi au Burundi, au Kenya, en Somalie et en Tanzanie. Bien qu\u2019il soit affili\u00e9 \u00e0 Daech, les sources locales ont dit \u00e0 l\u2019ISS que certains actes du groupe sont contraires \u00e0 la politique de Daech.<\/p>\n<p>En mars, le service de renseignement de l\u2019arm\u00e9e ougandaise a signal\u00e9 que les Forces d\u00e9mocratiques alli\u00e9es avaient nou\u00e9 de nouvelles alliances avec une coalition de militants de l\u2019ethnie Lendu appel\u00e9e Coop\u00e9rative pour le d\u00e9veloppement du Congo.<\/p>\n<p>Un chef traditionnel de la r\u00e9gion de Kasenye \u00e0 Lubero d\u00e9clare au projet ACLED\u00a0: \u00ab\u00a0Les [Forces d\u00e9mocratiques alli\u00e9es] ne sont plus seules. D\u2019autres groupes arm\u00e9s ayant des m\u00e9thodes similaires sont actifs dans l\u2019ombre.\u00a0\u00bb<\/p>\n<p>Les Forces d\u00e9mocratiques alli\u00e9es sont bien connues pour prendre les \u00e9glises pour cible. En juillet, elles ont massacr\u00e9 au moins 43\u00a0fid\u00e8les, y compris 19\u00a0femmes et 9\u00a0enfants, pendant une messe nocturne dans la localit\u00e9 de Komanda, province de l\u2019Ituri. Le 9 septembre, le groupe a tu\u00e9 plus de 70\u00a0personnes et enlev\u00e9 une centaine pendant une veill\u00e9e \u00e0 Lubero. Il a aussi incendi\u00e9 au moins 16\u00a0maisons. Quelques jours plus tard, il a assassin\u00e9 une douzaine de personnes dans une \u00e9glise catholique du village de Ntoyo, province du Nord-Kivu.<\/p>\n<p>Selon le service num\u00e9rique de presse The Lion, ces attaques ont port\u00e9 \u00e0 un total de 600\u00a0le nombre de personnes tu\u00e9es par les Forces d\u00e9mocratiques alli\u00e9es cette ann\u00e9e. Les r\u00e9sidents ont exprim\u00e9 leur m\u00e9contentement apr\u00e8s l\u2019attaque de Komanda.<\/p>\n<p>Une femme a d\u00e9clar\u00e9 \u00e0 l\u2019Agence France-Presse\u00a0: \u00ab\u00a0Nous sommes vraiment choqu\u00e9s. Des enfants et des femmes ont \u00e9t\u00e9 tu\u00e9s. Que font les services de s\u00e9curit\u00e9 \u00e0 Komanda\u00a0? Ils ne font pas leur travail. Ils ne font absolument rien.\u00a0\u00bb<\/p>\n","protected":false},"excerpt":{"rendered":"<p>Les terroristes des Forces d\u00e9mocratiques alli\u00e9es exploitent le chaos dans l\u2019Est de la R\u00e9publique d\u00e9mocratique du Congo alors que les forces de s\u00e9curit\u00e9 se focalisent sur le groupe rebelle meurtrier du M23, qui avance dans le Nord. Les Forces d\u00e9mocratiques alli\u00e9es ont tir\u00e9 profit des combats entre les Forces arm\u00e9es de la R\u00e9publique d\u00e9mocratique du<\/p>\n","protected":false},"author":1,"featured_media":131317,"comment_status":"open","ping_status":"closed","sticky":false,"template":"","format":"standard","meta":{"_acf_changed":false,"_monsterinsights_skip_tracking":false,"_monsterinsights_sitenote_active":false,"_monsterinsights_sitenote_note":"","_monsterinsights_sitenote_category":0,"_uf_show_specific_survey":0,"_uf_disable_surveys":false,"footnotes":""},"categories":[331],"tags":[1242,430,427,466,1282],"class_list":{"0":"post-131325","1":"post","2":"type-post","3":"status-publish","4":"format-standard","5":"has-post-thumbnail","7":"category-dernieres-nouvelles","8":"tag-etat-islamique","9":"tag-ouganda","10":"tag-republique-democratique-du-congo","11":"tag-rwanda-fr","12":"tag-terrorism-fr"},"acf":[],"yoast_head":"<!-- This site is optimized with the Yoast SEO plugin v27.4 - https:\/\/yoast.com\/product\/yoast-seo-wordpress\/ -->\n<title>Un groupe li\u00e9 \u00e0 Daech dans l\u2019Est de la RDC exploite le chaos pour \u00e9tendre ses op\u00e9rations - Africa Defense Forum<\/title>\n<meta name=\"robots\" content=\"index, follow, max-snippet:-1, max-image-preview:large, max-video-preview:-1\" \/>\n<link rel=\"canonical\" href=\"https:\/\/adf-magazine.com\/ar\/?p=131328\" \/>\n<meta property=\"og:locale\" content=\"fr_FR\" \/>\n<meta property=\"og:type\" content=\"article\" \/>\n<meta property=\"og:title\" content=\"Un groupe li\u00e9 \u00e0 Daech dans l\u2019Est de la RDC exploite le chaos pour \u00e9tendre ses op\u00e9rations - Africa Defense Forum\" \/>\n<meta property=\"og:description\" content=\"Les terroristes des Forces d\u00e9mocratiques alli\u00e9es exploitent le chaos dans l\u2019Est de la R\u00e9publique d\u00e9mocratique du Congo alors que les forces de s\u00e9curit\u00e9 se focalisent sur le groupe rebelle meurtrier du M23, qui avance dans le Nord. Les Forces d\u00e9mocratiques alli\u00e9es ont tir\u00e9 profit des combats entre les Forces arm\u00e9es de la R\u00e9publique d\u00e9mocratique du\" \/>\n<meta property=\"og:url\" content=\"https:\/\/adf-magazine.com\/ar\/?p=131328\" \/>\n<meta property=\"og:site_name\" content=\"Africa Defense Forum\" \/>\n<meta property=\"article:publisher\" content=\"https:\/\/www.facebook.com\/ADFmagazine\/\" \/>\n<meta property=\"article:published_time\" content=\"2025-10-21T18:09:02+00:00\" \/>\n<meta property=\"article:modified_time\" content=\"2025-10-21T18:09:47+00:00\" \/>\n<meta property=\"og:image\" content=\"https:\/\/adf-magazine.com\/wp-content\/uploads\/2025\/10\/GettyImages-2234069491.jpg\" \/>\n\t<meta property=\"og:image:width\" content=\"1024\" \/>\n\t<meta property=\"og:image:height\" content=\"683\" \/>\n\t<meta property=\"og:image:type\" content=\"image\/jpeg\" \/>\n<meta name=\"author\" content=\"ADF\" \/>\n<meta name=\"twitter:card\" content=\"summary_large_image\" \/>\n<meta name=\"twitter:creator\" content=\"@ADFmagazine\" \/>\n<meta name=\"twitter:site\" content=\"@ADFmagazine\" \/>\n<meta name=\"twitter:label1\" content=\"\u00c9crit par\" \/>\n\t<meta name=\"twitter:data1\" content=\"ADF\" \/>\n\t<meta name=\"twitter:label2\" content=\"Dur\u00e9e de lecture estim\u00e9e\" \/>\n\t<meta name=\"twitter:data2\" content=\"4 minutes\" \/>\n<script type=\"application\/ld+json\" class=\"yoast-schema-graph\">{\"@context\":\"https:\\\/\\\/schema.org\",\"@graph\":[{\"@type\":\"Article\",\"@id\":\"https:\\\/\\\/adf-magazine.com\\\/ar\\\/?p=131328#article\",\"isPartOf\":{\"@id\":\"https:\\\/\\\/adf-magazine.com\\\/ar\\\/?p=131328\"},\"author\":{\"name\":\"ADF\",\"@id\":\"https:\\\/\\\/adf-magazine.com\\\/#\\\/schema\\\/person\\\/f266a6061389568b5a11465bb38bc025\"},\"headline\":\"Un groupe li\u00e9 \u00e0 Daech dans l\u2019Est de la RDC exploite le chaos pour \u00e9tendre ses op\u00e9rations\",\"datePublished\":\"2025-10-21T18:09:02+00:00\",\"dateModified\":\"2025-10-21T18:09:47+00:00\",\"mainEntityOfPage\":{\"@id\":\"https:\\\/\\\/adf-magazine.com\\\/ar\\\/?p=131328\"},\"wordCount\":865,\"commentCount\":0,\"image\":{\"@id\":\"https:\\\/\\\/adf-magazine.com\\\/ar\\\/?p=131328#primaryimage\"},\"thumbnailUrl\":\"https:\\\/\\\/adf-magazine.com\\\/wp-content\\\/uploads\\\/2025\\\/10\\\/GettyImages-2234069491.jpg\",\"keywords\":[\"\u00c9tat islamique\",\"Ouganda\",\"R\u00e9publique d\u00e9mocratique du Congo\",\"Rwanda\",\"Terrorism\"],\"articleSection\":[\"Actualit\u00e9s du Jour\"],\"inLanguage\":\"fr-FR\",\"potentialAction\":[{\"@type\":\"CommentAction\",\"name\":\"Comment\",\"target\":[\"https:\\\/\\\/adf-magazine.com\\\/ar\\\/?p=131328#respond\"]}]},{\"@type\":\"WebPage\",\"@id\":\"https:\\\/\\\/adf-magazine.com\\\/ar\\\/?p=131328\",\"url\":\"https:\\\/\\\/adf-magazine.com\\\/ar\\\/?p=131328\",\"name\":\"Un groupe li\u00e9 \u00e0 Daech dans l\u2019Est de la RDC exploite le chaos pour \u00e9tendre ses op\u00e9rations - Africa Defense Forum\",\"isPartOf\":{\"@id\":\"https:\\\/\\\/adf-magazine.com\\\/#website\"},\"primaryImageOfPage\":{\"@id\":\"https:\\\/\\\/adf-magazine.com\\\/ar\\\/?p=131328#primaryimage\"},\"image\":{\"@id\":\"https:\\\/\\\/adf-magazine.com\\\/ar\\\/?p=131328#primaryimage\"},\"thumbnailUrl\":\"https:\\\/\\\/adf-magazine.com\\\/wp-content\\\/uploads\\\/2025\\\/10\\\/GettyImages-2234069491.jpg\",\"datePublished\":\"2025-10-21T18:09:02+00:00\",\"dateModified\":\"2025-10-21T18:09:47+00:00\",\"author\":{\"@id\":\"https:\\\/\\\/adf-magazine.com\\\/#\\\/schema\\\/person\\\/f266a6061389568b5a11465bb38bc025\"},\"breadcrumb\":{\"@id\":\"https:\\\/\\\/adf-magazine.com\\\/ar\\\/?p=131328#breadcrumb\"},\"inLanguage\":\"fr-FR\",\"potentialAction\":[{\"@type\":\"ReadAction\",\"target\":[\"https:\\\/\\\/adf-magazine.com\\\/ar\\\/?p=131328\"]}]},{\"@type\":\"ImageObject\",\"inLanguage\":\"fr-FR\",\"@id\":\"https:\\\/\\\/adf-magazine.com\\\/ar\\\/?p=131328#primaryimage\",\"url\":\"https:\\\/\\\/adf-magazine.com\\\/wp-content\\\/uploads\\\/2025\\\/10\\\/GettyImages-2234069491.jpg\",\"contentUrl\":\"https:\\\/\\\/adf-magazine.com\\\/wp-content\\\/uploads\\\/2025\\\/10\\\/GettyImages-2234069491.jpg\",\"width\":1024,\"height\":683,\"caption\":\"Un homme transporte le cercueil d\u2019une personne tu\u00e9e lors d\u2019un massacre commis par le groupe terroriste des Forces d\u00e9mocratiques alli\u00e9es dans l\u2019Est de la R\u00e9publique d\u00e9mocratique du Congo. AFP\\\/GETTY IMAGES\"},{\"@type\":\"BreadcrumbList\",\"@id\":\"https:\\\/\\\/adf-magazine.com\\\/ar\\\/?p=131328#breadcrumb\",\"itemListElement\":[{\"@type\":\"ListItem\",\"position\":1,\"name\":\"page d\u2019accueil\",\"item\":\"https:\\\/\\\/adf-magazine.com\\\/\"},{\"@type\":\"ListItem\",\"position\":2,\"name\":\"Un groupe li\u00e9 \u00e0 Daech dans l\u2019Est de la RDC exploite le chaos pour \u00e9tendre ses op\u00e9rations\"}]},{\"@type\":\"WebSite\",\"@id\":\"https:\\\/\\\/adf-magazine.com\\\/#website\",\"url\":\"https:\\\/\\\/adf-magazine.com\\\/\",\"name\":\"Africa Defense Forum\",\"description\":\"Africa Defense Forum\",\"potentialAction\":[{\"@type\":\"SearchAction\",\"target\":{\"@type\":\"EntryPoint\",\"urlTemplate\":\"https:\\\/\\\/adf-magazine.com\\\/?s={search_term_string}\"},\"query-input\":{\"@type\":\"PropertyValueSpecification\",\"valueRequired\":true,\"valueName\":\"search_term_string\"}}],\"inLanguage\":\"fr-FR\"},{\"@type\":\"Person\",\"@id\":\"https:\\\/\\\/adf-magazine.com\\\/#\\\/schema\\\/person\\\/f266a6061389568b5a11465bb38bc025\",\"name\":\"ADF\",\"image\":{\"@type\":\"ImageObject\",\"inLanguage\":\"fr-FR\",\"@id\":\"https:\\\/\\\/adf-magazine.com\\\/wp-content\\\/uploads\\\/2020\\\/05\\\/cropped-ADF_icon.jpg\",\"url\":\"https:\\\/\\\/adf-magazine.com\\\/wp-content\\\/uploads\\\/2020\\\/05\\\/cropped-ADF_icon.jpg\",\"contentUrl\":\"https:\\\/\\\/adf-magazine.com\\\/wp-content\\\/uploads\\\/2020\\\/05\\\/cropped-ADF_icon.jpg\",\"caption\":\"ADF\"},\"description\":\"ADF is a professional military magazine published quarterly by U.S. Africa Command to provide an international forum for African security professionals. ADF covers topics such as counter terrorism strategies, security and defense operations, transnational crime, and all other issues affecting peace, stability, and good governance on the African continent.\",\"sameAs\":[\"https:\\\/\\\/x.com\\\/ADFmagazine\"],\"url\":\"https:\\\/\\\/adf-magazine.com\\\/fr\\\/author\\\/adf\\\/\"}]}<\/script>\n<!-- \/ Yoast SEO plugin. -->","yoast_head_json":{"title":"Un groupe li\u00e9 \u00e0 Daech dans l\u2019Est de la RDC exploite le chaos pour \u00e9tendre ses op\u00e9rations - Africa Defense Forum","robots":{"index":"index","follow":"follow","max-snippet":"max-snippet:-1","max-image-preview":"max-image-preview:large","max-video-preview":"max-video-preview:-1"},"canonical":"https:\/\/adf-magazine.com\/ar\/?p=131328","og_locale":"fr_FR","og_type":"article","og_title":"Un groupe li\u00e9 \u00e0 Daech dans l\u2019Est de la RDC exploite le chaos pour \u00e9tendre ses op\u00e9rations - Africa Defense Forum","og_description":"Les terroristes des Forces d\u00e9mocratiques alli\u00e9es exploitent le chaos dans l\u2019Est de la R\u00e9publique d\u00e9mocratique du Congo alors que les forces de s\u00e9curit\u00e9 se focalisent sur le groupe rebelle meurtrier du M23, qui avance dans le Nord. Les Forces d\u00e9mocratiques alli\u00e9es ont tir\u00e9 profit des combats entre les Forces arm\u00e9es de la R\u00e9publique d\u00e9mocratique du","og_url":"https:\/\/adf-magazine.com\/ar\/?p=131328","og_site_name":"Africa Defense Forum","article_publisher":"https:\/\/www.facebook.com\/ADFmagazine\/","article_published_time":"2025-10-21T18:09:02+00:00","article_modified_time":"2025-10-21T18:09:47+00:00","og_image":[{"width":1024,"height":683,"url":"https:\/\/adf-magazine.com\/wp-content\/uploads\/2025\/10\/GettyImages-2234069491.jpg","type":"image\/jpeg"}],"author":"ADF","twitter_card":"summary_large_image","twitter_creator":"@ADFmagazine","twitter_site":"@ADFmagazine","twitter_misc":{"\u00c9crit par":"ADF","Dur\u00e9e de lecture estim\u00e9e":"4 minutes"},"schema":{"@context":"https:\/\/schema.org","@graph":[{"@type":"Article","@id":"https:\/\/adf-magazine.com\/ar\/?p=131328#article","isPartOf":{"@id":"https:\/\/adf-magazine.com\/ar\/?p=131328"},"author":{"name":"ADF","@id":"https:\/\/adf-magazine.com\/#\/schema\/person\/f266a6061389568b5a11465bb38bc025"},"headline":"Un groupe li\u00e9 \u00e0 Daech dans l\u2019Est de la RDC exploite le chaos pour \u00e9tendre ses op\u00e9rations","datePublished":"2025-10-21T18:09:02+00:00","dateModified":"2025-10-21T18:09:47+00:00","mainEntityOfPage":{"@id":"https:\/\/adf-magazine.com\/ar\/?p=131328"},"wordCount":865,"commentCount":0,"image":{"@id":"https:\/\/adf-magazine.com\/ar\/?p=131328#primaryimage"},"thumbnailUrl":"https:\/\/adf-magazine.com\/wp-content\/uploads\/2025\/10\/GettyImages-2234069491.jpg","keywords":["\u00c9tat islamique","Ouganda","R\u00e9publique d\u00e9mocratique du Congo","Rwanda","Terrorism"],"articleSection":["Actualit\u00e9s du Jour"],"inLanguage":"fr-FR","potentialAction":[{"@type":"CommentAction","name":"Comment","target":["https:\/\/adf-magazine.com\/ar\/?p=131328#respond"]}]},{"@type":"WebPage","@id":"https:\/\/adf-magazine.com\/ar\/?p=131328","url":"https:\/\/adf-magazine.com\/ar\/?p=131328","name":"Un groupe li\u00e9 \u00e0 Daech dans l\u2019Est de la RDC exploite le chaos pour \u00e9tendre ses op\u00e9rations - Africa Defense Forum","isPartOf":{"@id":"https:\/\/adf-magazine.com\/#website"},"primaryImageOfPage":{"@id":"https:\/\/adf-magazine.com\/ar\/?p=131328#primaryimage"},"image":{"@id":"https:\/\/adf-magazine.com\/ar\/?p=131328#primaryimage"},"thumbnailUrl":"https:\/\/adf-magazine.com\/wp-content\/uploads\/2025\/10\/GettyImages-2234069491.jpg","datePublished":"2025-10-21T18:09:02+00:00","dateModified":"2025-10-21T18:09:47+00:00","author":{"@id":"https:\/\/adf-magazine.com\/#\/schema\/person\/f266a6061389568b5a11465bb38bc025"},"breadcrumb":{"@id":"https:\/\/adf-magazine.com\/ar\/?p=131328#breadcrumb"},"inLanguage":"fr-FR","potentialAction":[{"@type":"ReadAction","target":["https:\/\/adf-magazine.com\/ar\/?p=131328"]}]},{"@type":"ImageObject","inLanguage":"fr-FR","@id":"https:\/\/adf-magazine.com\/ar\/?p=131328#primaryimage","url":"https:\/\/adf-magazine.com\/wp-content\/uploads\/2025\/10\/GettyImages-2234069491.jpg","contentUrl":"https:\/\/adf-magazine.com\/wp-content\/uploads\/2025\/10\/GettyImages-2234069491.jpg","width":1024,"height":683,"caption":"Un homme transporte le cercueil d\u2019une personne tu\u00e9e lors d\u2019un massacre commis par le groupe terroriste des Forces d\u00e9mocratiques alli\u00e9es dans l\u2019Est de la R\u00e9publique d\u00e9mocratique du Congo. AFP\/GETTY IMAGES"},{"@type":"BreadcrumbList","@id":"https:\/\/adf-magazine.com\/ar\/?p=131328#breadcrumb","itemListElement":[{"@type":"ListItem","position":1,"name":"page d\u2019accueil","item":"https:\/\/adf-magazine.com\/"},{"@type":"ListItem","position":2,"name":"Un groupe li\u00e9 \u00e0 Daech dans l\u2019Est de la RDC exploite le chaos pour \u00e9tendre ses op\u00e9rations"}]},{"@type":"WebSite","@id":"https:\/\/adf-magazine.com\/#website","url":"https:\/\/adf-magazine.com\/","name":"Africa Defense Forum","description":"Africa Defense Forum","potentialAction":[{"@type":"SearchAction","target":{"@type":"EntryPoint","urlTemplate":"https:\/\/adf-magazine.com\/?s={search_term_string}"},"query-input":{"@type":"PropertyValueSpecification","valueRequired":true,"valueName":"search_term_string"}}],"inLanguage":"fr-FR"},{"@type":"Person","@id":"https:\/\/adf-magazine.com\/#\/schema\/person\/f266a6061389568b5a11465bb38bc025","name":"ADF","image":{"@type":"ImageObject","inLanguage":"fr-FR","@id":"https:\/\/adf-magazine.com\/wp-content\/uploads\/2020\/05\/cropped-ADF_icon.jpg","url":"https:\/\/adf-magazine.com\/wp-content\/uploads\/2020\/05\/cropped-ADF_icon.jpg","contentUrl":"https:\/\/adf-magazine.com\/wp-content\/uploads\/2020\/05\/cropped-ADF_icon.jpg","caption":"ADF"},"description":"ADF is a professional military magazine published quarterly by U.S. Africa Command to provide an international forum for African security professionals. ADF covers topics such as counter terrorism strategies, security and defense operations, transnational crime, and all other issues affecting peace, stability, and good governance on the African continent.","sameAs":["https:\/\/x.com\/ADFmagazine"],"url":"https:\/\/adf-magazine.com\/fr\/author\/adf\/"}]}},"_links":{"self":[{"href":"https:\/\/adf-magazine.com\/fr\/wp-json\/wp\/v2\/posts\/131325","targetHints":{"allow":["GET"]}}],"collection":[{"href":"https:\/\/adf-magazine.com\/fr\/wp-json\/wp\/v2\/posts"}],"about":[{"href":"https:\/\/adf-magazine.com\/fr\/wp-json\/wp\/v2\/types\/post"}],"author":[{"embeddable":true,"href":"https:\/\/adf-magazine.com\/fr\/wp-json\/wp\/v2\/users\/1"}],"replies":[{"embeddable":true,"href":"https:\/\/adf-magazine.com\/fr\/wp-json\/wp\/v2\/comments?post=131325"}],"version-history":[{"count":0,"href":"https:\/\/adf-magazine.com\/fr\/wp-json\/wp\/v2\/posts\/131325\/revisions"}],"wp:featuredmedia":[{"embeddable":true,"href":"https:\/\/adf-magazine.com\/fr\/wp-json\/wp\/v2\/media\/131317"}],"wp:attachment":[{"href":"https:\/\/adf-magazine.com\/fr\/wp-json\/wp\/v2\/media?parent=131325"}],"wp:term":[{"taxonomy":"category","embeddable":true,"href":"https:\/\/adf-magazine.com\/fr\/wp-json\/wp\/v2\/categories?post=131325"},{"taxonomy":"post_tag","embeddable":true,"href":"https:\/\/adf-magazine.com\/fr\/wp-json\/wp\/v2\/tags?post=131325"}],"curies":[{"name":"wp","href":"https:\/\/api.w.org\/{rel}","templated":true}]}}