{"id":129965,"date":"2025-08-06T10:50:14","date_gmt":"2025-08-06T14:50:14","guid":{"rendered":"https:\/\/adf-magazine.com\/?p=129965"},"modified":"2025-08-11T10:13:47","modified_gmt":"2025-08-11T14:13:47","slug":"un-bastion-contre-lextremisme","status":"publish","type":"post","link":"https:\/\/adf-magazine.com\/fr\/2025\/08\/un-bastion-contre-lextremisme\/","title":{"rendered":"Un Bastion Contre L\u2019extr\u00e9misme"},"content":{"rendered":"<p class=\"p1\">La terreur est arriv\u00e9e au B\u00e9nin en 2019. Des extr\u00e9mistes bas\u00e9s au Sahel ont surgi du parc national de la Pendjari et enlev\u00e9 deux touristes fran\u00e7ais et leur guide. Depuis lors, une vague d\u2019incursions d\u00e9ferle sur le pays et s\u2019intensifie chaque ann\u00e9e.<\/p>\n<p class=\"p2\">Le B\u00e9nin a d\u00e9ploy\u00e9 3.000 soldats au Nord du pays dans le cadre de l\u2019op\u00e9ration Mirador pour emp\u00eacher les attaques des militants contre les civils, les forces de s\u00e9curit\u00e9 et les gardes forestiers dans le complexe W-Arly-Pendjari (WAP), qui inclut des territoires du B\u00e9nin, du Burkina Faso et du Niger. Les militants bas\u00e9s au Sahel ont intensifi\u00e9 leurs attaques contre le B\u00e9nin et le Togo et ont avanc\u00e9 insidieusement vers la C\u00f4te d\u2019Ivoire, le Ghana, la Guin\u00e9e, la Mauritanie et le S\u00e9n\u00e9gal.<\/p>\n<p class=\"p2\">\u00ab Le nombre annuel d\u2019\u00e9v\u00e9nements violents li\u00e9s aux groupes islamistes militants dans les pays du littoral d\u2019Afrique de l\u2019Ouest et \u00e0 moins de 50 km des fronti\u00e8res du Sahel a augment\u00e9 de plus de 250 % au cours des deux derni\u00e8res ann\u00e9es, en d\u00e9passant 450 incidents \u00bb, selon les chercheurs Daniel Eizenga et Amandine Gnangu\u00eanon, dans un rapport de juillet 2024 pour le Centre d\u2019\u00e9tudes strat\u00e9giques de l\u2019Afrique (CESA).<\/p>\n<p class=\"p2\">Cette tendance meurtri\u00e8re a continu\u00e9 le 8 janvier 2025 lorsque les militants ont attaqu\u00e9 les forces de l\u2019op\u00e9ration Mirador, en tuant 28 soldats dans l\u2019Alibori, un d\u00e9partement en bordure du Burkina Faso, du Niger et du Nigeria.<\/p>\n<p class=\"p2\">\u00ab Nous avons re\u00e7u un coup tr\u00e8s dur \u00bb, d\u00e9clare \u00e0 la BBC le colonel b\u00e9ninois Faizou Gomina, chef d\u2019\u00e9tat-major de la Garde nationale. Il dit que le poste attaqu\u00e9 \u00e9tait \u00ab l\u2019un des plus forts et des plus militaris\u00e9s \u00bb et demande aux commandants de renforcer les op\u00e9rations pour pr\u00e9venir d\u2019autres attaques. L\u2019association extr\u00e9miste du Groupe de soutien \u00e0 l\u2019islam et aux musulmans (GSIM) li\u00e9e \u00e0 Al-Qa\u00efda a revendiqu\u00e9 la responsabilit\u00e9. Une source militaire a d\u00e9clar\u00e9 \u00e0 l\u2019Agence France-Presse que les soldats avaient ripost\u00e9, en tuant 40 militants.<\/p>\n<p class=\"p2\"><span class=\"s1\">\u00ab R\u00e9veillez-vous, officiers et chefs de section. Nous avons des batailles \u00e0 gagner \u00bb, a d\u00e9clar\u00e9 le colonel Gomina.<\/span><\/p>\n<figure id=\"attachment_129586\" aria-describedby=\"caption-attachment-129586\" style=\"width: 1080px\" class=\"wp-caption aligncenter\"><a href=\"https:\/\/adf-magazine.com\/wp-content\/uploads\/2025\/08\/Resiliency_1233372029_CMYK.jpg\"><img fetchpriority=\"high\" decoding=\"async\" class=\"size-full wp-image-129586\" src=\"https:\/\/adf-magazine.com\/wp-content\/uploads\/2025\/08\/Resiliency_1233372029_CMYK.jpg\" alt=\"\" width=\"1080\" height=\"706\" srcset=\"https:\/\/adf-magazine.com\/wp-content\/uploads\/2025\/08\/Resiliency_1233372029_CMYK.jpg 1080w, https:\/\/adf-magazine.com\/wp-content\/uploads\/2025\/08\/Resiliency_1233372029_CMYK-300x196.jpg 300w, https:\/\/adf-magazine.com\/wp-content\/uploads\/2025\/08\/Resiliency_1233372029_CMYK-1024x669.jpg 1024w, https:\/\/adf-magazine.com\/wp-content\/uploads\/2025\/08\/Resiliency_1233372029_CMYK-768x502.jpg 768w, https:\/\/adf-magazine.com\/wp-content\/uploads\/2025\/08\/Resiliency_1233372029_CMYK-150x98.jpg 150w, https:\/\/adf-magazine.com\/wp-content\/uploads\/2025\/08\/Resiliency_1233372029_CMYK-450x294.jpg 450w\" sizes=\"(max-width: 1080px) 100vw, 1080px\" \/><\/a><figcaption id=\"caption-attachment-129586\" class=\"wp-caption-text\">L\u2019Acad\u00e9mie internationale de lutte contre le terrorisme de la C\u00f4te d\u2019Ivoire \u00e0 Jacqueville entra\u00eene les forces du contre-terrorisme de la r\u00e9gion. AFP\/GETTY IMAGES<\/figcaption><\/figure>\n<p class=\"p4\"><b>UNE MENACE CROISSANTE<\/b><\/p>\n<p class=\"p1\">Les chefs terroristes se sont r\u00e9unis dans la r\u00e9gion centrale du Mali en f\u00e9vrier 2020 pour discuter de leur expansion vers le golfe de Guin\u00e9e, principalement \u00e0 travers le B\u00e9nin et la C\u00f4te d\u2019Ivoire, et des attaques contre les bases militaires de ces pays.<\/p>\n<p class=\"p2\">Les responsables fran\u00e7ais de la s\u00e9curit\u00e9 ont d\u00e9clar\u00e9 que la r\u00e9union avait regroup\u00e9 des chefs d\u2019Al-Qa\u00efda au Maghreb islamique, d\u2019Ansar Dine, du GSIM et du Front de lib\u00e9ration du Macina.<\/p>\n<p class=\"p2\"><span class=\"s2\">Depuis lors, la s\u00e9curit\u00e9 s\u2019est consid\u00e9rablement d\u00e9grad\u00e9e au Sahel. Une s\u00e9rie de coups d\u2019\u00c9tat dans les pays sah\u00e9liens du Burkina Faso, du Mali et du Niger, le renvoi des forces de s\u00e9curit\u00e9 occidentales et la trop grande d\u00e9pendance sur les tactiques brutales des mercenaires russes ont tous conduit \u00e0 l\u2019aggravation de la situation s\u00e9curitaire. Le nombre d\u2019attaques et de morts a augment\u00e9 r\u00e9guli\u00e8rement. Les pays du littoral constatent que la s\u00e9curit\u00e9 de leur fronti\u00e8re se d\u00e9t\u00e9riore, malgr\u00e9 des efforts pour la renforcer. <\/span><\/p>\n<p class=\"p2\">Les chercheurs Eizenga et Gnangu\u00eanon \u00e9crivent pour le CESA : \u00ab L\u2019expansion rapide vers l\u2019Ouest et le Sud de la violence islamiste militante au Mali, au Burkina Faso et au Niger au cours des derni\u00e8res ann\u00e9es a provoqu\u00e9 une augmentation dramatique du nombre d\u2019\u00e9v\u00e9nements violents aux fronti\u00e8res des pays du littoral d\u2019Afrique de l\u2019Ouest et au-del\u00e0, de la Mauritanie au Nigeria. Alors que l\u2019attention s\u2019est surtout concentr\u00e9e sur le B\u00e9nin et le Togo, on a enregistr\u00e9 deux douzaines d\u2019incidents extr\u00e9mistes violents au Mali \u00e0 moins de 50 km des fronti\u00e8res de la Mauritanie, du S\u00e9n\u00e9gal et de la Guin\u00e9e, dans des r\u00e9gions o\u00f9, jusqu\u2019\u00e0 r\u00e9cemment, il y avait eu peu d\u2019activit\u00e9, ou il n\u2019y en avait pas eu du tout. \u00bb<\/p>\n<figure id=\"attachment_129602\" aria-describedby=\"caption-attachment-129602\" style=\"width: 1080px\" class=\"wp-caption aligncenter\"><a href=\"https:\/\/adf-magazine.com\/wp-content\/uploads\/2025\/08\/Resiliency_1248238555_CMYK.jpg\"><img decoding=\"async\" class=\"size-full wp-image-129602\" src=\"https:\/\/adf-magazine.com\/wp-content\/uploads\/2025\/08\/Resiliency_1248238555_CMYK.jpg\" alt=\"\" width=\"1080\" height=\"720\" srcset=\"https:\/\/adf-magazine.com\/wp-content\/uploads\/2025\/08\/Resiliency_1248238555_CMYK.jpg 1080w, https:\/\/adf-magazine.com\/wp-content\/uploads\/2025\/08\/Resiliency_1248238555_CMYK-300x200.jpg 300w, https:\/\/adf-magazine.com\/wp-content\/uploads\/2025\/08\/Resiliency_1248238555_CMYK-1024x683.jpg 1024w, https:\/\/adf-magazine.com\/wp-content\/uploads\/2025\/08\/Resiliency_1248238555_CMYK-768x512.jpg 768w, https:\/\/adf-magazine.com\/wp-content\/uploads\/2025\/08\/Resiliency_1248238555_CMYK-150x100.jpg 150w, https:\/\/adf-magazine.com\/wp-content\/uploads\/2025\/08\/Resiliency_1248238555_CMYK-450x300.jpg 450w\" sizes=\"(max-width: 1080px) 100vw, 1080px\" \/><\/a><figcaption id=\"caption-attachment-129602\" class=\"wp-caption-text\">Les forces sp\u00e9ciales ivoiriennes participent \u00e0 l\u2019exercice Flintlock en mars 2023. AFP\/GETTY IMAGES<\/figcaption><\/figure>\n<p class=\"p4\"><b>DES ZONES PR\u00c9OCCUPANTES<\/b><\/p>\n<p class=\"p1\">La r\u00e9gion o\u00f9 le Burkina Faso, la C\u00f4te d\u2019Ivoire et le Mali ont une fronti\u00e8re commune est l\u2019un des deux points sensibles. Le Burkina Faso et le Mali d\u00e9pendent du port d\u2019Abidjan pour un pourcentage important de leurs importations. Le Burkina Faso envoie plus de la moiti\u00e9 de ses exportations par Abidjan, selon le CESA.<\/p>\n<p class=\"p2\">La route a aussi une grande quantit\u00e9 de mines d\u2019or artisanales. Les mines, les routes commerciales et les r\u00e9seaux de trafic offrent des cibles attrayantes pour les extr\u00e9mistes.<\/p>\n<p class=\"p2\">Le complexe WAP transnational d\u2019une superficie de 26.361 km carr\u00e9s pr\u00e9sente une deuxi\u00e8me source de p\u00e9ril pour les pays du littoral, en particulier le B\u00e9nin et le Togo. Les militants affili\u00e9s au GSIM infestent le complexe depuis 2018, selon le CESA. L\u2019\u00c9tat islamique dans le Grand Sahara a infiltr\u00e9 le parc du c\u00f4t\u00e9 nig\u00e9rien.<\/p>\n<p class=\"p2\">Les extr\u00e9mistes se sont alli\u00e9s aux contrebandiers r\u00e9gionaux qui trafiquent des cigarettes, des m\u00e9dicaments contrefaits et des produits, du carburant, de l\u2019or et des fusils \u00e0 travers les parcs, selon le rapport du CESA.<\/p>\n<p class=\"p2\"><span class=\"s2\">Plusieurs couloirs \u00e9conomiques majeurs traversent le complexe WAP, notamment les routes Ouagadougou-Lom\u00e9, Niamey-Lom\u00e9, Niamey-Cotonou, Ouagadougou-Accra et Niamey-Ouagadougou. Environ les deux tiers des importations du Burkina Faso entrent au B\u00e9nin par ces couloirs. Le couloir Niamey-Cotonou est travers\u00e9 par plus de la moiti\u00e9 des \u00e9changes commerciaux du Niger, selon le CESA. Les militants menacent toutes ces routes.<\/span><\/p>\n<p class=\"p4\"><b><a href=\"https:\/\/adf-magazine.com\/wp-content\/uploads\/2025\/08\/ADF_V18N2_FRN_Graph.jpg\"><img decoding=\"async\" class=\"aligncenter size-full wp-image-129968\" src=\"https:\/\/adf-magazine.com\/wp-content\/uploads\/2025\/08\/ADF_V18N2_FRN_Graph.jpg\" alt=\"\" width=\"474\" height=\"716\" srcset=\"https:\/\/adf-magazine.com\/wp-content\/uploads\/2025\/08\/ADF_V18N2_FRN_Graph.jpg 474w, https:\/\/adf-magazine.com\/wp-content\/uploads\/2025\/08\/ADF_V18N2_FRN_Graph-300x453.jpg 300w, https:\/\/adf-magazine.com\/wp-content\/uploads\/2025\/08\/ADF_V18N2_FRN_Graph-150x227.jpg 150w, https:\/\/adf-magazine.com\/wp-content\/uploads\/2025\/08\/ADF_V18N2_FRN_Graph-450x680.jpg 450w\" sizes=\"(max-width: 474px) 100vw, 474px\" \/><\/a>DES EFFORTS NATIONAUX<\/b><\/p>\n<p class=\"p1\">Parmi ces menaces, les pays du littoral ont pris des mesures pour prot\u00e9ger leur souverainet\u00e9 et emp\u00eacher leurs citoyens vuln\u00e9rables de succomber au chant des sir\u00e8nes extr\u00e9mistes.<\/p>\n<p class=\"p2\">Voici quelques-uns de ces efforts :<\/p>\n<p class=\"p2\">Le <b>B\u00e9nin<\/b> affronte certaines menaces parmi les plus persistantes, comme le souligne l\u2019attaque de janvier 2025. La cr\u00e9ation de l\u2019Agence b\u00e9ninoise pour la gestion int\u00e9gr\u00e9e des zones frontali\u00e8res combine la s\u00e9curit\u00e9 et le d\u00e9veloppement dans les zones vuln\u00e9rables.<\/p>\n<p class=\"p2\">Les autorit\u00e9s b\u00e9ninoises ont aussi conclu un accord avec le Niger vers la mi-2022 pour combattre l\u2019extr\u00e9misme le long de leur fronti\u00e8re commune. Toutefois, un an plus tard, une junte a renvers\u00e9 le gouvernement d\u00e9mocratiquement \u00e9lu du Niger et a mis fin \u00e0 l\u2019accord. Les discussions concernant un plan de s\u00e9curit\u00e9 et de gestion unifi\u00e9 pour le complexe WAP ont aussi \u00e9t\u00e9 suspendues.<\/p>\n<p class=\"p2\">Entre 2021 et 2023, le B\u00e9nin a investi 130 millions de dollars dans ses forces de s\u00e9curit\u00e9, y compris un avant-poste de renseignement dans le parc national de la Pendjari et huit bases militaires strat\u00e9giquement positionn\u00e9es dans les parcs, selon le magazine New Lines.<\/p>\n<p class=\"p2\">L\u2019une de ces bases \u00e0 Kourou-Koalou est situ\u00e9e \u00e0 l\u2019endroit o\u00f9 le B\u00e9nin, le Burkina Faso et le Togo convergent. Elle est \u00e9quip\u00e9e d\u2019une artillerie lourde et de chars d\u2019assaut, selon le reportage de New Lines. Le contingent de 3.000 soldats de Mirador est soutenu par des effectifs additionnels de 4.000 qui sont sujets \u00e0 des rotations saisonni\u00e8res, selon le CESA. D\u2019autres forces locales s\u2019\u00e9levant \u00e0 1.000 personnes aident \u00e0 obtenir des renseignements. Ils travaillent tous avec African Parks, groupe de conservation bas\u00e9 en Afrique du Sud qui g\u00e8re le c\u00f4t\u00e9 b\u00e9ninois du parc de la Pendjari et les r\u00e9serves foresti\u00e8res.<\/p>\n<p class=\"p2\">La <b>C\u00f4te d\u2019Ivoire<\/b> a r\u00e9pondu \u00e0 la menace des attaques transfrontali\u00e8res en fortifiant sa pr\u00e9sence s\u00e9curitaire r\u00e9gionale et en investissant dans des programmes socio-<br \/>\n\u00e9conomiques. En 2022, le gouvernement a lanc\u00e9 le programme pour combattre la fragilit\u00e9 dans les zones fronti\u00e8res du Nord. Il combine une pr\u00e9sence militaire renforc\u00e9e avec des investissements en infrastructure et des programmes sociaux orient\u00e9s vers les jeunes.<\/p>\n<p class=\"p2\">L\u2019objectif est de donner aux jeunes de six r\u00e9gions du Nord les outils n\u00e9cessaires pour r\u00e9sister \u00e0 l\u2019attrait des extr\u00e9mistes. Par exemple, le programme a vers\u00e9 \u00e0 Samuel Y\u00e9o, \u00e9leveur de porcs \u00e0 Ouaragn\u00e9n\u00e9, un million de FCFA, ce qui l\u2019a aid\u00e9 \u00e0 plus que tripler le nombre de ses animaux, pour atteindre un total de 70. \u00c0 un certain moment, il vendait une dizaine d\u2019animaux entre 150.000 et 200.000 FCFA chaque mois et il a ouvert deux petits espaces gastronomiques o\u00f9 il vend la viande de porc mijot\u00e9e.<\/p>\n<p class=\"p2\">Moins d\u2019un an apr\u00e8s son lancement, le programme avait soutenu 23.892 personnes, selon un rapport du gouvernement. L\u2019effort a aid\u00e9 plus de 30.000 b\u00e9n\u00e9ficiaires en 2023. Le programme se concentre sur les efforts \u00e0 main d\u2019\u0153uvre intensive, la formation, la production de revenus, les micro- et petites entreprises, les subsides aux ouvriers du secteur informel, le b\u00e9n\u00e9volat et les associations d\u2019\u00e9pargne et de cr\u00e9dit des villages.<\/p>\n<p class=\"p2\">Le programme de la C\u00f4te d\u2019Ivoire est consid\u00e9r\u00e9 comme un succ\u00e8s et les op\u00e9rations militaires collaboratives entre les forces ivoiriennes et burkinab\u00e9s en 2020 et 2021 ont assur\u00e9 \u00ab une meilleure s\u00e9curit\u00e9, communication et coordination transfrontali\u00e8res \u00bb, \u00e9crivent les chercheurs Eizenga and Gnangu\u00eanon. Mais la coop\u00e9ration a chut\u00e9 apr\u00e8s les coups d\u2019\u00c9tat au Burkina Faso.<\/p>\n<p class=\"p2\">Le <b>Togo<\/b> a lanc\u00e9 le programme d\u2019urgence pour la r\u00e9gion des Savanes afin de d\u00e9velopper la r\u00e9silience dans le Nord. Entre 2021 et 2023, les autorit\u00e9s ont construit une centrale \u00e9lectrique solaire de 25 m\u00e9gawatts \u00e0 Dapaong qui a permis d\u2019\u00e9lectrifier 15.000 foyers suppl\u00e9mentaires, soit une augmentation r\u00e9gionale de 29 \u00e0 42 %, selon le reportage du site web Togo First de janvier 2025. Environ 80.000 personnes ont gagn\u00e9 un acc\u00e8s \u00e0 l\u2019eau potable, repr\u00e9sentant une augmentation de 64 \u00e0 73,5 %<\/p>\n<p class=\"p2\">Plus de 1.000 hectares ont \u00e9t\u00e9 d\u00e9velopp\u00e9s et l\u2019arriv\u00e9e du mat\u00e9riel moderne a am\u00e9lior\u00e9 la productivit\u00e9 et la comp\u00e9titivit\u00e9 des cultivateurs locaux.<\/p>\n<p class=\"p2\">Un programme de 18 mois visant \u00e0 renforcer la r\u00e9silience contre l\u2019extr\u00e9misme violent dans la r\u00e9gion des Savanes a \u00e9t\u00e9 lanc\u00e9 en janvier 2024 avec un financement de 5 millions d\u2019euros de l\u2019Union europ\u00e9enne. Le premier des deux projets couvrira sept pr\u00e9fectures et aidera dix organisations locales \u00e0 lancer des micro-projets pour am\u00e9liorer la situation de l\u2019emploi, selon le reportage de Togo First.<\/p>\n<p class=\"p2\">Le deuxi\u00e8me projet vise deux pr\u00e9fectures de la r\u00e9gion Centrale. Il distribuera un \u00e9quipement clinique et scolaire \u00e0 10.000 personnes, soutiendra financi\u00e8rement 4.000 femmes et renforcera les aptitudes de pr\u00e9vention des conflits de 2.000 personnes, y compris les autorit\u00e9s locales. Il fournira des subventions \u00e0 100 jeunes entrepreneurs.<\/p>\n<p class=\"p4\"><b><a href=\"https:\/\/adf-magazine.com\/wp-content\/uploads\/2025\/08\/ADF_V18N2_FRN_Map2.jpg\"><img loading=\"lazy\" decoding=\"async\" class=\"aligncenter size-full wp-image-129972\" src=\"https:\/\/adf-magazine.com\/wp-content\/uploads\/2025\/08\/ADF_V18N2_FRN_Map2.jpg\" alt=\"\" width=\"1237\" height=\"629\" srcset=\"https:\/\/adf-magazine.com\/wp-content\/uploads\/2025\/08\/ADF_V18N2_FRN_Map2.jpg 1237w, https:\/\/adf-magazine.com\/wp-content\/uploads\/2025\/08\/ADF_V18N2_FRN_Map2-300x153.jpg 300w, https:\/\/adf-magazine.com\/wp-content\/uploads\/2025\/08\/ADF_V18N2_FRN_Map2-1024x521.jpg 1024w, https:\/\/adf-magazine.com\/wp-content\/uploads\/2025\/08\/ADF_V18N2_FRN_Map2-768x391.jpg 768w, https:\/\/adf-magazine.com\/wp-content\/uploads\/2025\/08\/ADF_V18N2_FRN_Map2-150x76.jpg 150w, https:\/\/adf-magazine.com\/wp-content\/uploads\/2025\/08\/ADF_V18N2_FRN_Map2-450x229.jpg 450w, https:\/\/adf-magazine.com\/wp-content\/uploads\/2025\/08\/ADF_V18N2_FRN_Map2-1200x610.jpg 1200w\" sizes=\"(max-width: 1237px) 100vw, 1237px\" \/><\/a>MIEUX ENSEMBLE<\/b><\/p>\n<p class=\"p1\">Bien que les pays aient \u0153uvr\u00e9 individuellement pour combattre la menace extr\u00e9miste, les chercheurs Eizenga and Gnangu\u00eanon d\u00e9clarent qu\u2019une coordination r\u00e9gionale am\u00e9lior\u00e9e est requise. Ils \u00e9num\u00e8rent plusieurs recommandations pour aider les pays du littoral :<\/p>\n<p class=\"p2\"><b>Demander aux forces de s\u00e9curit\u00e9 d\u2019\u00e9tablir des rapports avec les civils :<\/b> Les soldats, les policiers et les douaniers ne peuvent pas simplement \u00eatre pr\u00e9sents dans les r\u00e9gions frontali\u00e8res. Ils doivent gagner la confiance des r\u00e9sidents et respecter leurs biens. Le personnel de s\u00e9curit\u00e9 devra apprendre \u00e0 att\u00e9nuer les pr\u00e9judices et travailler avec les communaut\u00e9s. Les tactiques \u00e0 la main lourde peuvent d\u00e9truire la confiance difficilement gagn\u00e9e. Le Centre international de formation au maintien de la paix Kofi Annan du Ghana et l\u2019Acad\u00e9mie internationale de lutte contre le terrorisme de C\u00f4te d\u2019Ivoire peuvent aider.<\/p>\n<p class=\"p2\"><b>Renforcer le d\u00e9veloppement dans les zones vuln\u00e9rables :<\/b> Ceci se produit d\u00e9j\u00e0, et son succ\u00e8s d\u00e9montre que les efforts doivent exc\u00e9der les approches militaires. Les pays qui ont du succ\u00e8s dans ces efforts pourraient aider \u00e0 \u00e9tablir des \u00ab \u00e9changes de d\u00e9veloppement \u00bb r\u00e9gionaux.<\/p>\n<p class=\"p2\"><b>\u00c9tablir une strat\u00e9gie r\u00e9gionale concernant les risques du complexe WAP :<\/b> Le B\u00e9nin, le Ghana, le Nigeria et le Togo devraient coordonner leurs politiques existantes pour les territoires frontaliers et les espaces prot\u00e9g\u00e9s. Les pays doivent \u00e9valuer les op\u00e9rations de s\u00e9curit\u00e9 en fonction des efforts de pr\u00e9servation et de protection des moyens de subsistance des communaut\u00e9s.<\/p>\n<p class=\"p2\"><b>Rationaliser le partage des renseignements :<\/b> Les pays devraient maintenir des fili\u00e8res ouvertes pour que les forces de s\u00e9curit\u00e9 puissent \u00e9changer les informations lorsque les extr\u00e9mistes sont en marche. Les \u00e9valuations pourraient \u00eatre combin\u00e9es aux informations du r\u00e9seau d\u2019alerte pr\u00e9coce de la Communaut\u00e9 \u00e9conomique des \u00c9tats d\u2019Afrique de l\u2019Ouest (CEDEAO).<\/p>\n<p class=\"p2\"><b>Adopter une strat\u00e9gie de stabilisation multi-dimensionnelle :<\/b> Le premier niveau pourrait inclure le renforcement de la r\u00e9silience des communaut\u00e9s contre les influences extr\u00e9mistes. Deuxi\u00e8mement, les gouvernements devraient soutenir les int\u00e9r\u00eats socio-\u00e9conomiques dans les r\u00e9gions vuln\u00e9rables. La coordination et le soutien de l\u2019Initiative d\u2019Accra, effort coop\u00e9ratif d\u2019Afrique de l\u2019Ouest visant \u00e0 att\u00e9nuer la propagation du terrorisme sah\u00e9lien, et l\u2019aide politique et financi\u00e8re de la CEDEAO compl\u00e8tent les recommandations.<\/p>\n<p class=\"p2\">L\u2019ascension des juntes du Sahel a encourag\u00e9 les pays du littoral \u00e0 renforcer leur coop\u00e9ration pour relever le d\u00e9fi extr\u00e9miste, \u00e9crivent les chercheurs Eizenga et Gnangu\u00eanon. \u00ab L\u2019am\u00e9lioration de la coh\u00e9sion, la coordination et l\u2019ampleur de ces efforts sur le littoral ouest-africain pour att\u00e9nuer les menaces peut \u00e9viter un impact r\u00e9gional beaucoup plus grand et plus co\u00fbteux. \u00bb<span class=\"Apple-converted-space\"> \u00a0<\/span><\/p>\n","protected":false},"excerpt":{"rendered":"<p>La terreur est arriv\u00e9e au B\u00e9nin en 2019. Des extr\u00e9mistes bas\u00e9s au Sahel ont surgi du parc national de la Pendjari et enlev\u00e9 deux touristes fran\u00e7ais et leur guide. Depuis lors, une vague d\u2019incursions d\u00e9ferle sur le pays et s\u2019intensifie chaque ann\u00e9e. Le B\u00e9nin a d\u00e9ploy\u00e9 3.000 soldats au Nord du pays dans le cadre<\/p>\n","protected":false},"author":1,"featured_media":129582,"comment_status":"open","ping_status":"closed","sticky":false,"template":"","format":"standard","meta":{"_acf_changed":false,"_monsterinsights_skip_tracking":false,"_monsterinsights_sitenote_active":false,"_monsterinsights_sitenote_note":"","_monsterinsights_sitenote_category":0,"_uf_show_specific_survey":0,"_uf_disable_surveys":false,"footnotes":""},"categories":[42],"tags":[565,1780,1612,1702,1735,816,1196],"class_list":{"0":"post-129965","1":"post","2":"type-post","3":"status-publish","4":"format-standard","5":"has-post-thumbnail","7":"category-articles","8":"tag-afrique-de-louest","9":"tag-afrique-de-louest-fr","10":"tag-burkina-faso-fr-2","11":"tag-niger-fr-2","12":"tag-togo-fr-2","13":"tag-togo-fr","14":"tag---fr"},"acf":[],"yoast_head":"<!-- This site is optimized with the Yoast SEO plugin v27.5 - https:\/\/yoast.com\/product\/yoast-seo-wordpress\/ -->\n<title>Un Bastion Contre L\u2019extr\u00e9misme - Africa Defense Forum<\/title>\n<meta name=\"robots\" content=\"index, follow, max-snippet:-1, max-image-preview:large, max-video-preview:-1\" \/>\n<link rel=\"canonical\" href=\"https:\/\/adf-magazine.com\/fr\/2025\/08\/un-bastion-contre-lextremisme\/\" \/>\n<meta property=\"og:locale\" content=\"fr_FR\" \/>\n<meta property=\"og:type\" content=\"article\" \/>\n<meta property=\"og:title\" content=\"Un Bastion Contre L\u2019extr\u00e9misme - Africa Defense Forum\" \/>\n<meta property=\"og:description\" content=\"La terreur est arriv\u00e9e au B\u00e9nin en 2019. Des extr\u00e9mistes bas\u00e9s au Sahel ont surgi du parc national de la Pendjari et enlev\u00e9 deux touristes fran\u00e7ais et leur guide. Depuis lors, une vague d\u2019incursions d\u00e9ferle sur le pays et s\u2019intensifie chaque ann\u00e9e. Le B\u00e9nin a d\u00e9ploy\u00e9 3.000 soldats au Nord du pays dans le cadre\" \/>\n<meta property=\"og:url\" content=\"https:\/\/adf-magazine.com\/fr\/2025\/08\/un-bastion-contre-lextremisme\/\" \/>\n<meta property=\"og:site_name\" content=\"Africa Defense Forum\" \/>\n<meta property=\"article:publisher\" content=\"https:\/\/www.facebook.com\/ADFmagazine\/\" \/>\n<meta property=\"article:published_time\" content=\"2025-08-06T14:50:14+00:00\" \/>\n<meta property=\"article:modified_time\" content=\"2025-08-11T14:13:47+00:00\" \/>\n<meta property=\"og:image\" content=\"https:\/\/adf-magazine.com\/wp-content\/uploads\/2025\/08\/Resiliency_906622338_CMYK.jpg\" \/>\n\t<meta property=\"og:image:width\" content=\"1080\" \/>\n\t<meta property=\"og:image:height\" content=\"721\" \/>\n\t<meta property=\"og:image:type\" content=\"image\/jpeg\" \/>\n<meta name=\"author\" content=\"ADF\" \/>\n<meta name=\"twitter:card\" content=\"summary_large_image\" \/>\n<meta name=\"twitter:creator\" content=\"@ADFmagazine\" \/>\n<meta name=\"twitter:site\" content=\"@ADFmagazine\" \/>\n<meta name=\"twitter:label1\" content=\"\u00c9crit par\" \/>\n\t<meta name=\"twitter:data1\" content=\"ADF\" \/>\n\t<meta name=\"twitter:label2\" content=\"Dur\u00e9e de lecture estim\u00e9e\" \/>\n\t<meta name=\"twitter:data2\" content=\"12 minutes\" \/>\n<script type=\"application\/ld+json\" class=\"yoast-schema-graph\">{\"@context\":\"https:\\\/\\\/schema.org\",\"@graph\":[{\"@type\":\"Article\",\"@id\":\"https:\\\/\\\/adf-magazine.com\\\/fr\\\/2025\\\/08\\\/un-bastion-contre-lextremisme\\\/#article\",\"isPartOf\":{\"@id\":\"https:\\\/\\\/adf-magazine.com\\\/fr\\\/2025\\\/08\\\/un-bastion-contre-lextremisme\\\/\"},\"author\":{\"name\":\"ADF\",\"@id\":\"https:\\\/\\\/adf-magazine.com\\\/#\\\/schema\\\/person\\\/f266a6061389568b5a11465bb38bc025\"},\"headline\":\"Un Bastion Contre L\u2019extr\u00e9misme\",\"datePublished\":\"2025-08-06T14:50:14+00:00\",\"dateModified\":\"2025-08-11T14:13:47+00:00\",\"mainEntityOfPage\":{\"@id\":\"https:\\\/\\\/adf-magazine.com\\\/fr\\\/2025\\\/08\\\/un-bastion-contre-lextremisme\\\/\"},\"wordCount\":2325,\"commentCount\":0,\"image\":{\"@id\":\"https:\\\/\\\/adf-magazine.com\\\/fr\\\/2025\\\/08\\\/un-bastion-contre-lextremisme\\\/#primaryimage\"},\"thumbnailUrl\":\"https:\\\/\\\/adf-magazine.com\\\/wp-content\\\/uploads\\\/2025\\\/08\\\/Resiliency_906622338_CMYK.jpg\",\"keywords\":[\"Afrique de l\u2019Ouest\",\"Afrique de l\u2019Ouest\",\"Burkina Faso\",\"Niger\",\"Togo\",\"Togo\",\"\u063a\u0631\u0628 \u0623\u0641\u0631\u064a\u0642\u064a\u0627\"],\"articleSection\":[\"articles\"],\"inLanguage\":\"fr-FR\",\"potentialAction\":[{\"@type\":\"CommentAction\",\"name\":\"Comment\",\"target\":[\"https:\\\/\\\/adf-magazine.com\\\/fr\\\/2025\\\/08\\\/un-bastion-contre-lextremisme\\\/#respond\"]}]},{\"@type\":\"WebPage\",\"@id\":\"https:\\\/\\\/adf-magazine.com\\\/fr\\\/2025\\\/08\\\/un-bastion-contre-lextremisme\\\/\",\"url\":\"https:\\\/\\\/adf-magazine.com\\\/fr\\\/2025\\\/08\\\/un-bastion-contre-lextremisme\\\/\",\"name\":\"Un Bastion Contre L\u2019extr\u00e9misme - Africa Defense Forum\",\"isPartOf\":{\"@id\":\"https:\\\/\\\/adf-magazine.com\\\/#website\"},\"primaryImageOfPage\":{\"@id\":\"https:\\\/\\\/adf-magazine.com\\\/fr\\\/2025\\\/08\\\/un-bastion-contre-lextremisme\\\/#primaryimage\"},\"image\":{\"@id\":\"https:\\\/\\\/adf-magazine.com\\\/fr\\\/2025\\\/08\\\/un-bastion-contre-lextremisme\\\/#primaryimage\"},\"thumbnailUrl\":\"https:\\\/\\\/adf-magazine.com\\\/wp-content\\\/uploads\\\/2025\\\/08\\\/Resiliency_906622338_CMYK.jpg\",\"datePublished\":\"2025-08-06T14:50:14+00:00\",\"dateModified\":\"2025-08-11T14:13:47+00:00\",\"author\":{\"@id\":\"https:\\\/\\\/adf-magazine.com\\\/#\\\/schema\\\/person\\\/f266a6061389568b5a11465bb38bc025\"},\"breadcrumb\":{\"@id\":\"https:\\\/\\\/adf-magazine.com\\\/fr\\\/2025\\\/08\\\/un-bastion-contre-lextremisme\\\/#breadcrumb\"},\"inLanguage\":\"fr-FR\",\"potentialAction\":[{\"@type\":\"ReadAction\",\"target\":[\"https:\\\/\\\/adf-magazine.com\\\/fr\\\/2025\\\/08\\\/un-bastion-contre-lextremisme\\\/\"]}]},{\"@type\":\"ImageObject\",\"inLanguage\":\"fr-FR\",\"@id\":\"https:\\\/\\\/adf-magazine.com\\\/fr\\\/2025\\\/08\\\/un-bastion-contre-lextremisme\\\/#primaryimage\",\"url\":\"https:\\\/\\\/adf-magazine.com\\\/wp-content\\\/uploads\\\/2025\\\/08\\\/Resiliency_906622338_CMYK.jpg\",\"contentUrl\":\"https:\\\/\\\/adf-magazine.com\\\/wp-content\\\/uploads\\\/2025\\\/08\\\/Resiliency_906622338_CMYK.jpg\",\"width\":1080,\"height\":721,\"caption\":\"Un garde forestier au parc national de la Pendjari (B\u00e9nin). Le complexe de parcs est devenu un refuge pour les extr\u00e9mistes violents qui se propagent au B\u00e9nin depuis les pays du Sahel. AFP\\\/GETTY IMAGES\"},{\"@type\":\"BreadcrumbList\",\"@id\":\"https:\\\/\\\/adf-magazine.com\\\/fr\\\/2025\\\/08\\\/un-bastion-contre-lextremisme\\\/#breadcrumb\",\"itemListElement\":[{\"@type\":\"ListItem\",\"position\":1,\"name\":\"page d\u2019accueil\",\"item\":\"https:\\\/\\\/adf-magazine.com\\\/\"},{\"@type\":\"ListItem\",\"position\":2,\"name\":\"Un Bastion Contre L\u2019extr\u00e9misme\"}]},{\"@type\":\"WebSite\",\"@id\":\"https:\\\/\\\/adf-magazine.com\\\/#website\",\"url\":\"https:\\\/\\\/adf-magazine.com\\\/\",\"name\":\"Africa Defense Forum\",\"description\":\"Africa Defense Forum\",\"potentialAction\":[{\"@type\":\"SearchAction\",\"target\":{\"@type\":\"EntryPoint\",\"urlTemplate\":\"https:\\\/\\\/adf-magazine.com\\\/?s={search_term_string}\"},\"query-input\":{\"@type\":\"PropertyValueSpecification\",\"valueRequired\":true,\"valueName\":\"search_term_string\"}}],\"inLanguage\":\"fr-FR\"},{\"@type\":\"Person\",\"@id\":\"https:\\\/\\\/adf-magazine.com\\\/#\\\/schema\\\/person\\\/f266a6061389568b5a11465bb38bc025\",\"name\":\"ADF\",\"image\":{\"@type\":\"ImageObject\",\"inLanguage\":\"fr-FR\",\"@id\":\"https:\\\/\\\/adf-magazine.com\\\/wp-content\\\/uploads\\\/2020\\\/05\\\/cropped-ADF_icon.jpg\",\"url\":\"https:\\\/\\\/adf-magazine.com\\\/wp-content\\\/uploads\\\/2020\\\/05\\\/cropped-ADF_icon.jpg\",\"contentUrl\":\"https:\\\/\\\/adf-magazine.com\\\/wp-content\\\/uploads\\\/2020\\\/05\\\/cropped-ADF_icon.jpg\",\"caption\":\"ADF\"},\"description\":\"ADF is a professional military magazine published quarterly by U.S. Africa Command to provide an international forum for African security professionals. ADF covers topics such as counter terrorism strategies, security and defense operations, transnational crime, and all other issues affecting peace, stability, and good governance on the African continent.\",\"sameAs\":[\"https:\\\/\\\/x.com\\\/ADFmagazine\"],\"url\":\"https:\\\/\\\/adf-magazine.com\\\/fr\\\/author\\\/adf\\\/\"}]}<\/script>\n<!-- \/ Yoast SEO plugin. -->","yoast_head_json":{"title":"Un Bastion Contre L\u2019extr\u00e9misme - Africa Defense Forum","robots":{"index":"index","follow":"follow","max-snippet":"max-snippet:-1","max-image-preview":"max-image-preview:large","max-video-preview":"max-video-preview:-1"},"canonical":"https:\/\/adf-magazine.com\/fr\/2025\/08\/un-bastion-contre-lextremisme\/","og_locale":"fr_FR","og_type":"article","og_title":"Un Bastion Contre L\u2019extr\u00e9misme - Africa Defense Forum","og_description":"La terreur est arriv\u00e9e au B\u00e9nin en 2019. Des extr\u00e9mistes bas\u00e9s au Sahel ont surgi du parc national de la Pendjari et enlev\u00e9 deux touristes fran\u00e7ais et leur guide. Depuis lors, une vague d\u2019incursions d\u00e9ferle sur le pays et s\u2019intensifie chaque ann\u00e9e. Le B\u00e9nin a d\u00e9ploy\u00e9 3.000 soldats au Nord du pays dans le cadre","og_url":"https:\/\/adf-magazine.com\/fr\/2025\/08\/un-bastion-contre-lextremisme\/","og_site_name":"Africa Defense Forum","article_publisher":"https:\/\/www.facebook.com\/ADFmagazine\/","article_published_time":"2025-08-06T14:50:14+00:00","article_modified_time":"2025-08-11T14:13:47+00:00","og_image":[{"width":1080,"height":721,"url":"https:\/\/adf-magazine.com\/wp-content\/uploads\/2025\/08\/Resiliency_906622338_CMYK.jpg","type":"image\/jpeg"}],"author":"ADF","twitter_card":"summary_large_image","twitter_creator":"@ADFmagazine","twitter_site":"@ADFmagazine","twitter_misc":{"\u00c9crit par":"ADF","Dur\u00e9e de lecture estim\u00e9e":"12 minutes"},"schema":{"@context":"https:\/\/schema.org","@graph":[{"@type":"Article","@id":"https:\/\/adf-magazine.com\/fr\/2025\/08\/un-bastion-contre-lextremisme\/#article","isPartOf":{"@id":"https:\/\/adf-magazine.com\/fr\/2025\/08\/un-bastion-contre-lextremisme\/"},"author":{"name":"ADF","@id":"https:\/\/adf-magazine.com\/#\/schema\/person\/f266a6061389568b5a11465bb38bc025"},"headline":"Un Bastion Contre L\u2019extr\u00e9misme","datePublished":"2025-08-06T14:50:14+00:00","dateModified":"2025-08-11T14:13:47+00:00","mainEntityOfPage":{"@id":"https:\/\/adf-magazine.com\/fr\/2025\/08\/un-bastion-contre-lextremisme\/"},"wordCount":2325,"commentCount":0,"image":{"@id":"https:\/\/adf-magazine.com\/fr\/2025\/08\/un-bastion-contre-lextremisme\/#primaryimage"},"thumbnailUrl":"https:\/\/adf-magazine.com\/wp-content\/uploads\/2025\/08\/Resiliency_906622338_CMYK.jpg","keywords":["Afrique de l\u2019Ouest","Afrique de l\u2019Ouest","Burkina Faso","Niger","Togo","Togo","\u063a\u0631\u0628 \u0623\u0641\u0631\u064a\u0642\u064a\u0627"],"articleSection":["articles"],"inLanguage":"fr-FR","potentialAction":[{"@type":"CommentAction","name":"Comment","target":["https:\/\/adf-magazine.com\/fr\/2025\/08\/un-bastion-contre-lextremisme\/#respond"]}]},{"@type":"WebPage","@id":"https:\/\/adf-magazine.com\/fr\/2025\/08\/un-bastion-contre-lextremisme\/","url":"https:\/\/adf-magazine.com\/fr\/2025\/08\/un-bastion-contre-lextremisme\/","name":"Un Bastion Contre L\u2019extr\u00e9misme - Africa Defense Forum","isPartOf":{"@id":"https:\/\/adf-magazine.com\/#website"},"primaryImageOfPage":{"@id":"https:\/\/adf-magazine.com\/fr\/2025\/08\/un-bastion-contre-lextremisme\/#primaryimage"},"image":{"@id":"https:\/\/adf-magazine.com\/fr\/2025\/08\/un-bastion-contre-lextremisme\/#primaryimage"},"thumbnailUrl":"https:\/\/adf-magazine.com\/wp-content\/uploads\/2025\/08\/Resiliency_906622338_CMYK.jpg","datePublished":"2025-08-06T14:50:14+00:00","dateModified":"2025-08-11T14:13:47+00:00","author":{"@id":"https:\/\/adf-magazine.com\/#\/schema\/person\/f266a6061389568b5a11465bb38bc025"},"breadcrumb":{"@id":"https:\/\/adf-magazine.com\/fr\/2025\/08\/un-bastion-contre-lextremisme\/#breadcrumb"},"inLanguage":"fr-FR","potentialAction":[{"@type":"ReadAction","target":["https:\/\/adf-magazine.com\/fr\/2025\/08\/un-bastion-contre-lextremisme\/"]}]},{"@type":"ImageObject","inLanguage":"fr-FR","@id":"https:\/\/adf-magazine.com\/fr\/2025\/08\/un-bastion-contre-lextremisme\/#primaryimage","url":"https:\/\/adf-magazine.com\/wp-content\/uploads\/2025\/08\/Resiliency_906622338_CMYK.jpg","contentUrl":"https:\/\/adf-magazine.com\/wp-content\/uploads\/2025\/08\/Resiliency_906622338_CMYK.jpg","width":1080,"height":721,"caption":"Un garde forestier au parc national de la Pendjari (B\u00e9nin). Le complexe de parcs est devenu un refuge pour les extr\u00e9mistes violents qui se propagent au B\u00e9nin depuis les pays du Sahel. AFP\/GETTY IMAGES"},{"@type":"BreadcrumbList","@id":"https:\/\/adf-magazine.com\/fr\/2025\/08\/un-bastion-contre-lextremisme\/#breadcrumb","itemListElement":[{"@type":"ListItem","position":1,"name":"page d\u2019accueil","item":"https:\/\/adf-magazine.com\/"},{"@type":"ListItem","position":2,"name":"Un Bastion Contre L\u2019extr\u00e9misme"}]},{"@type":"WebSite","@id":"https:\/\/adf-magazine.com\/#website","url":"https:\/\/adf-magazine.com\/","name":"Africa Defense Forum","description":"Africa Defense Forum","potentialAction":[{"@type":"SearchAction","target":{"@type":"EntryPoint","urlTemplate":"https:\/\/adf-magazine.com\/?s={search_term_string}"},"query-input":{"@type":"PropertyValueSpecification","valueRequired":true,"valueName":"search_term_string"}}],"inLanguage":"fr-FR"},{"@type":"Person","@id":"https:\/\/adf-magazine.com\/#\/schema\/person\/f266a6061389568b5a11465bb38bc025","name":"ADF","image":{"@type":"ImageObject","inLanguage":"fr-FR","@id":"https:\/\/adf-magazine.com\/wp-content\/uploads\/2020\/05\/cropped-ADF_icon.jpg","url":"https:\/\/adf-magazine.com\/wp-content\/uploads\/2020\/05\/cropped-ADF_icon.jpg","contentUrl":"https:\/\/adf-magazine.com\/wp-content\/uploads\/2020\/05\/cropped-ADF_icon.jpg","caption":"ADF"},"description":"ADF is a professional military magazine published quarterly by U.S. Africa Command to provide an international forum for African security professionals. ADF covers topics such as counter terrorism strategies, security and defense operations, transnational crime, and all other issues affecting peace, stability, and good governance on the African continent.","sameAs":["https:\/\/x.com\/ADFmagazine"],"url":"https:\/\/adf-magazine.com\/fr\/author\/adf\/"}]}},"_links":{"self":[{"href":"https:\/\/adf-magazine.com\/fr\/wp-json\/wp\/v2\/posts\/129965","targetHints":{"allow":["GET"]}}],"collection":[{"href":"https:\/\/adf-magazine.com\/fr\/wp-json\/wp\/v2\/posts"}],"about":[{"href":"https:\/\/adf-magazine.com\/fr\/wp-json\/wp\/v2\/types\/post"}],"author":[{"embeddable":true,"href":"https:\/\/adf-magazine.com\/fr\/wp-json\/wp\/v2\/users\/1"}],"replies":[{"embeddable":true,"href":"https:\/\/adf-magazine.com\/fr\/wp-json\/wp\/v2\/comments?post=129965"}],"version-history":[{"count":0,"href":"https:\/\/adf-magazine.com\/fr\/wp-json\/wp\/v2\/posts\/129965\/revisions"}],"wp:featuredmedia":[{"embeddable":true,"href":"https:\/\/adf-magazine.com\/fr\/wp-json\/wp\/v2\/media\/129582"}],"wp:attachment":[{"href":"https:\/\/adf-magazine.com\/fr\/wp-json\/wp\/v2\/media?parent=129965"}],"wp:term":[{"taxonomy":"category","embeddable":true,"href":"https:\/\/adf-magazine.com\/fr\/wp-json\/wp\/v2\/categories?post=129965"},{"taxonomy":"post_tag","embeddable":true,"href":"https:\/\/adf-magazine.com\/fr\/wp-json\/wp\/v2\/tags?post=129965"}],"curies":[{"name":"wp","href":"https:\/\/api.w.org\/{rel}","templated":true}]}}