{"id":129918,"date":"2025-08-05T14:28:57","date_gmt":"2025-08-05T18:28:57","guid":{"rendered":"https:\/\/adf-magazine.com\/?p=129918"},"modified":"2025-08-05T14:29:32","modified_gmt":"2025-08-05T18:29:32","slug":"a-loccasion-dune-formation-au-rwanda-on-recommande-vivement-aux-commandants-de-combler-le-fosse-numerique","status":"publish","type":"post","link":"https:\/\/adf-magazine.com\/fr\/2025\/08\/a-loccasion-dune-formation-au-rwanda-on-recommande-vivement-aux-commandants-de-combler-le-fosse-numerique\/","title":{"rendered":"\u00c0 l\u2019occasion d\u2019une formation au Rwanda, on recommande vivement aux commandants de combler le foss\u00e9 num\u00e9rique"},"content":{"rendered":"<p>Les instructeurs en chef des \u00e9coles de commandement et d\u2019\u00e9tat-major de 18\u00a0pays se sont r\u00e9unis \u00e0 Kigali (Rwanda) en juillet pour une formation sur l\u2019am\u00e9lioration de la formation et l\u2019\u00e9ducation militaire tout en favorisant une compr\u00e9hension commune des menaces \u00e9mergentes ax\u00e9e sur les nouvelles technologies.<\/p>\n<p>Cette ann\u00e9e, le th\u00e8me de la formation des instructeurs en chef des \u00e9coles de commandement et d\u2019\u00e9tat-major africaines \u00e9tait\u00a0: \u00ab\u00a0L\u2019avenir de la formation et de l\u2019\u00e9ducation militaires en Afrique\u00a0: Combler le foss\u00e9 num\u00e9rique\u00a0\u00bb.<\/p>\n<p>\u00ab\u00a0L\u2019objectif primordial de cet atelier est de renforcer la collaboration par le biais d\u2019un dialogue ouvert et d\u2019un apprentissage mutuel\u00a0\u00bb, a d\u00e9clar\u00e9 le g\u00e9n\u00e9ral de brigade Andrew Nyamvumba, commandant directeur de l\u2019\u00e9cole de commandement et d\u2019\u00e9tat-major des Forces rwandaises de d\u00e9fense (FRD), dans une annonce de presse.<\/p>\n<p>Le g\u00e9n\u00e9ral Mubarakh Muganga, chef d\u2019\u00e9tat-major g\u00e9n\u00e9ral des FRD, a d\u00e9clar\u00e9 que la formation \u00e9tait conduite \u00e0 une heure opportune, alors que les menaces contre la paix et la s\u00e9curit\u00e9 en Afrique deviennent de plus en plus complexes et dynamiques. L\u2019atelier de quatre jours a pris fin le 24 juillet.<\/p>\n<p>Selon un reportage de la publication rwandaise The New Times, le g\u00e9n\u00e9ral Muganga a d\u00e9clar\u00e9\u00a0: \u00ab\u00a0La technologie \u00e9volue rapidement, tout comme nos m\u00e9thodes de formation et nos approches \u00e9ducatives. Nous devons veiller \u00e0 ce qu\u2019aucune institution militaire ni aucun officier ne soit laiss\u00e9 pour compte \u00e0 l\u2019\u00e8re du num\u00e9rique.\u00a0\u00bb<\/p>\n<p><strong>Les groupes terroristes exploitent l\u2019IA<\/strong><\/p>\n<p>L\u2019utilisation de la technologie par les forces arm\u00e9es est cruciale pour contrer les groupes terroristes en Afrique, qui ont commenc\u00e9 \u00e0 employer de nouveaux outils tels que l\u2019intelligence artificielle (IA) pour lancer des campagnes de propagande et de recrutement. L\u2019IA a aussi \u00e9t\u00e9 utilis\u00e9e pour le piratage et la cr\u00e9ation d\u2019armes telles que les drones et les bombes v\u00e9hiculaires auto-propuls\u00e9es.<\/p>\n<p>\u00ab\u00a0L\u2019int\u00e9gration de l\u2019intelligence artificielle dans les drones a chang\u00e9 les tactiques de guerre en offrant des applications plus avanc\u00e9es et strat\u00e9giques\u00a0\u00bb, \u00e9crit la chercheuse Clarisa Nelu pour le Centre international de lutte contre le terrorisme.<\/p>\n<p>Selon Military Africa, les forces arm\u00e9es d\u2019Afrique du Sud, du Kenya et du Nigeria ont accueilli l\u2019\u00e8re du num\u00e9rique en utilisant des technologies de simulation de champ de bataille comme alternatives \u00e9conomiques et efficaces aux m\u00e9thodes de formation militaire traditionnelles. Ces technologies, qui incluent les syst\u00e8mes \u00e0 laser, les environnements de r\u00e9alit\u00e9 virtuelle, les sc\u00e9narios g\u00e9n\u00e9r\u00e9s par ordinateur et les simulateurs de vol de pointe, aident les pays \u00e0 renforcer l\u2019\u00e9tat de pr\u00e9paration aux combats, am\u00e9liorer l\u2019efficacit\u00e9 op\u00e9rationnelle et moderniser leurs forces arm\u00e9es.<\/p>\n<p>Les experts disent que trente exercices simul\u00e9s peuvent \u00eatre conduits pour le co\u00fbt d\u2019un seul entra\u00eenement r\u00e9el au niveau de la brigade, qui fait participer typiquement des centaines de soldats et du mat\u00e9riel lourd, selon un reportage de Military Africa. Gr\u00e2ce \u00e0 cette r\u00e9duction des frais, les formations simul\u00e9es deviennent rentables et attrayantes pour les forces arm\u00e9es souhaitant maximiser leurs ressources.<\/p>\n<p>Un rapport d\u2019Interpol publi\u00e9 au mois de juin montre qu\u2019un nombre croissant de crimes signal\u00e9s sur le continent sont li\u00e9s au cyber. Deux tiers des pays africains membres d\u2019Interpol ont constat\u00e9 que le cybercrime repr\u00e9sentait une proportion moyenne ou \u00e9lev\u00e9e de tous les crimes, en atteignant 30\u00a0% en Afrique de l\u2019Est et de l\u2019Ouest. L\u2019\u00e9quipe nationale k\u00e9nyane de r\u00e9ponse aux incidents informatiques &#8211; centre de coordination a d\u00e9tect\u00e9 plus de 4,5\u00a0milliards d\u2019\u00e9v\u00e9nements de cybermenace entre avril et juin, selon un reportage du journal k\u00e9nyan The Star.<\/p>\n<p><strong>L\u2019\u00e9laboration de partenariats durables<\/strong><\/p>\n<p>L\u2019atelier a accueilli 35\u00a0repr\u00e9sentants militaires provenant des pays suivants\u00a0: Botswana, Cameroun, \u00c9gypte, \u00c9thiopie, Ghana, Guin\u00e9e, Kenya, Libye, Malawi, Maroc, Namibie, Nigeria, Ouganda, Soudan du Sud, Tanzanie, Zambie et Zimbabwe.<\/p>\n<p>\u00ab\u00a0Nous sommes engag\u00e9s \u00e0 travailler avec tous les \u00e9tats membres pour am\u00e9liorer la coop\u00e9ration, standardiser le contenu culturel et int\u00e9grer l\u2019innovation num\u00e9rique dans nos syst\u00e8mes de formation\u00a0\u00bb, a d\u00e9clar\u00e9 le g\u00e9n\u00e9ral Muganga dans une annonce de presse.<\/p>\n<p>Le g\u00e9n\u00e9ral de brigade David Chesire, instructeur en chef \u00e0 l\u2019\u00e9cole conjointe de commandement et d\u2019\u00e9tat-major du Kenya, a d\u00e9clar\u00e9 que de nombreuses discussions s\u2019\u00e9taient concentr\u00e9es sur le renforcement de la collaboration entre les \u00e9coles de commandement et d\u2019\u00e9tat-major, en particulier par le biais des \u00e9changes d\u2019\u00e9tudiants et de personnel enseignant. Il a soulign\u00e9 l\u2019importance de la coop\u00e9ration pour riposter aux menaces de s\u00e9curit\u00e9 \u00e9mergentes.<\/p>\n<p>Le colonel Masheke Mutemwa, instructeur en chef de l\u2019escadre a\u00e9rienne \u00e0 l\u2019\u00e9cole de commandement et d\u2019\u00e9tat-major des services de d\u00e9fense de Zambie, a d\u00e9clar\u00e9 que l\u2019atelier offrait aux participants des opportunit\u00e9s d\u2019engagement et d\u2019interaction sur les questions militaires.<\/p>\n<p>\u00c0 la fin de l\u2019atelier, le Rwanda s\u2019est engag\u00e9 \u00e0 renforcer la collaboration entre les \u00e9tats membres.<\/p>\n<p>Le g\u00e9n\u00e9ral Muganga a d\u00e9clar\u00e9 dans une annonce de presse\u00a0: \u00ab\u00a0Que les strat\u00e9gies abord\u00e9es ici s\u2019int\u00e8grent dans les programmes d\u2019\u00e9tude, les salles de classe et les exercices sur le terrain. Que les r\u00e9seaux form\u00e9s ici se d\u00e9veloppent pour cr\u00e9er des partenariats durables. L\u2019avenir de la formation et de l\u2019\u00e9ducation militaires en Afrique est entre leurs mains.\u00a0\u00bb<\/p>\n","protected":false},"excerpt":{"rendered":"<p>Les instructeurs en chef des \u00e9coles de commandement et d\u2019\u00e9tat-major de 18\u00a0pays se sont r\u00e9unis \u00e0 Kigali (Rwanda) en juillet pour une formation sur l\u2019am\u00e9lioration de la formation et l\u2019\u00e9ducation militaire tout en favorisant une compr\u00e9hension commune des menaces \u00e9mergentes ax\u00e9e sur les nouvelles technologies. Cette ann\u00e9e, le th\u00e8me de la formation des instructeurs en<\/p>\n","protected":false},"author":1,"featured_media":129913,"comment_status":"open","ping_status":"closed","sticky":false,"template":"","format":"standard","meta":{"_acf_changed":false,"_monsterinsights_skip_tracking":false,"_monsterinsights_sitenote_active":false,"_monsterinsights_sitenote_note":"","_monsterinsights_sitenote_category":0,"_uf_show_specific_survey":0,"_uf_disable_surveys":false,"footnotes":""},"categories":[331],"tags":[463,565,1396,466,1016],"class_list":{"0":"post-129918","1":"post","2":"type-post","3":"status-publish","4":"format-standard","5":"has-post-thumbnail","7":"category-dernieres-nouvelles","8":"tag-afrique-de-lest","9":"tag-afrique-de-louest","10":"tag-exercice-de-formation","11":"tag-rwanda-fr","12":"tag-securite-nationale"},"acf":[],"yoast_head":"<!-- This site is optimized with the Yoast SEO plugin v27.4 - https:\/\/yoast.com\/product\/yoast-seo-wordpress\/ -->\n<title>\u00c0 l\u2019occasion d\u2019une formation au Rwanda, on recommande vivement aux commandants de combler le foss\u00e9 num\u00e9rique - Africa Defense Forum<\/title>\n<meta name=\"robots\" content=\"index, follow, max-snippet:-1, max-image-preview:large, max-video-preview:-1\" \/>\n<link rel=\"canonical\" href=\"https:\/\/adf-magazine.com\/ar\/?p=129920\" \/>\n<meta property=\"og:locale\" content=\"fr_FR\" \/>\n<meta property=\"og:type\" content=\"article\" \/>\n<meta property=\"og:title\" content=\"\u00c0 l\u2019occasion d\u2019une formation au Rwanda, on recommande vivement aux commandants de combler le foss\u00e9 num\u00e9rique - Africa Defense Forum\" \/>\n<meta property=\"og:description\" content=\"Les instructeurs en chef des \u00e9coles de commandement et d\u2019\u00e9tat-major de 18\u00a0pays se sont r\u00e9unis \u00e0 Kigali (Rwanda) en juillet pour une formation sur l\u2019am\u00e9lioration de la formation et l\u2019\u00e9ducation militaire tout en favorisant une compr\u00e9hension commune des menaces \u00e9mergentes ax\u00e9e sur les nouvelles technologies. Cette ann\u00e9e, le th\u00e8me de la formation des instructeurs en\" \/>\n<meta property=\"og:url\" content=\"https:\/\/adf-magazine.com\/ar\/?p=129920\" \/>\n<meta property=\"og:site_name\" content=\"Africa Defense Forum\" \/>\n<meta property=\"article:publisher\" content=\"https:\/\/www.facebook.com\/ADFmagazine\/\" \/>\n<meta property=\"article:published_time\" content=\"2025-08-05T18:28:57+00:00\" \/>\n<meta property=\"article:modified_time\" content=\"2025-08-05T18:29:32+00:00\" \/>\n<meta property=\"og:image\" content=\"https:\/\/adf-magazine.com\/wp-content\/uploads\/2025\/08\/AFCSC-ONE.jpg\" \/>\n\t<meta property=\"og:image:width\" content=\"800\" \/>\n\t<meta property=\"og:image:height\" content=\"476\" \/>\n\t<meta property=\"og:image:type\" content=\"image\/jpeg\" \/>\n<meta name=\"author\" content=\"ADF\" \/>\n<meta name=\"twitter:card\" content=\"summary_large_image\" \/>\n<meta name=\"twitter:creator\" content=\"@ADFmagazine\" \/>\n<meta name=\"twitter:site\" content=\"@ADFmagazine\" \/>\n<meta name=\"twitter:label1\" content=\"\u00c9crit par\" \/>\n\t<meta name=\"twitter:data1\" content=\"ADF\" \/>\n\t<meta name=\"twitter:label2\" content=\"Dur\u00e9e de lecture estim\u00e9e\" \/>\n\t<meta name=\"twitter:data2\" content=\"5 minutes\" \/>\n<script type=\"application\/ld+json\" class=\"yoast-schema-graph\">{\"@context\":\"https:\\\/\\\/schema.org\",\"@graph\":[{\"@type\":\"Article\",\"@id\":\"https:\\\/\\\/adf-magazine.com\\\/ar\\\/?p=129920#article\",\"isPartOf\":{\"@id\":\"https:\\\/\\\/adf-magazine.com\\\/ar\\\/?p=129920\"},\"author\":{\"name\":\"ADF\",\"@id\":\"https:\\\/\\\/adf-magazine.com\\\/#\\\/schema\\\/person\\\/f266a6061389568b5a11465bb38bc025\"},\"headline\":\"\u00c0 l\u2019occasion d\u2019une formation au Rwanda, on recommande vivement aux commandants de combler le foss\u00e9 num\u00e9rique\",\"datePublished\":\"2025-08-05T18:28:57+00:00\",\"dateModified\":\"2025-08-05T18:29:32+00:00\",\"mainEntityOfPage\":{\"@id\":\"https:\\\/\\\/adf-magazine.com\\\/ar\\\/?p=129920\"},\"wordCount\":950,\"commentCount\":0,\"image\":{\"@id\":\"https:\\\/\\\/adf-magazine.com\\\/ar\\\/?p=129920#primaryimage\"},\"thumbnailUrl\":\"https:\\\/\\\/adf-magazine.com\\\/wp-content\\\/uploads\\\/2025\\\/08\\\/AFCSC-ONE.jpg\",\"keywords\":[\"Afrique de l\u2019Est\",\"Afrique de l\u2019Ouest\",\"exercice de formation\",\"Rwanda\",\"s\u00e9curit\u00e9 nationale\"],\"articleSection\":[\"Actualit\u00e9s du Jour\"],\"inLanguage\":\"fr-FR\",\"potentialAction\":[{\"@type\":\"CommentAction\",\"name\":\"Comment\",\"target\":[\"https:\\\/\\\/adf-magazine.com\\\/ar\\\/?p=129920#respond\"]}]},{\"@type\":\"WebPage\",\"@id\":\"https:\\\/\\\/adf-magazine.com\\\/ar\\\/?p=129920\",\"url\":\"https:\\\/\\\/adf-magazine.com\\\/ar\\\/?p=129920\",\"name\":\"\u00c0 l\u2019occasion d\u2019une formation au Rwanda, on recommande vivement aux commandants de combler le foss\u00e9 num\u00e9rique - Africa Defense Forum\",\"isPartOf\":{\"@id\":\"https:\\\/\\\/adf-magazine.com\\\/#website\"},\"primaryImageOfPage\":{\"@id\":\"https:\\\/\\\/adf-magazine.com\\\/ar\\\/?p=129920#primaryimage\"},\"image\":{\"@id\":\"https:\\\/\\\/adf-magazine.com\\\/ar\\\/?p=129920#primaryimage\"},\"thumbnailUrl\":\"https:\\\/\\\/adf-magazine.com\\\/wp-content\\\/uploads\\\/2025\\\/08\\\/AFCSC-ONE.jpg\",\"datePublished\":\"2025-08-05T18:28:57+00:00\",\"dateModified\":\"2025-08-05T18:29:32+00:00\",\"author\":{\"@id\":\"https:\\\/\\\/adf-magazine.com\\\/#\\\/schema\\\/person\\\/f266a6061389568b5a11465bb38bc025\"},\"breadcrumb\":{\"@id\":\"https:\\\/\\\/adf-magazine.com\\\/ar\\\/?p=129920#breadcrumb\"},\"inLanguage\":\"fr-FR\",\"potentialAction\":[{\"@type\":\"ReadAction\",\"target\":[\"https:\\\/\\\/adf-magazine.com\\\/ar\\\/?p=129920\"]}]},{\"@type\":\"ImageObject\",\"inLanguage\":\"fr-FR\",\"@id\":\"https:\\\/\\\/adf-magazine.com\\\/ar\\\/?p=129920#primaryimage\",\"url\":\"https:\\\/\\\/adf-magazine.com\\\/wp-content\\\/uploads\\\/2025\\\/08\\\/AFCSC-ONE.jpg\",\"contentUrl\":\"https:\\\/\\\/adf-magazine.com\\\/wp-content\\\/uploads\\\/2025\\\/08\\\/AFCSC-ONE.jpg\",\"width\":800,\"height\":476,\"caption\":\"Des repr\u00e9sentants militaires de 18 pays africains se sont r\u00e9unis au Rwanda pour la formation annuelle des instructeurs en chef des \u00e9coles de commandement et d\u2019\u00e9tat-major africaines. MINIST\u00c8RE DE LA D\u00c9FENSE DU RWANDA\"},{\"@type\":\"BreadcrumbList\",\"@id\":\"https:\\\/\\\/adf-magazine.com\\\/ar\\\/?p=129920#breadcrumb\",\"itemListElement\":[{\"@type\":\"ListItem\",\"position\":1,\"name\":\"page d\u2019accueil\",\"item\":\"https:\\\/\\\/adf-magazine.com\\\/\"},{\"@type\":\"ListItem\",\"position\":2,\"name\":\"\u00c0 l\u2019occasion d\u2019une formation au Rwanda, on recommande vivement aux commandants de combler le foss\u00e9 num\u00e9rique\"}]},{\"@type\":\"WebSite\",\"@id\":\"https:\\\/\\\/adf-magazine.com\\\/#website\",\"url\":\"https:\\\/\\\/adf-magazine.com\\\/\",\"name\":\"Africa Defense Forum\",\"description\":\"Africa Defense Forum\",\"potentialAction\":[{\"@type\":\"SearchAction\",\"target\":{\"@type\":\"EntryPoint\",\"urlTemplate\":\"https:\\\/\\\/adf-magazine.com\\\/?s={search_term_string}\"},\"query-input\":{\"@type\":\"PropertyValueSpecification\",\"valueRequired\":true,\"valueName\":\"search_term_string\"}}],\"inLanguage\":\"fr-FR\"},{\"@type\":\"Person\",\"@id\":\"https:\\\/\\\/adf-magazine.com\\\/#\\\/schema\\\/person\\\/f266a6061389568b5a11465bb38bc025\",\"name\":\"ADF\",\"image\":{\"@type\":\"ImageObject\",\"inLanguage\":\"fr-FR\",\"@id\":\"https:\\\/\\\/adf-magazine.com\\\/wp-content\\\/uploads\\\/2020\\\/05\\\/cropped-ADF_icon.jpg\",\"url\":\"https:\\\/\\\/adf-magazine.com\\\/wp-content\\\/uploads\\\/2020\\\/05\\\/cropped-ADF_icon.jpg\",\"contentUrl\":\"https:\\\/\\\/adf-magazine.com\\\/wp-content\\\/uploads\\\/2020\\\/05\\\/cropped-ADF_icon.jpg\",\"caption\":\"ADF\"},\"description\":\"ADF is a professional military magazine published quarterly by U.S. Africa Command to provide an international forum for African security professionals. ADF covers topics such as counter terrorism strategies, security and defense operations, transnational crime, and all other issues affecting peace, stability, and good governance on the African continent.\",\"sameAs\":[\"https:\\\/\\\/x.com\\\/ADFmagazine\"],\"url\":\"https:\\\/\\\/adf-magazine.com\\\/fr\\\/author\\\/adf\\\/\"}]}<\/script>\n<!-- \/ Yoast SEO plugin. -->","yoast_head_json":{"title":"\u00c0 l\u2019occasion d\u2019une formation au Rwanda, on recommande vivement aux commandants de combler le foss\u00e9 num\u00e9rique - Africa Defense Forum","robots":{"index":"index","follow":"follow","max-snippet":"max-snippet:-1","max-image-preview":"max-image-preview:large","max-video-preview":"max-video-preview:-1"},"canonical":"https:\/\/adf-magazine.com\/ar\/?p=129920","og_locale":"fr_FR","og_type":"article","og_title":"\u00c0 l\u2019occasion d\u2019une formation au Rwanda, on recommande vivement aux commandants de combler le foss\u00e9 num\u00e9rique - Africa Defense Forum","og_description":"Les instructeurs en chef des \u00e9coles de commandement et d\u2019\u00e9tat-major de 18\u00a0pays se sont r\u00e9unis \u00e0 Kigali (Rwanda) en juillet pour une formation sur l\u2019am\u00e9lioration de la formation et l\u2019\u00e9ducation militaire tout en favorisant une compr\u00e9hension commune des menaces \u00e9mergentes ax\u00e9e sur les nouvelles technologies. Cette ann\u00e9e, le th\u00e8me de la formation des instructeurs en","og_url":"https:\/\/adf-magazine.com\/ar\/?p=129920","og_site_name":"Africa Defense Forum","article_publisher":"https:\/\/www.facebook.com\/ADFmagazine\/","article_published_time":"2025-08-05T18:28:57+00:00","article_modified_time":"2025-08-05T18:29:32+00:00","og_image":[{"width":800,"height":476,"url":"https:\/\/adf-magazine.com\/wp-content\/uploads\/2025\/08\/AFCSC-ONE.jpg","type":"image\/jpeg"}],"author":"ADF","twitter_card":"summary_large_image","twitter_creator":"@ADFmagazine","twitter_site":"@ADFmagazine","twitter_misc":{"\u00c9crit par":"ADF","Dur\u00e9e de lecture estim\u00e9e":"5 minutes"},"schema":{"@context":"https:\/\/schema.org","@graph":[{"@type":"Article","@id":"https:\/\/adf-magazine.com\/ar\/?p=129920#article","isPartOf":{"@id":"https:\/\/adf-magazine.com\/ar\/?p=129920"},"author":{"name":"ADF","@id":"https:\/\/adf-magazine.com\/#\/schema\/person\/f266a6061389568b5a11465bb38bc025"},"headline":"\u00c0 l\u2019occasion d\u2019une formation au Rwanda, on recommande vivement aux commandants de combler le foss\u00e9 num\u00e9rique","datePublished":"2025-08-05T18:28:57+00:00","dateModified":"2025-08-05T18:29:32+00:00","mainEntityOfPage":{"@id":"https:\/\/adf-magazine.com\/ar\/?p=129920"},"wordCount":950,"commentCount":0,"image":{"@id":"https:\/\/adf-magazine.com\/ar\/?p=129920#primaryimage"},"thumbnailUrl":"https:\/\/adf-magazine.com\/wp-content\/uploads\/2025\/08\/AFCSC-ONE.jpg","keywords":["Afrique de l\u2019Est","Afrique de l\u2019Ouest","exercice de formation","Rwanda","s\u00e9curit\u00e9 nationale"],"articleSection":["Actualit\u00e9s du Jour"],"inLanguage":"fr-FR","potentialAction":[{"@type":"CommentAction","name":"Comment","target":["https:\/\/adf-magazine.com\/ar\/?p=129920#respond"]}]},{"@type":"WebPage","@id":"https:\/\/adf-magazine.com\/ar\/?p=129920","url":"https:\/\/adf-magazine.com\/ar\/?p=129920","name":"\u00c0 l\u2019occasion d\u2019une formation au Rwanda, on recommande vivement aux commandants de combler le foss\u00e9 num\u00e9rique - Africa Defense Forum","isPartOf":{"@id":"https:\/\/adf-magazine.com\/#website"},"primaryImageOfPage":{"@id":"https:\/\/adf-magazine.com\/ar\/?p=129920#primaryimage"},"image":{"@id":"https:\/\/adf-magazine.com\/ar\/?p=129920#primaryimage"},"thumbnailUrl":"https:\/\/adf-magazine.com\/wp-content\/uploads\/2025\/08\/AFCSC-ONE.jpg","datePublished":"2025-08-05T18:28:57+00:00","dateModified":"2025-08-05T18:29:32+00:00","author":{"@id":"https:\/\/adf-magazine.com\/#\/schema\/person\/f266a6061389568b5a11465bb38bc025"},"breadcrumb":{"@id":"https:\/\/adf-magazine.com\/ar\/?p=129920#breadcrumb"},"inLanguage":"fr-FR","potentialAction":[{"@type":"ReadAction","target":["https:\/\/adf-magazine.com\/ar\/?p=129920"]}]},{"@type":"ImageObject","inLanguage":"fr-FR","@id":"https:\/\/adf-magazine.com\/ar\/?p=129920#primaryimage","url":"https:\/\/adf-magazine.com\/wp-content\/uploads\/2025\/08\/AFCSC-ONE.jpg","contentUrl":"https:\/\/adf-magazine.com\/wp-content\/uploads\/2025\/08\/AFCSC-ONE.jpg","width":800,"height":476,"caption":"Des repr\u00e9sentants militaires de 18 pays africains se sont r\u00e9unis au Rwanda pour la formation annuelle des instructeurs en chef des \u00e9coles de commandement et d\u2019\u00e9tat-major africaines. MINIST\u00c8RE DE LA D\u00c9FENSE DU RWANDA"},{"@type":"BreadcrumbList","@id":"https:\/\/adf-magazine.com\/ar\/?p=129920#breadcrumb","itemListElement":[{"@type":"ListItem","position":1,"name":"page d\u2019accueil","item":"https:\/\/adf-magazine.com\/"},{"@type":"ListItem","position":2,"name":"\u00c0 l\u2019occasion d\u2019une formation au Rwanda, on recommande vivement aux commandants de combler le foss\u00e9 num\u00e9rique"}]},{"@type":"WebSite","@id":"https:\/\/adf-magazine.com\/#website","url":"https:\/\/adf-magazine.com\/","name":"Africa Defense Forum","description":"Africa Defense Forum","potentialAction":[{"@type":"SearchAction","target":{"@type":"EntryPoint","urlTemplate":"https:\/\/adf-magazine.com\/?s={search_term_string}"},"query-input":{"@type":"PropertyValueSpecification","valueRequired":true,"valueName":"search_term_string"}}],"inLanguage":"fr-FR"},{"@type":"Person","@id":"https:\/\/adf-magazine.com\/#\/schema\/person\/f266a6061389568b5a11465bb38bc025","name":"ADF","image":{"@type":"ImageObject","inLanguage":"fr-FR","@id":"https:\/\/adf-magazine.com\/wp-content\/uploads\/2020\/05\/cropped-ADF_icon.jpg","url":"https:\/\/adf-magazine.com\/wp-content\/uploads\/2020\/05\/cropped-ADF_icon.jpg","contentUrl":"https:\/\/adf-magazine.com\/wp-content\/uploads\/2020\/05\/cropped-ADF_icon.jpg","caption":"ADF"},"description":"ADF is a professional military magazine published quarterly by U.S. Africa Command to provide an international forum for African security professionals. ADF covers topics such as counter terrorism strategies, security and defense operations, transnational crime, and all other issues affecting peace, stability, and good governance on the African continent.","sameAs":["https:\/\/x.com\/ADFmagazine"],"url":"https:\/\/adf-magazine.com\/fr\/author\/adf\/"}]}},"_links":{"self":[{"href":"https:\/\/adf-magazine.com\/fr\/wp-json\/wp\/v2\/posts\/129918","targetHints":{"allow":["GET"]}}],"collection":[{"href":"https:\/\/adf-magazine.com\/fr\/wp-json\/wp\/v2\/posts"}],"about":[{"href":"https:\/\/adf-magazine.com\/fr\/wp-json\/wp\/v2\/types\/post"}],"author":[{"embeddable":true,"href":"https:\/\/adf-magazine.com\/fr\/wp-json\/wp\/v2\/users\/1"}],"replies":[{"embeddable":true,"href":"https:\/\/adf-magazine.com\/fr\/wp-json\/wp\/v2\/comments?post=129918"}],"version-history":[{"count":0,"href":"https:\/\/adf-magazine.com\/fr\/wp-json\/wp\/v2\/posts\/129918\/revisions"}],"wp:featuredmedia":[{"embeddable":true,"href":"https:\/\/adf-magazine.com\/fr\/wp-json\/wp\/v2\/media\/129913"}],"wp:attachment":[{"href":"https:\/\/adf-magazine.com\/fr\/wp-json\/wp\/v2\/media?parent=129918"}],"wp:term":[{"taxonomy":"category","embeddable":true,"href":"https:\/\/adf-magazine.com\/fr\/wp-json\/wp\/v2\/categories?post=129918"},{"taxonomy":"post_tag","embeddable":true,"href":"https:\/\/adf-magazine.com\/fr\/wp-json\/wp\/v2\/tags?post=129918"}],"curies":[{"name":"wp","href":"https:\/\/api.w.org\/{rel}","templated":true}]}}