{"id":129894,"date":"2025-08-05T14:12:05","date_gmt":"2025-08-05T18:12:05","guid":{"rendered":"https:\/\/adf-magazine.com\/?p=129894"},"modified":"2025-08-05T14:12:18","modified_gmt":"2025-08-05T18:12:18","slug":"en-presence-de-manifestations-la-rca-sinterroge-sur-son-assujettissement-aux-mercenaires-russes","status":"publish","type":"post","link":"https:\/\/adf-magazine.com\/fr\/2025\/08\/en-presence-de-manifestations-la-rca-sinterroge-sur-son-assujettissement-aux-mercenaires-russes\/","title":{"rendered":"En pr\u00e9sence de manifestations, la RCA s\u2019interroge sur son assujettissement aux mercenaires russes"},"content":{"rendered":"<p>Des manifestations ayant eu lieu r\u00e9cemment en R\u00e9publique centrafricaine (RCA) pourraient inciter le gouvernement \u00e0 r\u00e9examiner sa relation avec le minist\u00e8re de la D\u00e9fense de Russie.<\/p>\n<p>Le 4 avril, des milliers de gens ont brandi des pancartes et march\u00e9 dans les rues de Bangui, la capitale, pour se rallier contre la pr\u00e9sence continuelle des mercenaires russes du groupe Wagner qui prot\u00e8gent le pr\u00e9sident Faustin Archange Touad\u00e9ra.<\/p>\n<p>Les combattants de Wagner jouent le r\u00f4le d\u2019agents de s\u00e9curit\u00e9 personnels du pr\u00e9sident depuis 2018. Ils l\u2019ont aid\u00e9 \u00e0 changer la constitution par referendum en juillet 2023 pour lui permettre de se maintenir au pouvoir ind\u00e9finiment.<\/p>\n<p>Le membre de l\u2019opposition Justin Win\u00e8 a d\u00e9clar\u00e9 \u00e0 l\u2019Associated Press\u00a0: \u00ab\u00a0Nous sommes ici pour dire non \u00e0 un troisi\u00e8me mandat pour Faustin Archange Touad\u00e9ra. Mais plus que cela, nous voulons prot\u00e9ger notre souverainet\u00e9, qui a \u00e9t\u00e9 bafou\u00e9e par Touad\u00e9ra et les Wagners. Les Wagners ont viol\u00e9 et tu\u00e9 sans aucune justice. Ce n\u2019est pas normal. Pour mettre fin \u00e0 leur r\u00e8gne, Touad\u00e9ra doit partir.\u00a0\u00bb<\/p>\n<p>Les experts d\u00e9clarent que la r\u00e9cente s\u00e9rie de manifestations signale une intensification de l\u2019outrage public face aux activit\u00e9s illicites et \u00e0 l\u2019influence des mercenaires russes.<\/p>\n<p>\u00ab\u00a0D\u00e9clench\u00e9es par des rapports d\u2019assassinats arbitraires, de violence sexuelle et de pillage commis par les combattants de Wagner, ces manifestations mettent en lumi\u00e8re une crise plus vaste\u00a0: la normalisation des crimes de guerre et l\u2019impunit\u00e9 de la violence contre les civils\u00a0\u00bb, \u00e9crit le Robert Lansing Institute for Global Threats and Democracies Studies dans un rapport du 7\u00a0avril.<\/p>\n<p>Le rapport qualifie les actes de la Russie en Afrique de \u00ab\u00a0forme de politique n\u00e9ocoloniale\u00a0\u00bb, employant des mercenaires, des soci\u00e9t\u00e9s d\u2019extraction, une propagande et la capture d\u2019\u00e9tat pour contr\u00f4ler les ressources naturelles, exercer une influence politique et compromettre le syst\u00e8me de s\u00e9curit\u00e9 de l\u2019\u00c9tat.<\/p>\n<p>On signale que Wagner a des revenus de plusieurs centaines de millions de dollars par an provenant des mines de diamants et d\u2019or, de l\u2019abattage des arbres et du trafic des armes en RCA.<\/p>\n<p>Le Lansing Institute \u00e9crit\u00a0: \u00ab\u00a0Bien que le Kremlin se pr\u00e9sente souvent comme un partenaire anticolonialiste des \u00e9tats africains, ses actes refl\u00e8tent les caract\u00e9ristiques centrales d\u2019un comportement colonial classique. C\u2019est du n\u00e9o-colonialisme, sans le drapeau mais avec tous ses attributs principaux\u00a0: domination sans d\u00e9veloppement, ordre sans justice et souverainet\u00e9 sans autonomie.\u00a0\u00bb<\/p>\n<p>Le minist\u00e8re de la D\u00e9fense russe demande avec insistance que M.\u00a0Touad\u00e9ra signe un contrat visant \u00e0 remplacer progressivement le groupe Wagner par l\u2019Africa Corps qui est sous son contr\u00f4le. Le contrat stipule un paiement de 15\u00a0millions de dollars par mois sous forme de \u00ab\u00a0frais de service\u00a0\u00bb, selon un rapport du 21 juillet par le site web Africa Intelligence.<\/p>\n<p>Les paiements mensuels \u00e9quivaudraient \u00e0 pr\u00e8s de 40\u00a0% du budget de la RCA pour 2025. On signale que le Kremlin demeure inflexible et exige que le contrat soit sign\u00e9 avant la fin ao\u00fbt.<\/p>\n<p>Africa Intelligence \u00e9crit\u00a0: \u00ab\u00a0Bangui est tr\u00e8s sceptique concernant le remplacement de Wagner, d\u2019un point de vue financier aussi bien que s\u00e9curitaire. On s\u2019attend \u00e0 ce que certains membres de Wagner soient transf\u00e9r\u00e9s aux contingents de l\u2019Africa Corps, mais de nouveaux paramilitaires seront d\u00e9ploy\u00e9s, et on s\u2019interroge sur l\u2019\u00e9quipe de leadership.\u00a0\u00bb<\/p>\n<p>En Centrafrique, Wagner a souvent \u00e9t\u00e9 accus\u00e9 de massacres, d\u2019assassinats extrajudiciaires, de viols, de torture et d\u2019abus des droits de l\u2019homme sans impunit\u00e9.<\/p>\n<p>Pendant la nuit du 16 juillet, 11 personnes ont \u00e9t\u00e9 tu\u00e9es dans la mine de Ndassima contr\u00f4l\u00e9e par Wagner, \u00e0 environ 300\u00a0km au Nord-Est de Bangui. Dans le village de Djoubissi \u00e0 3\u00a0km de l\u00e0, Serge Pounematchi a dit que son fils et d\u2019autres victimes ont \u00e9t\u00e9 assassin\u00e9s alors qu\u2019ils cherchaient des r\u00e9sidus d\u2019or.<\/p>\n<p>\u00ab\u00a0C\u2019est une honte que le droit \u00e0 la vie n\u2019existe pas\u00a0\u00bb, dit-il \u00e0 l\u2019AP.<\/p>\n<p>Le mode d\u2019atrocit\u00e9 du groupe Wagner fait aussi partie de la d\u00e9cision de M.\u00a0Touad\u00e9ra pour conclure un accord avec l\u2019Africa Corps de Russie.<\/p>\n<p>Jelena Aparac, ex-directrice du groupe de travail des Nations unies sur les mercenaires, a d\u00e9clar\u00e9 sur RadioLiberty pour un article du 28 mars\u00a0: \u00ab\u00a0Le nombre de victimes des abus des droits de l\u2019homme commis par Wagner continue \u00e0 augmenter. [Malheureusement] il n\u2019y a pas d\u2019investigation coordonn\u00e9e [ni] de prise de responsabilit\u00e9 r\u00e9elle.\u00a0\u00bb<\/p>\n<p>Au lieu de la s\u00e9curit\u00e9 ou la justice, les gens sont brutalis\u00e9s et intimid\u00e9s fr\u00e9quemment, d\u00e9clare Charles Bouessel, expert de Centrafrique au groupe de r\u00e9flexion Crisis Group.<\/p>\n<p>\u00ab\u00a0La terreur est employ\u00e9e comme une arme parce que Wagner et [l\u2019arm\u00e9e] pourraient ne pas avoir suffisamment d\u2019effectifs pour \u00eatre pr\u00e9sents sur l\u2019ensemble du territoire\u00a0\u00bb, dit-il sur RadioLiberty.<\/p>\n<p>Le rapport du Lansing Institute conclut que les mercenaires russes ont cibl\u00e9 d\u00e9lib\u00e9r\u00e9ment les civils selon une tactique de contr\u00f4le du territoire et des ressources. De ce fait, l\u2019opinion publique change et le r\u00e9gime de M.\u00a0Touad\u00e9ra est consid\u00e9r\u00e9 de moins en moins l\u00e9gitime.<\/p>\n<p>Selon le rapport, \u00ab\u00a0Wagner emploie la violence non seulement pour des gains militaires mais aussi comme arme psychologique. L\u2019intimidation assure l\u2019ob\u00e9issance du gouvernement et de la population locale. Les manifestations en Centrafrique ne ciblent pas seulement Wagner\u00a0: elles protestent contre un syst\u00e8me plus vaste de pr\u00e9dation \u00e9trang\u00e8re, d\u2019impunit\u00e9 et de trahison par les \u00e9lites nationales.\u00a0\u00bb<\/p>\n","protected":false},"excerpt":{"rendered":"<p>Des manifestations ayant eu lieu r\u00e9cemment en R\u00e9publique centrafricaine (RCA) pourraient inciter le gouvernement \u00e0 r\u00e9examiner sa relation avec le minist\u00e8re de la D\u00e9fense de Russie. Le 4 avril, des milliers de gens ont brandi des pancartes et march\u00e9 dans les rues de Bangui, la capitale, pour se rallier contre la pr\u00e9sence continuelle des mercenaires<\/p>\n","protected":false},"author":1,"featured_media":129889,"comment_status":"open","ping_status":"closed","sticky":false,"template":"","format":"standard","meta":{"_acf_changed":false,"_monsterinsights_skip_tracking":false,"_monsterinsights_sitenote_active":false,"_monsterinsights_sitenote_note":"","_monsterinsights_sitenote_category":0,"_uf_show_specific_survey":0,"_uf_disable_surveys":false,"footnotes":""},"categories":[331],"tags":[1150,1219,618],"class_list":{"0":"post-129894","1":"post","2":"type-post","3":"status-publish","4":"format-standard","5":"has-post-thumbnail","7":"category-dernieres-nouvelles","8":"tag-central-african-republic-fr","9":"tag-crimes-de-guerre","10":"tag-russie"},"acf":[],"yoast_head":"<!-- This site is optimized with the Yoast SEO plugin v27.4 - https:\/\/yoast.com\/product\/yoast-seo-wordpress\/ -->\n<title>En pr\u00e9sence de manifestations, la RCA s\u2019interroge sur son assujettissement aux mercenaires russes - Africa Defense Forum<\/title>\n<meta name=\"robots\" content=\"index, follow, max-snippet:-1, max-image-preview:large, max-video-preview:-1\" \/>\n<link rel=\"canonical\" href=\"https:\/\/adf-magazine.com\/fr\/2025\/08\/en-presence-de-manifestations-la-rca-sinterroge-sur-son-assujettissement-aux-mercenaires-russes\/\" \/>\n<meta property=\"og:locale\" content=\"fr_FR\" \/>\n<meta property=\"og:type\" content=\"article\" \/>\n<meta property=\"og:title\" content=\"En pr\u00e9sence de manifestations, la RCA s\u2019interroge sur son assujettissement aux mercenaires russes - Africa Defense Forum\" \/>\n<meta property=\"og:description\" content=\"Des manifestations ayant eu lieu r\u00e9cemment en R\u00e9publique centrafricaine (RCA) pourraient inciter le gouvernement \u00e0 r\u00e9examiner sa relation avec le minist\u00e8re de la D\u00e9fense de Russie. Le 4 avril, des milliers de gens ont brandi des pancartes et march\u00e9 dans les rues de Bangui, la capitale, pour se rallier contre la pr\u00e9sence continuelle des mercenaires\" \/>\n<meta property=\"og:url\" content=\"https:\/\/adf-magazine.com\/fr\/2025\/08\/en-presence-de-manifestations-la-rca-sinterroge-sur-son-assujettissement-aux-mercenaires-russes\/\" \/>\n<meta property=\"og:site_name\" content=\"Africa Defense Forum\" \/>\n<meta property=\"article:publisher\" content=\"https:\/\/www.facebook.com\/ADFmagazine\/\" \/>\n<meta property=\"article:published_time\" content=\"2025-08-05T18:12:05+00:00\" \/>\n<meta property=\"article:modified_time\" content=\"2025-08-05T18:12:18+00:00\" \/>\n<meta property=\"og:image\" content=\"https:\/\/adf-magazine.com\/wp-content\/uploads\/2025\/08\/AP25094460819195.jpg\" \/>\n\t<meta property=\"og:image:width\" content=\"2000\" \/>\n\t<meta property=\"og:image:height\" content=\"1429\" \/>\n\t<meta property=\"og:image:type\" content=\"image\/jpeg\" \/>\n<meta name=\"author\" content=\"ADF\" \/>\n<meta name=\"twitter:card\" content=\"summary_large_image\" \/>\n<meta name=\"twitter:creator\" content=\"@ADFmagazine\" \/>\n<meta name=\"twitter:site\" content=\"@ADFmagazine\" \/>\n<meta name=\"twitter:label1\" content=\"\u00c9crit par\" \/>\n\t<meta name=\"twitter:data1\" content=\"ADF\" \/>\n\t<meta name=\"twitter:label2\" content=\"Dur\u00e9e de lecture estim\u00e9e\" \/>\n\t<meta name=\"twitter:data2\" content=\"5 minutes\" \/>\n<script type=\"application\/ld+json\" class=\"yoast-schema-graph\">{\"@context\":\"https:\\\/\\\/schema.org\",\"@graph\":[{\"@type\":\"Article\",\"@id\":\"https:\\\/\\\/adf-magazine.com\\\/fr\\\/2025\\\/08\\\/en-presence-de-manifestations-la-rca-sinterroge-sur-son-assujettissement-aux-mercenaires-russes\\\/#article\",\"isPartOf\":{\"@id\":\"https:\\\/\\\/adf-magazine.com\\\/fr\\\/2025\\\/08\\\/en-presence-de-manifestations-la-rca-sinterroge-sur-son-assujettissement-aux-mercenaires-russes\\\/\"},\"author\":{\"name\":\"ADF\",\"@id\":\"https:\\\/\\\/adf-magazine.com\\\/#\\\/schema\\\/person\\\/f266a6061389568b5a11465bb38bc025\"},\"headline\":\"En pr\u00e9sence de manifestations, la RCA s\u2019interroge sur son assujettissement aux mercenaires russes\",\"datePublished\":\"2025-08-05T18:12:05+00:00\",\"dateModified\":\"2025-08-05T18:12:18+00:00\",\"mainEntityOfPage\":{\"@id\":\"https:\\\/\\\/adf-magazine.com\\\/fr\\\/2025\\\/08\\\/en-presence-de-manifestations-la-rca-sinterroge-sur-son-assujettissement-aux-mercenaires-russes\\\/\"},\"wordCount\":957,\"commentCount\":0,\"image\":{\"@id\":\"https:\\\/\\\/adf-magazine.com\\\/fr\\\/2025\\\/08\\\/en-presence-de-manifestations-la-rca-sinterroge-sur-son-assujettissement-aux-mercenaires-russes\\\/#primaryimage\"},\"thumbnailUrl\":\"https:\\\/\\\/adf-magazine.com\\\/wp-content\\\/uploads\\\/2025\\\/08\\\/AP25094460819195.jpg\",\"keywords\":[\"Central African Republic\",\"crimes de guerre\",\"Russie\"],\"articleSection\":[\"Actualit\u00e9s du Jour\"],\"inLanguage\":\"fr-FR\",\"potentialAction\":[{\"@type\":\"CommentAction\",\"name\":\"Comment\",\"target\":[\"https:\\\/\\\/adf-magazine.com\\\/fr\\\/2025\\\/08\\\/en-presence-de-manifestations-la-rca-sinterroge-sur-son-assujettissement-aux-mercenaires-russes\\\/#respond\"]}]},{\"@type\":\"WebPage\",\"@id\":\"https:\\\/\\\/adf-magazine.com\\\/fr\\\/2025\\\/08\\\/en-presence-de-manifestations-la-rca-sinterroge-sur-son-assujettissement-aux-mercenaires-russes\\\/\",\"url\":\"https:\\\/\\\/adf-magazine.com\\\/fr\\\/2025\\\/08\\\/en-presence-de-manifestations-la-rca-sinterroge-sur-son-assujettissement-aux-mercenaires-russes\\\/\",\"name\":\"En pr\u00e9sence de manifestations, la RCA s\u2019interroge sur son assujettissement aux mercenaires russes - Africa Defense Forum\",\"isPartOf\":{\"@id\":\"https:\\\/\\\/adf-magazine.com\\\/#website\"},\"primaryImageOfPage\":{\"@id\":\"https:\\\/\\\/adf-magazine.com\\\/fr\\\/2025\\\/08\\\/en-presence-de-manifestations-la-rca-sinterroge-sur-son-assujettissement-aux-mercenaires-russes\\\/#primaryimage\"},\"image\":{\"@id\":\"https:\\\/\\\/adf-magazine.com\\\/fr\\\/2025\\\/08\\\/en-presence-de-manifestations-la-rca-sinterroge-sur-son-assujettissement-aux-mercenaires-russes\\\/#primaryimage\"},\"thumbnailUrl\":\"https:\\\/\\\/adf-magazine.com\\\/wp-content\\\/uploads\\\/2025\\\/08\\\/AP25094460819195.jpg\",\"datePublished\":\"2025-08-05T18:12:05+00:00\",\"dateModified\":\"2025-08-05T18:12:18+00:00\",\"author\":{\"@id\":\"https:\\\/\\\/adf-magazine.com\\\/#\\\/schema\\\/person\\\/f266a6061389568b5a11465bb38bc025\"},\"breadcrumb\":{\"@id\":\"https:\\\/\\\/adf-magazine.com\\\/fr\\\/2025\\\/08\\\/en-presence-de-manifestations-la-rca-sinterroge-sur-son-assujettissement-aux-mercenaires-russes\\\/#breadcrumb\"},\"inLanguage\":\"fr-FR\",\"potentialAction\":[{\"@type\":\"ReadAction\",\"target\":[\"https:\\\/\\\/adf-magazine.com\\\/fr\\\/2025\\\/08\\\/en-presence-de-manifestations-la-rca-sinterroge-sur-son-assujettissement-aux-mercenaires-russes\\\/\"]}]},{\"@type\":\"ImageObject\",\"inLanguage\":\"fr-FR\",\"@id\":\"https:\\\/\\\/adf-magazine.com\\\/fr\\\/2025\\\/08\\\/en-presence-de-manifestations-la-rca-sinterroge-sur-son-assujettissement-aux-mercenaires-russes\\\/#primaryimage\",\"url\":\"https:\\\/\\\/adf-magazine.com\\\/wp-content\\\/uploads\\\/2025\\\/08\\\/AP25094460819195.jpg\",\"contentUrl\":\"https:\\\/\\\/adf-magazine.com\\\/wp-content\\\/uploads\\\/2025\\\/08\\\/AP25094460819195.jpg\",\"width\":2000,\"height\":1429,\"caption\":\"Les partis d\u2019opposition de la R\u00e9publique centrafricaine manifestent dans les rues de Bangui le 4 avril 2025 pour protester contre le gouvernement et son emploi des mercenaires russes du groupe Wagner. ASSOCIATED PRESS\"},{\"@type\":\"BreadcrumbList\",\"@id\":\"https:\\\/\\\/adf-magazine.com\\\/fr\\\/2025\\\/08\\\/en-presence-de-manifestations-la-rca-sinterroge-sur-son-assujettissement-aux-mercenaires-russes\\\/#breadcrumb\",\"itemListElement\":[{\"@type\":\"ListItem\",\"position\":1,\"name\":\"page d\u2019accueil\",\"item\":\"https:\\\/\\\/adf-magazine.com\\\/\"},{\"@type\":\"ListItem\",\"position\":2,\"name\":\"En pr\u00e9sence de manifestations, la RCA s\u2019interroge sur son assujettissement aux mercenaires russes\"}]},{\"@type\":\"WebSite\",\"@id\":\"https:\\\/\\\/adf-magazine.com\\\/#website\",\"url\":\"https:\\\/\\\/adf-magazine.com\\\/\",\"name\":\"Africa Defense Forum\",\"description\":\"Africa Defense Forum\",\"potentialAction\":[{\"@type\":\"SearchAction\",\"target\":{\"@type\":\"EntryPoint\",\"urlTemplate\":\"https:\\\/\\\/adf-magazine.com\\\/?s={search_term_string}\"},\"query-input\":{\"@type\":\"PropertyValueSpecification\",\"valueRequired\":true,\"valueName\":\"search_term_string\"}}],\"inLanguage\":\"fr-FR\"},{\"@type\":\"Person\",\"@id\":\"https:\\\/\\\/adf-magazine.com\\\/#\\\/schema\\\/person\\\/f266a6061389568b5a11465bb38bc025\",\"name\":\"ADF\",\"image\":{\"@type\":\"ImageObject\",\"inLanguage\":\"fr-FR\",\"@id\":\"https:\\\/\\\/adf-magazine.com\\\/wp-content\\\/uploads\\\/2020\\\/05\\\/cropped-ADF_icon.jpg\",\"url\":\"https:\\\/\\\/adf-magazine.com\\\/wp-content\\\/uploads\\\/2020\\\/05\\\/cropped-ADF_icon.jpg\",\"contentUrl\":\"https:\\\/\\\/adf-magazine.com\\\/wp-content\\\/uploads\\\/2020\\\/05\\\/cropped-ADF_icon.jpg\",\"caption\":\"ADF\"},\"description\":\"ADF is a professional military magazine published quarterly by U.S. Africa Command to provide an international forum for African security professionals. ADF covers topics such as counter terrorism strategies, security and defense operations, transnational crime, and all other issues affecting peace, stability, and good governance on the African continent.\",\"sameAs\":[\"https:\\\/\\\/x.com\\\/ADFmagazine\"],\"url\":\"https:\\\/\\\/adf-magazine.com\\\/fr\\\/author\\\/adf\\\/\"}]}<\/script>\n<!-- \/ Yoast SEO plugin. -->","yoast_head_json":{"title":"En pr\u00e9sence de manifestations, la RCA s\u2019interroge sur son assujettissement aux mercenaires russes - Africa Defense Forum","robots":{"index":"index","follow":"follow","max-snippet":"max-snippet:-1","max-image-preview":"max-image-preview:large","max-video-preview":"max-video-preview:-1"},"canonical":"https:\/\/adf-magazine.com\/fr\/2025\/08\/en-presence-de-manifestations-la-rca-sinterroge-sur-son-assujettissement-aux-mercenaires-russes\/","og_locale":"fr_FR","og_type":"article","og_title":"En pr\u00e9sence de manifestations, la RCA s\u2019interroge sur son assujettissement aux mercenaires russes - Africa Defense Forum","og_description":"Des manifestations ayant eu lieu r\u00e9cemment en R\u00e9publique centrafricaine (RCA) pourraient inciter le gouvernement \u00e0 r\u00e9examiner sa relation avec le minist\u00e8re de la D\u00e9fense de Russie. Le 4 avril, des milliers de gens ont brandi des pancartes et march\u00e9 dans les rues de Bangui, la capitale, pour se rallier contre la pr\u00e9sence continuelle des mercenaires","og_url":"https:\/\/adf-magazine.com\/fr\/2025\/08\/en-presence-de-manifestations-la-rca-sinterroge-sur-son-assujettissement-aux-mercenaires-russes\/","og_site_name":"Africa Defense Forum","article_publisher":"https:\/\/www.facebook.com\/ADFmagazine\/","article_published_time":"2025-08-05T18:12:05+00:00","article_modified_time":"2025-08-05T18:12:18+00:00","og_image":[{"width":2000,"height":1429,"url":"https:\/\/adf-magazine.com\/wp-content\/uploads\/2025\/08\/AP25094460819195.jpg","type":"image\/jpeg"}],"author":"ADF","twitter_card":"summary_large_image","twitter_creator":"@ADFmagazine","twitter_site":"@ADFmagazine","twitter_misc":{"\u00c9crit par":"ADF","Dur\u00e9e de lecture estim\u00e9e":"5 minutes"},"schema":{"@context":"https:\/\/schema.org","@graph":[{"@type":"Article","@id":"https:\/\/adf-magazine.com\/fr\/2025\/08\/en-presence-de-manifestations-la-rca-sinterroge-sur-son-assujettissement-aux-mercenaires-russes\/#article","isPartOf":{"@id":"https:\/\/adf-magazine.com\/fr\/2025\/08\/en-presence-de-manifestations-la-rca-sinterroge-sur-son-assujettissement-aux-mercenaires-russes\/"},"author":{"name":"ADF","@id":"https:\/\/adf-magazine.com\/#\/schema\/person\/f266a6061389568b5a11465bb38bc025"},"headline":"En pr\u00e9sence de manifestations, la RCA s\u2019interroge sur son assujettissement aux mercenaires russes","datePublished":"2025-08-05T18:12:05+00:00","dateModified":"2025-08-05T18:12:18+00:00","mainEntityOfPage":{"@id":"https:\/\/adf-magazine.com\/fr\/2025\/08\/en-presence-de-manifestations-la-rca-sinterroge-sur-son-assujettissement-aux-mercenaires-russes\/"},"wordCount":957,"commentCount":0,"image":{"@id":"https:\/\/adf-magazine.com\/fr\/2025\/08\/en-presence-de-manifestations-la-rca-sinterroge-sur-son-assujettissement-aux-mercenaires-russes\/#primaryimage"},"thumbnailUrl":"https:\/\/adf-magazine.com\/wp-content\/uploads\/2025\/08\/AP25094460819195.jpg","keywords":["Central African Republic","crimes de guerre","Russie"],"articleSection":["Actualit\u00e9s du Jour"],"inLanguage":"fr-FR","potentialAction":[{"@type":"CommentAction","name":"Comment","target":["https:\/\/adf-magazine.com\/fr\/2025\/08\/en-presence-de-manifestations-la-rca-sinterroge-sur-son-assujettissement-aux-mercenaires-russes\/#respond"]}]},{"@type":"WebPage","@id":"https:\/\/adf-magazine.com\/fr\/2025\/08\/en-presence-de-manifestations-la-rca-sinterroge-sur-son-assujettissement-aux-mercenaires-russes\/","url":"https:\/\/adf-magazine.com\/fr\/2025\/08\/en-presence-de-manifestations-la-rca-sinterroge-sur-son-assujettissement-aux-mercenaires-russes\/","name":"En pr\u00e9sence de manifestations, la RCA s\u2019interroge sur son assujettissement aux mercenaires russes - Africa Defense Forum","isPartOf":{"@id":"https:\/\/adf-magazine.com\/#website"},"primaryImageOfPage":{"@id":"https:\/\/adf-magazine.com\/fr\/2025\/08\/en-presence-de-manifestations-la-rca-sinterroge-sur-son-assujettissement-aux-mercenaires-russes\/#primaryimage"},"image":{"@id":"https:\/\/adf-magazine.com\/fr\/2025\/08\/en-presence-de-manifestations-la-rca-sinterroge-sur-son-assujettissement-aux-mercenaires-russes\/#primaryimage"},"thumbnailUrl":"https:\/\/adf-magazine.com\/wp-content\/uploads\/2025\/08\/AP25094460819195.jpg","datePublished":"2025-08-05T18:12:05+00:00","dateModified":"2025-08-05T18:12:18+00:00","author":{"@id":"https:\/\/adf-magazine.com\/#\/schema\/person\/f266a6061389568b5a11465bb38bc025"},"breadcrumb":{"@id":"https:\/\/adf-magazine.com\/fr\/2025\/08\/en-presence-de-manifestations-la-rca-sinterroge-sur-son-assujettissement-aux-mercenaires-russes\/#breadcrumb"},"inLanguage":"fr-FR","potentialAction":[{"@type":"ReadAction","target":["https:\/\/adf-magazine.com\/fr\/2025\/08\/en-presence-de-manifestations-la-rca-sinterroge-sur-son-assujettissement-aux-mercenaires-russes\/"]}]},{"@type":"ImageObject","inLanguage":"fr-FR","@id":"https:\/\/adf-magazine.com\/fr\/2025\/08\/en-presence-de-manifestations-la-rca-sinterroge-sur-son-assujettissement-aux-mercenaires-russes\/#primaryimage","url":"https:\/\/adf-magazine.com\/wp-content\/uploads\/2025\/08\/AP25094460819195.jpg","contentUrl":"https:\/\/adf-magazine.com\/wp-content\/uploads\/2025\/08\/AP25094460819195.jpg","width":2000,"height":1429,"caption":"Les partis d\u2019opposition de la R\u00e9publique centrafricaine manifestent dans les rues de Bangui le 4 avril 2025 pour protester contre le gouvernement et son emploi des mercenaires russes du groupe Wagner. ASSOCIATED PRESS"},{"@type":"BreadcrumbList","@id":"https:\/\/adf-magazine.com\/fr\/2025\/08\/en-presence-de-manifestations-la-rca-sinterroge-sur-son-assujettissement-aux-mercenaires-russes\/#breadcrumb","itemListElement":[{"@type":"ListItem","position":1,"name":"page d\u2019accueil","item":"https:\/\/adf-magazine.com\/"},{"@type":"ListItem","position":2,"name":"En pr\u00e9sence de manifestations, la RCA s\u2019interroge sur son assujettissement aux mercenaires russes"}]},{"@type":"WebSite","@id":"https:\/\/adf-magazine.com\/#website","url":"https:\/\/adf-magazine.com\/","name":"Africa Defense Forum","description":"Africa Defense Forum","potentialAction":[{"@type":"SearchAction","target":{"@type":"EntryPoint","urlTemplate":"https:\/\/adf-magazine.com\/?s={search_term_string}"},"query-input":{"@type":"PropertyValueSpecification","valueRequired":true,"valueName":"search_term_string"}}],"inLanguage":"fr-FR"},{"@type":"Person","@id":"https:\/\/adf-magazine.com\/#\/schema\/person\/f266a6061389568b5a11465bb38bc025","name":"ADF","image":{"@type":"ImageObject","inLanguage":"fr-FR","@id":"https:\/\/adf-magazine.com\/wp-content\/uploads\/2020\/05\/cropped-ADF_icon.jpg","url":"https:\/\/adf-magazine.com\/wp-content\/uploads\/2020\/05\/cropped-ADF_icon.jpg","contentUrl":"https:\/\/adf-magazine.com\/wp-content\/uploads\/2020\/05\/cropped-ADF_icon.jpg","caption":"ADF"},"description":"ADF is a professional military magazine published quarterly by U.S. Africa Command to provide an international forum for African security professionals. ADF covers topics such as counter terrorism strategies, security and defense operations, transnational crime, and all other issues affecting peace, stability, and good governance on the African continent.","sameAs":["https:\/\/x.com\/ADFmagazine"],"url":"https:\/\/adf-magazine.com\/fr\/author\/adf\/"}]}},"_links":{"self":[{"href":"https:\/\/adf-magazine.com\/fr\/wp-json\/wp\/v2\/posts\/129894","targetHints":{"allow":["GET"]}}],"collection":[{"href":"https:\/\/adf-magazine.com\/fr\/wp-json\/wp\/v2\/posts"}],"about":[{"href":"https:\/\/adf-magazine.com\/fr\/wp-json\/wp\/v2\/types\/post"}],"author":[{"embeddable":true,"href":"https:\/\/adf-magazine.com\/fr\/wp-json\/wp\/v2\/users\/1"}],"replies":[{"embeddable":true,"href":"https:\/\/adf-magazine.com\/fr\/wp-json\/wp\/v2\/comments?post=129894"}],"version-history":[{"count":0,"href":"https:\/\/adf-magazine.com\/fr\/wp-json\/wp\/v2\/posts\/129894\/revisions"}],"wp:featuredmedia":[{"embeddable":true,"href":"https:\/\/adf-magazine.com\/fr\/wp-json\/wp\/v2\/media\/129889"}],"wp:attachment":[{"href":"https:\/\/adf-magazine.com\/fr\/wp-json\/wp\/v2\/media?parent=129894"}],"wp:term":[{"taxonomy":"category","embeddable":true,"href":"https:\/\/adf-magazine.com\/fr\/wp-json\/wp\/v2\/categories?post=129894"},{"taxonomy":"post_tag","embeddable":true,"href":"https:\/\/adf-magazine.com\/fr\/wp-json\/wp\/v2\/tags?post=129894"}],"curies":[{"name":"wp","href":"https:\/\/api.w.org\/{rel}","templated":true}]}}