{"id":129626,"date":"2025-08-04T10:29:03","date_gmt":"2025-08-04T14:29:03","guid":{"rendered":"https:\/\/adf-magazine.com\/?p=129626"},"modified":"2025-08-11T10:15:56","modified_gmt":"2025-08-11T14:15:56","slug":"ou-suis-je-46","status":"publish","type":"post","link":"https:\/\/adf-magazine.com\/fr\/2025\/08\/ou-suis-je-46\/","title":{"rendered":"O\u00f9 Suis-Je ?"},"content":{"rendered":"<p class=\"p1\"><span class=\"s1\">INDICES<\/span><\/p>\n<ol>\n<li class=\"p1\"><b>Le site vierge s\u2019\u00e9tend sur pr\u00e8s de 3.000 kilom\u00e8tres carr\u00e9s et contient des ruisseaux et des cascades.<\/b><\/li>\n<li class=\"p1\"><b>Ses habitats aquatiques h\u00e9bergent des esp\u00e8ces de poissons d\u2019eau douce, dont 13 sont menac\u00e9es.<\/b><\/li>\n<li class=\"p1\"><b>Le site combine de vastes zones foresti\u00e8res intactes et des \u00e9cosyst\u00e8mes fluviaux immacul\u00e9s.<\/b><\/li>\n<li class=\"p1\"><b>Le terrain est consid\u00e9r\u00e9 comme une des zones prot\u00e9g\u00e9es les plus irrempla\u00e7ables du monde pour sa conservation des mammif\u00e8res, des oiseaux et des amphibiens.<\/b><\/li>\n<\/ol>\n<p class=\"p1\"><span class=\"s1\">R\u00c9PONSE<span class=\"Apple-converted-space\">\u00a0 <\/span><\/span><b>Parc national d\u2019Ivindo (Gabon)<\/b><\/p>\n","protected":false},"excerpt":{"rendered":"<p>INDICES Le site vierge s\u2019\u00e9tend sur pr\u00e8s de 3.000 kilom\u00e8tres carr\u00e9s et contient des ruisseaux et des cascades. Ses habitats aquatiques h\u00e9bergent des esp\u00e8ces de poissons d\u2019eau douce, dont 13 sont menac\u00e9es. Le site combine de vastes zones foresti\u00e8res intactes et des \u00e9cosyst\u00e8mes fluviaux immacul\u00e9s. Le terrain est consid\u00e9r\u00e9 comme une des zones prot\u00e9g\u00e9es les<\/p>\n","protected":false},"author":1,"featured_media":129618,"comment_status":"open","ping_status":"closed","sticky":false,"template":"","format":"standard","meta":{"_acf_changed":false,"_monsterinsights_skip_tracking":false,"_monsterinsights_sitenote_active":false,"_monsterinsights_sitenote_note":"","_monsterinsights_sitenote_category":0,"_uf_show_specific_survey":0,"_uf_disable_surveys":false,"footnotes":""},"categories":[41,40],"tags":[],"class_list":{"0":"post-129626","1":"post","2":"type-post","3":"status-publish","4":"format-standard","5":"has-post-thumbnail","7":"category-ou-suis-je","8":"category-rubriques"},"acf":[],"yoast_head":"<!-- This site is optimized with the Yoast SEO plugin v27.4 - https:\/\/yoast.com\/product\/yoast-seo-wordpress\/ -->\n<title>O\u00f9 Suis-Je ? - Africa Defense Forum<\/title>\n<meta name=\"robots\" content=\"index, follow, max-snippet:-1, max-image-preview:large, max-video-preview:-1\" \/>\n<link rel=\"canonical\" href=\"https:\/\/adf-magazine.com\/fr\/2025\/08\/ou-suis-je-46\/\" \/>\n<meta property=\"og:locale\" content=\"fr_FR\" \/>\n<meta property=\"og:type\" content=\"article\" \/>\n<meta property=\"og:title\" content=\"O\u00f9 Suis-Je ? - Africa Defense Forum\" \/>\n<meta property=\"og:description\" content=\"INDICES Le site vierge s\u2019\u00e9tend sur pr\u00e8s de 3.000 kilom\u00e8tres carr\u00e9s et contient des ruisseaux et des cascades. Ses habitats aquatiques h\u00e9bergent des esp\u00e8ces de poissons d\u2019eau douce, dont 13 sont menac\u00e9es. Le site combine de vastes zones foresti\u00e8res intactes et des \u00e9cosyst\u00e8mes fluviaux immacul\u00e9s. Le terrain est consid\u00e9r\u00e9 comme une des zones prot\u00e9g\u00e9es les\" \/>\n<meta property=\"og:url\" content=\"https:\/\/adf-magazine.com\/fr\/2025\/08\/ou-suis-je-46\/\" \/>\n<meta property=\"og:site_name\" content=\"Africa Defense Forum\" \/>\n<meta property=\"article:publisher\" content=\"https:\/\/www.facebook.com\/ADFmagazine\/\" \/>\n<meta property=\"article:published_time\" content=\"2025-08-04T14:29:03+00:00\" \/>\n<meta property=\"article:modified_time\" content=\"2025-08-11T14:15:56+00:00\" \/>\n<meta property=\"og:image\" content=\"https:\/\/adf-magazine.com\/wp-content\/uploads\/2025\/08\/Where_site_1653_0009_Lee-White_CMYK.jpg\" \/>\n\t<meta property=\"og:image:width\" content=\"1080\" \/>\n\t<meta property=\"og:image:height\" content=\"720\" \/>\n\t<meta property=\"og:image:type\" content=\"image\/jpeg\" \/>\n<meta name=\"author\" content=\"ADF\" \/>\n<meta name=\"twitter:card\" content=\"summary_large_image\" \/>\n<meta name=\"twitter:creator\" content=\"@ADFmagazine\" \/>\n<meta name=\"twitter:site\" content=\"@ADFmagazine\" \/>\n<meta name=\"twitter:label1\" content=\"\u00c9crit par\" \/>\n\t<meta name=\"twitter:data1\" content=\"ADF\" \/>\n<script type=\"application\/ld+json\" class=\"yoast-schema-graph\">{\"@context\":\"https:\\\/\\\/schema.org\",\"@graph\":[{\"@type\":\"Article\",\"@id\":\"https:\\\/\\\/adf-magazine.com\\\/fr\\\/2025\\\/08\\\/ou-suis-je-46\\\/#article\",\"isPartOf\":{\"@id\":\"https:\\\/\\\/adf-magazine.com\\\/fr\\\/2025\\\/08\\\/ou-suis-je-46\\\/\"},\"author\":{\"name\":\"ADF\",\"@id\":\"https:\\\/\\\/adf-magazine.com\\\/#\\\/schema\\\/person\\\/f266a6061389568b5a11465bb38bc025\"},\"headline\":\"O\u00f9 Suis-Je ?\",\"datePublished\":\"2025-08-04T14:29:03+00:00\",\"dateModified\":\"2025-08-11T14:15:56+00:00\",\"mainEntityOfPage\":{\"@id\":\"https:\\\/\\\/adf-magazine.com\\\/fr\\\/2025\\\/08\\\/ou-suis-je-46\\\/\"},\"wordCount\":92,\"commentCount\":0,\"image\":{\"@id\":\"https:\\\/\\\/adf-magazine.com\\\/fr\\\/2025\\\/08\\\/ou-suis-je-46\\\/#primaryimage\"},\"thumbnailUrl\":\"https:\\\/\\\/adf-magazine.com\\\/wp-content\\\/uploads\\\/2025\\\/08\\\/Where_site_1653_0009_Lee-White_CMYK.jpg\",\"articleSection\":[\"O\u00f9 suis-je ?\",\"rubriques\"],\"inLanguage\":\"fr-FR\",\"potentialAction\":[{\"@type\":\"CommentAction\",\"name\":\"Comment\",\"target\":[\"https:\\\/\\\/adf-magazine.com\\\/fr\\\/2025\\\/08\\\/ou-suis-je-46\\\/#respond\"]}]},{\"@type\":\"WebPage\",\"@id\":\"https:\\\/\\\/adf-magazine.com\\\/fr\\\/2025\\\/08\\\/ou-suis-je-46\\\/\",\"url\":\"https:\\\/\\\/adf-magazine.com\\\/fr\\\/2025\\\/08\\\/ou-suis-je-46\\\/\",\"name\":\"O\u00f9 Suis-Je ? - Africa Defense Forum\",\"isPartOf\":{\"@id\":\"https:\\\/\\\/adf-magazine.com\\\/#website\"},\"primaryImageOfPage\":{\"@id\":\"https:\\\/\\\/adf-magazine.com\\\/fr\\\/2025\\\/08\\\/ou-suis-je-46\\\/#primaryimage\"},\"image\":{\"@id\":\"https:\\\/\\\/adf-magazine.com\\\/fr\\\/2025\\\/08\\\/ou-suis-je-46\\\/#primaryimage\"},\"thumbnailUrl\":\"https:\\\/\\\/adf-magazine.com\\\/wp-content\\\/uploads\\\/2025\\\/08\\\/Where_site_1653_0009_Lee-White_CMYK.jpg\",\"datePublished\":\"2025-08-04T14:29:03+00:00\",\"dateModified\":\"2025-08-11T14:15:56+00:00\",\"author\":{\"@id\":\"https:\\\/\\\/adf-magazine.com\\\/#\\\/schema\\\/person\\\/f266a6061389568b5a11465bb38bc025\"},\"breadcrumb\":{\"@id\":\"https:\\\/\\\/adf-magazine.com\\\/fr\\\/2025\\\/08\\\/ou-suis-je-46\\\/#breadcrumb\"},\"inLanguage\":\"fr-FR\",\"potentialAction\":[{\"@type\":\"ReadAction\",\"target\":[\"https:\\\/\\\/adf-magazine.com\\\/fr\\\/2025\\\/08\\\/ou-suis-je-46\\\/\"]}]},{\"@type\":\"ImageObject\",\"inLanguage\":\"fr-FR\",\"@id\":\"https:\\\/\\\/adf-magazine.com\\\/fr\\\/2025\\\/08\\\/ou-suis-je-46\\\/#primaryimage\",\"url\":\"https:\\\/\\\/adf-magazine.com\\\/wp-content\\\/uploads\\\/2025\\\/08\\\/Where_site_1653_0009_Lee-White_CMYK.jpg\",\"contentUrl\":\"https:\\\/\\\/adf-magazine.com\\\/wp-content\\\/uploads\\\/2025\\\/08\\\/Where_site_1653_0009_Lee-White_CMYK.jpg\",\"width\":1080,\"height\":720},{\"@type\":\"BreadcrumbList\",\"@id\":\"https:\\\/\\\/adf-magazine.com\\\/fr\\\/2025\\\/08\\\/ou-suis-je-46\\\/#breadcrumb\",\"itemListElement\":[{\"@type\":\"ListItem\",\"position\":1,\"name\":\"page d\u2019accueil\",\"item\":\"https:\\\/\\\/adf-magazine.com\\\/\"},{\"@type\":\"ListItem\",\"position\":2,\"name\":\"O\u00f9 Suis-Je ?\"}]},{\"@type\":\"WebSite\",\"@id\":\"https:\\\/\\\/adf-magazine.com\\\/#website\",\"url\":\"https:\\\/\\\/adf-magazine.com\\\/\",\"name\":\"Africa Defense Forum\",\"description\":\"Africa Defense Forum\",\"potentialAction\":[{\"@type\":\"SearchAction\",\"target\":{\"@type\":\"EntryPoint\",\"urlTemplate\":\"https:\\\/\\\/adf-magazine.com\\\/?s={search_term_string}\"},\"query-input\":{\"@type\":\"PropertyValueSpecification\",\"valueRequired\":true,\"valueName\":\"search_term_string\"}}],\"inLanguage\":\"fr-FR\"},{\"@type\":\"Person\",\"@id\":\"https:\\\/\\\/adf-magazine.com\\\/#\\\/schema\\\/person\\\/f266a6061389568b5a11465bb38bc025\",\"name\":\"ADF\",\"image\":{\"@type\":\"ImageObject\",\"inLanguage\":\"fr-FR\",\"@id\":\"https:\\\/\\\/adf-magazine.com\\\/wp-content\\\/uploads\\\/2020\\\/05\\\/cropped-ADF_icon.jpg\",\"url\":\"https:\\\/\\\/adf-magazine.com\\\/wp-content\\\/uploads\\\/2020\\\/05\\\/cropped-ADF_icon.jpg\",\"contentUrl\":\"https:\\\/\\\/adf-magazine.com\\\/wp-content\\\/uploads\\\/2020\\\/05\\\/cropped-ADF_icon.jpg\",\"caption\":\"ADF\"},\"description\":\"ADF is a professional military magazine published quarterly by U.S. Africa Command to provide an international forum for African security professionals. ADF covers topics such as counter terrorism strategies, security and defense operations, transnational crime, and all other issues affecting peace, stability, and good governance on the African continent.\",\"sameAs\":[\"https:\\\/\\\/x.com\\\/ADFmagazine\"],\"url\":\"https:\\\/\\\/adf-magazine.com\\\/fr\\\/author\\\/adf\\\/\"}]}<\/script>\n<!-- \/ Yoast SEO plugin. -->","yoast_head_json":{"title":"O\u00f9 Suis-Je ? - Africa Defense Forum","robots":{"index":"index","follow":"follow","max-snippet":"max-snippet:-1","max-image-preview":"max-image-preview:large","max-video-preview":"max-video-preview:-1"},"canonical":"https:\/\/adf-magazine.com\/fr\/2025\/08\/ou-suis-je-46\/","og_locale":"fr_FR","og_type":"article","og_title":"O\u00f9 Suis-Je ? - Africa Defense Forum","og_description":"INDICES Le site vierge s\u2019\u00e9tend sur pr\u00e8s de 3.000 kilom\u00e8tres carr\u00e9s et contient des ruisseaux et des cascades. Ses habitats aquatiques h\u00e9bergent des esp\u00e8ces de poissons d\u2019eau douce, dont 13 sont menac\u00e9es. Le site combine de vastes zones foresti\u00e8res intactes et des \u00e9cosyst\u00e8mes fluviaux immacul\u00e9s. Le terrain est consid\u00e9r\u00e9 comme une des zones prot\u00e9g\u00e9es les","og_url":"https:\/\/adf-magazine.com\/fr\/2025\/08\/ou-suis-je-46\/","og_site_name":"Africa Defense Forum","article_publisher":"https:\/\/www.facebook.com\/ADFmagazine\/","article_published_time":"2025-08-04T14:29:03+00:00","article_modified_time":"2025-08-11T14:15:56+00:00","og_image":[{"width":1080,"height":720,"url":"https:\/\/adf-magazine.com\/wp-content\/uploads\/2025\/08\/Where_site_1653_0009_Lee-White_CMYK.jpg","type":"image\/jpeg"}],"author":"ADF","twitter_card":"summary_large_image","twitter_creator":"@ADFmagazine","twitter_site":"@ADFmagazine","twitter_misc":{"\u00c9crit par":"ADF"},"schema":{"@context":"https:\/\/schema.org","@graph":[{"@type":"Article","@id":"https:\/\/adf-magazine.com\/fr\/2025\/08\/ou-suis-je-46\/#article","isPartOf":{"@id":"https:\/\/adf-magazine.com\/fr\/2025\/08\/ou-suis-je-46\/"},"author":{"name":"ADF","@id":"https:\/\/adf-magazine.com\/#\/schema\/person\/f266a6061389568b5a11465bb38bc025"},"headline":"O\u00f9 Suis-Je ?","datePublished":"2025-08-04T14:29:03+00:00","dateModified":"2025-08-11T14:15:56+00:00","mainEntityOfPage":{"@id":"https:\/\/adf-magazine.com\/fr\/2025\/08\/ou-suis-je-46\/"},"wordCount":92,"commentCount":0,"image":{"@id":"https:\/\/adf-magazine.com\/fr\/2025\/08\/ou-suis-je-46\/#primaryimage"},"thumbnailUrl":"https:\/\/adf-magazine.com\/wp-content\/uploads\/2025\/08\/Where_site_1653_0009_Lee-White_CMYK.jpg","articleSection":["O\u00f9 suis-je ?","rubriques"],"inLanguage":"fr-FR","potentialAction":[{"@type":"CommentAction","name":"Comment","target":["https:\/\/adf-magazine.com\/fr\/2025\/08\/ou-suis-je-46\/#respond"]}]},{"@type":"WebPage","@id":"https:\/\/adf-magazine.com\/fr\/2025\/08\/ou-suis-je-46\/","url":"https:\/\/adf-magazine.com\/fr\/2025\/08\/ou-suis-je-46\/","name":"O\u00f9 Suis-Je ? - Africa Defense Forum","isPartOf":{"@id":"https:\/\/adf-magazine.com\/#website"},"primaryImageOfPage":{"@id":"https:\/\/adf-magazine.com\/fr\/2025\/08\/ou-suis-je-46\/#primaryimage"},"image":{"@id":"https:\/\/adf-magazine.com\/fr\/2025\/08\/ou-suis-je-46\/#primaryimage"},"thumbnailUrl":"https:\/\/adf-magazine.com\/wp-content\/uploads\/2025\/08\/Where_site_1653_0009_Lee-White_CMYK.jpg","datePublished":"2025-08-04T14:29:03+00:00","dateModified":"2025-08-11T14:15:56+00:00","author":{"@id":"https:\/\/adf-magazine.com\/#\/schema\/person\/f266a6061389568b5a11465bb38bc025"},"breadcrumb":{"@id":"https:\/\/adf-magazine.com\/fr\/2025\/08\/ou-suis-je-46\/#breadcrumb"},"inLanguage":"fr-FR","potentialAction":[{"@type":"ReadAction","target":["https:\/\/adf-magazine.com\/fr\/2025\/08\/ou-suis-je-46\/"]}]},{"@type":"ImageObject","inLanguage":"fr-FR","@id":"https:\/\/adf-magazine.com\/fr\/2025\/08\/ou-suis-je-46\/#primaryimage","url":"https:\/\/adf-magazine.com\/wp-content\/uploads\/2025\/08\/Where_site_1653_0009_Lee-White_CMYK.jpg","contentUrl":"https:\/\/adf-magazine.com\/wp-content\/uploads\/2025\/08\/Where_site_1653_0009_Lee-White_CMYK.jpg","width":1080,"height":720},{"@type":"BreadcrumbList","@id":"https:\/\/adf-magazine.com\/fr\/2025\/08\/ou-suis-je-46\/#breadcrumb","itemListElement":[{"@type":"ListItem","position":1,"name":"page d\u2019accueil","item":"https:\/\/adf-magazine.com\/"},{"@type":"ListItem","position":2,"name":"O\u00f9 Suis-Je ?"}]},{"@type":"WebSite","@id":"https:\/\/adf-magazine.com\/#website","url":"https:\/\/adf-magazine.com\/","name":"Africa Defense Forum","description":"Africa Defense Forum","potentialAction":[{"@type":"SearchAction","target":{"@type":"EntryPoint","urlTemplate":"https:\/\/adf-magazine.com\/?s={search_term_string}"},"query-input":{"@type":"PropertyValueSpecification","valueRequired":true,"valueName":"search_term_string"}}],"inLanguage":"fr-FR"},{"@type":"Person","@id":"https:\/\/adf-magazine.com\/#\/schema\/person\/f266a6061389568b5a11465bb38bc025","name":"ADF","image":{"@type":"ImageObject","inLanguage":"fr-FR","@id":"https:\/\/adf-magazine.com\/wp-content\/uploads\/2020\/05\/cropped-ADF_icon.jpg","url":"https:\/\/adf-magazine.com\/wp-content\/uploads\/2020\/05\/cropped-ADF_icon.jpg","contentUrl":"https:\/\/adf-magazine.com\/wp-content\/uploads\/2020\/05\/cropped-ADF_icon.jpg","caption":"ADF"},"description":"ADF is a professional military magazine published quarterly by U.S. Africa Command to provide an international forum for African security professionals. ADF covers topics such as counter terrorism strategies, security and defense operations, transnational crime, and all other issues affecting peace, stability, and good governance on the African continent.","sameAs":["https:\/\/x.com\/ADFmagazine"],"url":"https:\/\/adf-magazine.com\/fr\/author\/adf\/"}]}},"_links":{"self":[{"href":"https:\/\/adf-magazine.com\/fr\/wp-json\/wp\/v2\/posts\/129626","targetHints":{"allow":["GET"]}}],"collection":[{"href":"https:\/\/adf-magazine.com\/fr\/wp-json\/wp\/v2\/posts"}],"about":[{"href":"https:\/\/adf-magazine.com\/fr\/wp-json\/wp\/v2\/types\/post"}],"author":[{"embeddable":true,"href":"https:\/\/adf-magazine.com\/fr\/wp-json\/wp\/v2\/users\/1"}],"replies":[{"embeddable":true,"href":"https:\/\/adf-magazine.com\/fr\/wp-json\/wp\/v2\/comments?post=129626"}],"version-history":[{"count":0,"href":"https:\/\/adf-magazine.com\/fr\/wp-json\/wp\/v2\/posts\/129626\/revisions"}],"wp:featuredmedia":[{"embeddable":true,"href":"https:\/\/adf-magazine.com\/fr\/wp-json\/wp\/v2\/media\/129618"}],"wp:attachment":[{"href":"https:\/\/adf-magazine.com\/fr\/wp-json\/wp\/v2\/media?parent=129626"}],"wp:term":[{"taxonomy":"category","embeddable":true,"href":"https:\/\/adf-magazine.com\/fr\/wp-json\/wp\/v2\/categories?post=129626"},{"taxonomy":"post_tag","embeddable":true,"href":"https:\/\/adf-magazine.com\/fr\/wp-json\/wp\/v2\/tags?post=129626"}],"curies":[{"name":"wp","href":"https:\/\/api.w.org\/{rel}","templated":true}]}}