{"id":126172,"date":"2025-06-17T12:27:54","date_gmt":"2025-06-17T16:27:54","guid":{"rendered":"https:\/\/adf-magazine.com\/?p=126172"},"modified":"2025-06-17T12:28:10","modified_gmt":"2025-06-17T16:28:10","slug":"les-attaques-de-drone-au-darfour-et-a-port-soudan-refletent-la-hausse-des-tensions-entre-la-turquie-et-les-eau","status":"publish","type":"post","link":"https:\/\/adf-magazine.com\/fr\/2025\/06\/les-attaques-de-drone-au-darfour-et-a-port-soudan-refletent-la-hausse-des-tensions-entre-la-turquie-et-les-eau\/","title":{"rendered":"Les attaques de drone au Darfour et \u00e0 Port-Soudan refl\u00e8tent la hausse des tensions entre la Turquie et les EAU"},"content":{"rendered":"<p>Les r\u00e9centes attaques de drone contre le Darfour et Port-Soudan font partie de la hausse des tensions entre la Turquie et les \u00c9mirats arabes unis (EAU) alors qu\u2019ils essaient d\u2019influencer le r\u00e9sultat de la guerre au Soudan, selon les experts.<\/p>\n<p>La Turquie a offert aux Forces arm\u00e9es soudanaises (FAS) des drones Bayraktar TB2 et leurs op\u00e9rateurs turcs. Les EAU ont ni\u00e9 maintes fois qu\u2019ils soutenaient les Forces de soutien rapide (FSR), un groupe paramilitaire. Toutefois, les observateurs internationaux signalent l\u2019arriv\u00e9e d\u2019avions militaires \u00e9miriens sur une piste d\u2019atterrissage du Darfour. Ils disent aussi que le mat\u00e9riel est pass\u00e9 par contrebande \u00e0 partir d\u2019une piste construite par les EAU au Tchad, des bases a\u00e9riennes \u00e9miriennes en Ouganda et dans la r\u00e9gion somalienne du Pount, et des forces soutenues par les EAU en Libye.<\/p>\n<p>Les drones turcs ont aid\u00e9 \u00e0 renverser la tendance au profit des FAS. Depuis la r\u00e9ception des drones Bayraktar en d\u00e9cembre 2024, les combattants FAS ont chass\u00e9 les combattants FSR des territoires cl\u00e9s de l\u2019Est du Soudan et la r\u00e9gion de la capitale.<\/p>\n<p>En mai dernier, les FAS ont d\u00e9truit un avion-cargo des EAU sur une piste d\u2019envol \u00e0 Nyala, chef-lieu du Darfour du Sud contr\u00f4l\u00e9 par les FSR. Cette attaque s\u2019est produite apr\u00e8s l\u2019observation par les FAS des atterrissages et d\u00e9collages d\u2019avions militaires similaires dans ce m\u00eame a\u00e9roport pendant plusieurs mois.<\/p>\n<p>L\u2019attaque a tu\u00e9 des dizaines de combattants FSR, plusieurs \u00c9miriens et les pilotes de l\u2019avion. Les responsables des FAS d\u00e9clarent que l\u2019avion faisait partie d\u2019une campagne \u00e9mirienne en cours visant \u00e0 approvisionner les combattants FSR et \u00e0 prolonger la guerre.<\/p>\n<p>En guise de repr\u00e9sailles pour l\u2019attaque de Nyala, des drones cens\u00e9s provenir du territoire des FSR au Darfour ont bombard\u00e9 Port-Soudan pendant plusieurs jours, en incendiant les installations p\u00e9troli\u00e8res et endommageant une centrale \u00e9lectrique et le port.<span class=\"Apple-converted-space\">\u00a0<\/span><\/p>\n<p>L\u2019attaque a aussi endommag\u00e9 des hangars militaires cens\u00e9s contenir des drones Bayraktar\u00a0; plusieurs op\u00e9rateurs de drone turcs ont \u00e9t\u00e9 bless\u00e9s. Ils ont \u00e9t\u00e9 \u00e9vacu\u00e9s par avion vers la Turquie pour leur traitement.<\/p>\n<p>Les FSR n\u2019ont pas revendiqu\u00e9 la responsabilit\u00e9 de cette attaque, ce qui conduit certains analystes \u00e0 soup\u00e7onner que ce sont les EAU qui l\u2019ont ordonn\u00e9e en r\u00e9ponse \u00e0 la participation de la Turquie \u00e0 l\u2019attaque de Nyala.<\/p>\n<p>Peu apr\u00e8s les attaques de Port-Soudan, l\u2019ambassadeur soudanais au Royaume-Uni Babikir Elamin a d\u00e9clar\u00e9 au Parlement britannique que l\u2019assaut par drone avait accru les risques de transformer le conflit interne du Soudan en conflit r\u00e9gional.<\/p>\n<p>\u00ab\u00a0Jusqu\u2019\u00e0 r\u00e9cemment, ce conflit pouvait \u00eatre d\u00e9crit comme une guerre par procuration. Toutefois, il a subi une \u00e9volution dangereuse qui frise la guerre r\u00e9gionale, alors que les EAU dissimulent \u00e0 peine leur intervention directe\u00a0\u00bb, a-t-il dit.<\/p>\n<p>Les tensions entre la Turquie et les EAU au Soudan font \u00e9cho aux tensions qui ont flamb\u00e9 entre les deux pays en 2020 lorsque la Turquie a soutenu le gouvernement d\u2019entente nationale (GNA) de Libye reconnu internationalement contre l\u2019Arm\u00e9e nationale libyenne (LNA) du mar\u00e9chal Khalifa Haftar, parrain\u00e9e par les EAU.<\/p>\n<p>L\u2019aide turque a aid\u00e9 le GNA \u00e0 repousser un assaut de la LNA contre Tripoli cette ann\u00e9e. Environ 3.000\u00a0soldats turcs restent en Libye.<span class=\"Apple-converted-space\">\u00a0<\/span><\/p>\n<p>En avril, les chefs militaires turcs se sont r\u00e9unis \u00e0 Ankara (Turquie) avec Saddam Haftar, chef des forces terrestres de la LNA. Entre-temps, selon les observateurs, les EAU ont entrepris une tentative plus subtile d\u2019influencer la Libye par l\u2019interm\u00e9diaire des institutions religieuses et sociales, au lieu d\u2019une participation militaire directe.<\/p>\n<p>Au Soudan, les EAU maintiennent la relation de plusieurs d\u00e9cennies qu\u2019ils ont avec les FSR et leur chef, le g\u00e9n\u00e9ral Mohamed Hamdan Dogolo alias \u00ab\u00a0Hemeti\u00a0\u00bb. Cette relation est b\u00e2tie sur la base de l\u2019or extrait des mines d\u00e9tenues par la famille du g\u00e9n\u00e9ral Dogolo et pass\u00e9 en contrebande aux EAU, o\u00f9 Hemeti conduit ses op\u00e9rations financi\u00e8res.<span class=\"Apple-converted-space\">\u00a0<\/span><\/p>\n<p>Selon des donn\u00e9es de la Banque centrale du Soudan, la grande majorit\u00e9 des exportations du pays entre 2018 et 2022 aux EAU \u00e9taient de nature aurif\u00e8re. Pendant cette p\u00e9riode, la valeur de ces exportations a plus que doubl\u00e9, de 994\u00a0millions \u00e0 plus de 2\u00a0milliards de dollars.<span class=\"Apple-converted-space\">\u00a0<\/span><\/p>\n<p>Les analystes du site web Monitor Control ont \u00e9crit en d\u00e9but d\u2019ann\u00e9e\u00a0: \u00ab\u00a0Dans cette guerre, les EAU ne peuvent \u00eatre que gagnants. Plus la guerre se prolonge, plus les profits augmentent. Pour les EAU, s\u2019assurer que la guerre continue est une id\u00e9e excellente.\u00a0\u00bb<\/p>\n<p>Pour la Turquie, l\u2019alliance avec le gouvernement internationalement reconnu du Soudan s\u2019inscrit dans un effort d\u2019expansion de son influence comme pacificateur et courtier du pouvoir.<span class=\"Apple-converted-space\">\u00a0<\/span><\/p>\n<p>L\u2019analyste Mustafa Enes Esen a \u00e9crit plus t\u00f4t cette ann\u00e9e pour l\u2019Institut pour la diplomatie et l\u2019\u00e9conomie\u00a0: \u00ab\u00a0La participation de la Turquie au Soudan est conforme \u00e0 la strat\u00e9gie r\u00e9gionale plus vaste d\u2019Ankara. Une entente entre les dirigeants des FAS et des EAU lors de pourparlers anim\u00e9s par Ankara pourrait mettre fin rapidement \u00e0 la guerre civile du Soudan.\u00a0\u00bb<\/p>\n<p>Entre-temps, la question de savoir quand l\u2019un ou l\u2019autre bellig\u00e9rant d\u00e9cidera que la lutte n\u2019en vaut plus la peine demeure incertaine, a d\u00e9clar\u00e9 l\u2019analyste Simon Marks dans un r\u00e9cent podcast \u00ab\u00a0Next Africa\u00a0\u00bb de Bloomberg.<span class=\"Apple-converted-space\">\u00a0<\/span><\/p>\n<p>\u00ab\u00a0Si les interm\u00e9diaires continuent \u00e0 promouvoir (la guerre), elle pourrait durer tr\u00e8s longtemps\u00a0\u00bb, a-t-il dit.<\/p>\n","protected":false},"excerpt":{"rendered":"<p>Les r\u00e9centes attaques de drone contre le Darfour et Port-Soudan font partie de la hausse des tensions entre la Turquie et les \u00c9mirats arabes unis (EAU) alors qu\u2019ils essaient d\u2019influencer le r\u00e9sultat de la guerre au Soudan, selon les experts. La Turquie a offert aux Forces arm\u00e9es soudanaises (FAS) des drones Bayraktar TB2 et leurs<\/p>\n","protected":false},"author":1,"featured_media":126167,"comment_status":"open","ping_status":"closed","sticky":false,"template":"","format":"standard","meta":{"_acf_changed":false,"_monsterinsights_skip_tracking":false,"_monsterinsights_sitenote_active":false,"_monsterinsights_sitenote_note":"","_monsterinsights_sitenote_category":0,"_uf_show_specific_survey":0,"_uf_disable_surveys":false,"footnotes":""},"categories":[331],"tags":[1295,1182,1181],"class_list":{"0":"post-126172","1":"post","2":"type-post","3":"status-publish","4":"format-standard","5":"has-post-thumbnail","7":"category-dernieres-nouvelles","8":"tag-civil-war-fr","9":"tag-coups-fr","10":"tag-sudan-fr"},"acf":[],"yoast_head":"<!-- This site is optimized with the Yoast SEO plugin v27.4 - https:\/\/yoast.com\/product\/yoast-seo-wordpress\/ -->\n<title>Les attaques de drone au Darfour et \u00e0 Port-Soudan refl\u00e8tent la hausse des tensions entre la Turquie et les EAU - Africa Defense Forum<\/title>\n<meta name=\"robots\" content=\"index, follow, max-snippet:-1, max-image-preview:large, max-video-preview:-1\" \/>\n<link rel=\"canonical\" href=\"https:\/\/adf-magazine.com\/ar\/?p=126174\" \/>\n<meta property=\"og:locale\" content=\"fr_FR\" \/>\n<meta property=\"og:type\" content=\"article\" \/>\n<meta property=\"og:title\" content=\"Les attaques de drone au Darfour et \u00e0 Port-Soudan refl\u00e8tent la hausse des tensions entre la Turquie et les EAU - Africa Defense Forum\" \/>\n<meta property=\"og:description\" content=\"Les r\u00e9centes attaques de drone contre le Darfour et Port-Soudan font partie de la hausse des tensions entre la Turquie et les \u00c9mirats arabes unis (EAU) alors qu\u2019ils essaient d\u2019influencer le r\u00e9sultat de la guerre au Soudan, selon les experts. La Turquie a offert aux Forces arm\u00e9es soudanaises (FAS) des drones Bayraktar TB2 et leurs\" \/>\n<meta property=\"og:url\" content=\"https:\/\/adf-magazine.com\/ar\/?p=126174\" \/>\n<meta property=\"og:site_name\" content=\"Africa Defense Forum\" \/>\n<meta property=\"article:publisher\" content=\"https:\/\/www.facebook.com\/ADFmagazine\/\" \/>\n<meta property=\"article:published_time\" content=\"2025-06-17T16:27:54+00:00\" \/>\n<meta property=\"article:modified_time\" content=\"2025-06-17T16:28:10+00:00\" \/>\n<meta property=\"og:image\" content=\"https:\/\/adf-magazine.com\/wp-content\/uploads\/2025\/06\/GettyImages-2213120246.jpg\" \/>\n\t<meta property=\"og:image:width\" content=\"1024\" \/>\n\t<meta property=\"og:image:height\" content=\"683\" \/>\n\t<meta property=\"og:image:type\" content=\"image\/jpeg\" \/>\n<meta name=\"author\" content=\"ADF\" \/>\n<meta name=\"twitter:card\" content=\"summary_large_image\" \/>\n<meta name=\"twitter:creator\" content=\"@ADFmagazine\" \/>\n<meta name=\"twitter:site\" content=\"@ADFmagazine\" \/>\n<meta name=\"twitter:label1\" content=\"\u00c9crit par\" \/>\n\t<meta name=\"twitter:data1\" content=\"ADF\" \/>\n\t<meta name=\"twitter:label2\" content=\"Dur\u00e9e de lecture estim\u00e9e\" \/>\n\t<meta name=\"twitter:data2\" content=\"5 minutes\" \/>\n<script type=\"application\/ld+json\" class=\"yoast-schema-graph\">{\"@context\":\"https:\\\/\\\/schema.org\",\"@graph\":[{\"@type\":\"Article\",\"@id\":\"https:\\\/\\\/adf-magazine.com\\\/ar\\\/?p=126174#article\",\"isPartOf\":{\"@id\":\"https:\\\/\\\/adf-magazine.com\\\/ar\\\/?p=126174\"},\"author\":{\"name\":\"ADF\",\"@id\":\"https:\\\/\\\/adf-magazine.com\\\/#\\\/schema\\\/person\\\/f266a6061389568b5a11465bb38bc025\"},\"headline\":\"Les attaques de drone au Darfour et \u00e0 Port-Soudan refl\u00e8tent la hausse des tensions entre la Turquie et les EAU\",\"datePublished\":\"2025-06-17T16:27:54+00:00\",\"dateModified\":\"2025-06-17T16:28:10+00:00\",\"mainEntityOfPage\":{\"@id\":\"https:\\\/\\\/adf-magazine.com\\\/ar\\\/?p=126174\"},\"wordCount\":954,\"commentCount\":0,\"image\":{\"@id\":\"https:\\\/\\\/adf-magazine.com\\\/ar\\\/?p=126174#primaryimage\"},\"thumbnailUrl\":\"https:\\\/\\\/adf-magazine.com\\\/wp-content\\\/uploads\\\/2025\\\/06\\\/GettyImages-2213120246.jpg\",\"keywords\":[\"civil war\",\"coups\",\"Sudan\"],\"articleSection\":[\"Actualit\u00e9s du Jour\"],\"inLanguage\":\"fr-FR\",\"potentialAction\":[{\"@type\":\"CommentAction\",\"name\":\"Comment\",\"target\":[\"https:\\\/\\\/adf-magazine.com\\\/ar\\\/?p=126174#respond\"]}]},{\"@type\":\"WebPage\",\"@id\":\"https:\\\/\\\/adf-magazine.com\\\/ar\\\/?p=126174\",\"url\":\"https:\\\/\\\/adf-magazine.com\\\/ar\\\/?p=126174\",\"name\":\"Les attaques de drone au Darfour et \u00e0 Port-Soudan refl\u00e8tent la hausse des tensions entre la Turquie et les EAU - Africa Defense Forum\",\"isPartOf\":{\"@id\":\"https:\\\/\\\/adf-magazine.com\\\/#website\"},\"primaryImageOfPage\":{\"@id\":\"https:\\\/\\\/adf-magazine.com\\\/ar\\\/?p=126174#primaryimage\"},\"image\":{\"@id\":\"https:\\\/\\\/adf-magazine.com\\\/ar\\\/?p=126174#primaryimage\"},\"thumbnailUrl\":\"https:\\\/\\\/adf-magazine.com\\\/wp-content\\\/uploads\\\/2025\\\/06\\\/GettyImages-2213120246.jpg\",\"datePublished\":\"2025-06-17T16:27:54+00:00\",\"dateModified\":\"2025-06-17T16:28:10+00:00\",\"author\":{\"@id\":\"https:\\\/\\\/adf-magazine.com\\\/#\\\/schema\\\/person\\\/f266a6061389568b5a11465bb38bc025\"},\"breadcrumb\":{\"@id\":\"https:\\\/\\\/adf-magazine.com\\\/ar\\\/?p=126174#breadcrumb\"},\"inLanguage\":\"fr-FR\",\"potentialAction\":[{\"@type\":\"ReadAction\",\"target\":[\"https:\\\/\\\/adf-magazine.com\\\/ar\\\/?p=126174\"]}]},{\"@type\":\"ImageObject\",\"inLanguage\":\"fr-FR\",\"@id\":\"https:\\\/\\\/adf-magazine.com\\\/ar\\\/?p=126174#primaryimage\",\"url\":\"https:\\\/\\\/adf-magazine.com\\\/wp-content\\\/uploads\\\/2025\\\/06\\\/GettyImages-2213120246.jpg\",\"contentUrl\":\"https:\\\/\\\/adf-magazine.com\\\/wp-content\\\/uploads\\\/2025\\\/06\\\/GettyImages-2213120246.jpg\",\"width\":1024,\"height\":683,\"caption\":\"Les r\u00e9centes attaques de drone \u00e0 Nyala et Port-Soudan refl\u00e8tent la participation de la Turquie et des \u00c9mirats arabes unis dans la guerre civile du Soudan. AFP\\\/GETTY IMAGES\"},{\"@type\":\"BreadcrumbList\",\"@id\":\"https:\\\/\\\/adf-magazine.com\\\/ar\\\/?p=126174#breadcrumb\",\"itemListElement\":[{\"@type\":\"ListItem\",\"position\":1,\"name\":\"page d\u2019accueil\",\"item\":\"https:\\\/\\\/adf-magazine.com\\\/\"},{\"@type\":\"ListItem\",\"position\":2,\"name\":\"Les attaques de drone au Darfour et \u00e0 Port-Soudan refl\u00e8tent la hausse des tensions entre la Turquie et les EAU\"}]},{\"@type\":\"WebSite\",\"@id\":\"https:\\\/\\\/adf-magazine.com\\\/#website\",\"url\":\"https:\\\/\\\/adf-magazine.com\\\/\",\"name\":\"Africa Defense Forum\",\"description\":\"Africa Defense Forum\",\"potentialAction\":[{\"@type\":\"SearchAction\",\"target\":{\"@type\":\"EntryPoint\",\"urlTemplate\":\"https:\\\/\\\/adf-magazine.com\\\/?s={search_term_string}\"},\"query-input\":{\"@type\":\"PropertyValueSpecification\",\"valueRequired\":true,\"valueName\":\"search_term_string\"}}],\"inLanguage\":\"fr-FR\"},{\"@type\":\"Person\",\"@id\":\"https:\\\/\\\/adf-magazine.com\\\/#\\\/schema\\\/person\\\/f266a6061389568b5a11465bb38bc025\",\"name\":\"ADF\",\"image\":{\"@type\":\"ImageObject\",\"inLanguage\":\"fr-FR\",\"@id\":\"https:\\\/\\\/adf-magazine.com\\\/wp-content\\\/uploads\\\/2020\\\/05\\\/cropped-ADF_icon.jpg\",\"url\":\"https:\\\/\\\/adf-magazine.com\\\/wp-content\\\/uploads\\\/2020\\\/05\\\/cropped-ADF_icon.jpg\",\"contentUrl\":\"https:\\\/\\\/adf-magazine.com\\\/wp-content\\\/uploads\\\/2020\\\/05\\\/cropped-ADF_icon.jpg\",\"caption\":\"ADF\"},\"description\":\"ADF is a professional military magazine published quarterly by U.S. Africa Command to provide an international forum for African security professionals. ADF covers topics such as counter terrorism strategies, security and defense operations, transnational crime, and all other issues affecting peace, stability, and good governance on the African continent.\",\"sameAs\":[\"https:\\\/\\\/x.com\\\/ADFmagazine\"],\"url\":\"https:\\\/\\\/adf-magazine.com\\\/fr\\\/author\\\/adf\\\/\"}]}<\/script>\n<!-- \/ Yoast SEO plugin. -->","yoast_head_json":{"title":"Les attaques de drone au Darfour et \u00e0 Port-Soudan refl\u00e8tent la hausse des tensions entre la Turquie et les EAU - Africa Defense Forum","robots":{"index":"index","follow":"follow","max-snippet":"max-snippet:-1","max-image-preview":"max-image-preview:large","max-video-preview":"max-video-preview:-1"},"canonical":"https:\/\/adf-magazine.com\/ar\/?p=126174","og_locale":"fr_FR","og_type":"article","og_title":"Les attaques de drone au Darfour et \u00e0 Port-Soudan refl\u00e8tent la hausse des tensions entre la Turquie et les EAU - Africa Defense Forum","og_description":"Les r\u00e9centes attaques de drone contre le Darfour et Port-Soudan font partie de la hausse des tensions entre la Turquie et les \u00c9mirats arabes unis (EAU) alors qu\u2019ils essaient d\u2019influencer le r\u00e9sultat de la guerre au Soudan, selon les experts. La Turquie a offert aux Forces arm\u00e9es soudanaises (FAS) des drones Bayraktar TB2 et leurs","og_url":"https:\/\/adf-magazine.com\/ar\/?p=126174","og_site_name":"Africa Defense Forum","article_publisher":"https:\/\/www.facebook.com\/ADFmagazine\/","article_published_time":"2025-06-17T16:27:54+00:00","article_modified_time":"2025-06-17T16:28:10+00:00","og_image":[{"width":1024,"height":683,"url":"https:\/\/adf-magazine.com\/wp-content\/uploads\/2025\/06\/GettyImages-2213120246.jpg","type":"image\/jpeg"}],"author":"ADF","twitter_card":"summary_large_image","twitter_creator":"@ADFmagazine","twitter_site":"@ADFmagazine","twitter_misc":{"\u00c9crit par":"ADF","Dur\u00e9e de lecture estim\u00e9e":"5 minutes"},"schema":{"@context":"https:\/\/schema.org","@graph":[{"@type":"Article","@id":"https:\/\/adf-magazine.com\/ar\/?p=126174#article","isPartOf":{"@id":"https:\/\/adf-magazine.com\/ar\/?p=126174"},"author":{"name":"ADF","@id":"https:\/\/adf-magazine.com\/#\/schema\/person\/f266a6061389568b5a11465bb38bc025"},"headline":"Les attaques de drone au Darfour et \u00e0 Port-Soudan refl\u00e8tent la hausse des tensions entre la Turquie et les EAU","datePublished":"2025-06-17T16:27:54+00:00","dateModified":"2025-06-17T16:28:10+00:00","mainEntityOfPage":{"@id":"https:\/\/adf-magazine.com\/ar\/?p=126174"},"wordCount":954,"commentCount":0,"image":{"@id":"https:\/\/adf-magazine.com\/ar\/?p=126174#primaryimage"},"thumbnailUrl":"https:\/\/adf-magazine.com\/wp-content\/uploads\/2025\/06\/GettyImages-2213120246.jpg","keywords":["civil war","coups","Sudan"],"articleSection":["Actualit\u00e9s du Jour"],"inLanguage":"fr-FR","potentialAction":[{"@type":"CommentAction","name":"Comment","target":["https:\/\/adf-magazine.com\/ar\/?p=126174#respond"]}]},{"@type":"WebPage","@id":"https:\/\/adf-magazine.com\/ar\/?p=126174","url":"https:\/\/adf-magazine.com\/ar\/?p=126174","name":"Les attaques de drone au Darfour et \u00e0 Port-Soudan refl\u00e8tent la hausse des tensions entre la Turquie et les EAU - Africa Defense Forum","isPartOf":{"@id":"https:\/\/adf-magazine.com\/#website"},"primaryImageOfPage":{"@id":"https:\/\/adf-magazine.com\/ar\/?p=126174#primaryimage"},"image":{"@id":"https:\/\/adf-magazine.com\/ar\/?p=126174#primaryimage"},"thumbnailUrl":"https:\/\/adf-magazine.com\/wp-content\/uploads\/2025\/06\/GettyImages-2213120246.jpg","datePublished":"2025-06-17T16:27:54+00:00","dateModified":"2025-06-17T16:28:10+00:00","author":{"@id":"https:\/\/adf-magazine.com\/#\/schema\/person\/f266a6061389568b5a11465bb38bc025"},"breadcrumb":{"@id":"https:\/\/adf-magazine.com\/ar\/?p=126174#breadcrumb"},"inLanguage":"fr-FR","potentialAction":[{"@type":"ReadAction","target":["https:\/\/adf-magazine.com\/ar\/?p=126174"]}]},{"@type":"ImageObject","inLanguage":"fr-FR","@id":"https:\/\/adf-magazine.com\/ar\/?p=126174#primaryimage","url":"https:\/\/adf-magazine.com\/wp-content\/uploads\/2025\/06\/GettyImages-2213120246.jpg","contentUrl":"https:\/\/adf-magazine.com\/wp-content\/uploads\/2025\/06\/GettyImages-2213120246.jpg","width":1024,"height":683,"caption":"Les r\u00e9centes attaques de drone \u00e0 Nyala et Port-Soudan refl\u00e8tent la participation de la Turquie et des \u00c9mirats arabes unis dans la guerre civile du Soudan. AFP\/GETTY IMAGES"},{"@type":"BreadcrumbList","@id":"https:\/\/adf-magazine.com\/ar\/?p=126174#breadcrumb","itemListElement":[{"@type":"ListItem","position":1,"name":"page d\u2019accueil","item":"https:\/\/adf-magazine.com\/"},{"@type":"ListItem","position":2,"name":"Les attaques de drone au Darfour et \u00e0 Port-Soudan refl\u00e8tent la hausse des tensions entre la Turquie et les EAU"}]},{"@type":"WebSite","@id":"https:\/\/adf-magazine.com\/#website","url":"https:\/\/adf-magazine.com\/","name":"Africa Defense Forum","description":"Africa Defense Forum","potentialAction":[{"@type":"SearchAction","target":{"@type":"EntryPoint","urlTemplate":"https:\/\/adf-magazine.com\/?s={search_term_string}"},"query-input":{"@type":"PropertyValueSpecification","valueRequired":true,"valueName":"search_term_string"}}],"inLanguage":"fr-FR"},{"@type":"Person","@id":"https:\/\/adf-magazine.com\/#\/schema\/person\/f266a6061389568b5a11465bb38bc025","name":"ADF","image":{"@type":"ImageObject","inLanguage":"fr-FR","@id":"https:\/\/adf-magazine.com\/wp-content\/uploads\/2020\/05\/cropped-ADF_icon.jpg","url":"https:\/\/adf-magazine.com\/wp-content\/uploads\/2020\/05\/cropped-ADF_icon.jpg","contentUrl":"https:\/\/adf-magazine.com\/wp-content\/uploads\/2020\/05\/cropped-ADF_icon.jpg","caption":"ADF"},"description":"ADF is a professional military magazine published quarterly by U.S. Africa Command to provide an international forum for African security professionals. ADF covers topics such as counter terrorism strategies, security and defense operations, transnational crime, and all other issues affecting peace, stability, and good governance on the African continent.","sameAs":["https:\/\/x.com\/ADFmagazine"],"url":"https:\/\/adf-magazine.com\/fr\/author\/adf\/"}]}},"_links":{"self":[{"href":"https:\/\/adf-magazine.com\/fr\/wp-json\/wp\/v2\/posts\/126172","targetHints":{"allow":["GET"]}}],"collection":[{"href":"https:\/\/adf-magazine.com\/fr\/wp-json\/wp\/v2\/posts"}],"about":[{"href":"https:\/\/adf-magazine.com\/fr\/wp-json\/wp\/v2\/types\/post"}],"author":[{"embeddable":true,"href":"https:\/\/adf-magazine.com\/fr\/wp-json\/wp\/v2\/users\/1"}],"replies":[{"embeddable":true,"href":"https:\/\/adf-magazine.com\/fr\/wp-json\/wp\/v2\/comments?post=126172"}],"version-history":[{"count":0,"href":"https:\/\/adf-magazine.com\/fr\/wp-json\/wp\/v2\/posts\/126172\/revisions"}],"wp:featuredmedia":[{"embeddable":true,"href":"https:\/\/adf-magazine.com\/fr\/wp-json\/wp\/v2\/media\/126167"}],"wp:attachment":[{"href":"https:\/\/adf-magazine.com\/fr\/wp-json\/wp\/v2\/media?parent=126172"}],"wp:term":[{"taxonomy":"category","embeddable":true,"href":"https:\/\/adf-magazine.com\/fr\/wp-json\/wp\/v2\/categories?post=126172"},{"taxonomy":"post_tag","embeddable":true,"href":"https:\/\/adf-magazine.com\/fr\/wp-json\/wp\/v2\/tags?post=126172"}],"curies":[{"name":"wp","href":"https:\/\/api.w.org\/{rel}","templated":true}]}}