{"id":124171,"date":"2025-04-08T14:23:44","date_gmt":"2025-04-08T18:23:44","guid":{"rendered":"https:\/\/adf-magazine.com\/?p=124171"},"modified":"2025-04-08T14:25:05","modified_gmt":"2025-04-08T18:25:05","slug":"la-cedeao-va-activer-une-force-en-attente-de-5-000-soldats-pour-combattre-le-terrorisme","status":"publish","type":"post","link":"https:\/\/adf-magazine.com\/fr\/2025\/04\/la-cedeao-va-activer-une-force-en-attente-de-5-000-soldats-pour-combattre-le-terrorisme\/","title":{"rendered":"La CEDEAO va activer une force en attente de 5.000 soldats pour combattre le terrorisme"},"content":{"rendered":"<p style=\"font-weight: 400;\">La Communaut\u00e9 \u00e9conomique des \u00c9tats de l\u2019Afrique de l\u2019Ouest (CEDEAO) a annonc\u00e9 un plan pour activer sa force en attente, alors que le terrorisme au Burkina Faso, au Mali et au Niger continue \u00e0 se propager.<\/p>\n<p>En marge d\u2019une r\u00e9union de la CEDEAO le 11 mars, le ministre nig\u00e9rian de la D\u00e9fense Mohammed Badaru Abubakar a d\u00e9clar\u00e9 que le plan visait \u00e0 mobiliser 5.000\u00a0soldats de la Force en attente de la CEDEAO (ESF) et d\u2019autres ressources de la r\u00e9gion, qui est un foyer de la violence terroriste. L\u2019ESF combattra le terrorisme, le banditisme, l\u2019extr\u00e9misme violent, les crimes transfrontaliers et l\u2019instabilit\u00e9 politique. Les circonstances de ce premier d\u00e9ploiement de l\u2019ESF (o\u00f9 et quand) demeurent incertaines.<\/p>\n<p>\u00ab\u00a0L\u2019activation de cette force souligne notre d\u00e9termination collective pour confronter l\u2019\u00e9tendue du terrorisme \u00e0 l\u2019\u00e9gard de l\u2019ins\u00e9curit\u00e9 et assurer la s\u00fbret\u00e9 et la s\u00e9curit\u00e9 de nos citoyens\u00a0\u00bb, a d\u00e9clar\u00e9 M.\u00a0Abubakar \u00e0 Voice of America (VOA).<\/p>\n<p>L\u2019analyste de la s\u00e9curit\u00e9 Kabiru Adamu accueille cette d\u00e9marche mais exprime des pr\u00e9occupations sur son efficacit\u00e9.<\/p>\n<p>\u00ab\u00a0Le plus r\u00e9cent d\u00e9tail que nous avons appris, bien que cela pourrait changer, c\u2019est qu\u2019elle aura deux bases op\u00e9rationnelles dans la sous-r\u00e9gion, d\u00e9clare-t-il \u00e0 VOA. Nous savons que la possibilit\u00e9 m\u00eame d\u2019obtenir les 5.000\u00a0soldats a \u00e9t\u00e9 un peu remise en question. Parmi les pays qui avaient initialement convenu de contribuer, trois d\u2019entre eux ne font plus partie de la CEDEAO. Donc aujourd\u2019hui la CEDEAO devra consulter ses membres pour d\u00e9terminer qui parmi eux comblera la lacune.\u00a0\u00bb<\/p>\n<p>Le Burkina Faso, le Mali et le Niger ont quitt\u00e9 la CEDEAO le 29 janvier et ont form\u00e9 l\u2019Alliance des \u00c9tats du Sahel (AES). Malgr\u00e9 ce d\u00e9part, le bloc r\u00e9gional esp\u00e8re collaborer avec ces pays pour affronter le terrorisme et d\u2019autres d\u00e9fis, selon le pr\u00e9sident de la CEDEAO Omar Touray.<\/p>\n<p>Le Dr\u00a0Adamu d\u00e9clare qu\u2019il pense que des relations en cours entre la CEDEAO et l\u2019AES pourraient \u00eatre n\u00e9cessaires.<\/p>\n<p>\u00ab\u00a0\u00c9tant donn\u00e9 les conditions des contingents militaires dans presque tous les pays, il sera tr\u00e8s difficile de les satisfaire d\u2019une fa\u00e7on qui pourrait permettre un d\u00e9ploiement rapide, d\u00e9clare-t-il \u00e0 VOA. Un point positif est le fait que la coop\u00e9ration en mati\u00e8re de d\u00e9fense et de s\u00e9curit\u00e9 entre l\u2019AES et la CEDEAO existe toujours, sur le plan multilat\u00e9ral et bilat\u00e9ral. Nous esp\u00e9rons que, malgr\u00e9 le d\u00e9part, toutes les parties comprendront la n\u00e9cessit\u00e9 de s\u2019engager envers la s\u00e9curit\u00e9 et la d\u00e9fense.\u00a0\u00bb<\/p>\n<p>La CEDEAO a fait face \u00e0 des d\u00e9fis croissants au cours des derni\u00e8res ann\u00e9es, notamment l\u2019instabilit\u00e9 politique r\u00e9gionale, les d\u00e9placements internes et les int\u00e9r\u00eats nationaux concurrents, selon le Center for Democracy and Socioeconomic Development (CDS).<\/p>\n<p>Les responsables discutent depuis longtemps de l\u2019efficacit\u00e9 potentielle d\u2019une ESF. Pendant un dialogue sur ce sujet \u00e0 l\u2019\u00c9cole de la pens\u00e9e sociale et politique d\u2019Abuja (Nigeria) en septembre 2024, le major-g\u00e9n\u00e9ral Nicholas Rogers (\u00e0 la retraite) a d\u00e9clar\u00e9 que la force faisait face \u00e0 un financement insuffisant, une instabilit\u00e9 et des barri\u00e8res linguistiques.<\/p>\n<p>Le g\u00e9n\u00e9ral Rogers, ancien commandant de l\u2019op\u00e9ration Safe Haven de l\u2019arm\u00e9e nig\u00e9riane qui m\u00e8ne les combats contre le banditisme dans les \u00c9tats de Kaduna, Plateau et Taraba, a dit que la force en attente pourra fonctionner uniquement lorsque les pays participants auront des identit\u00e9s similaires, une technologie ad\u00e9quate et une paix relative, selon le journal nig\u00e9rian People\u2019s Gazette.<\/p>\n<p>\u00ab\u00a0Il est difficile pour une r\u00e9gion qui est \u00e9conomiquement pauvre d\u2019avoir une force en attente, parce qu\u2019il s\u2019agit de mat\u00e9riel, de technologie, de soldats sur le terrain, d\u2019allocation pour ces soldats, de programmes m\u00e9dicaux et de soutien a\u00e9rien. Vous n\u2019obtenez pas de force en attente avec une simple paperasserie\u00a0; vous devez avoir la capacit\u00e9 financi\u00e8re et la technologie avant de pouvoir dire que vous voulez une force en attente.\u00a0\u00bb<\/p>\n<p>Toutefois, l\u2019ex-pr\u00e9sident Nana Akufo-Addo du Ghana affirme que l\u2019ESF sera cruciale pour la stabilit\u00e9 et la s\u00e9curit\u00e9 r\u00e9gionales.<\/p>\n<p>Il a d\u00e9clar\u00e9 dans un reportage sur GhanaWeb\u00a0: \u00ab\u00a0Je n\u2019ai aucun doute que, si elle avait exist\u00e9 ant\u00e9rieurement, elle aurait servi de dissuasion pour les coups d\u2019\u00c9tat multiples et la propagation du terrorisme. L\u2019\u00e9tablissement de cette force est essentielle pour pr\u00e9server la stabilit\u00e9 et la s\u00e9curit\u00e9 r\u00e9gionales. Elle permettra \u00e0 la CEDEAO de r\u00e9pondre rapidement et efficacement aux menaces, soutenir la gouvernance d\u00e9mocratique et promouvoir la paix en Afrique de l\u2019Ouest.\u00a0\u00bb<\/p>\n","protected":false},"excerpt":{"rendered":"<p>La Communaut\u00e9 \u00e9conomique des \u00c9tats de l\u2019Afrique de l\u2019Ouest (CEDEAO) a annonc\u00e9 un plan pour activer sa force en attente, alors que le terrorisme au Burkina Faso, au Mali et au Niger continue \u00e0 se propager. En marge d\u2019une r\u00e9union de la CEDEAO le 11 mars, le ministre nig\u00e9rian de la D\u00e9fense Mohammed Badaru Abubakar<\/p>\n","protected":false},"author":1,"featured_media":124165,"comment_status":"open","ping_status":"closed","sticky":false,"template":"","format":"standard","meta":{"_acf_changed":false,"_monsterinsights_skip_tracking":false,"_monsterinsights_sitenote_active":false,"_monsterinsights_sitenote_note":"","_monsterinsights_sitenote_category":0,"_uf_show_specific_survey":0,"_uf_disable_surveys":false,"footnotes":""},"categories":[331],"tags":[565,1780,644,1372,484,1454,487,1774,1282],"class_list":{"0":"post-124171","1":"post","2":"type-post","3":"status-publish","4":"format-standard","5":"has-post-thumbnail","7":"category-dernieres-nouvelles","8":"tag-afrique-de-louest","9":"tag-afrique-de-louest-fr","10":"tag-cedeao-fr","11":"tag-cedeao-fr-2","12":"tag-extremisme","13":"tag-extremisme-fr","14":"tag-sahel-fr","15":"tag-sahel-fr-2","16":"tag-terrorism-fr"},"acf":[],"yoast_head":"<!-- This site is optimized with the Yoast SEO plugin v27.5 - https:\/\/yoast.com\/product\/yoast-seo-wordpress\/ -->\n<title>La CEDEAO va activer une force en attente de 5.000 soldats pour combattre le terrorisme - Africa Defense Forum<\/title>\n<meta name=\"robots\" content=\"index, follow, max-snippet:-1, max-image-preview:large, max-video-preview:-1\" \/>\n<link rel=\"canonical\" href=\"https:\/\/adf-magazine.com\/fr\/2025\/04\/la-cedeao-va-activer-une-force-en-attente-de-5-000-soldats-pour-combattre-le-terrorisme\/\" \/>\n<meta property=\"og:locale\" content=\"fr_FR\" \/>\n<meta property=\"og:type\" content=\"article\" \/>\n<meta property=\"og:title\" content=\"La CEDEAO va activer une force en attente de 5.000 soldats pour combattre le terrorisme - Africa Defense Forum\" \/>\n<meta property=\"og:description\" content=\"La Communaut\u00e9 \u00e9conomique des \u00c9tats de l\u2019Afrique de l\u2019Ouest (CEDEAO) a annonc\u00e9 un plan pour activer sa force en attente, alors que le terrorisme au Burkina Faso, au Mali et au Niger continue \u00e0 se propager. En marge d\u2019une r\u00e9union de la CEDEAO le 11 mars, le ministre nig\u00e9rian de la D\u00e9fense Mohammed Badaru Abubakar\" \/>\n<meta property=\"og:url\" content=\"https:\/\/adf-magazine.com\/fr\/2025\/04\/la-cedeao-va-activer-une-force-en-attente-de-5-000-soldats-pour-combattre-le-terrorisme\/\" \/>\n<meta property=\"og:site_name\" content=\"Africa Defense Forum\" \/>\n<meta property=\"article:publisher\" content=\"https:\/\/www.facebook.com\/ADFmagazine\/\" \/>\n<meta property=\"article:published_time\" content=\"2025-04-08T18:23:44+00:00\" \/>\n<meta property=\"article:modified_time\" content=\"2025-04-08T18:25:05+00:00\" \/>\n<meta property=\"og:image\" content=\"https:\/\/adf-magazine.com\/wp-content\/uploads\/2025\/04\/GettyImages-1252456712.jpg\" \/>\n\t<meta property=\"og:image:width\" content=\"1024\" \/>\n\t<meta property=\"og:image:height\" content=\"680\" \/>\n\t<meta property=\"og:image:type\" content=\"image\/jpeg\" \/>\n<meta name=\"author\" content=\"ADF\" \/>\n<meta name=\"twitter:card\" content=\"summary_large_image\" \/>\n<meta name=\"twitter:creator\" content=\"@ADFmagazine\" \/>\n<meta name=\"twitter:site\" content=\"@ADFmagazine\" \/>\n<meta name=\"twitter:label1\" content=\"\u00c9crit par\" \/>\n\t<meta name=\"twitter:data1\" content=\"ADF\" \/>\n\t<meta name=\"twitter:label2\" content=\"Dur\u00e9e de lecture estim\u00e9e\" \/>\n\t<meta name=\"twitter:data2\" content=\"4 minutes\" \/>\n<script type=\"application\/ld+json\" class=\"yoast-schema-graph\">{\"@context\":\"https:\\\/\\\/schema.org\",\"@graph\":[{\"@type\":\"Article\",\"@id\":\"https:\\\/\\\/adf-magazine.com\\\/fr\\\/2025\\\/04\\\/la-cedeao-va-activer-une-force-en-attente-de-5-000-soldats-pour-combattre-le-terrorisme\\\/#article\",\"isPartOf\":{\"@id\":\"https:\\\/\\\/adf-magazine.com\\\/fr\\\/2025\\\/04\\\/la-cedeao-va-activer-une-force-en-attente-de-5-000-soldats-pour-combattre-le-terrorisme\\\/\"},\"author\":{\"name\":\"ADF\",\"@id\":\"https:\\\/\\\/adf-magazine.com\\\/#\\\/schema\\\/person\\\/f266a6061389568b5a11465bb38bc025\"},\"headline\":\"La CEDEAO va activer une force en attente de 5.000 soldats pour combattre le terrorisme\",\"datePublished\":\"2025-04-08T18:23:44+00:00\",\"dateModified\":\"2025-04-08T18:25:05+00:00\",\"mainEntityOfPage\":{\"@id\":\"https:\\\/\\\/adf-magazine.com\\\/fr\\\/2025\\\/04\\\/la-cedeao-va-activer-une-force-en-attente-de-5-000-soldats-pour-combattre-le-terrorisme\\\/\"},\"wordCount\":818,\"commentCount\":0,\"image\":{\"@id\":\"https:\\\/\\\/adf-magazine.com\\\/fr\\\/2025\\\/04\\\/la-cedeao-va-activer-une-force-en-attente-de-5-000-soldats-pour-combattre-le-terrorisme\\\/#primaryimage\"},\"thumbnailUrl\":\"https:\\\/\\\/adf-magazine.com\\\/wp-content\\\/uploads\\\/2025\\\/04\\\/GettyImages-1252456712.jpg\",\"keywords\":[\"Afrique de l\u2019Ouest\",\"Afrique de l\u2019Ouest\",\"CEDEAO\",\"CEDEAO\",\"extr\u00e9misme\",\"extr\u00e9misme\",\"Sahel\",\"Sahel\",\"Terrorism\"],\"articleSection\":[\"Actualit\u00e9s du Jour\"],\"inLanguage\":\"fr-FR\",\"potentialAction\":[{\"@type\":\"CommentAction\",\"name\":\"Comment\",\"target\":[\"https:\\\/\\\/adf-magazine.com\\\/fr\\\/2025\\\/04\\\/la-cedeao-va-activer-une-force-en-attente-de-5-000-soldats-pour-combattre-le-terrorisme\\\/#respond\"]}]},{\"@type\":\"WebPage\",\"@id\":\"https:\\\/\\\/adf-magazine.com\\\/fr\\\/2025\\\/04\\\/la-cedeao-va-activer-une-force-en-attente-de-5-000-soldats-pour-combattre-le-terrorisme\\\/\",\"url\":\"https:\\\/\\\/adf-magazine.com\\\/fr\\\/2025\\\/04\\\/la-cedeao-va-activer-une-force-en-attente-de-5-000-soldats-pour-combattre-le-terrorisme\\\/\",\"name\":\"La CEDEAO va activer une force en attente de 5.000 soldats pour combattre le terrorisme - Africa Defense Forum\",\"isPartOf\":{\"@id\":\"https:\\\/\\\/adf-magazine.com\\\/#website\"},\"primaryImageOfPage\":{\"@id\":\"https:\\\/\\\/adf-magazine.com\\\/fr\\\/2025\\\/04\\\/la-cedeao-va-activer-une-force-en-attente-de-5-000-soldats-pour-combattre-le-terrorisme\\\/#primaryimage\"},\"image\":{\"@id\":\"https:\\\/\\\/adf-magazine.com\\\/fr\\\/2025\\\/04\\\/la-cedeao-va-activer-une-force-en-attente-de-5-000-soldats-pour-combattre-le-terrorisme\\\/#primaryimage\"},\"thumbnailUrl\":\"https:\\\/\\\/adf-magazine.com\\\/wp-content\\\/uploads\\\/2025\\\/04\\\/GettyImages-1252456712.jpg\",\"datePublished\":\"2025-04-08T18:23:44+00:00\",\"dateModified\":\"2025-04-08T18:25:05+00:00\",\"author\":{\"@id\":\"https:\\\/\\\/adf-magazine.com\\\/#\\\/schema\\\/person\\\/f266a6061389568b5a11465bb38bc025\"},\"breadcrumb\":{\"@id\":\"https:\\\/\\\/adf-magazine.com\\\/fr\\\/2025\\\/04\\\/la-cedeao-va-activer-une-force-en-attente-de-5-000-soldats-pour-combattre-le-terrorisme\\\/#breadcrumb\"},\"inLanguage\":\"fr-FR\",\"potentialAction\":[{\"@type\":\"ReadAction\",\"target\":[\"https:\\\/\\\/adf-magazine.com\\\/fr\\\/2025\\\/04\\\/la-cedeao-va-activer-une-force-en-attente-de-5-000-soldats-pour-combattre-le-terrorisme\\\/\"]}]},{\"@type\":\"ImageObject\",\"inLanguage\":\"fr-FR\",\"@id\":\"https:\\\/\\\/adf-magazine.com\\\/fr\\\/2025\\\/04\\\/la-cedeao-va-activer-une-force-en-attente-de-5-000-soldats-pour-combattre-le-terrorisme\\\/#primaryimage\",\"url\":\"https:\\\/\\\/adf-magazine.com\\\/wp-content\\\/uploads\\\/2025\\\/04\\\/GettyImages-1252456712.jpg\",\"contentUrl\":\"https:\\\/\\\/adf-magazine.com\\\/wp-content\\\/uploads\\\/2025\\\/04\\\/GettyImages-1252456712.jpg\",\"width\":1024,\"height\":680,\"caption\":\"Des soldats participent \u00e0 un effort de maintien de la paix conduit par la CEDEAO en C\u00f4te d\u2019Ivoire. AFP\\\/GETTY IMAGES\"},{\"@type\":\"BreadcrumbList\",\"@id\":\"https:\\\/\\\/adf-magazine.com\\\/fr\\\/2025\\\/04\\\/la-cedeao-va-activer-une-force-en-attente-de-5-000-soldats-pour-combattre-le-terrorisme\\\/#breadcrumb\",\"itemListElement\":[{\"@type\":\"ListItem\",\"position\":1,\"name\":\"page d\u2019accueil\",\"item\":\"https:\\\/\\\/adf-magazine.com\\\/\"},{\"@type\":\"ListItem\",\"position\":2,\"name\":\"La CEDEAO va activer une force en attente de 5.000 soldats pour combattre le terrorisme\"}]},{\"@type\":\"WebSite\",\"@id\":\"https:\\\/\\\/adf-magazine.com\\\/#website\",\"url\":\"https:\\\/\\\/adf-magazine.com\\\/\",\"name\":\"Africa Defense Forum\",\"description\":\"Africa Defense Forum\",\"potentialAction\":[{\"@type\":\"SearchAction\",\"target\":{\"@type\":\"EntryPoint\",\"urlTemplate\":\"https:\\\/\\\/adf-magazine.com\\\/?s={search_term_string}\"},\"query-input\":{\"@type\":\"PropertyValueSpecification\",\"valueRequired\":true,\"valueName\":\"search_term_string\"}}],\"inLanguage\":\"fr-FR\"},{\"@type\":\"Person\",\"@id\":\"https:\\\/\\\/adf-magazine.com\\\/#\\\/schema\\\/person\\\/f266a6061389568b5a11465bb38bc025\",\"name\":\"ADF\",\"image\":{\"@type\":\"ImageObject\",\"inLanguage\":\"fr-FR\",\"@id\":\"https:\\\/\\\/adf-magazine.com\\\/wp-content\\\/uploads\\\/2020\\\/05\\\/cropped-ADF_icon.jpg\",\"url\":\"https:\\\/\\\/adf-magazine.com\\\/wp-content\\\/uploads\\\/2020\\\/05\\\/cropped-ADF_icon.jpg\",\"contentUrl\":\"https:\\\/\\\/adf-magazine.com\\\/wp-content\\\/uploads\\\/2020\\\/05\\\/cropped-ADF_icon.jpg\",\"caption\":\"ADF\"},\"description\":\"ADF is a professional military magazine published quarterly by U.S. Africa Command to provide an international forum for African security professionals. ADF covers topics such as counter terrorism strategies, security and defense operations, transnational crime, and all other issues affecting peace, stability, and good governance on the African continent.\",\"sameAs\":[\"https:\\\/\\\/x.com\\\/ADFmagazine\"],\"url\":\"https:\\\/\\\/adf-magazine.com\\\/fr\\\/author\\\/adf\\\/\"}]}<\/script>\n<!-- \/ Yoast SEO plugin. -->","yoast_head_json":{"title":"La CEDEAO va activer une force en attente de 5.000 soldats pour combattre le terrorisme - Africa Defense Forum","robots":{"index":"index","follow":"follow","max-snippet":"max-snippet:-1","max-image-preview":"max-image-preview:large","max-video-preview":"max-video-preview:-1"},"canonical":"https:\/\/adf-magazine.com\/fr\/2025\/04\/la-cedeao-va-activer-une-force-en-attente-de-5-000-soldats-pour-combattre-le-terrorisme\/","og_locale":"fr_FR","og_type":"article","og_title":"La CEDEAO va activer une force en attente de 5.000 soldats pour combattre le terrorisme - Africa Defense Forum","og_description":"La Communaut\u00e9 \u00e9conomique des \u00c9tats de l\u2019Afrique de l\u2019Ouest (CEDEAO) a annonc\u00e9 un plan pour activer sa force en attente, alors que le terrorisme au Burkina Faso, au Mali et au Niger continue \u00e0 se propager. En marge d\u2019une r\u00e9union de la CEDEAO le 11 mars, le ministre nig\u00e9rian de la D\u00e9fense Mohammed Badaru Abubakar","og_url":"https:\/\/adf-magazine.com\/fr\/2025\/04\/la-cedeao-va-activer-une-force-en-attente-de-5-000-soldats-pour-combattre-le-terrorisme\/","og_site_name":"Africa Defense Forum","article_publisher":"https:\/\/www.facebook.com\/ADFmagazine\/","article_published_time":"2025-04-08T18:23:44+00:00","article_modified_time":"2025-04-08T18:25:05+00:00","og_image":[{"width":1024,"height":680,"url":"https:\/\/adf-magazine.com\/wp-content\/uploads\/2025\/04\/GettyImages-1252456712.jpg","type":"image\/jpeg"}],"author":"ADF","twitter_card":"summary_large_image","twitter_creator":"@ADFmagazine","twitter_site":"@ADFmagazine","twitter_misc":{"\u00c9crit par":"ADF","Dur\u00e9e de lecture estim\u00e9e":"4 minutes"},"schema":{"@context":"https:\/\/schema.org","@graph":[{"@type":"Article","@id":"https:\/\/adf-magazine.com\/fr\/2025\/04\/la-cedeao-va-activer-une-force-en-attente-de-5-000-soldats-pour-combattre-le-terrorisme\/#article","isPartOf":{"@id":"https:\/\/adf-magazine.com\/fr\/2025\/04\/la-cedeao-va-activer-une-force-en-attente-de-5-000-soldats-pour-combattre-le-terrorisme\/"},"author":{"name":"ADF","@id":"https:\/\/adf-magazine.com\/#\/schema\/person\/f266a6061389568b5a11465bb38bc025"},"headline":"La CEDEAO va activer une force en attente de 5.000 soldats pour combattre le terrorisme","datePublished":"2025-04-08T18:23:44+00:00","dateModified":"2025-04-08T18:25:05+00:00","mainEntityOfPage":{"@id":"https:\/\/adf-magazine.com\/fr\/2025\/04\/la-cedeao-va-activer-une-force-en-attente-de-5-000-soldats-pour-combattre-le-terrorisme\/"},"wordCount":818,"commentCount":0,"image":{"@id":"https:\/\/adf-magazine.com\/fr\/2025\/04\/la-cedeao-va-activer-une-force-en-attente-de-5-000-soldats-pour-combattre-le-terrorisme\/#primaryimage"},"thumbnailUrl":"https:\/\/adf-magazine.com\/wp-content\/uploads\/2025\/04\/GettyImages-1252456712.jpg","keywords":["Afrique de l\u2019Ouest","Afrique de l\u2019Ouest","CEDEAO","CEDEAO","extr\u00e9misme","extr\u00e9misme","Sahel","Sahel","Terrorism"],"articleSection":["Actualit\u00e9s du Jour"],"inLanguage":"fr-FR","potentialAction":[{"@type":"CommentAction","name":"Comment","target":["https:\/\/adf-magazine.com\/fr\/2025\/04\/la-cedeao-va-activer-une-force-en-attente-de-5-000-soldats-pour-combattre-le-terrorisme\/#respond"]}]},{"@type":"WebPage","@id":"https:\/\/adf-magazine.com\/fr\/2025\/04\/la-cedeao-va-activer-une-force-en-attente-de-5-000-soldats-pour-combattre-le-terrorisme\/","url":"https:\/\/adf-magazine.com\/fr\/2025\/04\/la-cedeao-va-activer-une-force-en-attente-de-5-000-soldats-pour-combattre-le-terrorisme\/","name":"La CEDEAO va activer une force en attente de 5.000 soldats pour combattre le terrorisme - Africa Defense Forum","isPartOf":{"@id":"https:\/\/adf-magazine.com\/#website"},"primaryImageOfPage":{"@id":"https:\/\/adf-magazine.com\/fr\/2025\/04\/la-cedeao-va-activer-une-force-en-attente-de-5-000-soldats-pour-combattre-le-terrorisme\/#primaryimage"},"image":{"@id":"https:\/\/adf-magazine.com\/fr\/2025\/04\/la-cedeao-va-activer-une-force-en-attente-de-5-000-soldats-pour-combattre-le-terrorisme\/#primaryimage"},"thumbnailUrl":"https:\/\/adf-magazine.com\/wp-content\/uploads\/2025\/04\/GettyImages-1252456712.jpg","datePublished":"2025-04-08T18:23:44+00:00","dateModified":"2025-04-08T18:25:05+00:00","author":{"@id":"https:\/\/adf-magazine.com\/#\/schema\/person\/f266a6061389568b5a11465bb38bc025"},"breadcrumb":{"@id":"https:\/\/adf-magazine.com\/fr\/2025\/04\/la-cedeao-va-activer-une-force-en-attente-de-5-000-soldats-pour-combattre-le-terrorisme\/#breadcrumb"},"inLanguage":"fr-FR","potentialAction":[{"@type":"ReadAction","target":["https:\/\/adf-magazine.com\/fr\/2025\/04\/la-cedeao-va-activer-une-force-en-attente-de-5-000-soldats-pour-combattre-le-terrorisme\/"]}]},{"@type":"ImageObject","inLanguage":"fr-FR","@id":"https:\/\/adf-magazine.com\/fr\/2025\/04\/la-cedeao-va-activer-une-force-en-attente-de-5-000-soldats-pour-combattre-le-terrorisme\/#primaryimage","url":"https:\/\/adf-magazine.com\/wp-content\/uploads\/2025\/04\/GettyImages-1252456712.jpg","contentUrl":"https:\/\/adf-magazine.com\/wp-content\/uploads\/2025\/04\/GettyImages-1252456712.jpg","width":1024,"height":680,"caption":"Des soldats participent \u00e0 un effort de maintien de la paix conduit par la CEDEAO en C\u00f4te d\u2019Ivoire. AFP\/GETTY IMAGES"},{"@type":"BreadcrumbList","@id":"https:\/\/adf-magazine.com\/fr\/2025\/04\/la-cedeao-va-activer-une-force-en-attente-de-5-000-soldats-pour-combattre-le-terrorisme\/#breadcrumb","itemListElement":[{"@type":"ListItem","position":1,"name":"page d\u2019accueil","item":"https:\/\/adf-magazine.com\/"},{"@type":"ListItem","position":2,"name":"La CEDEAO va activer une force en attente de 5.000 soldats pour combattre le terrorisme"}]},{"@type":"WebSite","@id":"https:\/\/adf-magazine.com\/#website","url":"https:\/\/adf-magazine.com\/","name":"Africa Defense Forum","description":"Africa Defense Forum","potentialAction":[{"@type":"SearchAction","target":{"@type":"EntryPoint","urlTemplate":"https:\/\/adf-magazine.com\/?s={search_term_string}"},"query-input":{"@type":"PropertyValueSpecification","valueRequired":true,"valueName":"search_term_string"}}],"inLanguage":"fr-FR"},{"@type":"Person","@id":"https:\/\/adf-magazine.com\/#\/schema\/person\/f266a6061389568b5a11465bb38bc025","name":"ADF","image":{"@type":"ImageObject","inLanguage":"fr-FR","@id":"https:\/\/adf-magazine.com\/wp-content\/uploads\/2020\/05\/cropped-ADF_icon.jpg","url":"https:\/\/adf-magazine.com\/wp-content\/uploads\/2020\/05\/cropped-ADF_icon.jpg","contentUrl":"https:\/\/adf-magazine.com\/wp-content\/uploads\/2020\/05\/cropped-ADF_icon.jpg","caption":"ADF"},"description":"ADF is a professional military magazine published quarterly by U.S. Africa Command to provide an international forum for African security professionals. ADF covers topics such as counter terrorism strategies, security and defense operations, transnational crime, and all other issues affecting peace, stability, and good governance on the African continent.","sameAs":["https:\/\/x.com\/ADFmagazine"],"url":"https:\/\/adf-magazine.com\/fr\/author\/adf\/"}]}},"_links":{"self":[{"href":"https:\/\/adf-magazine.com\/fr\/wp-json\/wp\/v2\/posts\/124171","targetHints":{"allow":["GET"]}}],"collection":[{"href":"https:\/\/adf-magazine.com\/fr\/wp-json\/wp\/v2\/posts"}],"about":[{"href":"https:\/\/adf-magazine.com\/fr\/wp-json\/wp\/v2\/types\/post"}],"author":[{"embeddable":true,"href":"https:\/\/adf-magazine.com\/fr\/wp-json\/wp\/v2\/users\/1"}],"replies":[{"embeddable":true,"href":"https:\/\/adf-magazine.com\/fr\/wp-json\/wp\/v2\/comments?post=124171"}],"version-history":[{"count":0,"href":"https:\/\/adf-magazine.com\/fr\/wp-json\/wp\/v2\/posts\/124171\/revisions"}],"wp:featuredmedia":[{"embeddable":true,"href":"https:\/\/adf-magazine.com\/fr\/wp-json\/wp\/v2\/media\/124165"}],"wp:attachment":[{"href":"https:\/\/adf-magazine.com\/fr\/wp-json\/wp\/v2\/media?parent=124171"}],"wp:term":[{"taxonomy":"category","embeddable":true,"href":"https:\/\/adf-magazine.com\/fr\/wp-json\/wp\/v2\/categories?post=124171"},{"taxonomy":"post_tag","embeddable":true,"href":"https:\/\/adf-magazine.com\/fr\/wp-json\/wp\/v2\/tags?post=124171"}],"curies":[{"name":"wp","href":"https:\/\/api.w.org\/{rel}","templated":true}]}}