{"id":12298,"date":"2019-05-03T12:15:28","date_gmt":"2019-05-03T12:15:28","guid":{"rendered":"https:\/\/adf-magazine.com\/?p=12298"},"modified":"2019-05-15T18:11:06","modified_gmt":"2019-05-15T18:11:06","slug":"le-dr-miracle-gagne-le-prix-nobel","status":"publish","type":"post","link":"https:\/\/adf-magazine.com\/fr\/2019\/05\/le-dr-miracle-gagne-le-prix-nobel\/","title":{"rendered":"LE \u00ab DR MIRACLE \u00bb GAGNE LE PRIX NOBEL"},"content":{"rendered":"<p>AGENCE FRANCE-PRESSE<\/p>\n<p>Dans la R\u00e9publique d\u00e9mocratique du Congo, on l\u2019appelle le \u00ab Dr Miracle \u00bb pour ses aptitudes de chirurgien et son engagement envers les femmes pour les aider \u00e0 surmonter les blessures et les traumatismes li\u00e9s \u00e0 l\u2019abus sexuel et au viol.<\/p>\n<p>En octobre 2018, le Dr Denis Mukwege a re\u00e7u l\u2019hommage du monde entier en gagnant le prix Nobel de la paix pour ses travaux avec les victimes des conflits qui ont ravag\u00e9 sa terre natale. Il a partag\u00e9 le prix avec Nadia Murad, activiste des droits humains irakienne et membre de la minorit\u00e9 y\u00e9zidie qui avait d\u00e9fi\u00e9 l\u2019EIIL.<span class=\"Apple-converted-space\">\u00a0<\/span><\/p>\n<p>\u00ab Denis Mukwege est le symbole le plus grand et le plus unificateur, nationalement et internationalement, de la lutte pour mettre fin \u00e0 la violence sexuelle dans la guerre et les conflits arm\u00e9s \u00bb, a d\u00e9clar\u00e9 Berit Reiss-Andersen, pr\u00e9sidente du comit\u00e9 Nobel, en annon\u00e7ant les gagnants \u00e0 Oslo (Norv\u00e8ge).<\/p>\n<p>L\u2019h\u00f4pital Panzi de 450 lits que le Dr Mukwege a fond\u00e9 en 1999 traite plus de 3.500 femmes par an, bien qu\u2019elles ne soient pas toutes victimes d\u2019abus sexuel. Il fournit des consultations gratuites et les m\u00e9decins y pratiquent des interventions reconstructives sur les femmes qui ont subi des blessures graves.<\/p>\n<p>Dans une vid\u00e9o affich\u00e9e sur la page Facebook de l\u2019h\u00f4pital apr\u00e8s l\u2019annonce du prix Nobel, on peut voir les coll\u00e8gues et les admirateurs entourer le m\u00e9decin de 63 ans lorsqu\u2019il sort de la salle d\u2019op\u00e9rations, en l\u2019applaudissant et en l\u2019embrassant alors qu\u2019il traverse lentement la foule.<\/p>\n<p>Dans une interview avec la Fondation Nobel, il a d\u00e9clar\u00e9 qu\u2019il venait juste de terminer sa deuxi\u00e8me intervention de la journ\u00e9e. \u00ab C\u2019\u00e9tait tr\u00e8s \u00e9mouvant quand je travaillais et j\u2019ai entendu que les gens commen\u00e7aient \u00e0 pleurer. C\u2019\u00e9tait tellement \u00e9mouvant \u00bb, a-t-il d\u00e9clar\u00e9.<\/p>\n<p>Il risque aussi sa vie dans son travail. Le Dr Mukwege a \u00e9chapp\u00e9 de justesse \u00e0 une attaque en octobre 2012, dans laquelle son garde a \u00e9t\u00e9 tu\u00e9. \u00c0 l\u2019h\u00f4pital de Bukavu, il vit sous la protection permanente des gardiens de la paix des Nations unies.<\/p>\n<p>\u00ab Depuis 15 ans je suis t\u00e9moin d\u2019atrocit\u00e9s en masse commises contre les corps des femmes, d\u00e9clare-t-il. Et je ne peux pas rester les bras crois\u00e9s parce que notre humanit\u00e9 partag\u00e9e exige que nous nous aidions les uns les autres. \u00bb<\/p>\n","protected":false},"excerpt":{"rendered":"<p>AGENCE FRANCE-PRESSE Dans la R\u00e9publique d\u00e9mocratique du Congo, on l\u2019appelle le \u00ab Dr Miracle \u00bb pour ses aptitudes de chirurgien et son engagement envers les femmes pour les aider \u00e0 surmonter les blessures et les traumatismes li\u00e9s \u00e0 l\u2019abus sexuel et au viol. En octobre 2018, le Dr Denis Mukwege a re\u00e7u l\u2019hommage du monde<\/p>\n","protected":false},"author":1,"featured_media":12191,"comment_status":"open","ping_status":"open","sticky":false,"template":"","format":"standard","meta":{"_acf_changed":false,"_monsterinsights_skip_tracking":false,"_monsterinsights_sitenote_active":false,"_monsterinsights_sitenote_note":"","_monsterinsights_sitenote_category":0,"_uf_show_specific_survey":0,"_uf_disable_surveys":false,"footnotes":""},"categories":[52,40],"tags":[],"class_list":{"0":"post-12298","1":"post","2":"type-post","3":"status-publish","4":"format-standard","5":"has-post-thumbnail","7":"category-point-de-vue-mondial","8":"category-rubriques"},"acf":[],"yoast_head":"<!-- This site is optimized with the Yoast SEO plugin v27.4 - https:\/\/yoast.com\/product\/yoast-seo-wordpress\/ -->\n<title>LE \u00ab DR MIRACLE \u00bb GAGNE LE PRIX NOBEL - Africa Defense Forum<\/title>\n<meta name=\"robots\" content=\"index, follow, max-snippet:-1, max-image-preview:large, max-video-preview:-1\" \/>\n<link rel=\"canonical\" href=\"https:\/\/adf-magazine.com\/fr\/2019\/05\/le-dr-miracle-gagne-le-prix-nobel\/\" \/>\n<meta property=\"og:locale\" content=\"fr_FR\" \/>\n<meta property=\"og:type\" content=\"article\" \/>\n<meta property=\"og:title\" content=\"LE \u00ab DR MIRACLE \u00bb GAGNE LE PRIX NOBEL - Africa Defense Forum\" \/>\n<meta property=\"og:description\" content=\"AGENCE FRANCE-PRESSE Dans la R\u00e9publique d\u00e9mocratique du Congo, on l\u2019appelle le \u00ab Dr Miracle \u00bb pour ses aptitudes de chirurgien et son engagement envers les femmes pour les aider \u00e0 surmonter les blessures et les traumatismes li\u00e9s \u00e0 l\u2019abus sexuel et au viol. En octobre 2018, le Dr Denis Mukwege a re\u00e7u l\u2019hommage du monde\" \/>\n<meta property=\"og:url\" content=\"https:\/\/adf-magazine.com\/fr\/2019\/05\/le-dr-miracle-gagne-le-prix-nobel\/\" \/>\n<meta property=\"og:site_name\" content=\"Africa Defense Forum\" \/>\n<meta property=\"article:publisher\" content=\"https:\/\/www.facebook.com\/ADFmagazine\/\" \/>\n<meta property=\"article:published_time\" content=\"2019-05-03T12:15:28+00:00\" \/>\n<meta property=\"article:modified_time\" content=\"2019-05-15T18:11:06+00:00\" \/>\n<meta property=\"og:image\" content=\"https:\/\/adf-magazine.com\/wp-content\/uploads\/2019\/05\/World_1046494126_Toned.jpg\" \/>\n\t<meta property=\"og:image:width\" content=\"1080\" \/>\n\t<meta property=\"og:image:height\" content=\"720\" \/>\n\t<meta property=\"og:image:type\" content=\"image\/jpeg\" \/>\n<meta name=\"author\" content=\"ADF\" \/>\n<meta name=\"twitter:card\" content=\"summary_large_image\" \/>\n<meta name=\"twitter:creator\" content=\"@ADFmagazine\" \/>\n<meta name=\"twitter:site\" content=\"@ADFmagazine\" \/>\n<meta name=\"twitter:label1\" content=\"\u00c9crit par\" \/>\n\t<meta name=\"twitter:data1\" content=\"ADF\" \/>\n\t<meta name=\"twitter:label2\" content=\"Dur\u00e9e de lecture estim\u00e9e\" \/>\n\t<meta name=\"twitter:data2\" content=\"2 minutes\" \/>\n<script type=\"application\/ld+json\" class=\"yoast-schema-graph\">{\"@context\":\"https:\\\/\\\/schema.org\",\"@graph\":[{\"@type\":\"Article\",\"@id\":\"https:\\\/\\\/adf-magazine.com\\\/fr\\\/2019\\\/05\\\/le-dr-miracle-gagne-le-prix-nobel\\\/#article\",\"isPartOf\":{\"@id\":\"https:\\\/\\\/adf-magazine.com\\\/fr\\\/2019\\\/05\\\/le-dr-miracle-gagne-le-prix-nobel\\\/\"},\"author\":{\"name\":\"ADF\",\"@id\":\"https:\\\/\\\/adf-magazine.com\\\/#\\\/schema\\\/person\\\/f266a6061389568b5a11465bb38bc025\"},\"headline\":\"LE \u00ab DR MIRACLE \u00bb GAGNE LE PRIX NOBEL\",\"datePublished\":\"2019-05-03T12:15:28+00:00\",\"dateModified\":\"2019-05-15T18:11:06+00:00\",\"mainEntityOfPage\":{\"@id\":\"https:\\\/\\\/adf-magazine.com\\\/fr\\\/2019\\\/05\\\/le-dr-miracle-gagne-le-prix-nobel\\\/\"},\"wordCount\":414,\"commentCount\":0,\"image\":{\"@id\":\"https:\\\/\\\/adf-magazine.com\\\/fr\\\/2019\\\/05\\\/le-dr-miracle-gagne-le-prix-nobel\\\/#primaryimage\"},\"thumbnailUrl\":\"https:\\\/\\\/adf-magazine.com\\\/wp-content\\\/uploads\\\/2019\\\/05\\\/World_1046494126_Toned.jpg\",\"articleSection\":[\"Point de vue mondial\",\"rubriques\"],\"inLanguage\":\"fr-FR\",\"potentialAction\":[{\"@type\":\"CommentAction\",\"name\":\"Comment\",\"target\":[\"https:\\\/\\\/adf-magazine.com\\\/fr\\\/2019\\\/05\\\/le-dr-miracle-gagne-le-prix-nobel\\\/#respond\"]}]},{\"@type\":\"WebPage\",\"@id\":\"https:\\\/\\\/adf-magazine.com\\\/fr\\\/2019\\\/05\\\/le-dr-miracle-gagne-le-prix-nobel\\\/\",\"url\":\"https:\\\/\\\/adf-magazine.com\\\/fr\\\/2019\\\/05\\\/le-dr-miracle-gagne-le-prix-nobel\\\/\",\"name\":\"LE \u00ab DR MIRACLE \u00bb GAGNE LE PRIX NOBEL - Africa Defense Forum\",\"isPartOf\":{\"@id\":\"https:\\\/\\\/adf-magazine.com\\\/#website\"},\"primaryImageOfPage\":{\"@id\":\"https:\\\/\\\/adf-magazine.com\\\/fr\\\/2019\\\/05\\\/le-dr-miracle-gagne-le-prix-nobel\\\/#primaryimage\"},\"image\":{\"@id\":\"https:\\\/\\\/adf-magazine.com\\\/fr\\\/2019\\\/05\\\/le-dr-miracle-gagne-le-prix-nobel\\\/#primaryimage\"},\"thumbnailUrl\":\"https:\\\/\\\/adf-magazine.com\\\/wp-content\\\/uploads\\\/2019\\\/05\\\/World_1046494126_Toned.jpg\",\"datePublished\":\"2019-05-03T12:15:28+00:00\",\"dateModified\":\"2019-05-15T18:11:06+00:00\",\"author\":{\"@id\":\"https:\\\/\\\/adf-magazine.com\\\/#\\\/schema\\\/person\\\/f266a6061389568b5a11465bb38bc025\"},\"breadcrumb\":{\"@id\":\"https:\\\/\\\/adf-magazine.com\\\/fr\\\/2019\\\/05\\\/le-dr-miracle-gagne-le-prix-nobel\\\/#breadcrumb\"},\"inLanguage\":\"fr-FR\",\"potentialAction\":[{\"@type\":\"ReadAction\",\"target\":[\"https:\\\/\\\/adf-magazine.com\\\/fr\\\/2019\\\/05\\\/le-dr-miracle-gagne-le-prix-nobel\\\/\"]}]},{\"@type\":\"ImageObject\",\"inLanguage\":\"fr-FR\",\"@id\":\"https:\\\/\\\/adf-magazine.com\\\/fr\\\/2019\\\/05\\\/le-dr-miracle-gagne-le-prix-nobel\\\/#primaryimage\",\"url\":\"https:\\\/\\\/adf-magazine.com\\\/wp-content\\\/uploads\\\/2019\\\/05\\\/World_1046494126_Toned.jpg\",\"contentUrl\":\"https:\\\/\\\/adf-magazine.com\\\/wp-content\\\/uploads\\\/2019\\\/05\\\/World_1046494126_Toned.jpg\",\"width\":1080,\"height\":720},{\"@type\":\"BreadcrumbList\",\"@id\":\"https:\\\/\\\/adf-magazine.com\\\/fr\\\/2019\\\/05\\\/le-dr-miracle-gagne-le-prix-nobel\\\/#breadcrumb\",\"itemListElement\":[{\"@type\":\"ListItem\",\"position\":1,\"name\":\"page d\u2019accueil\",\"item\":\"https:\\\/\\\/adf-magazine.com\\\/\"},{\"@type\":\"ListItem\",\"position\":2,\"name\":\"LE \u00ab DR MIRACLE \u00bb GAGNE LE PRIX NOBEL\"}]},{\"@type\":\"WebSite\",\"@id\":\"https:\\\/\\\/adf-magazine.com\\\/#website\",\"url\":\"https:\\\/\\\/adf-magazine.com\\\/\",\"name\":\"Africa Defense Forum\",\"description\":\"Africa Defense Forum\",\"potentialAction\":[{\"@type\":\"SearchAction\",\"target\":{\"@type\":\"EntryPoint\",\"urlTemplate\":\"https:\\\/\\\/adf-magazine.com\\\/?s={search_term_string}\"},\"query-input\":{\"@type\":\"PropertyValueSpecification\",\"valueRequired\":true,\"valueName\":\"search_term_string\"}}],\"inLanguage\":\"fr-FR\"},{\"@type\":\"Person\",\"@id\":\"https:\\\/\\\/adf-magazine.com\\\/#\\\/schema\\\/person\\\/f266a6061389568b5a11465bb38bc025\",\"name\":\"ADF\",\"image\":{\"@type\":\"ImageObject\",\"inLanguage\":\"fr-FR\",\"@id\":\"https:\\\/\\\/adf-magazine.com\\\/wp-content\\\/uploads\\\/2020\\\/05\\\/cropped-ADF_icon.jpg\",\"url\":\"https:\\\/\\\/adf-magazine.com\\\/wp-content\\\/uploads\\\/2020\\\/05\\\/cropped-ADF_icon.jpg\",\"contentUrl\":\"https:\\\/\\\/adf-magazine.com\\\/wp-content\\\/uploads\\\/2020\\\/05\\\/cropped-ADF_icon.jpg\",\"caption\":\"ADF\"},\"description\":\"ADF is a professional military magazine published quarterly by U.S. Africa Command to provide an international forum for African security professionals. ADF covers topics such as counter terrorism strategies, security and defense operations, transnational crime, and all other issues affecting peace, stability, and good governance on the African continent.\",\"sameAs\":[\"https:\\\/\\\/x.com\\\/ADFmagazine\"],\"url\":\"https:\\\/\\\/adf-magazine.com\\\/fr\\\/author\\\/adf\\\/\"}]}<\/script>\n<!-- \/ Yoast SEO plugin. -->","yoast_head_json":{"title":"LE \u00ab DR MIRACLE \u00bb GAGNE LE PRIX NOBEL - Africa Defense Forum","robots":{"index":"index","follow":"follow","max-snippet":"max-snippet:-1","max-image-preview":"max-image-preview:large","max-video-preview":"max-video-preview:-1"},"canonical":"https:\/\/adf-magazine.com\/fr\/2019\/05\/le-dr-miracle-gagne-le-prix-nobel\/","og_locale":"fr_FR","og_type":"article","og_title":"LE \u00ab DR MIRACLE \u00bb GAGNE LE PRIX NOBEL - Africa Defense Forum","og_description":"AGENCE FRANCE-PRESSE Dans la R\u00e9publique d\u00e9mocratique du Congo, on l\u2019appelle le \u00ab Dr Miracle \u00bb pour ses aptitudes de chirurgien et son engagement envers les femmes pour les aider \u00e0 surmonter les blessures et les traumatismes li\u00e9s \u00e0 l\u2019abus sexuel et au viol. En octobre 2018, le Dr Denis Mukwege a re\u00e7u l\u2019hommage du monde","og_url":"https:\/\/adf-magazine.com\/fr\/2019\/05\/le-dr-miracle-gagne-le-prix-nobel\/","og_site_name":"Africa Defense Forum","article_publisher":"https:\/\/www.facebook.com\/ADFmagazine\/","article_published_time":"2019-05-03T12:15:28+00:00","article_modified_time":"2019-05-15T18:11:06+00:00","og_image":[{"width":1080,"height":720,"url":"https:\/\/adf-magazine.com\/wp-content\/uploads\/2019\/05\/World_1046494126_Toned.jpg","type":"image\/jpeg"}],"author":"ADF","twitter_card":"summary_large_image","twitter_creator":"@ADFmagazine","twitter_site":"@ADFmagazine","twitter_misc":{"\u00c9crit par":"ADF","Dur\u00e9e de lecture estim\u00e9e":"2 minutes"},"schema":{"@context":"https:\/\/schema.org","@graph":[{"@type":"Article","@id":"https:\/\/adf-magazine.com\/fr\/2019\/05\/le-dr-miracle-gagne-le-prix-nobel\/#article","isPartOf":{"@id":"https:\/\/adf-magazine.com\/fr\/2019\/05\/le-dr-miracle-gagne-le-prix-nobel\/"},"author":{"name":"ADF","@id":"https:\/\/adf-magazine.com\/#\/schema\/person\/f266a6061389568b5a11465bb38bc025"},"headline":"LE \u00ab DR MIRACLE \u00bb GAGNE LE PRIX NOBEL","datePublished":"2019-05-03T12:15:28+00:00","dateModified":"2019-05-15T18:11:06+00:00","mainEntityOfPage":{"@id":"https:\/\/adf-magazine.com\/fr\/2019\/05\/le-dr-miracle-gagne-le-prix-nobel\/"},"wordCount":414,"commentCount":0,"image":{"@id":"https:\/\/adf-magazine.com\/fr\/2019\/05\/le-dr-miracle-gagne-le-prix-nobel\/#primaryimage"},"thumbnailUrl":"https:\/\/adf-magazine.com\/wp-content\/uploads\/2019\/05\/World_1046494126_Toned.jpg","articleSection":["Point de vue mondial","rubriques"],"inLanguage":"fr-FR","potentialAction":[{"@type":"CommentAction","name":"Comment","target":["https:\/\/adf-magazine.com\/fr\/2019\/05\/le-dr-miracle-gagne-le-prix-nobel\/#respond"]}]},{"@type":"WebPage","@id":"https:\/\/adf-magazine.com\/fr\/2019\/05\/le-dr-miracle-gagne-le-prix-nobel\/","url":"https:\/\/adf-magazine.com\/fr\/2019\/05\/le-dr-miracle-gagne-le-prix-nobel\/","name":"LE \u00ab DR MIRACLE \u00bb GAGNE LE PRIX NOBEL - Africa Defense Forum","isPartOf":{"@id":"https:\/\/adf-magazine.com\/#website"},"primaryImageOfPage":{"@id":"https:\/\/adf-magazine.com\/fr\/2019\/05\/le-dr-miracle-gagne-le-prix-nobel\/#primaryimage"},"image":{"@id":"https:\/\/adf-magazine.com\/fr\/2019\/05\/le-dr-miracle-gagne-le-prix-nobel\/#primaryimage"},"thumbnailUrl":"https:\/\/adf-magazine.com\/wp-content\/uploads\/2019\/05\/World_1046494126_Toned.jpg","datePublished":"2019-05-03T12:15:28+00:00","dateModified":"2019-05-15T18:11:06+00:00","author":{"@id":"https:\/\/adf-magazine.com\/#\/schema\/person\/f266a6061389568b5a11465bb38bc025"},"breadcrumb":{"@id":"https:\/\/adf-magazine.com\/fr\/2019\/05\/le-dr-miracle-gagne-le-prix-nobel\/#breadcrumb"},"inLanguage":"fr-FR","potentialAction":[{"@type":"ReadAction","target":["https:\/\/adf-magazine.com\/fr\/2019\/05\/le-dr-miracle-gagne-le-prix-nobel\/"]}]},{"@type":"ImageObject","inLanguage":"fr-FR","@id":"https:\/\/adf-magazine.com\/fr\/2019\/05\/le-dr-miracle-gagne-le-prix-nobel\/#primaryimage","url":"https:\/\/adf-magazine.com\/wp-content\/uploads\/2019\/05\/World_1046494126_Toned.jpg","contentUrl":"https:\/\/adf-magazine.com\/wp-content\/uploads\/2019\/05\/World_1046494126_Toned.jpg","width":1080,"height":720},{"@type":"BreadcrumbList","@id":"https:\/\/adf-magazine.com\/fr\/2019\/05\/le-dr-miracle-gagne-le-prix-nobel\/#breadcrumb","itemListElement":[{"@type":"ListItem","position":1,"name":"page d\u2019accueil","item":"https:\/\/adf-magazine.com\/"},{"@type":"ListItem","position":2,"name":"LE \u00ab DR MIRACLE \u00bb GAGNE LE PRIX NOBEL"}]},{"@type":"WebSite","@id":"https:\/\/adf-magazine.com\/#website","url":"https:\/\/adf-magazine.com\/","name":"Africa Defense Forum","description":"Africa Defense Forum","potentialAction":[{"@type":"SearchAction","target":{"@type":"EntryPoint","urlTemplate":"https:\/\/adf-magazine.com\/?s={search_term_string}"},"query-input":{"@type":"PropertyValueSpecification","valueRequired":true,"valueName":"search_term_string"}}],"inLanguage":"fr-FR"},{"@type":"Person","@id":"https:\/\/adf-magazine.com\/#\/schema\/person\/f266a6061389568b5a11465bb38bc025","name":"ADF","image":{"@type":"ImageObject","inLanguage":"fr-FR","@id":"https:\/\/adf-magazine.com\/wp-content\/uploads\/2020\/05\/cropped-ADF_icon.jpg","url":"https:\/\/adf-magazine.com\/wp-content\/uploads\/2020\/05\/cropped-ADF_icon.jpg","contentUrl":"https:\/\/adf-magazine.com\/wp-content\/uploads\/2020\/05\/cropped-ADF_icon.jpg","caption":"ADF"},"description":"ADF is a professional military magazine published quarterly by U.S. Africa Command to provide an international forum for African security professionals. ADF covers topics such as counter terrorism strategies, security and defense operations, transnational crime, and all other issues affecting peace, stability, and good governance on the African continent.","sameAs":["https:\/\/x.com\/ADFmagazine"],"url":"https:\/\/adf-magazine.com\/fr\/author\/adf\/"}]}},"_links":{"self":[{"href":"https:\/\/adf-magazine.com\/fr\/wp-json\/wp\/v2\/posts\/12298","targetHints":{"allow":["GET"]}}],"collection":[{"href":"https:\/\/adf-magazine.com\/fr\/wp-json\/wp\/v2\/posts"}],"about":[{"href":"https:\/\/adf-magazine.com\/fr\/wp-json\/wp\/v2\/types\/post"}],"author":[{"embeddable":true,"href":"https:\/\/adf-magazine.com\/fr\/wp-json\/wp\/v2\/users\/1"}],"replies":[{"embeddable":true,"href":"https:\/\/adf-magazine.com\/fr\/wp-json\/wp\/v2\/comments?post=12298"}],"version-history":[{"count":0,"href":"https:\/\/adf-magazine.com\/fr\/wp-json\/wp\/v2\/posts\/12298\/revisions"}],"wp:featuredmedia":[{"embeddable":true,"href":"https:\/\/adf-magazine.com\/fr\/wp-json\/wp\/v2\/media\/12191"}],"wp:attachment":[{"href":"https:\/\/adf-magazine.com\/fr\/wp-json\/wp\/v2\/media?parent=12298"}],"wp:term":[{"taxonomy":"category","embeddable":true,"href":"https:\/\/adf-magazine.com\/fr\/wp-json\/wp\/v2\/categories?post=12298"},{"taxonomy":"post_tag","embeddable":true,"href":"https:\/\/adf-magazine.com\/fr\/wp-json\/wp\/v2\/tags?post=12298"}],"curies":[{"name":"wp","href":"https:\/\/api.w.org\/{rel}","templated":true}]}}