{"id":117026,"date":"2024-08-27T14:08:32","date_gmt":"2024-08-27T18:08:32","guid":{"rendered":"https:\/\/adf-magazine.com\/?p=117026"},"modified":"2024-08-27T14:08:57","modified_gmt":"2024-08-27T18:08:57","slug":"la-junte-du-faso-reduit-ses-critiques-au-silence-alors-que-les-defis-de-securite-sintensifient","status":"publish","type":"post","link":"https:\/\/adf-magazine.com\/fr\/2024\/08\/la-junte-du-faso-reduit-ses-critiques-au-silence-alors-que-les-defis-de-securite-sintensifient\/","title":{"rendered":"La junte du Faso r\u00e9duit ses critiques au silence alors que les d\u00e9fis de s\u00e9curit\u00e9 s\u2019intensifient"},"content":{"rendered":"<div>\n<p><span lang=\"FR\">PERSONNEL D\u2019ADF<br \/>\n<\/span><span lang=\"FR\"><br \/>\nTrois journalistes qui avaient critiqu\u00e9 la junte militaire du Burkina Faso ont \u00e9t\u00e9 enlev\u00e9s en l\u2019espace de dix jours au mois de juin.<\/span><\/p>\n<p>L\u2019un d\u2019eux au moins, Serge Oulon qui est r\u00e9dacteur du journal <span lang=\"FR\">L\u2019\u00c9v\u00e9nement<\/span><span lang=\"FR\">,\u00a0a \u00e9t\u00e9 enlev\u00e9 par un groupe d\u2019hommes arm\u00e9s disant qu\u2019ils \u00e9taient associ\u00e9s \u00e0 l\u2019Agence nationale de renseignement, selon Reporters sans fronti\u00e8res.<\/span><\/p>\n<p>Kalifara S\u00e9r\u00e9, chroniqueur de l\u2019\u00e9mission \u00ab\u00a07Infos\u00a0\u00bb sur la cha\u00eene de t\u00e9l\u00e9vision priv\u00e9e BF1, a \u00e9t\u00e9 port\u00e9 disparu le lendemain de son audience avec la police judiciaire. Il avait r\u00e9cemment mis en doute l\u2019authenticit\u00e9 d\u2019une vid\u00e9o montrant une donation de sang par le capitaine Ibrahim Traor\u00e9, chef de la junte.<\/p>\n<p>Le r\u00e9gulateur m\u00e9diatique du pays a provisoirement suspendu \u00ab\u00a07Infos\u00a0\u00bb. Plusieurs cha\u00eenes d\u2019actualit\u00e9 occidentales ont \u00e9t\u00e9 aussi suspendues ou font l\u2019objet d\u2019une interdiction de diffuser des reportages sur l\u2019ins\u00e9curit\u00e9 qui existe dans le pays<span lang=\"FR\">.<\/span><\/p>\n<p>Adama Bayala, chroniqueur qui apparaissait chaque semaine dans l\u2019\u00e9mission \u00ab\u00a0Presse \u00c9chos\u00a0\u00bb, a \u00e9t\u00e9 port\u00e9 disparu peu de temps apr\u00e8s.<\/p>\n<p>Une source anonyme proche de M.\u00a0Bayala a d\u00e9clar\u00e9 \u00e0 Reporters sans fronti\u00e8res\u00a0: \u00ab\u00a0Il \u00e9tait parti de son bureau pour aller voir un ami, lequel a attendu vainement son arriv\u00e9e. Il semble qu\u2019il ait \u00e9t\u00e9 enlev\u00e9 en plein milieu de la circulation.\u00a0\u00bb<\/p>\n<p>La r\u00e9pression des journalistes, officiels et membres de la soci\u00e9t\u00e9 civile du Burkina Faso s\u2019est intensifi\u00e9e depuis le coup d\u2019\u00c9tat de septembre 2022 men\u00e9 par le capitaine Traor\u00e9.<\/p>\n<p>Daniel Eizenga, associ\u00e9 de recherche au Centre d\u2019\u00e9tudes strat\u00e9giques de l\u2019Afrique (CESA) a \u00e9crit dans World Politics Review\u00a0: \u00ab\u00a0Ce qui est certain, c\u2019est que l\u2019emprise de Traor\u00e9 sur le pouvoir d\u00e9pend fortement de la r\u00e9pression violente et la continuation des abus de force, soutenues par des partenaires ext\u00e9rieurs, le tout au nom de la souverainet\u00e9, ce qui r\u00e9v\u00e8le la farce tragique du r\u00e9gime militaire au Burkina Faso et, plus g\u00e9n\u00e9ralement, au Sahel.\u00a0\u00bb<\/p>\n<p>La plupart des personnes enlev\u00e9es, emprisonn\u00e9es ou enr\u00f4l\u00e9es en premi\u00e8re ligne de la guerre anti-terreur du pays avaient soulign\u00e9 les \u00e9checs de la junte pour \u00e9radiquer les terroristes, ce que le capitaine Traor\u00e9 avait promis de faire.<\/p>\n<p>Au lieu de \u00e7a, la violence a augment\u00e9 et la junte a perdu un terrain consid\u00e9rable au profit des terroristes. La moiti\u00e9 environ du pays est aujourd\u2019hui hors du contr\u00f4le du gouvernement.<\/p>\n<p>\u00c0 la fin 2023, environ 2\u00a0millions de personnes \u00e9taient pi\u00e9g\u00e9es dans 36\u00a0villages sujets \u00e0 des blocus par des combattants arm\u00e9s, selon un reportage d\u2019Al Jazeera. \u00c0 cause de ces blocus, les livraisons de nourriture et les m\u00e9dicaments sont rares.<\/p>\n<p>Le Dr\u00a0Eizenga \u00e9crit que plus de 2.000\u00a0d\u00e9c\u00e8s civils li\u00e9s aux \u00ab\u00a0groupes islamistes militants\u00a0\u00bb sont anticip\u00e9s au Burkina Faso en 2024, soit une hausse de pr\u00e8s de 75\u00a0% compar\u00e9 \u00e0 2021 (l\u2019ann\u00e9e pr\u00e9c\u00e9dant les coups d\u2019\u00c9tat) et le triple du nombre de d\u00e9c\u00e8s civils en 2020.<\/p>\n<p>L\u2019an dernier, environ 400 soldats fran\u00e7ais des op\u00e9rations sp\u00e9ciales ont quitt\u00e9 le pays lorsque les relations entre les deux pays se sont envenim\u00e9es. La d\u00e9cision du capitaine Traor\u00e9 visant \u00e0 s\u2019associer aux mercenaires russes a accru l\u2019ins\u00e9curit\u00e9, alors que les soldats burkinab\u00e9s et les combattants russes sont accus\u00e9s d\u2019avoir commis des atrocit\u00e9s contre les civils.<\/p>\n<p><span lang=\"FR\">En f\u00e9vrier, les forces du Faso ont massacr\u00e9 plus de 223 villageois, notamment 56\u00a0enfants au moins, dans une campagne contre les civils accus\u00e9s de collaborer avec les militants djihadistes, selon un reportage de Human Rights Watch.<\/span><\/p>\n<p>Les soldats du capitaine affrontent aussi une intensification des menaces.<\/p>\n<p>Le 11 juin, les terroristes du Groupe de soutien \u00e0 l\u2019islam et aux musulmans (GSIM) ont revendiqu\u00e9 la responsabilit\u00e9 de l\u2019attaque d\u2019une base militaire burkinab\u00e9 \u00e0 Mansila, o\u00f9 plus de 100\u00a0soldats et plusieurs civils ont trouv\u00e9 la mort. C\u2019\u00e9tait l\u2019assaut le plus meurtrier contre l\u2019arm\u00e9e du Faso depuis 2015.<\/p>\n<p><span lang=\"FR\">Cette instabilit\u00e9 survient alors qu\u2019on signale que des centaines de miliciens civils auxiliaires au Nord et \u00e0 l\u2019Est du Burkina Faso ont cess\u00e9 leurs activit\u00e9s depuis mai 2024, \u00e0 cause des taux \u00e9lev\u00e9s de mortalit\u00e9, des violations des droits de l\u2019homme, des r\u00e9tentions de salaire et du manque d\u2019\u00e9quipement.<\/span><\/p>\n<p>Le capitaine Traor\u00e9 a aussi mis fin aux dialogues locaux ant\u00e9rieurs avec les groupes arm\u00e9s qui avaient conduit \u00e0 des cessez-le-feu ponctuels. L\u2019an dernier, le nombre de d\u00e9c\u00e8s dus \u00e0 la \u00ab\u00a0violence meurtri\u00e8re\u00a0\u00bb au Burkina Faso a grimp\u00e9 \u00e0 8.000, soit plus du double du chiffre de 2021 (ann\u00e9e pr\u00e9c\u00e9dant les deux coups d\u2019\u00c9tat), selon le projet ACLED (Armed Conflict Location &amp; Event Data).<\/p>\n<p>Le Dr\u00a0Eizenga d\u00e9clare \u00e0 Al Jazeera\u00a0: \u00ab\u00a0Il a men\u00e9 la guerre totale. Le d\u00e9veloppement de la capacit\u00e9 des forces arm\u00e9es est une bonne id\u00e9e, mais il faut le faire d\u2019une fa\u00e7on efficace qui prot\u00e8ge les citoyens. Mettre fin aux n\u00e9gociations ne semble pas avis\u00e9.\u00a0\u00bb<\/p>\n<p>Le capitaine a aussi promis d\u2019organiser des \u00e9lections et d\u2019acc\u00e9l\u00e9rer la transition du pays vers la d\u00e9mocratie, mais rien de cela ne s\u2019est produit. En mai, la junte a adopt\u00e9 un accord visant \u00e0 prolonger son r\u00e9gime pendant cinq ans de plus.<\/p>\n<p>Le 15 ao\u00fbt, le gouvernement du capitaine Traor\u00e9 a annonc\u00e9 des plans pour accro\u00eetre les efforts de recrutement militaire.<span lang=\"FR\"><br \/>\n<\/span><\/p>\n<\/div>\n","protected":false},"excerpt":{"rendered":"<p>PERSONNEL D\u2019ADF Trois journalistes qui avaient critiqu\u00e9 la junte militaire du Burkina Faso ont \u00e9t\u00e9 enlev\u00e9s en l\u2019espace de dix jours au mois de juin. L\u2019un d\u2019eux au moins, Serge Oulon qui est r\u00e9dacteur du journal L\u2019\u00c9v\u00e9nement,\u00a0a \u00e9t\u00e9 enlev\u00e9 par un groupe d\u2019hommes arm\u00e9s disant qu\u2019ils \u00e9taient associ\u00e9s \u00e0 l\u2019Agence nationale de renseignement, selon Reporters<\/p>\n","protected":false},"author":1,"featured_media":116983,"comment_status":"open","ping_status":"closed","sticky":false,"template":"","format":"standard","meta":{"_acf_changed":false,"_monsterinsights_skip_tracking":false,"_monsterinsights_sitenote_active":false,"_monsterinsights_sitenote_note":"","_monsterinsights_sitenote_category":0,"_uf_show_specific_survey":0,"_uf_disable_surveys":false,"footnotes":""},"categories":[331],"tags":[489,484,1021,1282],"class_list":{"0":"post-117026","1":"post","2":"type-post","3":"status-publish","4":"format-standard","5":"has-post-thumbnail","7":"category-dernieres-nouvelles","8":"tag-burkina-faso-fr","9":"tag-extremisme","10":"tag-insurrection","11":"tag-terrorism-fr"},"acf":[],"yoast_head":"<!-- This site is optimized with the Yoast SEO plugin v27.4 - https:\/\/yoast.com\/product\/yoast-seo-wordpress\/ -->\n<title>La junte du Faso r\u00e9duit ses critiques au silence alors que les d\u00e9fis de s\u00e9curit\u00e9 s\u2019intensifient - Africa Defense Forum<\/title>\n<meta name=\"robots\" content=\"index, follow, max-snippet:-1, max-image-preview:large, max-video-preview:-1\" \/>\n<link rel=\"canonical\" href=\"https:\/\/adf-magazine.com\/fr\/2024\/08\/la-junte-du-faso-reduit-ses-critiques-au-silence-alors-que-les-defis-de-securite-sintensifient\/\" \/>\n<meta property=\"og:locale\" content=\"fr_FR\" \/>\n<meta property=\"og:type\" content=\"article\" \/>\n<meta property=\"og:title\" content=\"La junte du Faso r\u00e9duit ses critiques au silence alors que les d\u00e9fis de s\u00e9curit\u00e9 s\u2019intensifient - Africa Defense Forum\" \/>\n<meta property=\"og:description\" content=\"PERSONNEL D\u2019ADF Trois journalistes qui avaient critiqu\u00e9 la junte militaire du Burkina Faso ont \u00e9t\u00e9 enlev\u00e9s en l\u2019espace de dix jours au mois de juin. L\u2019un d\u2019eux au moins, Serge Oulon qui est r\u00e9dacteur du journal L\u2019\u00c9v\u00e9nement,\u00a0a \u00e9t\u00e9 enlev\u00e9 par un groupe d\u2019hommes arm\u00e9s disant qu\u2019ils \u00e9taient associ\u00e9s \u00e0 l\u2019Agence nationale de renseignement, selon Reporters\" \/>\n<meta property=\"og:url\" content=\"https:\/\/adf-magazine.com\/fr\/2024\/08\/la-junte-du-faso-reduit-ses-critiques-au-silence-alors-que-les-defis-de-securite-sintensifient\/\" \/>\n<meta property=\"og:site_name\" content=\"Africa Defense Forum\" \/>\n<meta property=\"article:publisher\" content=\"https:\/\/www.facebook.com\/ADFmagazine\/\" \/>\n<meta property=\"article:published_time\" content=\"2024-08-27T18:08:32+00:00\" \/>\n<meta property=\"article:modified_time\" content=\"2024-08-27T18:08:57+00:00\" \/>\n<meta property=\"og:image\" content=\"https:\/\/adf-magazine.com\/wp-content\/uploads\/2024\/08\/GettyImages-1236752256.jpg\" \/>\n\t<meta property=\"og:image:width\" content=\"1024\" \/>\n\t<meta property=\"og:image:height\" content=\"683\" \/>\n\t<meta property=\"og:image:type\" content=\"image\/jpeg\" \/>\n<meta name=\"author\" content=\"ADF\" \/>\n<meta name=\"twitter:card\" content=\"summary_large_image\" \/>\n<meta name=\"twitter:creator\" content=\"@ADFmagazine\" \/>\n<meta name=\"twitter:site\" content=\"@ADFmagazine\" \/>\n<meta name=\"twitter:label1\" content=\"\u00c9crit par\" \/>\n\t<meta name=\"twitter:data1\" content=\"ADF\" \/>\n\t<meta name=\"twitter:label2\" content=\"Dur\u00e9e de lecture estim\u00e9e\" \/>\n\t<meta name=\"twitter:data2\" content=\"5 minutes\" \/>\n<script type=\"application\/ld+json\" class=\"yoast-schema-graph\">{\"@context\":\"https:\\\/\\\/schema.org\",\"@graph\":[{\"@type\":\"Article\",\"@id\":\"https:\\\/\\\/adf-magazine.com\\\/fr\\\/2024\\\/08\\\/la-junte-du-faso-reduit-ses-critiques-au-silence-alors-que-les-defis-de-securite-sintensifient\\\/#article\",\"isPartOf\":{\"@id\":\"https:\\\/\\\/adf-magazine.com\\\/fr\\\/2024\\\/08\\\/la-junte-du-faso-reduit-ses-critiques-au-silence-alors-que-les-defis-de-securite-sintensifient\\\/\"},\"author\":{\"name\":\"ADF\",\"@id\":\"https:\\\/\\\/adf-magazine.com\\\/#\\\/schema\\\/person\\\/f266a6061389568b5a11465bb38bc025\"},\"headline\":\"La junte du Faso r\u00e9duit ses critiques au silence alors que les d\u00e9fis de s\u00e9curit\u00e9 s\u2019intensifient\",\"datePublished\":\"2024-08-27T18:08:32+00:00\",\"dateModified\":\"2024-08-27T18:08:57+00:00\",\"mainEntityOfPage\":{\"@id\":\"https:\\\/\\\/adf-magazine.com\\\/fr\\\/2024\\\/08\\\/la-junte-du-faso-reduit-ses-critiques-au-silence-alors-que-les-defis-de-securite-sintensifient\\\/\"},\"wordCount\":951,\"commentCount\":0,\"image\":{\"@id\":\"https:\\\/\\\/adf-magazine.com\\\/fr\\\/2024\\\/08\\\/la-junte-du-faso-reduit-ses-critiques-au-silence-alors-que-les-defis-de-securite-sintensifient\\\/#primaryimage\"},\"thumbnailUrl\":\"https:\\\/\\\/adf-magazine.com\\\/wp-content\\\/uploads\\\/2024\\\/08\\\/GettyImages-1236752256.jpg\",\"keywords\":[\"Burkina Faso\",\"extr\u00e9misme\",\"insurrection\",\"Terrorism\"],\"articleSection\":[\"Actualit\u00e9s du Jour\"],\"inLanguage\":\"fr-FR\",\"potentialAction\":[{\"@type\":\"CommentAction\",\"name\":\"Comment\",\"target\":[\"https:\\\/\\\/adf-magazine.com\\\/fr\\\/2024\\\/08\\\/la-junte-du-faso-reduit-ses-critiques-au-silence-alors-que-les-defis-de-securite-sintensifient\\\/#respond\"]}]},{\"@type\":\"WebPage\",\"@id\":\"https:\\\/\\\/adf-magazine.com\\\/fr\\\/2024\\\/08\\\/la-junte-du-faso-reduit-ses-critiques-au-silence-alors-que-les-defis-de-securite-sintensifient\\\/\",\"url\":\"https:\\\/\\\/adf-magazine.com\\\/fr\\\/2024\\\/08\\\/la-junte-du-faso-reduit-ses-critiques-au-silence-alors-que-les-defis-de-securite-sintensifient\\\/\",\"name\":\"La junte du Faso r\u00e9duit ses critiques au silence alors que les d\u00e9fis de s\u00e9curit\u00e9 s\u2019intensifient - Africa Defense Forum\",\"isPartOf\":{\"@id\":\"https:\\\/\\\/adf-magazine.com\\\/#website\"},\"primaryImageOfPage\":{\"@id\":\"https:\\\/\\\/adf-magazine.com\\\/fr\\\/2024\\\/08\\\/la-junte-du-faso-reduit-ses-critiques-au-silence-alors-que-les-defis-de-securite-sintensifient\\\/#primaryimage\"},\"image\":{\"@id\":\"https:\\\/\\\/adf-magazine.com\\\/fr\\\/2024\\\/08\\\/la-junte-du-faso-reduit-ses-critiques-au-silence-alors-que-les-defis-de-securite-sintensifient\\\/#primaryimage\"},\"thumbnailUrl\":\"https:\\\/\\\/adf-magazine.com\\\/wp-content\\\/uploads\\\/2024\\\/08\\\/GettyImages-1236752256.jpg\",\"datePublished\":\"2024-08-27T18:08:32+00:00\",\"dateModified\":\"2024-08-27T18:08:57+00:00\",\"author\":{\"@id\":\"https:\\\/\\\/adf-magazine.com\\\/#\\\/schema\\\/person\\\/f266a6061389568b5a11465bb38bc025\"},\"breadcrumb\":{\"@id\":\"https:\\\/\\\/adf-magazine.com\\\/fr\\\/2024\\\/08\\\/la-junte-du-faso-reduit-ses-critiques-au-silence-alors-que-les-defis-de-securite-sintensifient\\\/#breadcrumb\"},\"inLanguage\":\"fr-FR\",\"potentialAction\":[{\"@type\":\"ReadAction\",\"target\":[\"https:\\\/\\\/adf-magazine.com\\\/fr\\\/2024\\\/08\\\/la-junte-du-faso-reduit-ses-critiques-au-silence-alors-que-les-defis-de-securite-sintensifient\\\/\"]}]},{\"@type\":\"ImageObject\",\"inLanguage\":\"fr-FR\",\"@id\":\"https:\\\/\\\/adf-magazine.com\\\/fr\\\/2024\\\/08\\\/la-junte-du-faso-reduit-ses-critiques-au-silence-alors-que-les-defis-de-securite-sintensifient\\\/#primaryimage\",\"url\":\"https:\\\/\\\/adf-magazine.com\\\/wp-content\\\/uploads\\\/2024\\\/08\\\/GettyImages-1236752256.jpg\",\"contentUrl\":\"https:\\\/\\\/adf-magazine.com\\\/wp-content\\\/uploads\\\/2024\\\/08\\\/GettyImages-1236752256.jpg\",\"width\":1024,\"height\":683,\"caption\":\"Des responsables militaires burkinab\u00e9s devant les tombes des soldats tu\u00e9s lors de l\u2019attaque d\u2019un camp militaire en 2021. AFP\\\/GETTY IMAGES\"},{\"@type\":\"BreadcrumbList\",\"@id\":\"https:\\\/\\\/adf-magazine.com\\\/fr\\\/2024\\\/08\\\/la-junte-du-faso-reduit-ses-critiques-au-silence-alors-que-les-defis-de-securite-sintensifient\\\/#breadcrumb\",\"itemListElement\":[{\"@type\":\"ListItem\",\"position\":1,\"name\":\"page d\u2019accueil\",\"item\":\"https:\\\/\\\/adf-magazine.com\\\/\"},{\"@type\":\"ListItem\",\"position\":2,\"name\":\"La junte du Faso r\u00e9duit ses critiques au silence alors que les d\u00e9fis de s\u00e9curit\u00e9 s\u2019intensifient\"}]},{\"@type\":\"WebSite\",\"@id\":\"https:\\\/\\\/adf-magazine.com\\\/#website\",\"url\":\"https:\\\/\\\/adf-magazine.com\\\/\",\"name\":\"Africa Defense Forum\",\"description\":\"Africa Defense Forum\",\"potentialAction\":[{\"@type\":\"SearchAction\",\"target\":{\"@type\":\"EntryPoint\",\"urlTemplate\":\"https:\\\/\\\/adf-magazine.com\\\/?s={search_term_string}\"},\"query-input\":{\"@type\":\"PropertyValueSpecification\",\"valueRequired\":true,\"valueName\":\"search_term_string\"}}],\"inLanguage\":\"fr-FR\"},{\"@type\":\"Person\",\"@id\":\"https:\\\/\\\/adf-magazine.com\\\/#\\\/schema\\\/person\\\/f266a6061389568b5a11465bb38bc025\",\"name\":\"ADF\",\"image\":{\"@type\":\"ImageObject\",\"inLanguage\":\"fr-FR\",\"@id\":\"https:\\\/\\\/adf-magazine.com\\\/wp-content\\\/uploads\\\/2020\\\/05\\\/cropped-ADF_icon.jpg\",\"url\":\"https:\\\/\\\/adf-magazine.com\\\/wp-content\\\/uploads\\\/2020\\\/05\\\/cropped-ADF_icon.jpg\",\"contentUrl\":\"https:\\\/\\\/adf-magazine.com\\\/wp-content\\\/uploads\\\/2020\\\/05\\\/cropped-ADF_icon.jpg\",\"caption\":\"ADF\"},\"description\":\"ADF is a professional military magazine published quarterly by U.S. Africa Command to provide an international forum for African security professionals. ADF covers topics such as counter terrorism strategies, security and defense operations, transnational crime, and all other issues affecting peace, stability, and good governance on the African continent.\",\"sameAs\":[\"https:\\\/\\\/x.com\\\/ADFmagazine\"],\"url\":\"https:\\\/\\\/adf-magazine.com\\\/fr\\\/author\\\/adf\\\/\"}]}<\/script>\n<!-- \/ Yoast SEO plugin. -->","yoast_head_json":{"title":"La junte du Faso r\u00e9duit ses critiques au silence alors que les d\u00e9fis de s\u00e9curit\u00e9 s\u2019intensifient - Africa Defense Forum","robots":{"index":"index","follow":"follow","max-snippet":"max-snippet:-1","max-image-preview":"max-image-preview:large","max-video-preview":"max-video-preview:-1"},"canonical":"https:\/\/adf-magazine.com\/fr\/2024\/08\/la-junte-du-faso-reduit-ses-critiques-au-silence-alors-que-les-defis-de-securite-sintensifient\/","og_locale":"fr_FR","og_type":"article","og_title":"La junte du Faso r\u00e9duit ses critiques au silence alors que les d\u00e9fis de s\u00e9curit\u00e9 s\u2019intensifient - Africa Defense Forum","og_description":"PERSONNEL D\u2019ADF Trois journalistes qui avaient critiqu\u00e9 la junte militaire du Burkina Faso ont \u00e9t\u00e9 enlev\u00e9s en l\u2019espace de dix jours au mois de juin. L\u2019un d\u2019eux au moins, Serge Oulon qui est r\u00e9dacteur du journal L\u2019\u00c9v\u00e9nement,\u00a0a \u00e9t\u00e9 enlev\u00e9 par un groupe d\u2019hommes arm\u00e9s disant qu\u2019ils \u00e9taient associ\u00e9s \u00e0 l\u2019Agence nationale de renseignement, selon Reporters","og_url":"https:\/\/adf-magazine.com\/fr\/2024\/08\/la-junte-du-faso-reduit-ses-critiques-au-silence-alors-que-les-defis-de-securite-sintensifient\/","og_site_name":"Africa Defense Forum","article_publisher":"https:\/\/www.facebook.com\/ADFmagazine\/","article_published_time":"2024-08-27T18:08:32+00:00","article_modified_time":"2024-08-27T18:08:57+00:00","og_image":[{"width":1024,"height":683,"url":"https:\/\/adf-magazine.com\/wp-content\/uploads\/2024\/08\/GettyImages-1236752256.jpg","type":"image\/jpeg"}],"author":"ADF","twitter_card":"summary_large_image","twitter_creator":"@ADFmagazine","twitter_site":"@ADFmagazine","twitter_misc":{"\u00c9crit par":"ADF","Dur\u00e9e de lecture estim\u00e9e":"5 minutes"},"schema":{"@context":"https:\/\/schema.org","@graph":[{"@type":"Article","@id":"https:\/\/adf-magazine.com\/fr\/2024\/08\/la-junte-du-faso-reduit-ses-critiques-au-silence-alors-que-les-defis-de-securite-sintensifient\/#article","isPartOf":{"@id":"https:\/\/adf-magazine.com\/fr\/2024\/08\/la-junte-du-faso-reduit-ses-critiques-au-silence-alors-que-les-defis-de-securite-sintensifient\/"},"author":{"name":"ADF","@id":"https:\/\/adf-magazine.com\/#\/schema\/person\/f266a6061389568b5a11465bb38bc025"},"headline":"La junte du Faso r\u00e9duit ses critiques au silence alors que les d\u00e9fis de s\u00e9curit\u00e9 s\u2019intensifient","datePublished":"2024-08-27T18:08:32+00:00","dateModified":"2024-08-27T18:08:57+00:00","mainEntityOfPage":{"@id":"https:\/\/adf-magazine.com\/fr\/2024\/08\/la-junte-du-faso-reduit-ses-critiques-au-silence-alors-que-les-defis-de-securite-sintensifient\/"},"wordCount":951,"commentCount":0,"image":{"@id":"https:\/\/adf-magazine.com\/fr\/2024\/08\/la-junte-du-faso-reduit-ses-critiques-au-silence-alors-que-les-defis-de-securite-sintensifient\/#primaryimage"},"thumbnailUrl":"https:\/\/adf-magazine.com\/wp-content\/uploads\/2024\/08\/GettyImages-1236752256.jpg","keywords":["Burkina Faso","extr\u00e9misme","insurrection","Terrorism"],"articleSection":["Actualit\u00e9s du Jour"],"inLanguage":"fr-FR","potentialAction":[{"@type":"CommentAction","name":"Comment","target":["https:\/\/adf-magazine.com\/fr\/2024\/08\/la-junte-du-faso-reduit-ses-critiques-au-silence-alors-que-les-defis-de-securite-sintensifient\/#respond"]}]},{"@type":"WebPage","@id":"https:\/\/adf-magazine.com\/fr\/2024\/08\/la-junte-du-faso-reduit-ses-critiques-au-silence-alors-que-les-defis-de-securite-sintensifient\/","url":"https:\/\/adf-magazine.com\/fr\/2024\/08\/la-junte-du-faso-reduit-ses-critiques-au-silence-alors-que-les-defis-de-securite-sintensifient\/","name":"La junte du Faso r\u00e9duit ses critiques au silence alors que les d\u00e9fis de s\u00e9curit\u00e9 s\u2019intensifient - Africa Defense Forum","isPartOf":{"@id":"https:\/\/adf-magazine.com\/#website"},"primaryImageOfPage":{"@id":"https:\/\/adf-magazine.com\/fr\/2024\/08\/la-junte-du-faso-reduit-ses-critiques-au-silence-alors-que-les-defis-de-securite-sintensifient\/#primaryimage"},"image":{"@id":"https:\/\/adf-magazine.com\/fr\/2024\/08\/la-junte-du-faso-reduit-ses-critiques-au-silence-alors-que-les-defis-de-securite-sintensifient\/#primaryimage"},"thumbnailUrl":"https:\/\/adf-magazine.com\/wp-content\/uploads\/2024\/08\/GettyImages-1236752256.jpg","datePublished":"2024-08-27T18:08:32+00:00","dateModified":"2024-08-27T18:08:57+00:00","author":{"@id":"https:\/\/adf-magazine.com\/#\/schema\/person\/f266a6061389568b5a11465bb38bc025"},"breadcrumb":{"@id":"https:\/\/adf-magazine.com\/fr\/2024\/08\/la-junte-du-faso-reduit-ses-critiques-au-silence-alors-que-les-defis-de-securite-sintensifient\/#breadcrumb"},"inLanguage":"fr-FR","potentialAction":[{"@type":"ReadAction","target":["https:\/\/adf-magazine.com\/fr\/2024\/08\/la-junte-du-faso-reduit-ses-critiques-au-silence-alors-que-les-defis-de-securite-sintensifient\/"]}]},{"@type":"ImageObject","inLanguage":"fr-FR","@id":"https:\/\/adf-magazine.com\/fr\/2024\/08\/la-junte-du-faso-reduit-ses-critiques-au-silence-alors-que-les-defis-de-securite-sintensifient\/#primaryimage","url":"https:\/\/adf-magazine.com\/wp-content\/uploads\/2024\/08\/GettyImages-1236752256.jpg","contentUrl":"https:\/\/adf-magazine.com\/wp-content\/uploads\/2024\/08\/GettyImages-1236752256.jpg","width":1024,"height":683,"caption":"Des responsables militaires burkinab\u00e9s devant les tombes des soldats tu\u00e9s lors de l\u2019attaque d\u2019un camp militaire en 2021. AFP\/GETTY IMAGES"},{"@type":"BreadcrumbList","@id":"https:\/\/adf-magazine.com\/fr\/2024\/08\/la-junte-du-faso-reduit-ses-critiques-au-silence-alors-que-les-defis-de-securite-sintensifient\/#breadcrumb","itemListElement":[{"@type":"ListItem","position":1,"name":"page d\u2019accueil","item":"https:\/\/adf-magazine.com\/"},{"@type":"ListItem","position":2,"name":"La junte du Faso r\u00e9duit ses critiques au silence alors que les d\u00e9fis de s\u00e9curit\u00e9 s\u2019intensifient"}]},{"@type":"WebSite","@id":"https:\/\/adf-magazine.com\/#website","url":"https:\/\/adf-magazine.com\/","name":"Africa Defense Forum","description":"Africa Defense Forum","potentialAction":[{"@type":"SearchAction","target":{"@type":"EntryPoint","urlTemplate":"https:\/\/adf-magazine.com\/?s={search_term_string}"},"query-input":{"@type":"PropertyValueSpecification","valueRequired":true,"valueName":"search_term_string"}}],"inLanguage":"fr-FR"},{"@type":"Person","@id":"https:\/\/adf-magazine.com\/#\/schema\/person\/f266a6061389568b5a11465bb38bc025","name":"ADF","image":{"@type":"ImageObject","inLanguage":"fr-FR","@id":"https:\/\/adf-magazine.com\/wp-content\/uploads\/2020\/05\/cropped-ADF_icon.jpg","url":"https:\/\/adf-magazine.com\/wp-content\/uploads\/2020\/05\/cropped-ADF_icon.jpg","contentUrl":"https:\/\/adf-magazine.com\/wp-content\/uploads\/2020\/05\/cropped-ADF_icon.jpg","caption":"ADF"},"description":"ADF is a professional military magazine published quarterly by U.S. Africa Command to provide an international forum for African security professionals. ADF covers topics such as counter terrorism strategies, security and defense operations, transnational crime, and all other issues affecting peace, stability, and good governance on the African continent.","sameAs":["https:\/\/x.com\/ADFmagazine"],"url":"https:\/\/adf-magazine.com\/fr\/author\/adf\/"}]}},"_links":{"self":[{"href":"https:\/\/adf-magazine.com\/fr\/wp-json\/wp\/v2\/posts\/117026","targetHints":{"allow":["GET"]}}],"collection":[{"href":"https:\/\/adf-magazine.com\/fr\/wp-json\/wp\/v2\/posts"}],"about":[{"href":"https:\/\/adf-magazine.com\/fr\/wp-json\/wp\/v2\/types\/post"}],"author":[{"embeddable":true,"href":"https:\/\/adf-magazine.com\/fr\/wp-json\/wp\/v2\/users\/1"}],"replies":[{"embeddable":true,"href":"https:\/\/adf-magazine.com\/fr\/wp-json\/wp\/v2\/comments?post=117026"}],"version-history":[{"count":0,"href":"https:\/\/adf-magazine.com\/fr\/wp-json\/wp\/v2\/posts\/117026\/revisions"}],"wp:featuredmedia":[{"embeddable":true,"href":"https:\/\/adf-magazine.com\/fr\/wp-json\/wp\/v2\/media\/116983"}],"wp:attachment":[{"href":"https:\/\/adf-magazine.com\/fr\/wp-json\/wp\/v2\/media?parent=117026"}],"wp:term":[{"taxonomy":"category","embeddable":true,"href":"https:\/\/adf-magazine.com\/fr\/wp-json\/wp\/v2\/categories?post=117026"},{"taxonomy":"post_tag","embeddable":true,"href":"https:\/\/adf-magazine.com\/fr\/wp-json\/wp\/v2\/tags?post=117026"}],"curies":[{"name":"wp","href":"https:\/\/api.w.org\/{rel}","templated":true}]}}