{"id":116654,"date":"2024-08-06T09:32:34","date_gmt":"2024-08-06T13:32:34","guid":{"rendered":"https:\/\/adf-magazine.com\/?p=116654"},"modified":"2024-08-06T09:32:53","modified_gmt":"2024-08-06T13:32:53","slug":"les-etats-unis-transferent-la-base-dagadez-alors-que-leur-retrait-du-niger-est-sur-le-point-de-sachever","status":"publish","type":"post","link":"https:\/\/adf-magazine.com\/fr\/2024\/08\/les-etats-unis-transferent-la-base-dagadez-alors-que-leur-retrait-du-niger-est-sur-le-point-de-sachever\/","title":{"rendered":"Les \u00c9tats-Unis transf\u00e8rent la base d\u2019Agadez alors que leur retrait du Niger est sur le point de s\u2019achever"},"content":{"rendered":"<p style=\"font-weight: 400;\">PERSONNEL D\u2019ADF<\/p>\n<p style=\"font-weight: 400;\">Les \u00c9tats-Unis sont sur la bonne voie pour retirer leurs forces du Niger avec plus d\u2019un mois d\u2019avance. Le d\u00e9part qui avait commenc\u00e9 avec une demande t\u00e9l\u00e9vis\u00e9e de la part de la junte nig\u00e9rienne au pouvoir en mars dernier et s\u2019\u00e9tait poursuivi par la signature des conditions du retrait le 19 mai prend fin avec une coop\u00e9ration \u00e9troite entre les deux pays et un certain optimisme pour les partenariats futurs.<\/p>\n<p style=\"font-weight: 400;\">Le major-g\u00e9n\u00e9ral Kenneth Ekman, chef de l\u2019\u00e9l\u00e9ment de coordination d\u2019Afrique de l\u2019Ouest du d\u00e9partement de la D\u00e9fense des \u00c9tats-Unis, rattach\u00e9 \u00e0 l\u2019\u00e9tat-major unifi\u00e9 des \u00c9tats-Unis pour l\u2019Afrique, a d\u00e9clar\u00e9 que les deux c\u00f4t\u00e9s s\u2019appuyaient sur une relation de travail de pr\u00e8s de vingt ans pour assurer un processus sans bavure.<\/p>\n<p style=\"font-weight: 400;\">Le g\u00e9n\u00e9ral Ekman a d\u00e9clar\u00e9 \u00e0 ADF\u00a0: \u00ab\u00a0Puisque nous les connaissons, nous pouvions b\u00e2tir sur ce point. On a effectu\u00e9 des sessions bilat\u00e9rales quotidiennes, hebdomadaires. Nous avons convenu au d\u00e9but que, si nous conduisions un retrait s\u00e9curis\u00e9, en bon ordre et responsable, nous pr\u00e9serverions les options strat\u00e9giques des deux nations en ce qui concerne la nature possible de la relation s\u00e9curitaire \u00e0 l\u2019avenir.\u00a0\u00bb<\/p>\n<p style=\"font-weight: 400;\">En 2013, les deux pays ont sign\u00e9 un accord de statut des forces qui permettait aux \u00c9tats-Unis de positionner des a\u00e9ronefs avec et sans humains \u00e0 bord dans le pays, principalement pour surveiller les extr\u00e9mistes. Au cours des derni\u00e8res ann\u00e9es, les \u00c9tats-Unis avaient des effectifs d\u2019environ 1.000\u00a0soldats et civils au Niger pour soutenir les op\u00e9rations de la base a\u00e9rienne 101 de Niamey et la base a\u00e9rienne 201 pr\u00e8s d\u2019Agadez.<\/p>\n<p style=\"font-weight: 400;\">Les \u00c9tats-Unis ont conduit plus de 150\u00a0vols de transport a\u00e9rien de C-17 \u00e0 partir du 8 juin pour transporter le personnel hors du pays. Les derniers soldats sont partis de la base a\u00e9rienne 101 le 7 juillet dans des circonstances qui ont inclus un \u00e9v\u00e9nement de transfert du p\u00e9rim\u00e8tre am\u00e9ricain et du mat\u00e9riel restant de la base a\u00e9rienne aux Forces arm\u00e9es nig\u00e9riennes. Le personnel restant, qui s\u2019\u00e9l\u00e8ve \u00e0 environ 350, est parti de la base a\u00e9rienne 201 d\u2019Agadez le 5 ao\u00fbt et les ressources am\u00e9ricaines l\u00e0-bas ont \u00e9t\u00e9 transf\u00e9r\u00e9es.<\/p>\n<p style=\"font-weight: 400;\">Parmi les autres t\u00e2ches, on compte le transport par voie terrestre commerciale du mat\u00e9riel de Niamey et Agadez hors du pays et le transfert d\u2019une petite installation \u00e0 Diffa.<\/p>\n<p style=\"font-weight: 400;\">La plupart des soldats des \u00c9tats-Unis seront renvoy\u00e9s dans leur base principale du monde, mais de petites \u00e9quipes de soldats am\u00e9ricains seront post\u00e9es pour soutenir les forces arm\u00e9es d\u2019Afrique de l\u2019Ouest. Le g\u00e9n\u00e9ral Ekman d\u00e9clare que les \u00e9quipes des op\u00e9rations sp\u00e9ciales \u0153uvreront avec les forces partenaires de la r\u00e9gion et que d\u2019autres sp\u00e9cialistes dans la r\u00e9cup\u00e9ration du personnel, l\u2019\u00e9vacuation des victimes et le renseignement, la reconnaissance et la surveillance seront positionn\u00e9s en fonction des besoins.<\/p>\n<p style=\"font-weight: 400;\">Il a soulign\u00e9 que l\u2019engagement des \u00c9tats-Unis visant \u00e0 soutenir leurs partenaires dans la lutte contre les groupes extr\u00e9mistes bas\u00e9s au Sahel reste inchang\u00e9. \u00ab\u00a0Nos objectifs de s\u00e9curit\u00e9 en Afrique de l\u2019Ouest n\u2019ont pas chang\u00e9. Nous avons simplement perdu un certain acc\u00e8s et nous sommes pass\u00e9s d\u2019une approche de l\u2019int\u00e9rieur \u00e0 une approche de l\u2019ext\u00e9rieur concernant l\u2019extr\u00e9misme violent bas\u00e9 au Sahel.\u00a0\u00bb<\/p>\n<p style=\"font-weight: 400;\">La coop\u00e9ration et le repositionnement futurs des forces seront bas\u00e9s sur les demandes des pays partenaires et les priorit\u00e9s politiques des \u00c9tats-Unis. \u00ab\u00a0Nous avons des conversation tr\u00e8s pouss\u00e9es avec les partenaires sur la fa\u00e7on de satisfaire au mieux \u00e0 leurs besoins de s\u00e9curit\u00e9 \u00e0 court terme, en utilisant ce que nous retirons du Niger et transf\u00e9rons vers les divers pays\u00a0\u00bb, d\u00e9clare le g\u00e9n\u00e9ral.<\/p>\n<p style=\"font-weight: 400;\">La collaboration entre les deux nations a souvent enregistr\u00e9 des succ\u00e8s. Le Niger a constat\u00e9 une baisse de 80\u00a0% des d\u00e9c\u00e8s li\u00e9s \u00e0 la terreur en 2022. Pendant cette m\u00eame ann\u00e9e, d\u2019autres pays sah\u00e9liens ont subi de fortes augmentations du nombre d\u2019attaques. Toutefois, apr\u00e8s un coup d\u2019\u00c9tat en juillet 2023, les \u00c9tats-Unis ont limit\u00e9 leurs op\u00e9rations au Niger et suspendu la majorit\u00e9 de l\u2019assistance militaire, selon les directives des lois am\u00e9ricaines. En mars 2024, le Conseil national pour la sauvegarde de la patrie (CNSP) au pouvoir au Niger a annonc\u00e9 la suspension de son partenariat de s\u00e9curit\u00e9 et demand\u00e9 que les forces am\u00e9ricaines partent du pays.<\/p>\n<p style=\"font-weight: 400;\">Les observateurs ont exprim\u00e9 leurs inqui\u00e9tudes sur la signification du retrait des forces am\u00e9ricaines pour le Sahel, o\u00f9 les groupes extr\u00e9mistes li\u00e9s \u00e0 Al-Qa\u00efda et l\u2019\u00c9tat islamique ont lanc\u00e9 des attaques acharn\u00e9es et cherchent \u00e0 \u00e9tendre leur port\u00e9e vers les pays du littoral pour recruter de nouveaux membres, conduire des attaques et occuper du territoire. Le Sahel est la r\u00e9gion du monde la plus affect\u00e9e par le terrorisme, o\u00f9 se produisent 43\u00a0% de tous les d\u00e9c\u00e8s mondiaux dus au terrorisme, selon l\u2019Indice international du terrorisme.<\/p>\n<p style=\"font-weight: 400;\">Lorsqu\u2019il voyage dans la r\u00e9gion, le g\u00e9n\u00e9ral d\u00e9clare qu\u2019il entend des inqui\u00e9tudes profondes concernant les d\u00e9fis de s\u00e9curit\u00e9 et un d\u00e9sir de cr\u00e9er des partenariats avec les \u00c9tats-Unis d\u2019une fa\u00e7on mutuellement b\u00e9n\u00e9fique.<\/p>\n<p style=\"font-weight: 400;\">\u00ab\u00a0C\u2019est vraiment une question d\u2019\u00e9tablir les partenariats correctement, d\u2019avoir une empreinte correcte et les programmes corrects qui conviennent au mieux au contexte de chaque partenaire r\u00e9gional.\u00a0\u00bb<\/p>\n","protected":false},"excerpt":{"rendered":"<p>PERSONNEL D\u2019ADF Les \u00c9tats-Unis sont sur la bonne voie pour retirer leurs forces du Niger avec plus d\u2019un mois d\u2019avance. Le d\u00e9part qui avait commenc\u00e9 avec une demande t\u00e9l\u00e9vis\u00e9e de la part de la junte nig\u00e9rienne au pouvoir en mars dernier et s\u2019\u00e9tait poursuivi par la signature des conditions du retrait le 19 mai prend<\/p>\n","protected":false},"author":1,"featured_media":116647,"comment_status":"open","ping_status":"closed","sticky":false,"template":"","format":"standard","meta":{"_acf_changed":false,"_monsterinsights_skip_tracking":false,"_monsterinsights_sitenote_active":false,"_monsterinsights_sitenote_note":"","_monsterinsights_sitenote_category":0,"_uf_show_specific_survey":0,"_uf_disable_surveys":false,"footnotes":""},"categories":[331],"tags":[],"class_list":{"0":"post-116654","1":"post","2":"type-post","3":"status-publish","4":"format-standard","5":"has-post-thumbnail","7":"category-dernieres-nouvelles"},"acf":[],"yoast_head":"<!-- This site is optimized with the Yoast SEO plugin v27.4 - https:\/\/yoast.com\/product\/yoast-seo-wordpress\/ -->\n<title>Les \u00c9tats-Unis transf\u00e8rent la base d\u2019Agadez alors que leur retrait du Niger est sur le point de s\u2019achever - Africa Defense Forum<\/title>\n<meta name=\"robots\" content=\"index, follow, max-snippet:-1, max-image-preview:large, max-video-preview:-1\" \/>\n<link rel=\"canonical\" href=\"https:\/\/adf-magazine.com\/fr\/2024\/08\/les-etats-unis-transferent-la-base-dagadez-alors-que-leur-retrait-du-niger-est-sur-le-point-de-sachever\/\" \/>\n<meta property=\"og:locale\" content=\"fr_FR\" \/>\n<meta property=\"og:type\" content=\"article\" \/>\n<meta property=\"og:title\" content=\"Les \u00c9tats-Unis transf\u00e8rent la base d\u2019Agadez alors que leur retrait du Niger est sur le point de s\u2019achever - Africa Defense Forum\" \/>\n<meta property=\"og:description\" content=\"PERSONNEL D\u2019ADF Les \u00c9tats-Unis sont sur la bonne voie pour retirer leurs forces du Niger avec plus d\u2019un mois d\u2019avance. Le d\u00e9part qui avait commenc\u00e9 avec une demande t\u00e9l\u00e9vis\u00e9e de la part de la junte nig\u00e9rienne au pouvoir en mars dernier et s\u2019\u00e9tait poursuivi par la signature des conditions du retrait le 19 mai prend\" \/>\n<meta property=\"og:url\" content=\"https:\/\/adf-magazine.com\/fr\/2024\/08\/les-etats-unis-transferent-la-base-dagadez-alors-que-leur-retrait-du-niger-est-sur-le-point-de-sachever\/\" \/>\n<meta property=\"og:site_name\" content=\"Africa Defense Forum\" \/>\n<meta property=\"article:publisher\" content=\"https:\/\/www.facebook.com\/ADFmagazine\/\" \/>\n<meta property=\"article:published_time\" content=\"2024-08-06T13:32:34+00:00\" \/>\n<meta property=\"article:modified_time\" content=\"2024-08-06T13:32:53+00:00\" \/>\n<meta property=\"og:image\" content=\"https:\/\/adf-magazine.com\/wp-content\/uploads\/2024\/08\/8482052.jpg\" \/>\n\t<meta property=\"og:image:width\" content=\"1080\" \/>\n\t<meta property=\"og:image:height\" content=\"663\" \/>\n\t<meta property=\"og:image:type\" content=\"image\/jpeg\" \/>\n<meta name=\"author\" content=\"ADF\" \/>\n<meta name=\"twitter:card\" content=\"summary_large_image\" \/>\n<meta name=\"twitter:creator\" content=\"@ADFmagazine\" \/>\n<meta name=\"twitter:site\" content=\"@ADFmagazine\" \/>\n<meta name=\"twitter:label1\" content=\"\u00c9crit par\" \/>\n\t<meta name=\"twitter:data1\" content=\"ADF\" \/>\n\t<meta name=\"twitter:label2\" content=\"Dur\u00e9e de lecture estim\u00e9e\" \/>\n\t<meta name=\"twitter:data2\" content=\"5 minutes\" \/>\n<script type=\"application\/ld+json\" class=\"yoast-schema-graph\">{\"@context\":\"https:\\\/\\\/schema.org\",\"@graph\":[{\"@type\":\"Article\",\"@id\":\"https:\\\/\\\/adf-magazine.com\\\/fr\\\/2024\\\/08\\\/les-etats-unis-transferent-la-base-dagadez-alors-que-leur-retrait-du-niger-est-sur-le-point-de-sachever\\\/#article\",\"isPartOf\":{\"@id\":\"https:\\\/\\\/adf-magazine.com\\\/fr\\\/2024\\\/08\\\/les-etats-unis-transferent-la-base-dagadez-alors-que-leur-retrait-du-niger-est-sur-le-point-de-sachever\\\/\"},\"author\":{\"name\":\"ADF\",\"@id\":\"https:\\\/\\\/adf-magazine.com\\\/#\\\/schema\\\/person\\\/f266a6061389568b5a11465bb38bc025\"},\"headline\":\"Les \u00c9tats-Unis transf\u00e8rent la base d\u2019Agadez alors que leur retrait du Niger est sur le point de s\u2019achever\",\"datePublished\":\"2024-08-06T13:32:34+00:00\",\"dateModified\":\"2024-08-06T13:32:53+00:00\",\"mainEntityOfPage\":{\"@id\":\"https:\\\/\\\/adf-magazine.com\\\/fr\\\/2024\\\/08\\\/les-etats-unis-transferent-la-base-dagadez-alors-que-leur-retrait-du-niger-est-sur-le-point-de-sachever\\\/\"},\"wordCount\":972,\"commentCount\":0,\"image\":{\"@id\":\"https:\\\/\\\/adf-magazine.com\\\/fr\\\/2024\\\/08\\\/les-etats-unis-transferent-la-base-dagadez-alors-que-leur-retrait-du-niger-est-sur-le-point-de-sachever\\\/#primaryimage\"},\"thumbnailUrl\":\"https:\\\/\\\/adf-magazine.com\\\/wp-content\\\/uploads\\\/2024\\\/08\\\/8482052.jpg\",\"articleSection\":[\"Actualit\u00e9s du Jour\"],\"inLanguage\":\"fr-FR\",\"potentialAction\":[{\"@type\":\"CommentAction\",\"name\":\"Comment\",\"target\":[\"https:\\\/\\\/adf-magazine.com\\\/fr\\\/2024\\\/08\\\/les-etats-unis-transferent-la-base-dagadez-alors-que-leur-retrait-du-niger-est-sur-le-point-de-sachever\\\/#respond\"]}]},{\"@type\":\"WebPage\",\"@id\":\"https:\\\/\\\/adf-magazine.com\\\/fr\\\/2024\\\/08\\\/les-etats-unis-transferent-la-base-dagadez-alors-que-leur-retrait-du-niger-est-sur-le-point-de-sachever\\\/\",\"url\":\"https:\\\/\\\/adf-magazine.com\\\/fr\\\/2024\\\/08\\\/les-etats-unis-transferent-la-base-dagadez-alors-que-leur-retrait-du-niger-est-sur-le-point-de-sachever\\\/\",\"name\":\"Les \u00c9tats-Unis transf\u00e8rent la base d\u2019Agadez alors que leur retrait du Niger est sur le point de s\u2019achever - Africa Defense Forum\",\"isPartOf\":{\"@id\":\"https:\\\/\\\/adf-magazine.com\\\/#website\"},\"primaryImageOfPage\":{\"@id\":\"https:\\\/\\\/adf-magazine.com\\\/fr\\\/2024\\\/08\\\/les-etats-unis-transferent-la-base-dagadez-alors-que-leur-retrait-du-niger-est-sur-le-point-de-sachever\\\/#primaryimage\"},\"image\":{\"@id\":\"https:\\\/\\\/adf-magazine.com\\\/fr\\\/2024\\\/08\\\/les-etats-unis-transferent-la-base-dagadez-alors-que-leur-retrait-du-niger-est-sur-le-point-de-sachever\\\/#primaryimage\"},\"thumbnailUrl\":\"https:\\\/\\\/adf-magazine.com\\\/wp-content\\\/uploads\\\/2024\\\/08\\\/8482052.jpg\",\"datePublished\":\"2024-08-06T13:32:34+00:00\",\"dateModified\":\"2024-08-06T13:32:53+00:00\",\"author\":{\"@id\":\"https:\\\/\\\/adf-magazine.com\\\/#\\\/schema\\\/person\\\/f266a6061389568b5a11465bb38bc025\"},\"breadcrumb\":{\"@id\":\"https:\\\/\\\/adf-magazine.com\\\/fr\\\/2024\\\/08\\\/les-etats-unis-transferent-la-base-dagadez-alors-que-leur-retrait-du-niger-est-sur-le-point-de-sachever\\\/#breadcrumb\"},\"inLanguage\":\"fr-FR\",\"potentialAction\":[{\"@type\":\"ReadAction\",\"target\":[\"https:\\\/\\\/adf-magazine.com\\\/fr\\\/2024\\\/08\\\/les-etats-unis-transferent-la-base-dagadez-alors-que-leur-retrait-du-niger-est-sur-le-point-de-sachever\\\/\"]}]},{\"@type\":\"ImageObject\",\"inLanguage\":\"fr-FR\",\"@id\":\"https:\\\/\\\/adf-magazine.com\\\/fr\\\/2024\\\/08\\\/les-etats-unis-transferent-la-base-dagadez-alors-que-leur-retrait-du-niger-est-sur-le-point-de-sachever\\\/#primaryimage\",\"url\":\"https:\\\/\\\/adf-magazine.com\\\/wp-content\\\/uploads\\\/2024\\\/08\\\/8482052.jpg\",\"contentUrl\":\"https:\\\/\\\/adf-magazine.com\\\/wp-content\\\/uploads\\\/2024\\\/08\\\/8482052.jpg\",\"width\":1080,\"height\":663,\"caption\":\"Le major-g\u00e9n\u00e9ral Kenneth Ekman, chef de l\u2019\u00e9l\u00e9ment de coordination d\u2019Afrique de l\u2019Ouest du d\u00e9partement de la D\u00e9fense des \u00c9tats-Unis, rattach\u00e9 \u00e0 l\u2019\u00e9tat-major unifi\u00e9 des \u00c9tats-Unis pour l\u2019Afrique, parle aux soldats \u00e0 la base a\u00e9rienne 101 de Niamey (Niger). SERGENT CHRISTOPHER DYER\\\/ARM\u00c9E DE L\u2019AIR DES \u00c9TATS-UNIS\"},{\"@type\":\"BreadcrumbList\",\"@id\":\"https:\\\/\\\/adf-magazine.com\\\/fr\\\/2024\\\/08\\\/les-etats-unis-transferent-la-base-dagadez-alors-que-leur-retrait-du-niger-est-sur-le-point-de-sachever\\\/#breadcrumb\",\"itemListElement\":[{\"@type\":\"ListItem\",\"position\":1,\"name\":\"page d\u2019accueil\",\"item\":\"https:\\\/\\\/adf-magazine.com\\\/\"},{\"@type\":\"ListItem\",\"position\":2,\"name\":\"Les \u00c9tats-Unis transf\u00e8rent la base d\u2019Agadez alors que leur retrait du Niger est sur le point de s\u2019achever\"}]},{\"@type\":\"WebSite\",\"@id\":\"https:\\\/\\\/adf-magazine.com\\\/#website\",\"url\":\"https:\\\/\\\/adf-magazine.com\\\/\",\"name\":\"Africa Defense Forum\",\"description\":\"Africa Defense Forum\",\"potentialAction\":[{\"@type\":\"SearchAction\",\"target\":{\"@type\":\"EntryPoint\",\"urlTemplate\":\"https:\\\/\\\/adf-magazine.com\\\/?s={search_term_string}\"},\"query-input\":{\"@type\":\"PropertyValueSpecification\",\"valueRequired\":true,\"valueName\":\"search_term_string\"}}],\"inLanguage\":\"fr-FR\"},{\"@type\":\"Person\",\"@id\":\"https:\\\/\\\/adf-magazine.com\\\/#\\\/schema\\\/person\\\/f266a6061389568b5a11465bb38bc025\",\"name\":\"ADF\",\"image\":{\"@type\":\"ImageObject\",\"inLanguage\":\"fr-FR\",\"@id\":\"https:\\\/\\\/adf-magazine.com\\\/wp-content\\\/uploads\\\/2020\\\/05\\\/cropped-ADF_icon.jpg\",\"url\":\"https:\\\/\\\/adf-magazine.com\\\/wp-content\\\/uploads\\\/2020\\\/05\\\/cropped-ADF_icon.jpg\",\"contentUrl\":\"https:\\\/\\\/adf-magazine.com\\\/wp-content\\\/uploads\\\/2020\\\/05\\\/cropped-ADF_icon.jpg\",\"caption\":\"ADF\"},\"description\":\"ADF is a professional military magazine published quarterly by U.S. Africa Command to provide an international forum for African security professionals. ADF covers topics such as counter terrorism strategies, security and defense operations, transnational crime, and all other issues affecting peace, stability, and good governance on the African continent.\",\"sameAs\":[\"https:\\\/\\\/x.com\\\/ADFmagazine\"],\"url\":\"https:\\\/\\\/adf-magazine.com\\\/fr\\\/author\\\/adf\\\/\"}]}<\/script>\n<!-- \/ Yoast SEO plugin. -->","yoast_head_json":{"title":"Les \u00c9tats-Unis transf\u00e8rent la base d\u2019Agadez alors que leur retrait du Niger est sur le point de s\u2019achever - Africa Defense Forum","robots":{"index":"index","follow":"follow","max-snippet":"max-snippet:-1","max-image-preview":"max-image-preview:large","max-video-preview":"max-video-preview:-1"},"canonical":"https:\/\/adf-magazine.com\/fr\/2024\/08\/les-etats-unis-transferent-la-base-dagadez-alors-que-leur-retrait-du-niger-est-sur-le-point-de-sachever\/","og_locale":"fr_FR","og_type":"article","og_title":"Les \u00c9tats-Unis transf\u00e8rent la base d\u2019Agadez alors que leur retrait du Niger est sur le point de s\u2019achever - Africa Defense Forum","og_description":"PERSONNEL D\u2019ADF Les \u00c9tats-Unis sont sur la bonne voie pour retirer leurs forces du Niger avec plus d\u2019un mois d\u2019avance. Le d\u00e9part qui avait commenc\u00e9 avec une demande t\u00e9l\u00e9vis\u00e9e de la part de la junte nig\u00e9rienne au pouvoir en mars dernier et s\u2019\u00e9tait poursuivi par la signature des conditions du retrait le 19 mai prend","og_url":"https:\/\/adf-magazine.com\/fr\/2024\/08\/les-etats-unis-transferent-la-base-dagadez-alors-que-leur-retrait-du-niger-est-sur-le-point-de-sachever\/","og_site_name":"Africa Defense Forum","article_publisher":"https:\/\/www.facebook.com\/ADFmagazine\/","article_published_time":"2024-08-06T13:32:34+00:00","article_modified_time":"2024-08-06T13:32:53+00:00","og_image":[{"width":1080,"height":663,"url":"https:\/\/adf-magazine.com\/wp-content\/uploads\/2024\/08\/8482052.jpg","type":"image\/jpeg"}],"author":"ADF","twitter_card":"summary_large_image","twitter_creator":"@ADFmagazine","twitter_site":"@ADFmagazine","twitter_misc":{"\u00c9crit par":"ADF","Dur\u00e9e de lecture estim\u00e9e":"5 minutes"},"schema":{"@context":"https:\/\/schema.org","@graph":[{"@type":"Article","@id":"https:\/\/adf-magazine.com\/fr\/2024\/08\/les-etats-unis-transferent-la-base-dagadez-alors-que-leur-retrait-du-niger-est-sur-le-point-de-sachever\/#article","isPartOf":{"@id":"https:\/\/adf-magazine.com\/fr\/2024\/08\/les-etats-unis-transferent-la-base-dagadez-alors-que-leur-retrait-du-niger-est-sur-le-point-de-sachever\/"},"author":{"name":"ADF","@id":"https:\/\/adf-magazine.com\/#\/schema\/person\/f266a6061389568b5a11465bb38bc025"},"headline":"Les \u00c9tats-Unis transf\u00e8rent la base d\u2019Agadez alors que leur retrait du Niger est sur le point de s\u2019achever","datePublished":"2024-08-06T13:32:34+00:00","dateModified":"2024-08-06T13:32:53+00:00","mainEntityOfPage":{"@id":"https:\/\/adf-magazine.com\/fr\/2024\/08\/les-etats-unis-transferent-la-base-dagadez-alors-que-leur-retrait-du-niger-est-sur-le-point-de-sachever\/"},"wordCount":972,"commentCount":0,"image":{"@id":"https:\/\/adf-magazine.com\/fr\/2024\/08\/les-etats-unis-transferent-la-base-dagadez-alors-que-leur-retrait-du-niger-est-sur-le-point-de-sachever\/#primaryimage"},"thumbnailUrl":"https:\/\/adf-magazine.com\/wp-content\/uploads\/2024\/08\/8482052.jpg","articleSection":["Actualit\u00e9s du Jour"],"inLanguage":"fr-FR","potentialAction":[{"@type":"CommentAction","name":"Comment","target":["https:\/\/adf-magazine.com\/fr\/2024\/08\/les-etats-unis-transferent-la-base-dagadez-alors-que-leur-retrait-du-niger-est-sur-le-point-de-sachever\/#respond"]}]},{"@type":"WebPage","@id":"https:\/\/adf-magazine.com\/fr\/2024\/08\/les-etats-unis-transferent-la-base-dagadez-alors-que-leur-retrait-du-niger-est-sur-le-point-de-sachever\/","url":"https:\/\/adf-magazine.com\/fr\/2024\/08\/les-etats-unis-transferent-la-base-dagadez-alors-que-leur-retrait-du-niger-est-sur-le-point-de-sachever\/","name":"Les \u00c9tats-Unis transf\u00e8rent la base d\u2019Agadez alors que leur retrait du Niger est sur le point de s\u2019achever - Africa Defense Forum","isPartOf":{"@id":"https:\/\/adf-magazine.com\/#website"},"primaryImageOfPage":{"@id":"https:\/\/adf-magazine.com\/fr\/2024\/08\/les-etats-unis-transferent-la-base-dagadez-alors-que-leur-retrait-du-niger-est-sur-le-point-de-sachever\/#primaryimage"},"image":{"@id":"https:\/\/adf-magazine.com\/fr\/2024\/08\/les-etats-unis-transferent-la-base-dagadez-alors-que-leur-retrait-du-niger-est-sur-le-point-de-sachever\/#primaryimage"},"thumbnailUrl":"https:\/\/adf-magazine.com\/wp-content\/uploads\/2024\/08\/8482052.jpg","datePublished":"2024-08-06T13:32:34+00:00","dateModified":"2024-08-06T13:32:53+00:00","author":{"@id":"https:\/\/adf-magazine.com\/#\/schema\/person\/f266a6061389568b5a11465bb38bc025"},"breadcrumb":{"@id":"https:\/\/adf-magazine.com\/fr\/2024\/08\/les-etats-unis-transferent-la-base-dagadez-alors-que-leur-retrait-du-niger-est-sur-le-point-de-sachever\/#breadcrumb"},"inLanguage":"fr-FR","potentialAction":[{"@type":"ReadAction","target":["https:\/\/adf-magazine.com\/fr\/2024\/08\/les-etats-unis-transferent-la-base-dagadez-alors-que-leur-retrait-du-niger-est-sur-le-point-de-sachever\/"]}]},{"@type":"ImageObject","inLanguage":"fr-FR","@id":"https:\/\/adf-magazine.com\/fr\/2024\/08\/les-etats-unis-transferent-la-base-dagadez-alors-que-leur-retrait-du-niger-est-sur-le-point-de-sachever\/#primaryimage","url":"https:\/\/adf-magazine.com\/wp-content\/uploads\/2024\/08\/8482052.jpg","contentUrl":"https:\/\/adf-magazine.com\/wp-content\/uploads\/2024\/08\/8482052.jpg","width":1080,"height":663,"caption":"Le major-g\u00e9n\u00e9ral Kenneth Ekman, chef de l\u2019\u00e9l\u00e9ment de coordination d\u2019Afrique de l\u2019Ouest du d\u00e9partement de la D\u00e9fense des \u00c9tats-Unis, rattach\u00e9 \u00e0 l\u2019\u00e9tat-major unifi\u00e9 des \u00c9tats-Unis pour l\u2019Afrique, parle aux soldats \u00e0 la base a\u00e9rienne 101 de Niamey (Niger). SERGENT CHRISTOPHER DYER\/ARM\u00c9E DE L\u2019AIR DES \u00c9TATS-UNIS"},{"@type":"BreadcrumbList","@id":"https:\/\/adf-magazine.com\/fr\/2024\/08\/les-etats-unis-transferent-la-base-dagadez-alors-que-leur-retrait-du-niger-est-sur-le-point-de-sachever\/#breadcrumb","itemListElement":[{"@type":"ListItem","position":1,"name":"page d\u2019accueil","item":"https:\/\/adf-magazine.com\/"},{"@type":"ListItem","position":2,"name":"Les \u00c9tats-Unis transf\u00e8rent la base d\u2019Agadez alors que leur retrait du Niger est sur le point de s\u2019achever"}]},{"@type":"WebSite","@id":"https:\/\/adf-magazine.com\/#website","url":"https:\/\/adf-magazine.com\/","name":"Africa Defense Forum","description":"Africa Defense Forum","potentialAction":[{"@type":"SearchAction","target":{"@type":"EntryPoint","urlTemplate":"https:\/\/adf-magazine.com\/?s={search_term_string}"},"query-input":{"@type":"PropertyValueSpecification","valueRequired":true,"valueName":"search_term_string"}}],"inLanguage":"fr-FR"},{"@type":"Person","@id":"https:\/\/adf-magazine.com\/#\/schema\/person\/f266a6061389568b5a11465bb38bc025","name":"ADF","image":{"@type":"ImageObject","inLanguage":"fr-FR","@id":"https:\/\/adf-magazine.com\/wp-content\/uploads\/2020\/05\/cropped-ADF_icon.jpg","url":"https:\/\/adf-magazine.com\/wp-content\/uploads\/2020\/05\/cropped-ADF_icon.jpg","contentUrl":"https:\/\/adf-magazine.com\/wp-content\/uploads\/2020\/05\/cropped-ADF_icon.jpg","caption":"ADF"},"description":"ADF is a professional military magazine published quarterly by U.S. Africa Command to provide an international forum for African security professionals. ADF covers topics such as counter terrorism strategies, security and defense operations, transnational crime, and all other issues affecting peace, stability, and good governance on the African continent.","sameAs":["https:\/\/x.com\/ADFmagazine"],"url":"https:\/\/adf-magazine.com\/fr\/author\/adf\/"}]}},"_links":{"self":[{"href":"https:\/\/adf-magazine.com\/fr\/wp-json\/wp\/v2\/posts\/116654","targetHints":{"allow":["GET"]}}],"collection":[{"href":"https:\/\/adf-magazine.com\/fr\/wp-json\/wp\/v2\/posts"}],"about":[{"href":"https:\/\/adf-magazine.com\/fr\/wp-json\/wp\/v2\/types\/post"}],"author":[{"embeddable":true,"href":"https:\/\/adf-magazine.com\/fr\/wp-json\/wp\/v2\/users\/1"}],"replies":[{"embeddable":true,"href":"https:\/\/adf-magazine.com\/fr\/wp-json\/wp\/v2\/comments?post=116654"}],"version-history":[{"count":0,"href":"https:\/\/adf-magazine.com\/fr\/wp-json\/wp\/v2\/posts\/116654\/revisions"}],"wp:featuredmedia":[{"embeddable":true,"href":"https:\/\/adf-magazine.com\/fr\/wp-json\/wp\/v2\/media\/116647"}],"wp:attachment":[{"href":"https:\/\/adf-magazine.com\/fr\/wp-json\/wp\/v2\/media?parent=116654"}],"wp:term":[{"taxonomy":"category","embeddable":true,"href":"https:\/\/adf-magazine.com\/fr\/wp-json\/wp\/v2\/categories?post=116654"},{"taxonomy":"post_tag","embeddable":true,"href":"https:\/\/adf-magazine.com\/fr\/wp-json\/wp\/v2\/tags?post=116654"}],"curies":[{"name":"wp","href":"https:\/\/api.w.org\/{rel}","templated":true}]}}