{"id":115222,"date":"2024-06-18T14:23:50","date_gmt":"2024-06-18T18:23:50","guid":{"rendered":"https:\/\/adf-magazine.com\/?p=115222"},"modified":"2024-06-18T14:24:28","modified_gmt":"2024-06-18T18:24:28","slug":"le-conflit-au-soudan-cree-un-vide-du-pouvoir-al-qaida-est-impatient-de-le-combler","status":"publish","type":"post","link":"https:\/\/adf-magazine.com\/fr\/2024\/06\/le-conflit-au-soudan-cree-un-vide-du-pouvoir-al-qaida-est-impatient-de-le-combler\/","title":{"rendered":"Le conflit au Soudan cr\u00e9e un vide du pouvoir ; Al-Qa\u00efda est impatient de le combler"},"content":{"rendered":"<p style=\"font-weight: 400;\">PERSONNEL D\u2019ADF<\/p>\n<p style=\"font-weight: 400;\">Presque quinze mois de chaos et de guerre ont pr\u00e9par\u00e9 le Soudan \u00e0 un retour potentiel d\u2019Al-Qa\u00efda, au moment o\u00f9 ce r\u00e9seau terroriste cherche \u00e0 renforcer ses bases au Sahel et \u00e0 lancer des attaques contre les navires sur la mer Rouge, selon des experts.<\/p>\n<p style=\"font-weight: 400;\">\u00ab\u00a0Le risque repr\u00e9sent\u00e9 par les progr\u00e8s d\u2019Al-Qa\u00efda au Soudan est r\u00e9el et met en p\u00e9ril non seulement le pays mais aussi la s\u00e9curit\u00e9 r\u00e9gionale et peut-\u00eatre mondiale\u00a0\u00bb, a r\u00e9cemment \u00e9crit l\u2019analyste Maria Zupello sur Substack.<\/p>\n<p style=\"font-weight: 400;\">Selon Hafed Al-Ghwell, chercheur principal de la Johns Hopkins School of Advanced International Studies, la combinaison soudanaise d\u2019ins\u00e9curit\u00e9, de d\u00e9tresse \u00e9conomique, de troubles sociaux et d\u2019instabilit\u00e9 chez ses voisins fournit les ingr\u00e9dients pour la mont\u00e9e des extr\u00e9mistes dans le pays.<\/p>\n<p style=\"font-weight: 400;\">\u00ab\u00a0Les fronti\u00e8res communes avec la Libye, le Tchad et la Somalie, o\u00f9 des groupes extr\u00e9mistes violents continuent \u00e0 \u00eatre actifs, la porosit\u00e9 des fronti\u00e8res et la faiblesse de l\u2019infrastructure s\u00e9curitaire dans la r\u00e9gion cr\u00e9ent des conditions parfaites pour la relocalisation des terroristes, lesquels vont amener des armes, des produits de contrebande et autres articles illicites\u00a0\u00bb, \u00e9crit Hafed Al-Ghwell dans Arab News.<\/p>\n<p style=\"font-weight: 400;\">Une cause principale de l\u2019instabilit\u00e9 au Soudan est le vide du pouvoir cr\u00e9\u00e9 par la lutte entre les Forces arm\u00e9es soudanaises (SAF) dirig\u00e9es par le g\u00e9n\u00e9ral Abdel Fattah al-Burhan et les Forces de soutien rapide (RSF) du g\u00e9n\u00e9ral Mohamed Hamdan Dogolo alias \u00ab\u00a0Hemeti\u00a0\u00bb, depuis avril 2023.<\/p>\n<p style=\"font-weight: 400;\">Le si\u00e8ge d\u2019Al-Qa\u00efda \u00e9tait situ\u00e9 au Soudan entre 1991 et 1996 sous le r\u00e9gime du dictateur Omar el-Beshir, avant d\u2019\u00eatre forc\u00e9 \u00e0 partir. En 2006, l\u2019ex-dirigeant Oussama ben Laden qualifiait le Soudan de cl\u00e9 des op\u00e9rations internationales d\u2019Al-Qa\u00efda. Al-Qa\u00efda a maintenu des liens avec les RSF.<\/p>\n<p style=\"font-weight: 400;\">Avant m\u00eame l\u2019\u00e9ruption de violence entre les SAF et les RSF, l\u2019homme important d\u2019Al-Qa\u00efda Abu Hudhaifa al-Sudani avait publi\u00e9 en 2022 un livre de lettres de 83 pages, con\u00e7u selon lui pour \u00ab\u00a0semer les graines de la djihad\u00a0\u00bb au Soudan et guider les fid\u00e8les pour y r\u00e9tablir un bastion d\u2019Al-Qa\u00efda.<\/p>\n<p style=\"font-weight: 400;\">\u00ab\u00a0Bien qu\u2019il n\u2019ait pas en ce moment de pr\u00e9sence claire \u00e0 l\u2019int\u00e9rieur du Soudan, Al-Qa\u00efda cherche toujours le potentiel d\u2019avoir un tel r\u00e9seau en fournissant ce guide d\u00e9taill\u00e9 sur la fa\u00e7on de former un groupe, ainsi que de cultiver et maintenir un soutien populaire dans cette entreprise\u00a0\u00bb, \u00e9crit l\u2019analyste Caleb Weiss au sujet du manifeste de M.\u00a0al-Sudani.<\/p>\n<p style=\"font-weight: 400;\">En 2023, des groupes affili\u00e9s \u00e0 Al-Qa\u00efda ont lanc\u00e9 plus de 1.300\u00a0attaques terroristes dans le monde. Bien que plus d\u2019un millier de ces attaques aient \u00e9t\u00e9 conduites par les chebabs en Somalie et au Kenya, un Al-Qa\u00efda futur qui serait bas\u00e9 au Soudan pourrait devenir encore plus dangereux, selon le consensus des experts.<\/p>\n<p style=\"font-weight: 400;\">L\u2019instabilit\u00e9 en cours au Soudan a fait augmenter les chances de succ\u00e8s du manifeste de M.\u00a0al-Sudani, selon l\u2019analyste Sara Harmouch.<\/p>\n<p style=\"font-weight: 400;\">\u00ab\u00a0Le Soudan, qui forme une passerelle strat\u00e9gique entre l\u2019Afrique du Nord et l\u2019Afrique subsaharienne, a une position cl\u00e9 pour les extr\u00e9mistes islamistes visant \u00e0 \u00e9tendre leur influence dans la r\u00e9gion\u00a0\u00bb, a-t-elle \u00e9crit r\u00e9cemment dans The Conversation.<\/p>\n<p style=\"font-weight: 400;\">En plus de sa position, les riches ressources du Soudan, notamment son or et son p\u00e9trole, en font un lieu de choix pour les activit\u00e9s d\u2019Al-Qa\u00efda.<\/p>\n<p style=\"font-weight: 400;\">La vision de M.\u00a0al-Sudani pour Al-Qa\u00efda au Soudan fait appel \u00e0 un centre de commandement situ\u00e9 \u00e0 Khartoum qui superviserait les attaques militaires entre Dongola au Nord et le Darfour au Sud.<\/p>\n<p style=\"font-weight: 400;\">Une base d\u2019Al-Qa\u00efda au Soudan pourrait devenir le lien entre les affili\u00e9s du r\u00e9seau dans l\u2019Ouest du Sahel et au Y\u00e9men dans la p\u00e9ninsule arabe, et permettre au groupe de menacer la navigation sur la mer Rouge, selon Maria Zupello.<\/p>\n<p style=\"font-weight: 400;\">\u00ab\u00a0La r\u00e9surgence des capacit\u00e9s d\u2019Al-Qa\u00efda pourrait conduire \u00e0 une augmentation de la piraterie, des blocus militaris\u00e9s et des flux d\u2019armes non contr\u00f4l\u00e9s, ce qui intensifierait les tensions r\u00e9gionales et provoquerait des troubles g\u00e9opolitiques \u00e0 une \u00e9chelle plus vaste\u00a0\u00bb, \u00e9crit-elle.<\/p>\n","protected":false},"excerpt":{"rendered":"<p>PERSONNEL D\u2019ADF Presque quinze mois de chaos et de guerre ont pr\u00e9par\u00e9 le Soudan \u00e0 un retour potentiel d\u2019Al-Qa\u00efda, au moment o\u00f9 ce r\u00e9seau terroriste cherche \u00e0 renforcer ses bases au Sahel et \u00e0 lancer des attaques contre les navires sur la mer Rouge, selon des experts. \u00ab\u00a0Le risque repr\u00e9sent\u00e9 par les progr\u00e8s d\u2019Al-Qa\u00efda au<\/p>\n","protected":false},"author":1,"featured_media":115215,"comment_status":"open","ping_status":"closed","sticky":false,"template":"","format":"standard","meta":{"_acf_changed":false,"_monsterinsights_skip_tracking":false,"_monsterinsights_sitenote_active":false,"_monsterinsights_sitenote_note":"","_monsterinsights_sitenote_category":0,"_uf_show_specific_survey":0,"_uf_disable_surveys":false,"footnotes":""},"categories":[331],"tags":[1284,1295,1182,1181,1282],"class_list":{"0":"post-115222","1":"post","2":"type-post","3":"status-publish","4":"format-standard","5":"has-post-thumbnail","7":"category-dernieres-nouvelles","8":"tag-al-qaida","9":"tag-civil-war-fr","10":"tag-coups-fr","11":"tag-sudan-fr","12":"tag-terrorism-fr"},"acf":[],"yoast_head":"<!-- This site is optimized with the Yoast SEO plugin v27.4 - https:\/\/yoast.com\/product\/yoast-seo-wordpress\/ -->\n<title>Le conflit au Soudan cr\u00e9e un vide du pouvoir ; Al-Qa\u00efda est impatient de le combler - Africa Defense Forum<\/title>\n<meta name=\"robots\" content=\"index, follow, max-snippet:-1, max-image-preview:large, max-video-preview:-1\" \/>\n<link rel=\"canonical\" href=\"https:\/\/adf-magazine.com\/fr\/2024\/06\/le-conflit-au-soudan-cree-un-vide-du-pouvoir-al-qaida-est-impatient-de-le-combler\/\" \/>\n<meta property=\"og:locale\" content=\"fr_FR\" \/>\n<meta property=\"og:type\" content=\"article\" \/>\n<meta property=\"og:title\" content=\"Le conflit au Soudan cr\u00e9e un vide du pouvoir ; Al-Qa\u00efda est impatient de le combler - Africa Defense Forum\" \/>\n<meta property=\"og:description\" content=\"PERSONNEL D\u2019ADF Presque quinze mois de chaos et de guerre ont pr\u00e9par\u00e9 le Soudan \u00e0 un retour potentiel d\u2019Al-Qa\u00efda, au moment o\u00f9 ce r\u00e9seau terroriste cherche \u00e0 renforcer ses bases au Sahel et \u00e0 lancer des attaques contre les navires sur la mer Rouge, selon des experts. \u00ab\u00a0Le risque repr\u00e9sent\u00e9 par les progr\u00e8s d\u2019Al-Qa\u00efda au\" \/>\n<meta property=\"og:url\" content=\"https:\/\/adf-magazine.com\/fr\/2024\/06\/le-conflit-au-soudan-cree-un-vide-du-pouvoir-al-qaida-est-impatient-de-le-combler\/\" \/>\n<meta property=\"og:site_name\" content=\"Africa Defense Forum\" \/>\n<meta property=\"article:publisher\" content=\"https:\/\/www.facebook.com\/ADFmagazine\/\" \/>\n<meta property=\"article:published_time\" content=\"2024-06-18T18:23:50+00:00\" \/>\n<meta property=\"article:modified_time\" content=\"2024-06-18T18:24:28+00:00\" \/>\n<meta property=\"og:image\" content=\"https:\/\/adf-magazine.com\/wp-content\/uploads\/2024\/06\/GettyImages-2153402158.jpg\" \/>\n\t<meta property=\"og:image:width\" content=\"1024\" \/>\n\t<meta property=\"og:image:height\" content=\"683\" \/>\n\t<meta property=\"og:image:type\" content=\"image\/jpeg\" \/>\n<meta name=\"author\" content=\"ADF\" \/>\n<meta name=\"twitter:card\" content=\"summary_large_image\" \/>\n<meta name=\"twitter:creator\" content=\"@ADFmagazine\" \/>\n<meta name=\"twitter:site\" content=\"@ADFmagazine\" \/>\n<meta name=\"twitter:label1\" content=\"\u00c9crit par\" \/>\n\t<meta name=\"twitter:data1\" content=\"ADF\" \/>\n\t<meta name=\"twitter:label2\" content=\"Dur\u00e9e de lecture estim\u00e9e\" \/>\n\t<meta name=\"twitter:data2\" content=\"4 minutes\" \/>\n<script type=\"application\/ld+json\" class=\"yoast-schema-graph\">{\"@context\":\"https:\\\/\\\/schema.org\",\"@graph\":[{\"@type\":\"Article\",\"@id\":\"https:\\\/\\\/adf-magazine.com\\\/fr\\\/2024\\\/06\\\/le-conflit-au-soudan-cree-un-vide-du-pouvoir-al-qaida-est-impatient-de-le-combler\\\/#article\",\"isPartOf\":{\"@id\":\"https:\\\/\\\/adf-magazine.com\\\/fr\\\/2024\\\/06\\\/le-conflit-au-soudan-cree-un-vide-du-pouvoir-al-qaida-est-impatient-de-le-combler\\\/\"},\"author\":{\"name\":\"ADF\",\"@id\":\"https:\\\/\\\/adf-magazine.com\\\/#\\\/schema\\\/person\\\/f266a6061389568b5a11465bb38bc025\"},\"headline\":\"Le conflit au Soudan cr\u00e9e un vide du pouvoir ; Al-Qa\u00efda est impatient de le combler\",\"datePublished\":\"2024-06-18T18:23:50+00:00\",\"dateModified\":\"2024-06-18T18:24:28+00:00\",\"mainEntityOfPage\":{\"@id\":\"https:\\\/\\\/adf-magazine.com\\\/fr\\\/2024\\\/06\\\/le-conflit-au-soudan-cree-un-vide-du-pouvoir-al-qaida-est-impatient-de-le-combler\\\/\"},\"wordCount\":732,\"commentCount\":0,\"image\":{\"@id\":\"https:\\\/\\\/adf-magazine.com\\\/fr\\\/2024\\\/06\\\/le-conflit-au-soudan-cree-un-vide-du-pouvoir-al-qaida-est-impatient-de-le-combler\\\/#primaryimage\"},\"thumbnailUrl\":\"https:\\\/\\\/adf-magazine.com\\\/wp-content\\\/uploads\\\/2024\\\/06\\\/GettyImages-2153402158.jpg\",\"keywords\":[\"Al-Qa\u00efda\",\"civil war\",\"coups\",\"Sudan\",\"Terrorism\"],\"articleSection\":[\"Actualit\u00e9s du Jour\"],\"inLanguage\":\"fr-FR\",\"potentialAction\":[{\"@type\":\"CommentAction\",\"name\":\"Comment\",\"target\":[\"https:\\\/\\\/adf-magazine.com\\\/fr\\\/2024\\\/06\\\/le-conflit-au-soudan-cree-un-vide-du-pouvoir-al-qaida-est-impatient-de-le-combler\\\/#respond\"]}]},{\"@type\":\"WebPage\",\"@id\":\"https:\\\/\\\/adf-magazine.com\\\/fr\\\/2024\\\/06\\\/le-conflit-au-soudan-cree-un-vide-du-pouvoir-al-qaida-est-impatient-de-le-combler\\\/\",\"url\":\"https:\\\/\\\/adf-magazine.com\\\/fr\\\/2024\\\/06\\\/le-conflit-au-soudan-cree-un-vide-du-pouvoir-al-qaida-est-impatient-de-le-combler\\\/\",\"name\":\"Le conflit au Soudan cr\u00e9e un vide du pouvoir ; Al-Qa\u00efda est impatient de le combler - Africa Defense Forum\",\"isPartOf\":{\"@id\":\"https:\\\/\\\/adf-magazine.com\\\/#website\"},\"primaryImageOfPage\":{\"@id\":\"https:\\\/\\\/adf-magazine.com\\\/fr\\\/2024\\\/06\\\/le-conflit-au-soudan-cree-un-vide-du-pouvoir-al-qaida-est-impatient-de-le-combler\\\/#primaryimage\"},\"image\":{\"@id\":\"https:\\\/\\\/adf-magazine.com\\\/fr\\\/2024\\\/06\\\/le-conflit-au-soudan-cree-un-vide-du-pouvoir-al-qaida-est-impatient-de-le-combler\\\/#primaryimage\"},\"thumbnailUrl\":\"https:\\\/\\\/adf-magazine.com\\\/wp-content\\\/uploads\\\/2024\\\/06\\\/GettyImages-2153402158.jpg\",\"datePublished\":\"2024-06-18T18:23:50+00:00\",\"dateModified\":\"2024-06-18T18:24:28+00:00\",\"author\":{\"@id\":\"https:\\\/\\\/adf-magazine.com\\\/#\\\/schema\\\/person\\\/f266a6061389568b5a11465bb38bc025\"},\"breadcrumb\":{\"@id\":\"https:\\\/\\\/adf-magazine.com\\\/fr\\\/2024\\\/06\\\/le-conflit-au-soudan-cree-un-vide-du-pouvoir-al-qaida-est-impatient-de-le-combler\\\/#breadcrumb\"},\"inLanguage\":\"fr-FR\",\"potentialAction\":[{\"@type\":\"ReadAction\",\"target\":[\"https:\\\/\\\/adf-magazine.com\\\/fr\\\/2024\\\/06\\\/le-conflit-au-soudan-cree-un-vide-du-pouvoir-al-qaida-est-impatient-de-le-combler\\\/\"]}]},{\"@type\":\"ImageObject\",\"inLanguage\":\"fr-FR\",\"@id\":\"https:\\\/\\\/adf-magazine.com\\\/fr\\\/2024\\\/06\\\/le-conflit-au-soudan-cree-un-vide-du-pouvoir-al-qaida-est-impatient-de-le-combler\\\/#primaryimage\",\"url\":\"https:\\\/\\\/adf-magazine.com\\\/wp-content\\\/uploads\\\/2024\\\/06\\\/GettyImages-2153402158.jpg\",\"contentUrl\":\"https:\\\/\\\/adf-magazine.com\\\/wp-content\\\/uploads\\\/2024\\\/06\\\/GettyImages-2153402158.jpg\",\"width\":1024,\"height\":683,\"caption\":\"Les terroristes d\u2019Al-Qa\u00efda essaient de tirer profit de la guerre civile au Soudan pour \u00e9tablir \u00e0 nouveau une base dans le pays. AFP\\\/GETTY IMAGES\"},{\"@type\":\"BreadcrumbList\",\"@id\":\"https:\\\/\\\/adf-magazine.com\\\/fr\\\/2024\\\/06\\\/le-conflit-au-soudan-cree-un-vide-du-pouvoir-al-qaida-est-impatient-de-le-combler\\\/#breadcrumb\",\"itemListElement\":[{\"@type\":\"ListItem\",\"position\":1,\"name\":\"page d\u2019accueil\",\"item\":\"https:\\\/\\\/adf-magazine.com\\\/\"},{\"@type\":\"ListItem\",\"position\":2,\"name\":\"Le conflit au Soudan cr\u00e9e un vide du pouvoir ; Al-Qa\u00efda est impatient de le combler\"}]},{\"@type\":\"WebSite\",\"@id\":\"https:\\\/\\\/adf-magazine.com\\\/#website\",\"url\":\"https:\\\/\\\/adf-magazine.com\\\/\",\"name\":\"Africa Defense Forum\",\"description\":\"Africa Defense Forum\",\"potentialAction\":[{\"@type\":\"SearchAction\",\"target\":{\"@type\":\"EntryPoint\",\"urlTemplate\":\"https:\\\/\\\/adf-magazine.com\\\/?s={search_term_string}\"},\"query-input\":{\"@type\":\"PropertyValueSpecification\",\"valueRequired\":true,\"valueName\":\"search_term_string\"}}],\"inLanguage\":\"fr-FR\"},{\"@type\":\"Person\",\"@id\":\"https:\\\/\\\/adf-magazine.com\\\/#\\\/schema\\\/person\\\/f266a6061389568b5a11465bb38bc025\",\"name\":\"ADF\",\"image\":{\"@type\":\"ImageObject\",\"inLanguage\":\"fr-FR\",\"@id\":\"https:\\\/\\\/adf-magazine.com\\\/wp-content\\\/uploads\\\/2020\\\/05\\\/cropped-ADF_icon.jpg\",\"url\":\"https:\\\/\\\/adf-magazine.com\\\/wp-content\\\/uploads\\\/2020\\\/05\\\/cropped-ADF_icon.jpg\",\"contentUrl\":\"https:\\\/\\\/adf-magazine.com\\\/wp-content\\\/uploads\\\/2020\\\/05\\\/cropped-ADF_icon.jpg\",\"caption\":\"ADF\"},\"description\":\"ADF is a professional military magazine published quarterly by U.S. Africa Command to provide an international forum for African security professionals. ADF covers topics such as counter terrorism strategies, security and defense operations, transnational crime, and all other issues affecting peace, stability, and good governance on the African continent.\",\"sameAs\":[\"https:\\\/\\\/x.com\\\/ADFmagazine\"],\"url\":\"https:\\\/\\\/adf-magazine.com\\\/fr\\\/author\\\/adf\\\/\"}]}<\/script>\n<!-- \/ Yoast SEO plugin. -->","yoast_head_json":{"title":"Le conflit au Soudan cr\u00e9e un vide du pouvoir ; Al-Qa\u00efda est impatient de le combler - Africa Defense Forum","robots":{"index":"index","follow":"follow","max-snippet":"max-snippet:-1","max-image-preview":"max-image-preview:large","max-video-preview":"max-video-preview:-1"},"canonical":"https:\/\/adf-magazine.com\/fr\/2024\/06\/le-conflit-au-soudan-cree-un-vide-du-pouvoir-al-qaida-est-impatient-de-le-combler\/","og_locale":"fr_FR","og_type":"article","og_title":"Le conflit au Soudan cr\u00e9e un vide du pouvoir ; Al-Qa\u00efda est impatient de le combler - Africa Defense Forum","og_description":"PERSONNEL D\u2019ADF Presque quinze mois de chaos et de guerre ont pr\u00e9par\u00e9 le Soudan \u00e0 un retour potentiel d\u2019Al-Qa\u00efda, au moment o\u00f9 ce r\u00e9seau terroriste cherche \u00e0 renforcer ses bases au Sahel et \u00e0 lancer des attaques contre les navires sur la mer Rouge, selon des experts. \u00ab\u00a0Le risque repr\u00e9sent\u00e9 par les progr\u00e8s d\u2019Al-Qa\u00efda au","og_url":"https:\/\/adf-magazine.com\/fr\/2024\/06\/le-conflit-au-soudan-cree-un-vide-du-pouvoir-al-qaida-est-impatient-de-le-combler\/","og_site_name":"Africa Defense Forum","article_publisher":"https:\/\/www.facebook.com\/ADFmagazine\/","article_published_time":"2024-06-18T18:23:50+00:00","article_modified_time":"2024-06-18T18:24:28+00:00","og_image":[{"width":1024,"height":683,"url":"https:\/\/adf-magazine.com\/wp-content\/uploads\/2024\/06\/GettyImages-2153402158.jpg","type":"image\/jpeg"}],"author":"ADF","twitter_card":"summary_large_image","twitter_creator":"@ADFmagazine","twitter_site":"@ADFmagazine","twitter_misc":{"\u00c9crit par":"ADF","Dur\u00e9e de lecture estim\u00e9e":"4 minutes"},"schema":{"@context":"https:\/\/schema.org","@graph":[{"@type":"Article","@id":"https:\/\/adf-magazine.com\/fr\/2024\/06\/le-conflit-au-soudan-cree-un-vide-du-pouvoir-al-qaida-est-impatient-de-le-combler\/#article","isPartOf":{"@id":"https:\/\/adf-magazine.com\/fr\/2024\/06\/le-conflit-au-soudan-cree-un-vide-du-pouvoir-al-qaida-est-impatient-de-le-combler\/"},"author":{"name":"ADF","@id":"https:\/\/adf-magazine.com\/#\/schema\/person\/f266a6061389568b5a11465bb38bc025"},"headline":"Le conflit au Soudan cr\u00e9e un vide du pouvoir ; Al-Qa\u00efda est impatient de le combler","datePublished":"2024-06-18T18:23:50+00:00","dateModified":"2024-06-18T18:24:28+00:00","mainEntityOfPage":{"@id":"https:\/\/adf-magazine.com\/fr\/2024\/06\/le-conflit-au-soudan-cree-un-vide-du-pouvoir-al-qaida-est-impatient-de-le-combler\/"},"wordCount":732,"commentCount":0,"image":{"@id":"https:\/\/adf-magazine.com\/fr\/2024\/06\/le-conflit-au-soudan-cree-un-vide-du-pouvoir-al-qaida-est-impatient-de-le-combler\/#primaryimage"},"thumbnailUrl":"https:\/\/adf-magazine.com\/wp-content\/uploads\/2024\/06\/GettyImages-2153402158.jpg","keywords":["Al-Qa\u00efda","civil war","coups","Sudan","Terrorism"],"articleSection":["Actualit\u00e9s du Jour"],"inLanguage":"fr-FR","potentialAction":[{"@type":"CommentAction","name":"Comment","target":["https:\/\/adf-magazine.com\/fr\/2024\/06\/le-conflit-au-soudan-cree-un-vide-du-pouvoir-al-qaida-est-impatient-de-le-combler\/#respond"]}]},{"@type":"WebPage","@id":"https:\/\/adf-magazine.com\/fr\/2024\/06\/le-conflit-au-soudan-cree-un-vide-du-pouvoir-al-qaida-est-impatient-de-le-combler\/","url":"https:\/\/adf-magazine.com\/fr\/2024\/06\/le-conflit-au-soudan-cree-un-vide-du-pouvoir-al-qaida-est-impatient-de-le-combler\/","name":"Le conflit au Soudan cr\u00e9e un vide du pouvoir ; Al-Qa\u00efda est impatient de le combler - Africa Defense Forum","isPartOf":{"@id":"https:\/\/adf-magazine.com\/#website"},"primaryImageOfPage":{"@id":"https:\/\/adf-magazine.com\/fr\/2024\/06\/le-conflit-au-soudan-cree-un-vide-du-pouvoir-al-qaida-est-impatient-de-le-combler\/#primaryimage"},"image":{"@id":"https:\/\/adf-magazine.com\/fr\/2024\/06\/le-conflit-au-soudan-cree-un-vide-du-pouvoir-al-qaida-est-impatient-de-le-combler\/#primaryimage"},"thumbnailUrl":"https:\/\/adf-magazine.com\/wp-content\/uploads\/2024\/06\/GettyImages-2153402158.jpg","datePublished":"2024-06-18T18:23:50+00:00","dateModified":"2024-06-18T18:24:28+00:00","author":{"@id":"https:\/\/adf-magazine.com\/#\/schema\/person\/f266a6061389568b5a11465bb38bc025"},"breadcrumb":{"@id":"https:\/\/adf-magazine.com\/fr\/2024\/06\/le-conflit-au-soudan-cree-un-vide-du-pouvoir-al-qaida-est-impatient-de-le-combler\/#breadcrumb"},"inLanguage":"fr-FR","potentialAction":[{"@type":"ReadAction","target":["https:\/\/adf-magazine.com\/fr\/2024\/06\/le-conflit-au-soudan-cree-un-vide-du-pouvoir-al-qaida-est-impatient-de-le-combler\/"]}]},{"@type":"ImageObject","inLanguage":"fr-FR","@id":"https:\/\/adf-magazine.com\/fr\/2024\/06\/le-conflit-au-soudan-cree-un-vide-du-pouvoir-al-qaida-est-impatient-de-le-combler\/#primaryimage","url":"https:\/\/adf-magazine.com\/wp-content\/uploads\/2024\/06\/GettyImages-2153402158.jpg","contentUrl":"https:\/\/adf-magazine.com\/wp-content\/uploads\/2024\/06\/GettyImages-2153402158.jpg","width":1024,"height":683,"caption":"Les terroristes d\u2019Al-Qa\u00efda essaient de tirer profit de la guerre civile au Soudan pour \u00e9tablir \u00e0 nouveau une base dans le pays. AFP\/GETTY IMAGES"},{"@type":"BreadcrumbList","@id":"https:\/\/adf-magazine.com\/fr\/2024\/06\/le-conflit-au-soudan-cree-un-vide-du-pouvoir-al-qaida-est-impatient-de-le-combler\/#breadcrumb","itemListElement":[{"@type":"ListItem","position":1,"name":"page d\u2019accueil","item":"https:\/\/adf-magazine.com\/"},{"@type":"ListItem","position":2,"name":"Le conflit au Soudan cr\u00e9e un vide du pouvoir ; Al-Qa\u00efda est impatient de le combler"}]},{"@type":"WebSite","@id":"https:\/\/adf-magazine.com\/#website","url":"https:\/\/adf-magazine.com\/","name":"Africa Defense Forum","description":"Africa Defense Forum","potentialAction":[{"@type":"SearchAction","target":{"@type":"EntryPoint","urlTemplate":"https:\/\/adf-magazine.com\/?s={search_term_string}"},"query-input":{"@type":"PropertyValueSpecification","valueRequired":true,"valueName":"search_term_string"}}],"inLanguage":"fr-FR"},{"@type":"Person","@id":"https:\/\/adf-magazine.com\/#\/schema\/person\/f266a6061389568b5a11465bb38bc025","name":"ADF","image":{"@type":"ImageObject","inLanguage":"fr-FR","@id":"https:\/\/adf-magazine.com\/wp-content\/uploads\/2020\/05\/cropped-ADF_icon.jpg","url":"https:\/\/adf-magazine.com\/wp-content\/uploads\/2020\/05\/cropped-ADF_icon.jpg","contentUrl":"https:\/\/adf-magazine.com\/wp-content\/uploads\/2020\/05\/cropped-ADF_icon.jpg","caption":"ADF"},"description":"ADF is a professional military magazine published quarterly by U.S. Africa Command to provide an international forum for African security professionals. ADF covers topics such as counter terrorism strategies, security and defense operations, transnational crime, and all other issues affecting peace, stability, and good governance on the African continent.","sameAs":["https:\/\/x.com\/ADFmagazine"],"url":"https:\/\/adf-magazine.com\/fr\/author\/adf\/"}]}},"_links":{"self":[{"href":"https:\/\/adf-magazine.com\/fr\/wp-json\/wp\/v2\/posts\/115222","targetHints":{"allow":["GET"]}}],"collection":[{"href":"https:\/\/adf-magazine.com\/fr\/wp-json\/wp\/v2\/posts"}],"about":[{"href":"https:\/\/adf-magazine.com\/fr\/wp-json\/wp\/v2\/types\/post"}],"author":[{"embeddable":true,"href":"https:\/\/adf-magazine.com\/fr\/wp-json\/wp\/v2\/users\/1"}],"replies":[{"embeddable":true,"href":"https:\/\/adf-magazine.com\/fr\/wp-json\/wp\/v2\/comments?post=115222"}],"version-history":[{"count":0,"href":"https:\/\/adf-magazine.com\/fr\/wp-json\/wp\/v2\/posts\/115222\/revisions"}],"wp:featuredmedia":[{"embeddable":true,"href":"https:\/\/adf-magazine.com\/fr\/wp-json\/wp\/v2\/media\/115215"}],"wp:attachment":[{"href":"https:\/\/adf-magazine.com\/fr\/wp-json\/wp\/v2\/media?parent=115222"}],"wp:term":[{"taxonomy":"category","embeddable":true,"href":"https:\/\/adf-magazine.com\/fr\/wp-json\/wp\/v2\/categories?post=115222"},{"taxonomy":"post_tag","embeddable":true,"href":"https:\/\/adf-magazine.com\/fr\/wp-json\/wp\/v2\/tags?post=115222"}],"curies":[{"name":"wp","href":"https:\/\/api.w.org\/{rel}","templated":true}]}}