{"id":115101,"date":"2024-06-11T14:32:56","date_gmt":"2024-06-11T18:32:56","guid":{"rendered":"https:\/\/adf-magazine.com\/?p=115101"},"modified":"2024-06-11T14:33:15","modified_gmt":"2024-06-11T18:33:15","slug":"les-nouveaux-chefs-de-letat-islamique-au-mozambique-alterent-leurs-tactiques","status":"publish","type":"post","link":"https:\/\/adf-magazine.com\/fr\/2024\/06\/les-nouveaux-chefs-de-letat-islamique-au-mozambique-alterent-leurs-tactiques\/","title":{"rendered":"Les nouveaux chefs de l\u2019\u00c9tat islamique au Mozambique alt\u00e8rent leurs tactiques"},"content":{"rendered":"<div><span lang=\"FR\">PERSONNEL D\u2019ADF<br \/>\n<\/span><\/div>\n<div><span lang=\"FR\"><span lang=\"FR\"><br \/>\nL\u2019\u00c9tat islamique est actif dans de nouvelles r\u00e9gions et emploie de nouvelles tactiques dans la province mozambicaine du Cabo Delgado, apr\u00e8s avoir perdu des dirigeants cl\u00e9s et avoir \u00e9t\u00e9 chass\u00e9 de ses anciennes bases.<\/span><\/span>Daech a intensifi\u00e9 son utilisation des engins explosifs improvis\u00e9s tout en dispersant ses membres dans des camps de taille plus petite situ\u00e9s dans des for\u00eats denses et conduisant des op\u00e9rations qui traversent la province. Le groupe terroriste a aussi employ\u00e9 des enfants soldats dans ses attaques r\u00e9centes.<\/p>\n<p>\u00ab\u00a0L\u2019adoption du nouvel \u201cmodus operandi\u201d par les terroristes montre que le groupe poss\u00e8de de nouveaux chefs\u00a0\u00bb, d\u00e9clare le ministre mozambicain de l\u2019Int\u00e9rieur Pascoal Ronda dans un reportage de l\u2019agence de presse Lusa. \u00ab\u00a0La plupart des chefs terroristes se retrouvent dans les districts de Macomia et Quissanga, tout sp\u00e9cialement \u00e0 \u00d3scar, Dardai, Zubair, Mane, Sheik, Amisse et Machudee.\u00a0\u00bb<\/p>\n<p>Les nouveaux chefs de Daech ont remplac\u00e9 Ibn Omar, Abou Kital, Ali Mahando et Amurane Adamo, qui ont \u00e9t\u00e9 tu\u00e9s en 2023 par les Forces de d\u00e9fense et de s\u00e9curit\u00e9 du Mozambique, la mission de la Communaut\u00e9 de d\u00e9veloppement d\u2019Afrique australe au Mozambique (SAMIM) et les forces rwandaises.<\/p>\n<p>Les rebelles ont r\u00e9apparu et attaqu\u00e9 les communes du littoral ainsi que les r\u00e9sidents des \u00eeles Quirimbas au large des c\u00f4tes. Ils ont tendu des embuscades aux patrouilles militaires, ex\u00e9cut\u00e9 brutalement les civils et pill\u00e9 les communaut\u00e9s.<\/p>\n<p>Sous une nouvelle g\u00e9rance, Daech a lanc\u00e9 un assaut farouche contre Macomia du 10 au 12 mai. Le groupe a utilis\u00e9 de jeunes gar\u00e7ons \u00e0 partir de 13\u00a0ans pour attaquer et piller la commune, selon Human Rights Watch (HRW). Le recrutement et l\u2019emploi des enfants de moins de 15\u00a0ans comme soldats est un crime de guerre.<\/p>\n<p>Les analystes ont d\u00e9crit une op\u00e9ration bien coordonn\u00e9e, ex\u00e9cut\u00e9e \u00e0 partir de plusieurs directions diff\u00e9rentes et constituant l\u2019une des attaques terroristes les plus audacieuses du Mozambique depuis le raid de Palma en 2021.<\/p>\n<p>Les t\u00e9moins d\u00e9clarent que trois groupes de plusieurs centaines de militants sont arriv\u00e9s dans la ville le 10 mai vers 4h00 du matin. Le premier groupe s\u2019est adress\u00e9 aux r\u00e9sidents et a pill\u00e9 les commerces, le second a affront\u00e9 les forces sudafricaines et mozambicaines et le troisi\u00e8me a bloqu\u00e9 la route principale de Macomia, selon HRW.<\/p>\n<p>Des combats acharn\u00e9s ont r\u00e9sult\u00e9.<\/p>\n<p>Un soldat mozambicain a d\u00e9clar\u00e9 dans un enregistrement obtenu par defenceWeb\u00a0: \u00ab\u00a0Nous avons besoin de renforts, de toute urgence. Ils arrivent dans notre base. Nous pouvons entendre les coups de feu. Ils sont ici dans la base.\u00a0\u00bb<\/p>\n<p>Des bombes plant\u00e9es au bord de la route ont d\u00e9truit deux v\u00e9hicules blind\u00e9s transportant des soldats sudafricains de Pemba \u00e0 Macomia, \u00e0 environ 20\u00a0km de distance, mais aucun soldat n\u2019a \u00e9t\u00e9 bless\u00e9. Le pr\u00e9sident mozambicain Filipe\u00a0Nyusi a d\u00e9clar\u00e9 dans une allocution t\u00e9l\u00e9vis\u00e9e que les terroristes s\u2019\u00e9taient retir\u00e9s apr\u00e8s 45\u00a0minutes de combat, puis ils s\u2019\u00e9taient regroup\u00e9s et \u00e9taient revenus.<\/p>\n<p>Vers le milieu de l\u2019apr\u00e8s-midi, les terroristes pillaient la ville, y compris l\u2019entrep\u00f4t du Programme alimentaire mondial. Ils ont distribu\u00e9 les biens vol\u00e9s aux r\u00e9sidents locaux, selon Cabo Ligado publi\u00e9 par le projet ACLED (Armed Conflict Location &amp; Event Data).<\/p>\n<p>La distribution de la nourriture vol\u00e9e est consid\u00e9r\u00e9e comme un moyen pour les terroristes de gagner les faveurs du public. Ils ont aussi vol\u00e9 quinze v\u00e9hicules, notamment des v\u00e9hicules de l\u2019agence d\u2019assistance M\u00e9decins sans fronti\u00e8res (MSF), avant de partir.<\/p>\n<p>Un t\u00e9moin du nom de Muchude Salimo Abudo a d\u00e9clar\u00e9 \u00e0 l\u2019agence d\u2019\u00e9tat AIM (Agence d\u2019information du Mozambique)\u00a0: \u00ab\u00a0Ces voitures avaient \u00e9t\u00e9 utilis\u00e9es pour le transport alimentaire vers Mucojo. En fait, beaucoup de choses vol\u00e9es et incendi\u00e9es appartenaient \u00e0 MSF et \u00e0 la Fondation contre la faim, ainsi qu\u2019aux institutions publiques.\u00a0\u00bb<\/p>\n<p>M.\u00a0Abudo d\u00e9clare que les terroristes ont tu\u00e9 plus de dix personnes, \u00ab\u00a0pour la plupart des membres des forces de d\u00e9fense et de s\u00e9curit\u00e9\u00a0\u00bb. D\u2019autres t\u00e9moins ont dit que Daech avait subi moins de pertes.<\/p>\n<p>\u00ab\u00a0J\u2019ai vu deux personnes bless\u00e9es parmi les terroristes, d\u00e9clare anonymement un t\u00e9moin \u00e0 AIM. D\u2019autres personnes ici dans la ville ont vu les bless\u00e9s plac\u00e9s sur une moto en direction de Mucojo.\u00a0\u00bb<\/p>\n<p>Les t\u00e9moins ont d\u00e9clar\u00e9 \u00e0 HRW que parmi les insurg\u00e9s se trouvaient de jeunes gar\u00e7ons avec des ceintures de munitions et des fusils d\u2019assaut du type AK. Deux personnes d\u2019une m\u00eame famille disent qu\u2019elles ont reconnu leur neveu de 13\u00a0ans parmi les enfants.<\/p>\n<p>\u00ab\u00a0Je l\u2019ai vu de mes propres yeux avec un gros fusil et une ceinture de munitions, agissant comme un homme important et confiant\u00a0\u00bb, a d\u00e9clar\u00e9 son oncle Abou Rachide \u00e0 HRW. Lorsqu\u2019il l\u2019a appel\u00e9, le gar\u00e7on a fait un signe de la main et a continu\u00e9 sa mission.<\/p>\n<p>Jamal Jorge, commer\u00e7ant de 47\u00a0ans, est rest\u00e9 au march\u00e9 pendant l\u2019attaque. Il dit qu\u2019il a vu plus de 20\u00a0enfants parmi les combattants, ainsi que de jeunes hommes qui parlaient le swahili et le mwani, langue du littoral du Cabo Delgado.<\/p>\n<p>\u00ab\u00a0Ici au march\u00e9, j\u2019ai vu seulement des enfants, certains un peu plus \u00e2g\u00e9s, peut-\u00eatre 17 ou 20 ans, d\u00e9clare-t-il \u00e0 HRW. Mais pour moi, la plupart d\u2019entre eux \u00e9taient des enfants de 16\u00a0ans ou moins.\u00a0\u00bb<\/p>\n<p>Les attaques de Daech s\u2019intensifient alors que la SAMIM se retire progressivement du pays\u00a0; le mandat de la mission prendra fin en juillet. Depuis janvier, Daech a revendiqu\u00e9 la responsabilit\u00e9 de 57\u00a0attaques au Mozambique, compar\u00e9 \u00e0 51 pour toute l\u2019ann\u00e9e 2023, selon l\u2019Institut d\u2019\u00e9tudes de s\u00e9curit\u00e9.<\/p>\n<p>Les analystes de l\u2019institut \u00e9crivent\u00a0: \u00ab\u00a0Le retrait de la SAMIM fournit \u00e0 Daech non seulement un espace op\u00e9rationnel, mais aussi une opportunit\u00e9 majeure de propagande. La situation se traduit par le plus haut niveau d\u2019instabilit\u00e9 au Cabo Delgado depuis que les troupes rwandaises et la SAMIM y ont \u00e9t\u00e9 d\u00e9ploy\u00e9es en 2021.\u00a0\u00bb<\/p>\n<\/div>\n","protected":false},"excerpt":{"rendered":"<p>PERSONNEL D\u2019ADF L\u2019\u00c9tat islamique est actif dans de nouvelles r\u00e9gions et emploie de nouvelles tactiques dans la province mozambicaine du Cabo Delgado, apr\u00e8s avoir perdu des dirigeants cl\u00e9s et avoir \u00e9t\u00e9 chass\u00e9 de ses anciennes bases.Daech a intensifi\u00e9 son utilisation des engins explosifs improvis\u00e9s tout en dispersant ses membres dans des camps de taille plus<\/p>\n","protected":false},"author":1,"featured_media":115093,"comment_status":"open","ping_status":"closed","sticky":false,"template":"","format":"standard","meta":{"_acf_changed":false,"_monsterinsights_skip_tracking":false,"_monsterinsights_sitenote_active":false,"_monsterinsights_sitenote_note":"","_monsterinsights_sitenote_category":0,"_uf_show_specific_survey":0,"_uf_disable_surveys":false,"footnotes":""},"categories":[331],"tags":[1437,1242,484,464,1282],"class_list":{"0":"post-115101","1":"post","2":"type-post","3":"status-publish","4":"format-standard","5":"has-post-thumbnail","7":"category-dernieres-nouvelles","8":"tag-enfants-soldats","9":"tag-etat-islamique","10":"tag-extremisme","11":"tag-mozambique-fr","12":"tag-terrorism-fr"},"acf":[],"yoast_head":"<!-- This site is optimized with the Yoast SEO plugin v27.5 - https:\/\/yoast.com\/product\/yoast-seo-wordpress\/ -->\n<title>Les nouveaux chefs de l\u2019\u00c9tat islamique au Mozambique alt\u00e8rent leurs tactiques - Africa Defense Forum<\/title>\n<meta name=\"robots\" content=\"index, follow, max-snippet:-1, max-image-preview:large, max-video-preview:-1\" \/>\n<link rel=\"canonical\" href=\"https:\/\/adf-magazine.com\/fr\/2024\/06\/les-nouveaux-chefs-de-letat-islamique-au-mozambique-alterent-leurs-tactiques\/\" \/>\n<meta property=\"og:locale\" content=\"fr_FR\" \/>\n<meta property=\"og:type\" content=\"article\" \/>\n<meta property=\"og:title\" content=\"Les nouveaux chefs de l\u2019\u00c9tat islamique au Mozambique alt\u00e8rent leurs tactiques - Africa Defense Forum\" \/>\n<meta property=\"og:description\" content=\"PERSONNEL D\u2019ADF L\u2019\u00c9tat islamique est actif dans de nouvelles r\u00e9gions et emploie de nouvelles tactiques dans la province mozambicaine du Cabo Delgado, apr\u00e8s avoir perdu des dirigeants cl\u00e9s et avoir \u00e9t\u00e9 chass\u00e9 de ses anciennes bases.Daech a intensifi\u00e9 son utilisation des engins explosifs improvis\u00e9s tout en dispersant ses membres dans des camps de taille plus\" \/>\n<meta property=\"og:url\" content=\"https:\/\/adf-magazine.com\/fr\/2024\/06\/les-nouveaux-chefs-de-letat-islamique-au-mozambique-alterent-leurs-tactiques\/\" \/>\n<meta property=\"og:site_name\" content=\"Africa Defense Forum\" \/>\n<meta property=\"article:publisher\" content=\"https:\/\/www.facebook.com\/ADFmagazine\/\" \/>\n<meta property=\"article:published_time\" content=\"2024-06-11T18:32:56+00:00\" \/>\n<meta property=\"article:modified_time\" content=\"2024-06-11T18:33:15+00:00\" \/>\n<meta property=\"og:image\" content=\"https:\/\/adf-magazine.com\/wp-content\/uploads\/2024\/06\/GettyImages-1243571377.jpg\" \/>\n\t<meta property=\"og:image:width\" content=\"1024\" \/>\n\t<meta property=\"og:image:height\" content=\"683\" \/>\n\t<meta property=\"og:image:type\" content=\"image\/jpeg\" \/>\n<meta name=\"author\" content=\"ADF\" \/>\n<meta name=\"twitter:card\" content=\"summary_large_image\" \/>\n<meta name=\"twitter:creator\" content=\"@ADFmagazine\" \/>\n<meta name=\"twitter:site\" content=\"@ADFmagazine\" \/>\n<meta name=\"twitter:label1\" content=\"\u00c9crit par\" \/>\n\t<meta name=\"twitter:data1\" content=\"ADF\" \/>\n\t<meta name=\"twitter:label2\" content=\"Dur\u00e9e de lecture estim\u00e9e\" \/>\n\t<meta name=\"twitter:data2\" content=\"5 minutes\" \/>\n<script type=\"application\/ld+json\" class=\"yoast-schema-graph\">{\"@context\":\"https:\\\/\\\/schema.org\",\"@graph\":[{\"@type\":\"Article\",\"@id\":\"https:\\\/\\\/adf-magazine.com\\\/fr\\\/2024\\\/06\\\/les-nouveaux-chefs-de-letat-islamique-au-mozambique-alterent-leurs-tactiques\\\/#article\",\"isPartOf\":{\"@id\":\"https:\\\/\\\/adf-magazine.com\\\/fr\\\/2024\\\/06\\\/les-nouveaux-chefs-de-letat-islamique-au-mozambique-alterent-leurs-tactiques\\\/\"},\"author\":{\"name\":\"ADF\",\"@id\":\"https:\\\/\\\/adf-magazine.com\\\/#\\\/schema\\\/person\\\/f266a6061389568b5a11465bb38bc025\"},\"headline\":\"Les nouveaux chefs de l\u2019\u00c9tat islamique au Mozambique alt\u00e8rent leurs tactiques\",\"datePublished\":\"2024-06-11T18:32:56+00:00\",\"dateModified\":\"2024-06-11T18:33:15+00:00\",\"mainEntityOfPage\":{\"@id\":\"https:\\\/\\\/adf-magazine.com\\\/fr\\\/2024\\\/06\\\/les-nouveaux-chefs-de-letat-islamique-au-mozambique-alterent-leurs-tactiques\\\/\"},\"wordCount\":1050,\"commentCount\":0,\"image\":{\"@id\":\"https:\\\/\\\/adf-magazine.com\\\/fr\\\/2024\\\/06\\\/les-nouveaux-chefs-de-letat-islamique-au-mozambique-alterent-leurs-tactiques\\\/#primaryimage\"},\"thumbnailUrl\":\"https:\\\/\\\/adf-magazine.com\\\/wp-content\\\/uploads\\\/2024\\\/06\\\/GettyImages-1243571377.jpg\",\"keywords\":[\"enfants soldats\",\"\u00c9tat islamique\",\"extr\u00e9misme\",\"Mozambique\",\"Terrorism\"],\"articleSection\":[\"Actualit\u00e9s du Jour\"],\"inLanguage\":\"fr-FR\",\"potentialAction\":[{\"@type\":\"CommentAction\",\"name\":\"Comment\",\"target\":[\"https:\\\/\\\/adf-magazine.com\\\/fr\\\/2024\\\/06\\\/les-nouveaux-chefs-de-letat-islamique-au-mozambique-alterent-leurs-tactiques\\\/#respond\"]}]},{\"@type\":\"WebPage\",\"@id\":\"https:\\\/\\\/adf-magazine.com\\\/fr\\\/2024\\\/06\\\/les-nouveaux-chefs-de-letat-islamique-au-mozambique-alterent-leurs-tactiques\\\/\",\"url\":\"https:\\\/\\\/adf-magazine.com\\\/fr\\\/2024\\\/06\\\/les-nouveaux-chefs-de-letat-islamique-au-mozambique-alterent-leurs-tactiques\\\/\",\"name\":\"Les nouveaux chefs de l\u2019\u00c9tat islamique au Mozambique alt\u00e8rent leurs tactiques - Africa Defense Forum\",\"isPartOf\":{\"@id\":\"https:\\\/\\\/adf-magazine.com\\\/#website\"},\"primaryImageOfPage\":{\"@id\":\"https:\\\/\\\/adf-magazine.com\\\/fr\\\/2024\\\/06\\\/les-nouveaux-chefs-de-letat-islamique-au-mozambique-alterent-leurs-tactiques\\\/#primaryimage\"},\"image\":{\"@id\":\"https:\\\/\\\/adf-magazine.com\\\/fr\\\/2024\\\/06\\\/les-nouveaux-chefs-de-letat-islamique-au-mozambique-alterent-leurs-tactiques\\\/#primaryimage\"},\"thumbnailUrl\":\"https:\\\/\\\/adf-magazine.com\\\/wp-content\\\/uploads\\\/2024\\\/06\\\/GettyImages-1243571377.jpg\",\"datePublished\":\"2024-06-11T18:32:56+00:00\",\"dateModified\":\"2024-06-11T18:33:15+00:00\",\"author\":{\"@id\":\"https:\\\/\\\/adf-magazine.com\\\/#\\\/schema\\\/person\\\/f266a6061389568b5a11465bb38bc025\"},\"breadcrumb\":{\"@id\":\"https:\\\/\\\/adf-magazine.com\\\/fr\\\/2024\\\/06\\\/les-nouveaux-chefs-de-letat-islamique-au-mozambique-alterent-leurs-tactiques\\\/#breadcrumb\"},\"inLanguage\":\"fr-FR\",\"potentialAction\":[{\"@type\":\"ReadAction\",\"target\":[\"https:\\\/\\\/adf-magazine.com\\\/fr\\\/2024\\\/06\\\/les-nouveaux-chefs-de-letat-islamique-au-mozambique-alterent-leurs-tactiques\\\/\"]}]},{\"@type\":\"ImageObject\",\"inLanguage\":\"fr-FR\",\"@id\":\"https:\\\/\\\/adf-magazine.com\\\/fr\\\/2024\\\/06\\\/les-nouveaux-chefs-de-letat-islamique-au-mozambique-alterent-leurs-tactiques\\\/#primaryimage\",\"url\":\"https:\\\/\\\/adf-magazine.com\\\/wp-content\\\/uploads\\\/2024\\\/06\\\/GettyImages-1243571377.jpg\",\"contentUrl\":\"https:\\\/\\\/adf-magazine.com\\\/wp-content\\\/uploads\\\/2024\\\/06\\\/GettyImages-1243571377.jpg\",\"width\":1024,\"height\":683,\"caption\":\"Un soldat rwandais en patrouille dans la province mozambicaine du Cabo Delgado. AFP\\\/GETTY IMAGES\"},{\"@type\":\"BreadcrumbList\",\"@id\":\"https:\\\/\\\/adf-magazine.com\\\/fr\\\/2024\\\/06\\\/les-nouveaux-chefs-de-letat-islamique-au-mozambique-alterent-leurs-tactiques\\\/#breadcrumb\",\"itemListElement\":[{\"@type\":\"ListItem\",\"position\":1,\"name\":\"page d\u2019accueil\",\"item\":\"https:\\\/\\\/adf-magazine.com\\\/\"},{\"@type\":\"ListItem\",\"position\":2,\"name\":\"Les nouveaux chefs de l\u2019\u00c9tat islamique au Mozambique alt\u00e8rent leurs tactiques\"}]},{\"@type\":\"WebSite\",\"@id\":\"https:\\\/\\\/adf-magazine.com\\\/#website\",\"url\":\"https:\\\/\\\/adf-magazine.com\\\/\",\"name\":\"Africa Defense Forum\",\"description\":\"Africa Defense Forum\",\"potentialAction\":[{\"@type\":\"SearchAction\",\"target\":{\"@type\":\"EntryPoint\",\"urlTemplate\":\"https:\\\/\\\/adf-magazine.com\\\/?s={search_term_string}\"},\"query-input\":{\"@type\":\"PropertyValueSpecification\",\"valueRequired\":true,\"valueName\":\"search_term_string\"}}],\"inLanguage\":\"fr-FR\"},{\"@type\":\"Person\",\"@id\":\"https:\\\/\\\/adf-magazine.com\\\/#\\\/schema\\\/person\\\/f266a6061389568b5a11465bb38bc025\",\"name\":\"ADF\",\"image\":{\"@type\":\"ImageObject\",\"inLanguage\":\"fr-FR\",\"@id\":\"https:\\\/\\\/adf-magazine.com\\\/wp-content\\\/uploads\\\/2020\\\/05\\\/cropped-ADF_icon.jpg\",\"url\":\"https:\\\/\\\/adf-magazine.com\\\/wp-content\\\/uploads\\\/2020\\\/05\\\/cropped-ADF_icon.jpg\",\"contentUrl\":\"https:\\\/\\\/adf-magazine.com\\\/wp-content\\\/uploads\\\/2020\\\/05\\\/cropped-ADF_icon.jpg\",\"caption\":\"ADF\"},\"description\":\"ADF is a professional military magazine published quarterly by U.S. Africa Command to provide an international forum for African security professionals. ADF covers topics such as counter terrorism strategies, security and defense operations, transnational crime, and all other issues affecting peace, stability, and good governance on the African continent.\",\"sameAs\":[\"https:\\\/\\\/x.com\\\/ADFmagazine\"],\"url\":\"https:\\\/\\\/adf-magazine.com\\\/fr\\\/author\\\/adf\\\/\"}]}<\/script>\n<!-- \/ Yoast SEO plugin. -->","yoast_head_json":{"title":"Les nouveaux chefs de l\u2019\u00c9tat islamique au Mozambique alt\u00e8rent leurs tactiques - Africa Defense Forum","robots":{"index":"index","follow":"follow","max-snippet":"max-snippet:-1","max-image-preview":"max-image-preview:large","max-video-preview":"max-video-preview:-1"},"canonical":"https:\/\/adf-magazine.com\/fr\/2024\/06\/les-nouveaux-chefs-de-letat-islamique-au-mozambique-alterent-leurs-tactiques\/","og_locale":"fr_FR","og_type":"article","og_title":"Les nouveaux chefs de l\u2019\u00c9tat islamique au Mozambique alt\u00e8rent leurs tactiques - Africa Defense Forum","og_description":"PERSONNEL D\u2019ADF L\u2019\u00c9tat islamique est actif dans de nouvelles r\u00e9gions et emploie de nouvelles tactiques dans la province mozambicaine du Cabo Delgado, apr\u00e8s avoir perdu des dirigeants cl\u00e9s et avoir \u00e9t\u00e9 chass\u00e9 de ses anciennes bases.Daech a intensifi\u00e9 son utilisation des engins explosifs improvis\u00e9s tout en dispersant ses membres dans des camps de taille plus","og_url":"https:\/\/adf-magazine.com\/fr\/2024\/06\/les-nouveaux-chefs-de-letat-islamique-au-mozambique-alterent-leurs-tactiques\/","og_site_name":"Africa Defense Forum","article_publisher":"https:\/\/www.facebook.com\/ADFmagazine\/","article_published_time":"2024-06-11T18:32:56+00:00","article_modified_time":"2024-06-11T18:33:15+00:00","og_image":[{"width":1024,"height":683,"url":"https:\/\/adf-magazine.com\/wp-content\/uploads\/2024\/06\/GettyImages-1243571377.jpg","type":"image\/jpeg"}],"author":"ADF","twitter_card":"summary_large_image","twitter_creator":"@ADFmagazine","twitter_site":"@ADFmagazine","twitter_misc":{"\u00c9crit par":"ADF","Dur\u00e9e de lecture estim\u00e9e":"5 minutes"},"schema":{"@context":"https:\/\/schema.org","@graph":[{"@type":"Article","@id":"https:\/\/adf-magazine.com\/fr\/2024\/06\/les-nouveaux-chefs-de-letat-islamique-au-mozambique-alterent-leurs-tactiques\/#article","isPartOf":{"@id":"https:\/\/adf-magazine.com\/fr\/2024\/06\/les-nouveaux-chefs-de-letat-islamique-au-mozambique-alterent-leurs-tactiques\/"},"author":{"name":"ADF","@id":"https:\/\/adf-magazine.com\/#\/schema\/person\/f266a6061389568b5a11465bb38bc025"},"headline":"Les nouveaux chefs de l\u2019\u00c9tat islamique au Mozambique alt\u00e8rent leurs tactiques","datePublished":"2024-06-11T18:32:56+00:00","dateModified":"2024-06-11T18:33:15+00:00","mainEntityOfPage":{"@id":"https:\/\/adf-magazine.com\/fr\/2024\/06\/les-nouveaux-chefs-de-letat-islamique-au-mozambique-alterent-leurs-tactiques\/"},"wordCount":1050,"commentCount":0,"image":{"@id":"https:\/\/adf-magazine.com\/fr\/2024\/06\/les-nouveaux-chefs-de-letat-islamique-au-mozambique-alterent-leurs-tactiques\/#primaryimage"},"thumbnailUrl":"https:\/\/adf-magazine.com\/wp-content\/uploads\/2024\/06\/GettyImages-1243571377.jpg","keywords":["enfants soldats","\u00c9tat islamique","extr\u00e9misme","Mozambique","Terrorism"],"articleSection":["Actualit\u00e9s du Jour"],"inLanguage":"fr-FR","potentialAction":[{"@type":"CommentAction","name":"Comment","target":["https:\/\/adf-magazine.com\/fr\/2024\/06\/les-nouveaux-chefs-de-letat-islamique-au-mozambique-alterent-leurs-tactiques\/#respond"]}]},{"@type":"WebPage","@id":"https:\/\/adf-magazine.com\/fr\/2024\/06\/les-nouveaux-chefs-de-letat-islamique-au-mozambique-alterent-leurs-tactiques\/","url":"https:\/\/adf-magazine.com\/fr\/2024\/06\/les-nouveaux-chefs-de-letat-islamique-au-mozambique-alterent-leurs-tactiques\/","name":"Les nouveaux chefs de l\u2019\u00c9tat islamique au Mozambique alt\u00e8rent leurs tactiques - Africa Defense Forum","isPartOf":{"@id":"https:\/\/adf-magazine.com\/#website"},"primaryImageOfPage":{"@id":"https:\/\/adf-magazine.com\/fr\/2024\/06\/les-nouveaux-chefs-de-letat-islamique-au-mozambique-alterent-leurs-tactiques\/#primaryimage"},"image":{"@id":"https:\/\/adf-magazine.com\/fr\/2024\/06\/les-nouveaux-chefs-de-letat-islamique-au-mozambique-alterent-leurs-tactiques\/#primaryimage"},"thumbnailUrl":"https:\/\/adf-magazine.com\/wp-content\/uploads\/2024\/06\/GettyImages-1243571377.jpg","datePublished":"2024-06-11T18:32:56+00:00","dateModified":"2024-06-11T18:33:15+00:00","author":{"@id":"https:\/\/adf-magazine.com\/#\/schema\/person\/f266a6061389568b5a11465bb38bc025"},"breadcrumb":{"@id":"https:\/\/adf-magazine.com\/fr\/2024\/06\/les-nouveaux-chefs-de-letat-islamique-au-mozambique-alterent-leurs-tactiques\/#breadcrumb"},"inLanguage":"fr-FR","potentialAction":[{"@type":"ReadAction","target":["https:\/\/adf-magazine.com\/fr\/2024\/06\/les-nouveaux-chefs-de-letat-islamique-au-mozambique-alterent-leurs-tactiques\/"]}]},{"@type":"ImageObject","inLanguage":"fr-FR","@id":"https:\/\/adf-magazine.com\/fr\/2024\/06\/les-nouveaux-chefs-de-letat-islamique-au-mozambique-alterent-leurs-tactiques\/#primaryimage","url":"https:\/\/adf-magazine.com\/wp-content\/uploads\/2024\/06\/GettyImages-1243571377.jpg","contentUrl":"https:\/\/adf-magazine.com\/wp-content\/uploads\/2024\/06\/GettyImages-1243571377.jpg","width":1024,"height":683,"caption":"Un soldat rwandais en patrouille dans la province mozambicaine du Cabo Delgado. AFP\/GETTY IMAGES"},{"@type":"BreadcrumbList","@id":"https:\/\/adf-magazine.com\/fr\/2024\/06\/les-nouveaux-chefs-de-letat-islamique-au-mozambique-alterent-leurs-tactiques\/#breadcrumb","itemListElement":[{"@type":"ListItem","position":1,"name":"page d\u2019accueil","item":"https:\/\/adf-magazine.com\/"},{"@type":"ListItem","position":2,"name":"Les nouveaux chefs de l\u2019\u00c9tat islamique au Mozambique alt\u00e8rent leurs tactiques"}]},{"@type":"WebSite","@id":"https:\/\/adf-magazine.com\/#website","url":"https:\/\/adf-magazine.com\/","name":"Africa Defense Forum","description":"Africa Defense Forum","potentialAction":[{"@type":"SearchAction","target":{"@type":"EntryPoint","urlTemplate":"https:\/\/adf-magazine.com\/?s={search_term_string}"},"query-input":{"@type":"PropertyValueSpecification","valueRequired":true,"valueName":"search_term_string"}}],"inLanguage":"fr-FR"},{"@type":"Person","@id":"https:\/\/adf-magazine.com\/#\/schema\/person\/f266a6061389568b5a11465bb38bc025","name":"ADF","image":{"@type":"ImageObject","inLanguage":"fr-FR","@id":"https:\/\/adf-magazine.com\/wp-content\/uploads\/2020\/05\/cropped-ADF_icon.jpg","url":"https:\/\/adf-magazine.com\/wp-content\/uploads\/2020\/05\/cropped-ADF_icon.jpg","contentUrl":"https:\/\/adf-magazine.com\/wp-content\/uploads\/2020\/05\/cropped-ADF_icon.jpg","caption":"ADF"},"description":"ADF is a professional military magazine published quarterly by U.S. Africa Command to provide an international forum for African security professionals. ADF covers topics such as counter terrorism strategies, security and defense operations, transnational crime, and all other issues affecting peace, stability, and good governance on the African continent.","sameAs":["https:\/\/x.com\/ADFmagazine"],"url":"https:\/\/adf-magazine.com\/fr\/author\/adf\/"}]}},"_links":{"self":[{"href":"https:\/\/adf-magazine.com\/fr\/wp-json\/wp\/v2\/posts\/115101","targetHints":{"allow":["GET"]}}],"collection":[{"href":"https:\/\/adf-magazine.com\/fr\/wp-json\/wp\/v2\/posts"}],"about":[{"href":"https:\/\/adf-magazine.com\/fr\/wp-json\/wp\/v2\/types\/post"}],"author":[{"embeddable":true,"href":"https:\/\/adf-magazine.com\/fr\/wp-json\/wp\/v2\/users\/1"}],"replies":[{"embeddable":true,"href":"https:\/\/adf-magazine.com\/fr\/wp-json\/wp\/v2\/comments?post=115101"}],"version-history":[{"count":0,"href":"https:\/\/adf-magazine.com\/fr\/wp-json\/wp\/v2\/posts\/115101\/revisions"}],"wp:featuredmedia":[{"embeddable":true,"href":"https:\/\/adf-magazine.com\/fr\/wp-json\/wp\/v2\/media\/115093"}],"wp:attachment":[{"href":"https:\/\/adf-magazine.com\/fr\/wp-json\/wp\/v2\/media?parent=115101"}],"wp:term":[{"taxonomy":"category","embeddable":true,"href":"https:\/\/adf-magazine.com\/fr\/wp-json\/wp\/v2\/categories?post=115101"},{"taxonomy":"post_tag","embeddable":true,"href":"https:\/\/adf-magazine.com\/fr\/wp-json\/wp\/v2\/tags?post=115101"}],"curies":[{"name":"wp","href":"https:\/\/api.w.org\/{rel}","templated":true}]}}