{"id":114949,"date":"2024-05-28T15:56:32","date_gmt":"2024-05-28T19:56:32","guid":{"rendered":"https:\/\/adf-magazine.com\/?p=114949"},"modified":"2024-05-28T15:56:54","modified_gmt":"2024-05-28T19:56:54","slug":"les-drones-et-les-armes-lourdes-monopolisent-la-lutte-entre-la-rdc-et-le-m23","status":"publish","type":"post","link":"https:\/\/adf-magazine.com\/fr\/2024\/05\/les-drones-et-les-armes-lourdes-monopolisent-la-lutte-entre-la-rdc-et-le-m23\/","title":{"rendered":"Les drones et les armes lourdes monopolisent la lutte entre la RDC et le M23"},"content":{"rendered":"<p style=\"font-weight: 400;\">PERSONNEL D\u2019ADF<\/p>\n<p style=\"font-weight: 400;\">Un flux constant de civils bless\u00e9s marchent ou sont transport\u00e9s au-del\u00e0 des tentes autour de l\u2019h\u00f4pital Ndosho de Goma, la capitale provinciale de la province du Nord-Kivu (R\u00e9publique d\u00e9mocratique du Congo, RDC).<\/p>\n<p style=\"font-weight: 400;\">L\u2019h\u00f4pital, soutenu par le Comit\u00e9 international de la Croix-Rouge (CICR), est \u00e0 plus du double de sa capacit\u00e9 normale, ce qui a n\u00e9cessit\u00e9 l\u2019installation de lits suppl\u00e9mentaires dans les tentes.<\/p>\n<p style=\"font-weight: 400;\">\u00ab\u00a0Voir le niveau de souffrance ici est vraiment bouleversant, et c\u2019est seulement un aper\u00e7u de l\u2019ampleur et la complexit\u00e9 des d\u00e9fis humanitaires en RDC\u00a0\u00bb, a d\u00e9clar\u00e9 Robert Mardini, directeur g\u00e9n\u00e9ral du CICR \u00e0 l\u2019\u00e9poque, en mars dernier \u00e0 l\u2019h\u00f4pital Ndosho.<\/p>\n<p style=\"font-weight: 400;\">L\u2019un des conflits les plus meurtriers de l\u2019Est de la RDC, qui r\u00e9unit plusieurs forces alli\u00e9es contre le groupe rebelle M23 soutenu par le Rwanda, continue \u00e0 s\u2019intensifier \u00e0 cause de la prolif\u00e9ration des drones d\u2019attaque et autres armements sophistiqu\u00e9s.<\/p>\n<p style=\"font-weight: 400;\">Le CICR d\u00e9clare que des centaines de civils bless\u00e9s dans les combats sont venus dans les \u00e9tablissements de sant\u00e9 du Nord-Kivu depuis le d\u00e9but f\u00e9vrier. Il estime que 40\u00a0% des patients trait\u00e9s \u00e9taient victimes de bombardement ou autres armes lourdes utilis\u00e9s dans les zones urbaines \u00e0 forte densit\u00e9 de population.<\/p>\n<p style=\"font-weight: 400;\">\u00ab\u00a0Ce que nous constatons actuellement dans l\u2019Est de la RDC est largement sans pr\u00e9c\u00e9dent et extr\u00eamement pr\u00e9occupant, a dit M.\u00a0Mardini. Cette nouvelle dynamique augmente les souffrances profondes d\u2019un tr\u00e8s grand nombre de civils d\u00e9j\u00e0 accabl\u00e9s par plusieurs d\u00e9cennies de conflit.\u00a0\u00bb<\/p>\n<p style=\"font-weight: 400;\">Le CICR estime que, parmi les 7\u00a0millions de personnes d\u00e9plac\u00e9es de leur foyer, 2,5\u00a0millions se trouvent dans le Nord-Kivu. Les rebelles du M23 et l\u2019Arm\u00e9e rwandaise ont tu\u00e9 au moins 35\u00a0Congolais lors des bombardements du 3 mai contre les camps pour d\u00e9plac\u00e9s internes \u00e0 Lac Vert et Mugunga pr\u00e8s de Goma. Les Nations unies ont appel\u00e9 ces actes un crime de guerre potentiel.<\/p>\n<p style=\"font-weight: 400;\">\u00ab\u00a0L\u2019emploi d\u2019armes explosives dans des zones peupl\u00e9es, y compris pr\u00e8s des camps de d\u00e9plac\u00e9s, aura tr\u00e8s probablement des effets aveugles, ce qui veut dire qu\u2019elles pourront tuer ou blesser les civils, a d\u00e9clar\u00e9 M.\u00a0Mardini. C\u2019est pr\u00e9cis\u00e9ment ce que nous constatons au Nord-Kivu aujourd\u2019hui, avec des cons\u00e9quences d\u00e9vastatrices.\u00a0\u00bb<\/p>\n<p style=\"font-weight: 400;\">L\u2019intensification de la course aux armements entre la RDC et le Rwanda contraste vivement avec le conflit de faible intensit\u00e9 qui s\u2019est d\u00e9clench\u00e9 en 2012 lorsque le Mouvement du 23 mars organisa un soul\u00e8vement en 2012. Avant que le M23 ne refasse surface en 2022 apr\u00e8s une dizaine d\u2019ann\u00e9es d\u2019apathie, sa tactique pr\u00e9f\u00e9r\u00e9e consistait \u00e0 tendre des embuscades aux forces congolaises.<\/p>\n<p style=\"font-weight: 400;\">En f\u00e9vrier, un drone de surveillance onusien a identifi\u00e9 des soldats rwandais et leur transport de troupe blind\u00e9 \u00e0 environ 19\u00a0km \u00e0 l\u2019int\u00e9rieur du Nord-Kivu, avant qu\u2019ils ne lancent un missile sol-air contre le drone, selon de multiples rapports confirm\u00e9s par les analystes militaires.<\/p>\n<p style=\"font-weight: 400;\">Malgr\u00e9 ses d\u00e9mentis r\u00e9p\u00e9t\u00e9s de toute association avec le M23, le Rwanda a d\u00e9ploy\u00e9 environ 3.000\u00a0soldats dans l\u2019Est de la RDC et a form\u00e9 les rebelles dans un camp \u00e9loign\u00e9 situ\u00e9 pr\u00e8s de la fronti\u00e8re, selon Bloomberg. Il a inond\u00e9 les champs de bataille avec des drones \u00e0 voilure fixe, des brouilleurs de drone et des armes lourdes tels que le lance-grenades antichar russe SPG-9, selon les enqu\u00eateurs de l\u2019ONU et Bloomberg.<\/p>\n<p style=\"font-weight: 400;\">\u00ab\u00a0\u00c0 pr\u00e9sent, le M23 est plus puissant que jamais\u00a0; aussi le Rwanda fait certainement jouer ses muscles au niveau maximum\u00a0\u00bb, a d\u00e9clar\u00e9 l\u2019analyste Richard Moncrieff du Crisis Group \u00e0 Bloomberg pour un reportage d\u2019avril.<\/p>\n<p style=\"font-weight: 400;\">La RDC a ripost\u00e9 en obtenant elle aussi des armes sophistiqu\u00e9es, notamment des drones de Bulgarie, Chine et Turquie. Six drones de combat chinois CH-4 \u00e0 voilure fixe capables de transporter des bombes et des missiles air-sol ont \u00e9t\u00e9 livr\u00e9s et d\u2019autres sont pr\u00e9vus, selon un rapport du 20 mai sur le blog Military Africa.<\/p>\n<p style=\"font-weight: 400;\">Les deux bellig\u00e9rants se sont accus\u00e9s mutuellement d\u2019avoir employ\u00e9 des drones pour attaquer les zones fortement peupl\u00e9es\u00a0; \u00e0 mesure que la rh\u00e9torique et les combats empirent, le risque d\u2019une guerre r\u00e9gionale augmente.<\/p>\n<p style=\"font-weight: 400;\">\u00ab\u00a0Nous n\u2019avons sans doute jamais \u00e9t\u00e9 aussi pr\u00e8s d\u2019une v\u00e9ritable guerre entre le Rwanda et la RDC, comme nous le sommes maintenant\u00a0\u00bb, d\u00e9clare Stephanie Wolters, analyste de l\u2019Institut des affaires internationales d\u2019Afrique du Sud, \u00e0 Bloomberg. Tous les \u00e9l\u00e9ments sont \u00e0 leur niveau culminant, ce qui est incroyablement mauvais pour l\u2019Est du Congo et pour l\u2019ensemble de la r\u00e9gion.\u00a0\u00bb<\/p>\n","protected":false},"excerpt":{"rendered":"<p>PERSONNEL D\u2019ADF Un flux constant de civils bless\u00e9s marchent ou sont transport\u00e9s au-del\u00e0 des tentes autour de l\u2019h\u00f4pital Ndosho de Goma, la capitale provinciale de la province du Nord-Kivu (R\u00e9publique d\u00e9mocratique du Congo, RDC). L\u2019h\u00f4pital, soutenu par le Comit\u00e9 international de la Croix-Rouge (CICR), est \u00e0 plus du double de sa capacit\u00e9 normale, ce qui<\/p>\n","protected":false},"author":1,"featured_media":114944,"comment_status":"open","ping_status":"closed","sticky":false,"template":"","format":"standard","meta":{"_acf_changed":false,"_monsterinsights_skip_tracking":false,"_monsterinsights_sitenote_active":false,"_monsterinsights_sitenote_note":"","_monsterinsights_sitenote_category":0,"_uf_show_specific_survey":0,"_uf_disable_surveys":false,"footnotes":""},"categories":[331],"tags":[1219,1021,894,466,585],"class_list":{"0":"post-114949","1":"post","2":"type-post","3":"status-publish","4":"format-standard","5":"has-post-thumbnail","7":"category-dernieres-nouvelles","8":"tag-crimes-de-guerre","9":"tag-insurrection","10":"tag-republique-du-congo","11":"tag-rwanda-fr","12":"tag-technologie"},"acf":[],"yoast_head":"<!-- This site is optimized with the Yoast SEO plugin v27.4 - https:\/\/yoast.com\/product\/yoast-seo-wordpress\/ -->\n<title>Les drones et les armes lourdes monopolisent la lutte entre la RDC et le M23 - Africa Defense Forum<\/title>\n<meta name=\"robots\" content=\"index, follow, max-snippet:-1, max-image-preview:large, max-video-preview:-1\" \/>\n<link rel=\"canonical\" href=\"https:\/\/adf-magazine.com\/fr\/2024\/05\/les-drones-et-les-armes-lourdes-monopolisent-la-lutte-entre-la-rdc-et-le-m23\/\" \/>\n<meta property=\"og:locale\" content=\"fr_FR\" \/>\n<meta property=\"og:type\" content=\"article\" \/>\n<meta property=\"og:title\" content=\"Les drones et les armes lourdes monopolisent la lutte entre la RDC et le M23 - Africa Defense Forum\" \/>\n<meta property=\"og:description\" content=\"PERSONNEL D\u2019ADF Un flux constant de civils bless\u00e9s marchent ou sont transport\u00e9s au-del\u00e0 des tentes autour de l\u2019h\u00f4pital Ndosho de Goma, la capitale provinciale de la province du Nord-Kivu (R\u00e9publique d\u00e9mocratique du Congo, RDC). L\u2019h\u00f4pital, soutenu par le Comit\u00e9 international de la Croix-Rouge (CICR), est \u00e0 plus du double de sa capacit\u00e9 normale, ce qui\" \/>\n<meta property=\"og:url\" content=\"https:\/\/adf-magazine.com\/fr\/2024\/05\/les-drones-et-les-armes-lourdes-monopolisent-la-lutte-entre-la-rdc-et-le-m23\/\" \/>\n<meta property=\"og:site_name\" content=\"Africa Defense Forum\" \/>\n<meta property=\"article:publisher\" content=\"https:\/\/www.facebook.com\/ADFmagazine\/\" \/>\n<meta property=\"article:published_time\" content=\"2024-05-28T19:56:32+00:00\" \/>\n<meta property=\"article:modified_time\" content=\"2024-05-28T19:56:54+00:00\" \/>\n<meta property=\"og:image\" content=\"https:\/\/adf-magazine.com\/wp-content\/uploads\/2024\/05\/AP24124628108015.jpg\" \/>\n\t<meta property=\"og:image:width\" content=\"1080\" \/>\n\t<meta property=\"og:image:height\" content=\"720\" \/>\n\t<meta property=\"og:image:type\" content=\"image\/jpeg\" \/>\n<meta name=\"author\" content=\"ADF\" \/>\n<meta name=\"twitter:card\" content=\"summary_large_image\" \/>\n<meta name=\"twitter:creator\" content=\"@ADFmagazine\" \/>\n<meta name=\"twitter:site\" content=\"@ADFmagazine\" \/>\n<meta name=\"twitter:label1\" content=\"\u00c9crit par\" \/>\n\t<meta name=\"twitter:data1\" content=\"ADF\" \/>\n\t<meta name=\"twitter:label2\" content=\"Dur\u00e9e de lecture estim\u00e9e\" \/>\n\t<meta name=\"twitter:data2\" content=\"4 minutes\" \/>\n<script type=\"application\/ld+json\" class=\"yoast-schema-graph\">{\"@context\":\"https:\\\/\\\/schema.org\",\"@graph\":[{\"@type\":\"Article\",\"@id\":\"https:\\\/\\\/adf-magazine.com\\\/fr\\\/2024\\\/05\\\/les-drones-et-les-armes-lourdes-monopolisent-la-lutte-entre-la-rdc-et-le-m23\\\/#article\",\"isPartOf\":{\"@id\":\"https:\\\/\\\/adf-magazine.com\\\/fr\\\/2024\\\/05\\\/les-drones-et-les-armes-lourdes-monopolisent-la-lutte-entre-la-rdc-et-le-m23\\\/\"},\"author\":{\"name\":\"ADF\",\"@id\":\"https:\\\/\\\/adf-magazine.com\\\/#\\\/schema\\\/person\\\/f266a6061389568b5a11465bb38bc025\"},\"headline\":\"Les drones et les armes lourdes monopolisent la lutte entre la RDC et le M23\",\"datePublished\":\"2024-05-28T19:56:32+00:00\",\"dateModified\":\"2024-05-28T19:56:54+00:00\",\"mainEntityOfPage\":{\"@id\":\"https:\\\/\\\/adf-magazine.com\\\/fr\\\/2024\\\/05\\\/les-drones-et-les-armes-lourdes-monopolisent-la-lutte-entre-la-rdc-et-le-m23\\\/\"},\"wordCount\":814,\"commentCount\":0,\"image\":{\"@id\":\"https:\\\/\\\/adf-magazine.com\\\/fr\\\/2024\\\/05\\\/les-drones-et-les-armes-lourdes-monopolisent-la-lutte-entre-la-rdc-et-le-m23\\\/#primaryimage\"},\"thumbnailUrl\":\"https:\\\/\\\/adf-magazine.com\\\/wp-content\\\/uploads\\\/2024\\\/05\\\/AP24124628108015.jpg\",\"keywords\":[\"crimes de guerre\",\"insurrection\",\"R\u00e9publique du Congo\",\"Rwanda\",\"technologie\"],\"articleSection\":[\"Actualit\u00e9s du Jour\"],\"inLanguage\":\"fr-FR\",\"potentialAction\":[{\"@type\":\"CommentAction\",\"name\":\"Comment\",\"target\":[\"https:\\\/\\\/adf-magazine.com\\\/fr\\\/2024\\\/05\\\/les-drones-et-les-armes-lourdes-monopolisent-la-lutte-entre-la-rdc-et-le-m23\\\/#respond\"]}]},{\"@type\":\"WebPage\",\"@id\":\"https:\\\/\\\/adf-magazine.com\\\/fr\\\/2024\\\/05\\\/les-drones-et-les-armes-lourdes-monopolisent-la-lutte-entre-la-rdc-et-le-m23\\\/\",\"url\":\"https:\\\/\\\/adf-magazine.com\\\/fr\\\/2024\\\/05\\\/les-drones-et-les-armes-lourdes-monopolisent-la-lutte-entre-la-rdc-et-le-m23\\\/\",\"name\":\"Les drones et les armes lourdes monopolisent la lutte entre la RDC et le M23 - Africa Defense Forum\",\"isPartOf\":{\"@id\":\"https:\\\/\\\/adf-magazine.com\\\/#website\"},\"primaryImageOfPage\":{\"@id\":\"https:\\\/\\\/adf-magazine.com\\\/fr\\\/2024\\\/05\\\/les-drones-et-les-armes-lourdes-monopolisent-la-lutte-entre-la-rdc-et-le-m23\\\/#primaryimage\"},\"image\":{\"@id\":\"https:\\\/\\\/adf-magazine.com\\\/fr\\\/2024\\\/05\\\/les-drones-et-les-armes-lourdes-monopolisent-la-lutte-entre-la-rdc-et-le-m23\\\/#primaryimage\"},\"thumbnailUrl\":\"https:\\\/\\\/adf-magazine.com\\\/wp-content\\\/uploads\\\/2024\\\/05\\\/AP24124628108015.jpg\",\"datePublished\":\"2024-05-28T19:56:32+00:00\",\"dateModified\":\"2024-05-28T19:56:54+00:00\",\"author\":{\"@id\":\"https:\\\/\\\/adf-magazine.com\\\/#\\\/schema\\\/person\\\/f266a6061389568b5a11465bb38bc025\"},\"breadcrumb\":{\"@id\":\"https:\\\/\\\/adf-magazine.com\\\/fr\\\/2024\\\/05\\\/les-drones-et-les-armes-lourdes-monopolisent-la-lutte-entre-la-rdc-et-le-m23\\\/#breadcrumb\"},\"inLanguage\":\"fr-FR\",\"potentialAction\":[{\"@type\":\"ReadAction\",\"target\":[\"https:\\\/\\\/adf-magazine.com\\\/fr\\\/2024\\\/05\\\/les-drones-et-les-armes-lourdes-monopolisent-la-lutte-entre-la-rdc-et-le-m23\\\/\"]}]},{\"@type\":\"ImageObject\",\"inLanguage\":\"fr-FR\",\"@id\":\"https:\\\/\\\/adf-magazine.com\\\/fr\\\/2024\\\/05\\\/les-drones-et-les-armes-lourdes-monopolisent-la-lutte-entre-la-rdc-et-le-m23\\\/#primaryimage\",\"url\":\"https:\\\/\\\/adf-magazine.com\\\/wp-content\\\/uploads\\\/2024\\\/05\\\/AP24124628108015.jpg\",\"contentUrl\":\"https:\\\/\\\/adf-magazine.com\\\/wp-content\\\/uploads\\\/2024\\\/05\\\/AP24124628108015.jpg\",\"width\":1080,\"height\":720,\"caption\":\"Les gens se r\u00e9unissent au site d\u2019une explosion dans un camp de r\u00e9fugi\u00e9s aux abords de Goma (R\u00e9publique d\u00e9mocratique du Congo) le 3 mai. THE ASSOCIATED PRESS\"},{\"@type\":\"BreadcrumbList\",\"@id\":\"https:\\\/\\\/adf-magazine.com\\\/fr\\\/2024\\\/05\\\/les-drones-et-les-armes-lourdes-monopolisent-la-lutte-entre-la-rdc-et-le-m23\\\/#breadcrumb\",\"itemListElement\":[{\"@type\":\"ListItem\",\"position\":1,\"name\":\"page d\u2019accueil\",\"item\":\"https:\\\/\\\/adf-magazine.com\\\/\"},{\"@type\":\"ListItem\",\"position\":2,\"name\":\"Les drones et les armes lourdes monopolisent la lutte entre la RDC et le M23\"}]},{\"@type\":\"WebSite\",\"@id\":\"https:\\\/\\\/adf-magazine.com\\\/#website\",\"url\":\"https:\\\/\\\/adf-magazine.com\\\/\",\"name\":\"Africa Defense Forum\",\"description\":\"Africa Defense Forum\",\"potentialAction\":[{\"@type\":\"SearchAction\",\"target\":{\"@type\":\"EntryPoint\",\"urlTemplate\":\"https:\\\/\\\/adf-magazine.com\\\/?s={search_term_string}\"},\"query-input\":{\"@type\":\"PropertyValueSpecification\",\"valueRequired\":true,\"valueName\":\"search_term_string\"}}],\"inLanguage\":\"fr-FR\"},{\"@type\":\"Person\",\"@id\":\"https:\\\/\\\/adf-magazine.com\\\/#\\\/schema\\\/person\\\/f266a6061389568b5a11465bb38bc025\",\"name\":\"ADF\",\"image\":{\"@type\":\"ImageObject\",\"inLanguage\":\"fr-FR\",\"@id\":\"https:\\\/\\\/adf-magazine.com\\\/wp-content\\\/uploads\\\/2020\\\/05\\\/cropped-ADF_icon.jpg\",\"url\":\"https:\\\/\\\/adf-magazine.com\\\/wp-content\\\/uploads\\\/2020\\\/05\\\/cropped-ADF_icon.jpg\",\"contentUrl\":\"https:\\\/\\\/adf-magazine.com\\\/wp-content\\\/uploads\\\/2020\\\/05\\\/cropped-ADF_icon.jpg\",\"caption\":\"ADF\"},\"description\":\"ADF is a professional military magazine published quarterly by U.S. Africa Command to provide an international forum for African security professionals. ADF covers topics such as counter terrorism strategies, security and defense operations, transnational crime, and all other issues affecting peace, stability, and good governance on the African continent.\",\"sameAs\":[\"https:\\\/\\\/x.com\\\/ADFmagazine\"],\"url\":\"https:\\\/\\\/adf-magazine.com\\\/fr\\\/author\\\/adf\\\/\"}]}<\/script>\n<!-- \/ Yoast SEO plugin. -->","yoast_head_json":{"title":"Les drones et les armes lourdes monopolisent la lutte entre la RDC et le M23 - Africa Defense Forum","robots":{"index":"index","follow":"follow","max-snippet":"max-snippet:-1","max-image-preview":"max-image-preview:large","max-video-preview":"max-video-preview:-1"},"canonical":"https:\/\/adf-magazine.com\/fr\/2024\/05\/les-drones-et-les-armes-lourdes-monopolisent-la-lutte-entre-la-rdc-et-le-m23\/","og_locale":"fr_FR","og_type":"article","og_title":"Les drones et les armes lourdes monopolisent la lutte entre la RDC et le M23 - Africa Defense Forum","og_description":"PERSONNEL D\u2019ADF Un flux constant de civils bless\u00e9s marchent ou sont transport\u00e9s au-del\u00e0 des tentes autour de l\u2019h\u00f4pital Ndosho de Goma, la capitale provinciale de la province du Nord-Kivu (R\u00e9publique d\u00e9mocratique du Congo, RDC). L\u2019h\u00f4pital, soutenu par le Comit\u00e9 international de la Croix-Rouge (CICR), est \u00e0 plus du double de sa capacit\u00e9 normale, ce qui","og_url":"https:\/\/adf-magazine.com\/fr\/2024\/05\/les-drones-et-les-armes-lourdes-monopolisent-la-lutte-entre-la-rdc-et-le-m23\/","og_site_name":"Africa Defense Forum","article_publisher":"https:\/\/www.facebook.com\/ADFmagazine\/","article_published_time":"2024-05-28T19:56:32+00:00","article_modified_time":"2024-05-28T19:56:54+00:00","og_image":[{"width":1080,"height":720,"url":"https:\/\/adf-magazine.com\/wp-content\/uploads\/2024\/05\/AP24124628108015.jpg","type":"image\/jpeg"}],"author":"ADF","twitter_card":"summary_large_image","twitter_creator":"@ADFmagazine","twitter_site":"@ADFmagazine","twitter_misc":{"\u00c9crit par":"ADF","Dur\u00e9e de lecture estim\u00e9e":"4 minutes"},"schema":{"@context":"https:\/\/schema.org","@graph":[{"@type":"Article","@id":"https:\/\/adf-magazine.com\/fr\/2024\/05\/les-drones-et-les-armes-lourdes-monopolisent-la-lutte-entre-la-rdc-et-le-m23\/#article","isPartOf":{"@id":"https:\/\/adf-magazine.com\/fr\/2024\/05\/les-drones-et-les-armes-lourdes-monopolisent-la-lutte-entre-la-rdc-et-le-m23\/"},"author":{"name":"ADF","@id":"https:\/\/adf-magazine.com\/#\/schema\/person\/f266a6061389568b5a11465bb38bc025"},"headline":"Les drones et les armes lourdes monopolisent la lutte entre la RDC et le M23","datePublished":"2024-05-28T19:56:32+00:00","dateModified":"2024-05-28T19:56:54+00:00","mainEntityOfPage":{"@id":"https:\/\/adf-magazine.com\/fr\/2024\/05\/les-drones-et-les-armes-lourdes-monopolisent-la-lutte-entre-la-rdc-et-le-m23\/"},"wordCount":814,"commentCount":0,"image":{"@id":"https:\/\/adf-magazine.com\/fr\/2024\/05\/les-drones-et-les-armes-lourdes-monopolisent-la-lutte-entre-la-rdc-et-le-m23\/#primaryimage"},"thumbnailUrl":"https:\/\/adf-magazine.com\/wp-content\/uploads\/2024\/05\/AP24124628108015.jpg","keywords":["crimes de guerre","insurrection","R\u00e9publique du Congo","Rwanda","technologie"],"articleSection":["Actualit\u00e9s du Jour"],"inLanguage":"fr-FR","potentialAction":[{"@type":"CommentAction","name":"Comment","target":["https:\/\/adf-magazine.com\/fr\/2024\/05\/les-drones-et-les-armes-lourdes-monopolisent-la-lutte-entre-la-rdc-et-le-m23\/#respond"]}]},{"@type":"WebPage","@id":"https:\/\/adf-magazine.com\/fr\/2024\/05\/les-drones-et-les-armes-lourdes-monopolisent-la-lutte-entre-la-rdc-et-le-m23\/","url":"https:\/\/adf-magazine.com\/fr\/2024\/05\/les-drones-et-les-armes-lourdes-monopolisent-la-lutte-entre-la-rdc-et-le-m23\/","name":"Les drones et les armes lourdes monopolisent la lutte entre la RDC et le M23 - Africa Defense Forum","isPartOf":{"@id":"https:\/\/adf-magazine.com\/#website"},"primaryImageOfPage":{"@id":"https:\/\/adf-magazine.com\/fr\/2024\/05\/les-drones-et-les-armes-lourdes-monopolisent-la-lutte-entre-la-rdc-et-le-m23\/#primaryimage"},"image":{"@id":"https:\/\/adf-magazine.com\/fr\/2024\/05\/les-drones-et-les-armes-lourdes-monopolisent-la-lutte-entre-la-rdc-et-le-m23\/#primaryimage"},"thumbnailUrl":"https:\/\/adf-magazine.com\/wp-content\/uploads\/2024\/05\/AP24124628108015.jpg","datePublished":"2024-05-28T19:56:32+00:00","dateModified":"2024-05-28T19:56:54+00:00","author":{"@id":"https:\/\/adf-magazine.com\/#\/schema\/person\/f266a6061389568b5a11465bb38bc025"},"breadcrumb":{"@id":"https:\/\/adf-magazine.com\/fr\/2024\/05\/les-drones-et-les-armes-lourdes-monopolisent-la-lutte-entre-la-rdc-et-le-m23\/#breadcrumb"},"inLanguage":"fr-FR","potentialAction":[{"@type":"ReadAction","target":["https:\/\/adf-magazine.com\/fr\/2024\/05\/les-drones-et-les-armes-lourdes-monopolisent-la-lutte-entre-la-rdc-et-le-m23\/"]}]},{"@type":"ImageObject","inLanguage":"fr-FR","@id":"https:\/\/adf-magazine.com\/fr\/2024\/05\/les-drones-et-les-armes-lourdes-monopolisent-la-lutte-entre-la-rdc-et-le-m23\/#primaryimage","url":"https:\/\/adf-magazine.com\/wp-content\/uploads\/2024\/05\/AP24124628108015.jpg","contentUrl":"https:\/\/adf-magazine.com\/wp-content\/uploads\/2024\/05\/AP24124628108015.jpg","width":1080,"height":720,"caption":"Les gens se r\u00e9unissent au site d\u2019une explosion dans un camp de r\u00e9fugi\u00e9s aux abords de Goma (R\u00e9publique d\u00e9mocratique du Congo) le 3 mai. THE ASSOCIATED PRESS"},{"@type":"BreadcrumbList","@id":"https:\/\/adf-magazine.com\/fr\/2024\/05\/les-drones-et-les-armes-lourdes-monopolisent-la-lutte-entre-la-rdc-et-le-m23\/#breadcrumb","itemListElement":[{"@type":"ListItem","position":1,"name":"page d\u2019accueil","item":"https:\/\/adf-magazine.com\/"},{"@type":"ListItem","position":2,"name":"Les drones et les armes lourdes monopolisent la lutte entre la RDC et le M23"}]},{"@type":"WebSite","@id":"https:\/\/adf-magazine.com\/#website","url":"https:\/\/adf-magazine.com\/","name":"Africa Defense Forum","description":"Africa Defense Forum","potentialAction":[{"@type":"SearchAction","target":{"@type":"EntryPoint","urlTemplate":"https:\/\/adf-magazine.com\/?s={search_term_string}"},"query-input":{"@type":"PropertyValueSpecification","valueRequired":true,"valueName":"search_term_string"}}],"inLanguage":"fr-FR"},{"@type":"Person","@id":"https:\/\/adf-magazine.com\/#\/schema\/person\/f266a6061389568b5a11465bb38bc025","name":"ADF","image":{"@type":"ImageObject","inLanguage":"fr-FR","@id":"https:\/\/adf-magazine.com\/wp-content\/uploads\/2020\/05\/cropped-ADF_icon.jpg","url":"https:\/\/adf-magazine.com\/wp-content\/uploads\/2020\/05\/cropped-ADF_icon.jpg","contentUrl":"https:\/\/adf-magazine.com\/wp-content\/uploads\/2020\/05\/cropped-ADF_icon.jpg","caption":"ADF"},"description":"ADF is a professional military magazine published quarterly by U.S. Africa Command to provide an international forum for African security professionals. ADF covers topics such as counter terrorism strategies, security and defense operations, transnational crime, and all other issues affecting peace, stability, and good governance on the African continent.","sameAs":["https:\/\/x.com\/ADFmagazine"],"url":"https:\/\/adf-magazine.com\/fr\/author\/adf\/"}]}},"_links":{"self":[{"href":"https:\/\/adf-magazine.com\/fr\/wp-json\/wp\/v2\/posts\/114949","targetHints":{"allow":["GET"]}}],"collection":[{"href":"https:\/\/adf-magazine.com\/fr\/wp-json\/wp\/v2\/posts"}],"about":[{"href":"https:\/\/adf-magazine.com\/fr\/wp-json\/wp\/v2\/types\/post"}],"author":[{"embeddable":true,"href":"https:\/\/adf-magazine.com\/fr\/wp-json\/wp\/v2\/users\/1"}],"replies":[{"embeddable":true,"href":"https:\/\/adf-magazine.com\/fr\/wp-json\/wp\/v2\/comments?post=114949"}],"version-history":[{"count":0,"href":"https:\/\/adf-magazine.com\/fr\/wp-json\/wp\/v2\/posts\/114949\/revisions"}],"wp:featuredmedia":[{"embeddable":true,"href":"https:\/\/adf-magazine.com\/fr\/wp-json\/wp\/v2\/media\/114944"}],"wp:attachment":[{"href":"https:\/\/adf-magazine.com\/fr\/wp-json\/wp\/v2\/media?parent=114949"}],"wp:term":[{"taxonomy":"category","embeddable":true,"href":"https:\/\/adf-magazine.com\/fr\/wp-json\/wp\/v2\/categories?post=114949"},{"taxonomy":"post_tag","embeddable":true,"href":"https:\/\/adf-magazine.com\/fr\/wp-json\/wp\/v2\/tags?post=114949"}],"curies":[{"name":"wp","href":"https:\/\/api.w.org\/{rel}","templated":true}]}}