{"id":114820,"date":"2024-05-21T15:12:20","date_gmt":"2024-05-21T19:12:20","guid":{"rendered":"https:\/\/adf-magazine.com\/?p=114820"},"modified":"2024-05-21T15:12:49","modified_gmt":"2024-05-21T19:12:49","slug":"lafrique-du-sud-ouvre-le-premier-centre-de-recherche-ia-du-continent-dedie-a-la-defense","status":"publish","type":"post","link":"https:\/\/adf-magazine.com\/fr\/2024\/05\/lafrique-du-sud-ouvre-le-premier-centre-de-recherche-ia-du-continent-dedie-a-la-defense\/","title":{"rendered":"L\u2019Afrique du Sud ouvre le premier centre de recherche IA du continent d\u00e9di\u00e9 \u00e0 la d\u00e9fense"},"content":{"rendered":"<p style=\"font-weight: 400;\">PERSONNEL D\u2019ADF<\/p>\n<p style=\"font-weight: 400;\">L\u2019Afrique du Sud a lanc\u00e9 son tout dernier effort d\u2019exploration du potentiel de l\u2019intelligence artificielle (IA), cette fois-ci dans le domaine de la d\u00e9fense.<\/p>\n<p style=\"font-weight: 400;\">L\u2019unit\u00e9 de recherche sur l\u2019intelligence artificielle pour la d\u00e9fense (DAIRU) a ouvert ses portes au d\u00e9but mai \u00e0 l\u2019Acad\u00e9mie militaire sud-africaine dans la province du Cap-Occidental. C\u2019est le premier centre de ce type en Afrique, selon Mondli Gungubele, ministre des Communications et des Technologies num\u00e9riques d\u2019Afrique du Sud, qui d\u00e9clare que le centre repr\u00e9sente une mise \u00e0 profit strat\u00e9gique de l\u2019IA \u00e0 des fins de s\u00e9curit\u00e9 nationale.<\/p>\n<p style=\"font-weight: 400;\">\u00ab\u00a0Pour assurer la comp\u00e9titivit\u00e9 de l\u2019Afrique dans le monde, nous devons r\u00e9aliser qu\u2019il y a eu une course \u00e0 l\u2019espace, puis une course aux armements, et maintenant la course \u00e0 l\u2019IA, a-t-il d\u00e9clar\u00e9 lors de l\u2019ouverture du centre. Nous ne pouvons pas nous permettre de rester \u00e0 l\u2019\u00e9cart une fois de plus.\u00a0\u00bb<\/p>\n<p style=\"font-weight: 400;\">La croissance explosive de l\u2019IA dans le monde inclut de plus en plus son r\u00f4le dans le secteur de la d\u00e9fense et la s\u00e9curit\u00e9. Ses utilisations incluent le guidage des armes autonomes et la collecte des renseignements pour pr\u00e9dire quand le mat\u00e9riel n\u00e9cessite une maintenance afin d\u2019\u00e9viter les pannes. Le fait que ces t\u00e2ches concernent exclusivement le mandat du gouvernement signifie que ce sont des domaines o\u00f9 le gouvernement doit diriger l\u2019adoption de la technologie IA, selon lui.<\/p>\n<p style=\"font-weight: 400;\">\u00ab\u00a0Bien que les d\u00e9fis soient nombreux et difficiles, ils ne sont certainement pas insurmontables\u00a0\u00bb, a d\u00e9clar\u00e9 le ministre \u00e0 la premi\u00e8re conf\u00e9rence au sommet nationale gouvernementale sur l\u2019IA en avril.<\/p>\n<p style=\"font-weight: 400;\">\u00c0 l\u2019heure actuelle, le gouvernement perd des experts potentiels de l\u2019IA au b\u00e9n\u00e9fice du secteur priv\u00e9, ou d\u2019autres pays, d\u00e9clare-t-il. Afin de faire face \u00e0 l\u2019exode des cerveaux d\u00fb \u00e0 l\u2019IA en Afrique du Sud, il faut de meilleures opportunit\u00e9s, davantage d\u2019investissements en infrastructure de recherche et la promotion de l\u2019\u00e9ducation de l\u2019IA, selon Tshilidzi Marwala, recteur de l\u2019universit\u00e9 des Nations unies.<\/p>\n<p style=\"font-weight: 400;\">\u00ab\u00a0Il est aussi imp\u00e9ratif de cr\u00e9er un \u00e9cosyst\u00e8me de soutien et de tirer profit de la diaspora pour le transfert des connaissances\u00a0\u00bb, a d\u00e9clar\u00e9 le professeur Marwala dans son discours de d\u00e9cembre 2023.<\/p>\n<p style=\"font-weight: 400;\">En outre, selon un r\u00e9cent recensement conduit en Afrique du Sud en 2022, le pays ne forme pas suffisamment d\u2019\u00e9tudiants au niveau avanc\u00e9 n\u00e9cessaire pour d\u00e9velopper les aptitudes qui permettraient d\u2019\u00e9largir le r\u00f4le de l\u2019Afrique du Sud dans le domaine de l\u2019IA. Bien que pr\u00e8s de 87\u00a0% des \u00e9l\u00e8ves compl\u00e8tent leurs \u00e9tudes secondaires, moins de 6\u00a0% vont au coll\u00e8ge et seulement un peu plus de 2\u00a0% s\u2019inscrivent \u00e0 des \u00e9coles techniques.<\/p>\n<p style=\"font-weight: 400;\">Un rapport r\u00e9cent sur la croissance \u00e9conomique sugg\u00e8re que l\u2019Afrique du Sud prend du retard par rapport aux autres pays \u00e0 cause d\u2019un manque d\u2019investissement dans l\u2019innovation, la recherche et le d\u00e9veloppement.<\/p>\n<p style=\"font-weight: 400;\">\u00ab\u00a0Singuli\u00e8rement, ce sont en fait les m\u00e9triques importantes dans l\u2019\u00e8re de l\u2019IA\u00a0\u00bb, selon le professeur.<\/p>\n<p style=\"font-weight: 400;\">\u00c0 l\u2019\u00e9poque, il a fait appel \u00e0 l\u2019ouverture d\u2019autres centres de recherche dans le pays, qui se focaliseraient sur diff\u00e9rents aspects de l\u2019IA.<\/p>\n<p style=\"font-weight: 400;\">\u00ab\u00a0Des investissements robustes dans les installations et les d\u00e9penses de recherche pour faciliter la consolidation des chercheurs et des professeurs sont cruciaux pour cr\u00e9er une \u00e9conomie propuls\u00e9e par l\u2019IA.\u00a0\u00bb.<\/p>\n<p style=\"font-weight: 400;\">Lors du lancement de la DAIRU, le lieutenant-g\u00e9n\u00e9ral Michael Ramantswana, chef d\u2019\u00e9tat-major de la Force nationale de d\u00e9fense d\u2019Afrique du Sud, a not\u00e9 que l\u2019ouverture du centre de recherche refl\u00e9tait l\u2019engagement de l\u2019Afrique du Sud pour tirer profit de l\u2019IA \u00e0 des fins d\u2019avanc\u00e9es militaires.<\/p>\n<p style=\"font-weight: 400;\">\u00ab\u00a0Comme l\u2019\u00e9lectricit\u00e9 ou les combustibles fossiles, l\u2019IA a le potentiel de red\u00e9finir les arm\u00e9es modernes et de refa\u00e7onner l\u2019\u00e9quilibre mondial du pouvoir\u00a0\u00bb, a d\u00e9clar\u00e9 Mondli Gungubele lors du lancement de la DAIRU.<\/p>\n","protected":false},"excerpt":{"rendered":"<p>PERSONNEL D\u2019ADF L\u2019Afrique du Sud a lanc\u00e9 son tout dernier effort d\u2019exploration du potentiel de l\u2019intelligence artificielle (IA), cette fois-ci dans le domaine de la d\u00e9fense. L\u2019unit\u00e9 de recherche sur l\u2019intelligence artificielle pour la d\u00e9fense (DAIRU) a ouvert ses portes au d\u00e9but mai \u00e0 l\u2019Acad\u00e9mie militaire sud-africaine dans la province du Cap-Occidental. C\u2019est le premier<\/p>\n","protected":false},"author":1,"featured_media":114816,"comment_status":"open","ping_status":"closed","sticky":false,"template":"","format":"standard","meta":{"_acf_changed":false,"_monsterinsights_skip_tracking":false,"_monsterinsights_sitenote_active":false,"_monsterinsights_sitenote_note":"","_monsterinsights_sitenote_category":0,"_uf_show_specific_survey":0,"_uf_disable_surveys":false,"footnotes":""},"categories":[331],"tags":[411,1016],"class_list":{"0":"post-114820","1":"post","2":"type-post","3":"status-publish","4":"format-standard","5":"has-post-thumbnail","7":"category-dernieres-nouvelles","8":"tag-afrique-du-sud","9":"tag-securite-nationale"},"acf":[],"yoast_head":"<!-- This site is optimized with the Yoast SEO plugin v27.5 - https:\/\/yoast.com\/product\/yoast-seo-wordpress\/ -->\n<title>L\u2019Afrique du Sud ouvre le premier centre de recherche IA du continent d\u00e9di\u00e9 \u00e0 la d\u00e9fense - Africa Defense Forum<\/title>\n<meta name=\"robots\" content=\"index, follow, max-snippet:-1, max-image-preview:large, max-video-preview:-1\" \/>\n<link rel=\"canonical\" href=\"https:\/\/adf-magazine.com\/fr\/2024\/05\/lafrique-du-sud-ouvre-le-premier-centre-de-recherche-ia-du-continent-dedie-a-la-defense\/\" \/>\n<meta property=\"og:locale\" content=\"fr_FR\" \/>\n<meta property=\"og:type\" content=\"article\" \/>\n<meta property=\"og:title\" content=\"L\u2019Afrique du Sud ouvre le premier centre de recherche IA du continent d\u00e9di\u00e9 \u00e0 la d\u00e9fense - Africa Defense Forum\" \/>\n<meta property=\"og:description\" content=\"PERSONNEL D\u2019ADF L\u2019Afrique du Sud a lanc\u00e9 son tout dernier effort d\u2019exploration du potentiel de l\u2019intelligence artificielle (IA), cette fois-ci dans le domaine de la d\u00e9fense. L\u2019unit\u00e9 de recherche sur l\u2019intelligence artificielle pour la d\u00e9fense (DAIRU) a ouvert ses portes au d\u00e9but mai \u00e0 l\u2019Acad\u00e9mie militaire sud-africaine dans la province du Cap-Occidental. C\u2019est le premier\" \/>\n<meta property=\"og:url\" content=\"https:\/\/adf-magazine.com\/fr\/2024\/05\/lafrique-du-sud-ouvre-le-premier-centre-de-recherche-ia-du-continent-dedie-a-la-defense\/\" \/>\n<meta property=\"og:site_name\" content=\"Africa Defense Forum\" \/>\n<meta property=\"article:publisher\" content=\"https:\/\/www.facebook.com\/ADFmagazine\/\" \/>\n<meta property=\"article:published_time\" content=\"2024-05-21T19:12:20+00:00\" \/>\n<meta property=\"article:modified_time\" content=\"2024-05-21T19:12:49+00:00\" \/>\n<meta property=\"og:image\" content=\"https:\/\/adf-magazine.com\/wp-content\/uploads\/2024\/05\/441546872_761455082826671_4459354458035859190_n.jpg\" \/>\n\t<meta property=\"og:image:width\" content=\"1280\" \/>\n\t<meta property=\"og:image:height\" content=\"954\" \/>\n\t<meta property=\"og:image:type\" content=\"image\/jpeg\" \/>\n<meta name=\"author\" content=\"ADF\" \/>\n<meta name=\"twitter:card\" content=\"summary_large_image\" \/>\n<meta name=\"twitter:creator\" content=\"@ADFmagazine\" \/>\n<meta name=\"twitter:site\" content=\"@ADFmagazine\" \/>\n<meta name=\"twitter:label1\" content=\"\u00c9crit par\" \/>\n\t<meta name=\"twitter:data1\" content=\"ADF\" \/>\n\t<meta name=\"twitter:label2\" content=\"Dur\u00e9e de lecture estim\u00e9e\" \/>\n\t<meta name=\"twitter:data2\" content=\"3 minutes\" \/>\n<script type=\"application\/ld+json\" class=\"yoast-schema-graph\">{\"@context\":\"https:\\\/\\\/schema.org\",\"@graph\":[{\"@type\":\"Article\",\"@id\":\"https:\\\/\\\/adf-magazine.com\\\/fr\\\/2024\\\/05\\\/lafrique-du-sud-ouvre-le-premier-centre-de-recherche-ia-du-continent-dedie-a-la-defense\\\/#article\",\"isPartOf\":{\"@id\":\"https:\\\/\\\/adf-magazine.com\\\/fr\\\/2024\\\/05\\\/lafrique-du-sud-ouvre-le-premier-centre-de-recherche-ia-du-continent-dedie-a-la-defense\\\/\"},\"author\":{\"name\":\"ADF\",\"@id\":\"https:\\\/\\\/adf-magazine.com\\\/#\\\/schema\\\/person\\\/f266a6061389568b5a11465bb38bc025\"},\"headline\":\"L\u2019Afrique du Sud ouvre le premier centre de recherche IA du continent d\u00e9di\u00e9 \u00e0 la d\u00e9fense\",\"datePublished\":\"2024-05-21T19:12:20+00:00\",\"dateModified\":\"2024-05-21T19:12:49+00:00\",\"mainEntityOfPage\":{\"@id\":\"https:\\\/\\\/adf-magazine.com\\\/fr\\\/2024\\\/05\\\/lafrique-du-sud-ouvre-le-premier-centre-de-recherche-ia-du-continent-dedie-a-la-defense\\\/\"},\"wordCount\":706,\"commentCount\":0,\"image\":{\"@id\":\"https:\\\/\\\/adf-magazine.com\\\/fr\\\/2024\\\/05\\\/lafrique-du-sud-ouvre-le-premier-centre-de-recherche-ia-du-continent-dedie-a-la-defense\\\/#primaryimage\"},\"thumbnailUrl\":\"https:\\\/\\\/adf-magazine.com\\\/wp-content\\\/uploads\\\/2024\\\/05\\\/441546872_761455082826671_4459354458035859190_n.jpg\",\"keywords\":[\"Afrique du Sud\",\"s\u00e9curit\u00e9 nationale\"],\"articleSection\":[\"Actualit\u00e9s du Jour\"],\"inLanguage\":\"fr-FR\",\"potentialAction\":[{\"@type\":\"CommentAction\",\"name\":\"Comment\",\"target\":[\"https:\\\/\\\/adf-magazine.com\\\/fr\\\/2024\\\/05\\\/lafrique-du-sud-ouvre-le-premier-centre-de-recherche-ia-du-continent-dedie-a-la-defense\\\/#respond\"]}]},{\"@type\":\"WebPage\",\"@id\":\"https:\\\/\\\/adf-magazine.com\\\/fr\\\/2024\\\/05\\\/lafrique-du-sud-ouvre-le-premier-centre-de-recherche-ia-du-continent-dedie-a-la-defense\\\/\",\"url\":\"https:\\\/\\\/adf-magazine.com\\\/fr\\\/2024\\\/05\\\/lafrique-du-sud-ouvre-le-premier-centre-de-recherche-ia-du-continent-dedie-a-la-defense\\\/\",\"name\":\"L\u2019Afrique du Sud ouvre le premier centre de recherche IA du continent d\u00e9di\u00e9 \u00e0 la d\u00e9fense - Africa Defense Forum\",\"isPartOf\":{\"@id\":\"https:\\\/\\\/adf-magazine.com\\\/#website\"},\"primaryImageOfPage\":{\"@id\":\"https:\\\/\\\/adf-magazine.com\\\/fr\\\/2024\\\/05\\\/lafrique-du-sud-ouvre-le-premier-centre-de-recherche-ia-du-continent-dedie-a-la-defense\\\/#primaryimage\"},\"image\":{\"@id\":\"https:\\\/\\\/adf-magazine.com\\\/fr\\\/2024\\\/05\\\/lafrique-du-sud-ouvre-le-premier-centre-de-recherche-ia-du-continent-dedie-a-la-defense\\\/#primaryimage\"},\"thumbnailUrl\":\"https:\\\/\\\/adf-magazine.com\\\/wp-content\\\/uploads\\\/2024\\\/05\\\/441546872_761455082826671_4459354458035859190_n.jpg\",\"datePublished\":\"2024-05-21T19:12:20+00:00\",\"dateModified\":\"2024-05-21T19:12:49+00:00\",\"author\":{\"@id\":\"https:\\\/\\\/adf-magazine.com\\\/#\\\/schema\\\/person\\\/f266a6061389568b5a11465bb38bc025\"},\"breadcrumb\":{\"@id\":\"https:\\\/\\\/adf-magazine.com\\\/fr\\\/2024\\\/05\\\/lafrique-du-sud-ouvre-le-premier-centre-de-recherche-ia-du-continent-dedie-a-la-defense\\\/#breadcrumb\"},\"inLanguage\":\"fr-FR\",\"potentialAction\":[{\"@type\":\"ReadAction\",\"target\":[\"https:\\\/\\\/adf-magazine.com\\\/fr\\\/2024\\\/05\\\/lafrique-du-sud-ouvre-le-premier-centre-de-recherche-ia-du-continent-dedie-a-la-defense\\\/\"]}]},{\"@type\":\"ImageObject\",\"inLanguage\":\"fr-FR\",\"@id\":\"https:\\\/\\\/adf-magazine.com\\\/fr\\\/2024\\\/05\\\/lafrique-du-sud-ouvre-le-premier-centre-de-recherche-ia-du-continent-dedie-a-la-defense\\\/#primaryimage\",\"url\":\"https:\\\/\\\/adf-magazine.com\\\/wp-content\\\/uploads\\\/2024\\\/05\\\/441546872_761455082826671_4459354458035859190_n.jpg\",\"contentUrl\":\"https:\\\/\\\/adf-magazine.com\\\/wp-content\\\/uploads\\\/2024\\\/05\\\/441546872_761455082826671_4459354458035859190_n.jpg\",\"width\":1280,\"height\":954,\"caption\":\"Mondli Gungubele (\u00e0 gauche), ministre des Communications et des Technologies num\u00e9riques d\u2019Afrique du Sud, a lanc\u00e9 l\u2019unit\u00e9 de recherche en intelligence artificielle pour la d\u00e9fense, quatri\u00e8me centre de recherche du pays pour l\u2019IA. FORCE NATIONALE DE D\u00c9FENSE D\u2019AFRIQUE DU SUD\"},{\"@type\":\"BreadcrumbList\",\"@id\":\"https:\\\/\\\/adf-magazine.com\\\/fr\\\/2024\\\/05\\\/lafrique-du-sud-ouvre-le-premier-centre-de-recherche-ia-du-continent-dedie-a-la-defense\\\/#breadcrumb\",\"itemListElement\":[{\"@type\":\"ListItem\",\"position\":1,\"name\":\"page d\u2019accueil\",\"item\":\"https:\\\/\\\/adf-magazine.com\\\/\"},{\"@type\":\"ListItem\",\"position\":2,\"name\":\"L\u2019Afrique du Sud ouvre le premier centre de recherche IA du continent d\u00e9di\u00e9 \u00e0 la d\u00e9fense\"}]},{\"@type\":\"WebSite\",\"@id\":\"https:\\\/\\\/adf-magazine.com\\\/#website\",\"url\":\"https:\\\/\\\/adf-magazine.com\\\/\",\"name\":\"Africa Defense Forum\",\"description\":\"Africa Defense Forum\",\"potentialAction\":[{\"@type\":\"SearchAction\",\"target\":{\"@type\":\"EntryPoint\",\"urlTemplate\":\"https:\\\/\\\/adf-magazine.com\\\/?s={search_term_string}\"},\"query-input\":{\"@type\":\"PropertyValueSpecification\",\"valueRequired\":true,\"valueName\":\"search_term_string\"}}],\"inLanguage\":\"fr-FR\"},{\"@type\":\"Person\",\"@id\":\"https:\\\/\\\/adf-magazine.com\\\/#\\\/schema\\\/person\\\/f266a6061389568b5a11465bb38bc025\",\"name\":\"ADF\",\"image\":{\"@type\":\"ImageObject\",\"inLanguage\":\"fr-FR\",\"@id\":\"https:\\\/\\\/adf-magazine.com\\\/wp-content\\\/uploads\\\/2020\\\/05\\\/cropped-ADF_icon.jpg\",\"url\":\"https:\\\/\\\/adf-magazine.com\\\/wp-content\\\/uploads\\\/2020\\\/05\\\/cropped-ADF_icon.jpg\",\"contentUrl\":\"https:\\\/\\\/adf-magazine.com\\\/wp-content\\\/uploads\\\/2020\\\/05\\\/cropped-ADF_icon.jpg\",\"caption\":\"ADF\"},\"description\":\"ADF is a professional military magazine published quarterly by U.S. Africa Command to provide an international forum for African security professionals. ADF covers topics such as counter terrorism strategies, security and defense operations, transnational crime, and all other issues affecting peace, stability, and good governance on the African continent.\",\"sameAs\":[\"https:\\\/\\\/x.com\\\/ADFmagazine\"],\"url\":\"https:\\\/\\\/adf-magazine.com\\\/fr\\\/author\\\/adf\\\/\"}]}<\/script>\n<!-- \/ Yoast SEO plugin. -->","yoast_head_json":{"title":"L\u2019Afrique du Sud ouvre le premier centre de recherche IA du continent d\u00e9di\u00e9 \u00e0 la d\u00e9fense - Africa Defense Forum","robots":{"index":"index","follow":"follow","max-snippet":"max-snippet:-1","max-image-preview":"max-image-preview:large","max-video-preview":"max-video-preview:-1"},"canonical":"https:\/\/adf-magazine.com\/fr\/2024\/05\/lafrique-du-sud-ouvre-le-premier-centre-de-recherche-ia-du-continent-dedie-a-la-defense\/","og_locale":"fr_FR","og_type":"article","og_title":"L\u2019Afrique du Sud ouvre le premier centre de recherche IA du continent d\u00e9di\u00e9 \u00e0 la d\u00e9fense - Africa Defense Forum","og_description":"PERSONNEL D\u2019ADF L\u2019Afrique du Sud a lanc\u00e9 son tout dernier effort d\u2019exploration du potentiel de l\u2019intelligence artificielle (IA), cette fois-ci dans le domaine de la d\u00e9fense. L\u2019unit\u00e9 de recherche sur l\u2019intelligence artificielle pour la d\u00e9fense (DAIRU) a ouvert ses portes au d\u00e9but mai \u00e0 l\u2019Acad\u00e9mie militaire sud-africaine dans la province du Cap-Occidental. C\u2019est le premier","og_url":"https:\/\/adf-magazine.com\/fr\/2024\/05\/lafrique-du-sud-ouvre-le-premier-centre-de-recherche-ia-du-continent-dedie-a-la-defense\/","og_site_name":"Africa Defense Forum","article_publisher":"https:\/\/www.facebook.com\/ADFmagazine\/","article_published_time":"2024-05-21T19:12:20+00:00","article_modified_time":"2024-05-21T19:12:49+00:00","og_image":[{"width":1280,"height":954,"url":"https:\/\/adf-magazine.com\/wp-content\/uploads\/2024\/05\/441546872_761455082826671_4459354458035859190_n.jpg","type":"image\/jpeg"}],"author":"ADF","twitter_card":"summary_large_image","twitter_creator":"@ADFmagazine","twitter_site":"@ADFmagazine","twitter_misc":{"\u00c9crit par":"ADF","Dur\u00e9e de lecture estim\u00e9e":"3 minutes"},"schema":{"@context":"https:\/\/schema.org","@graph":[{"@type":"Article","@id":"https:\/\/adf-magazine.com\/fr\/2024\/05\/lafrique-du-sud-ouvre-le-premier-centre-de-recherche-ia-du-continent-dedie-a-la-defense\/#article","isPartOf":{"@id":"https:\/\/adf-magazine.com\/fr\/2024\/05\/lafrique-du-sud-ouvre-le-premier-centre-de-recherche-ia-du-continent-dedie-a-la-defense\/"},"author":{"name":"ADF","@id":"https:\/\/adf-magazine.com\/#\/schema\/person\/f266a6061389568b5a11465bb38bc025"},"headline":"L\u2019Afrique du Sud ouvre le premier centre de recherche IA du continent d\u00e9di\u00e9 \u00e0 la d\u00e9fense","datePublished":"2024-05-21T19:12:20+00:00","dateModified":"2024-05-21T19:12:49+00:00","mainEntityOfPage":{"@id":"https:\/\/adf-magazine.com\/fr\/2024\/05\/lafrique-du-sud-ouvre-le-premier-centre-de-recherche-ia-du-continent-dedie-a-la-defense\/"},"wordCount":706,"commentCount":0,"image":{"@id":"https:\/\/adf-magazine.com\/fr\/2024\/05\/lafrique-du-sud-ouvre-le-premier-centre-de-recherche-ia-du-continent-dedie-a-la-defense\/#primaryimage"},"thumbnailUrl":"https:\/\/adf-magazine.com\/wp-content\/uploads\/2024\/05\/441546872_761455082826671_4459354458035859190_n.jpg","keywords":["Afrique du Sud","s\u00e9curit\u00e9 nationale"],"articleSection":["Actualit\u00e9s du Jour"],"inLanguage":"fr-FR","potentialAction":[{"@type":"CommentAction","name":"Comment","target":["https:\/\/adf-magazine.com\/fr\/2024\/05\/lafrique-du-sud-ouvre-le-premier-centre-de-recherche-ia-du-continent-dedie-a-la-defense\/#respond"]}]},{"@type":"WebPage","@id":"https:\/\/adf-magazine.com\/fr\/2024\/05\/lafrique-du-sud-ouvre-le-premier-centre-de-recherche-ia-du-continent-dedie-a-la-defense\/","url":"https:\/\/adf-magazine.com\/fr\/2024\/05\/lafrique-du-sud-ouvre-le-premier-centre-de-recherche-ia-du-continent-dedie-a-la-defense\/","name":"L\u2019Afrique du Sud ouvre le premier centre de recherche IA du continent d\u00e9di\u00e9 \u00e0 la d\u00e9fense - Africa Defense Forum","isPartOf":{"@id":"https:\/\/adf-magazine.com\/#website"},"primaryImageOfPage":{"@id":"https:\/\/adf-magazine.com\/fr\/2024\/05\/lafrique-du-sud-ouvre-le-premier-centre-de-recherche-ia-du-continent-dedie-a-la-defense\/#primaryimage"},"image":{"@id":"https:\/\/adf-magazine.com\/fr\/2024\/05\/lafrique-du-sud-ouvre-le-premier-centre-de-recherche-ia-du-continent-dedie-a-la-defense\/#primaryimage"},"thumbnailUrl":"https:\/\/adf-magazine.com\/wp-content\/uploads\/2024\/05\/441546872_761455082826671_4459354458035859190_n.jpg","datePublished":"2024-05-21T19:12:20+00:00","dateModified":"2024-05-21T19:12:49+00:00","author":{"@id":"https:\/\/adf-magazine.com\/#\/schema\/person\/f266a6061389568b5a11465bb38bc025"},"breadcrumb":{"@id":"https:\/\/adf-magazine.com\/fr\/2024\/05\/lafrique-du-sud-ouvre-le-premier-centre-de-recherche-ia-du-continent-dedie-a-la-defense\/#breadcrumb"},"inLanguage":"fr-FR","potentialAction":[{"@type":"ReadAction","target":["https:\/\/adf-magazine.com\/fr\/2024\/05\/lafrique-du-sud-ouvre-le-premier-centre-de-recherche-ia-du-continent-dedie-a-la-defense\/"]}]},{"@type":"ImageObject","inLanguage":"fr-FR","@id":"https:\/\/adf-magazine.com\/fr\/2024\/05\/lafrique-du-sud-ouvre-le-premier-centre-de-recherche-ia-du-continent-dedie-a-la-defense\/#primaryimage","url":"https:\/\/adf-magazine.com\/wp-content\/uploads\/2024\/05\/441546872_761455082826671_4459354458035859190_n.jpg","contentUrl":"https:\/\/adf-magazine.com\/wp-content\/uploads\/2024\/05\/441546872_761455082826671_4459354458035859190_n.jpg","width":1280,"height":954,"caption":"Mondli Gungubele (\u00e0 gauche), ministre des Communications et des Technologies num\u00e9riques d\u2019Afrique du Sud, a lanc\u00e9 l\u2019unit\u00e9 de recherche en intelligence artificielle pour la d\u00e9fense, quatri\u00e8me centre de recherche du pays pour l\u2019IA. FORCE NATIONALE DE D\u00c9FENSE D\u2019AFRIQUE DU SUD"},{"@type":"BreadcrumbList","@id":"https:\/\/adf-magazine.com\/fr\/2024\/05\/lafrique-du-sud-ouvre-le-premier-centre-de-recherche-ia-du-continent-dedie-a-la-defense\/#breadcrumb","itemListElement":[{"@type":"ListItem","position":1,"name":"page d\u2019accueil","item":"https:\/\/adf-magazine.com\/"},{"@type":"ListItem","position":2,"name":"L\u2019Afrique du Sud ouvre le premier centre de recherche IA du continent d\u00e9di\u00e9 \u00e0 la d\u00e9fense"}]},{"@type":"WebSite","@id":"https:\/\/adf-magazine.com\/#website","url":"https:\/\/adf-magazine.com\/","name":"Africa Defense Forum","description":"Africa Defense Forum","potentialAction":[{"@type":"SearchAction","target":{"@type":"EntryPoint","urlTemplate":"https:\/\/adf-magazine.com\/?s={search_term_string}"},"query-input":{"@type":"PropertyValueSpecification","valueRequired":true,"valueName":"search_term_string"}}],"inLanguage":"fr-FR"},{"@type":"Person","@id":"https:\/\/adf-magazine.com\/#\/schema\/person\/f266a6061389568b5a11465bb38bc025","name":"ADF","image":{"@type":"ImageObject","inLanguage":"fr-FR","@id":"https:\/\/adf-magazine.com\/wp-content\/uploads\/2020\/05\/cropped-ADF_icon.jpg","url":"https:\/\/adf-magazine.com\/wp-content\/uploads\/2020\/05\/cropped-ADF_icon.jpg","contentUrl":"https:\/\/adf-magazine.com\/wp-content\/uploads\/2020\/05\/cropped-ADF_icon.jpg","caption":"ADF"},"description":"ADF is a professional military magazine published quarterly by U.S. Africa Command to provide an international forum for African security professionals. ADF covers topics such as counter terrorism strategies, security and defense operations, transnational crime, and all other issues affecting peace, stability, and good governance on the African continent.","sameAs":["https:\/\/x.com\/ADFmagazine"],"url":"https:\/\/adf-magazine.com\/fr\/author\/adf\/"}]}},"_links":{"self":[{"href":"https:\/\/adf-magazine.com\/fr\/wp-json\/wp\/v2\/posts\/114820","targetHints":{"allow":["GET"]}}],"collection":[{"href":"https:\/\/adf-magazine.com\/fr\/wp-json\/wp\/v2\/posts"}],"about":[{"href":"https:\/\/adf-magazine.com\/fr\/wp-json\/wp\/v2\/types\/post"}],"author":[{"embeddable":true,"href":"https:\/\/adf-magazine.com\/fr\/wp-json\/wp\/v2\/users\/1"}],"replies":[{"embeddable":true,"href":"https:\/\/adf-magazine.com\/fr\/wp-json\/wp\/v2\/comments?post=114820"}],"version-history":[{"count":0,"href":"https:\/\/adf-magazine.com\/fr\/wp-json\/wp\/v2\/posts\/114820\/revisions"}],"wp:featuredmedia":[{"embeddable":true,"href":"https:\/\/adf-magazine.com\/fr\/wp-json\/wp\/v2\/media\/114816"}],"wp:attachment":[{"href":"https:\/\/adf-magazine.com\/fr\/wp-json\/wp\/v2\/media?parent=114820"}],"wp:term":[{"taxonomy":"category","embeddable":true,"href":"https:\/\/adf-magazine.com\/fr\/wp-json\/wp\/v2\/categories?post=114820"},{"taxonomy":"post_tag","embeddable":true,"href":"https:\/\/adf-magazine.com\/fr\/wp-json\/wp\/v2\/tags?post=114820"}],"curies":[{"name":"wp","href":"https:\/\/api.w.org\/{rel}","templated":true}]}}