{"id":114788,"date":"2024-05-21T14:55:09","date_gmt":"2024-05-21T18:55:09","guid":{"rendered":"https:\/\/adf-magazine.com\/?p=114788"},"modified":"2024-05-21T14:55:27","modified_gmt":"2024-05-21T18:55:27","slug":"la-coalition-touareg-menace-de-faire-perdurer-linstabilite-dans-le-nord-du-mali","status":"publish","type":"post","link":"https:\/\/adf-magazine.com\/fr\/2024\/05\/la-coalition-touareg-menace-de-faire-perdurer-linstabilite-dans-le-nord-du-mali\/","title":{"rendered":"La coalition touareg menace de faire perdurer l\u2019instabilit\u00e9 dans le Nord du Mali"},"content":{"rendered":"<p style=\"font-weight: 400;\">PERSONNEL D\u2019ADF<\/p>\n<p style=\"font-weight: 400;\">Les rebelles touaregs dans le Nord du Mali ont r\u00e9cemment annonc\u00e9 la cr\u00e9ation d\u2019une nouvelle coalition pour combattre le gouvernement militaire pour le contr\u00f4le du territoire appel\u00e9 l\u2019Azawad.<\/p>\n<p style=\"font-weight: 400;\">La nouvelle alliance, appel\u00e9e Cadre strat\u00e9gique permanent pour la d\u00e9fense du peuple de l\u2019Azawad (CSP-DPA), est conduite par Bilal Ag Acherif, personnage cl\u00e9 d\u2019une r\u00e9bellion qui dure depuis douze ans. Initialement dirig\u00e9e par les combattants touaregs, la r\u00e9bellion a attir\u00e9 le soutien de groupes li\u00e9s \u00e0 Al-Qa\u00efda, ce qui a conduit \u00e0 des actes de terrorisme. Bilal Ag Acherif affirme que son groupe ne fait pas partie d\u2019Al-Qa\u00efda.<\/p>\n<p style=\"font-weight: 400;\">En formant le CSP-DPA, les chefs rebelles ont d\u00e9nonc\u00e9 le terrorisme tout en faisant appel aux sympathisants de la r\u00e9gion de l\u2019Azawad pour qu\u2019ils s\u2019unissent afin de d\u00e9fendre le territoire.<\/p>\n<p style=\"font-weight: 400;\">\u00ab\u00a0L\u2019un des objectifs primaires et majeurs de la nouvelle structure est d\u2019obtenir par tous les moyens un statut politique et juridique pour le territoire de l\u2019Azawad\u00a0\u00bb, a d\u00e9clar\u00e9 le leadership lors de l\u2019annonce de la cr\u00e9ation du CSP-DPA.<\/p>\n<p style=\"font-weight: 400;\">La junte du Mali a saisi le pouvoir en 2020 apr\u00e8s avoir accus\u00e9 le gouvernement civil du pays d\u2019avoir \u00e9chou\u00e9 dans ses efforts de contr\u00f4le de la r\u00e9bellion dans le Nord du pays. Depuis lors, les chefs de la junte ont eu eux aussi des difficult\u00e9s pour mettre fin aux activit\u00e9s terroristes.<\/p>\n<p style=\"font-weight: 400;\">En 2023, la junte a recrut\u00e9 le groupe Wagner de Russie, rebaptis\u00e9 aujourd\u2019hui l\u2019Africa Corps, pour l\u2019aider \u00e0 combattre les rebelles touaregs. \u00c0 partir d\u2019ao\u00fbt 2023, les combats ont commenc\u00e9 \u00e0 s\u2019intensifier entre les rebelles touaregs et les forces gouvernementales soutenues par les mercenaires de la Wagner.<\/p>\n<p style=\"font-weight: 400;\">\u00ab\u00a0Le but consiste \u00e0 contr\u00f4ler autant de territoire que possible avec l\u2019aide des mercenaires russes\u00a0\u00bb, d\u00e9clare \u00e0 DW Ulf Laessing, chef du programme du Sahel de la Fondation Konrad Adenauer \u00e0 Bamako.<\/p>\n<p style=\"font-weight: 400;\">Avec l\u2019appui de la Wagner, l\u2019arm\u00e9e malienne a pris le contr\u00f4le de Kidal, centre d\u2019activit\u00e9s rebelles dans le Nord-Est du Mali. L\u2019assaut de Kidal, qui s\u2019est accompagn\u00e9 de frappes de drone, a tu\u00e9 des dizaines de femmes et d\u2019enfants et chass\u00e9 pr\u00e8s de 12.000\u00a0personnes de leur foyer.<\/p>\n<p style=\"font-weight: 400;\">Kidal fait partie du territoire que les Touaregs appellent l\u2019Azawad. Ce territoire comprend le Sud de l\u2019Alg\u00e9rie, l\u2019Est du Mali et l\u2019Ouest du Niger. La ville avait fait l\u2019objet de victoires rebelles contre les forces gouvernementales en 2012 et 2014.<\/p>\n<p style=\"font-weight: 400;\">En janvier, la junte a annonc\u00e9 qu\u2019elle cesserait de respecter l\u2019accord de paix de 2015 entre le gouvernement malien et les rebelles du Nord.<\/p>\n<p style=\"font-weight: 400;\">Depuis lors, les combats se sont intensifi\u00e9s alors que les Nations unies ont satisfait \u00e0 la demande des putschistes pour retirer leur mission multidimensionnelle int\u00e9gr\u00e9e pour la stabilisation au Mali en ao\u00fbt 2023. Au cours des derni\u00e8res semaines, la junte a interdit les partis politiques et annonc\u00e9 qu\u2019elle resterait au pouvoir trois ans de plus.<\/p>\n<p style=\"font-weight: 400;\">Depuis la capture de Kidal, les forces gouvernementales n\u2019ont pas fait grand-chose alors que les rebelles ailleurs dans le pays se sentent encourag\u00e9s, selon les observateurs.<\/p>\n<p style=\"font-weight: 400;\">\u00ab\u00a0Il est difficile de garder at approvisionner Kidal, ce qui veut dire que les routes importantes du centre du pays sont moins gard\u00e9es et les acteurs islamiques radicaux se propagent dans cette r\u00e9gion\u00a0\u00bb, d\u00e9clare \u00e0 DW Christian Klatt, chef de la Fondation Friedrich Ebert \u00e0 Bamako.<\/p>\n<p style=\"font-weight: 400;\">La cr\u00e9ation du CSP-DPA fait rappeler que la junte malienne n\u2019a pas jusqu\u2019\u00e0 pr\u00e9sent \u00e9limin\u00e9 la r\u00e9bellion touareg alors m\u00eame que les chefs putschistes renforcent leur pr\u00e9sence militaire avec l\u2019aide de la Russie et limitent la libert\u00e9 de parole au nom de la lutte contre le terrorisme.<\/p>\n<p style=\"font-weight: 400;\">\u00ab\u00a0Les Azawadis n\u2019avaient pas d\u2019autre choix que de riposter apr\u00e8s l\u2019attaque de plusieurs de leurs sites par l\u2019arm\u00e9e malienne et les mercenaires de Wagner\u00a0\u00bb, a d\u00e9clar\u00e9 Bilal Ag Acherif au Centre international pour les initiatives de dialogue en d\u00e9cembre dernier. \u00ab\u00a0L\u2019atteinte d\u2019une solution n\u00e9cessitera une formule qui donne une autonomie aux Azawadis et s\u2019accompagne du retrait des putschistes hors de notre territoire.\u00a0\u00bb<\/p>\n<p style=\"font-weight: 400;\">En r\u00e9ponse aux attaques par le groupe Wagner et l\u2019arm\u00e9e malienne, les groupes rebelles ont chang\u00e9 leurs tactiques pour conduire des attaques-surprises ainsi que des blocus et des bombes plant\u00e9es en bordure de route pour cibler les forces arm\u00e9es.<\/p>\n<p style=\"font-weight: 400;\">\u00ab\u00a0Ils \u00e9vitent les batailles organis\u00e9es parce qu\u2019ils comprennent qu\u2019ils n\u2019ont aucune chance contre les mercenaires russes et l\u2019arm\u00e9e malienne, d\u00e9clare Ulf Laessing. D\u2019un autre c\u00f4t\u00e9, l\u2019arm\u00e9e malienne n\u2019est pas non plus capable de contr\u00f4ler ce pays immense. Il y aura toujours des vides.\u00a0\u00bb<\/p>\n","protected":false},"excerpt":{"rendered":"<p>PERSONNEL D\u2019ADF Les rebelles touaregs dans le Nord du Mali ont r\u00e9cemment annonc\u00e9 la cr\u00e9ation d\u2019une nouvelle coalition pour combattre le gouvernement militaire pour le contr\u00f4le du territoire appel\u00e9 l\u2019Azawad. La nouvelle alliance, appel\u00e9e Cadre strat\u00e9gique permanent pour la d\u00e9fense du peuple de l\u2019Azawad (CSP-DPA), est conduite par Bilal Ag Acherif, personnage cl\u00e9 d\u2019une r\u00e9bellion<\/p>\n","protected":false},"author":1,"featured_media":114783,"comment_status":"open","ping_status":"closed","sticky":false,"template":"","format":"standard","meta":{"_acf_changed":false,"_monsterinsights_skip_tracking":false,"_monsterinsights_sitenote_active":false,"_monsterinsights_sitenote_note":"","_monsterinsights_sitenote_category":0,"_uf_show_specific_survey":0,"_uf_disable_surveys":false,"footnotes":""},"categories":[331],"tags":[1021,434,883,1282],"class_list":{"0":"post-114788","1":"post","2":"type-post","3":"status-publish","4":"format-standard","5":"has-post-thumbnail","7":"category-dernieres-nouvelles","8":"tag-insurrection","9":"tag-mali-fr","10":"tag-minusma-fr","11":"tag-terrorism-fr"},"acf":[],"yoast_head":"<!-- This site is optimized with the Yoast SEO plugin v27.4 - https:\/\/yoast.com\/product\/yoast-seo-wordpress\/ -->\n<title>La coalition touareg menace de faire perdurer l\u2019instabilit\u00e9 dans le Nord du Mali - Africa Defense Forum<\/title>\n<meta name=\"robots\" content=\"index, follow, max-snippet:-1, max-image-preview:large, max-video-preview:-1\" \/>\n<link rel=\"canonical\" href=\"https:\/\/adf-magazine.com\/fr\/2024\/05\/la-coalition-touareg-menace-de-faire-perdurer-linstabilite-dans-le-nord-du-mali\/\" \/>\n<meta property=\"og:locale\" content=\"fr_FR\" \/>\n<meta property=\"og:type\" content=\"article\" \/>\n<meta property=\"og:title\" content=\"La coalition touareg menace de faire perdurer l\u2019instabilit\u00e9 dans le Nord du Mali - Africa Defense Forum\" \/>\n<meta property=\"og:description\" content=\"PERSONNEL D\u2019ADF Les rebelles touaregs dans le Nord du Mali ont r\u00e9cemment annonc\u00e9 la cr\u00e9ation d\u2019une nouvelle coalition pour combattre le gouvernement militaire pour le contr\u00f4le du territoire appel\u00e9 l\u2019Azawad. La nouvelle alliance, appel\u00e9e Cadre strat\u00e9gique permanent pour la d\u00e9fense du peuple de l\u2019Azawad (CSP-DPA), est conduite par Bilal Ag Acherif, personnage cl\u00e9 d\u2019une r\u00e9bellion\" \/>\n<meta property=\"og:url\" content=\"https:\/\/adf-magazine.com\/fr\/2024\/05\/la-coalition-touareg-menace-de-faire-perdurer-linstabilite-dans-le-nord-du-mali\/\" \/>\n<meta property=\"og:site_name\" content=\"Africa Defense Forum\" \/>\n<meta property=\"article:publisher\" content=\"https:\/\/www.facebook.com\/ADFmagazine\/\" \/>\n<meta property=\"article:published_time\" content=\"2024-05-21T18:55:09+00:00\" \/>\n<meta property=\"article:modified_time\" content=\"2024-05-21T18:55:27+00:00\" \/>\n<meta property=\"og:image\" content=\"https:\/\/adf-magazine.com\/wp-content\/uploads\/2024\/05\/GettyImages-505557362.jpg\" \/>\n\t<meta property=\"og:image:width\" content=\"1024\" \/>\n\t<meta property=\"og:image:height\" content=\"760\" \/>\n\t<meta property=\"og:image:type\" content=\"image\/jpeg\" \/>\n<meta name=\"author\" content=\"ADF\" \/>\n<meta name=\"twitter:card\" content=\"summary_large_image\" \/>\n<meta name=\"twitter:creator\" content=\"@ADFmagazine\" \/>\n<meta name=\"twitter:site\" content=\"@ADFmagazine\" \/>\n<meta name=\"twitter:label1\" content=\"\u00c9crit par\" \/>\n\t<meta name=\"twitter:data1\" content=\"ADF\" \/>\n\t<meta name=\"twitter:label2\" content=\"Dur\u00e9e de lecture estim\u00e9e\" \/>\n\t<meta name=\"twitter:data2\" content=\"4 minutes\" \/>\n<script type=\"application\/ld+json\" class=\"yoast-schema-graph\">{\"@context\":\"https:\\\/\\\/schema.org\",\"@graph\":[{\"@type\":\"Article\",\"@id\":\"https:\\\/\\\/adf-magazine.com\\\/fr\\\/2024\\\/05\\\/la-coalition-touareg-menace-de-faire-perdurer-linstabilite-dans-le-nord-du-mali\\\/#article\",\"isPartOf\":{\"@id\":\"https:\\\/\\\/adf-magazine.com\\\/fr\\\/2024\\\/05\\\/la-coalition-touareg-menace-de-faire-perdurer-linstabilite-dans-le-nord-du-mali\\\/\"},\"author\":{\"name\":\"ADF\",\"@id\":\"https:\\\/\\\/adf-magazine.com\\\/#\\\/schema\\\/person\\\/f266a6061389568b5a11465bb38bc025\"},\"headline\":\"La coalition touareg menace de faire perdurer l\u2019instabilit\u00e9 dans le Nord du Mali\",\"datePublished\":\"2024-05-21T18:55:09+00:00\",\"dateModified\":\"2024-05-21T18:55:27+00:00\",\"mainEntityOfPage\":{\"@id\":\"https:\\\/\\\/adf-magazine.com\\\/fr\\\/2024\\\/05\\\/la-coalition-touareg-menace-de-faire-perdurer-linstabilite-dans-le-nord-du-mali\\\/\"},\"wordCount\":833,\"commentCount\":0,\"image\":{\"@id\":\"https:\\\/\\\/adf-magazine.com\\\/fr\\\/2024\\\/05\\\/la-coalition-touareg-menace-de-faire-perdurer-linstabilite-dans-le-nord-du-mali\\\/#primaryimage\"},\"thumbnailUrl\":\"https:\\\/\\\/adf-magazine.com\\\/wp-content\\\/uploads\\\/2024\\\/05\\\/GettyImages-505557362.jpg\",\"keywords\":[\"insurrection\",\"Mali\",\"MINUSMA\",\"Terrorism\"],\"articleSection\":[\"Actualit\u00e9s du Jour\"],\"inLanguage\":\"fr-FR\",\"potentialAction\":[{\"@type\":\"CommentAction\",\"name\":\"Comment\",\"target\":[\"https:\\\/\\\/adf-magazine.com\\\/fr\\\/2024\\\/05\\\/la-coalition-touareg-menace-de-faire-perdurer-linstabilite-dans-le-nord-du-mali\\\/#respond\"]}]},{\"@type\":\"WebPage\",\"@id\":\"https:\\\/\\\/adf-magazine.com\\\/fr\\\/2024\\\/05\\\/la-coalition-touareg-menace-de-faire-perdurer-linstabilite-dans-le-nord-du-mali\\\/\",\"url\":\"https:\\\/\\\/adf-magazine.com\\\/fr\\\/2024\\\/05\\\/la-coalition-touareg-menace-de-faire-perdurer-linstabilite-dans-le-nord-du-mali\\\/\",\"name\":\"La coalition touareg menace de faire perdurer l\u2019instabilit\u00e9 dans le Nord du Mali - Africa Defense Forum\",\"isPartOf\":{\"@id\":\"https:\\\/\\\/adf-magazine.com\\\/#website\"},\"primaryImageOfPage\":{\"@id\":\"https:\\\/\\\/adf-magazine.com\\\/fr\\\/2024\\\/05\\\/la-coalition-touareg-menace-de-faire-perdurer-linstabilite-dans-le-nord-du-mali\\\/#primaryimage\"},\"image\":{\"@id\":\"https:\\\/\\\/adf-magazine.com\\\/fr\\\/2024\\\/05\\\/la-coalition-touareg-menace-de-faire-perdurer-linstabilite-dans-le-nord-du-mali\\\/#primaryimage\"},\"thumbnailUrl\":\"https:\\\/\\\/adf-magazine.com\\\/wp-content\\\/uploads\\\/2024\\\/05\\\/GettyImages-505557362.jpg\",\"datePublished\":\"2024-05-21T18:55:09+00:00\",\"dateModified\":\"2024-05-21T18:55:27+00:00\",\"author\":{\"@id\":\"https:\\\/\\\/adf-magazine.com\\\/#\\\/schema\\\/person\\\/f266a6061389568b5a11465bb38bc025\"},\"breadcrumb\":{\"@id\":\"https:\\\/\\\/adf-magazine.com\\\/fr\\\/2024\\\/05\\\/la-coalition-touareg-menace-de-faire-perdurer-linstabilite-dans-le-nord-du-mali\\\/#breadcrumb\"},\"inLanguage\":\"fr-FR\",\"potentialAction\":[{\"@type\":\"ReadAction\",\"target\":[\"https:\\\/\\\/adf-magazine.com\\\/fr\\\/2024\\\/05\\\/la-coalition-touareg-menace-de-faire-perdurer-linstabilite-dans-le-nord-du-mali\\\/\"]}]},{\"@type\":\"ImageObject\",\"inLanguage\":\"fr-FR\",\"@id\":\"https:\\\/\\\/adf-magazine.com\\\/fr\\\/2024\\\/05\\\/la-coalition-touareg-menace-de-faire-perdurer-linstabilite-dans-le-nord-du-mali\\\/#primaryimage\",\"url\":\"https:\\\/\\\/adf-magazine.com\\\/wp-content\\\/uploads\\\/2024\\\/05\\\/GettyImages-505557362.jpg\",\"contentUrl\":\"https:\\\/\\\/adf-magazine.com\\\/wp-content\\\/uploads\\\/2024\\\/05\\\/GettyImages-505557362.jpg\",\"width\":1024,\"height\":760,\"caption\":\"Apr\u00e8s une victoire de l\u2019arm\u00e9e \u00e0 Kidal, les rebelles touaregs du Mali ont annonc\u00e9 une nouvelle alliance dirig\u00e9e par Bilal Ag Acherif dans le but de gagner une reconnaissance politique et juridique pour la r\u00e9gion du Mali appel\u00e9e Azawad par les Touaregs. AFP\\\/GETTY IMAGES\"},{\"@type\":\"BreadcrumbList\",\"@id\":\"https:\\\/\\\/adf-magazine.com\\\/fr\\\/2024\\\/05\\\/la-coalition-touareg-menace-de-faire-perdurer-linstabilite-dans-le-nord-du-mali\\\/#breadcrumb\",\"itemListElement\":[{\"@type\":\"ListItem\",\"position\":1,\"name\":\"page d\u2019accueil\",\"item\":\"https:\\\/\\\/adf-magazine.com\\\/\"},{\"@type\":\"ListItem\",\"position\":2,\"name\":\"La coalition touareg menace de faire perdurer l\u2019instabilit\u00e9 dans le Nord du Mali\"}]},{\"@type\":\"WebSite\",\"@id\":\"https:\\\/\\\/adf-magazine.com\\\/#website\",\"url\":\"https:\\\/\\\/adf-magazine.com\\\/\",\"name\":\"Africa Defense Forum\",\"description\":\"Africa Defense Forum\",\"potentialAction\":[{\"@type\":\"SearchAction\",\"target\":{\"@type\":\"EntryPoint\",\"urlTemplate\":\"https:\\\/\\\/adf-magazine.com\\\/?s={search_term_string}\"},\"query-input\":{\"@type\":\"PropertyValueSpecification\",\"valueRequired\":true,\"valueName\":\"search_term_string\"}}],\"inLanguage\":\"fr-FR\"},{\"@type\":\"Person\",\"@id\":\"https:\\\/\\\/adf-magazine.com\\\/#\\\/schema\\\/person\\\/f266a6061389568b5a11465bb38bc025\",\"name\":\"ADF\",\"image\":{\"@type\":\"ImageObject\",\"inLanguage\":\"fr-FR\",\"@id\":\"https:\\\/\\\/adf-magazine.com\\\/wp-content\\\/uploads\\\/2020\\\/05\\\/cropped-ADF_icon.jpg\",\"url\":\"https:\\\/\\\/adf-magazine.com\\\/wp-content\\\/uploads\\\/2020\\\/05\\\/cropped-ADF_icon.jpg\",\"contentUrl\":\"https:\\\/\\\/adf-magazine.com\\\/wp-content\\\/uploads\\\/2020\\\/05\\\/cropped-ADF_icon.jpg\",\"caption\":\"ADF\"},\"description\":\"ADF is a professional military magazine published quarterly by U.S. Africa Command to provide an international forum for African security professionals. ADF covers topics such as counter terrorism strategies, security and defense operations, transnational crime, and all other issues affecting peace, stability, and good governance on the African continent.\",\"sameAs\":[\"https:\\\/\\\/x.com\\\/ADFmagazine\"],\"url\":\"https:\\\/\\\/adf-magazine.com\\\/fr\\\/author\\\/adf\\\/\"}]}<\/script>\n<!-- \/ Yoast SEO plugin. -->","yoast_head_json":{"title":"La coalition touareg menace de faire perdurer l\u2019instabilit\u00e9 dans le Nord du Mali - Africa Defense Forum","robots":{"index":"index","follow":"follow","max-snippet":"max-snippet:-1","max-image-preview":"max-image-preview:large","max-video-preview":"max-video-preview:-1"},"canonical":"https:\/\/adf-magazine.com\/fr\/2024\/05\/la-coalition-touareg-menace-de-faire-perdurer-linstabilite-dans-le-nord-du-mali\/","og_locale":"fr_FR","og_type":"article","og_title":"La coalition touareg menace de faire perdurer l\u2019instabilit\u00e9 dans le Nord du Mali - Africa Defense Forum","og_description":"PERSONNEL D\u2019ADF Les rebelles touaregs dans le Nord du Mali ont r\u00e9cemment annonc\u00e9 la cr\u00e9ation d\u2019une nouvelle coalition pour combattre le gouvernement militaire pour le contr\u00f4le du territoire appel\u00e9 l\u2019Azawad. La nouvelle alliance, appel\u00e9e Cadre strat\u00e9gique permanent pour la d\u00e9fense du peuple de l\u2019Azawad (CSP-DPA), est conduite par Bilal Ag Acherif, personnage cl\u00e9 d\u2019une r\u00e9bellion","og_url":"https:\/\/adf-magazine.com\/fr\/2024\/05\/la-coalition-touareg-menace-de-faire-perdurer-linstabilite-dans-le-nord-du-mali\/","og_site_name":"Africa Defense Forum","article_publisher":"https:\/\/www.facebook.com\/ADFmagazine\/","article_published_time":"2024-05-21T18:55:09+00:00","article_modified_time":"2024-05-21T18:55:27+00:00","og_image":[{"width":1024,"height":760,"url":"https:\/\/adf-magazine.com\/wp-content\/uploads\/2024\/05\/GettyImages-505557362.jpg","type":"image\/jpeg"}],"author":"ADF","twitter_card":"summary_large_image","twitter_creator":"@ADFmagazine","twitter_site":"@ADFmagazine","twitter_misc":{"\u00c9crit par":"ADF","Dur\u00e9e de lecture estim\u00e9e":"4 minutes"},"schema":{"@context":"https:\/\/schema.org","@graph":[{"@type":"Article","@id":"https:\/\/adf-magazine.com\/fr\/2024\/05\/la-coalition-touareg-menace-de-faire-perdurer-linstabilite-dans-le-nord-du-mali\/#article","isPartOf":{"@id":"https:\/\/adf-magazine.com\/fr\/2024\/05\/la-coalition-touareg-menace-de-faire-perdurer-linstabilite-dans-le-nord-du-mali\/"},"author":{"name":"ADF","@id":"https:\/\/adf-magazine.com\/#\/schema\/person\/f266a6061389568b5a11465bb38bc025"},"headline":"La coalition touareg menace de faire perdurer l\u2019instabilit\u00e9 dans le Nord du Mali","datePublished":"2024-05-21T18:55:09+00:00","dateModified":"2024-05-21T18:55:27+00:00","mainEntityOfPage":{"@id":"https:\/\/adf-magazine.com\/fr\/2024\/05\/la-coalition-touareg-menace-de-faire-perdurer-linstabilite-dans-le-nord-du-mali\/"},"wordCount":833,"commentCount":0,"image":{"@id":"https:\/\/adf-magazine.com\/fr\/2024\/05\/la-coalition-touareg-menace-de-faire-perdurer-linstabilite-dans-le-nord-du-mali\/#primaryimage"},"thumbnailUrl":"https:\/\/adf-magazine.com\/wp-content\/uploads\/2024\/05\/GettyImages-505557362.jpg","keywords":["insurrection","Mali","MINUSMA","Terrorism"],"articleSection":["Actualit\u00e9s du Jour"],"inLanguage":"fr-FR","potentialAction":[{"@type":"CommentAction","name":"Comment","target":["https:\/\/adf-magazine.com\/fr\/2024\/05\/la-coalition-touareg-menace-de-faire-perdurer-linstabilite-dans-le-nord-du-mali\/#respond"]}]},{"@type":"WebPage","@id":"https:\/\/adf-magazine.com\/fr\/2024\/05\/la-coalition-touareg-menace-de-faire-perdurer-linstabilite-dans-le-nord-du-mali\/","url":"https:\/\/adf-magazine.com\/fr\/2024\/05\/la-coalition-touareg-menace-de-faire-perdurer-linstabilite-dans-le-nord-du-mali\/","name":"La coalition touareg menace de faire perdurer l\u2019instabilit\u00e9 dans le Nord du Mali - Africa Defense Forum","isPartOf":{"@id":"https:\/\/adf-magazine.com\/#website"},"primaryImageOfPage":{"@id":"https:\/\/adf-magazine.com\/fr\/2024\/05\/la-coalition-touareg-menace-de-faire-perdurer-linstabilite-dans-le-nord-du-mali\/#primaryimage"},"image":{"@id":"https:\/\/adf-magazine.com\/fr\/2024\/05\/la-coalition-touareg-menace-de-faire-perdurer-linstabilite-dans-le-nord-du-mali\/#primaryimage"},"thumbnailUrl":"https:\/\/adf-magazine.com\/wp-content\/uploads\/2024\/05\/GettyImages-505557362.jpg","datePublished":"2024-05-21T18:55:09+00:00","dateModified":"2024-05-21T18:55:27+00:00","author":{"@id":"https:\/\/adf-magazine.com\/#\/schema\/person\/f266a6061389568b5a11465bb38bc025"},"breadcrumb":{"@id":"https:\/\/adf-magazine.com\/fr\/2024\/05\/la-coalition-touareg-menace-de-faire-perdurer-linstabilite-dans-le-nord-du-mali\/#breadcrumb"},"inLanguage":"fr-FR","potentialAction":[{"@type":"ReadAction","target":["https:\/\/adf-magazine.com\/fr\/2024\/05\/la-coalition-touareg-menace-de-faire-perdurer-linstabilite-dans-le-nord-du-mali\/"]}]},{"@type":"ImageObject","inLanguage":"fr-FR","@id":"https:\/\/adf-magazine.com\/fr\/2024\/05\/la-coalition-touareg-menace-de-faire-perdurer-linstabilite-dans-le-nord-du-mali\/#primaryimage","url":"https:\/\/adf-magazine.com\/wp-content\/uploads\/2024\/05\/GettyImages-505557362.jpg","contentUrl":"https:\/\/adf-magazine.com\/wp-content\/uploads\/2024\/05\/GettyImages-505557362.jpg","width":1024,"height":760,"caption":"Apr\u00e8s une victoire de l\u2019arm\u00e9e \u00e0 Kidal, les rebelles touaregs du Mali ont annonc\u00e9 une nouvelle alliance dirig\u00e9e par Bilal Ag Acherif dans le but de gagner une reconnaissance politique et juridique pour la r\u00e9gion du Mali appel\u00e9e Azawad par les Touaregs. AFP\/GETTY IMAGES"},{"@type":"BreadcrumbList","@id":"https:\/\/adf-magazine.com\/fr\/2024\/05\/la-coalition-touareg-menace-de-faire-perdurer-linstabilite-dans-le-nord-du-mali\/#breadcrumb","itemListElement":[{"@type":"ListItem","position":1,"name":"page d\u2019accueil","item":"https:\/\/adf-magazine.com\/"},{"@type":"ListItem","position":2,"name":"La coalition touareg menace de faire perdurer l\u2019instabilit\u00e9 dans le Nord du Mali"}]},{"@type":"WebSite","@id":"https:\/\/adf-magazine.com\/#website","url":"https:\/\/adf-magazine.com\/","name":"Africa Defense Forum","description":"Africa Defense Forum","potentialAction":[{"@type":"SearchAction","target":{"@type":"EntryPoint","urlTemplate":"https:\/\/adf-magazine.com\/?s={search_term_string}"},"query-input":{"@type":"PropertyValueSpecification","valueRequired":true,"valueName":"search_term_string"}}],"inLanguage":"fr-FR"},{"@type":"Person","@id":"https:\/\/adf-magazine.com\/#\/schema\/person\/f266a6061389568b5a11465bb38bc025","name":"ADF","image":{"@type":"ImageObject","inLanguage":"fr-FR","@id":"https:\/\/adf-magazine.com\/wp-content\/uploads\/2020\/05\/cropped-ADF_icon.jpg","url":"https:\/\/adf-magazine.com\/wp-content\/uploads\/2020\/05\/cropped-ADF_icon.jpg","contentUrl":"https:\/\/adf-magazine.com\/wp-content\/uploads\/2020\/05\/cropped-ADF_icon.jpg","caption":"ADF"},"description":"ADF is a professional military magazine published quarterly by U.S. Africa Command to provide an international forum for African security professionals. ADF covers topics such as counter terrorism strategies, security and defense operations, transnational crime, and all other issues affecting peace, stability, and good governance on the African continent.","sameAs":["https:\/\/x.com\/ADFmagazine"],"url":"https:\/\/adf-magazine.com\/fr\/author\/adf\/"}]}},"_links":{"self":[{"href":"https:\/\/adf-magazine.com\/fr\/wp-json\/wp\/v2\/posts\/114788","targetHints":{"allow":["GET"]}}],"collection":[{"href":"https:\/\/adf-magazine.com\/fr\/wp-json\/wp\/v2\/posts"}],"about":[{"href":"https:\/\/adf-magazine.com\/fr\/wp-json\/wp\/v2\/types\/post"}],"author":[{"embeddable":true,"href":"https:\/\/adf-magazine.com\/fr\/wp-json\/wp\/v2\/users\/1"}],"replies":[{"embeddable":true,"href":"https:\/\/adf-magazine.com\/fr\/wp-json\/wp\/v2\/comments?post=114788"}],"version-history":[{"count":0,"href":"https:\/\/adf-magazine.com\/fr\/wp-json\/wp\/v2\/posts\/114788\/revisions"}],"wp:featuredmedia":[{"embeddable":true,"href":"https:\/\/adf-magazine.com\/fr\/wp-json\/wp\/v2\/media\/114783"}],"wp:attachment":[{"href":"https:\/\/adf-magazine.com\/fr\/wp-json\/wp\/v2\/media?parent=114788"}],"wp:term":[{"taxonomy":"category","embeddable":true,"href":"https:\/\/adf-magazine.com\/fr\/wp-json\/wp\/v2\/categories?post=114788"},{"taxonomy":"post_tag","embeddable":true,"href":"https:\/\/adf-magazine.com\/fr\/wp-json\/wp\/v2\/tags?post=114788"}],"curies":[{"name":"wp","href":"https:\/\/api.w.org\/{rel}","templated":true}]}}