{"id":114272,"date":"2024-04-23T14:15:46","date_gmt":"2024-04-23T18:15:46","guid":{"rendered":"https:\/\/adf-magazine.com\/?p=114272"},"modified":"2024-04-23T14:16:20","modified_gmt":"2024-04-23T18:16:20","slug":"la-violence-ethnique-tourmente-toujours-lafrique-centrale-plusieurs-decennies-apres-le-genocide","status":"publish","type":"post","link":"https:\/\/adf-magazine.com\/fr\/2024\/04\/la-violence-ethnique-tourmente-toujours-lafrique-centrale-plusieurs-decennies-apres-le-genocide\/","title":{"rendered":"La violence ethnique tourmente toujours l\u2019Afrique centrale, plusieurs d\u00e9cennies apr\u00e8s le g\u00e9nocide"},"content":{"rendered":"<div>\n<p><span lang=\"FR\">PERSONNEL D\u2019ADF<\/span><span lang=\"FR\"><br \/>\n<\/span><span lang=\"FR\"><br \/>\n<\/span><span lang=\"FR\">Bien que de nombreux Rwandais pensent que leur pays a fait des progr\u00e8s consid\u00e9rables depuis le g\u00e9nocide de 1994, les tensions entre les groupes rebelles hutus et tutsis continuent jusqu\u2019\u00e0 aujourd\u2019hui et alimentent la violence dans l\u2019Est de la R\u00e9publique d\u00e9mocratique du Congo.<\/span><\/p>\n<p>Sur une p\u00e9riode de quatre semaines en f\u00e9vrier et mars, la violence ethnique dans l\u2019Est de la RDC a forc\u00e9 environ 250.000\u00a0civils \u00e0 s\u2019enfuir \u00e0 Goma, la capitale de la province du Nord-Kivu.<\/p>\n<p>Le conflit a entrav\u00e9 les efforts humanitaires, lorsque le groupe de rebelles tutsis du M23 a essay\u00e9 d\u2019abattre un drone d\u2019observation des Nations unies pr\u00e8s de Goma en f\u00e9vrier. Il a aussi provoqu\u00e9 la mont\u00e9e des prix alimentaires. Le M23 est le groupe arm\u00e9 le plus notoire de la r\u00e9gion, bien que des dizaines d\u2019autres groupes soient actifs l\u00e0-bas.<\/p>\n<p>Dans la r\u00e9gion, les Forces d\u00e9mocratiques pour la lib\u00e9ration du Rwanda (FDLR) cr\u00e9\u00e9es par des personnes impliqu\u00e9es dans le g\u00e9nocide cherchent \u00e0 renverser le gouvernement du Rwanda.<\/p>\n<p>Au d\u00e9but mars, le M23 a saisi le contr\u00f4le de Nyanzale, petite bourgade dans l\u2019Est de la RDC qui \u00e9tait un bastion cl\u00e9 des FDLR.<br \/>\n<span lang=\"FR\"><br \/>\n<\/span><span lang=\"FR\">Les FDLR, form\u00e9es principalement par des ex-g\u00e9nocidaires, sont aussi actives dans l\u2019Est, o\u00f9 elles sont notoires pour leurs attaques contre les Tutsis\u00a0; elles ont aussi lanc\u00e9 plusieurs attaques au Rwanda. En 2019, elles ont massacr\u00e9 19\u00a0personnes dans le district de Rubavu dans l\u2019Ouest du Rwanda, o\u00f9 se trouve le parc national des volcans, destination touristique importante.<\/span><\/p>\n<p>L\u2019an dernier, le Rwanda a intensifi\u00e9 ses d\u00e9ploiements de soldats et d\u2019\u00e9quipement lourd \u00e0 la fronti\u00e8re de la RDC par peur des attaques des FDLR.<\/p>\n<p>Le colonel William Ryarasa, commandant de la Force de d\u00e9fense du Rwanda charg\u00e9 des districts de Rubavu, Rutsiro et Nyabihu \u00e0 la fronti\u00e8re de la RDC, a exhort\u00e9 le public \u00e0 \u00ab\u00a0\u00eatre plus vigilant et aussi \u00e0 signaler les personnes suspectes aux autorit\u00e9s les plus proches\u00a0\u00bb.<\/p>\n<p>Il a d\u00e9clar\u00e9 aux chefs des communaut\u00e9s des trois districts de \u00ab\u00a0ne pas permettre aux contrebandiers d\u2019entrer dans ces zones parce que des grenades et autres armes dangereuses peuvent \u00eatre cach\u00e9es dans les produits de contrebande\u00a0\u00bb, selon un rapport du site web ougandais d\u2019actualit\u00e9s ChimpReports.<br \/>\n<span lang=\"FR\"><br \/>\n<\/span><span lang=\"FR\">Les deux gouvernements ont r\u00e9pondu militairement \u00e0 la violence. Comme le note l\u2019universitaire des \u00e9tudes de g\u00e9nocide <\/span><span lang=\"FR\">Christopher P. Davey<\/span><span lang=\"FR\"> dans<\/span><span lang=\"FR\"> The Conversation, <\/span><span lang=\"FR\">les deux gouvernements d\u00e9clarent que leur participation aux conflits dans l\u2019Est de la RDC est li\u00e9e \u00e0 la protection des populations ethniques.<br \/>\n<\/span><span lang=\"FR\"><br \/>\n\u00ab\u00a0Mais en r\u00e9alit\u00e9, les combats persistants d\u00e9truisent l\u2019\u00e9conomie et les moyens de subsistance\u00a0\u00bb, \u00e9crit-il. Le Dr\u00a0Davey est assistant professeur invit\u00e9 \u00e0 l\u2019universit\u00e9 de Binghamton (universit\u00e9 d\u2019\u00c9tat de New York).<\/span><\/p>\n<p>Il affirme que les actions militaires adressent peu les pr\u00e9occupations de marginalisation ou d\u2019atrocit\u00e9s de masse qui ciblent les groupes ethniques. Il recommande un meilleur soutien international et un investissement dans le processus de Luanda, qui traite des dimensions politiques entre la RDC et le Rwanda, et le processus de Nairobi, qui se concentre sur le d\u00e9sarmement des groupes rebelles dans la r\u00e9gion<span lang=\"FR\">.<\/span><\/p>\n<p>Alors que le monde marque le 30\u00e8me anniversaire du g\u00e9nocide, de nombreux jeunes Hutus et Tutsis disent aujourd\u2019hui qu\u2019ils ne souhaitent pas s\u2019identifier avec l\u2019un ou l\u2019autre groupe ethnique.<\/p>\n<p><span lang=\"FR\">Chrispin Sradulcunda, \u00e9tudiant d\u2019ing\u00e9nierie de 21 ans au Rwanda, d\u00e9clare qu\u2019il consid\u00e8re le g\u00e9nocide comme une le\u00e7on pour ne pas se battre et pour continuer \u00e0 parler des massacres aux g\u00e9n\u00e9rations plus jeunes<\/span><span lang=\"FR\">.<\/span><\/p>\n<p>\u00ab\u00a0C\u2019est donc une le\u00e7on que nous devrions apprendre, en esp\u00e9rant que cela ne se reproduira jamais. Nous n\u2019avons pas \u00e9t\u00e9 \u00e9lev\u00e9s dans les zones o\u00f9 on est appel\u00e9 Tutsi , Twa ou Hutu, dit-il au Guardian. C\u2019est quelque chose de bien parce que cela ne me plairait pas. Parce que je crois que je suis Rwandais, et qu\u2019\u00eatre appel\u00e9 Rwandais devrait \u00eatre un \u00e9l\u00e9ment de fiert\u00e9 qui nous accompagne.\u00a0\u00bb<\/p>\n<p>Leonille Niyigena, tailleur rwandais de 26 ans, d\u00e9clare qu\u2019il est surpris que certains ex-g\u00e9nocidaires et leurs victimes se parlent maintenant r\u00e9guli\u00e8rement.<\/p>\n<p>\u00ab\u00a0Pour moi, cela ne veut rien dire d\u2019\u00eatre hutu ou tutsi, dit-il au Guardian. Le Rwanda est un \u00e9tat de droit o\u00f9 la loi est respect\u00e9e. C\u2019est un pays o\u00f9 les gens se sentent en s\u00e9curit\u00e9 et, pour les jeunes, c\u2019est un pays qui prend soin de nous.\u00a0\u00bb<\/p>\n<p>Le pays h\u00e9berge aujourd\u2019hui six \u00ab\u00a0villages de r\u00e9conciliation\u00a0\u00bb. \u00c0 Mbyo, Mukaremera Laurence et Nkundiye Thacien ont fait la paix. Mukaremera Laurence et son mari \u00e9taient des amis et des voisins de M.\u00a0Thacien, jusqu\u2019\u00e0 ce que ce dernier re\u00e7oive l\u2019ordre de tuer le mari \u00e0 coups de machette.<\/p>\n<p>Mais le processus de r\u00e9conciliation n\u2019est pas facile.<\/p>\n<p>\u00ab\u00a0Nous ne pouvons pas oublier\u00a0; cela est impossible, d\u00e9clare Mme\u00a0Laurence \u00e0 Al Jazeera. Nous vivons en paix aujourd\u2019hui, mais nous nous en souvenons\u00a0; nous nous en souviendrons \u00e0 jamais.\u00a0\u00bb<\/p>\n<\/div>\n","protected":false},"excerpt":{"rendered":"<p>PERSONNEL D\u2019ADF Bien que de nombreux Rwandais pensent que leur pays a fait des progr\u00e8s consid\u00e9rables depuis le g\u00e9nocide de 1994, les tensions entre les groupes rebelles hutus et tutsis continuent jusqu\u2019\u00e0 aujourd\u2019hui et alimentent la violence dans l\u2019Est de la R\u00e9publique d\u00e9mocratique du Congo. Sur une p\u00e9riode de quatre semaines en f\u00e9vrier et mars,<\/p>\n","protected":false},"author":1,"featured_media":114266,"comment_status":"open","ping_status":"closed","sticky":false,"template":"","format":"standard","meta":{"_acf_changed":false,"_monsterinsights_skip_tracking":false,"_monsterinsights_sitenote_active":false,"_monsterinsights_sitenote_note":"","_monsterinsights_sitenote_category":0,"_uf_show_specific_survey":0,"_uf_disable_surveys":false,"footnotes":""},"categories":[331],"tags":[484,1293,427,466,1282],"class_list":{"0":"post-114272","1":"post","2":"type-post","3":"status-publish","4":"format-standard","5":"has-post-thumbnail","7":"category-dernieres-nouvelles","8":"tag-extremisme","9":"tag-genocide-fr","10":"tag-republique-democratique-du-congo","11":"tag-rwanda-fr","12":"tag-terrorism-fr"},"acf":[],"yoast_head":"<!-- This site is optimized with the Yoast SEO plugin v27.4 - https:\/\/yoast.com\/product\/yoast-seo-wordpress\/ -->\n<title>La violence ethnique tourmente toujours l\u2019Afrique centrale, plusieurs d\u00e9cennies apr\u00e8s le g\u00e9nocide - Africa Defense Forum<\/title>\n<meta name=\"robots\" content=\"index, follow, max-snippet:-1, max-image-preview:large, max-video-preview:-1\" \/>\n<link rel=\"canonical\" href=\"https:\/\/adf-magazine.com\/fr\/2024\/04\/la-violence-ethnique-tourmente-toujours-lafrique-centrale-plusieurs-decennies-apres-le-genocide\/\" \/>\n<meta property=\"og:locale\" content=\"fr_FR\" \/>\n<meta property=\"og:type\" content=\"article\" \/>\n<meta property=\"og:title\" content=\"La violence ethnique tourmente toujours l\u2019Afrique centrale, plusieurs d\u00e9cennies apr\u00e8s le g\u00e9nocide - Africa Defense Forum\" \/>\n<meta property=\"og:description\" content=\"PERSONNEL D\u2019ADF Bien que de nombreux Rwandais pensent que leur pays a fait des progr\u00e8s consid\u00e9rables depuis le g\u00e9nocide de 1994, les tensions entre les groupes rebelles hutus et tutsis continuent jusqu\u2019\u00e0 aujourd\u2019hui et alimentent la violence dans l\u2019Est de la R\u00e9publique d\u00e9mocratique du Congo. Sur une p\u00e9riode de quatre semaines en f\u00e9vrier et mars,\" \/>\n<meta property=\"og:url\" content=\"https:\/\/adf-magazine.com\/fr\/2024\/04\/la-violence-ethnique-tourmente-toujours-lafrique-centrale-plusieurs-decennies-apres-le-genocide\/\" \/>\n<meta property=\"og:site_name\" content=\"Africa Defense Forum\" \/>\n<meta property=\"article:publisher\" content=\"https:\/\/www.facebook.com\/ADFmagazine\/\" \/>\n<meta property=\"article:published_time\" content=\"2024-04-23T18:15:46+00:00\" \/>\n<meta property=\"article:modified_time\" content=\"2024-04-23T18:16:20+00:00\" \/>\n<meta property=\"og:image\" content=\"https:\/\/adf-magazine.com\/wp-content\/uploads\/2024\/04\/GettyImages-1985368354.jpg\" \/>\n\t<meta property=\"og:image:width\" content=\"1024\" \/>\n\t<meta property=\"og:image:height\" content=\"683\" \/>\n\t<meta property=\"og:image:type\" content=\"image\/jpeg\" \/>\n<meta name=\"author\" content=\"ADF\" \/>\n<meta name=\"twitter:card\" content=\"summary_large_image\" \/>\n<meta name=\"twitter:creator\" content=\"@ADFmagazine\" \/>\n<meta name=\"twitter:site\" content=\"@ADFmagazine\" \/>\n<meta name=\"twitter:label1\" content=\"\u00c9crit par\" \/>\n\t<meta name=\"twitter:data1\" content=\"ADF\" \/>\n\t<meta name=\"twitter:label2\" content=\"Dur\u00e9e de lecture estim\u00e9e\" \/>\n\t<meta name=\"twitter:data2\" content=\"4 minutes\" \/>\n<script type=\"application\/ld+json\" class=\"yoast-schema-graph\">{\"@context\":\"https:\\\/\\\/schema.org\",\"@graph\":[{\"@type\":\"Article\",\"@id\":\"https:\\\/\\\/adf-magazine.com\\\/fr\\\/2024\\\/04\\\/la-violence-ethnique-tourmente-toujours-lafrique-centrale-plusieurs-decennies-apres-le-genocide\\\/#article\",\"isPartOf\":{\"@id\":\"https:\\\/\\\/adf-magazine.com\\\/fr\\\/2024\\\/04\\\/la-violence-ethnique-tourmente-toujours-lafrique-centrale-plusieurs-decennies-apres-le-genocide\\\/\"},\"author\":{\"name\":\"ADF\",\"@id\":\"https:\\\/\\\/adf-magazine.com\\\/#\\\/schema\\\/person\\\/f266a6061389568b5a11465bb38bc025\"},\"headline\":\"La violence ethnique tourmente toujours l\u2019Afrique centrale, plusieurs d\u00e9cennies apr\u00e8s le g\u00e9nocide\",\"datePublished\":\"2024-04-23T18:15:46+00:00\",\"dateModified\":\"2024-04-23T18:16:20+00:00\",\"mainEntityOfPage\":{\"@id\":\"https:\\\/\\\/adf-magazine.com\\\/fr\\\/2024\\\/04\\\/la-violence-ethnique-tourmente-toujours-lafrique-centrale-plusieurs-decennies-apres-le-genocide\\\/\"},\"wordCount\":885,\"commentCount\":0,\"image\":{\"@id\":\"https:\\\/\\\/adf-magazine.com\\\/fr\\\/2024\\\/04\\\/la-violence-ethnique-tourmente-toujours-lafrique-centrale-plusieurs-decennies-apres-le-genocide\\\/#primaryimage\"},\"thumbnailUrl\":\"https:\\\/\\\/adf-magazine.com\\\/wp-content\\\/uploads\\\/2024\\\/04\\\/GettyImages-1985368354.jpg\",\"keywords\":[\"extr\u00e9misme\",\"genocide\",\"R\u00e9publique d\u00e9mocratique du Congo\",\"Rwanda\",\"Terrorism\"],\"articleSection\":[\"Actualit\u00e9s du Jour\"],\"inLanguage\":\"fr-FR\",\"potentialAction\":[{\"@type\":\"CommentAction\",\"name\":\"Comment\",\"target\":[\"https:\\\/\\\/adf-magazine.com\\\/fr\\\/2024\\\/04\\\/la-violence-ethnique-tourmente-toujours-lafrique-centrale-plusieurs-decennies-apres-le-genocide\\\/#respond\"]}]},{\"@type\":\"WebPage\",\"@id\":\"https:\\\/\\\/adf-magazine.com\\\/fr\\\/2024\\\/04\\\/la-violence-ethnique-tourmente-toujours-lafrique-centrale-plusieurs-decennies-apres-le-genocide\\\/\",\"url\":\"https:\\\/\\\/adf-magazine.com\\\/fr\\\/2024\\\/04\\\/la-violence-ethnique-tourmente-toujours-lafrique-centrale-plusieurs-decennies-apres-le-genocide\\\/\",\"name\":\"La violence ethnique tourmente toujours l\u2019Afrique centrale, plusieurs d\u00e9cennies apr\u00e8s le g\u00e9nocide - Africa Defense Forum\",\"isPartOf\":{\"@id\":\"https:\\\/\\\/adf-magazine.com\\\/#website\"},\"primaryImageOfPage\":{\"@id\":\"https:\\\/\\\/adf-magazine.com\\\/fr\\\/2024\\\/04\\\/la-violence-ethnique-tourmente-toujours-lafrique-centrale-plusieurs-decennies-apres-le-genocide\\\/#primaryimage\"},\"image\":{\"@id\":\"https:\\\/\\\/adf-magazine.com\\\/fr\\\/2024\\\/04\\\/la-violence-ethnique-tourmente-toujours-lafrique-centrale-plusieurs-decennies-apres-le-genocide\\\/#primaryimage\"},\"thumbnailUrl\":\"https:\\\/\\\/adf-magazine.com\\\/wp-content\\\/uploads\\\/2024\\\/04\\\/GettyImages-1985368354.jpg\",\"datePublished\":\"2024-04-23T18:15:46+00:00\",\"dateModified\":\"2024-04-23T18:16:20+00:00\",\"author\":{\"@id\":\"https:\\\/\\\/adf-magazine.com\\\/#\\\/schema\\\/person\\\/f266a6061389568b5a11465bb38bc025\"},\"breadcrumb\":{\"@id\":\"https:\\\/\\\/adf-magazine.com\\\/fr\\\/2024\\\/04\\\/la-violence-ethnique-tourmente-toujours-lafrique-centrale-plusieurs-decennies-apres-le-genocide\\\/#breadcrumb\"},\"inLanguage\":\"fr-FR\",\"potentialAction\":[{\"@type\":\"ReadAction\",\"target\":[\"https:\\\/\\\/adf-magazine.com\\\/fr\\\/2024\\\/04\\\/la-violence-ethnique-tourmente-toujours-lafrique-centrale-plusieurs-decennies-apres-le-genocide\\\/\"]}]},{\"@type\":\"ImageObject\",\"inLanguage\":\"fr-FR\",\"@id\":\"https:\\\/\\\/adf-magazine.com\\\/fr\\\/2024\\\/04\\\/la-violence-ethnique-tourmente-toujours-lafrique-centrale-plusieurs-decennies-apres-le-genocide\\\/#primaryimage\",\"url\":\"https:\\\/\\\/adf-magazine.com\\\/wp-content\\\/uploads\\\/2024\\\/04\\\/GettyImages-1985368354.jpg\",\"contentUrl\":\"https:\\\/\\\/adf-magazine.com\\\/wp-content\\\/uploads\\\/2024\\\/04\\\/GettyImages-1985368354.jpg\",\"width\":1024,\"height\":683,\"caption\":\"Les gens fuient la violence d\u00e9clench\u00e9e par le groupe rebelle M23 dans l\u2019Est de la R\u00e9publique d\u00e9mocratique du Congo. AFP\\\/GETTY IMAGES\"},{\"@type\":\"BreadcrumbList\",\"@id\":\"https:\\\/\\\/adf-magazine.com\\\/fr\\\/2024\\\/04\\\/la-violence-ethnique-tourmente-toujours-lafrique-centrale-plusieurs-decennies-apres-le-genocide\\\/#breadcrumb\",\"itemListElement\":[{\"@type\":\"ListItem\",\"position\":1,\"name\":\"page d\u2019accueil\",\"item\":\"https:\\\/\\\/adf-magazine.com\\\/\"},{\"@type\":\"ListItem\",\"position\":2,\"name\":\"La violence ethnique tourmente toujours l\u2019Afrique centrale, plusieurs d\u00e9cennies apr\u00e8s le g\u00e9nocide\"}]},{\"@type\":\"WebSite\",\"@id\":\"https:\\\/\\\/adf-magazine.com\\\/#website\",\"url\":\"https:\\\/\\\/adf-magazine.com\\\/\",\"name\":\"Africa Defense Forum\",\"description\":\"Africa Defense Forum\",\"potentialAction\":[{\"@type\":\"SearchAction\",\"target\":{\"@type\":\"EntryPoint\",\"urlTemplate\":\"https:\\\/\\\/adf-magazine.com\\\/?s={search_term_string}\"},\"query-input\":{\"@type\":\"PropertyValueSpecification\",\"valueRequired\":true,\"valueName\":\"search_term_string\"}}],\"inLanguage\":\"fr-FR\"},{\"@type\":\"Person\",\"@id\":\"https:\\\/\\\/adf-magazine.com\\\/#\\\/schema\\\/person\\\/f266a6061389568b5a11465bb38bc025\",\"name\":\"ADF\",\"image\":{\"@type\":\"ImageObject\",\"inLanguage\":\"fr-FR\",\"@id\":\"https:\\\/\\\/adf-magazine.com\\\/wp-content\\\/uploads\\\/2020\\\/05\\\/cropped-ADF_icon.jpg\",\"url\":\"https:\\\/\\\/adf-magazine.com\\\/wp-content\\\/uploads\\\/2020\\\/05\\\/cropped-ADF_icon.jpg\",\"contentUrl\":\"https:\\\/\\\/adf-magazine.com\\\/wp-content\\\/uploads\\\/2020\\\/05\\\/cropped-ADF_icon.jpg\",\"caption\":\"ADF\"},\"description\":\"ADF is a professional military magazine published quarterly by U.S. Africa Command to provide an international forum for African security professionals. ADF covers topics such as counter terrorism strategies, security and defense operations, transnational crime, and all other issues affecting peace, stability, and good governance on the African continent.\",\"sameAs\":[\"https:\\\/\\\/x.com\\\/ADFmagazine\"],\"url\":\"https:\\\/\\\/adf-magazine.com\\\/fr\\\/author\\\/adf\\\/\"}]}<\/script>\n<!-- \/ Yoast SEO plugin. -->","yoast_head_json":{"title":"La violence ethnique tourmente toujours l\u2019Afrique centrale, plusieurs d\u00e9cennies apr\u00e8s le g\u00e9nocide - Africa Defense Forum","robots":{"index":"index","follow":"follow","max-snippet":"max-snippet:-1","max-image-preview":"max-image-preview:large","max-video-preview":"max-video-preview:-1"},"canonical":"https:\/\/adf-magazine.com\/fr\/2024\/04\/la-violence-ethnique-tourmente-toujours-lafrique-centrale-plusieurs-decennies-apres-le-genocide\/","og_locale":"fr_FR","og_type":"article","og_title":"La violence ethnique tourmente toujours l\u2019Afrique centrale, plusieurs d\u00e9cennies apr\u00e8s le g\u00e9nocide - Africa Defense Forum","og_description":"PERSONNEL D\u2019ADF Bien que de nombreux Rwandais pensent que leur pays a fait des progr\u00e8s consid\u00e9rables depuis le g\u00e9nocide de 1994, les tensions entre les groupes rebelles hutus et tutsis continuent jusqu\u2019\u00e0 aujourd\u2019hui et alimentent la violence dans l\u2019Est de la R\u00e9publique d\u00e9mocratique du Congo. Sur une p\u00e9riode de quatre semaines en f\u00e9vrier et mars,","og_url":"https:\/\/adf-magazine.com\/fr\/2024\/04\/la-violence-ethnique-tourmente-toujours-lafrique-centrale-plusieurs-decennies-apres-le-genocide\/","og_site_name":"Africa Defense Forum","article_publisher":"https:\/\/www.facebook.com\/ADFmagazine\/","article_published_time":"2024-04-23T18:15:46+00:00","article_modified_time":"2024-04-23T18:16:20+00:00","og_image":[{"width":1024,"height":683,"url":"https:\/\/adf-magazine.com\/wp-content\/uploads\/2024\/04\/GettyImages-1985368354.jpg","type":"image\/jpeg"}],"author":"ADF","twitter_card":"summary_large_image","twitter_creator":"@ADFmagazine","twitter_site":"@ADFmagazine","twitter_misc":{"\u00c9crit par":"ADF","Dur\u00e9e de lecture estim\u00e9e":"4 minutes"},"schema":{"@context":"https:\/\/schema.org","@graph":[{"@type":"Article","@id":"https:\/\/adf-magazine.com\/fr\/2024\/04\/la-violence-ethnique-tourmente-toujours-lafrique-centrale-plusieurs-decennies-apres-le-genocide\/#article","isPartOf":{"@id":"https:\/\/adf-magazine.com\/fr\/2024\/04\/la-violence-ethnique-tourmente-toujours-lafrique-centrale-plusieurs-decennies-apres-le-genocide\/"},"author":{"name":"ADF","@id":"https:\/\/adf-magazine.com\/#\/schema\/person\/f266a6061389568b5a11465bb38bc025"},"headline":"La violence ethnique tourmente toujours l\u2019Afrique centrale, plusieurs d\u00e9cennies apr\u00e8s le g\u00e9nocide","datePublished":"2024-04-23T18:15:46+00:00","dateModified":"2024-04-23T18:16:20+00:00","mainEntityOfPage":{"@id":"https:\/\/adf-magazine.com\/fr\/2024\/04\/la-violence-ethnique-tourmente-toujours-lafrique-centrale-plusieurs-decennies-apres-le-genocide\/"},"wordCount":885,"commentCount":0,"image":{"@id":"https:\/\/adf-magazine.com\/fr\/2024\/04\/la-violence-ethnique-tourmente-toujours-lafrique-centrale-plusieurs-decennies-apres-le-genocide\/#primaryimage"},"thumbnailUrl":"https:\/\/adf-magazine.com\/wp-content\/uploads\/2024\/04\/GettyImages-1985368354.jpg","keywords":["extr\u00e9misme","genocide","R\u00e9publique d\u00e9mocratique du Congo","Rwanda","Terrorism"],"articleSection":["Actualit\u00e9s du Jour"],"inLanguage":"fr-FR","potentialAction":[{"@type":"CommentAction","name":"Comment","target":["https:\/\/adf-magazine.com\/fr\/2024\/04\/la-violence-ethnique-tourmente-toujours-lafrique-centrale-plusieurs-decennies-apres-le-genocide\/#respond"]}]},{"@type":"WebPage","@id":"https:\/\/adf-magazine.com\/fr\/2024\/04\/la-violence-ethnique-tourmente-toujours-lafrique-centrale-plusieurs-decennies-apres-le-genocide\/","url":"https:\/\/adf-magazine.com\/fr\/2024\/04\/la-violence-ethnique-tourmente-toujours-lafrique-centrale-plusieurs-decennies-apres-le-genocide\/","name":"La violence ethnique tourmente toujours l\u2019Afrique centrale, plusieurs d\u00e9cennies apr\u00e8s le g\u00e9nocide - Africa Defense Forum","isPartOf":{"@id":"https:\/\/adf-magazine.com\/#website"},"primaryImageOfPage":{"@id":"https:\/\/adf-magazine.com\/fr\/2024\/04\/la-violence-ethnique-tourmente-toujours-lafrique-centrale-plusieurs-decennies-apres-le-genocide\/#primaryimage"},"image":{"@id":"https:\/\/adf-magazine.com\/fr\/2024\/04\/la-violence-ethnique-tourmente-toujours-lafrique-centrale-plusieurs-decennies-apres-le-genocide\/#primaryimage"},"thumbnailUrl":"https:\/\/adf-magazine.com\/wp-content\/uploads\/2024\/04\/GettyImages-1985368354.jpg","datePublished":"2024-04-23T18:15:46+00:00","dateModified":"2024-04-23T18:16:20+00:00","author":{"@id":"https:\/\/adf-magazine.com\/#\/schema\/person\/f266a6061389568b5a11465bb38bc025"},"breadcrumb":{"@id":"https:\/\/adf-magazine.com\/fr\/2024\/04\/la-violence-ethnique-tourmente-toujours-lafrique-centrale-plusieurs-decennies-apres-le-genocide\/#breadcrumb"},"inLanguage":"fr-FR","potentialAction":[{"@type":"ReadAction","target":["https:\/\/adf-magazine.com\/fr\/2024\/04\/la-violence-ethnique-tourmente-toujours-lafrique-centrale-plusieurs-decennies-apres-le-genocide\/"]}]},{"@type":"ImageObject","inLanguage":"fr-FR","@id":"https:\/\/adf-magazine.com\/fr\/2024\/04\/la-violence-ethnique-tourmente-toujours-lafrique-centrale-plusieurs-decennies-apres-le-genocide\/#primaryimage","url":"https:\/\/adf-magazine.com\/wp-content\/uploads\/2024\/04\/GettyImages-1985368354.jpg","contentUrl":"https:\/\/adf-magazine.com\/wp-content\/uploads\/2024\/04\/GettyImages-1985368354.jpg","width":1024,"height":683,"caption":"Les gens fuient la violence d\u00e9clench\u00e9e par le groupe rebelle M23 dans l\u2019Est de la R\u00e9publique d\u00e9mocratique du Congo. AFP\/GETTY IMAGES"},{"@type":"BreadcrumbList","@id":"https:\/\/adf-magazine.com\/fr\/2024\/04\/la-violence-ethnique-tourmente-toujours-lafrique-centrale-plusieurs-decennies-apres-le-genocide\/#breadcrumb","itemListElement":[{"@type":"ListItem","position":1,"name":"page d\u2019accueil","item":"https:\/\/adf-magazine.com\/"},{"@type":"ListItem","position":2,"name":"La violence ethnique tourmente toujours l\u2019Afrique centrale, plusieurs d\u00e9cennies apr\u00e8s le g\u00e9nocide"}]},{"@type":"WebSite","@id":"https:\/\/adf-magazine.com\/#website","url":"https:\/\/adf-magazine.com\/","name":"Africa Defense Forum","description":"Africa Defense Forum","potentialAction":[{"@type":"SearchAction","target":{"@type":"EntryPoint","urlTemplate":"https:\/\/adf-magazine.com\/?s={search_term_string}"},"query-input":{"@type":"PropertyValueSpecification","valueRequired":true,"valueName":"search_term_string"}}],"inLanguage":"fr-FR"},{"@type":"Person","@id":"https:\/\/adf-magazine.com\/#\/schema\/person\/f266a6061389568b5a11465bb38bc025","name":"ADF","image":{"@type":"ImageObject","inLanguage":"fr-FR","@id":"https:\/\/adf-magazine.com\/wp-content\/uploads\/2020\/05\/cropped-ADF_icon.jpg","url":"https:\/\/adf-magazine.com\/wp-content\/uploads\/2020\/05\/cropped-ADF_icon.jpg","contentUrl":"https:\/\/adf-magazine.com\/wp-content\/uploads\/2020\/05\/cropped-ADF_icon.jpg","caption":"ADF"},"description":"ADF is a professional military magazine published quarterly by U.S. Africa Command to provide an international forum for African security professionals. ADF covers topics such as counter terrorism strategies, security and defense operations, transnational crime, and all other issues affecting peace, stability, and good governance on the African continent.","sameAs":["https:\/\/x.com\/ADFmagazine"],"url":"https:\/\/adf-magazine.com\/fr\/author\/adf\/"}]}},"_links":{"self":[{"href":"https:\/\/adf-magazine.com\/fr\/wp-json\/wp\/v2\/posts\/114272","targetHints":{"allow":["GET"]}}],"collection":[{"href":"https:\/\/adf-magazine.com\/fr\/wp-json\/wp\/v2\/posts"}],"about":[{"href":"https:\/\/adf-magazine.com\/fr\/wp-json\/wp\/v2\/types\/post"}],"author":[{"embeddable":true,"href":"https:\/\/adf-magazine.com\/fr\/wp-json\/wp\/v2\/users\/1"}],"replies":[{"embeddable":true,"href":"https:\/\/adf-magazine.com\/fr\/wp-json\/wp\/v2\/comments?post=114272"}],"version-history":[{"count":0,"href":"https:\/\/adf-magazine.com\/fr\/wp-json\/wp\/v2\/posts\/114272\/revisions"}],"wp:featuredmedia":[{"embeddable":true,"href":"https:\/\/adf-magazine.com\/fr\/wp-json\/wp\/v2\/media\/114266"}],"wp:attachment":[{"href":"https:\/\/adf-magazine.com\/fr\/wp-json\/wp\/v2\/media?parent=114272"}],"wp:term":[{"taxonomy":"category","embeddable":true,"href":"https:\/\/adf-magazine.com\/fr\/wp-json\/wp\/v2\/categories?post=114272"},{"taxonomy":"post_tag","embeddable":true,"href":"https:\/\/adf-magazine.com\/fr\/wp-json\/wp\/v2\/tags?post=114272"}],"curies":[{"name":"wp","href":"https:\/\/api.w.org\/{rel}","templated":true}]}}