{"id":11404,"date":"2018-10-31T20:03:30","date_gmt":"2018-10-31T20:03:30","guid":{"rendered":"https:\/\/adf-magazine.com\/?p=11404"},"modified":"2018-11-05T20:10:27","modified_gmt":"2018-11-05T20:10:27","slug":"les-etudiants-montent-en-fleche-a-lacademie-de-drones-de-cote-divoire","status":"publish","type":"post","link":"https:\/\/adf-magazine.com\/fr\/2018\/10\/les-etudiants-montent-en-fleche-a-lacademie-de-drones-de-cote-divoire\/","title":{"rendered":"LES \u00c9TUDIANTS MONTENT EN FL\u00c8CHE  \u00c0 L\u2019ACAD\u00c9MIE DE DRONES  DE C\u00d4TE D\u2019IVOIRE"},"content":{"rendered":"<p>AGENCE FRANCE-PRESSE<\/p>\n<p>Une \u00ab acad\u00e9mie de drones \u00bb innovatrice \u00e0 Abidjan, en C\u00f4te d\u2019Ivoire, \u00e9tablie par la Compagnie ivoirienne d\u2019\u00e9lectricit\u00e9 (CIE), projette de r\u00e9volutionner les inspections d\u2019infrastructure et de r\u00e9duire les co\u00fbts.<\/p>\n<p>La CIE formera environ 20 jeunes pilotes pour inspecter ces lignes haute tension, qui s\u2019\u00e9tendent sur plus de 25.000 kilom\u00e8tres dans le pays.<\/p>\n<p>\u00ab Nous avons beaucoup de probl\u00e8mes avec la v\u00e9g\u00e9tation, nous devons la d\u00e9gager tout le temps et cela est difficile parce qu\u2019elle est partout \u00bb, d\u00e9clare le pilote Benjamin Mathon, qui est charg\u00e9 du programme de drones et de formation des jeunes de la CIE.<\/p>\n<p>Les pistes non pav\u00e9es qui ne sont pas carrossables apr\u00e8s une pluie forte, les zones \u00e9tendues de v\u00e9g\u00e9tation tropicale et un r\u00e9seau routier fragment\u00e9 rendent difficile l\u2019acc\u00e8s aux pyl\u00f4nes \u00e9lectriques dans un pays d\u2019une superficie de 322.000 kilom\u00e8tres carr\u00e9s.<\/p>\n<p>Apr\u00e8s avoir survol\u00e9 une zone avec un drone \u00e9quip\u00e9 de cam\u00e9ras et de capteurs thermiques et \u00e0 laser, \u00ab nous utilisons des programmes d\u2019intelligence artificielle qui analysent les images pour d\u00e9celer toutes les anomalies : un boulon rouill\u00e9 sur un pyl\u00f4ne, un c\u00e2ble endommag\u00e9, d\u00e9clare M. Mathon. Le drone nous permet d\u2019analyser rapidement un grand nombre de lignes sur de grandes distances. \u00bb<\/p>\n<p>Les \u00e9tudiants apprennent \u00e0 piloter les drones, \u00e0 les assembler et \u00e0 les r\u00e9parer, et ils sont form\u00e9s pour analyser les images, les donn\u00e9es, la g\u00e9olocalisation et la cartographie.<\/p>\n<p>Auparavant, toutes les inspections \u00e9taient faites par h\u00e9licopt\u00e8re ou par des \u00e9quipes au sol. Un h\u00e9licopt\u00e8re co\u00fbte plus de 600.000 dollars et chaque vol d\u2019une heure co\u00fbte pr\u00e8s de 1.500 dollars. Un drone co\u00fbte entre 2.000 et 125.000 dollars, son entretien est simple et le co\u00fbt des vols est n\u00e9gligeable.<\/p>\n<p>La soci\u00e9t\u00e9 esp\u00e8re r\u00e9duire la p\u00e9riode moyenne des pannes de courant pour ses 1,3 million de clients en C\u00f4te d\u2019Ivoire. Elle esp\u00e8re aussi faire de m\u00eame pour les clients du B\u00e9nin, du Burkina Faso, du Ghana, du Mali et du Togo.<\/p>\n<p>L\u2019acad\u00e9mie de drones est ouverte \u00e0 toute entreprise d\u2019Afrique de l\u2019Ouest qui pourrait b\u00e9n\u00e9ficier de la technologie, d\u00e9clare Paul Ginies, directeur du Centre pour les professions \u00e9lectriques, division de formation de la CIE.<\/p>\n<p>\u00ab Je suis s\u00fbr que les jeunes africains vont saisir cette chance et nous surprendre en d\u00e9veloppant des applications auxquelles nous n\u2019avons pas pens\u00e9. C\u2019est leur g\u00e9n\u00e9ration \u00bb, d\u00e9clare-t-il.<\/p>\n","protected":false},"excerpt":{"rendered":"<p>AGENCE FRANCE-PRESSE Une \u00ab acad\u00e9mie de drones \u00bb innovatrice \u00e0 Abidjan, en C\u00f4te d\u2019Ivoire, \u00e9tablie par la Compagnie ivoirienne d\u2019\u00e9lectricit\u00e9 (CIE), projette de r\u00e9volutionner les inspections d\u2019infrastructure et de r\u00e9duire les co\u00fbts. La CIE formera environ 20 jeunes pilotes pour inspecter ces lignes haute tension, qui s\u2019\u00e9tendent sur plus de 25.000 kilom\u00e8tres dans le pays.<\/p>\n","protected":false},"author":1,"featured_media":11402,"comment_status":"open","ping_status":"open","sticky":false,"template":"","format":"standard","meta":{"_acf_changed":false,"_monsterinsights_skip_tracking":false,"_monsterinsights_sitenote_active":false,"_monsterinsights_sitenote_note":"","_monsterinsights_sitenote_category":0,"_uf_show_specific_survey":0,"_uf_disable_surveys":false,"footnotes":""},"categories":[60,40],"tags":[],"class_list":{"0":"post-11404","1":"post","2":"type-post","3":"status-publish","4":"format-standard","5":"has-post-thumbnail","7":"category-l-afrique-aujourdhui","8":"category-rubriques"},"acf":[],"yoast_head":"<!-- This site is optimized with the Yoast SEO plugin v27.5 - https:\/\/yoast.com\/product\/yoast-seo-wordpress\/ -->\n<title>LES \u00c9TUDIANTS MONTENT EN FL\u00c8CHE \u00c0 L\u2019ACAD\u00c9MIE DE DRONES DE C\u00d4TE D\u2019IVOIRE - Africa Defense Forum<\/title>\n<meta name=\"robots\" content=\"index, follow, max-snippet:-1, max-image-preview:large, max-video-preview:-1\" \/>\n<link rel=\"canonical\" href=\"https:\/\/adf-magazine.com\/fr\/2018\/10\/les-etudiants-montent-en-fleche-a-lacademie-de-drones-de-cote-divoire\/\" \/>\n<meta property=\"og:locale\" content=\"fr_FR\" \/>\n<meta property=\"og:type\" content=\"article\" \/>\n<meta property=\"og:title\" content=\"LES \u00c9TUDIANTS MONTENT EN FL\u00c8CHE \u00c0 L\u2019ACAD\u00c9MIE DE DRONES DE C\u00d4TE D\u2019IVOIRE - Africa Defense Forum\" \/>\n<meta property=\"og:description\" content=\"AGENCE FRANCE-PRESSE Une \u00ab acad\u00e9mie de drones \u00bb innovatrice \u00e0 Abidjan, en C\u00f4te d\u2019Ivoire, \u00e9tablie par la Compagnie ivoirienne d\u2019\u00e9lectricit\u00e9 (CIE), projette de r\u00e9volutionner les inspections d\u2019infrastructure et de r\u00e9duire les co\u00fbts. La CIE formera environ 20 jeunes pilotes pour inspecter ces lignes haute tension, qui s\u2019\u00e9tendent sur plus de 25.000 kilom\u00e8tres dans le pays.\" \/>\n<meta property=\"og:url\" content=\"https:\/\/adf-magazine.com\/fr\/2018\/10\/les-etudiants-montent-en-fleche-a-lacademie-de-drones-de-cote-divoire\/\" \/>\n<meta property=\"og:site_name\" content=\"Africa Defense Forum\" \/>\n<meta property=\"article:publisher\" content=\"https:\/\/www.facebook.com\/ADFmagazine\/\" \/>\n<meta property=\"article:published_time\" content=\"2018-10-31T20:03:30+00:00\" \/>\n<meta property=\"article:modified_time\" content=\"2018-11-05T20:10:27+00:00\" \/>\n<meta property=\"og:image\" content=\"https:\/\/adf-magazine.com\/wp-content\/uploads\/2018\/10\/TD_drone.jpg\" \/>\n\t<meta property=\"og:image:width\" content=\"1080\" \/>\n\t<meta property=\"og:image:height\" content=\"1390\" \/>\n\t<meta property=\"og:image:type\" content=\"image\/jpeg\" \/>\n<meta name=\"author\" content=\"ADF\" \/>\n<meta name=\"twitter:card\" content=\"summary_large_image\" \/>\n<meta name=\"twitter:creator\" content=\"@ADFmagazine\" \/>\n<meta name=\"twitter:site\" content=\"@ADFmagazine\" \/>\n<meta name=\"twitter:label1\" content=\"\u00c9crit par\" \/>\n\t<meta name=\"twitter:data1\" content=\"ADF\" \/>\n\t<meta name=\"twitter:label2\" content=\"Dur\u00e9e de lecture estim\u00e9e\" \/>\n\t<meta name=\"twitter:data2\" content=\"2 minutes\" \/>\n<script type=\"application\/ld+json\" class=\"yoast-schema-graph\">{\"@context\":\"https:\\\/\\\/schema.org\",\"@graph\":[{\"@type\":\"Article\",\"@id\":\"https:\\\/\\\/adf-magazine.com\\\/fr\\\/2018\\\/10\\\/les-etudiants-montent-en-fleche-a-lacademie-de-drones-de-cote-divoire\\\/#article\",\"isPartOf\":{\"@id\":\"https:\\\/\\\/adf-magazine.com\\\/fr\\\/2018\\\/10\\\/les-etudiants-montent-en-fleche-a-lacademie-de-drones-de-cote-divoire\\\/\"},\"author\":{\"name\":\"ADF\",\"@id\":\"https:\\\/\\\/adf-magazine.com\\\/#\\\/schema\\\/person\\\/f266a6061389568b5a11465bb38bc025\"},\"headline\":\"LES \u00c9TUDIANTS MONTENT EN FL\u00c8CHE \u00c0 L\u2019ACAD\u00c9MIE DE DRONES DE C\u00d4TE D\u2019IVOIRE\",\"datePublished\":\"2018-10-31T20:03:30+00:00\",\"dateModified\":\"2018-11-05T20:10:27+00:00\",\"mainEntityOfPage\":{\"@id\":\"https:\\\/\\\/adf-magazine.com\\\/fr\\\/2018\\\/10\\\/les-etudiants-montent-en-fleche-a-lacademie-de-drones-de-cote-divoire\\\/\"},\"wordCount\":450,\"commentCount\":0,\"image\":{\"@id\":\"https:\\\/\\\/adf-magazine.com\\\/fr\\\/2018\\\/10\\\/les-etudiants-montent-en-fleche-a-lacademie-de-drones-de-cote-divoire\\\/#primaryimage\"},\"thumbnailUrl\":\"https:\\\/\\\/adf-magazine.com\\\/wp-content\\\/uploads\\\/2018\\\/10\\\/TD_drone.jpg\",\"articleSection\":[\"L\u2019Afrique aujourd\u2019hui\",\"rubriques\"],\"inLanguage\":\"fr-FR\",\"potentialAction\":[{\"@type\":\"CommentAction\",\"name\":\"Comment\",\"target\":[\"https:\\\/\\\/adf-magazine.com\\\/fr\\\/2018\\\/10\\\/les-etudiants-montent-en-fleche-a-lacademie-de-drones-de-cote-divoire\\\/#respond\"]}]},{\"@type\":\"WebPage\",\"@id\":\"https:\\\/\\\/adf-magazine.com\\\/fr\\\/2018\\\/10\\\/les-etudiants-montent-en-fleche-a-lacademie-de-drones-de-cote-divoire\\\/\",\"url\":\"https:\\\/\\\/adf-magazine.com\\\/fr\\\/2018\\\/10\\\/les-etudiants-montent-en-fleche-a-lacademie-de-drones-de-cote-divoire\\\/\",\"name\":\"LES \u00c9TUDIANTS MONTENT EN FL\u00c8CHE \u00c0 L\u2019ACAD\u00c9MIE DE DRONES DE C\u00d4TE D\u2019IVOIRE - Africa Defense Forum\",\"isPartOf\":{\"@id\":\"https:\\\/\\\/adf-magazine.com\\\/#website\"},\"primaryImageOfPage\":{\"@id\":\"https:\\\/\\\/adf-magazine.com\\\/fr\\\/2018\\\/10\\\/les-etudiants-montent-en-fleche-a-lacademie-de-drones-de-cote-divoire\\\/#primaryimage\"},\"image\":{\"@id\":\"https:\\\/\\\/adf-magazine.com\\\/fr\\\/2018\\\/10\\\/les-etudiants-montent-en-fleche-a-lacademie-de-drones-de-cote-divoire\\\/#primaryimage\"},\"thumbnailUrl\":\"https:\\\/\\\/adf-magazine.com\\\/wp-content\\\/uploads\\\/2018\\\/10\\\/TD_drone.jpg\",\"datePublished\":\"2018-10-31T20:03:30+00:00\",\"dateModified\":\"2018-11-05T20:10:27+00:00\",\"author\":{\"@id\":\"https:\\\/\\\/adf-magazine.com\\\/#\\\/schema\\\/person\\\/f266a6061389568b5a11465bb38bc025\"},\"breadcrumb\":{\"@id\":\"https:\\\/\\\/adf-magazine.com\\\/fr\\\/2018\\\/10\\\/les-etudiants-montent-en-fleche-a-lacademie-de-drones-de-cote-divoire\\\/#breadcrumb\"},\"inLanguage\":\"fr-FR\",\"potentialAction\":[{\"@type\":\"ReadAction\",\"target\":[\"https:\\\/\\\/adf-magazine.com\\\/fr\\\/2018\\\/10\\\/les-etudiants-montent-en-fleche-a-lacademie-de-drones-de-cote-divoire\\\/\"]}]},{\"@type\":\"ImageObject\",\"inLanguage\":\"fr-FR\",\"@id\":\"https:\\\/\\\/adf-magazine.com\\\/fr\\\/2018\\\/10\\\/les-etudiants-montent-en-fleche-a-lacademie-de-drones-de-cote-divoire\\\/#primaryimage\",\"url\":\"https:\\\/\\\/adf-magazine.com\\\/wp-content\\\/uploads\\\/2018\\\/10\\\/TD_drone.jpg\",\"contentUrl\":\"https:\\\/\\\/adf-magazine.com\\\/wp-content\\\/uploads\\\/2018\\\/10\\\/TD_drone.jpg\",\"width\":1080,\"height\":1390},{\"@type\":\"BreadcrumbList\",\"@id\":\"https:\\\/\\\/adf-magazine.com\\\/fr\\\/2018\\\/10\\\/les-etudiants-montent-en-fleche-a-lacademie-de-drones-de-cote-divoire\\\/#breadcrumb\",\"itemListElement\":[{\"@type\":\"ListItem\",\"position\":1,\"name\":\"page d\u2019accueil\",\"item\":\"https:\\\/\\\/adf-magazine.com\\\/\"},{\"@type\":\"ListItem\",\"position\":2,\"name\":\"LES \u00c9TUDIANTS MONTENT EN FL\u00c8CHE \u00c0 L\u2019ACAD\u00c9MIE DE DRONES DE C\u00d4TE D\u2019IVOIRE\"}]},{\"@type\":\"WebSite\",\"@id\":\"https:\\\/\\\/adf-magazine.com\\\/#website\",\"url\":\"https:\\\/\\\/adf-magazine.com\\\/\",\"name\":\"Africa Defense Forum\",\"description\":\"Africa Defense Forum\",\"potentialAction\":[{\"@type\":\"SearchAction\",\"target\":{\"@type\":\"EntryPoint\",\"urlTemplate\":\"https:\\\/\\\/adf-magazine.com\\\/?s={search_term_string}\"},\"query-input\":{\"@type\":\"PropertyValueSpecification\",\"valueRequired\":true,\"valueName\":\"search_term_string\"}}],\"inLanguage\":\"fr-FR\"},{\"@type\":\"Person\",\"@id\":\"https:\\\/\\\/adf-magazine.com\\\/#\\\/schema\\\/person\\\/f266a6061389568b5a11465bb38bc025\",\"name\":\"ADF\",\"image\":{\"@type\":\"ImageObject\",\"inLanguage\":\"fr-FR\",\"@id\":\"https:\\\/\\\/adf-magazine.com\\\/wp-content\\\/uploads\\\/2020\\\/05\\\/cropped-ADF_icon.jpg\",\"url\":\"https:\\\/\\\/adf-magazine.com\\\/wp-content\\\/uploads\\\/2020\\\/05\\\/cropped-ADF_icon.jpg\",\"contentUrl\":\"https:\\\/\\\/adf-magazine.com\\\/wp-content\\\/uploads\\\/2020\\\/05\\\/cropped-ADF_icon.jpg\",\"caption\":\"ADF\"},\"description\":\"ADF is a professional military magazine published quarterly by U.S. Africa Command to provide an international forum for African security professionals. ADF covers topics such as counter terrorism strategies, security and defense operations, transnational crime, and all other issues affecting peace, stability, and good governance on the African continent.\",\"sameAs\":[\"https:\\\/\\\/x.com\\\/ADFmagazine\"],\"url\":\"https:\\\/\\\/adf-magazine.com\\\/fr\\\/author\\\/adf\\\/\"}]}<\/script>\n<!-- \/ Yoast SEO plugin. -->","yoast_head_json":{"title":"LES \u00c9TUDIANTS MONTENT EN FL\u00c8CHE \u00c0 L\u2019ACAD\u00c9MIE DE DRONES DE C\u00d4TE D\u2019IVOIRE - Africa Defense Forum","robots":{"index":"index","follow":"follow","max-snippet":"max-snippet:-1","max-image-preview":"max-image-preview:large","max-video-preview":"max-video-preview:-1"},"canonical":"https:\/\/adf-magazine.com\/fr\/2018\/10\/les-etudiants-montent-en-fleche-a-lacademie-de-drones-de-cote-divoire\/","og_locale":"fr_FR","og_type":"article","og_title":"LES \u00c9TUDIANTS MONTENT EN FL\u00c8CHE \u00c0 L\u2019ACAD\u00c9MIE DE DRONES DE C\u00d4TE D\u2019IVOIRE - Africa Defense Forum","og_description":"AGENCE FRANCE-PRESSE Une \u00ab acad\u00e9mie de drones \u00bb innovatrice \u00e0 Abidjan, en C\u00f4te d\u2019Ivoire, \u00e9tablie par la Compagnie ivoirienne d\u2019\u00e9lectricit\u00e9 (CIE), projette de r\u00e9volutionner les inspections d\u2019infrastructure et de r\u00e9duire les co\u00fbts. La CIE formera environ 20 jeunes pilotes pour inspecter ces lignes haute tension, qui s\u2019\u00e9tendent sur plus de 25.000 kilom\u00e8tres dans le pays.","og_url":"https:\/\/adf-magazine.com\/fr\/2018\/10\/les-etudiants-montent-en-fleche-a-lacademie-de-drones-de-cote-divoire\/","og_site_name":"Africa Defense Forum","article_publisher":"https:\/\/www.facebook.com\/ADFmagazine\/","article_published_time":"2018-10-31T20:03:30+00:00","article_modified_time":"2018-11-05T20:10:27+00:00","og_image":[{"width":1080,"height":1390,"url":"https:\/\/adf-magazine.com\/wp-content\/uploads\/2018\/10\/TD_drone.jpg","type":"image\/jpeg"}],"author":"ADF","twitter_card":"summary_large_image","twitter_creator":"@ADFmagazine","twitter_site":"@ADFmagazine","twitter_misc":{"\u00c9crit par":"ADF","Dur\u00e9e de lecture estim\u00e9e":"2 minutes"},"schema":{"@context":"https:\/\/schema.org","@graph":[{"@type":"Article","@id":"https:\/\/adf-magazine.com\/fr\/2018\/10\/les-etudiants-montent-en-fleche-a-lacademie-de-drones-de-cote-divoire\/#article","isPartOf":{"@id":"https:\/\/adf-magazine.com\/fr\/2018\/10\/les-etudiants-montent-en-fleche-a-lacademie-de-drones-de-cote-divoire\/"},"author":{"name":"ADF","@id":"https:\/\/adf-magazine.com\/#\/schema\/person\/f266a6061389568b5a11465bb38bc025"},"headline":"LES \u00c9TUDIANTS MONTENT EN FL\u00c8CHE \u00c0 L\u2019ACAD\u00c9MIE DE DRONES DE C\u00d4TE D\u2019IVOIRE","datePublished":"2018-10-31T20:03:30+00:00","dateModified":"2018-11-05T20:10:27+00:00","mainEntityOfPage":{"@id":"https:\/\/adf-magazine.com\/fr\/2018\/10\/les-etudiants-montent-en-fleche-a-lacademie-de-drones-de-cote-divoire\/"},"wordCount":450,"commentCount":0,"image":{"@id":"https:\/\/adf-magazine.com\/fr\/2018\/10\/les-etudiants-montent-en-fleche-a-lacademie-de-drones-de-cote-divoire\/#primaryimage"},"thumbnailUrl":"https:\/\/adf-magazine.com\/wp-content\/uploads\/2018\/10\/TD_drone.jpg","articleSection":["L\u2019Afrique aujourd\u2019hui","rubriques"],"inLanguage":"fr-FR","potentialAction":[{"@type":"CommentAction","name":"Comment","target":["https:\/\/adf-magazine.com\/fr\/2018\/10\/les-etudiants-montent-en-fleche-a-lacademie-de-drones-de-cote-divoire\/#respond"]}]},{"@type":"WebPage","@id":"https:\/\/adf-magazine.com\/fr\/2018\/10\/les-etudiants-montent-en-fleche-a-lacademie-de-drones-de-cote-divoire\/","url":"https:\/\/adf-magazine.com\/fr\/2018\/10\/les-etudiants-montent-en-fleche-a-lacademie-de-drones-de-cote-divoire\/","name":"LES \u00c9TUDIANTS MONTENT EN FL\u00c8CHE \u00c0 L\u2019ACAD\u00c9MIE DE DRONES DE C\u00d4TE D\u2019IVOIRE - Africa Defense Forum","isPartOf":{"@id":"https:\/\/adf-magazine.com\/#website"},"primaryImageOfPage":{"@id":"https:\/\/adf-magazine.com\/fr\/2018\/10\/les-etudiants-montent-en-fleche-a-lacademie-de-drones-de-cote-divoire\/#primaryimage"},"image":{"@id":"https:\/\/adf-magazine.com\/fr\/2018\/10\/les-etudiants-montent-en-fleche-a-lacademie-de-drones-de-cote-divoire\/#primaryimage"},"thumbnailUrl":"https:\/\/adf-magazine.com\/wp-content\/uploads\/2018\/10\/TD_drone.jpg","datePublished":"2018-10-31T20:03:30+00:00","dateModified":"2018-11-05T20:10:27+00:00","author":{"@id":"https:\/\/adf-magazine.com\/#\/schema\/person\/f266a6061389568b5a11465bb38bc025"},"breadcrumb":{"@id":"https:\/\/adf-magazine.com\/fr\/2018\/10\/les-etudiants-montent-en-fleche-a-lacademie-de-drones-de-cote-divoire\/#breadcrumb"},"inLanguage":"fr-FR","potentialAction":[{"@type":"ReadAction","target":["https:\/\/adf-magazine.com\/fr\/2018\/10\/les-etudiants-montent-en-fleche-a-lacademie-de-drones-de-cote-divoire\/"]}]},{"@type":"ImageObject","inLanguage":"fr-FR","@id":"https:\/\/adf-magazine.com\/fr\/2018\/10\/les-etudiants-montent-en-fleche-a-lacademie-de-drones-de-cote-divoire\/#primaryimage","url":"https:\/\/adf-magazine.com\/wp-content\/uploads\/2018\/10\/TD_drone.jpg","contentUrl":"https:\/\/adf-magazine.com\/wp-content\/uploads\/2018\/10\/TD_drone.jpg","width":1080,"height":1390},{"@type":"BreadcrumbList","@id":"https:\/\/adf-magazine.com\/fr\/2018\/10\/les-etudiants-montent-en-fleche-a-lacademie-de-drones-de-cote-divoire\/#breadcrumb","itemListElement":[{"@type":"ListItem","position":1,"name":"page d\u2019accueil","item":"https:\/\/adf-magazine.com\/"},{"@type":"ListItem","position":2,"name":"LES \u00c9TUDIANTS MONTENT EN FL\u00c8CHE \u00c0 L\u2019ACAD\u00c9MIE DE DRONES DE C\u00d4TE D\u2019IVOIRE"}]},{"@type":"WebSite","@id":"https:\/\/adf-magazine.com\/#website","url":"https:\/\/adf-magazine.com\/","name":"Africa Defense Forum","description":"Africa Defense Forum","potentialAction":[{"@type":"SearchAction","target":{"@type":"EntryPoint","urlTemplate":"https:\/\/adf-magazine.com\/?s={search_term_string}"},"query-input":{"@type":"PropertyValueSpecification","valueRequired":true,"valueName":"search_term_string"}}],"inLanguage":"fr-FR"},{"@type":"Person","@id":"https:\/\/adf-magazine.com\/#\/schema\/person\/f266a6061389568b5a11465bb38bc025","name":"ADF","image":{"@type":"ImageObject","inLanguage":"fr-FR","@id":"https:\/\/adf-magazine.com\/wp-content\/uploads\/2020\/05\/cropped-ADF_icon.jpg","url":"https:\/\/adf-magazine.com\/wp-content\/uploads\/2020\/05\/cropped-ADF_icon.jpg","contentUrl":"https:\/\/adf-magazine.com\/wp-content\/uploads\/2020\/05\/cropped-ADF_icon.jpg","caption":"ADF"},"description":"ADF is a professional military magazine published quarterly by U.S. Africa Command to provide an international forum for African security professionals. ADF covers topics such as counter terrorism strategies, security and defense operations, transnational crime, and all other issues affecting peace, stability, and good governance on the African continent.","sameAs":["https:\/\/x.com\/ADFmagazine"],"url":"https:\/\/adf-magazine.com\/fr\/author\/adf\/"}]}},"_links":{"self":[{"href":"https:\/\/adf-magazine.com\/fr\/wp-json\/wp\/v2\/posts\/11404","targetHints":{"allow":["GET"]}}],"collection":[{"href":"https:\/\/adf-magazine.com\/fr\/wp-json\/wp\/v2\/posts"}],"about":[{"href":"https:\/\/adf-magazine.com\/fr\/wp-json\/wp\/v2\/types\/post"}],"author":[{"embeddable":true,"href":"https:\/\/adf-magazine.com\/fr\/wp-json\/wp\/v2\/users\/1"}],"replies":[{"embeddable":true,"href":"https:\/\/adf-magazine.com\/fr\/wp-json\/wp\/v2\/comments?post=11404"}],"version-history":[{"count":0,"href":"https:\/\/adf-magazine.com\/fr\/wp-json\/wp\/v2\/posts\/11404\/revisions"}],"wp:featuredmedia":[{"embeddable":true,"href":"https:\/\/adf-magazine.com\/fr\/wp-json\/wp\/v2\/media\/11402"}],"wp:attachment":[{"href":"https:\/\/adf-magazine.com\/fr\/wp-json\/wp\/v2\/media?parent=11404"}],"wp:term":[{"taxonomy":"category","embeddable":true,"href":"https:\/\/adf-magazine.com\/fr\/wp-json\/wp\/v2\/categories?post=11404"},{"taxonomy":"post_tag","embeddable":true,"href":"https:\/\/adf-magazine.com\/fr\/wp-json\/wp\/v2\/tags?post=11404"}],"curies":[{"name":"wp","href":"https:\/\/api.w.org\/{rel}","templated":true}]}}