{"id":113989,"date":"2024-04-09T14:45:00","date_gmt":"2024-04-09T18:45:00","guid":{"rendered":"https:\/\/adf-magazine.com\/?p=113989"},"modified":"2024-04-09T14:45:22","modified_gmt":"2024-04-09T18:45:22","slug":"louganda-est-en-etat-de-haute-alerte-a-cause-des-menaces-dattaque-par-les-forces-democratiques-alliees","status":"publish","type":"post","link":"https:\/\/adf-magazine.com\/fr\/2024\/04\/louganda-est-en-etat-de-haute-alerte-a-cause-des-menaces-dattaque-par-les-forces-democratiques-alliees\/","title":{"rendered":"L\u2019Ouganda est en \u00e9tat de haute alerte \u00e0 cause des menaces d\u2019attaque par les Forces d\u00e9mocratiques alli\u00e9es"},"content":{"rendered":"<div><span lang=\"FR\">PERSONNEL D\u2019ADF<br \/>\n<\/span><\/div>\n<div><span lang=\"FR\"><span lang=\"FR\"><br \/>\nLes forces de s\u00e9curit\u00e9 ougandaises sont en \u00e9tat de haute alerte depuis l\u2019entr\u00e9e dans le pays \u00e0 la mi-mars des membres de l\u2019organisation terroriste Forces d\u00e9mocratiques alli\u00e9es, en provenance de la R\u00e9publique d\u00e9mocratique du Congo.<\/span><\/span>La Force de d\u00e9fense du peuple ougandais d\u00e9clare que le groupe est probablement dirig\u00e9 par Ahmad Mahmood Hassan, connu aussi sous le nom d\u2019Abuwakas, un expert des explosifs n\u00e9 en Tanzanie. Le groupe pourrait pr\u00e9parer des attaques dans les zones urbaines, les lieux de culte, les \u00e9coles et les \u00e9v\u00e9nements publics pr\u00e8s de Kampala et dans la r\u00e9gion duRwenzori.<\/p>\n<p>\u00ab\u00a0Nous demandons \u00e0 tous les civils d\u2019\u00eatre vigilants, d\u2019identifier et de signaler tous les individus et les colis suspects, pour \u00e9viter d\u2019\u00eatre victimes des [Forces d\u00e9mocratiques alli\u00e9es], alors que nous rattrapons ce groupe\u00a0\u00bb, d\u00e9clare le colonel Deo Akiiki, porte-parole adjoint du minist\u00e8re de la D\u00e9fense et des Affaires des anciens combattants, selon un reportage du quotidien ougandais Daily Monitor.<\/p>\n<p>Le 29 mars, les participants aux processions du Chemin de croix dans la ville de Fort Portal ont lou\u00e9 le personnel de s\u00e9curit\u00e9 arm\u00e9 qui a gard\u00e9 l\u2019\u00e9v\u00e9nement, y compris les forces antiterroristes.<\/p>\n<p>Jane Asiimwe, participante au Chemin de croix, a d\u00e9clar\u00e9 au Daily Monitor le Vendredi saint\u00a0: \u00ab\u00a0Nous sommes heureux parce que notre s\u00e9curit\u00e9 nous prot\u00e8ge vigoureusement pendant notre marche. Nous prions qu\u2019ils am\u00e9lioreront la s\u00e9curit\u00e9 m\u00eame dans les \u00e9glises pour le dimanche de P\u00e2ques.\u00a0\u00bb<\/p>\n<p>Le 15 octobre 2023, les autorit\u00e9s ougandaises ont emp\u00each\u00e9 les Forces d\u00e9mocratiques alli\u00e9es de commettre des attentats \u00e0 la bombe contre deux \u00e9glises de Kibbi, lieu central situ\u00e9 \u00e0 environ 50\u00a0km \u00e0 l\u2019Ouest de la capitale de Kampala.<\/p>\n<p>Les bombes \u00e9taient connect\u00e9es \u00e0 des syst\u00e8mes de sonorisation et elles ont \u00e9t\u00e9 envoy\u00e9es \u00e0 des pasteurs, dissimul\u00e9es sous forme de cadeau. Toutefois, les membres du public se m\u00e9fiaient de ces engins et ont alert\u00e9 la police, selon le pr\u00e9sident ougandais Yoweri Museveni. Les Forces d\u00e9mocratiques alli\u00e9es sont li\u00e9es \u00e0 l\u2019\u00c9tat islamique (Daech) et prennent souvent pour cible les chr\u00e9tiens dans leur propagande.<\/p>\n<p>Vincent Twesige, porte-parole de la police dans la r\u00e9gion du Rwenzori occidental, a exhort\u00e9 tous les centres religieux de la r\u00e9gion \u00e0 collaborer avec les agences de police locales pour assurer la s\u00e9curit\u00e9 pendant la p\u00e9riode de P\u00e2ques et \u00e0 filtrer tous les gens participants aux services religieux. Il encourage aussi les civils \u00e0 \u00ab\u00a0signaler promptement toute personne suspecte qu\u2019ils rencontrent\u00a0\u00bb, selon le reportage du Daily Monitor.<\/p>\n<p>En 2021, l\u2019Ouganda et la RDC ont lanc\u00e9 conjointement une offensive pour chasser les Forces d\u00e9mocratiques alli\u00e9es de leurs bastions du Congo. Le groupe a commenc\u00e9 \u00e0 prendre pour cible l\u2019Ouest de l\u2019Ouganda en 2022 \u00e0 mesure qu\u2019il perdait du terrain en RDC.<\/p>\n<p>Le groupe a attir\u00e9 l\u2019attention internationale pour son assassinat d\u2019un couple de jeunes mari\u00e9s du Royaume-Uni et d\u2019Afrique du Sud, et de leur guide ougandais en octobre 2023, alors qu\u2019ils participaient \u00e0 un safari dans le parc national Queen Elizabeth pr\u00e8s de la fronti\u00e8re avec la RDC.<\/p>\n<p>En juin 2023, le groupe a attaqu\u00e9 l\u2019\u00e9cole secondaire Mpondwe Lhubiriha pr\u00e8s de la fronti\u00e8re entre l\u2019Ouganda et la RDC. Cette embuscade tard dans la nuit a tu\u00e9 42\u00a0personnes, y compris 37\u00a0\u00e9l\u00e8ves\u00a0; les victimes ont \u00e9t\u00e9 attaqu\u00e9es \u00e0 coups de machette, tu\u00e9es par balle ou br\u00fbl\u00e9es vives. 6 autres \u00e9l\u00e8ves ont \u00e9t\u00e9 enlev\u00e9s.<\/p>\n<p>Les Forces d\u00e9mocratiques alli\u00e9es sont financ\u00e9es en grande mesure par des op\u00e9rations ill\u00e9gales d\u2019extraction mini\u00e8re et d\u2019abattage d\u2019arbres, ainsi que par des enl\u00e8vements contre ran\u00e7on.<\/p>\n<p>Les Nations unies ont signal\u00e9 l\u2019an dernier que Daech avait aussi \u00ab\u00a0fourni un soutien financier [aux Forces d\u00e9mocratiques alli\u00e9es] depuis au moins 2019, gr\u00e2ce \u00e0 un montage financier complexe par des personnes vivant dans plusieurs pays, \u00e0 partir de la Somalie et passant par l\u2019Afrique du Sud, le Kenya et l\u2019Ouganda\u00a0\u00bb.<\/p>\n<p>Le pr\u00e9sident Museveni a annonc\u00e9 en septembre 2023 que des frappes a\u00e9riennes contre le groupe avaient tu\u00e9 \u00ab\u00a0beaucoup\u00a0\u00bb de militants, y compris peut-\u00eatre le fabricant de bombe notoire Meddie Nkalubo.<\/p>\n<p>Les Forces d\u00e9mocratiques alli\u00e9es ont \u00e9t\u00e9 cr\u00e9\u00e9es en Ouganda dans les ann\u00e9es 1990 par des gens m\u00e9contents du traitement des musulmans par le gouvernement. Les forces ougandaises ont vaincu le groupe mais les survivants se sont enfuis en RDC.<\/p>\n<\/div>\n","protected":false},"excerpt":{"rendered":"<p>PERSONNEL D\u2019ADF Les forces de s\u00e9curit\u00e9 ougandaises sont en \u00e9tat de haute alerte depuis l\u2019entr\u00e9e dans le pays \u00e0 la mi-mars des membres de l\u2019organisation terroriste Forces d\u00e9mocratiques alli\u00e9es, en provenance de la R\u00e9publique d\u00e9mocratique du Congo.La Force de d\u00e9fense du peuple ougandais d\u00e9clare que le groupe est probablement dirig\u00e9 par Ahmad Mahmood Hassan, connu<\/p>\n","protected":false},"author":1,"featured_media":113981,"comment_status":"open","ping_status":"closed","sticky":false,"template":"","format":"standard","meta":{"_acf_changed":false,"_monsterinsights_skip_tracking":false,"_monsterinsights_sitenote_active":false,"_monsterinsights_sitenote_note":"","_monsterinsights_sitenote_category":0,"_uf_show_specific_survey":0,"_uf_disable_surveys":false,"footnotes":""},"categories":[331],"tags":[484,430,427,1282],"class_list":{"0":"post-113989","1":"post","2":"type-post","3":"status-publish","4":"format-standard","5":"has-post-thumbnail","7":"category-dernieres-nouvelles","8":"tag-extremisme","9":"tag-ouganda","10":"tag-republique-democratique-du-congo","11":"tag-terrorism-fr"},"acf":[],"yoast_head":"<!-- This site is optimized with the Yoast SEO plugin v27.5 - https:\/\/yoast.com\/product\/yoast-seo-wordpress\/ -->\n<title>L\u2019Ouganda est en \u00e9tat de haute alerte \u00e0 cause des menaces d\u2019attaque par les Forces d\u00e9mocratiques alli\u00e9es - Africa Defense Forum<\/title>\n<meta name=\"robots\" content=\"index, follow, max-snippet:-1, max-image-preview:large, max-video-preview:-1\" \/>\n<link rel=\"canonical\" href=\"https:\/\/adf-magazine.com\/fr\/2024\/04\/louganda-est-en-etat-de-haute-alerte-a-cause-des-menaces-dattaque-par-les-forces-democratiques-alliees\/\" \/>\n<meta property=\"og:locale\" content=\"fr_FR\" \/>\n<meta property=\"og:type\" content=\"article\" \/>\n<meta property=\"og:title\" content=\"L\u2019Ouganda est en \u00e9tat de haute alerte \u00e0 cause des menaces d\u2019attaque par les Forces d\u00e9mocratiques alli\u00e9es - Africa Defense Forum\" \/>\n<meta property=\"og:description\" content=\"PERSONNEL D\u2019ADF Les forces de s\u00e9curit\u00e9 ougandaises sont en \u00e9tat de haute alerte depuis l\u2019entr\u00e9e dans le pays \u00e0 la mi-mars des membres de l\u2019organisation terroriste Forces d\u00e9mocratiques alli\u00e9es, en provenance de la R\u00e9publique d\u00e9mocratique du Congo.La Force de d\u00e9fense du peuple ougandais d\u00e9clare que le groupe est probablement dirig\u00e9 par Ahmad Mahmood Hassan, connu\" \/>\n<meta property=\"og:url\" content=\"https:\/\/adf-magazine.com\/fr\/2024\/04\/louganda-est-en-etat-de-haute-alerte-a-cause-des-menaces-dattaque-par-les-forces-democratiques-alliees\/\" \/>\n<meta property=\"og:site_name\" content=\"Africa Defense Forum\" \/>\n<meta property=\"article:publisher\" content=\"https:\/\/www.facebook.com\/ADFmagazine\/\" \/>\n<meta property=\"article:published_time\" content=\"2024-04-09T18:45:00+00:00\" \/>\n<meta property=\"article:modified_time\" content=\"2024-04-09T18:45:22+00:00\" \/>\n<meta property=\"og:image\" content=\"https:\/\/adf-magazine.com\/wp-content\/uploads\/2024\/04\/AP23169635804374.jpg\" \/>\n\t<meta property=\"og:image:width\" content=\"1024\" \/>\n\t<meta property=\"og:image:height\" content=\"683\" \/>\n\t<meta property=\"og:image:type\" content=\"image\/jpeg\" \/>\n<meta name=\"author\" content=\"ADF\" \/>\n<meta name=\"twitter:card\" content=\"summary_large_image\" \/>\n<meta name=\"twitter:creator\" content=\"@ADFmagazine\" \/>\n<meta name=\"twitter:site\" content=\"@ADFmagazine\" \/>\n<meta name=\"twitter:label1\" content=\"\u00c9crit par\" \/>\n\t<meta name=\"twitter:data1\" content=\"ADF\" \/>\n\t<meta name=\"twitter:label2\" content=\"Dur\u00e9e de lecture estim\u00e9e\" \/>\n\t<meta name=\"twitter:data2\" content=\"4 minutes\" \/>\n<script type=\"application\/ld+json\" class=\"yoast-schema-graph\">{\"@context\":\"https:\\\/\\\/schema.org\",\"@graph\":[{\"@type\":\"Article\",\"@id\":\"https:\\\/\\\/adf-magazine.com\\\/fr\\\/2024\\\/04\\\/louganda-est-en-etat-de-haute-alerte-a-cause-des-menaces-dattaque-par-les-forces-democratiques-alliees\\\/#article\",\"isPartOf\":{\"@id\":\"https:\\\/\\\/adf-magazine.com\\\/fr\\\/2024\\\/04\\\/louganda-est-en-etat-de-haute-alerte-a-cause-des-menaces-dattaque-par-les-forces-democratiques-alliees\\\/\"},\"author\":{\"name\":\"ADF\",\"@id\":\"https:\\\/\\\/adf-magazine.com\\\/#\\\/schema\\\/person\\\/f266a6061389568b5a11465bb38bc025\"},\"headline\":\"L\u2019Ouganda est en \u00e9tat de haute alerte \u00e0 cause des menaces d\u2019attaque par les Forces d\u00e9mocratiques alli\u00e9es\",\"datePublished\":\"2024-04-09T18:45:00+00:00\",\"dateModified\":\"2024-04-09T18:45:22+00:00\",\"mainEntityOfPage\":{\"@id\":\"https:\\\/\\\/adf-magazine.com\\\/fr\\\/2024\\\/04\\\/louganda-est-en-etat-de-haute-alerte-a-cause-des-menaces-dattaque-par-les-forces-democratiques-alliees\\\/\"},\"wordCount\":785,\"commentCount\":0,\"image\":{\"@id\":\"https:\\\/\\\/adf-magazine.com\\\/fr\\\/2024\\\/04\\\/louganda-est-en-etat-de-haute-alerte-a-cause-des-menaces-dattaque-par-les-forces-democratiques-alliees\\\/#primaryimage\"},\"thumbnailUrl\":\"https:\\\/\\\/adf-magazine.com\\\/wp-content\\\/uploads\\\/2024\\\/04\\\/AP23169635804374.jpg\",\"keywords\":[\"extr\u00e9misme\",\"Ouganda\",\"R\u00e9publique d\u00e9mocratique du Congo\",\"Terrorism\"],\"articleSection\":[\"Actualit\u00e9s du Jour\"],\"inLanguage\":\"fr-FR\",\"potentialAction\":[{\"@type\":\"CommentAction\",\"name\":\"Comment\",\"target\":[\"https:\\\/\\\/adf-magazine.com\\\/fr\\\/2024\\\/04\\\/louganda-est-en-etat-de-haute-alerte-a-cause-des-menaces-dattaque-par-les-forces-democratiques-alliees\\\/#respond\"]}]},{\"@type\":\"WebPage\",\"@id\":\"https:\\\/\\\/adf-magazine.com\\\/fr\\\/2024\\\/04\\\/louganda-est-en-etat-de-haute-alerte-a-cause-des-menaces-dattaque-par-les-forces-democratiques-alliees\\\/\",\"url\":\"https:\\\/\\\/adf-magazine.com\\\/fr\\\/2024\\\/04\\\/louganda-est-en-etat-de-haute-alerte-a-cause-des-menaces-dattaque-par-les-forces-democratiques-alliees\\\/\",\"name\":\"L\u2019Ouganda est en \u00e9tat de haute alerte \u00e0 cause des menaces d\u2019attaque par les Forces d\u00e9mocratiques alli\u00e9es - Africa Defense Forum\",\"isPartOf\":{\"@id\":\"https:\\\/\\\/adf-magazine.com\\\/#website\"},\"primaryImageOfPage\":{\"@id\":\"https:\\\/\\\/adf-magazine.com\\\/fr\\\/2024\\\/04\\\/louganda-est-en-etat-de-haute-alerte-a-cause-des-menaces-dattaque-par-les-forces-democratiques-alliees\\\/#primaryimage\"},\"image\":{\"@id\":\"https:\\\/\\\/adf-magazine.com\\\/fr\\\/2024\\\/04\\\/louganda-est-en-etat-de-haute-alerte-a-cause-des-menaces-dattaque-par-les-forces-democratiques-alliees\\\/#primaryimage\"},\"thumbnailUrl\":\"https:\\\/\\\/adf-magazine.com\\\/wp-content\\\/uploads\\\/2024\\\/04\\\/AP23169635804374.jpg\",\"datePublished\":\"2024-04-09T18:45:00+00:00\",\"dateModified\":\"2024-04-09T18:45:22+00:00\",\"author\":{\"@id\":\"https:\\\/\\\/adf-magazine.com\\\/#\\\/schema\\\/person\\\/f266a6061389568b5a11465bb38bc025\"},\"breadcrumb\":{\"@id\":\"https:\\\/\\\/adf-magazine.com\\\/fr\\\/2024\\\/04\\\/louganda-est-en-etat-de-haute-alerte-a-cause-des-menaces-dattaque-par-les-forces-democratiques-alliees\\\/#breadcrumb\"},\"inLanguage\":\"fr-FR\",\"potentialAction\":[{\"@type\":\"ReadAction\",\"target\":[\"https:\\\/\\\/adf-magazine.com\\\/fr\\\/2024\\\/04\\\/louganda-est-en-etat-de-haute-alerte-a-cause-des-menaces-dattaque-par-les-forces-democratiques-alliees\\\/\"]}]},{\"@type\":\"ImageObject\",\"inLanguage\":\"fr-FR\",\"@id\":\"https:\\\/\\\/adf-magazine.com\\\/fr\\\/2024\\\/04\\\/louganda-est-en-etat-de-haute-alerte-a-cause-des-menaces-dattaque-par-les-forces-democratiques-alliees\\\/#primaryimage\",\"url\":\"https:\\\/\\\/adf-magazine.com\\\/wp-content\\\/uploads\\\/2024\\\/04\\\/AP23169635804374.jpg\",\"contentUrl\":\"https:\\\/\\\/adf-magazine.com\\\/wp-content\\\/uploads\\\/2024\\\/04\\\/AP23169635804374.jpg\",\"width\":1024,\"height\":683,\"caption\":\"Les parents pleurent la mort de deux personnes tu\u00e9es lors de l\u2019attaque par les Forces d\u00e9mocratiques alli\u00e9es dans une \u00e9cole pr\u00e8s de la fronti\u00e8re entre l\u2019Ouganda et la R\u00e9publique d\u00e9mocratique du Congo. THE ASSOCIATED PRESS\"},{\"@type\":\"BreadcrumbList\",\"@id\":\"https:\\\/\\\/adf-magazine.com\\\/fr\\\/2024\\\/04\\\/louganda-est-en-etat-de-haute-alerte-a-cause-des-menaces-dattaque-par-les-forces-democratiques-alliees\\\/#breadcrumb\",\"itemListElement\":[{\"@type\":\"ListItem\",\"position\":1,\"name\":\"page d\u2019accueil\",\"item\":\"https:\\\/\\\/adf-magazine.com\\\/\"},{\"@type\":\"ListItem\",\"position\":2,\"name\":\"L\u2019Ouganda est en \u00e9tat de haute alerte \u00e0 cause des menaces d\u2019attaque par les Forces d\u00e9mocratiques alli\u00e9es\"}]},{\"@type\":\"WebSite\",\"@id\":\"https:\\\/\\\/adf-magazine.com\\\/#website\",\"url\":\"https:\\\/\\\/adf-magazine.com\\\/\",\"name\":\"Africa Defense Forum\",\"description\":\"Africa Defense Forum\",\"potentialAction\":[{\"@type\":\"SearchAction\",\"target\":{\"@type\":\"EntryPoint\",\"urlTemplate\":\"https:\\\/\\\/adf-magazine.com\\\/?s={search_term_string}\"},\"query-input\":{\"@type\":\"PropertyValueSpecification\",\"valueRequired\":true,\"valueName\":\"search_term_string\"}}],\"inLanguage\":\"fr-FR\"},{\"@type\":\"Person\",\"@id\":\"https:\\\/\\\/adf-magazine.com\\\/#\\\/schema\\\/person\\\/f266a6061389568b5a11465bb38bc025\",\"name\":\"ADF\",\"image\":{\"@type\":\"ImageObject\",\"inLanguage\":\"fr-FR\",\"@id\":\"https:\\\/\\\/adf-magazine.com\\\/wp-content\\\/uploads\\\/2020\\\/05\\\/cropped-ADF_icon.jpg\",\"url\":\"https:\\\/\\\/adf-magazine.com\\\/wp-content\\\/uploads\\\/2020\\\/05\\\/cropped-ADF_icon.jpg\",\"contentUrl\":\"https:\\\/\\\/adf-magazine.com\\\/wp-content\\\/uploads\\\/2020\\\/05\\\/cropped-ADF_icon.jpg\",\"caption\":\"ADF\"},\"description\":\"ADF is a professional military magazine published quarterly by U.S. Africa Command to provide an international forum for African security professionals. ADF covers topics such as counter terrorism strategies, security and defense operations, transnational crime, and all other issues affecting peace, stability, and good governance on the African continent.\",\"sameAs\":[\"https:\\\/\\\/x.com\\\/ADFmagazine\"],\"url\":\"https:\\\/\\\/adf-magazine.com\\\/fr\\\/author\\\/adf\\\/\"}]}<\/script>\n<!-- \/ Yoast SEO plugin. -->","yoast_head_json":{"title":"L\u2019Ouganda est en \u00e9tat de haute alerte \u00e0 cause des menaces d\u2019attaque par les Forces d\u00e9mocratiques alli\u00e9es - Africa Defense Forum","robots":{"index":"index","follow":"follow","max-snippet":"max-snippet:-1","max-image-preview":"max-image-preview:large","max-video-preview":"max-video-preview:-1"},"canonical":"https:\/\/adf-magazine.com\/fr\/2024\/04\/louganda-est-en-etat-de-haute-alerte-a-cause-des-menaces-dattaque-par-les-forces-democratiques-alliees\/","og_locale":"fr_FR","og_type":"article","og_title":"L\u2019Ouganda est en \u00e9tat de haute alerte \u00e0 cause des menaces d\u2019attaque par les Forces d\u00e9mocratiques alli\u00e9es - Africa Defense Forum","og_description":"PERSONNEL D\u2019ADF Les forces de s\u00e9curit\u00e9 ougandaises sont en \u00e9tat de haute alerte depuis l\u2019entr\u00e9e dans le pays \u00e0 la mi-mars des membres de l\u2019organisation terroriste Forces d\u00e9mocratiques alli\u00e9es, en provenance de la R\u00e9publique d\u00e9mocratique du Congo.La Force de d\u00e9fense du peuple ougandais d\u00e9clare que le groupe est probablement dirig\u00e9 par Ahmad Mahmood Hassan, connu","og_url":"https:\/\/adf-magazine.com\/fr\/2024\/04\/louganda-est-en-etat-de-haute-alerte-a-cause-des-menaces-dattaque-par-les-forces-democratiques-alliees\/","og_site_name":"Africa Defense Forum","article_publisher":"https:\/\/www.facebook.com\/ADFmagazine\/","article_published_time":"2024-04-09T18:45:00+00:00","article_modified_time":"2024-04-09T18:45:22+00:00","og_image":[{"width":1024,"height":683,"url":"https:\/\/adf-magazine.com\/wp-content\/uploads\/2024\/04\/AP23169635804374.jpg","type":"image\/jpeg"}],"author":"ADF","twitter_card":"summary_large_image","twitter_creator":"@ADFmagazine","twitter_site":"@ADFmagazine","twitter_misc":{"\u00c9crit par":"ADF","Dur\u00e9e de lecture estim\u00e9e":"4 minutes"},"schema":{"@context":"https:\/\/schema.org","@graph":[{"@type":"Article","@id":"https:\/\/adf-magazine.com\/fr\/2024\/04\/louganda-est-en-etat-de-haute-alerte-a-cause-des-menaces-dattaque-par-les-forces-democratiques-alliees\/#article","isPartOf":{"@id":"https:\/\/adf-magazine.com\/fr\/2024\/04\/louganda-est-en-etat-de-haute-alerte-a-cause-des-menaces-dattaque-par-les-forces-democratiques-alliees\/"},"author":{"name":"ADF","@id":"https:\/\/adf-magazine.com\/#\/schema\/person\/f266a6061389568b5a11465bb38bc025"},"headline":"L\u2019Ouganda est en \u00e9tat de haute alerte \u00e0 cause des menaces d\u2019attaque par les Forces d\u00e9mocratiques alli\u00e9es","datePublished":"2024-04-09T18:45:00+00:00","dateModified":"2024-04-09T18:45:22+00:00","mainEntityOfPage":{"@id":"https:\/\/adf-magazine.com\/fr\/2024\/04\/louganda-est-en-etat-de-haute-alerte-a-cause-des-menaces-dattaque-par-les-forces-democratiques-alliees\/"},"wordCount":785,"commentCount":0,"image":{"@id":"https:\/\/adf-magazine.com\/fr\/2024\/04\/louganda-est-en-etat-de-haute-alerte-a-cause-des-menaces-dattaque-par-les-forces-democratiques-alliees\/#primaryimage"},"thumbnailUrl":"https:\/\/adf-magazine.com\/wp-content\/uploads\/2024\/04\/AP23169635804374.jpg","keywords":["extr\u00e9misme","Ouganda","R\u00e9publique d\u00e9mocratique du Congo","Terrorism"],"articleSection":["Actualit\u00e9s du Jour"],"inLanguage":"fr-FR","potentialAction":[{"@type":"CommentAction","name":"Comment","target":["https:\/\/adf-magazine.com\/fr\/2024\/04\/louganda-est-en-etat-de-haute-alerte-a-cause-des-menaces-dattaque-par-les-forces-democratiques-alliees\/#respond"]}]},{"@type":"WebPage","@id":"https:\/\/adf-magazine.com\/fr\/2024\/04\/louganda-est-en-etat-de-haute-alerte-a-cause-des-menaces-dattaque-par-les-forces-democratiques-alliees\/","url":"https:\/\/adf-magazine.com\/fr\/2024\/04\/louganda-est-en-etat-de-haute-alerte-a-cause-des-menaces-dattaque-par-les-forces-democratiques-alliees\/","name":"L\u2019Ouganda est en \u00e9tat de haute alerte \u00e0 cause des menaces d\u2019attaque par les Forces d\u00e9mocratiques alli\u00e9es - Africa Defense Forum","isPartOf":{"@id":"https:\/\/adf-magazine.com\/#website"},"primaryImageOfPage":{"@id":"https:\/\/adf-magazine.com\/fr\/2024\/04\/louganda-est-en-etat-de-haute-alerte-a-cause-des-menaces-dattaque-par-les-forces-democratiques-alliees\/#primaryimage"},"image":{"@id":"https:\/\/adf-magazine.com\/fr\/2024\/04\/louganda-est-en-etat-de-haute-alerte-a-cause-des-menaces-dattaque-par-les-forces-democratiques-alliees\/#primaryimage"},"thumbnailUrl":"https:\/\/adf-magazine.com\/wp-content\/uploads\/2024\/04\/AP23169635804374.jpg","datePublished":"2024-04-09T18:45:00+00:00","dateModified":"2024-04-09T18:45:22+00:00","author":{"@id":"https:\/\/adf-magazine.com\/#\/schema\/person\/f266a6061389568b5a11465bb38bc025"},"breadcrumb":{"@id":"https:\/\/adf-magazine.com\/fr\/2024\/04\/louganda-est-en-etat-de-haute-alerte-a-cause-des-menaces-dattaque-par-les-forces-democratiques-alliees\/#breadcrumb"},"inLanguage":"fr-FR","potentialAction":[{"@type":"ReadAction","target":["https:\/\/adf-magazine.com\/fr\/2024\/04\/louganda-est-en-etat-de-haute-alerte-a-cause-des-menaces-dattaque-par-les-forces-democratiques-alliees\/"]}]},{"@type":"ImageObject","inLanguage":"fr-FR","@id":"https:\/\/adf-magazine.com\/fr\/2024\/04\/louganda-est-en-etat-de-haute-alerte-a-cause-des-menaces-dattaque-par-les-forces-democratiques-alliees\/#primaryimage","url":"https:\/\/adf-magazine.com\/wp-content\/uploads\/2024\/04\/AP23169635804374.jpg","contentUrl":"https:\/\/adf-magazine.com\/wp-content\/uploads\/2024\/04\/AP23169635804374.jpg","width":1024,"height":683,"caption":"Les parents pleurent la mort de deux personnes tu\u00e9es lors de l\u2019attaque par les Forces d\u00e9mocratiques alli\u00e9es dans une \u00e9cole pr\u00e8s de la fronti\u00e8re entre l\u2019Ouganda et la R\u00e9publique d\u00e9mocratique du Congo. THE ASSOCIATED PRESS"},{"@type":"BreadcrumbList","@id":"https:\/\/adf-magazine.com\/fr\/2024\/04\/louganda-est-en-etat-de-haute-alerte-a-cause-des-menaces-dattaque-par-les-forces-democratiques-alliees\/#breadcrumb","itemListElement":[{"@type":"ListItem","position":1,"name":"page d\u2019accueil","item":"https:\/\/adf-magazine.com\/"},{"@type":"ListItem","position":2,"name":"L\u2019Ouganda est en \u00e9tat de haute alerte \u00e0 cause des menaces d\u2019attaque par les Forces d\u00e9mocratiques alli\u00e9es"}]},{"@type":"WebSite","@id":"https:\/\/adf-magazine.com\/#website","url":"https:\/\/adf-magazine.com\/","name":"Africa Defense Forum","description":"Africa Defense Forum","potentialAction":[{"@type":"SearchAction","target":{"@type":"EntryPoint","urlTemplate":"https:\/\/adf-magazine.com\/?s={search_term_string}"},"query-input":{"@type":"PropertyValueSpecification","valueRequired":true,"valueName":"search_term_string"}}],"inLanguage":"fr-FR"},{"@type":"Person","@id":"https:\/\/adf-magazine.com\/#\/schema\/person\/f266a6061389568b5a11465bb38bc025","name":"ADF","image":{"@type":"ImageObject","inLanguage":"fr-FR","@id":"https:\/\/adf-magazine.com\/wp-content\/uploads\/2020\/05\/cropped-ADF_icon.jpg","url":"https:\/\/adf-magazine.com\/wp-content\/uploads\/2020\/05\/cropped-ADF_icon.jpg","contentUrl":"https:\/\/adf-magazine.com\/wp-content\/uploads\/2020\/05\/cropped-ADF_icon.jpg","caption":"ADF"},"description":"ADF is a professional military magazine published quarterly by U.S. Africa Command to provide an international forum for African security professionals. ADF covers topics such as counter terrorism strategies, security and defense operations, transnational crime, and all other issues affecting peace, stability, and good governance on the African continent.","sameAs":["https:\/\/x.com\/ADFmagazine"],"url":"https:\/\/adf-magazine.com\/fr\/author\/adf\/"}]}},"_links":{"self":[{"href":"https:\/\/adf-magazine.com\/fr\/wp-json\/wp\/v2\/posts\/113989","targetHints":{"allow":["GET"]}}],"collection":[{"href":"https:\/\/adf-magazine.com\/fr\/wp-json\/wp\/v2\/posts"}],"about":[{"href":"https:\/\/adf-magazine.com\/fr\/wp-json\/wp\/v2\/types\/post"}],"author":[{"embeddable":true,"href":"https:\/\/adf-magazine.com\/fr\/wp-json\/wp\/v2\/users\/1"}],"replies":[{"embeddable":true,"href":"https:\/\/adf-magazine.com\/fr\/wp-json\/wp\/v2\/comments?post=113989"}],"version-history":[{"count":0,"href":"https:\/\/adf-magazine.com\/fr\/wp-json\/wp\/v2\/posts\/113989\/revisions"}],"wp:featuredmedia":[{"embeddable":true,"href":"https:\/\/adf-magazine.com\/fr\/wp-json\/wp\/v2\/media\/113981"}],"wp:attachment":[{"href":"https:\/\/adf-magazine.com\/fr\/wp-json\/wp\/v2\/media?parent=113989"}],"wp:term":[{"taxonomy":"category","embeddable":true,"href":"https:\/\/adf-magazine.com\/fr\/wp-json\/wp\/v2\/categories?post=113989"},{"taxonomy":"post_tag","embeddable":true,"href":"https:\/\/adf-magazine.com\/fr\/wp-json\/wp\/v2\/tags?post=113989"}],"curies":[{"name":"wp","href":"https:\/\/api.w.org\/{rel}","templated":true}]}}