{"id":113159,"date":"2024-03-26T13:57:29","date_gmt":"2024-03-26T17:57:29","guid":{"rendered":"https:\/\/adf-magazine.com\/?p=113159"},"modified":"2024-03-26T13:57:29","modified_gmt":"2024-03-26T17:57:29","slug":"le-nigeria-a-des-difficultes-pour-garder-les-ex-combattants-de-boko-haram-dans-le-programme-ddr","status":"publish","type":"post","link":"https:\/\/adf-magazine.com\/fr\/2024\/03\/le-nigeria-a-des-difficultes-pour-garder-les-ex-combattants-de-boko-haram-dans-le-programme-ddr\/","title":{"rendered":"Le Nigeria a des difficult\u00e9s pour garder les ex-combattants de Boko Haram dans le programme DDR"},"content":{"rendered":"<p style=\"font-weight: 400;\">PERSONNEL D\u2019ADF<\/p>\n<p style=\"font-weight: 400;\">Depuis sa cr\u00e9ation en 2016, le programme DDR (d\u00e9sarmement, d\u00e9mobilisation et r\u00e9int\u00e9gration) du Nigeria cherche \u00e0 r\u00e9habiliter les ex-combattants de Boko Haram et les r\u00e9int\u00e9grer dans la soci\u00e9t\u00e9.<\/p>\n<p style=\"font-weight: 400;\">Toutefois, le manque d\u2019argent et de capacit\u00e9 provoque facilement le retour des anciens militants vers la for\u00eat et l\u2019extr\u00e9misme.<\/p>\n<p style=\"font-weight: 400;\">Zagazola Makama, analyste de la s\u00e9curit\u00e9 dans l\u2019\u00c9tat de Borno, d\u00e9clare que la famine est devenue un probl\u00e8me majeur dans la capitale de Maiduguri, o\u00f9 les anciens insurg\u00e9s et leur famille vivent ensemble dans des camps pour d\u00e9plac\u00e9s internes (IDP).<\/p>\n<p style=\"font-weight: 400;\">\u00ab\u00a0Beaucoup de ceux qui se sont repentis se plaignent des difficult\u00e9s, des mauvaises conditions de vie et du manque d\u2019attention par ceux qui g\u00e8rent le programme [DDR], dit-il \u00e0 ADF. Il y a des rapports sur ceux qui sont retourn\u00e9s dans la for\u00eat apr\u00e8s avoir suivi un programme de r\u00e9habilitation\u00a0: ils ont repris les armes contre le gouvernement. Beaucoup se plaignent que le gouvernement n\u2019a pas tenu les promesses qu\u2019il avait faites au moment o\u00f9 ils s\u2019\u00e9taient rendus.\u00a0\u00bb<\/p>\n<p style=\"font-weight: 400;\">Malgr\u00e9 les efforts militaires du Nigeria et de la r\u00e9gion, l\u2019insurrection a atteint sa quinzi\u00e8me ann\u00e9e sans indication qu\u2019elle va prendre fin. Les redditions en masse au cours des derni\u00e8res ann\u00e9es permettaient d\u2019esp\u00e9rer et encourageaient l\u2019\u00e9lan des forces de s\u00e9curit\u00e9, mais aujourd\u2019hui le programme DDR devient hypertrophi\u00e9.<\/p>\n<p style=\"font-weight: 400;\">Le gouverneur Babagana Zulum d\u00e9clare que l\u2019\u00c9tat de Borno a accueilli plus de 162.000 ex-militants et leur famille au cours des deux derni\u00e8res ann\u00e9es. Entre-temps, il existe environ 1,7\u00a0million de personnes d\u00e9plac\u00e9es dans l\u2019\u00c9tat de Borno, selon les estimations des Nations unies.<\/p>\n<p style=\"font-weight: 400;\">Le gouvernement de l\u2019\u00c9tat de Borno offre de l\u2019argent aux ex-militants au lieu de les nourrir directement.<\/p>\n<p style=\"font-weight: 400;\">\u00ab\u00a0Ils leur donnent de l\u2019argent comptant pour acheter ce dont ils ont besoin, d\u00e9clare M.\u00a0Makama, mais la plupart du temps ils d\u00e9pensent leur argent pour acheter autre chose et sont sujets \u00e0 la famine.\u00a0\u00bb<\/p>\n<p style=\"font-weight: 400;\">En f\u00e9vrier, certains participants au programme DDR et leur famille ont manifest\u00e9 \u00e0 l\u2019ext\u00e9rieur du camp Dikwa de Borno, en disant qu\u2019ils n\u2019avaient pas re\u00e7u leur paiement. Il y a eu au moins trois manifestations de ce type depuis ao\u00fbt 2023.<\/p>\n<p style=\"font-weight: 400;\">Le gouvernement f\u00e9d\u00e9ral du Nigeria a promis une formation pour d\u00e9velopper les aptitudes et de l\u2019argent pour financer des commerces pour les ex-combattants de Boko Haram qui se rendent, mais on signale que peu d\u2019entre eux en ont b\u00e9n\u00e9fici\u00e9.<\/p>\n<p style=\"font-weight: 400;\">Le professeur Lawal Jafar Tahir, analyste politique de l\u2019universit\u00e9 Damaturu de l\u2019\u00c9tat de Yobe, est concern\u00e9 pour la s\u00e9curit\u00e9 du Nigeria si ces ex-combattants retournent dans la brousse.<\/p>\n<p style=\"font-weight: 400;\">\u00ab\u00a0Aujourd\u2019hui, ils sont plus ou moins une bombe \u00e0 retardement pour la soci\u00e9t\u00e9, d\u00e9clare-t-il \u00e0 Deutsche Welle. Ils ont maintenant recueilli des informations et des opportunit\u00e9s raisonnables pour attaquer les gens, les civils. Lorsqu\u2019ils se r\u00e9volteront, le gouvernement aura beaucoup de difficult\u00e9 pour les contr\u00f4ler.\u00a0\u00bb<\/p>\n<p style=\"font-weight: 400;\">Le gouverneur Zulum, s\u2019exprimant devant un groupe de diplomates, partenaires de d\u00e9veloppement et responsables humanitaires \u00e0 Maiduguri le 7 mars, a li\u00e9 les deux sujets du DDR et des IDP.<\/p>\n<p style=\"font-weight: 400;\">Selon des reportages locaux, il a d\u00e9clar\u00e9 au groupe\u00a0: \u00ab\u00a0Au [camp de] Mafa il y a quelques jours, j\u2019ai vu un groupe de 200\u00a0femmes qui ont dit qu\u2019elles voulaient retourner dans la brousse. Elles ont dit qu\u2019elles vivent dans le camp mais n\u2019obtiennent rien. Nous sommes all\u00e9s les calmer. Ceci souligne aussi le fait que les camps des IDP sont sujets \u00e0 la famine. Nous devons leur fournir des moyens de subsistance durables et soutenables. Nous devons nous \u00e9loigner des solutions imm\u00e9diates et passer aux solutions durables \u00e0 moyen et long terme, parce que si nous ne faisons pas attention aux IDP, nous risquerons de les voir retourner dans la for\u00eat vers les combattants.\u00a0\u00bb<\/p>\n<p style=\"font-weight: 400;\">Le gouverneur dit que son gouvernement engagera 15\u00a0% de son budget annuel pour relocaliser les IDP. Il a dit au groupe qu\u2019une solution durable co\u00fbterait 2,7\u00a0milliards de dollars.<\/p>\n<p><span style=\"font-weight: 400;\">\u00ab\u00a0Je me suis engag\u00e9 \u00e0 relocaliser notre peuple dans des maisons d\u00e9centes situ\u00e9es dans des lieux s\u00e9curis\u00e9s, \u00e0 les soutenir pour qu\u2019ils se r\u00e9int\u00e8grent dans nos communaut\u00e9s ou qu\u2019ils se r\u00e9installent dans un autre lieu s\u2019ils le souhaitent, en respectant leur choix et leur dignit\u00e9. La mise en \u0153uvre de solutions durables pour les IDP r\u00e9duira aussi consid\u00e9rablement le recrutement des jeunes hommes sans travail par Boko Haram, qui repr\u00e9sente une menace pour la s\u00e9curit\u00e9 nationale et internationale.\u00a0\u00bb<\/span><\/p>\n","protected":false},"excerpt":{"rendered":"<p>PERSONNEL D\u2019ADF Depuis sa cr\u00e9ation en 2016, le programme DDR (d\u00e9sarmement, d\u00e9mobilisation et r\u00e9int\u00e9gration) du Nigeria cherche \u00e0 r\u00e9habiliter les ex-combattants de Boko Haram et les r\u00e9int\u00e9grer dans la soci\u00e9t\u00e9. Toutefois, le manque d\u2019argent et de capacit\u00e9 provoque facilement le retour des anciens militants vers la for\u00eat et l\u2019extr\u00e9misme. Zagazola Makama, analyste de la s\u00e9curit\u00e9<\/p>\n","protected":false},"author":1,"featured_media":113106,"comment_status":"open","ping_status":"closed","sticky":false,"template":"","format":"standard","meta":{"_acf_changed":false,"_monsterinsights_skip_tracking":false,"_monsterinsights_sitenote_active":false,"_monsterinsights_sitenote_note":"","_monsterinsights_sitenote_category":0,"_uf_show_specific_survey":0,"_uf_disable_surveys":false,"footnotes":""},"categories":[331],"tags":[1220,1454,484,1471,1021,1705,435,1256,1325,1282],"class_list":{"0":"post-113159","1":"post","2":"type-post","3":"status-publish","4":"format-standard","5":"has-post-thumbnail","7":"category-dernieres-nouvelles","8":"tag-boko-haram-fr","9":"tag-extremisme-fr","10":"tag-extremisme","11":"tag-insurrection-fr","12":"tag-insurrection","13":"tag-nigeria-fr-2","14":"tag-nigeria-fr","15":"tag-paoei","16":"tag-paoei-fr","17":"tag-terrorism-fr"},"acf":[],"yoast_head":"<!-- This site is optimized with the Yoast SEO plugin v27.4 - https:\/\/yoast.com\/product\/yoast-seo-wordpress\/ -->\n<title>Le Nigeria a des difficult\u00e9s pour garder les ex-combattants de Boko Haram dans le programme DDR - Africa Defense Forum<\/title>\n<meta name=\"robots\" content=\"index, follow, max-snippet:-1, max-image-preview:large, max-video-preview:-1\" \/>\n<link rel=\"canonical\" href=\"https:\/\/adf-magazine.com\/fr\/2024\/03\/le-nigeria-a-des-difficultes-pour-garder-les-ex-combattants-de-boko-haram-dans-le-programme-ddr\/\" \/>\n<meta property=\"og:locale\" content=\"fr_FR\" \/>\n<meta property=\"og:type\" content=\"article\" \/>\n<meta property=\"og:title\" content=\"Le Nigeria a des difficult\u00e9s pour garder les ex-combattants de Boko Haram dans le programme DDR - Africa Defense Forum\" \/>\n<meta property=\"og:description\" content=\"PERSONNEL D\u2019ADF Depuis sa cr\u00e9ation en 2016, le programme DDR (d\u00e9sarmement, d\u00e9mobilisation et r\u00e9int\u00e9gration) du Nigeria cherche \u00e0 r\u00e9habiliter les ex-combattants de Boko Haram et les r\u00e9int\u00e9grer dans la soci\u00e9t\u00e9. Toutefois, le manque d\u2019argent et de capacit\u00e9 provoque facilement le retour des anciens militants vers la for\u00eat et l\u2019extr\u00e9misme. Zagazola Makama, analyste de la s\u00e9curit\u00e9\" \/>\n<meta property=\"og:url\" content=\"https:\/\/adf-magazine.com\/fr\/2024\/03\/le-nigeria-a-des-difficultes-pour-garder-les-ex-combattants-de-boko-haram-dans-le-programme-ddr\/\" \/>\n<meta property=\"og:site_name\" content=\"Africa Defense Forum\" \/>\n<meta property=\"article:publisher\" content=\"https:\/\/www.facebook.com\/ADFmagazine\/\" \/>\n<meta property=\"article:published_time\" content=\"2024-03-26T17:57:29+00:00\" \/>\n<meta property=\"og:image\" content=\"https:\/\/adf-magazine.com\/wp-content\/uploads\/2024\/03\/FIGHTERRETURN_1258291626_sRGB.jpg\" \/>\n\t<meta property=\"og:image:width\" content=\"1080\" \/>\n\t<meta property=\"og:image:height\" content=\"720\" \/>\n\t<meta property=\"og:image:type\" content=\"image\/jpeg\" \/>\n<meta name=\"author\" content=\"ADF\" \/>\n<meta name=\"twitter:card\" content=\"summary_large_image\" \/>\n<meta name=\"twitter:creator\" content=\"@ADFmagazine\" \/>\n<meta name=\"twitter:site\" content=\"@ADFmagazine\" \/>\n<meta name=\"twitter:label1\" content=\"\u00c9crit par\" \/>\n\t<meta name=\"twitter:data1\" content=\"ADF\" \/>\n\t<meta name=\"twitter:label2\" content=\"Dur\u00e9e de lecture estim\u00e9e\" \/>\n\t<meta name=\"twitter:data2\" content=\"4 minutes\" \/>\n<script type=\"application\/ld+json\" class=\"yoast-schema-graph\">{\"@context\":\"https:\\\/\\\/schema.org\",\"@graph\":[{\"@type\":\"Article\",\"@id\":\"https:\\\/\\\/adf-magazine.com\\\/fr\\\/2024\\\/03\\\/le-nigeria-a-des-difficultes-pour-garder-les-ex-combattants-de-boko-haram-dans-le-programme-ddr\\\/#article\",\"isPartOf\":{\"@id\":\"https:\\\/\\\/adf-magazine.com\\\/fr\\\/2024\\\/03\\\/le-nigeria-a-des-difficultes-pour-garder-les-ex-combattants-de-boko-haram-dans-le-programme-ddr\\\/\"},\"author\":{\"name\":\"ADF\",\"@id\":\"https:\\\/\\\/adf-magazine.com\\\/#\\\/schema\\\/person\\\/f266a6061389568b5a11465bb38bc025\"},\"headline\":\"Le Nigeria a des difficult\u00e9s pour garder les ex-combattants de Boko Haram dans le programme DDR\",\"datePublished\":\"2024-03-26T17:57:29+00:00\",\"mainEntityOfPage\":{\"@id\":\"https:\\\/\\\/adf-magazine.com\\\/fr\\\/2024\\\/03\\\/le-nigeria-a-des-difficultes-pour-garder-les-ex-combattants-de-boko-haram-dans-le-programme-ddr\\\/\"},\"wordCount\":818,\"commentCount\":0,\"image\":{\"@id\":\"https:\\\/\\\/adf-magazine.com\\\/fr\\\/2024\\\/03\\\/le-nigeria-a-des-difficultes-pour-garder-les-ex-combattants-de-boko-haram-dans-le-programme-ddr\\\/#primaryimage\"},\"thumbnailUrl\":\"https:\\\/\\\/adf-magazine.com\\\/wp-content\\\/uploads\\\/2024\\\/03\\\/FIGHTERRETURN_1258291626_sRGB.jpg\",\"keywords\":[\"Boko Haram\",\"extr\u00e9misme\",\"extr\u00e9misme\",\"insurrection\",\"insurrection\",\"Nigeria\",\"Nigeria\",\"PAOEI\",\"PAOEI\",\"Terrorism\"],\"articleSection\":[\"Actualit\u00e9s du Jour\"],\"inLanguage\":\"fr-FR\",\"potentialAction\":[{\"@type\":\"CommentAction\",\"name\":\"Comment\",\"target\":[\"https:\\\/\\\/adf-magazine.com\\\/fr\\\/2024\\\/03\\\/le-nigeria-a-des-difficultes-pour-garder-les-ex-combattants-de-boko-haram-dans-le-programme-ddr\\\/#respond\"]}]},{\"@type\":\"WebPage\",\"@id\":\"https:\\\/\\\/adf-magazine.com\\\/fr\\\/2024\\\/03\\\/le-nigeria-a-des-difficultes-pour-garder-les-ex-combattants-de-boko-haram-dans-le-programme-ddr\\\/\",\"url\":\"https:\\\/\\\/adf-magazine.com\\\/fr\\\/2024\\\/03\\\/le-nigeria-a-des-difficultes-pour-garder-les-ex-combattants-de-boko-haram-dans-le-programme-ddr\\\/\",\"name\":\"Le Nigeria a des difficult\u00e9s pour garder les ex-combattants de Boko Haram dans le programme DDR - Africa Defense Forum\",\"isPartOf\":{\"@id\":\"https:\\\/\\\/adf-magazine.com\\\/#website\"},\"primaryImageOfPage\":{\"@id\":\"https:\\\/\\\/adf-magazine.com\\\/fr\\\/2024\\\/03\\\/le-nigeria-a-des-difficultes-pour-garder-les-ex-combattants-de-boko-haram-dans-le-programme-ddr\\\/#primaryimage\"},\"image\":{\"@id\":\"https:\\\/\\\/adf-magazine.com\\\/fr\\\/2024\\\/03\\\/le-nigeria-a-des-difficultes-pour-garder-les-ex-combattants-de-boko-haram-dans-le-programme-ddr\\\/#primaryimage\"},\"thumbnailUrl\":\"https:\\\/\\\/adf-magazine.com\\\/wp-content\\\/uploads\\\/2024\\\/03\\\/FIGHTERRETURN_1258291626_sRGB.jpg\",\"datePublished\":\"2024-03-26T17:57:29+00:00\",\"author\":{\"@id\":\"https:\\\/\\\/adf-magazine.com\\\/#\\\/schema\\\/person\\\/f266a6061389568b5a11465bb38bc025\"},\"breadcrumb\":{\"@id\":\"https:\\\/\\\/adf-magazine.com\\\/fr\\\/2024\\\/03\\\/le-nigeria-a-des-difficultes-pour-garder-les-ex-combattants-de-boko-haram-dans-le-programme-ddr\\\/#breadcrumb\"},\"inLanguage\":\"fr-FR\",\"potentialAction\":[{\"@type\":\"ReadAction\",\"target\":[\"https:\\\/\\\/adf-magazine.com\\\/fr\\\/2024\\\/03\\\/le-nigeria-a-des-difficultes-pour-garder-les-ex-combattants-de-boko-haram-dans-le-programme-ddr\\\/\"]}]},{\"@type\":\"ImageObject\",\"inLanguage\":\"fr-FR\",\"@id\":\"https:\\\/\\\/adf-magazine.com\\\/fr\\\/2024\\\/03\\\/le-nigeria-a-des-difficultes-pour-garder-les-ex-combattants-de-boko-haram-dans-le-programme-ddr\\\/#primaryimage\",\"url\":\"https:\\\/\\\/adf-magazine.com\\\/wp-content\\\/uploads\\\/2024\\\/03\\\/FIGHTERRETURN_1258291626_sRGB.jpg\",\"contentUrl\":\"https:\\\/\\\/adf-magazine.com\\\/wp-content\\\/uploads\\\/2024\\\/03\\\/FIGHTERRETURN_1258291626_sRGB.jpg\",\"width\":1080,\"height\":720,\"caption\":\"D\u2019anciens membres de Boko Haram participent \u00e0 un programme de r\u00e9habilitation de cinq mois au camp Hajja de Maiduguri (Nigeria) le 30 mai 2023. AFP\\\/GETTY IMAGES\"},{\"@type\":\"BreadcrumbList\",\"@id\":\"https:\\\/\\\/adf-magazine.com\\\/fr\\\/2024\\\/03\\\/le-nigeria-a-des-difficultes-pour-garder-les-ex-combattants-de-boko-haram-dans-le-programme-ddr\\\/#breadcrumb\",\"itemListElement\":[{\"@type\":\"ListItem\",\"position\":1,\"name\":\"page d\u2019accueil\",\"item\":\"https:\\\/\\\/adf-magazine.com\\\/\"},{\"@type\":\"ListItem\",\"position\":2,\"name\":\"Le Nigeria a des difficult\u00e9s pour garder les ex-combattants de Boko Haram dans le programme DDR\"}]},{\"@type\":\"WebSite\",\"@id\":\"https:\\\/\\\/adf-magazine.com\\\/#website\",\"url\":\"https:\\\/\\\/adf-magazine.com\\\/\",\"name\":\"Africa Defense Forum\",\"description\":\"Africa Defense Forum\",\"potentialAction\":[{\"@type\":\"SearchAction\",\"target\":{\"@type\":\"EntryPoint\",\"urlTemplate\":\"https:\\\/\\\/adf-magazine.com\\\/?s={search_term_string}\"},\"query-input\":{\"@type\":\"PropertyValueSpecification\",\"valueRequired\":true,\"valueName\":\"search_term_string\"}}],\"inLanguage\":\"fr-FR\"},{\"@type\":\"Person\",\"@id\":\"https:\\\/\\\/adf-magazine.com\\\/#\\\/schema\\\/person\\\/f266a6061389568b5a11465bb38bc025\",\"name\":\"ADF\",\"image\":{\"@type\":\"ImageObject\",\"inLanguage\":\"fr-FR\",\"@id\":\"https:\\\/\\\/adf-magazine.com\\\/wp-content\\\/uploads\\\/2020\\\/05\\\/cropped-ADF_icon.jpg\",\"url\":\"https:\\\/\\\/adf-magazine.com\\\/wp-content\\\/uploads\\\/2020\\\/05\\\/cropped-ADF_icon.jpg\",\"contentUrl\":\"https:\\\/\\\/adf-magazine.com\\\/wp-content\\\/uploads\\\/2020\\\/05\\\/cropped-ADF_icon.jpg\",\"caption\":\"ADF\"},\"description\":\"ADF is a professional military magazine published quarterly by U.S. Africa Command to provide an international forum for African security professionals. ADF covers topics such as counter terrorism strategies, security and defense operations, transnational crime, and all other issues affecting peace, stability, and good governance on the African continent.\",\"sameAs\":[\"https:\\\/\\\/x.com\\\/ADFmagazine\"],\"url\":\"https:\\\/\\\/adf-magazine.com\\\/fr\\\/author\\\/adf\\\/\"}]}<\/script>\n<!-- \/ Yoast SEO plugin. -->","yoast_head_json":{"title":"Le Nigeria a des difficult\u00e9s pour garder les ex-combattants de Boko Haram dans le programme DDR - Africa Defense Forum","robots":{"index":"index","follow":"follow","max-snippet":"max-snippet:-1","max-image-preview":"max-image-preview:large","max-video-preview":"max-video-preview:-1"},"canonical":"https:\/\/adf-magazine.com\/fr\/2024\/03\/le-nigeria-a-des-difficultes-pour-garder-les-ex-combattants-de-boko-haram-dans-le-programme-ddr\/","og_locale":"fr_FR","og_type":"article","og_title":"Le Nigeria a des difficult\u00e9s pour garder les ex-combattants de Boko Haram dans le programme DDR - Africa Defense Forum","og_description":"PERSONNEL D\u2019ADF Depuis sa cr\u00e9ation en 2016, le programme DDR (d\u00e9sarmement, d\u00e9mobilisation et r\u00e9int\u00e9gration) du Nigeria cherche \u00e0 r\u00e9habiliter les ex-combattants de Boko Haram et les r\u00e9int\u00e9grer dans la soci\u00e9t\u00e9. Toutefois, le manque d\u2019argent et de capacit\u00e9 provoque facilement le retour des anciens militants vers la for\u00eat et l\u2019extr\u00e9misme. Zagazola Makama, analyste de la s\u00e9curit\u00e9","og_url":"https:\/\/adf-magazine.com\/fr\/2024\/03\/le-nigeria-a-des-difficultes-pour-garder-les-ex-combattants-de-boko-haram-dans-le-programme-ddr\/","og_site_name":"Africa Defense Forum","article_publisher":"https:\/\/www.facebook.com\/ADFmagazine\/","article_published_time":"2024-03-26T17:57:29+00:00","og_image":[{"width":1080,"height":720,"url":"https:\/\/adf-magazine.com\/wp-content\/uploads\/2024\/03\/FIGHTERRETURN_1258291626_sRGB.jpg","type":"image\/jpeg"}],"author":"ADF","twitter_card":"summary_large_image","twitter_creator":"@ADFmagazine","twitter_site":"@ADFmagazine","twitter_misc":{"\u00c9crit par":"ADF","Dur\u00e9e de lecture estim\u00e9e":"4 minutes"},"schema":{"@context":"https:\/\/schema.org","@graph":[{"@type":"Article","@id":"https:\/\/adf-magazine.com\/fr\/2024\/03\/le-nigeria-a-des-difficultes-pour-garder-les-ex-combattants-de-boko-haram-dans-le-programme-ddr\/#article","isPartOf":{"@id":"https:\/\/adf-magazine.com\/fr\/2024\/03\/le-nigeria-a-des-difficultes-pour-garder-les-ex-combattants-de-boko-haram-dans-le-programme-ddr\/"},"author":{"name":"ADF","@id":"https:\/\/adf-magazine.com\/#\/schema\/person\/f266a6061389568b5a11465bb38bc025"},"headline":"Le Nigeria a des difficult\u00e9s pour garder les ex-combattants de Boko Haram dans le programme DDR","datePublished":"2024-03-26T17:57:29+00:00","mainEntityOfPage":{"@id":"https:\/\/adf-magazine.com\/fr\/2024\/03\/le-nigeria-a-des-difficultes-pour-garder-les-ex-combattants-de-boko-haram-dans-le-programme-ddr\/"},"wordCount":818,"commentCount":0,"image":{"@id":"https:\/\/adf-magazine.com\/fr\/2024\/03\/le-nigeria-a-des-difficultes-pour-garder-les-ex-combattants-de-boko-haram-dans-le-programme-ddr\/#primaryimage"},"thumbnailUrl":"https:\/\/adf-magazine.com\/wp-content\/uploads\/2024\/03\/FIGHTERRETURN_1258291626_sRGB.jpg","keywords":["Boko Haram","extr\u00e9misme","extr\u00e9misme","insurrection","insurrection","Nigeria","Nigeria","PAOEI","PAOEI","Terrorism"],"articleSection":["Actualit\u00e9s du Jour"],"inLanguage":"fr-FR","potentialAction":[{"@type":"CommentAction","name":"Comment","target":["https:\/\/adf-magazine.com\/fr\/2024\/03\/le-nigeria-a-des-difficultes-pour-garder-les-ex-combattants-de-boko-haram-dans-le-programme-ddr\/#respond"]}]},{"@type":"WebPage","@id":"https:\/\/adf-magazine.com\/fr\/2024\/03\/le-nigeria-a-des-difficultes-pour-garder-les-ex-combattants-de-boko-haram-dans-le-programme-ddr\/","url":"https:\/\/adf-magazine.com\/fr\/2024\/03\/le-nigeria-a-des-difficultes-pour-garder-les-ex-combattants-de-boko-haram-dans-le-programme-ddr\/","name":"Le Nigeria a des difficult\u00e9s pour garder les ex-combattants de Boko Haram dans le programme DDR - Africa Defense Forum","isPartOf":{"@id":"https:\/\/adf-magazine.com\/#website"},"primaryImageOfPage":{"@id":"https:\/\/adf-magazine.com\/fr\/2024\/03\/le-nigeria-a-des-difficultes-pour-garder-les-ex-combattants-de-boko-haram-dans-le-programme-ddr\/#primaryimage"},"image":{"@id":"https:\/\/adf-magazine.com\/fr\/2024\/03\/le-nigeria-a-des-difficultes-pour-garder-les-ex-combattants-de-boko-haram-dans-le-programme-ddr\/#primaryimage"},"thumbnailUrl":"https:\/\/adf-magazine.com\/wp-content\/uploads\/2024\/03\/FIGHTERRETURN_1258291626_sRGB.jpg","datePublished":"2024-03-26T17:57:29+00:00","author":{"@id":"https:\/\/adf-magazine.com\/#\/schema\/person\/f266a6061389568b5a11465bb38bc025"},"breadcrumb":{"@id":"https:\/\/adf-magazine.com\/fr\/2024\/03\/le-nigeria-a-des-difficultes-pour-garder-les-ex-combattants-de-boko-haram-dans-le-programme-ddr\/#breadcrumb"},"inLanguage":"fr-FR","potentialAction":[{"@type":"ReadAction","target":["https:\/\/adf-magazine.com\/fr\/2024\/03\/le-nigeria-a-des-difficultes-pour-garder-les-ex-combattants-de-boko-haram-dans-le-programme-ddr\/"]}]},{"@type":"ImageObject","inLanguage":"fr-FR","@id":"https:\/\/adf-magazine.com\/fr\/2024\/03\/le-nigeria-a-des-difficultes-pour-garder-les-ex-combattants-de-boko-haram-dans-le-programme-ddr\/#primaryimage","url":"https:\/\/adf-magazine.com\/wp-content\/uploads\/2024\/03\/FIGHTERRETURN_1258291626_sRGB.jpg","contentUrl":"https:\/\/adf-magazine.com\/wp-content\/uploads\/2024\/03\/FIGHTERRETURN_1258291626_sRGB.jpg","width":1080,"height":720,"caption":"D\u2019anciens membres de Boko Haram participent \u00e0 un programme de r\u00e9habilitation de cinq mois au camp Hajja de Maiduguri (Nigeria) le 30 mai 2023. AFP\/GETTY IMAGES"},{"@type":"BreadcrumbList","@id":"https:\/\/adf-magazine.com\/fr\/2024\/03\/le-nigeria-a-des-difficultes-pour-garder-les-ex-combattants-de-boko-haram-dans-le-programme-ddr\/#breadcrumb","itemListElement":[{"@type":"ListItem","position":1,"name":"page d\u2019accueil","item":"https:\/\/adf-magazine.com\/"},{"@type":"ListItem","position":2,"name":"Le Nigeria a des difficult\u00e9s pour garder les ex-combattants de Boko Haram dans le programme DDR"}]},{"@type":"WebSite","@id":"https:\/\/adf-magazine.com\/#website","url":"https:\/\/adf-magazine.com\/","name":"Africa Defense Forum","description":"Africa Defense Forum","potentialAction":[{"@type":"SearchAction","target":{"@type":"EntryPoint","urlTemplate":"https:\/\/adf-magazine.com\/?s={search_term_string}"},"query-input":{"@type":"PropertyValueSpecification","valueRequired":true,"valueName":"search_term_string"}}],"inLanguage":"fr-FR"},{"@type":"Person","@id":"https:\/\/adf-magazine.com\/#\/schema\/person\/f266a6061389568b5a11465bb38bc025","name":"ADF","image":{"@type":"ImageObject","inLanguage":"fr-FR","@id":"https:\/\/adf-magazine.com\/wp-content\/uploads\/2020\/05\/cropped-ADF_icon.jpg","url":"https:\/\/adf-magazine.com\/wp-content\/uploads\/2020\/05\/cropped-ADF_icon.jpg","contentUrl":"https:\/\/adf-magazine.com\/wp-content\/uploads\/2020\/05\/cropped-ADF_icon.jpg","caption":"ADF"},"description":"ADF is a professional military magazine published quarterly by U.S. Africa Command to provide an international forum for African security professionals. ADF covers topics such as counter terrorism strategies, security and defense operations, transnational crime, and all other issues affecting peace, stability, and good governance on the African continent.","sameAs":["https:\/\/x.com\/ADFmagazine"],"url":"https:\/\/adf-magazine.com\/fr\/author\/adf\/"}]}},"_links":{"self":[{"href":"https:\/\/adf-magazine.com\/fr\/wp-json\/wp\/v2\/posts\/113159","targetHints":{"allow":["GET"]}}],"collection":[{"href":"https:\/\/adf-magazine.com\/fr\/wp-json\/wp\/v2\/posts"}],"about":[{"href":"https:\/\/adf-magazine.com\/fr\/wp-json\/wp\/v2\/types\/post"}],"author":[{"embeddable":true,"href":"https:\/\/adf-magazine.com\/fr\/wp-json\/wp\/v2\/users\/1"}],"replies":[{"embeddable":true,"href":"https:\/\/adf-magazine.com\/fr\/wp-json\/wp\/v2\/comments?post=113159"}],"version-history":[{"count":0,"href":"https:\/\/adf-magazine.com\/fr\/wp-json\/wp\/v2\/posts\/113159\/revisions"}],"wp:featuredmedia":[{"embeddable":true,"href":"https:\/\/adf-magazine.com\/fr\/wp-json\/wp\/v2\/media\/113106"}],"wp:attachment":[{"href":"https:\/\/adf-magazine.com\/fr\/wp-json\/wp\/v2\/media?parent=113159"}],"wp:term":[{"taxonomy":"category","embeddable":true,"href":"https:\/\/adf-magazine.com\/fr\/wp-json\/wp\/v2\/categories?post=113159"},{"taxonomy":"post_tag","embeddable":true,"href":"https:\/\/adf-magazine.com\/fr\/wp-json\/wp\/v2\/tags?post=113159"}],"curies":[{"name":"wp","href":"https:\/\/api.w.org\/{rel}","templated":true}]}}