{"id":112820,"date":"2024-03-05T15:48:10","date_gmt":"2024-03-05T20:48:10","guid":{"rendered":"https:\/\/adf-magazine.com\/?p=112820"},"modified":"2024-03-05T15:48:50","modified_gmt":"2024-03-05T20:48:50","slug":"la-capitale-du-mali-est-une-plateforme-majeure-du-commerce-des-armes-illegales","status":"publish","type":"post","link":"https:\/\/adf-magazine.com\/fr\/2024\/03\/la-capitale-du-mali-est-une-plateforme-majeure-du-commerce-des-armes-illegales\/","title":{"rendered":"La capitale du Mali est une plateforme majeure du commerce des armes ill\u00e9gales"},"content":{"rendered":"<p style=\"font-weight: 400;\">PERSONNEL D\u2019ADF<\/p>\n<p style=\"font-weight: 400;\">Apr\u00e8s plus de dix ans de conflits violents au Sahel, le commerce du trafic des armes \u00e0 feu, dans lequel l\u2019offre est tout \u00e0 fait devanc\u00e9e par la demande, est florissant.<\/p>\n<p style=\"font-weight: 400;\">Bamako, capitale du Mali o\u00f9 vivaient 4,2\u00a0millions d\u2019habitants en 2022, est l\u2019un des centres principaux du commerce des armes ill\u00e9gales.<\/p>\n<p style=\"font-weight: 400;\">Oluwole Ojewale, coordinateur r\u00e9gional d\u2019Afrique centrale pour l\u2019Institut d\u2019\u00e9tudes de s\u00e9curit\u00e9 bas\u00e9 en Afrique du Sud, a conduit r\u00e9cemment une \u00e9tude pour examiner les causes du trafic d\u2019armes \u00e0 Bamako.<\/p>\n<p style=\"font-weight: 400;\">Dans un article du 18 f\u00e9vrier pour le magazine The Conversation Africa, il \u00e9crit\u00a0: \u00ab\u00a0Les armes sont trafiqu\u00e9es sur la route transsaharienne, qui passe par la Libye, l\u2019Alg\u00e9rie, le Niger et M\u00e9naka [dans l\u2019Est du] Mali. Les armes finissent pas atteindre Bamako et d\u2019autres lieux de conflit en Afrique de l\u2019Ouest par des r\u00e9seaux organis\u00e9s.\u00a0\u00bb<\/p>\n<p style=\"font-weight: 400;\">L\u2019abondance des armes \u00e0 feu a aid\u00e9 \u00e0 intensifier la violence en 2022, laquelle a atteint les plus hauts niveaux jamais enregistr\u00e9s au Burkina Faso et au Mali par le projet ACLED (Armed Conflict Location &amp; Event Data). Le nombre de d\u00e9c\u00e8s signal\u00e9s et dus \u00e0 la violence politique a augment\u00e9 de 150\u00a0% au Mali, compar\u00e9 \u00e0 2021.<\/p>\n<p style=\"font-weight: 400;\">Les branches officielles d\u2019al-Qa\u00efda et de l\u2019\u00c9tat islamique sont responsables en grande mesure pour la demande des armes dans la r\u00e9gion. Ces armes finissent dans les mains des s\u00e9paratistes touaregs, des milices d\u2019autod\u00e9fense et des bandits.<\/p>\n<p style=\"font-weight: 400;\">Selon l\u2019Office des Nations unies contre la drogue et le crime (ONUDC), \u00ab\u00a0un grand nombre de plateformes de trafic d\u2019armes au Sahel se trouvent aux fronti\u00e8res ou sur les axes de transport, l\u00e0 o\u00f9 de multiples activit\u00e9s criminelles ont lieu. Les march\u00e9s ill\u00e9gaux, souvent cach\u00e9s mais tr\u00e8s visibles dans les communes et les villages des couloirs strat\u00e9giques, ne sont pas g\u00ean\u00e9s par la pr\u00e9sence des autorit\u00e9s.\u00a0\u00bb<\/p>\n<p style=\"font-weight: 400;\">La Libye est depuis 2019 une source de fusils d\u2019assaut de style AK nouvellement fabriqu\u00e9s. L\u2019ONUDC d\u00e9clare qu\u2019ils sont facilement disponibles dans les march\u00e9s noirs du Nord du Mali.<\/p>\n<p style=\"font-weight: 400;\">\u00ab\u00a0Les acheteurs dans les r\u00e9gions maliennes de Gao, Tombouctou et M\u00e9naka peuvent acqu\u00e9rir des fusils d\u2019assaut AK pour 750\u00a0dollars et des cartouches pour 70\u00a0cents l\u2019unit\u00e9, depuis les pistolets artisanaux locaux jusqu\u2019aux mitrailleuses fran\u00e7aises et turques de contrebande\u00a0\u00bb, d\u00e9clare l\u2019organisme dans un rapport d\u2019\u00e9valuation de la menace de 2022 intitul\u00e9 \u00ab\u00a0Le trafic des armes \u00e0 feu au Sahel\u00a0\u00bb.<\/p>\n<p>Ojewale dit qu\u2019une grande quantit\u00e9 d\u2019armes ill\u00e9gales \u00e0 Bamako sont fabriqu\u00e9es dans des ateliers ill\u00e9gaux de la ville.<\/p>\n<p style=\"font-weight: 400;\">\u00ab\u00a0Pr\u00e8s de 80\u00a0% des armes qui ont \u00e9t\u00e9 saisies proviennent de ces ateliers artisanaux, selon un document officiel que j\u2019ai vu \u00e0 Bamako, \u00e9crit-il. La g\u00e9ographie accident\u00e9e de Bamako aide \u00e0 dissimuler ces usines qui sont situ\u00e9es dans les caves, derri\u00e8re les collines et dans les ravins.\u00a0\u00bb<\/p>\n<p>Ojewale d\u00e9crit une ville dont la taille a plus que doubl\u00e9 entre 2000 et 2015, et qui est remplie de b\u00e2timents abandonn\u00e9s et de constructions inachev\u00e9es o\u00f9 les criminels stockent et trafiquent les armes.<\/p>\n<p style=\"font-weight: 400;\">\u00ab\u00a0Les bidonvilles tentaculaires \u00e9mergent rapidement de la ville et deviennent des paysages de troubles prolong\u00e9s, de conflit civil, d\u2019extr\u00e9misme violent et d\u2019insurrection urbaine. Ces quatre menaces provoquent le ch\u00f4mage de masse, le trafic des stup\u00e9fiants et la contrebande des armes dans la ville.\u00a0\u00bb<\/p>\n<p style=\"font-weight: 400;\">La croissance rapide de Bamako attire ceux qui recherchent du travail, mais leur nombre devance la cr\u00e9ation des nouveaux emplois. Au Mali, 73\u00a0% des travailleurs participent \u00e0 l\u2019\u00e9conomie informelle et le ch\u00f4mage des jeunes atteint 32\u00a0%. Le taux national de pauvret\u00e9 au Mali est pass\u00e9 de 42,5\u00a0% en 2019 \u00e0 44,8\u00a0%.<\/p>\n<p>Ojewale d\u00e9clare que ses recherches l\u2019ont conduit \u00e0 penser que la pauvret\u00e9 et l\u2019acc\u00e8s limit\u00e9 aux ressources constituent un terrain fertile pour le recrutement des groupes extr\u00e9mistes. Il fait appel aux autorit\u00e9s maliennes, aux acteurs de la soci\u00e9t\u00e9 civile et aux r\u00e9sidents de Bamako pour qu\u2019ils emploient une approche int\u00e9gr\u00e9e.<\/p>\n<p style=\"font-weight: 400;\">\u00ab\u00a0Les autorit\u00e9s bamakoises doivent encourager le contr\u00f4le policier proactif des bandes urbaines et des autres groupes criminels locaux qui encouragent la production et l\u2019utilisation locales des armes, \u00e9crit-il dans The Conversation. Tous les armuriers devraient \u00eatre officiellement enregistr\u00e9s pour que l\u2019on puisse suivre l\u2019ampleur, le mod\u00e8le et l\u2019approvisionnement de la production d\u2019armes.\u00a0\u00bb<\/p>\n<p style=\"font-weight: 400;\">\u00ab\u00a0La police doit aussi b\u00e2tir des relations avec les communaut\u00e9s locales. Ceci encouragera le partage des informations et la coop\u00e9ration.\u00a0\u00bb<\/p>\n","protected":false},"excerpt":{"rendered":"<p>PERSONNEL D\u2019ADF Apr\u00e8s plus de dix ans de conflits violents au Sahel, le commerce du trafic des armes \u00e0 feu, dans lequel l\u2019offre est tout \u00e0 fait devanc\u00e9e par la demande, est florissant. Bamako, capitale du Mali o\u00f9 vivaient 4,2\u00a0millions d\u2019habitants en 2022, est l\u2019un des centres principaux du commerce des armes ill\u00e9gales. Oluwole Ojewale,<\/p>\n","protected":false},"author":1,"featured_media":112815,"comment_status":"open","ping_status":"closed","sticky":false,"template":"","format":"standard","meta":{"_acf_changed":false,"_monsterinsights_skip_tracking":false,"_monsterinsights_sitenote_active":false,"_monsterinsights_sitenote_note":"","_monsterinsights_sitenote_category":0,"_uf_show_specific_survey":0,"_uf_disable_surveys":false,"footnotes":""},"categories":[331],"tags":[1284,1242,484,531,434,487,1282,1170],"class_list":{"0":"post-112820","1":"post","2":"type-post","3":"status-publish","4":"format-standard","5":"has-post-thumbnail","7":"category-dernieres-nouvelles","8":"tag-al-qaida","9":"tag-etat-islamique","10":"tag-extremisme","11":"tag-libye","12":"tag-mali-fr","13":"tag-sahel-fr","14":"tag-terrorism-fr","15":"tag-weapons-trafficking-fr"},"acf":[],"yoast_head":"<!-- This site is optimized with the Yoast SEO plugin v27.4 - https:\/\/yoast.com\/product\/yoast-seo-wordpress\/ -->\n<title>La capitale du Mali est une plateforme majeure du commerce des armes ill\u00e9gales - Africa Defense Forum<\/title>\n<meta name=\"robots\" content=\"index, follow, max-snippet:-1, max-image-preview:large, max-video-preview:-1\" \/>\n<link rel=\"canonical\" href=\"https:\/\/adf-magazine.com\/fr\/2024\/03\/la-capitale-du-mali-est-une-plateforme-majeure-du-commerce-des-armes-illegales\/\" \/>\n<meta property=\"og:locale\" content=\"fr_FR\" \/>\n<meta property=\"og:type\" content=\"article\" \/>\n<meta property=\"og:title\" content=\"La capitale du Mali est une plateforme majeure du commerce des armes ill\u00e9gales - Africa Defense Forum\" \/>\n<meta property=\"og:description\" content=\"PERSONNEL D\u2019ADF Apr\u00e8s plus de dix ans de conflits violents au Sahel, le commerce du trafic des armes \u00e0 feu, dans lequel l\u2019offre est tout \u00e0 fait devanc\u00e9e par la demande, est florissant. Bamako, capitale du Mali o\u00f9 vivaient 4,2\u00a0millions d\u2019habitants en 2022, est l\u2019un des centres principaux du commerce des armes ill\u00e9gales. Oluwole Ojewale,\" \/>\n<meta property=\"og:url\" content=\"https:\/\/adf-magazine.com\/fr\/2024\/03\/la-capitale-du-mali-est-une-plateforme-majeure-du-commerce-des-armes-illegales\/\" \/>\n<meta property=\"og:site_name\" content=\"Africa Defense Forum\" \/>\n<meta property=\"article:publisher\" content=\"https:\/\/www.facebook.com\/ADFmagazine\/\" \/>\n<meta property=\"article:published_time\" content=\"2024-03-05T20:48:10+00:00\" \/>\n<meta property=\"article:modified_time\" content=\"2024-03-05T20:48:50+00:00\" \/>\n<meta property=\"og:image\" content=\"https:\/\/adf-magazine.com\/wp-content\/uploads\/2024\/03\/GettyImages-162502473.jpg\" \/>\n\t<meta property=\"og:image:width\" content=\"1024\" \/>\n\t<meta property=\"og:image:height\" content=\"683\" \/>\n\t<meta property=\"og:image:type\" content=\"image\/jpeg\" \/>\n<meta name=\"author\" content=\"ADF\" \/>\n<meta name=\"twitter:card\" content=\"summary_large_image\" \/>\n<meta name=\"twitter:creator\" content=\"@ADFmagazine\" \/>\n<meta name=\"twitter:site\" content=\"@ADFmagazine\" \/>\n<meta name=\"twitter:label1\" content=\"\u00c9crit par\" \/>\n\t<meta name=\"twitter:data1\" content=\"ADF\" \/>\n\t<meta name=\"twitter:label2\" content=\"Dur\u00e9e de lecture estim\u00e9e\" \/>\n\t<meta name=\"twitter:data2\" content=\"4 minutes\" \/>\n<script type=\"application\/ld+json\" class=\"yoast-schema-graph\">{\"@context\":\"https:\\\/\\\/schema.org\",\"@graph\":[{\"@type\":\"Article\",\"@id\":\"https:\\\/\\\/adf-magazine.com\\\/fr\\\/2024\\\/03\\\/la-capitale-du-mali-est-une-plateforme-majeure-du-commerce-des-armes-illegales\\\/#article\",\"isPartOf\":{\"@id\":\"https:\\\/\\\/adf-magazine.com\\\/fr\\\/2024\\\/03\\\/la-capitale-du-mali-est-une-plateforme-majeure-du-commerce-des-armes-illegales\\\/\"},\"author\":{\"name\":\"ADF\",\"@id\":\"https:\\\/\\\/adf-magazine.com\\\/#\\\/schema\\\/person\\\/f266a6061389568b5a11465bb38bc025\"},\"headline\":\"La capitale du Mali est une plateforme majeure du commerce des armes ill\u00e9gales\",\"datePublished\":\"2024-03-05T20:48:10+00:00\",\"dateModified\":\"2024-03-05T20:48:50+00:00\",\"mainEntityOfPage\":{\"@id\":\"https:\\\/\\\/adf-magazine.com\\\/fr\\\/2024\\\/03\\\/la-capitale-du-mali-est-une-plateforme-majeure-du-commerce-des-armes-illegales\\\/\"},\"wordCount\":796,\"commentCount\":0,\"image\":{\"@id\":\"https:\\\/\\\/adf-magazine.com\\\/fr\\\/2024\\\/03\\\/la-capitale-du-mali-est-une-plateforme-majeure-du-commerce-des-armes-illegales\\\/#primaryimage\"},\"thumbnailUrl\":\"https:\\\/\\\/adf-magazine.com\\\/wp-content\\\/uploads\\\/2024\\\/03\\\/GettyImages-162502473.jpg\",\"keywords\":[\"Al-Qa\u00efda\",\"\u00c9tat islamique\",\"extr\u00e9misme\",\"Libye\",\"Mali\",\"Sahel\",\"Terrorism\",\"weapons trafficking\"],\"articleSection\":[\"Actualit\u00e9s du Jour\"],\"inLanguage\":\"fr-FR\",\"potentialAction\":[{\"@type\":\"CommentAction\",\"name\":\"Comment\",\"target\":[\"https:\\\/\\\/adf-magazine.com\\\/fr\\\/2024\\\/03\\\/la-capitale-du-mali-est-une-plateforme-majeure-du-commerce-des-armes-illegales\\\/#respond\"]}]},{\"@type\":\"WebPage\",\"@id\":\"https:\\\/\\\/adf-magazine.com\\\/fr\\\/2024\\\/03\\\/la-capitale-du-mali-est-une-plateforme-majeure-du-commerce-des-armes-illegales\\\/\",\"url\":\"https:\\\/\\\/adf-magazine.com\\\/fr\\\/2024\\\/03\\\/la-capitale-du-mali-est-une-plateforme-majeure-du-commerce-des-armes-illegales\\\/\",\"name\":\"La capitale du Mali est une plateforme majeure du commerce des armes ill\u00e9gales - Africa Defense Forum\",\"isPartOf\":{\"@id\":\"https:\\\/\\\/adf-magazine.com\\\/#website\"},\"primaryImageOfPage\":{\"@id\":\"https:\\\/\\\/adf-magazine.com\\\/fr\\\/2024\\\/03\\\/la-capitale-du-mali-est-une-plateforme-majeure-du-commerce-des-armes-illegales\\\/#primaryimage\"},\"image\":{\"@id\":\"https:\\\/\\\/adf-magazine.com\\\/fr\\\/2024\\\/03\\\/la-capitale-du-mali-est-une-plateforme-majeure-du-commerce-des-armes-illegales\\\/#primaryimage\"},\"thumbnailUrl\":\"https:\\\/\\\/adf-magazine.com\\\/wp-content\\\/uploads\\\/2024\\\/03\\\/GettyImages-162502473.jpg\",\"datePublished\":\"2024-03-05T20:48:10+00:00\",\"dateModified\":\"2024-03-05T20:48:50+00:00\",\"author\":{\"@id\":\"https:\\\/\\\/adf-magazine.com\\\/#\\\/schema\\\/person\\\/f266a6061389568b5a11465bb38bc025\"},\"breadcrumb\":{\"@id\":\"https:\\\/\\\/adf-magazine.com\\\/fr\\\/2024\\\/03\\\/la-capitale-du-mali-est-une-plateforme-majeure-du-commerce-des-armes-illegales\\\/#breadcrumb\"},\"inLanguage\":\"fr-FR\",\"potentialAction\":[{\"@type\":\"ReadAction\",\"target\":[\"https:\\\/\\\/adf-magazine.com\\\/fr\\\/2024\\\/03\\\/la-capitale-du-mali-est-une-plateforme-majeure-du-commerce-des-armes-illegales\\\/\"]}]},{\"@type\":\"ImageObject\",\"inLanguage\":\"fr-FR\",\"@id\":\"https:\\\/\\\/adf-magazine.com\\\/fr\\\/2024\\\/03\\\/la-capitale-du-mali-est-une-plateforme-majeure-du-commerce-des-armes-illegales\\\/#primaryimage\",\"url\":\"https:\\\/\\\/adf-magazine.com\\\/wp-content\\\/uploads\\\/2024\\\/03\\\/GettyImages-162502473.jpg\",\"contentUrl\":\"https:\\\/\\\/adf-magazine.com\\\/wp-content\\\/uploads\\\/2024\\\/03\\\/GettyImages-162502473.jpg\",\"width\":1024,\"height\":683,\"caption\":\"Des soldats maliens devant des armes et des munitions saisies des mains des extr\u00e9mistes \u00e0 Gao. AFP\\\/GETTY IMAGES\"},{\"@type\":\"BreadcrumbList\",\"@id\":\"https:\\\/\\\/adf-magazine.com\\\/fr\\\/2024\\\/03\\\/la-capitale-du-mali-est-une-plateforme-majeure-du-commerce-des-armes-illegales\\\/#breadcrumb\",\"itemListElement\":[{\"@type\":\"ListItem\",\"position\":1,\"name\":\"page d\u2019accueil\",\"item\":\"https:\\\/\\\/adf-magazine.com\\\/\"},{\"@type\":\"ListItem\",\"position\":2,\"name\":\"La capitale du Mali est une plateforme majeure du commerce des armes ill\u00e9gales\"}]},{\"@type\":\"WebSite\",\"@id\":\"https:\\\/\\\/adf-magazine.com\\\/#website\",\"url\":\"https:\\\/\\\/adf-magazine.com\\\/\",\"name\":\"Africa Defense Forum\",\"description\":\"Africa Defense Forum\",\"potentialAction\":[{\"@type\":\"SearchAction\",\"target\":{\"@type\":\"EntryPoint\",\"urlTemplate\":\"https:\\\/\\\/adf-magazine.com\\\/?s={search_term_string}\"},\"query-input\":{\"@type\":\"PropertyValueSpecification\",\"valueRequired\":true,\"valueName\":\"search_term_string\"}}],\"inLanguage\":\"fr-FR\"},{\"@type\":\"Person\",\"@id\":\"https:\\\/\\\/adf-magazine.com\\\/#\\\/schema\\\/person\\\/f266a6061389568b5a11465bb38bc025\",\"name\":\"ADF\",\"image\":{\"@type\":\"ImageObject\",\"inLanguage\":\"fr-FR\",\"@id\":\"https:\\\/\\\/adf-magazine.com\\\/wp-content\\\/uploads\\\/2020\\\/05\\\/cropped-ADF_icon.jpg\",\"url\":\"https:\\\/\\\/adf-magazine.com\\\/wp-content\\\/uploads\\\/2020\\\/05\\\/cropped-ADF_icon.jpg\",\"contentUrl\":\"https:\\\/\\\/adf-magazine.com\\\/wp-content\\\/uploads\\\/2020\\\/05\\\/cropped-ADF_icon.jpg\",\"caption\":\"ADF\"},\"description\":\"ADF is a professional military magazine published quarterly by U.S. Africa Command to provide an international forum for African security professionals. ADF covers topics such as counter terrorism strategies, security and defense operations, transnational crime, and all other issues affecting peace, stability, and good governance on the African continent.\",\"sameAs\":[\"https:\\\/\\\/x.com\\\/ADFmagazine\"],\"url\":\"https:\\\/\\\/adf-magazine.com\\\/fr\\\/author\\\/adf\\\/\"}]}<\/script>\n<!-- \/ Yoast SEO plugin. -->","yoast_head_json":{"title":"La capitale du Mali est une plateforme majeure du commerce des armes ill\u00e9gales - Africa Defense Forum","robots":{"index":"index","follow":"follow","max-snippet":"max-snippet:-1","max-image-preview":"max-image-preview:large","max-video-preview":"max-video-preview:-1"},"canonical":"https:\/\/adf-magazine.com\/fr\/2024\/03\/la-capitale-du-mali-est-une-plateforme-majeure-du-commerce-des-armes-illegales\/","og_locale":"fr_FR","og_type":"article","og_title":"La capitale du Mali est une plateforme majeure du commerce des armes ill\u00e9gales - Africa Defense Forum","og_description":"PERSONNEL D\u2019ADF Apr\u00e8s plus de dix ans de conflits violents au Sahel, le commerce du trafic des armes \u00e0 feu, dans lequel l\u2019offre est tout \u00e0 fait devanc\u00e9e par la demande, est florissant. Bamako, capitale du Mali o\u00f9 vivaient 4,2\u00a0millions d\u2019habitants en 2022, est l\u2019un des centres principaux du commerce des armes ill\u00e9gales. Oluwole Ojewale,","og_url":"https:\/\/adf-magazine.com\/fr\/2024\/03\/la-capitale-du-mali-est-une-plateforme-majeure-du-commerce-des-armes-illegales\/","og_site_name":"Africa Defense Forum","article_publisher":"https:\/\/www.facebook.com\/ADFmagazine\/","article_published_time":"2024-03-05T20:48:10+00:00","article_modified_time":"2024-03-05T20:48:50+00:00","og_image":[{"width":1024,"height":683,"url":"https:\/\/adf-magazine.com\/wp-content\/uploads\/2024\/03\/GettyImages-162502473.jpg","type":"image\/jpeg"}],"author":"ADF","twitter_card":"summary_large_image","twitter_creator":"@ADFmagazine","twitter_site":"@ADFmagazine","twitter_misc":{"\u00c9crit par":"ADF","Dur\u00e9e de lecture estim\u00e9e":"4 minutes"},"schema":{"@context":"https:\/\/schema.org","@graph":[{"@type":"Article","@id":"https:\/\/adf-magazine.com\/fr\/2024\/03\/la-capitale-du-mali-est-une-plateforme-majeure-du-commerce-des-armes-illegales\/#article","isPartOf":{"@id":"https:\/\/adf-magazine.com\/fr\/2024\/03\/la-capitale-du-mali-est-une-plateforme-majeure-du-commerce-des-armes-illegales\/"},"author":{"name":"ADF","@id":"https:\/\/adf-magazine.com\/#\/schema\/person\/f266a6061389568b5a11465bb38bc025"},"headline":"La capitale du Mali est une plateforme majeure du commerce des armes ill\u00e9gales","datePublished":"2024-03-05T20:48:10+00:00","dateModified":"2024-03-05T20:48:50+00:00","mainEntityOfPage":{"@id":"https:\/\/adf-magazine.com\/fr\/2024\/03\/la-capitale-du-mali-est-une-plateforme-majeure-du-commerce-des-armes-illegales\/"},"wordCount":796,"commentCount":0,"image":{"@id":"https:\/\/adf-magazine.com\/fr\/2024\/03\/la-capitale-du-mali-est-une-plateforme-majeure-du-commerce-des-armes-illegales\/#primaryimage"},"thumbnailUrl":"https:\/\/adf-magazine.com\/wp-content\/uploads\/2024\/03\/GettyImages-162502473.jpg","keywords":["Al-Qa\u00efda","\u00c9tat islamique","extr\u00e9misme","Libye","Mali","Sahel","Terrorism","weapons trafficking"],"articleSection":["Actualit\u00e9s du Jour"],"inLanguage":"fr-FR","potentialAction":[{"@type":"CommentAction","name":"Comment","target":["https:\/\/adf-magazine.com\/fr\/2024\/03\/la-capitale-du-mali-est-une-plateforme-majeure-du-commerce-des-armes-illegales\/#respond"]}]},{"@type":"WebPage","@id":"https:\/\/adf-magazine.com\/fr\/2024\/03\/la-capitale-du-mali-est-une-plateforme-majeure-du-commerce-des-armes-illegales\/","url":"https:\/\/adf-magazine.com\/fr\/2024\/03\/la-capitale-du-mali-est-une-plateforme-majeure-du-commerce-des-armes-illegales\/","name":"La capitale du Mali est une plateforme majeure du commerce des armes ill\u00e9gales - Africa Defense Forum","isPartOf":{"@id":"https:\/\/adf-magazine.com\/#website"},"primaryImageOfPage":{"@id":"https:\/\/adf-magazine.com\/fr\/2024\/03\/la-capitale-du-mali-est-une-plateforme-majeure-du-commerce-des-armes-illegales\/#primaryimage"},"image":{"@id":"https:\/\/adf-magazine.com\/fr\/2024\/03\/la-capitale-du-mali-est-une-plateforme-majeure-du-commerce-des-armes-illegales\/#primaryimage"},"thumbnailUrl":"https:\/\/adf-magazine.com\/wp-content\/uploads\/2024\/03\/GettyImages-162502473.jpg","datePublished":"2024-03-05T20:48:10+00:00","dateModified":"2024-03-05T20:48:50+00:00","author":{"@id":"https:\/\/adf-magazine.com\/#\/schema\/person\/f266a6061389568b5a11465bb38bc025"},"breadcrumb":{"@id":"https:\/\/adf-magazine.com\/fr\/2024\/03\/la-capitale-du-mali-est-une-plateforme-majeure-du-commerce-des-armes-illegales\/#breadcrumb"},"inLanguage":"fr-FR","potentialAction":[{"@type":"ReadAction","target":["https:\/\/adf-magazine.com\/fr\/2024\/03\/la-capitale-du-mali-est-une-plateforme-majeure-du-commerce-des-armes-illegales\/"]}]},{"@type":"ImageObject","inLanguage":"fr-FR","@id":"https:\/\/adf-magazine.com\/fr\/2024\/03\/la-capitale-du-mali-est-une-plateforme-majeure-du-commerce-des-armes-illegales\/#primaryimage","url":"https:\/\/adf-magazine.com\/wp-content\/uploads\/2024\/03\/GettyImages-162502473.jpg","contentUrl":"https:\/\/adf-magazine.com\/wp-content\/uploads\/2024\/03\/GettyImages-162502473.jpg","width":1024,"height":683,"caption":"Des soldats maliens devant des armes et des munitions saisies des mains des extr\u00e9mistes \u00e0 Gao. AFP\/GETTY IMAGES"},{"@type":"BreadcrumbList","@id":"https:\/\/adf-magazine.com\/fr\/2024\/03\/la-capitale-du-mali-est-une-plateforme-majeure-du-commerce-des-armes-illegales\/#breadcrumb","itemListElement":[{"@type":"ListItem","position":1,"name":"page d\u2019accueil","item":"https:\/\/adf-magazine.com\/"},{"@type":"ListItem","position":2,"name":"La capitale du Mali est une plateforme majeure du commerce des armes ill\u00e9gales"}]},{"@type":"WebSite","@id":"https:\/\/adf-magazine.com\/#website","url":"https:\/\/adf-magazine.com\/","name":"Africa Defense Forum","description":"Africa Defense Forum","potentialAction":[{"@type":"SearchAction","target":{"@type":"EntryPoint","urlTemplate":"https:\/\/adf-magazine.com\/?s={search_term_string}"},"query-input":{"@type":"PropertyValueSpecification","valueRequired":true,"valueName":"search_term_string"}}],"inLanguage":"fr-FR"},{"@type":"Person","@id":"https:\/\/adf-magazine.com\/#\/schema\/person\/f266a6061389568b5a11465bb38bc025","name":"ADF","image":{"@type":"ImageObject","inLanguage":"fr-FR","@id":"https:\/\/adf-magazine.com\/wp-content\/uploads\/2020\/05\/cropped-ADF_icon.jpg","url":"https:\/\/adf-magazine.com\/wp-content\/uploads\/2020\/05\/cropped-ADF_icon.jpg","contentUrl":"https:\/\/adf-magazine.com\/wp-content\/uploads\/2020\/05\/cropped-ADF_icon.jpg","caption":"ADF"},"description":"ADF is a professional military magazine published quarterly by U.S. Africa Command to provide an international forum for African security professionals. ADF covers topics such as counter terrorism strategies, security and defense operations, transnational crime, and all other issues affecting peace, stability, and good governance on the African continent.","sameAs":["https:\/\/x.com\/ADFmagazine"],"url":"https:\/\/adf-magazine.com\/fr\/author\/adf\/"}]}},"_links":{"self":[{"href":"https:\/\/adf-magazine.com\/fr\/wp-json\/wp\/v2\/posts\/112820","targetHints":{"allow":["GET"]}}],"collection":[{"href":"https:\/\/adf-magazine.com\/fr\/wp-json\/wp\/v2\/posts"}],"about":[{"href":"https:\/\/adf-magazine.com\/fr\/wp-json\/wp\/v2\/types\/post"}],"author":[{"embeddable":true,"href":"https:\/\/adf-magazine.com\/fr\/wp-json\/wp\/v2\/users\/1"}],"replies":[{"embeddable":true,"href":"https:\/\/adf-magazine.com\/fr\/wp-json\/wp\/v2\/comments?post=112820"}],"version-history":[{"count":0,"href":"https:\/\/adf-magazine.com\/fr\/wp-json\/wp\/v2\/posts\/112820\/revisions"}],"wp:featuredmedia":[{"embeddable":true,"href":"https:\/\/adf-magazine.com\/fr\/wp-json\/wp\/v2\/media\/112815"}],"wp:attachment":[{"href":"https:\/\/adf-magazine.com\/fr\/wp-json\/wp\/v2\/media?parent=112820"}],"wp:term":[{"taxonomy":"category","embeddable":true,"href":"https:\/\/adf-magazine.com\/fr\/wp-json\/wp\/v2\/categories?post=112820"},{"taxonomy":"post_tag","embeddable":true,"href":"https:\/\/adf-magazine.com\/fr\/wp-json\/wp\/v2\/tags?post=112820"}],"curies":[{"name":"wp","href":"https:\/\/api.w.org\/{rel}","templated":true}]}}