{"id":112695,"date":"2024-02-27T14:15:43","date_gmt":"2024-02-27T19:15:43","guid":{"rendered":"https:\/\/adf-magazine.com\/?p=112695"},"modified":"2024-02-27T14:16:17","modified_gmt":"2024-02-27T19:16:17","slug":"latmis-accomplit-la-deuxieme-etape-de-son-retrait-alors-que-les-chebabs-attaquent","status":"publish","type":"post","link":"https:\/\/adf-magazine.com\/fr\/2024\/02\/latmis-accomplit-la-deuxieme-etape-de-son-retrait-alors-que-les-chebabs-attaquent\/","title":{"rendered":"L\u2019Atmis accomplit la deuxi\u00e8me \u00e9tape de son retrait alors que les chebabs attaquent"},"content":{"rendered":"<div>\n<p><span lang=\"FR\">PERSONNEL D\u2019ADF<br \/>\n<\/span><span lang=\"FR\"><br \/>\n\u00c0 la fin janvier, la Mission de l\u2019Union africaine en Somalie a achev\u00e9 la deuxi\u00e8me \u00e9tape de son retrait militaire lorsqu\u2019elle a transf\u00e9r\u00e9 neuf bases militaires au gouvernement somalien. Le transfert a co\u00efncid\u00e9 avec le retrait de 3.000\u00a0soldats.<\/span><\/p>\n<p>Au cours des deux premi\u00e8res phases du retrait, 5.000\u00a0soldats sont partis de la Somalie et 13\u00a0bases militaires ont \u00e9t\u00e9 remises aux forces somaliennes. La mission, appel\u00e9e Atmis, comprend des soldats du Burundi, de Djibouti, d\u2019\u00c9thiopie, du Kenya et de l\u2019Ouganda.<\/p>\n<p>Alhaji Sarjoh Bah, directeur de la gestion des conflits au sein du d\u00e9partement des Affaires politiques, de la Paix et de la S\u00e9curit\u00e9 de la Commission de l\u2019UA, d\u00e9clare que le deuxi\u00e8me retrait indique que la Somalie pourrait \u00eatre pr\u00eate \u00e0 assumer toutes les responsabilit\u00e9s de la s\u00e9curit\u00e9 dans le pays \u00e0 partir de la fin 2024, lorsque la mission anticipe de se retirer compl\u00e8tement.<\/p>\n<p>\u00ab\u00a0Le succ\u00e8s de cette \u00e9tape du retrait, nonobstant certains d\u00e9fis importants, notamment [l\u2019oscillation climatique] El Ni\u00f1o, t\u00e9moigne de la volont\u00e9 du gouvernement f\u00e9d\u00e9ral de Somalie pour conduire une transition en bon ordre\u00a0\u00bb, a-t-il dit lors d\u2019une c\u00e9r\u00e9monie de transfert \u00e0 Mogadiscio.<\/p>\n<p>Les officiels pensaient initialement achever la deuxi\u00e8me \u00e9tape du retrait de l\u2019Atmis \u00e0 la fin septembre. Toutefois, les offensives en cours des chebabs, en plus du retrait des forces de certaines zones pr\u00e9c\u00e9demment captur\u00e9es, ont persuad\u00e9 le gouvernement somalien de demander le report du retrait.<\/p>\n<p><b>Planification de la troisi\u00e8me \u00e9tape<\/b><b><\/b><\/p>\n<\/div>\n<div><span lang=\"FR\"><span lang=\"FR\"><br \/>\nLa planification de la troisi\u00e8me \u00e9tape du retrait a commenc\u00e9 en f\u00e9vrier lors d\u2019une conf\u00e9rence de quatre jours \u00e0 laquelle ont particip\u00e9 les commandants de la mission. On s\u2019attend \u00e0 ce que cette phase inclue le d\u00e9part de 4.000\u00a0soldats suppl\u00e9mentaires en juin.<\/span><\/span>&nbsp;<\/p>\n<\/div>\n<div>\n<p><span lang=\"FR\">L\u2019ambassadeur Mohamed El-Amine Souef, repr\u00e9sentant sp\u00e9cial de l\u2019UA pour la Somalie et chef de l\u2019Atmis, a d\u00e9clar\u00e9 qu\u2019il pensait que les forces de s\u00e9curit\u00e9 entraient dans \u00ab\u00a0l\u2019\u00e9tape la plus cruciale de la mission\u00a0\u00bb.<\/span><\/p>\n<p>\u00ab\u00a0Ce n\u2019est pas facile mais nous devons surmonter les d\u00e9fis en restant au niveau d\u2019alerte maximum pendant la p\u00e9riode de transition\u00a0\u00bb, a-t-il dit dans une annonce de presse de l\u2019Atmis.<\/p>\n<p>Le lieutenant-g\u00e9n\u00e9ral ougandais Sam Okiding, commandant de la force de l\u2019Atmis, a d\u00e9clar\u00e9 que les commandants avaient abord\u00e9 un grand \u00e9ventail de questions. \u00ab\u00a0Nous avons examin\u00e9 la situation s\u00e9curitaire de la Somalie et consid\u00e9r\u00e9 la posture actuelle des chebabs, ainsi que notre mandat et la situation s\u00e9curitaire apr\u00e8s l\u2019Atmis.\u00a0\u00bb<\/p>\n<p>Bien que les forces de s\u00e9curit\u00e9 aient reconquis un vaste territoire des mains des chebabs, ce groupe d\u2019insurg\u00e9s est notoire pour sa r\u00e9silience. Les chebabs ont revendiqu\u00e9 la responsabilit\u00e9 de l\u2019attaque d\u2019un camp militaire \u00e0 Mogadiscio qui a tu\u00e9 quatre soldats \u00e9miriens et un officier militaire bahre\u00efnien quelques jours apr\u00e8s la fin de la conf\u00e9rence de l\u2019Atmis.<\/p>\n<p>Vers la mi-f\u00e9vrier, les terroristes ont pris responsabilit\u00e9 pour des tirs de mortier contre des camps de l\u2019Atmis et de l\u2019Arm\u00e9e nationale somalienne dans la r\u00e9gion centrale de Galguduud, en d\u00e9truisant plusieurs b\u00e2timents, selon le site web d\u2019actualit\u00e9 somalien Garowe Online.<\/p>\n<p>Une autre attaque pr\u00e9sum\u00e9e des chebabs a tu\u00e9 trois personnes dans la r\u00e9gion centrale de Mudug, que les forces somaliennes avaient reconquises en septembre 2023. Galguduud et Mudug sont situ\u00e9es dans l\u2019\u00c9tat somalien de Galmudug, au centre du pays.<\/p>\n<p><b>Les bases des Danab<\/b><\/p>\n<p>En f\u00e9vrier, les \u00c9tats-Unis annoncent un plan de construction d\u2019au moins quatre bases militaires \u00e0 Baidoa, capitale de l\u2019\u00c9tat de Bay\u00a0; Dusmareb, district de Galguduud\u00a0; Jowhar, capitale administrative de la r\u00e9gion de Shabeellaha Dhexe\u00a0; et Kismaayo. La brigade danab de l\u2019arm\u00e9e somalienne sera rattach\u00e9e aux nouvelles bases.<em><b><br \/>\n<\/b><\/em><\/p>\n<\/div>\n<div><span lang=\"FR\">\u00a0<\/span><\/div>\n<div><span lang=\"FR\">Le pr\u00e9sident somalien Hassan Sheikh Mohamoud a appel\u00e9 l\u2019accord une \u00ab\u00a0\u00e9tape cruciale\u00a0\u00bb dans le renforcement des forces somaliennes et l\u2019\u00e9limination des chebabs.<\/span><\/div>\n<div><\/div>\n<div>\n<p><span lang=\"FR\">\u00ab\u00a0Cet accord aide nos plans visant \u00e0 d\u00e9livrer le pays des chebabs et am\u00e9liorer la s\u00e9curit\u00e9\u00a0\u00bb, a-t-il d\u00e9clar\u00e9 lors d\u2019une c\u00e9r\u00e9monie de signature.<\/span><\/p>\n<p>Les Forces arm\u00e9es somaliennes ont \u00e9tabli cette brigade de 3.000\u00a0membres en 2017 pour d\u00e9velopper une capacit\u00e9 d\u2019infanterie robuste au sein des forces arm\u00e9es nationales. La perception publique de la brigade a \u00e9t\u00e9 rehauss\u00e9e au cours du temps et elle recrute des candidats hautement \u00e9duqu\u00e9s, notamment au moins un m\u00e9decin.<\/p>\n<p>Les Danab sont consid\u00e9r\u00e9es comme une force de frappe rapide de 72\u00a0heures et cherchent constamment \u00e0 recruter environ 350\u00a0nouveaux membres \u00e0 la fois, \u00e0 des fins de formation pour les pr\u00e9parer \u00e0 la rotation dans l\u2019espace de bataille.<\/p>\n<\/div>\n","protected":false},"excerpt":{"rendered":"<p>PERSONNEL D\u2019ADF \u00c0 la fin janvier, la Mission de l\u2019Union africaine en Somalie a achev\u00e9 la deuxi\u00e8me \u00e9tape de son retrait militaire lorsqu\u2019elle a transf\u00e9r\u00e9 neuf bases militaires au gouvernement somalien. Le transfert a co\u00efncid\u00e9 avec le retrait de 3.000\u00a0soldats. Au cours des deux premi\u00e8res phases du retrait, 5.000\u00a0soldats sont partis de la Somalie et<\/p>\n","protected":false},"author":1,"featured_media":112688,"comment_status":"open","ping_status":"closed","sticky":false,"template":"","format":"standard","meta":{"_acf_changed":false,"_monsterinsights_skip_tracking":false,"_monsterinsights_sitenote_active":false,"_monsterinsights_sitenote_note":"","_monsterinsights_sitenote_category":0,"_uf_show_specific_survey":0,"_uf_disable_surveys":false,"footnotes":""},"categories":[331],"tags":[1141,484,1266,538,1282],"class_list":{"0":"post-112695","1":"post","2":"type-post","3":"status-publish","4":"format-standard","5":"has-post-thumbnail","7":"category-dernieres-nouvelles","8":"tag-atmis-fr","9":"tag-extremisme","10":"tag-shebabs","11":"tag-somalie","12":"tag-terrorism-fr"},"acf":[],"yoast_head":"<!-- This site is optimized with the Yoast SEO plugin v27.5 - https:\/\/yoast.com\/product\/yoast-seo-wordpress\/ -->\n<title>L\u2019Atmis accomplit la deuxi\u00e8me \u00e9tape de son retrait alors que les chebabs attaquent - Africa Defense Forum<\/title>\n<meta name=\"robots\" content=\"index, follow, max-snippet:-1, max-image-preview:large, max-video-preview:-1\" \/>\n<link rel=\"canonical\" href=\"https:\/\/adf-magazine.com\/fr\/2024\/02\/latmis-accomplit-la-deuxieme-etape-de-son-retrait-alors-que-les-chebabs-attaquent\/\" \/>\n<meta property=\"og:locale\" content=\"fr_FR\" \/>\n<meta property=\"og:type\" content=\"article\" \/>\n<meta property=\"og:title\" content=\"L\u2019Atmis accomplit la deuxi\u00e8me \u00e9tape de son retrait alors que les chebabs attaquent - Africa Defense Forum\" \/>\n<meta property=\"og:description\" content=\"PERSONNEL D\u2019ADF \u00c0 la fin janvier, la Mission de l\u2019Union africaine en Somalie a achev\u00e9 la deuxi\u00e8me \u00e9tape de son retrait militaire lorsqu\u2019elle a transf\u00e9r\u00e9 neuf bases militaires au gouvernement somalien. Le transfert a co\u00efncid\u00e9 avec le retrait de 3.000\u00a0soldats. Au cours des deux premi\u00e8res phases du retrait, 5.000\u00a0soldats sont partis de la Somalie et\" \/>\n<meta property=\"og:url\" content=\"https:\/\/adf-magazine.com\/fr\/2024\/02\/latmis-accomplit-la-deuxieme-etape-de-son-retrait-alors-que-les-chebabs-attaquent\/\" \/>\n<meta property=\"og:site_name\" content=\"Africa Defense Forum\" \/>\n<meta property=\"article:publisher\" content=\"https:\/\/www.facebook.com\/ADFmagazine\/\" \/>\n<meta property=\"article:published_time\" content=\"2024-02-27T19:15:43+00:00\" \/>\n<meta property=\"article:modified_time\" content=\"2024-02-27T19:16:17+00:00\" \/>\n<meta property=\"og:image\" content=\"https:\/\/adf-magazine.com\/wp-content\/uploads\/2024\/02\/SECOND-PHASE-ONE.jpg\" \/>\n\t<meta property=\"og:image:width\" content=\"1170\" \/>\n\t<meta property=\"og:image:height\" content=\"779\" \/>\n\t<meta property=\"og:image:type\" content=\"image\/jpeg\" \/>\n<meta name=\"author\" content=\"ADF\" \/>\n<meta name=\"twitter:card\" content=\"summary_large_image\" \/>\n<meta name=\"twitter:creator\" content=\"@ADFmagazine\" \/>\n<meta name=\"twitter:site\" content=\"@ADFmagazine\" \/>\n<meta name=\"twitter:label1\" content=\"\u00c9crit par\" \/>\n\t<meta name=\"twitter:data1\" content=\"ADF\" \/>\n\t<meta name=\"twitter:label2\" content=\"Dur\u00e9e de lecture estim\u00e9e\" \/>\n\t<meta name=\"twitter:data2\" content=\"4 minutes\" \/>\n<script type=\"application\/ld+json\" class=\"yoast-schema-graph\">{\"@context\":\"https:\\\/\\\/schema.org\",\"@graph\":[{\"@type\":\"Article\",\"@id\":\"https:\\\/\\\/adf-magazine.com\\\/fr\\\/2024\\\/02\\\/latmis-accomplit-la-deuxieme-etape-de-son-retrait-alors-que-les-chebabs-attaquent\\\/#article\",\"isPartOf\":{\"@id\":\"https:\\\/\\\/adf-magazine.com\\\/fr\\\/2024\\\/02\\\/latmis-accomplit-la-deuxieme-etape-de-son-retrait-alors-que-les-chebabs-attaquent\\\/\"},\"author\":{\"name\":\"ADF\",\"@id\":\"https:\\\/\\\/adf-magazine.com\\\/#\\\/schema\\\/person\\\/f266a6061389568b5a11465bb38bc025\"},\"headline\":\"L\u2019Atmis accomplit la deuxi\u00e8me \u00e9tape de son retrait alors que les chebabs attaquent\",\"datePublished\":\"2024-02-27T19:15:43+00:00\",\"dateModified\":\"2024-02-27T19:16:17+00:00\",\"mainEntityOfPage\":{\"@id\":\"https:\\\/\\\/adf-magazine.com\\\/fr\\\/2024\\\/02\\\/latmis-accomplit-la-deuxieme-etape-de-son-retrait-alors-que-les-chebabs-attaquent\\\/\"},\"wordCount\":825,\"commentCount\":0,\"image\":{\"@id\":\"https:\\\/\\\/adf-magazine.com\\\/fr\\\/2024\\\/02\\\/latmis-accomplit-la-deuxieme-etape-de-son-retrait-alors-que-les-chebabs-attaquent\\\/#primaryimage\"},\"thumbnailUrl\":\"https:\\\/\\\/adf-magazine.com\\\/wp-content\\\/uploads\\\/2024\\\/02\\\/SECOND-PHASE-ONE.jpg\",\"keywords\":[\"ATMIS\",\"extr\u00e9misme\",\"Shebabs\",\"Somalie\",\"Terrorism\"],\"articleSection\":[\"Actualit\u00e9s du Jour\"],\"inLanguage\":\"fr-FR\",\"potentialAction\":[{\"@type\":\"CommentAction\",\"name\":\"Comment\",\"target\":[\"https:\\\/\\\/adf-magazine.com\\\/fr\\\/2024\\\/02\\\/latmis-accomplit-la-deuxieme-etape-de-son-retrait-alors-que-les-chebabs-attaquent\\\/#respond\"]}]},{\"@type\":\"WebPage\",\"@id\":\"https:\\\/\\\/adf-magazine.com\\\/fr\\\/2024\\\/02\\\/latmis-accomplit-la-deuxieme-etape-de-son-retrait-alors-que-les-chebabs-attaquent\\\/\",\"url\":\"https:\\\/\\\/adf-magazine.com\\\/fr\\\/2024\\\/02\\\/latmis-accomplit-la-deuxieme-etape-de-son-retrait-alors-que-les-chebabs-attaquent\\\/\",\"name\":\"L\u2019Atmis accomplit la deuxi\u00e8me \u00e9tape de son retrait alors que les chebabs attaquent - Africa Defense Forum\",\"isPartOf\":{\"@id\":\"https:\\\/\\\/adf-magazine.com\\\/#website\"},\"primaryImageOfPage\":{\"@id\":\"https:\\\/\\\/adf-magazine.com\\\/fr\\\/2024\\\/02\\\/latmis-accomplit-la-deuxieme-etape-de-son-retrait-alors-que-les-chebabs-attaquent\\\/#primaryimage\"},\"image\":{\"@id\":\"https:\\\/\\\/adf-magazine.com\\\/fr\\\/2024\\\/02\\\/latmis-accomplit-la-deuxieme-etape-de-son-retrait-alors-que-les-chebabs-attaquent\\\/#primaryimage\"},\"thumbnailUrl\":\"https:\\\/\\\/adf-magazine.com\\\/wp-content\\\/uploads\\\/2024\\\/02\\\/SECOND-PHASE-ONE.jpg\",\"datePublished\":\"2024-02-27T19:15:43+00:00\",\"dateModified\":\"2024-02-27T19:16:17+00:00\",\"author\":{\"@id\":\"https:\\\/\\\/adf-magazine.com\\\/#\\\/schema\\\/person\\\/f266a6061389568b5a11465bb38bc025\"},\"breadcrumb\":{\"@id\":\"https:\\\/\\\/adf-magazine.com\\\/fr\\\/2024\\\/02\\\/latmis-accomplit-la-deuxieme-etape-de-son-retrait-alors-que-les-chebabs-attaquent\\\/#breadcrumb\"},\"inLanguage\":\"fr-FR\",\"potentialAction\":[{\"@type\":\"ReadAction\",\"target\":[\"https:\\\/\\\/adf-magazine.com\\\/fr\\\/2024\\\/02\\\/latmis-accomplit-la-deuxieme-etape-de-son-retrait-alors-que-les-chebabs-attaquent\\\/\"]}]},{\"@type\":\"ImageObject\",\"inLanguage\":\"fr-FR\",\"@id\":\"https:\\\/\\\/adf-magazine.com\\\/fr\\\/2024\\\/02\\\/latmis-accomplit-la-deuxieme-etape-de-son-retrait-alors-que-les-chebabs-attaquent\\\/#primaryimage\",\"url\":\"https:\\\/\\\/adf-magazine.com\\\/wp-content\\\/uploads\\\/2024\\\/02\\\/SECOND-PHASE-ONE.jpg\",\"contentUrl\":\"https:\\\/\\\/adf-magazine.com\\\/wp-content\\\/uploads\\\/2024\\\/02\\\/SECOND-PHASE-ONE.jpg\",\"width\":1170,\"height\":779,\"caption\":\"Mohamed El-Amine Souef (au centre \u00e0 gauche), chef de la Mission de transition de l\u2019Union africaine en Somalie, et Hussein Sheikh-Ali (au centre \u00e0 droite), conseiller \u00e0 la s\u00e9curit\u00e9 nationale de Somalie, participent \u00e0 une c\u00e9r\u00e9monie de compl\u00e9tion de retrait des soldats. ATMIS\"},{\"@type\":\"BreadcrumbList\",\"@id\":\"https:\\\/\\\/adf-magazine.com\\\/fr\\\/2024\\\/02\\\/latmis-accomplit-la-deuxieme-etape-de-son-retrait-alors-que-les-chebabs-attaquent\\\/#breadcrumb\",\"itemListElement\":[{\"@type\":\"ListItem\",\"position\":1,\"name\":\"page d\u2019accueil\",\"item\":\"https:\\\/\\\/adf-magazine.com\\\/\"},{\"@type\":\"ListItem\",\"position\":2,\"name\":\"L\u2019Atmis accomplit la deuxi\u00e8me \u00e9tape de son retrait alors que les chebabs attaquent\"}]},{\"@type\":\"WebSite\",\"@id\":\"https:\\\/\\\/adf-magazine.com\\\/#website\",\"url\":\"https:\\\/\\\/adf-magazine.com\\\/\",\"name\":\"Africa Defense Forum\",\"description\":\"Africa Defense Forum\",\"potentialAction\":[{\"@type\":\"SearchAction\",\"target\":{\"@type\":\"EntryPoint\",\"urlTemplate\":\"https:\\\/\\\/adf-magazine.com\\\/?s={search_term_string}\"},\"query-input\":{\"@type\":\"PropertyValueSpecification\",\"valueRequired\":true,\"valueName\":\"search_term_string\"}}],\"inLanguage\":\"fr-FR\"},{\"@type\":\"Person\",\"@id\":\"https:\\\/\\\/adf-magazine.com\\\/#\\\/schema\\\/person\\\/f266a6061389568b5a11465bb38bc025\",\"name\":\"ADF\",\"image\":{\"@type\":\"ImageObject\",\"inLanguage\":\"fr-FR\",\"@id\":\"https:\\\/\\\/adf-magazine.com\\\/wp-content\\\/uploads\\\/2020\\\/05\\\/cropped-ADF_icon.jpg\",\"url\":\"https:\\\/\\\/adf-magazine.com\\\/wp-content\\\/uploads\\\/2020\\\/05\\\/cropped-ADF_icon.jpg\",\"contentUrl\":\"https:\\\/\\\/adf-magazine.com\\\/wp-content\\\/uploads\\\/2020\\\/05\\\/cropped-ADF_icon.jpg\",\"caption\":\"ADF\"},\"description\":\"ADF is a professional military magazine published quarterly by U.S. Africa Command to provide an international forum for African security professionals. ADF covers topics such as counter terrorism strategies, security and defense operations, transnational crime, and all other issues affecting peace, stability, and good governance on the African continent.\",\"sameAs\":[\"https:\\\/\\\/x.com\\\/ADFmagazine\"],\"url\":\"https:\\\/\\\/adf-magazine.com\\\/fr\\\/author\\\/adf\\\/\"}]}<\/script>\n<!-- \/ Yoast SEO plugin. -->","yoast_head_json":{"title":"L\u2019Atmis accomplit la deuxi\u00e8me \u00e9tape de son retrait alors que les chebabs attaquent - Africa Defense Forum","robots":{"index":"index","follow":"follow","max-snippet":"max-snippet:-1","max-image-preview":"max-image-preview:large","max-video-preview":"max-video-preview:-1"},"canonical":"https:\/\/adf-magazine.com\/fr\/2024\/02\/latmis-accomplit-la-deuxieme-etape-de-son-retrait-alors-que-les-chebabs-attaquent\/","og_locale":"fr_FR","og_type":"article","og_title":"L\u2019Atmis accomplit la deuxi\u00e8me \u00e9tape de son retrait alors que les chebabs attaquent - Africa Defense Forum","og_description":"PERSONNEL D\u2019ADF \u00c0 la fin janvier, la Mission de l\u2019Union africaine en Somalie a achev\u00e9 la deuxi\u00e8me \u00e9tape de son retrait militaire lorsqu\u2019elle a transf\u00e9r\u00e9 neuf bases militaires au gouvernement somalien. Le transfert a co\u00efncid\u00e9 avec le retrait de 3.000\u00a0soldats. Au cours des deux premi\u00e8res phases du retrait, 5.000\u00a0soldats sont partis de la Somalie et","og_url":"https:\/\/adf-magazine.com\/fr\/2024\/02\/latmis-accomplit-la-deuxieme-etape-de-son-retrait-alors-que-les-chebabs-attaquent\/","og_site_name":"Africa Defense Forum","article_publisher":"https:\/\/www.facebook.com\/ADFmagazine\/","article_published_time":"2024-02-27T19:15:43+00:00","article_modified_time":"2024-02-27T19:16:17+00:00","og_image":[{"width":1170,"height":779,"url":"https:\/\/adf-magazine.com\/wp-content\/uploads\/2024\/02\/SECOND-PHASE-ONE.jpg","type":"image\/jpeg"}],"author":"ADF","twitter_card":"summary_large_image","twitter_creator":"@ADFmagazine","twitter_site":"@ADFmagazine","twitter_misc":{"\u00c9crit par":"ADF","Dur\u00e9e de lecture estim\u00e9e":"4 minutes"},"schema":{"@context":"https:\/\/schema.org","@graph":[{"@type":"Article","@id":"https:\/\/adf-magazine.com\/fr\/2024\/02\/latmis-accomplit-la-deuxieme-etape-de-son-retrait-alors-que-les-chebabs-attaquent\/#article","isPartOf":{"@id":"https:\/\/adf-magazine.com\/fr\/2024\/02\/latmis-accomplit-la-deuxieme-etape-de-son-retrait-alors-que-les-chebabs-attaquent\/"},"author":{"name":"ADF","@id":"https:\/\/adf-magazine.com\/#\/schema\/person\/f266a6061389568b5a11465bb38bc025"},"headline":"L\u2019Atmis accomplit la deuxi\u00e8me \u00e9tape de son retrait alors que les chebabs attaquent","datePublished":"2024-02-27T19:15:43+00:00","dateModified":"2024-02-27T19:16:17+00:00","mainEntityOfPage":{"@id":"https:\/\/adf-magazine.com\/fr\/2024\/02\/latmis-accomplit-la-deuxieme-etape-de-son-retrait-alors-que-les-chebabs-attaquent\/"},"wordCount":825,"commentCount":0,"image":{"@id":"https:\/\/adf-magazine.com\/fr\/2024\/02\/latmis-accomplit-la-deuxieme-etape-de-son-retrait-alors-que-les-chebabs-attaquent\/#primaryimage"},"thumbnailUrl":"https:\/\/adf-magazine.com\/wp-content\/uploads\/2024\/02\/SECOND-PHASE-ONE.jpg","keywords":["ATMIS","extr\u00e9misme","Shebabs","Somalie","Terrorism"],"articleSection":["Actualit\u00e9s du Jour"],"inLanguage":"fr-FR","potentialAction":[{"@type":"CommentAction","name":"Comment","target":["https:\/\/adf-magazine.com\/fr\/2024\/02\/latmis-accomplit-la-deuxieme-etape-de-son-retrait-alors-que-les-chebabs-attaquent\/#respond"]}]},{"@type":"WebPage","@id":"https:\/\/adf-magazine.com\/fr\/2024\/02\/latmis-accomplit-la-deuxieme-etape-de-son-retrait-alors-que-les-chebabs-attaquent\/","url":"https:\/\/adf-magazine.com\/fr\/2024\/02\/latmis-accomplit-la-deuxieme-etape-de-son-retrait-alors-que-les-chebabs-attaquent\/","name":"L\u2019Atmis accomplit la deuxi\u00e8me \u00e9tape de son retrait alors que les chebabs attaquent - Africa Defense Forum","isPartOf":{"@id":"https:\/\/adf-magazine.com\/#website"},"primaryImageOfPage":{"@id":"https:\/\/adf-magazine.com\/fr\/2024\/02\/latmis-accomplit-la-deuxieme-etape-de-son-retrait-alors-que-les-chebabs-attaquent\/#primaryimage"},"image":{"@id":"https:\/\/adf-magazine.com\/fr\/2024\/02\/latmis-accomplit-la-deuxieme-etape-de-son-retrait-alors-que-les-chebabs-attaquent\/#primaryimage"},"thumbnailUrl":"https:\/\/adf-magazine.com\/wp-content\/uploads\/2024\/02\/SECOND-PHASE-ONE.jpg","datePublished":"2024-02-27T19:15:43+00:00","dateModified":"2024-02-27T19:16:17+00:00","author":{"@id":"https:\/\/adf-magazine.com\/#\/schema\/person\/f266a6061389568b5a11465bb38bc025"},"breadcrumb":{"@id":"https:\/\/adf-magazine.com\/fr\/2024\/02\/latmis-accomplit-la-deuxieme-etape-de-son-retrait-alors-que-les-chebabs-attaquent\/#breadcrumb"},"inLanguage":"fr-FR","potentialAction":[{"@type":"ReadAction","target":["https:\/\/adf-magazine.com\/fr\/2024\/02\/latmis-accomplit-la-deuxieme-etape-de-son-retrait-alors-que-les-chebabs-attaquent\/"]}]},{"@type":"ImageObject","inLanguage":"fr-FR","@id":"https:\/\/adf-magazine.com\/fr\/2024\/02\/latmis-accomplit-la-deuxieme-etape-de-son-retrait-alors-que-les-chebabs-attaquent\/#primaryimage","url":"https:\/\/adf-magazine.com\/wp-content\/uploads\/2024\/02\/SECOND-PHASE-ONE.jpg","contentUrl":"https:\/\/adf-magazine.com\/wp-content\/uploads\/2024\/02\/SECOND-PHASE-ONE.jpg","width":1170,"height":779,"caption":"Mohamed El-Amine Souef (au centre \u00e0 gauche), chef de la Mission de transition de l\u2019Union africaine en Somalie, et Hussein Sheikh-Ali (au centre \u00e0 droite), conseiller \u00e0 la s\u00e9curit\u00e9 nationale de Somalie, participent \u00e0 une c\u00e9r\u00e9monie de compl\u00e9tion de retrait des soldats. ATMIS"},{"@type":"BreadcrumbList","@id":"https:\/\/adf-magazine.com\/fr\/2024\/02\/latmis-accomplit-la-deuxieme-etape-de-son-retrait-alors-que-les-chebabs-attaquent\/#breadcrumb","itemListElement":[{"@type":"ListItem","position":1,"name":"page d\u2019accueil","item":"https:\/\/adf-magazine.com\/"},{"@type":"ListItem","position":2,"name":"L\u2019Atmis accomplit la deuxi\u00e8me \u00e9tape de son retrait alors que les chebabs attaquent"}]},{"@type":"WebSite","@id":"https:\/\/adf-magazine.com\/#website","url":"https:\/\/adf-magazine.com\/","name":"Africa Defense Forum","description":"Africa Defense Forum","potentialAction":[{"@type":"SearchAction","target":{"@type":"EntryPoint","urlTemplate":"https:\/\/adf-magazine.com\/?s={search_term_string}"},"query-input":{"@type":"PropertyValueSpecification","valueRequired":true,"valueName":"search_term_string"}}],"inLanguage":"fr-FR"},{"@type":"Person","@id":"https:\/\/adf-magazine.com\/#\/schema\/person\/f266a6061389568b5a11465bb38bc025","name":"ADF","image":{"@type":"ImageObject","inLanguage":"fr-FR","@id":"https:\/\/adf-magazine.com\/wp-content\/uploads\/2020\/05\/cropped-ADF_icon.jpg","url":"https:\/\/adf-magazine.com\/wp-content\/uploads\/2020\/05\/cropped-ADF_icon.jpg","contentUrl":"https:\/\/adf-magazine.com\/wp-content\/uploads\/2020\/05\/cropped-ADF_icon.jpg","caption":"ADF"},"description":"ADF is a professional military magazine published quarterly by U.S. Africa Command to provide an international forum for African security professionals. ADF covers topics such as counter terrorism strategies, security and defense operations, transnational crime, and all other issues affecting peace, stability, and good governance on the African continent.","sameAs":["https:\/\/x.com\/ADFmagazine"],"url":"https:\/\/adf-magazine.com\/fr\/author\/adf\/"}]}},"_links":{"self":[{"href":"https:\/\/adf-magazine.com\/fr\/wp-json\/wp\/v2\/posts\/112695","targetHints":{"allow":["GET"]}}],"collection":[{"href":"https:\/\/adf-magazine.com\/fr\/wp-json\/wp\/v2\/posts"}],"about":[{"href":"https:\/\/adf-magazine.com\/fr\/wp-json\/wp\/v2\/types\/post"}],"author":[{"embeddable":true,"href":"https:\/\/adf-magazine.com\/fr\/wp-json\/wp\/v2\/users\/1"}],"replies":[{"embeddable":true,"href":"https:\/\/adf-magazine.com\/fr\/wp-json\/wp\/v2\/comments?post=112695"}],"version-history":[{"count":0,"href":"https:\/\/adf-magazine.com\/fr\/wp-json\/wp\/v2\/posts\/112695\/revisions"}],"wp:featuredmedia":[{"embeddable":true,"href":"https:\/\/adf-magazine.com\/fr\/wp-json\/wp\/v2\/media\/112688"}],"wp:attachment":[{"href":"https:\/\/adf-magazine.com\/fr\/wp-json\/wp\/v2\/media?parent=112695"}],"wp:term":[{"taxonomy":"category","embeddable":true,"href":"https:\/\/adf-magazine.com\/fr\/wp-json\/wp\/v2\/categories?post=112695"},{"taxonomy":"post_tag","embeddable":true,"href":"https:\/\/adf-magazine.com\/fr\/wp-json\/wp\/v2\/tags?post=112695"}],"curies":[{"name":"wp","href":"https:\/\/api.w.org\/{rel}","templated":true}]}}