{"id":112572,"date":"2024-02-20T11:58:23","date_gmt":"2024-02-20T16:58:23","guid":{"rendered":"https:\/\/adf-magazine.com\/?p=112572"},"modified":"2024-02-20T11:58:46","modified_gmt":"2024-02-20T16:58:46","slug":"alors-que-la-cdaa-se-retire-les-forces-mozambicaines-montent-au-front","status":"publish","type":"post","link":"https:\/\/adf-magazine.com\/fr\/2024\/02\/alors-que-la-cdaa-se-retire-les-forces-mozambicaines-montent-au-front\/","title":{"rendered":"Alors que la CDAA se retire, les forces mozambicaines montent au front"},"content":{"rendered":"<p style=\"font-weight: 400;\">PERSONNEL D\u2019ADF<\/p>\n<p style=\"font-weight: 400;\">Les Forces arm\u00e9es du Mozambique (FADM) assument un r\u00f4le plus pro\u00e9minent dans les op\u00e9rations de contre-terrorisme alors que les soldats de la Mission de la Communaut\u00e9 de d\u00e9veloppement d\u2019Afrique australe au Mozambique (SAMIM) ont commenc\u00e9 \u00e0 se retirer.<\/p>\n<p style=\"font-weight: 400;\">L\u2019insurrection dans la province du Cabo Delgado au Nord-Est du pays continue \u00e0 terroriser les civils et d\u00e9concerter les forces de s\u00e9curit\u00e9 multinationales par sa r\u00e9silience.<\/p>\n<p style=\"font-weight: 400;\">Les forces du Rwanda et de la SAMIM ont \u00ab\u00a0d\u00e9grad\u00e9 consid\u00e9rablement\u00a0\u00bb Ansar al-Sunna, groupe extr\u00e9miste violent appel\u00e9 aussi \u00c9tat islamique \u2013 Mozambique (ISM). Apr\u00e8s plus de deux ans de lutte, le groupe terroriste a \u00e9t\u00e9 r\u00e9duit \u00e0 un nombre de \u00ab\u00a0160 \u00e0 200\u00a0combattants aguerris\u00a0\u00bb, selon le rapport d\u2019une \u00e9quipe de surveillance des Nations unies publi\u00e9 le 29 janvier.<\/p>\n<p style=\"font-weight: 400;\">La SAMIM, qui a commenc\u00e9 \u00e0 se d\u00e9ployer au Cabo Delgado le 18 juillet 2021, indique depuis plusieurs mois qu\u2019elle commencera bient\u00f4t \u00e0 se retirer par \u00e9tapes. Une d\u00e9claration \u00e9mise par le bloc r\u00e9gional a confirm\u00e9 que le retrait est en cours et sera achev\u00e9 au plus tard le 15 juillet.<\/p>\n<p style=\"font-weight: 400;\">\u00ab\u00a0La mission a l\u2019intention de laisser un environnement s\u00e9curis\u00e9 et stable qui assurera la s\u00fbret\u00e9 des civils\u00a0\u00bb, a d\u00e9clar\u00e9 la CDAA le 28 janvier.<\/p>\n<p style=\"font-weight: 400;\">Les survivants du groupe d\u2019insurg\u00e9s se d\u00e9placent vers le Sud \u00e0 la recherche de ressources et de recrues, \u00e0 mesure que les forces mozambicaines les chassent de leurs bastions dans la for\u00eat de Catupa.<\/p>\n<p style=\"font-weight: 400;\">\u00ab\u00a0Depuis au moins f\u00e9vrier 2023, l\u2019ISM s\u2019est efforc\u00e9 assid\u00fbment de b\u00e2tir des relations de soutien avec les communaut\u00e9s de la zone [c\u00f4ti\u00e8re du district de Macomia]\u00a0\u00bb, selon le site web de l\u2019observatoire de conflit Cabo Ligado, publi\u00e9 par le projet ACLED [Armed Conflict Location &amp; Event Data]. \u00ab\u00a0Ceci leur a permis d\u2019\u00e9tablir des cha\u00eenes d\u2019approvisionnement pour les articles de base, souvent par voie maritime, et leur donne probablement acc\u00e8s \u00e0 des renseignements sur les mouvements des FADM et des soldats de la SAMIM.\u00a0\u00bb<\/p>\n<p style=\"font-weight: 400;\">Le pr\u00e9sident mozambicain Filipe Nyusi a d\u00e9crit l\u2019ISM comme un groupe \u00ab\u00a0en fuite\u00a0\u00bb et a fait appel aux jeunes Mozambicains pour qu\u2019ils r\u00e9sistent aux tentatives de recrutement.<\/p>\n<p style=\"font-weight: 400;\">\u00ab\u00a0La circulation des groupes extr\u00e9mistes vers de nouveaux lieux du Cabo Delgado vise \u00e0 faire d\u00e9vier l\u2019avance des forces gouvernementales en direction des bases principales des terroristes, a-t-il dit dans un discours du 3 f\u00e9vrier. Les forces de d\u00e9fense et de s\u00e9curit\u00e9 ont un nouvel objectif\u00a0: emp\u00eacher la p\u00e9n\u00e9tration des terroristes et leur mobilit\u00e9 en mer, y compris leur r\u00e9approvisionnement en provenance des \u00eeles adjacentes.\u00a0\u00bb<\/p>\n<p>Nyusi d\u00e9clare que les forces du Rwanda et de la SAMIM continuent \u00e0 soutenir les soldats des FADM. Les experts disent que de nombreux d\u00e9fis restent \u00e0 relever avant que les forces mozambicaines puissent ex\u00e9cuter efficacement des op\u00e9rations de contre-terrorisme sans appui \u00e9tranger.<\/p>\n<p style=\"font-weight: 400;\">\u00ab\u00a0La croissance initiale de l\u2019ISM et la r\u00e9silience ult\u00e9rieure du noyau de survivants ont expos\u00e9 les faiblesses structurelles des FADM, en refl\u00e9tant leur manque de sophistication tactique et strat\u00e9gique, l\u2019indiscipline de leurs soldats et l\u2019obsolescence de leur mat\u00e9riel\u00a0\u00bb, \u00e9crit Cabo Ligado dans un rapport du 31 janvier.<\/p>\n<p style=\"font-weight: 400;\">Le journaliste Tom Gould de Zitamar News a trait\u00e9 des cons\u00e9quences du retrait de la SAMIM, en notant que les FADM se lanceront dans un vide s\u00e9curitaire.<\/p>\n<p style=\"font-weight: 400;\">\u00ab\u00a0Jusqu\u2019\u00e0 pr\u00e9sent, leur performance est loin d\u2019\u00eatre encourageante. Le 18 janvier, les FADM ont abandonn\u00e9 le village strat\u00e9gique de Mucojo, offrant ainsi effectivement aux insurg\u00e9s l\u2019acc\u00e8s libre au littoral de Macomia. On sait que les forces de s\u00e9curit\u00e9 mozambicaines souffrent d\u2019un manque de nourriture et qu\u2019un grand nombre de soldats n\u2019ont pas \u00e9t\u00e9 pay\u00e9s depuis plusieurs mois. Si l\u2019arm\u00e9e mozambicaine a des difficult\u00e9s pour satisfaire \u00e0 ses responsabilit\u00e9s actuelles, il est dur d\u2019imaginer qu\u2019elle assumera un r\u00f4le plus grand lorsque la SAMIM partira.\u00a0\u00bb<\/p>\n<p style=\"font-weight: 400;\">Les attaques r\u00e9centes de l\u2019ISM soulignent les difficult\u00e9s auxquelles fait face le Mozambique en essayant de chasser les militants survivants. M.\u00a0Nyusi d\u00e9clare que la lutte contre le terrorisme \u00ab\u00a0peut \u00eatre lente, douloureuse et \u00e9puisante, mais la victoire est notre seule alternative.\u00a0\u00bb<\/p>\n","protected":false},"excerpt":{"rendered":"<p>PERSONNEL D\u2019ADF Les Forces arm\u00e9es du Mozambique (FADM) assument un r\u00f4le plus pro\u00e9minent dans les op\u00e9rations de contre-terrorisme alors que les soldats de la Mission de la Communaut\u00e9 de d\u00e9veloppement d\u2019Afrique australe au Mozambique (SAMIM) ont commenc\u00e9 \u00e0 se retirer. L\u2019insurrection dans la province du Cabo Delgado au Nord-Est du pays continue \u00e0 terroriser les<\/p>\n","protected":false},"author":1,"featured_media":112567,"comment_status":"open","ping_status":"closed","sticky":false,"template":"","format":"standard","meta":{"_acf_changed":false,"_monsterinsights_skip_tracking":false,"_monsterinsights_sitenote_active":false,"_monsterinsights_sitenote_note":"","_monsterinsights_sitenote_category":0,"_uf_show_specific_survey":0,"_uf_disable_surveys":false,"footnotes":""},"categories":[331],"tags":[822,1242,484,1021,464,1127,1282],"class_list":{"0":"post-112572","1":"post","2":"type-post","3":"status-publish","4":"format-standard","5":"has-post-thumbnail","7":"category-dernieres-nouvelles","8":"tag-cdaa","9":"tag-etat-islamique","10":"tag-extremisme","11":"tag-insurrection","12":"tag-mozambique-fr","13":"tag-samim-fr","14":"tag-terrorism-fr"},"acf":[],"yoast_head":"<!-- This site is optimized with the Yoast SEO plugin v27.4 - https:\/\/yoast.com\/product\/yoast-seo-wordpress\/ -->\n<title>Alors que la CDAA se retire, les forces mozambicaines montent au front - Africa Defense Forum<\/title>\n<meta name=\"robots\" content=\"index, follow, max-snippet:-1, max-image-preview:large, max-video-preview:-1\" \/>\n<link rel=\"canonical\" href=\"https:\/\/adf-magazine.com\/fr\/2024\/02\/alors-que-la-cdaa-se-retire-les-forces-mozambicaines-montent-au-front\/\" \/>\n<meta property=\"og:locale\" content=\"fr_FR\" \/>\n<meta property=\"og:type\" content=\"article\" \/>\n<meta property=\"og:title\" content=\"Alors que la CDAA se retire, les forces mozambicaines montent au front - Africa Defense Forum\" \/>\n<meta property=\"og:description\" content=\"PERSONNEL D\u2019ADF Les Forces arm\u00e9es du Mozambique (FADM) assument un r\u00f4le plus pro\u00e9minent dans les op\u00e9rations de contre-terrorisme alors que les soldats de la Mission de la Communaut\u00e9 de d\u00e9veloppement d\u2019Afrique australe au Mozambique (SAMIM) ont commenc\u00e9 \u00e0 se retirer. L\u2019insurrection dans la province du Cabo Delgado au Nord-Est du pays continue \u00e0 terroriser les\" \/>\n<meta property=\"og:url\" content=\"https:\/\/adf-magazine.com\/fr\/2024\/02\/alors-que-la-cdaa-se-retire-les-forces-mozambicaines-montent-au-front\/\" \/>\n<meta property=\"og:site_name\" content=\"Africa Defense Forum\" \/>\n<meta property=\"article:publisher\" content=\"https:\/\/www.facebook.com\/ADFmagazine\/\" \/>\n<meta property=\"article:published_time\" content=\"2024-02-20T16:58:23+00:00\" \/>\n<meta property=\"article:modified_time\" content=\"2024-02-20T16:58:46+00:00\" \/>\n<meta property=\"og:image\" content=\"https:\/\/adf-magazine.com\/wp-content\/uploads\/2024\/02\/SAMIMEXIT1.jpg\" \/>\n\t<meta property=\"og:image:width\" content=\"1600\" \/>\n\t<meta property=\"og:image:height\" content=\"1065\" \/>\n\t<meta property=\"og:image:type\" content=\"image\/jpeg\" \/>\n<meta name=\"author\" content=\"ADF\" \/>\n<meta name=\"twitter:card\" content=\"summary_large_image\" \/>\n<meta name=\"twitter:creator\" content=\"@ADFmagazine\" \/>\n<meta name=\"twitter:site\" content=\"@ADFmagazine\" \/>\n<meta name=\"twitter:label1\" content=\"\u00c9crit par\" \/>\n\t<meta name=\"twitter:data1\" content=\"ADF\" \/>\n\t<meta name=\"twitter:label2\" content=\"Dur\u00e9e de lecture estim\u00e9e\" \/>\n\t<meta name=\"twitter:data2\" content=\"4 minutes\" \/>\n<script type=\"application\/ld+json\" class=\"yoast-schema-graph\">{\"@context\":\"https:\\\/\\\/schema.org\",\"@graph\":[{\"@type\":\"Article\",\"@id\":\"https:\\\/\\\/adf-magazine.com\\\/fr\\\/2024\\\/02\\\/alors-que-la-cdaa-se-retire-les-forces-mozambicaines-montent-au-front\\\/#article\",\"isPartOf\":{\"@id\":\"https:\\\/\\\/adf-magazine.com\\\/fr\\\/2024\\\/02\\\/alors-que-la-cdaa-se-retire-les-forces-mozambicaines-montent-au-front\\\/\"},\"author\":{\"name\":\"ADF\",\"@id\":\"https:\\\/\\\/adf-magazine.com\\\/#\\\/schema\\\/person\\\/f266a6061389568b5a11465bb38bc025\"},\"headline\":\"Alors que la CDAA se retire, les forces mozambicaines montent au front\",\"datePublished\":\"2024-02-20T16:58:23+00:00\",\"dateModified\":\"2024-02-20T16:58:46+00:00\",\"mainEntityOfPage\":{\"@id\":\"https:\\\/\\\/adf-magazine.com\\\/fr\\\/2024\\\/02\\\/alors-que-la-cdaa-se-retire-les-forces-mozambicaines-montent-au-front\\\/\"},\"wordCount\":732,\"commentCount\":0,\"image\":{\"@id\":\"https:\\\/\\\/adf-magazine.com\\\/fr\\\/2024\\\/02\\\/alors-que-la-cdaa-se-retire-les-forces-mozambicaines-montent-au-front\\\/#primaryimage\"},\"thumbnailUrl\":\"https:\\\/\\\/adf-magazine.com\\\/wp-content\\\/uploads\\\/2024\\\/02\\\/SAMIMEXIT1.jpg\",\"keywords\":[\"CDAA\",\"\u00c9tat islamique\",\"extr\u00e9misme\",\"insurrection\",\"Mozambique\",\"SAMIM\",\"Terrorism\"],\"articleSection\":[\"Actualit\u00e9s du Jour\"],\"inLanguage\":\"fr-FR\",\"potentialAction\":[{\"@type\":\"CommentAction\",\"name\":\"Comment\",\"target\":[\"https:\\\/\\\/adf-magazine.com\\\/fr\\\/2024\\\/02\\\/alors-que-la-cdaa-se-retire-les-forces-mozambicaines-montent-au-front\\\/#respond\"]}]},{\"@type\":\"WebPage\",\"@id\":\"https:\\\/\\\/adf-magazine.com\\\/fr\\\/2024\\\/02\\\/alors-que-la-cdaa-se-retire-les-forces-mozambicaines-montent-au-front\\\/\",\"url\":\"https:\\\/\\\/adf-magazine.com\\\/fr\\\/2024\\\/02\\\/alors-que-la-cdaa-se-retire-les-forces-mozambicaines-montent-au-front\\\/\",\"name\":\"Alors que la CDAA se retire, les forces mozambicaines montent au front - Africa Defense Forum\",\"isPartOf\":{\"@id\":\"https:\\\/\\\/adf-magazine.com\\\/#website\"},\"primaryImageOfPage\":{\"@id\":\"https:\\\/\\\/adf-magazine.com\\\/fr\\\/2024\\\/02\\\/alors-que-la-cdaa-se-retire-les-forces-mozambicaines-montent-au-front\\\/#primaryimage\"},\"image\":{\"@id\":\"https:\\\/\\\/adf-magazine.com\\\/fr\\\/2024\\\/02\\\/alors-que-la-cdaa-se-retire-les-forces-mozambicaines-montent-au-front\\\/#primaryimage\"},\"thumbnailUrl\":\"https:\\\/\\\/adf-magazine.com\\\/wp-content\\\/uploads\\\/2024\\\/02\\\/SAMIMEXIT1.jpg\",\"datePublished\":\"2024-02-20T16:58:23+00:00\",\"dateModified\":\"2024-02-20T16:58:46+00:00\",\"author\":{\"@id\":\"https:\\\/\\\/adf-magazine.com\\\/#\\\/schema\\\/person\\\/f266a6061389568b5a11465bb38bc025\"},\"breadcrumb\":{\"@id\":\"https:\\\/\\\/adf-magazine.com\\\/fr\\\/2024\\\/02\\\/alors-que-la-cdaa-se-retire-les-forces-mozambicaines-montent-au-front\\\/#breadcrumb\"},\"inLanguage\":\"fr-FR\",\"potentialAction\":[{\"@type\":\"ReadAction\",\"target\":[\"https:\\\/\\\/adf-magazine.com\\\/fr\\\/2024\\\/02\\\/alors-que-la-cdaa-se-retire-les-forces-mozambicaines-montent-au-front\\\/\"]}]},{\"@type\":\"ImageObject\",\"inLanguage\":\"fr-FR\",\"@id\":\"https:\\\/\\\/adf-magazine.com\\\/fr\\\/2024\\\/02\\\/alors-que-la-cdaa-se-retire-les-forces-mozambicaines-montent-au-front\\\/#primaryimage\",\"url\":\"https:\\\/\\\/adf-magazine.com\\\/wp-content\\\/uploads\\\/2024\\\/02\\\/SAMIMEXIT1.jpg\",\"contentUrl\":\"https:\\\/\\\/adf-magazine.com\\\/wp-content\\\/uploads\\\/2024\\\/02\\\/SAMIMEXIT1.jpg\",\"width\":1600,\"height\":1065,\"caption\":\"Elias Magosi (au centre), secr\u00e9taire ex\u00e9cutif de la Communaut\u00e9 de d\u00e9veloppement d\u2019Afrique australe, visite Pemba (Mozambique) le 26 janvier pour superviser le retrait des forces r\u00e9gionales. CDAA\"},{\"@type\":\"BreadcrumbList\",\"@id\":\"https:\\\/\\\/adf-magazine.com\\\/fr\\\/2024\\\/02\\\/alors-que-la-cdaa-se-retire-les-forces-mozambicaines-montent-au-front\\\/#breadcrumb\",\"itemListElement\":[{\"@type\":\"ListItem\",\"position\":1,\"name\":\"page d\u2019accueil\",\"item\":\"https:\\\/\\\/adf-magazine.com\\\/\"},{\"@type\":\"ListItem\",\"position\":2,\"name\":\"Alors que la CDAA se retire, les forces mozambicaines montent au front\"}]},{\"@type\":\"WebSite\",\"@id\":\"https:\\\/\\\/adf-magazine.com\\\/#website\",\"url\":\"https:\\\/\\\/adf-magazine.com\\\/\",\"name\":\"Africa Defense Forum\",\"description\":\"Africa Defense Forum\",\"potentialAction\":[{\"@type\":\"SearchAction\",\"target\":{\"@type\":\"EntryPoint\",\"urlTemplate\":\"https:\\\/\\\/adf-magazine.com\\\/?s={search_term_string}\"},\"query-input\":{\"@type\":\"PropertyValueSpecification\",\"valueRequired\":true,\"valueName\":\"search_term_string\"}}],\"inLanguage\":\"fr-FR\"},{\"@type\":\"Person\",\"@id\":\"https:\\\/\\\/adf-magazine.com\\\/#\\\/schema\\\/person\\\/f266a6061389568b5a11465bb38bc025\",\"name\":\"ADF\",\"image\":{\"@type\":\"ImageObject\",\"inLanguage\":\"fr-FR\",\"@id\":\"https:\\\/\\\/adf-magazine.com\\\/wp-content\\\/uploads\\\/2020\\\/05\\\/cropped-ADF_icon.jpg\",\"url\":\"https:\\\/\\\/adf-magazine.com\\\/wp-content\\\/uploads\\\/2020\\\/05\\\/cropped-ADF_icon.jpg\",\"contentUrl\":\"https:\\\/\\\/adf-magazine.com\\\/wp-content\\\/uploads\\\/2020\\\/05\\\/cropped-ADF_icon.jpg\",\"caption\":\"ADF\"},\"description\":\"ADF is a professional military magazine published quarterly by U.S. Africa Command to provide an international forum for African security professionals. ADF covers topics such as counter terrorism strategies, security and defense operations, transnational crime, and all other issues affecting peace, stability, and good governance on the African continent.\",\"sameAs\":[\"https:\\\/\\\/x.com\\\/ADFmagazine\"],\"url\":\"https:\\\/\\\/adf-magazine.com\\\/fr\\\/author\\\/adf\\\/\"}]}<\/script>\n<!-- \/ Yoast SEO plugin. -->","yoast_head_json":{"title":"Alors que la CDAA se retire, les forces mozambicaines montent au front - Africa Defense Forum","robots":{"index":"index","follow":"follow","max-snippet":"max-snippet:-1","max-image-preview":"max-image-preview:large","max-video-preview":"max-video-preview:-1"},"canonical":"https:\/\/adf-magazine.com\/fr\/2024\/02\/alors-que-la-cdaa-se-retire-les-forces-mozambicaines-montent-au-front\/","og_locale":"fr_FR","og_type":"article","og_title":"Alors que la CDAA se retire, les forces mozambicaines montent au front - Africa Defense Forum","og_description":"PERSONNEL D\u2019ADF Les Forces arm\u00e9es du Mozambique (FADM) assument un r\u00f4le plus pro\u00e9minent dans les op\u00e9rations de contre-terrorisme alors que les soldats de la Mission de la Communaut\u00e9 de d\u00e9veloppement d\u2019Afrique australe au Mozambique (SAMIM) ont commenc\u00e9 \u00e0 se retirer. L\u2019insurrection dans la province du Cabo Delgado au Nord-Est du pays continue \u00e0 terroriser les","og_url":"https:\/\/adf-magazine.com\/fr\/2024\/02\/alors-que-la-cdaa-se-retire-les-forces-mozambicaines-montent-au-front\/","og_site_name":"Africa Defense Forum","article_publisher":"https:\/\/www.facebook.com\/ADFmagazine\/","article_published_time":"2024-02-20T16:58:23+00:00","article_modified_time":"2024-02-20T16:58:46+00:00","og_image":[{"width":1600,"height":1065,"url":"https:\/\/adf-magazine.com\/wp-content\/uploads\/2024\/02\/SAMIMEXIT1.jpg","type":"image\/jpeg"}],"author":"ADF","twitter_card":"summary_large_image","twitter_creator":"@ADFmagazine","twitter_site":"@ADFmagazine","twitter_misc":{"\u00c9crit par":"ADF","Dur\u00e9e de lecture estim\u00e9e":"4 minutes"},"schema":{"@context":"https:\/\/schema.org","@graph":[{"@type":"Article","@id":"https:\/\/adf-magazine.com\/fr\/2024\/02\/alors-que-la-cdaa-se-retire-les-forces-mozambicaines-montent-au-front\/#article","isPartOf":{"@id":"https:\/\/adf-magazine.com\/fr\/2024\/02\/alors-que-la-cdaa-se-retire-les-forces-mozambicaines-montent-au-front\/"},"author":{"name":"ADF","@id":"https:\/\/adf-magazine.com\/#\/schema\/person\/f266a6061389568b5a11465bb38bc025"},"headline":"Alors que la CDAA se retire, les forces mozambicaines montent au front","datePublished":"2024-02-20T16:58:23+00:00","dateModified":"2024-02-20T16:58:46+00:00","mainEntityOfPage":{"@id":"https:\/\/adf-magazine.com\/fr\/2024\/02\/alors-que-la-cdaa-se-retire-les-forces-mozambicaines-montent-au-front\/"},"wordCount":732,"commentCount":0,"image":{"@id":"https:\/\/adf-magazine.com\/fr\/2024\/02\/alors-que-la-cdaa-se-retire-les-forces-mozambicaines-montent-au-front\/#primaryimage"},"thumbnailUrl":"https:\/\/adf-magazine.com\/wp-content\/uploads\/2024\/02\/SAMIMEXIT1.jpg","keywords":["CDAA","\u00c9tat islamique","extr\u00e9misme","insurrection","Mozambique","SAMIM","Terrorism"],"articleSection":["Actualit\u00e9s du Jour"],"inLanguage":"fr-FR","potentialAction":[{"@type":"CommentAction","name":"Comment","target":["https:\/\/adf-magazine.com\/fr\/2024\/02\/alors-que-la-cdaa-se-retire-les-forces-mozambicaines-montent-au-front\/#respond"]}]},{"@type":"WebPage","@id":"https:\/\/adf-magazine.com\/fr\/2024\/02\/alors-que-la-cdaa-se-retire-les-forces-mozambicaines-montent-au-front\/","url":"https:\/\/adf-magazine.com\/fr\/2024\/02\/alors-que-la-cdaa-se-retire-les-forces-mozambicaines-montent-au-front\/","name":"Alors que la CDAA se retire, les forces mozambicaines montent au front - Africa Defense Forum","isPartOf":{"@id":"https:\/\/adf-magazine.com\/#website"},"primaryImageOfPage":{"@id":"https:\/\/adf-magazine.com\/fr\/2024\/02\/alors-que-la-cdaa-se-retire-les-forces-mozambicaines-montent-au-front\/#primaryimage"},"image":{"@id":"https:\/\/adf-magazine.com\/fr\/2024\/02\/alors-que-la-cdaa-se-retire-les-forces-mozambicaines-montent-au-front\/#primaryimage"},"thumbnailUrl":"https:\/\/adf-magazine.com\/wp-content\/uploads\/2024\/02\/SAMIMEXIT1.jpg","datePublished":"2024-02-20T16:58:23+00:00","dateModified":"2024-02-20T16:58:46+00:00","author":{"@id":"https:\/\/adf-magazine.com\/#\/schema\/person\/f266a6061389568b5a11465bb38bc025"},"breadcrumb":{"@id":"https:\/\/adf-magazine.com\/fr\/2024\/02\/alors-que-la-cdaa-se-retire-les-forces-mozambicaines-montent-au-front\/#breadcrumb"},"inLanguage":"fr-FR","potentialAction":[{"@type":"ReadAction","target":["https:\/\/adf-magazine.com\/fr\/2024\/02\/alors-que-la-cdaa-se-retire-les-forces-mozambicaines-montent-au-front\/"]}]},{"@type":"ImageObject","inLanguage":"fr-FR","@id":"https:\/\/adf-magazine.com\/fr\/2024\/02\/alors-que-la-cdaa-se-retire-les-forces-mozambicaines-montent-au-front\/#primaryimage","url":"https:\/\/adf-magazine.com\/wp-content\/uploads\/2024\/02\/SAMIMEXIT1.jpg","contentUrl":"https:\/\/adf-magazine.com\/wp-content\/uploads\/2024\/02\/SAMIMEXIT1.jpg","width":1600,"height":1065,"caption":"Elias Magosi (au centre), secr\u00e9taire ex\u00e9cutif de la Communaut\u00e9 de d\u00e9veloppement d\u2019Afrique australe, visite Pemba (Mozambique) le 26 janvier pour superviser le retrait des forces r\u00e9gionales. CDAA"},{"@type":"BreadcrumbList","@id":"https:\/\/adf-magazine.com\/fr\/2024\/02\/alors-que-la-cdaa-se-retire-les-forces-mozambicaines-montent-au-front\/#breadcrumb","itemListElement":[{"@type":"ListItem","position":1,"name":"page d\u2019accueil","item":"https:\/\/adf-magazine.com\/"},{"@type":"ListItem","position":2,"name":"Alors que la CDAA se retire, les forces mozambicaines montent au front"}]},{"@type":"WebSite","@id":"https:\/\/adf-magazine.com\/#website","url":"https:\/\/adf-magazine.com\/","name":"Africa Defense Forum","description":"Africa Defense Forum","potentialAction":[{"@type":"SearchAction","target":{"@type":"EntryPoint","urlTemplate":"https:\/\/adf-magazine.com\/?s={search_term_string}"},"query-input":{"@type":"PropertyValueSpecification","valueRequired":true,"valueName":"search_term_string"}}],"inLanguage":"fr-FR"},{"@type":"Person","@id":"https:\/\/adf-magazine.com\/#\/schema\/person\/f266a6061389568b5a11465bb38bc025","name":"ADF","image":{"@type":"ImageObject","inLanguage":"fr-FR","@id":"https:\/\/adf-magazine.com\/wp-content\/uploads\/2020\/05\/cropped-ADF_icon.jpg","url":"https:\/\/adf-magazine.com\/wp-content\/uploads\/2020\/05\/cropped-ADF_icon.jpg","contentUrl":"https:\/\/adf-magazine.com\/wp-content\/uploads\/2020\/05\/cropped-ADF_icon.jpg","caption":"ADF"},"description":"ADF is a professional military magazine published quarterly by U.S. Africa Command to provide an international forum for African security professionals. ADF covers topics such as counter terrorism strategies, security and defense operations, transnational crime, and all other issues affecting peace, stability, and good governance on the African continent.","sameAs":["https:\/\/x.com\/ADFmagazine"],"url":"https:\/\/adf-magazine.com\/fr\/author\/adf\/"}]}},"_links":{"self":[{"href":"https:\/\/adf-magazine.com\/fr\/wp-json\/wp\/v2\/posts\/112572","targetHints":{"allow":["GET"]}}],"collection":[{"href":"https:\/\/adf-magazine.com\/fr\/wp-json\/wp\/v2\/posts"}],"about":[{"href":"https:\/\/adf-magazine.com\/fr\/wp-json\/wp\/v2\/types\/post"}],"author":[{"embeddable":true,"href":"https:\/\/adf-magazine.com\/fr\/wp-json\/wp\/v2\/users\/1"}],"replies":[{"embeddable":true,"href":"https:\/\/adf-magazine.com\/fr\/wp-json\/wp\/v2\/comments?post=112572"}],"version-history":[{"count":0,"href":"https:\/\/adf-magazine.com\/fr\/wp-json\/wp\/v2\/posts\/112572\/revisions"}],"wp:featuredmedia":[{"embeddable":true,"href":"https:\/\/adf-magazine.com\/fr\/wp-json\/wp\/v2\/media\/112567"}],"wp:attachment":[{"href":"https:\/\/adf-magazine.com\/fr\/wp-json\/wp\/v2\/media?parent=112572"}],"wp:term":[{"taxonomy":"category","embeddable":true,"href":"https:\/\/adf-magazine.com\/fr\/wp-json\/wp\/v2\/categories?post=112572"},{"taxonomy":"post_tag","embeddable":true,"href":"https:\/\/adf-magazine.com\/fr\/wp-json\/wp\/v2\/tags?post=112572"}],"curies":[{"name":"wp","href":"https:\/\/api.w.org\/{rel}","templated":true}]}}