{"id":112516,"date":"2024-02-13T16:10:49","date_gmt":"2024-02-13T21:10:49","guid":{"rendered":"https:\/\/adf-magazine.com\/?p=112516"},"modified":"2024-02-13T16:11:14","modified_gmt":"2024-02-13T21:11:14","slug":"lemploi-des-drones-iraniens-par-les-saf-menace-de-destabiliser-la-region","status":"publish","type":"post","link":"https:\/\/adf-magazine.com\/fr\/2024\/02\/lemploi-des-drones-iraniens-par-les-saf-menace-de-destabiliser-la-region\/","title":{"rendered":"L\u2019emploi des drones iraniens par les SAF menace de d\u00e9stabiliser la r\u00e9gion"},"content":{"rendered":"<p style=\"font-weight: 400;\">PERSONNEL D\u2019ADF<\/p>\n<p style=\"font-weight: 400;\">Les photos de la destruction d\u2019un v\u00e9hicule a\u00e9rien sans humain \u00e0 bord que les Forces de soutien rapide (RSF) du Soudan ont affich\u00e9es sur leurs cha\u00eenes de r\u00e9seaux sociaux \u00e0 la fin janvier ont confirm\u00e9 ce qu\u2019un grand nombre d\u2019observateurs avaient soup\u00e7onn\u00e9\u00a0: l\u2019Iran fournit des drones militaris\u00e9s aux Forces arm\u00e9es soudanaises (SAF).<\/p>\n<p style=\"font-weight: 400;\">Dans les images affich\u00e9es en ligne par les RSF, les experts ont pu identifier le v\u00e9hicule comme \u00e9tant un drone de combat Mohajer-6 fabriqu\u00e9 par l\u2019Iran. Les RSF d\u00e9clarent sur X (ex-Twitter) qu\u2019elles ont r\u00e9cemment abattu trois drones de ce type.<\/p>\n<p style=\"font-weight: 400;\">Le Mohajer-6 peut transporter jusqu\u2019\u00e0 quatre missiles air-sol et un \u00e9quipement de surveillance. Sa vitesse de pointe est 200\u00a0km\/h.<\/p>\n<p style=\"font-weight: 400;\">Des images satellitaires publi\u00e9es au d\u00e9but janvier par Planet Labs Inc. montrent des drones Mohajer-6 et un v\u00e9hicule de commande au sol sur la piste d\u2019envol de la base a\u00e9rienne Wadi Sayyidna \u00e0 environ 22\u00a0km au Nord de la capitale de Khartoum.<\/p>\n<p style=\"font-weight: 400;\">Cette r\u00e9v\u00e9lation est la plus r\u00e9cente intensification de la lutte continue pour le contr\u00f4le du Soudan, entre les RSF dirig\u00e9es par le g\u00e9n\u00e9ral Mohamed Hamdan Dogolo alias \u00ab\u00a0Hemeti\u00a0\u00bb et les SAF dirig\u00e9es par le g\u00e9n\u00e9ral Abdel Fattah al-Burhan. Le conflit a tu\u00e9 des dizaines de milliers de personnes, d\u00e9plac\u00e9 11\u00a0millions, d\u00e9truit des communaut\u00e9s au Darfour et gravement endommag\u00e9 la r\u00e9gion de Khartoum.<\/p>\n<p style=\"font-weight: 400;\">Les deux bellig\u00e9rants utilisent r\u00e9guli\u00e8rement des drones aux fins de surveillance. Les SAF ont r\u00e9cemment affich\u00e9 des vid\u00e9os partag\u00e9es sur X, montrant des attaques sur les positions des RSF par des drones kamikazes et des drones qui tirent des obus de mortier sur les combattants RSF. Il n\u2019a pas \u00e9t\u00e9 d\u00e9termin\u00e9 si les drones de ces vid\u00e9os sont fabriqu\u00e9s par l\u2019Iran.<\/p>\n<p style=\"font-weight: 400;\">\u00c0 leur tour, les RSF emploient leurs propres drones pour surveiller et attaquer les SAF, en plus de missiles sol-air capables d\u2019abattre les drones et autres a\u00e9ronefs.<\/p>\n<p style=\"font-weight: 400;\">Des responsables se sont rendus en Iran en d\u00e9cembre dernier dans le but d\u2019acqu\u00e9rir une technologie de drone plus meurtri\u00e8re afin d\u2019aider les SAF \u00e0 regagner le terrain saisi par les RSF. Ces derni\u00e8res contr\u00f4lent aujourd\u2019hui une grande partie du Darfour et du Sud du Soudan, notamment les terres arables importantes de l\u2019\u00c9tat d\u2019Al-Jazirah. Les SAF, qui sont principalement bas\u00e9es \u00e0 Port-Soudan, contr\u00f4lent le couloir du Nil et les provinces de l\u2019Est, notamment le littoral de la mer Rouge.<\/p>\n<p style=\"font-weight: 400;\">La pr\u00e9sence des Mohajer-6 et de drones similaires fait rappeler que les SAF continuent \u00e0 d\u00e9pendre des attaques a\u00e9riennes et des armements lourds contre les RSF, dont les combattants \u00e9taient utilis\u00e9s comme forces terrestres des SAF sous l\u2019ex-dictateur Omar el-Beshir. Les combattants RSF se sont positionn\u00e9s dans les immeubles r\u00e9sidentiels et les h\u00f4pitaux, ce qui a conduit \u00e0 des dommages et des d\u00e9c\u00e8s \u00e0 grande \u00e9chelle \u00e0 cause des attaques des SAF.<\/p>\n<p style=\"font-weight: 400;\">Le Sudan War Monitor a confirm\u00e9 l\u2019arriv\u00e9e des avions-cargos iraniens au Soudan \u00e0 la fin janvier. Quelques jours plus tard, les responsables soudanais \u00e9taient de retour en Iran pour le compte des SAF afin de n\u00e9gocier une restauration des liens diplomatiques apr\u00e8s une rupture de sept ans.<\/p>\n<p style=\"font-weight: 400;\">Les analystes du Sudan War Monitor d\u00e9clarent que la participation de l\u2019Iran aux c\u00f4t\u00e9s des SAF menace de transformer le conflit interne soudanais en guerre par procuration entre l\u2019Iran et les \u00c9mirats arabes unis, qui ont fourni des armes et autre mat\u00e9riel aux RSF en \u00e9change de l\u2019or du Darfour pass\u00e9 en contrebande.<\/p>\n<p style=\"font-weight: 400;\">De l\u2019autre c\u00f4t\u00e9 de la mer Rouge au Y\u00e9men, l\u2019Iran a fourni des drones aux rebelles houthistes pour leurs attaques contre les \u00c9mirats et l\u2019Arabie saoudite. Les observateurs craignent que les ventes de drone de l\u2019Iran ne lui donnent une pr\u00e9sence au Soudan, ce qui lui permettrait d\u2019influencer d\u2019autres pays d\u2019Afrique du Nord et d\u2019Afrique centrale.<\/p>\n<p style=\"font-weight: 400;\">L\u2019analyste Ira Sahani sugg\u00e8re dans Medium que l\u2019ajout des drones iraniens pourrait faire pencher le conflit en faveur des SAF.<\/p>\n<p style=\"font-weight: 400;\">\u00ab\u00a0L\u2019introduction des drones iraniens ajoute une strate de complexit\u00e9 dans un conflit d\u00e9j\u00e0 d\u00e9licat, \u00e9crit-il. L\u2019emploi des armes de pointe dans une guerre civile non seulement intensifie la violence mais aussi suscite des craintes de d\u00e9stabilisation r\u00e9gionale potentielle.\u00a0\u00bb<\/p>\n","protected":false},"excerpt":{"rendered":"<p>PERSONNEL D\u2019ADF Les photos de la destruction d\u2019un v\u00e9hicule a\u00e9rien sans humain \u00e0 bord que les Forces de soutien rapide (RSF) du Soudan ont affich\u00e9es sur leurs cha\u00eenes de r\u00e9seaux sociaux \u00e0 la fin janvier ont confirm\u00e9 ce qu\u2019un grand nombre d\u2019observateurs avaient soup\u00e7onn\u00e9\u00a0: l\u2019Iran fournit des drones militaris\u00e9s aux Forces arm\u00e9es soudanaises (SAF). Dans<\/p>\n","protected":false},"author":1,"featured_media":112511,"comment_status":"open","ping_status":"closed","sticky":false,"template":"","format":"standard","meta":{"_acf_changed":false,"_monsterinsights_skip_tracking":false,"_monsterinsights_sitenote_active":false,"_monsterinsights_sitenote_note":"","_monsterinsights_sitenote_category":0,"_uf_show_specific_survey":0,"_uf_disable_surveys":false,"footnotes":""},"categories":[331],"tags":[1295,1182,1181],"class_list":{"0":"post-112516","1":"post","2":"type-post","3":"status-publish","4":"format-standard","5":"has-post-thumbnail","7":"category-dernieres-nouvelles","8":"tag-civil-war-fr","9":"tag-coups-fr","10":"tag-sudan-fr"},"acf":[],"yoast_head":"<!-- This site is optimized with the Yoast SEO plugin v27.5 - https:\/\/yoast.com\/product\/yoast-seo-wordpress\/ -->\n<title>L\u2019emploi des drones iraniens par les SAF menace de d\u00e9stabiliser la r\u00e9gion - Africa Defense Forum<\/title>\n<meta name=\"robots\" content=\"index, follow, max-snippet:-1, max-image-preview:large, max-video-preview:-1\" \/>\n<link rel=\"canonical\" href=\"https:\/\/adf-magazine.com\/fr\/2024\/02\/lemploi-des-drones-iraniens-par-les-saf-menace-de-destabiliser-la-region\/\" \/>\n<meta property=\"og:locale\" content=\"fr_FR\" \/>\n<meta property=\"og:type\" content=\"article\" \/>\n<meta property=\"og:title\" content=\"L\u2019emploi des drones iraniens par les SAF menace de d\u00e9stabiliser la r\u00e9gion - Africa Defense Forum\" \/>\n<meta property=\"og:description\" content=\"PERSONNEL D\u2019ADF Les photos de la destruction d\u2019un v\u00e9hicule a\u00e9rien sans humain \u00e0 bord que les Forces de soutien rapide (RSF) du Soudan ont affich\u00e9es sur leurs cha\u00eenes de r\u00e9seaux sociaux \u00e0 la fin janvier ont confirm\u00e9 ce qu\u2019un grand nombre d\u2019observateurs avaient soup\u00e7onn\u00e9\u00a0: l\u2019Iran fournit des drones militaris\u00e9s aux Forces arm\u00e9es soudanaises (SAF). Dans\" \/>\n<meta property=\"og:url\" content=\"https:\/\/adf-magazine.com\/fr\/2024\/02\/lemploi-des-drones-iraniens-par-les-saf-menace-de-destabiliser-la-region\/\" \/>\n<meta property=\"og:site_name\" content=\"Africa Defense Forum\" \/>\n<meta property=\"article:publisher\" content=\"https:\/\/www.facebook.com\/ADFmagazine\/\" \/>\n<meta property=\"article:published_time\" content=\"2024-02-13T21:10:49+00:00\" \/>\n<meta property=\"article:modified_time\" content=\"2024-02-13T21:11:14+00:00\" \/>\n<meta property=\"og:image\" content=\"https:\/\/adf-magazine.com\/wp-content\/uploads\/2024\/02\/GettyImages-1618806147.jpg\" \/>\n\t<meta property=\"og:image:width\" content=\"1024\" \/>\n\t<meta property=\"og:image:height\" content=\"683\" \/>\n\t<meta property=\"og:image:type\" content=\"image\/jpeg\" \/>\n<meta name=\"author\" content=\"ADF\" \/>\n<meta name=\"twitter:card\" content=\"summary_large_image\" \/>\n<meta name=\"twitter:creator\" content=\"@ADFmagazine\" \/>\n<meta name=\"twitter:site\" content=\"@ADFmagazine\" \/>\n<meta name=\"twitter:label1\" content=\"\u00c9crit par\" \/>\n\t<meta name=\"twitter:data1\" content=\"ADF\" \/>\n\t<meta name=\"twitter:label2\" content=\"Dur\u00e9e de lecture estim\u00e9e\" \/>\n\t<meta name=\"twitter:data2\" content=\"4 minutes\" \/>\n<script type=\"application\/ld+json\" class=\"yoast-schema-graph\">{\"@context\":\"https:\\\/\\\/schema.org\",\"@graph\":[{\"@type\":\"Article\",\"@id\":\"https:\\\/\\\/adf-magazine.com\\\/fr\\\/2024\\\/02\\\/lemploi-des-drones-iraniens-par-les-saf-menace-de-destabiliser-la-region\\\/#article\",\"isPartOf\":{\"@id\":\"https:\\\/\\\/adf-magazine.com\\\/fr\\\/2024\\\/02\\\/lemploi-des-drones-iraniens-par-les-saf-menace-de-destabiliser-la-region\\\/\"},\"author\":{\"name\":\"ADF\",\"@id\":\"https:\\\/\\\/adf-magazine.com\\\/#\\\/schema\\\/person\\\/f266a6061389568b5a11465bb38bc025\"},\"headline\":\"L\u2019emploi des drones iraniens par les SAF menace de d\u00e9stabiliser la r\u00e9gion\",\"datePublished\":\"2024-02-13T21:10:49+00:00\",\"dateModified\":\"2024-02-13T21:11:14+00:00\",\"mainEntityOfPage\":{\"@id\":\"https:\\\/\\\/adf-magazine.com\\\/fr\\\/2024\\\/02\\\/lemploi-des-drones-iraniens-par-les-saf-menace-de-destabiliser-la-region\\\/\"},\"wordCount\":781,\"commentCount\":0,\"image\":{\"@id\":\"https:\\\/\\\/adf-magazine.com\\\/fr\\\/2024\\\/02\\\/lemploi-des-drones-iraniens-par-les-saf-menace-de-destabiliser-la-region\\\/#primaryimage\"},\"thumbnailUrl\":\"https:\\\/\\\/adf-magazine.com\\\/wp-content\\\/uploads\\\/2024\\\/02\\\/GettyImages-1618806147.jpg\",\"keywords\":[\"civil war\",\"coups\",\"Sudan\"],\"articleSection\":[\"Actualit\u00e9s du Jour\"],\"inLanguage\":\"fr-FR\",\"potentialAction\":[{\"@type\":\"CommentAction\",\"name\":\"Comment\",\"target\":[\"https:\\\/\\\/adf-magazine.com\\\/fr\\\/2024\\\/02\\\/lemploi-des-drones-iraniens-par-les-saf-menace-de-destabiliser-la-region\\\/#respond\"]}]},{\"@type\":\"WebPage\",\"@id\":\"https:\\\/\\\/adf-magazine.com\\\/fr\\\/2024\\\/02\\\/lemploi-des-drones-iraniens-par-les-saf-menace-de-destabiliser-la-region\\\/\",\"url\":\"https:\\\/\\\/adf-magazine.com\\\/fr\\\/2024\\\/02\\\/lemploi-des-drones-iraniens-par-les-saf-menace-de-destabiliser-la-region\\\/\",\"name\":\"L\u2019emploi des drones iraniens par les SAF menace de d\u00e9stabiliser la r\u00e9gion - Africa Defense Forum\",\"isPartOf\":{\"@id\":\"https:\\\/\\\/adf-magazine.com\\\/#website\"},\"primaryImageOfPage\":{\"@id\":\"https:\\\/\\\/adf-magazine.com\\\/fr\\\/2024\\\/02\\\/lemploi-des-drones-iraniens-par-les-saf-menace-de-destabiliser-la-region\\\/#primaryimage\"},\"image\":{\"@id\":\"https:\\\/\\\/adf-magazine.com\\\/fr\\\/2024\\\/02\\\/lemploi-des-drones-iraniens-par-les-saf-menace-de-destabiliser-la-region\\\/#primaryimage\"},\"thumbnailUrl\":\"https:\\\/\\\/adf-magazine.com\\\/wp-content\\\/uploads\\\/2024\\\/02\\\/GettyImages-1618806147.jpg\",\"datePublished\":\"2024-02-13T21:10:49+00:00\",\"dateModified\":\"2024-02-13T21:11:14+00:00\",\"author\":{\"@id\":\"https:\\\/\\\/adf-magazine.com\\\/#\\\/schema\\\/person\\\/f266a6061389568b5a11465bb38bc025\"},\"breadcrumb\":{\"@id\":\"https:\\\/\\\/adf-magazine.com\\\/fr\\\/2024\\\/02\\\/lemploi-des-drones-iraniens-par-les-saf-menace-de-destabiliser-la-region\\\/#breadcrumb\"},\"inLanguage\":\"fr-FR\",\"potentialAction\":[{\"@type\":\"ReadAction\",\"target\":[\"https:\\\/\\\/adf-magazine.com\\\/fr\\\/2024\\\/02\\\/lemploi-des-drones-iraniens-par-les-saf-menace-de-destabiliser-la-region\\\/\"]}]},{\"@type\":\"ImageObject\",\"inLanguage\":\"fr-FR\",\"@id\":\"https:\\\/\\\/adf-magazine.com\\\/fr\\\/2024\\\/02\\\/lemploi-des-drones-iraniens-par-les-saf-menace-de-destabiliser-la-region\\\/#primaryimage\",\"url\":\"https:\\\/\\\/adf-magazine.com\\\/wp-content\\\/uploads\\\/2024\\\/02\\\/GettyImages-1618806147.jpg\",\"contentUrl\":\"https:\\\/\\\/adf-magazine.com\\\/wp-content\\\/uploads\\\/2024\\\/02\\\/GettyImages-1618806147.jpg\",\"width\":1024,\"height\":683,\"caption\":\"Les Forces arm\u00e9es soudanaises ont commenc\u00e9 \u00e0 utiliser les v\u00e9hicules a\u00e9riens sans humain \u00e0 bord Mohajer-6, de fabrication iranienne, comme ceux de la photo, dans ses combats en cours contre les Forces de soutien rapide, ce qui pourrait annoncer une influence iranienne plus grande dans la r\u00e9gion. AFP\\\/GETTY IMAGES\"},{\"@type\":\"BreadcrumbList\",\"@id\":\"https:\\\/\\\/adf-magazine.com\\\/fr\\\/2024\\\/02\\\/lemploi-des-drones-iraniens-par-les-saf-menace-de-destabiliser-la-region\\\/#breadcrumb\",\"itemListElement\":[{\"@type\":\"ListItem\",\"position\":1,\"name\":\"page d\u2019accueil\",\"item\":\"https:\\\/\\\/adf-magazine.com\\\/\"},{\"@type\":\"ListItem\",\"position\":2,\"name\":\"L\u2019emploi des drones iraniens par les SAF menace de d\u00e9stabiliser la r\u00e9gion\"}]},{\"@type\":\"WebSite\",\"@id\":\"https:\\\/\\\/adf-magazine.com\\\/#website\",\"url\":\"https:\\\/\\\/adf-magazine.com\\\/\",\"name\":\"Africa Defense Forum\",\"description\":\"Africa Defense Forum\",\"potentialAction\":[{\"@type\":\"SearchAction\",\"target\":{\"@type\":\"EntryPoint\",\"urlTemplate\":\"https:\\\/\\\/adf-magazine.com\\\/?s={search_term_string}\"},\"query-input\":{\"@type\":\"PropertyValueSpecification\",\"valueRequired\":true,\"valueName\":\"search_term_string\"}}],\"inLanguage\":\"fr-FR\"},{\"@type\":\"Person\",\"@id\":\"https:\\\/\\\/adf-magazine.com\\\/#\\\/schema\\\/person\\\/f266a6061389568b5a11465bb38bc025\",\"name\":\"ADF\",\"image\":{\"@type\":\"ImageObject\",\"inLanguage\":\"fr-FR\",\"@id\":\"https:\\\/\\\/adf-magazine.com\\\/wp-content\\\/uploads\\\/2020\\\/05\\\/cropped-ADF_icon.jpg\",\"url\":\"https:\\\/\\\/adf-magazine.com\\\/wp-content\\\/uploads\\\/2020\\\/05\\\/cropped-ADF_icon.jpg\",\"contentUrl\":\"https:\\\/\\\/adf-magazine.com\\\/wp-content\\\/uploads\\\/2020\\\/05\\\/cropped-ADF_icon.jpg\",\"caption\":\"ADF\"},\"description\":\"ADF is a professional military magazine published quarterly by U.S. Africa Command to provide an international forum for African security professionals. ADF covers topics such as counter terrorism strategies, security and defense operations, transnational crime, and all other issues affecting peace, stability, and good governance on the African continent.\",\"sameAs\":[\"https:\\\/\\\/x.com\\\/ADFmagazine\"],\"url\":\"https:\\\/\\\/adf-magazine.com\\\/fr\\\/author\\\/adf\\\/\"}]}<\/script>\n<!-- \/ Yoast SEO plugin. -->","yoast_head_json":{"title":"L\u2019emploi des drones iraniens par les SAF menace de d\u00e9stabiliser la r\u00e9gion - Africa Defense Forum","robots":{"index":"index","follow":"follow","max-snippet":"max-snippet:-1","max-image-preview":"max-image-preview:large","max-video-preview":"max-video-preview:-1"},"canonical":"https:\/\/adf-magazine.com\/fr\/2024\/02\/lemploi-des-drones-iraniens-par-les-saf-menace-de-destabiliser-la-region\/","og_locale":"fr_FR","og_type":"article","og_title":"L\u2019emploi des drones iraniens par les SAF menace de d\u00e9stabiliser la r\u00e9gion - Africa Defense Forum","og_description":"PERSONNEL D\u2019ADF Les photos de la destruction d\u2019un v\u00e9hicule a\u00e9rien sans humain \u00e0 bord que les Forces de soutien rapide (RSF) du Soudan ont affich\u00e9es sur leurs cha\u00eenes de r\u00e9seaux sociaux \u00e0 la fin janvier ont confirm\u00e9 ce qu\u2019un grand nombre d\u2019observateurs avaient soup\u00e7onn\u00e9\u00a0: l\u2019Iran fournit des drones militaris\u00e9s aux Forces arm\u00e9es soudanaises (SAF). Dans","og_url":"https:\/\/adf-magazine.com\/fr\/2024\/02\/lemploi-des-drones-iraniens-par-les-saf-menace-de-destabiliser-la-region\/","og_site_name":"Africa Defense Forum","article_publisher":"https:\/\/www.facebook.com\/ADFmagazine\/","article_published_time":"2024-02-13T21:10:49+00:00","article_modified_time":"2024-02-13T21:11:14+00:00","og_image":[{"width":1024,"height":683,"url":"https:\/\/adf-magazine.com\/wp-content\/uploads\/2024\/02\/GettyImages-1618806147.jpg","type":"image\/jpeg"}],"author":"ADF","twitter_card":"summary_large_image","twitter_creator":"@ADFmagazine","twitter_site":"@ADFmagazine","twitter_misc":{"\u00c9crit par":"ADF","Dur\u00e9e de lecture estim\u00e9e":"4 minutes"},"schema":{"@context":"https:\/\/schema.org","@graph":[{"@type":"Article","@id":"https:\/\/adf-magazine.com\/fr\/2024\/02\/lemploi-des-drones-iraniens-par-les-saf-menace-de-destabiliser-la-region\/#article","isPartOf":{"@id":"https:\/\/adf-magazine.com\/fr\/2024\/02\/lemploi-des-drones-iraniens-par-les-saf-menace-de-destabiliser-la-region\/"},"author":{"name":"ADF","@id":"https:\/\/adf-magazine.com\/#\/schema\/person\/f266a6061389568b5a11465bb38bc025"},"headline":"L\u2019emploi des drones iraniens par les SAF menace de d\u00e9stabiliser la r\u00e9gion","datePublished":"2024-02-13T21:10:49+00:00","dateModified":"2024-02-13T21:11:14+00:00","mainEntityOfPage":{"@id":"https:\/\/adf-magazine.com\/fr\/2024\/02\/lemploi-des-drones-iraniens-par-les-saf-menace-de-destabiliser-la-region\/"},"wordCount":781,"commentCount":0,"image":{"@id":"https:\/\/adf-magazine.com\/fr\/2024\/02\/lemploi-des-drones-iraniens-par-les-saf-menace-de-destabiliser-la-region\/#primaryimage"},"thumbnailUrl":"https:\/\/adf-magazine.com\/wp-content\/uploads\/2024\/02\/GettyImages-1618806147.jpg","keywords":["civil war","coups","Sudan"],"articleSection":["Actualit\u00e9s du Jour"],"inLanguage":"fr-FR","potentialAction":[{"@type":"CommentAction","name":"Comment","target":["https:\/\/adf-magazine.com\/fr\/2024\/02\/lemploi-des-drones-iraniens-par-les-saf-menace-de-destabiliser-la-region\/#respond"]}]},{"@type":"WebPage","@id":"https:\/\/adf-magazine.com\/fr\/2024\/02\/lemploi-des-drones-iraniens-par-les-saf-menace-de-destabiliser-la-region\/","url":"https:\/\/adf-magazine.com\/fr\/2024\/02\/lemploi-des-drones-iraniens-par-les-saf-menace-de-destabiliser-la-region\/","name":"L\u2019emploi des drones iraniens par les SAF menace de d\u00e9stabiliser la r\u00e9gion - Africa Defense Forum","isPartOf":{"@id":"https:\/\/adf-magazine.com\/#website"},"primaryImageOfPage":{"@id":"https:\/\/adf-magazine.com\/fr\/2024\/02\/lemploi-des-drones-iraniens-par-les-saf-menace-de-destabiliser-la-region\/#primaryimage"},"image":{"@id":"https:\/\/adf-magazine.com\/fr\/2024\/02\/lemploi-des-drones-iraniens-par-les-saf-menace-de-destabiliser-la-region\/#primaryimage"},"thumbnailUrl":"https:\/\/adf-magazine.com\/wp-content\/uploads\/2024\/02\/GettyImages-1618806147.jpg","datePublished":"2024-02-13T21:10:49+00:00","dateModified":"2024-02-13T21:11:14+00:00","author":{"@id":"https:\/\/adf-magazine.com\/#\/schema\/person\/f266a6061389568b5a11465bb38bc025"},"breadcrumb":{"@id":"https:\/\/adf-magazine.com\/fr\/2024\/02\/lemploi-des-drones-iraniens-par-les-saf-menace-de-destabiliser-la-region\/#breadcrumb"},"inLanguage":"fr-FR","potentialAction":[{"@type":"ReadAction","target":["https:\/\/adf-magazine.com\/fr\/2024\/02\/lemploi-des-drones-iraniens-par-les-saf-menace-de-destabiliser-la-region\/"]}]},{"@type":"ImageObject","inLanguage":"fr-FR","@id":"https:\/\/adf-magazine.com\/fr\/2024\/02\/lemploi-des-drones-iraniens-par-les-saf-menace-de-destabiliser-la-region\/#primaryimage","url":"https:\/\/adf-magazine.com\/wp-content\/uploads\/2024\/02\/GettyImages-1618806147.jpg","contentUrl":"https:\/\/adf-magazine.com\/wp-content\/uploads\/2024\/02\/GettyImages-1618806147.jpg","width":1024,"height":683,"caption":"Les Forces arm\u00e9es soudanaises ont commenc\u00e9 \u00e0 utiliser les v\u00e9hicules a\u00e9riens sans humain \u00e0 bord Mohajer-6, de fabrication iranienne, comme ceux de la photo, dans ses combats en cours contre les Forces de soutien rapide, ce qui pourrait annoncer une influence iranienne plus grande dans la r\u00e9gion. AFP\/GETTY IMAGES"},{"@type":"BreadcrumbList","@id":"https:\/\/adf-magazine.com\/fr\/2024\/02\/lemploi-des-drones-iraniens-par-les-saf-menace-de-destabiliser-la-region\/#breadcrumb","itemListElement":[{"@type":"ListItem","position":1,"name":"page d\u2019accueil","item":"https:\/\/adf-magazine.com\/"},{"@type":"ListItem","position":2,"name":"L\u2019emploi des drones iraniens par les SAF menace de d\u00e9stabiliser la r\u00e9gion"}]},{"@type":"WebSite","@id":"https:\/\/adf-magazine.com\/#website","url":"https:\/\/adf-magazine.com\/","name":"Africa Defense Forum","description":"Africa Defense Forum","potentialAction":[{"@type":"SearchAction","target":{"@type":"EntryPoint","urlTemplate":"https:\/\/adf-magazine.com\/?s={search_term_string}"},"query-input":{"@type":"PropertyValueSpecification","valueRequired":true,"valueName":"search_term_string"}}],"inLanguage":"fr-FR"},{"@type":"Person","@id":"https:\/\/adf-magazine.com\/#\/schema\/person\/f266a6061389568b5a11465bb38bc025","name":"ADF","image":{"@type":"ImageObject","inLanguage":"fr-FR","@id":"https:\/\/adf-magazine.com\/wp-content\/uploads\/2020\/05\/cropped-ADF_icon.jpg","url":"https:\/\/adf-magazine.com\/wp-content\/uploads\/2020\/05\/cropped-ADF_icon.jpg","contentUrl":"https:\/\/adf-magazine.com\/wp-content\/uploads\/2020\/05\/cropped-ADF_icon.jpg","caption":"ADF"},"description":"ADF is a professional military magazine published quarterly by U.S. Africa Command to provide an international forum for African security professionals. ADF covers topics such as counter terrorism strategies, security and defense operations, transnational crime, and all other issues affecting peace, stability, and good governance on the African continent.","sameAs":["https:\/\/x.com\/ADFmagazine"],"url":"https:\/\/adf-magazine.com\/fr\/author\/adf\/"}]}},"_links":{"self":[{"href":"https:\/\/adf-magazine.com\/fr\/wp-json\/wp\/v2\/posts\/112516","targetHints":{"allow":["GET"]}}],"collection":[{"href":"https:\/\/adf-magazine.com\/fr\/wp-json\/wp\/v2\/posts"}],"about":[{"href":"https:\/\/adf-magazine.com\/fr\/wp-json\/wp\/v2\/types\/post"}],"author":[{"embeddable":true,"href":"https:\/\/adf-magazine.com\/fr\/wp-json\/wp\/v2\/users\/1"}],"replies":[{"embeddable":true,"href":"https:\/\/adf-magazine.com\/fr\/wp-json\/wp\/v2\/comments?post=112516"}],"version-history":[{"count":0,"href":"https:\/\/adf-magazine.com\/fr\/wp-json\/wp\/v2\/posts\/112516\/revisions"}],"wp:featuredmedia":[{"embeddable":true,"href":"https:\/\/adf-magazine.com\/fr\/wp-json\/wp\/v2\/media\/112511"}],"wp:attachment":[{"href":"https:\/\/adf-magazine.com\/fr\/wp-json\/wp\/v2\/media?parent=112516"}],"wp:term":[{"taxonomy":"category","embeddable":true,"href":"https:\/\/adf-magazine.com\/fr\/wp-json\/wp\/v2\/categories?post=112516"},{"taxonomy":"post_tag","embeddable":true,"href":"https:\/\/adf-magazine.com\/fr\/wp-json\/wp\/v2\/tags?post=112516"}],"curies":[{"name":"wp","href":"https:\/\/api.w.org\/{rel}","templated":true}]}}