{"id":112203,"date":"2024-01-30T13:49:57","date_gmt":"2024-01-30T18:49:57","guid":{"rendered":"https:\/\/adf-magazine.com\/?p=112203"},"modified":"2024-01-30T13:50:45","modified_gmt":"2024-01-30T18:50:45","slug":"larmee-nigeriane-met-a-jour-sa-doctrine-de-formation-pour-mieux-faire-face-a-linsecurite","status":"publish","type":"post","link":"https:\/\/adf-magazine.com\/fr\/2024\/01\/larmee-nigeriane-met-a-jour-sa-doctrine-de-formation-pour-mieux-faire-face-a-linsecurite\/","title":{"rendered":"L\u2019arm\u00e9e nig\u00e9riane met \u00e0 jour sa doctrine de formation pour mieux faire face \u00e0 l\u2019ins\u00e9curit\u00e9"},"content":{"rendered":"<p style=\"font-weight: 400;\">PERSONNEL D\u2019ADF<\/p>\n<p style=\"font-weight: 400;\">En tant que chef du commandement de la formation et la doctrine de l\u2019arm\u00e9e nig\u00e9riane (TRADOC), le major-g\u00e9n\u00e9ral Kevin Aligbe croit que les soldats devraient \u0153uvrer continuellement pour s\u2019am\u00e9liorer.<\/p>\n<p style=\"font-weight: 400;\">C\u2019est pourquoi l\u2019arm\u00e9e examine continuellement ses modules p\u00e9dagogiques, ce qui \u00e9tait l\u2019objectif principal de la conf\u00e9rence annuelle de cinq jours au quartier g\u00e9n\u00e9ral de TRADOC \u00e0 Minna, dans l\u2019\u00c9tat du Niger, du 8 au 12 janvier.<\/p>\n<p style=\"font-weight: 400;\">\u00ab\u00a0Sans formation, vous ne pouvez pas combattre, a-t-il d\u00e9clar\u00e9 \u00e0 la conf\u00e9rence. La doctrine nous donne la facult\u00e9 et l\u2019esprit pour se battre. Lorsque vous \u00eates bien entra\u00een\u00e9 en fonction de la doctrine, quelque chose qui est aussi acquis avec l\u2019exp\u00e9rience des op\u00e9rations ant\u00e9rieures, cela veut dire que vous pouvez faire plus dans les op\u00e9rations.\u00a0\u00bb<\/p>\n<p style=\"font-weight: 400;\">Cent vint commandants et commandants de terrain des 18 \u00e9coles de formation du Nigeria ont particip\u00e9 \u00e0 la conf\u00e9rence pour actualiser le programme d\u2019\u00e9tude en fonction de leurs propres exp\u00e9riences dans les combats du pass\u00e9.<\/p>\n<p style=\"font-weight: 400;\">TRADOC est un groupe de r\u00e9flexion militaire au sein de l\u2019arm\u00e9e, charg\u00e9 de la formation doctrinale bas\u00e9e sur la recherche, le d\u00e9veloppement au combat et la supervision des centres de formation dans le pays.<\/p>\n<figure id=\"attachment_112195\" aria-describedby=\"caption-attachment-112195\" style=\"width: 1024px\" class=\"wp-caption aligncenter\"><a href=\"https:\/\/adf-magazine.com\/wp-content\/uploads\/2024\/01\/TNGUPDATE2.jpg\"><img fetchpriority=\"high\" decoding=\"async\" class=\"size-full wp-image-112195\" src=\"https:\/\/adf-magazine.com\/wp-content\/uploads\/2024\/01\/TNGUPDATE2.jpg\" alt=\"\" width=\"1024\" height=\"683\" srcset=\"https:\/\/adf-magazine.com\/wp-content\/uploads\/2024\/01\/TNGUPDATE2.jpg 1024w, https:\/\/adf-magazine.com\/wp-content\/uploads\/2024\/01\/TNGUPDATE2-300x200.jpg 300w, https:\/\/adf-magazine.com\/wp-content\/uploads\/2024\/01\/TNGUPDATE2-768x512.jpg 768w, https:\/\/adf-magazine.com\/wp-content\/uploads\/2024\/01\/TNGUPDATE2-272x182.jpg 272w\" sizes=\"(max-width: 1024px) 100vw, 1024px\" \/><\/a><figcaption id=\"caption-attachment-112195\" class=\"wp-caption-text\">L\u2019Arm\u00e9e de terre du Nigeria a 18 \u00e9coles de formation relevant de son commandement de la formation et la doctrine. FORCES ARM\u00c9ES DU NIGERIA<\/figcaption><\/figure>\n<p style=\"font-weight: 400;\">Le major-g\u00e9n\u00e9ral Sani Gambo Mohammed, chef de la formation de TRADOC, d\u00e9clare que les divers d\u00e9fis de s\u00e9curit\u00e9 du pays ont \u00e9clair\u00e9 le th\u00e8me de la conf\u00e9rence\u00a0: \u00ab\u00a0Am\u00e9liorer l\u2019efficacit\u00e9 op\u00e9rationnelle dans un environnement interarm\u00e9es gr\u00e2ce \u00e0 une formation personnalis\u00e9e.\u00a0\u00bb<\/p>\n<p style=\"font-weight: 400;\">\u00ab\u00a0L\u2019arm\u00e9e participe \u00e0 un grand nombre d\u2019activit\u00e9s dans une vaste gamme d\u2019op\u00e9rations militaires, depuis les engagements militaires conventionnels tels que les op\u00e9rations militaires autres que la guerre, jusqu\u2019aux op\u00e9rations de soutien de la paix, de contre-insurrection, d\u2019antiterrorisme et d\u2019anti-banditisme\u00a0\u00bb, a-t-il dit dans un discours devant les participants pendant la conf\u00e9rence.<\/p>\n<p style=\"font-weight: 400;\">Le Nigeria a combattu des organisations extr\u00e9mistes violentes (Boko Haram et la Province d\u2019Afrique de l\u2019Ouest de l\u2019\u00c9tat islamique) qui ont tu\u00e9 des dizaines de milliers de personnes depuis le d\u00e9but de l\u2019insurrection en juillet 2009.<\/p>\n<p style=\"font-weight: 400;\">Le banditisme et les enl\u00e8vements g\u00e9n\u00e9ralis\u00e9s ont aussi tourment\u00e9 le pays au cours des derni\u00e8res ann\u00e9es. Il a \u00e9t\u00e9 class\u00e9 144<sup>\u00e8me<\/sup> sur 163 pays dans l\u2019Index global de la paix 2023 publi\u00e9 par l\u2019Institute for Economics and Peace. Le Nigeria poss\u00e8de 3,2 millions de d\u00e9plac\u00e9s internes, selon des donn\u00e9es gouvernementales du d\u00e9but 2023.<\/p>\n<p style=\"font-weight: 400;\">Le g\u00e9n\u00e9ral Aligbe d\u00e9clare que la conf\u00e9rence a \u00e9tabli un programme pour toutes les \u00e9coles de formation divisionnaires de l\u2019Arm\u00e9e de terre du Nigeria. Il exhorte les participants \u00e0 s\u2019inspirer de tous les cours et les activit\u00e9s de formation qui pourraient \u00eatre offerts en 2024 afin d\u2019affronter compl\u00e9tement les d\u00e9fis de s\u00e9curit\u00e9 du pays.<\/p>\n<p style=\"font-weight: 400;\">Il d\u00e9clare que la conf\u00e9rence \u00e9valuera toutes les \u00e9coles de formation militaire du Nigeria pour \u00e9tablir et atteindre des jalons mesurables et des objectifs.<\/p>\n<p style=\"font-weight: 400;\">Il dit que l\u2019arm\u00e9e a identifi\u00e9 des lacunes dans les op\u00e9rations pr\u00e9c\u00e9dentes, et que toute la formation offerte en 2024 se concentrera sur les fa\u00e7ons de combler ces lacunes pour atteindre une efficacit\u00e9 op\u00e9rationnelle.<\/p>\n<p style=\"font-weight: 400;\">\u00ab\u00a0Nous ne parlons pas encore de l\u2019efficience op\u00e9rationnelle\u00a0; nous sommes simplement concern\u00e9s par l\u2019efficacit\u00e9 op\u00e9rationnelle\u00a0\u00bb, a-t-il d\u00e9clar\u00e9 \u00e0 des journalistes le 10 janvier. \u00ab\u00a0Nous voulons pouvoir assurer que les adversaires n\u2019aient pas la capacit\u00e9 de continuer \u00e0 impacter les citoyens respectueux des lois de la fa\u00e7on dont ils le font aujourd\u2019hui.\u00a0\u00bb<\/p>\n<p style=\"font-weight: 400;\">\u00ab\u00a0La cl\u00e9 de l\u2019efficacit\u00e9 au sein d\u2019un environnement interarm\u00e9es ou multinational est d\u2019avoir des soldats bien form\u00e9s et capables de conduire la mission.\u00a0\u00bb<\/p>\n","protected":false},"excerpt":{"rendered":"<p>PERSONNEL D\u2019ADF En tant que chef du commandement de la formation et la doctrine de l\u2019arm\u00e9e nig\u00e9riane (TRADOC), le major-g\u00e9n\u00e9ral Kevin Aligbe croit que les soldats devraient \u0153uvrer continuellement pour s\u2019am\u00e9liorer. C\u2019est pourquoi l\u2019arm\u00e9e examine continuellement ses modules p\u00e9dagogiques, ce qui \u00e9tait l\u2019objectif principal de la conf\u00e9rence annuelle de cinq jours au quartier g\u00e9n\u00e9ral de<\/p>\n","protected":false},"author":1,"featured_media":112191,"comment_status":"open","ping_status":"closed","sticky":false,"template":"","format":"standard","meta":{"_acf_changed":false,"_monsterinsights_skip_tracking":false,"_monsterinsights_sitenote_active":false,"_monsterinsights_sitenote_note":"","_monsterinsights_sitenote_category":0,"_uf_show_specific_survey":0,"_uf_disable_surveys":false,"footnotes":""},"categories":[331],"tags":[483,1220,512,1328,484,1021,435,1256,1282],"class_list":{"0":"post-112203","1":"post","2":"type-post","3":"status-publish","4":"format-standard","5":"has-post-thumbnail","7":"category-dernieres-nouvelles","8":"tag-armee-de-terre","9":"tag-boko-haram-fr","10":"tag-education-fr","11":"tag-enlevement","12":"tag-extremisme","13":"tag-insurrection","14":"tag-nigeria-fr","15":"tag-paoei","16":"tag-terrorism-fr"},"acf":[],"yoast_head":"<!-- This site is optimized with the Yoast SEO plugin v27.5 - https:\/\/yoast.com\/product\/yoast-seo-wordpress\/ -->\n<title>L\u2019arm\u00e9e nig\u00e9riane met \u00e0 jour sa doctrine de formation pour mieux faire face \u00e0 l\u2019ins\u00e9curit\u00e9 - Africa Defense Forum<\/title>\n<meta name=\"robots\" content=\"index, follow, max-snippet:-1, max-image-preview:large, max-video-preview:-1\" \/>\n<link rel=\"canonical\" href=\"https:\/\/adf-magazine.com\/fr\/2024\/01\/larmee-nigeriane-met-a-jour-sa-doctrine-de-formation-pour-mieux-faire-face-a-linsecurite\/\" \/>\n<meta property=\"og:locale\" content=\"fr_FR\" \/>\n<meta property=\"og:type\" content=\"article\" \/>\n<meta property=\"og:title\" content=\"L\u2019arm\u00e9e nig\u00e9riane met \u00e0 jour sa doctrine de formation pour mieux faire face \u00e0 l\u2019ins\u00e9curit\u00e9 - Africa Defense Forum\" \/>\n<meta property=\"og:description\" content=\"PERSONNEL D\u2019ADF En tant que chef du commandement de la formation et la doctrine de l\u2019arm\u00e9e nig\u00e9riane (TRADOC), le major-g\u00e9n\u00e9ral Kevin Aligbe croit que les soldats devraient \u0153uvrer continuellement pour s\u2019am\u00e9liorer. C\u2019est pourquoi l\u2019arm\u00e9e examine continuellement ses modules p\u00e9dagogiques, ce qui \u00e9tait l\u2019objectif principal de la conf\u00e9rence annuelle de cinq jours au quartier g\u00e9n\u00e9ral de\" \/>\n<meta property=\"og:url\" content=\"https:\/\/adf-magazine.com\/fr\/2024\/01\/larmee-nigeriane-met-a-jour-sa-doctrine-de-formation-pour-mieux-faire-face-a-linsecurite\/\" \/>\n<meta property=\"og:site_name\" content=\"Africa Defense Forum\" \/>\n<meta property=\"article:publisher\" content=\"https:\/\/www.facebook.com\/ADFmagazine\/\" \/>\n<meta property=\"article:published_time\" content=\"2024-01-30T18:49:57+00:00\" \/>\n<meta property=\"article:modified_time\" content=\"2024-01-30T18:50:45+00:00\" \/>\n<meta property=\"og:image\" content=\"https:\/\/adf-magazine.com\/wp-content\/uploads\/2024\/01\/TNGUPDATE1.jpg\" \/>\n\t<meta property=\"og:image:width\" content=\"1080\" \/>\n\t<meta property=\"og:image:height\" content=\"715\" \/>\n\t<meta property=\"og:image:type\" content=\"image\/jpeg\" \/>\n<meta name=\"author\" content=\"ADF\" \/>\n<meta name=\"twitter:card\" content=\"summary_large_image\" \/>\n<meta name=\"twitter:creator\" content=\"@ADFmagazine\" \/>\n<meta name=\"twitter:site\" content=\"@ADFmagazine\" \/>\n<meta name=\"twitter:label1\" content=\"\u00c9crit par\" \/>\n\t<meta name=\"twitter:data1\" content=\"ADF\" \/>\n\t<meta name=\"twitter:label2\" content=\"Dur\u00e9e de lecture estim\u00e9e\" \/>\n\t<meta name=\"twitter:data2\" content=\"3 minutes\" \/>\n<script type=\"application\/ld+json\" class=\"yoast-schema-graph\">{\"@context\":\"https:\\\/\\\/schema.org\",\"@graph\":[{\"@type\":\"Article\",\"@id\":\"https:\\\/\\\/adf-magazine.com\\\/fr\\\/2024\\\/01\\\/larmee-nigeriane-met-a-jour-sa-doctrine-de-formation-pour-mieux-faire-face-a-linsecurite\\\/#article\",\"isPartOf\":{\"@id\":\"https:\\\/\\\/adf-magazine.com\\\/fr\\\/2024\\\/01\\\/larmee-nigeriane-met-a-jour-sa-doctrine-de-formation-pour-mieux-faire-face-a-linsecurite\\\/\"},\"author\":{\"name\":\"ADF\",\"@id\":\"https:\\\/\\\/adf-magazine.com\\\/#\\\/schema\\\/person\\\/f266a6061389568b5a11465bb38bc025\"},\"headline\":\"L\u2019arm\u00e9e nig\u00e9riane met \u00e0 jour sa doctrine de formation pour mieux faire face \u00e0 l\u2019ins\u00e9curit\u00e9\",\"datePublished\":\"2024-01-30T18:49:57+00:00\",\"dateModified\":\"2024-01-30T18:50:45+00:00\",\"mainEntityOfPage\":{\"@id\":\"https:\\\/\\\/adf-magazine.com\\\/fr\\\/2024\\\/01\\\/larmee-nigeriane-met-a-jour-sa-doctrine-de-formation-pour-mieux-faire-face-a-linsecurite\\\/\"},\"wordCount\":700,\"commentCount\":0,\"image\":{\"@id\":\"https:\\\/\\\/adf-magazine.com\\\/fr\\\/2024\\\/01\\\/larmee-nigeriane-met-a-jour-sa-doctrine-de-formation-pour-mieux-faire-face-a-linsecurite\\\/#primaryimage\"},\"thumbnailUrl\":\"https:\\\/\\\/adf-magazine.com\\\/wp-content\\\/uploads\\\/2024\\\/01\\\/TNGUPDATE1.jpg\",\"keywords\":[\"Arm\u00e9e de terre\",\"Boko Haram\",\"education\",\"enl\u00e8vement\",\"extr\u00e9misme\",\"insurrection\",\"Nigeria\",\"PAOEI\",\"Terrorism\"],\"articleSection\":[\"Actualit\u00e9s du Jour\"],\"inLanguage\":\"fr-FR\",\"potentialAction\":[{\"@type\":\"CommentAction\",\"name\":\"Comment\",\"target\":[\"https:\\\/\\\/adf-magazine.com\\\/fr\\\/2024\\\/01\\\/larmee-nigeriane-met-a-jour-sa-doctrine-de-formation-pour-mieux-faire-face-a-linsecurite\\\/#respond\"]}]},{\"@type\":\"WebPage\",\"@id\":\"https:\\\/\\\/adf-magazine.com\\\/fr\\\/2024\\\/01\\\/larmee-nigeriane-met-a-jour-sa-doctrine-de-formation-pour-mieux-faire-face-a-linsecurite\\\/\",\"url\":\"https:\\\/\\\/adf-magazine.com\\\/fr\\\/2024\\\/01\\\/larmee-nigeriane-met-a-jour-sa-doctrine-de-formation-pour-mieux-faire-face-a-linsecurite\\\/\",\"name\":\"L\u2019arm\u00e9e nig\u00e9riane met \u00e0 jour sa doctrine de formation pour mieux faire face \u00e0 l\u2019ins\u00e9curit\u00e9 - Africa Defense Forum\",\"isPartOf\":{\"@id\":\"https:\\\/\\\/adf-magazine.com\\\/#website\"},\"primaryImageOfPage\":{\"@id\":\"https:\\\/\\\/adf-magazine.com\\\/fr\\\/2024\\\/01\\\/larmee-nigeriane-met-a-jour-sa-doctrine-de-formation-pour-mieux-faire-face-a-linsecurite\\\/#primaryimage\"},\"image\":{\"@id\":\"https:\\\/\\\/adf-magazine.com\\\/fr\\\/2024\\\/01\\\/larmee-nigeriane-met-a-jour-sa-doctrine-de-formation-pour-mieux-faire-face-a-linsecurite\\\/#primaryimage\"},\"thumbnailUrl\":\"https:\\\/\\\/adf-magazine.com\\\/wp-content\\\/uploads\\\/2024\\\/01\\\/TNGUPDATE1.jpg\",\"datePublished\":\"2024-01-30T18:49:57+00:00\",\"dateModified\":\"2024-01-30T18:50:45+00:00\",\"author\":{\"@id\":\"https:\\\/\\\/adf-magazine.com\\\/#\\\/schema\\\/person\\\/f266a6061389568b5a11465bb38bc025\"},\"breadcrumb\":{\"@id\":\"https:\\\/\\\/adf-magazine.com\\\/fr\\\/2024\\\/01\\\/larmee-nigeriane-met-a-jour-sa-doctrine-de-formation-pour-mieux-faire-face-a-linsecurite\\\/#breadcrumb\"},\"inLanguage\":\"fr-FR\",\"potentialAction\":[{\"@type\":\"ReadAction\",\"target\":[\"https:\\\/\\\/adf-magazine.com\\\/fr\\\/2024\\\/01\\\/larmee-nigeriane-met-a-jour-sa-doctrine-de-formation-pour-mieux-faire-face-a-linsecurite\\\/\"]}]},{\"@type\":\"ImageObject\",\"inLanguage\":\"fr-FR\",\"@id\":\"https:\\\/\\\/adf-magazine.com\\\/fr\\\/2024\\\/01\\\/larmee-nigeriane-met-a-jour-sa-doctrine-de-formation-pour-mieux-faire-face-a-linsecurite\\\/#primaryimage\",\"url\":\"https:\\\/\\\/adf-magazine.com\\\/wp-content\\\/uploads\\\/2024\\\/01\\\/TNGUPDATE1.jpg\",\"contentUrl\":\"https:\\\/\\\/adf-magazine.com\\\/wp-content\\\/uploads\\\/2024\\\/01\\\/TNGUPDATE1.jpg\",\"width\":1080,\"height\":715,\"caption\":\"Le major-g\u00e9n\u00e9ral Kevin Aligbe (\u00e0 droite), chef du commandement de la formation et la doctrine de l\u2019Arm\u00e9e de terre du Nigeria, rend des hommages \u00e0 un participant lors de la conf\u00e9rence annuelle de Minna tenue entre les 8 et 12 janvier. FORCES ARM\u00c9ES DU NIGERIA\"},{\"@type\":\"BreadcrumbList\",\"@id\":\"https:\\\/\\\/adf-magazine.com\\\/fr\\\/2024\\\/01\\\/larmee-nigeriane-met-a-jour-sa-doctrine-de-formation-pour-mieux-faire-face-a-linsecurite\\\/#breadcrumb\",\"itemListElement\":[{\"@type\":\"ListItem\",\"position\":1,\"name\":\"page d\u2019accueil\",\"item\":\"https:\\\/\\\/adf-magazine.com\\\/\"},{\"@type\":\"ListItem\",\"position\":2,\"name\":\"L\u2019arm\u00e9e nig\u00e9riane met \u00e0 jour sa doctrine de formation pour mieux faire face \u00e0 l\u2019ins\u00e9curit\u00e9\"}]},{\"@type\":\"WebSite\",\"@id\":\"https:\\\/\\\/adf-magazine.com\\\/#website\",\"url\":\"https:\\\/\\\/adf-magazine.com\\\/\",\"name\":\"Africa Defense Forum\",\"description\":\"Africa Defense Forum\",\"potentialAction\":[{\"@type\":\"SearchAction\",\"target\":{\"@type\":\"EntryPoint\",\"urlTemplate\":\"https:\\\/\\\/adf-magazine.com\\\/?s={search_term_string}\"},\"query-input\":{\"@type\":\"PropertyValueSpecification\",\"valueRequired\":true,\"valueName\":\"search_term_string\"}}],\"inLanguage\":\"fr-FR\"},{\"@type\":\"Person\",\"@id\":\"https:\\\/\\\/adf-magazine.com\\\/#\\\/schema\\\/person\\\/f266a6061389568b5a11465bb38bc025\",\"name\":\"ADF\",\"image\":{\"@type\":\"ImageObject\",\"inLanguage\":\"fr-FR\",\"@id\":\"https:\\\/\\\/adf-magazine.com\\\/wp-content\\\/uploads\\\/2020\\\/05\\\/cropped-ADF_icon.jpg\",\"url\":\"https:\\\/\\\/adf-magazine.com\\\/wp-content\\\/uploads\\\/2020\\\/05\\\/cropped-ADF_icon.jpg\",\"contentUrl\":\"https:\\\/\\\/adf-magazine.com\\\/wp-content\\\/uploads\\\/2020\\\/05\\\/cropped-ADF_icon.jpg\",\"caption\":\"ADF\"},\"description\":\"ADF is a professional military magazine published quarterly by U.S. Africa Command to provide an international forum for African security professionals. ADF covers topics such as counter terrorism strategies, security and defense operations, transnational crime, and all other issues affecting peace, stability, and good governance on the African continent.\",\"sameAs\":[\"https:\\\/\\\/x.com\\\/ADFmagazine\"],\"url\":\"https:\\\/\\\/adf-magazine.com\\\/fr\\\/author\\\/adf\\\/\"}]}<\/script>\n<!-- \/ Yoast SEO plugin. -->","yoast_head_json":{"title":"L\u2019arm\u00e9e nig\u00e9riane met \u00e0 jour sa doctrine de formation pour mieux faire face \u00e0 l\u2019ins\u00e9curit\u00e9 - Africa Defense Forum","robots":{"index":"index","follow":"follow","max-snippet":"max-snippet:-1","max-image-preview":"max-image-preview:large","max-video-preview":"max-video-preview:-1"},"canonical":"https:\/\/adf-magazine.com\/fr\/2024\/01\/larmee-nigeriane-met-a-jour-sa-doctrine-de-formation-pour-mieux-faire-face-a-linsecurite\/","og_locale":"fr_FR","og_type":"article","og_title":"L\u2019arm\u00e9e nig\u00e9riane met \u00e0 jour sa doctrine de formation pour mieux faire face \u00e0 l\u2019ins\u00e9curit\u00e9 - Africa Defense Forum","og_description":"PERSONNEL D\u2019ADF En tant que chef du commandement de la formation et la doctrine de l\u2019arm\u00e9e nig\u00e9riane (TRADOC), le major-g\u00e9n\u00e9ral Kevin Aligbe croit que les soldats devraient \u0153uvrer continuellement pour s\u2019am\u00e9liorer. C\u2019est pourquoi l\u2019arm\u00e9e examine continuellement ses modules p\u00e9dagogiques, ce qui \u00e9tait l\u2019objectif principal de la conf\u00e9rence annuelle de cinq jours au quartier g\u00e9n\u00e9ral de","og_url":"https:\/\/adf-magazine.com\/fr\/2024\/01\/larmee-nigeriane-met-a-jour-sa-doctrine-de-formation-pour-mieux-faire-face-a-linsecurite\/","og_site_name":"Africa Defense Forum","article_publisher":"https:\/\/www.facebook.com\/ADFmagazine\/","article_published_time":"2024-01-30T18:49:57+00:00","article_modified_time":"2024-01-30T18:50:45+00:00","og_image":[{"width":1080,"height":715,"url":"https:\/\/adf-magazine.com\/wp-content\/uploads\/2024\/01\/TNGUPDATE1.jpg","type":"image\/jpeg"}],"author":"ADF","twitter_card":"summary_large_image","twitter_creator":"@ADFmagazine","twitter_site":"@ADFmagazine","twitter_misc":{"\u00c9crit par":"ADF","Dur\u00e9e de lecture estim\u00e9e":"3 minutes"},"schema":{"@context":"https:\/\/schema.org","@graph":[{"@type":"Article","@id":"https:\/\/adf-magazine.com\/fr\/2024\/01\/larmee-nigeriane-met-a-jour-sa-doctrine-de-formation-pour-mieux-faire-face-a-linsecurite\/#article","isPartOf":{"@id":"https:\/\/adf-magazine.com\/fr\/2024\/01\/larmee-nigeriane-met-a-jour-sa-doctrine-de-formation-pour-mieux-faire-face-a-linsecurite\/"},"author":{"name":"ADF","@id":"https:\/\/adf-magazine.com\/#\/schema\/person\/f266a6061389568b5a11465bb38bc025"},"headline":"L\u2019arm\u00e9e nig\u00e9riane met \u00e0 jour sa doctrine de formation pour mieux faire face \u00e0 l\u2019ins\u00e9curit\u00e9","datePublished":"2024-01-30T18:49:57+00:00","dateModified":"2024-01-30T18:50:45+00:00","mainEntityOfPage":{"@id":"https:\/\/adf-magazine.com\/fr\/2024\/01\/larmee-nigeriane-met-a-jour-sa-doctrine-de-formation-pour-mieux-faire-face-a-linsecurite\/"},"wordCount":700,"commentCount":0,"image":{"@id":"https:\/\/adf-magazine.com\/fr\/2024\/01\/larmee-nigeriane-met-a-jour-sa-doctrine-de-formation-pour-mieux-faire-face-a-linsecurite\/#primaryimage"},"thumbnailUrl":"https:\/\/adf-magazine.com\/wp-content\/uploads\/2024\/01\/TNGUPDATE1.jpg","keywords":["Arm\u00e9e de terre","Boko Haram","education","enl\u00e8vement","extr\u00e9misme","insurrection","Nigeria","PAOEI","Terrorism"],"articleSection":["Actualit\u00e9s du Jour"],"inLanguage":"fr-FR","potentialAction":[{"@type":"CommentAction","name":"Comment","target":["https:\/\/adf-magazine.com\/fr\/2024\/01\/larmee-nigeriane-met-a-jour-sa-doctrine-de-formation-pour-mieux-faire-face-a-linsecurite\/#respond"]}]},{"@type":"WebPage","@id":"https:\/\/adf-magazine.com\/fr\/2024\/01\/larmee-nigeriane-met-a-jour-sa-doctrine-de-formation-pour-mieux-faire-face-a-linsecurite\/","url":"https:\/\/adf-magazine.com\/fr\/2024\/01\/larmee-nigeriane-met-a-jour-sa-doctrine-de-formation-pour-mieux-faire-face-a-linsecurite\/","name":"L\u2019arm\u00e9e nig\u00e9riane met \u00e0 jour sa doctrine de formation pour mieux faire face \u00e0 l\u2019ins\u00e9curit\u00e9 - Africa Defense Forum","isPartOf":{"@id":"https:\/\/adf-magazine.com\/#website"},"primaryImageOfPage":{"@id":"https:\/\/adf-magazine.com\/fr\/2024\/01\/larmee-nigeriane-met-a-jour-sa-doctrine-de-formation-pour-mieux-faire-face-a-linsecurite\/#primaryimage"},"image":{"@id":"https:\/\/adf-magazine.com\/fr\/2024\/01\/larmee-nigeriane-met-a-jour-sa-doctrine-de-formation-pour-mieux-faire-face-a-linsecurite\/#primaryimage"},"thumbnailUrl":"https:\/\/adf-magazine.com\/wp-content\/uploads\/2024\/01\/TNGUPDATE1.jpg","datePublished":"2024-01-30T18:49:57+00:00","dateModified":"2024-01-30T18:50:45+00:00","author":{"@id":"https:\/\/adf-magazine.com\/#\/schema\/person\/f266a6061389568b5a11465bb38bc025"},"breadcrumb":{"@id":"https:\/\/adf-magazine.com\/fr\/2024\/01\/larmee-nigeriane-met-a-jour-sa-doctrine-de-formation-pour-mieux-faire-face-a-linsecurite\/#breadcrumb"},"inLanguage":"fr-FR","potentialAction":[{"@type":"ReadAction","target":["https:\/\/adf-magazine.com\/fr\/2024\/01\/larmee-nigeriane-met-a-jour-sa-doctrine-de-formation-pour-mieux-faire-face-a-linsecurite\/"]}]},{"@type":"ImageObject","inLanguage":"fr-FR","@id":"https:\/\/adf-magazine.com\/fr\/2024\/01\/larmee-nigeriane-met-a-jour-sa-doctrine-de-formation-pour-mieux-faire-face-a-linsecurite\/#primaryimage","url":"https:\/\/adf-magazine.com\/wp-content\/uploads\/2024\/01\/TNGUPDATE1.jpg","contentUrl":"https:\/\/adf-magazine.com\/wp-content\/uploads\/2024\/01\/TNGUPDATE1.jpg","width":1080,"height":715,"caption":"Le major-g\u00e9n\u00e9ral Kevin Aligbe (\u00e0 droite), chef du commandement de la formation et la doctrine de l\u2019Arm\u00e9e de terre du Nigeria, rend des hommages \u00e0 un participant lors de la conf\u00e9rence annuelle de Minna tenue entre les 8 et 12 janvier. FORCES ARM\u00c9ES DU NIGERIA"},{"@type":"BreadcrumbList","@id":"https:\/\/adf-magazine.com\/fr\/2024\/01\/larmee-nigeriane-met-a-jour-sa-doctrine-de-formation-pour-mieux-faire-face-a-linsecurite\/#breadcrumb","itemListElement":[{"@type":"ListItem","position":1,"name":"page d\u2019accueil","item":"https:\/\/adf-magazine.com\/"},{"@type":"ListItem","position":2,"name":"L\u2019arm\u00e9e nig\u00e9riane met \u00e0 jour sa doctrine de formation pour mieux faire face \u00e0 l\u2019ins\u00e9curit\u00e9"}]},{"@type":"WebSite","@id":"https:\/\/adf-magazine.com\/#website","url":"https:\/\/adf-magazine.com\/","name":"Africa Defense Forum","description":"Africa Defense Forum","potentialAction":[{"@type":"SearchAction","target":{"@type":"EntryPoint","urlTemplate":"https:\/\/adf-magazine.com\/?s={search_term_string}"},"query-input":{"@type":"PropertyValueSpecification","valueRequired":true,"valueName":"search_term_string"}}],"inLanguage":"fr-FR"},{"@type":"Person","@id":"https:\/\/adf-magazine.com\/#\/schema\/person\/f266a6061389568b5a11465bb38bc025","name":"ADF","image":{"@type":"ImageObject","inLanguage":"fr-FR","@id":"https:\/\/adf-magazine.com\/wp-content\/uploads\/2020\/05\/cropped-ADF_icon.jpg","url":"https:\/\/adf-magazine.com\/wp-content\/uploads\/2020\/05\/cropped-ADF_icon.jpg","contentUrl":"https:\/\/adf-magazine.com\/wp-content\/uploads\/2020\/05\/cropped-ADF_icon.jpg","caption":"ADF"},"description":"ADF is a professional military magazine published quarterly by U.S. Africa Command to provide an international forum for African security professionals. ADF covers topics such as counter terrorism strategies, security and defense operations, transnational crime, and all other issues affecting peace, stability, and good governance on the African continent.","sameAs":["https:\/\/x.com\/ADFmagazine"],"url":"https:\/\/adf-magazine.com\/fr\/author\/adf\/"}]}},"_links":{"self":[{"href":"https:\/\/adf-magazine.com\/fr\/wp-json\/wp\/v2\/posts\/112203","targetHints":{"allow":["GET"]}}],"collection":[{"href":"https:\/\/adf-magazine.com\/fr\/wp-json\/wp\/v2\/posts"}],"about":[{"href":"https:\/\/adf-magazine.com\/fr\/wp-json\/wp\/v2\/types\/post"}],"author":[{"embeddable":true,"href":"https:\/\/adf-magazine.com\/fr\/wp-json\/wp\/v2\/users\/1"}],"replies":[{"embeddable":true,"href":"https:\/\/adf-magazine.com\/fr\/wp-json\/wp\/v2\/comments?post=112203"}],"version-history":[{"count":0,"href":"https:\/\/adf-magazine.com\/fr\/wp-json\/wp\/v2\/posts\/112203\/revisions"}],"wp:featuredmedia":[{"embeddable":true,"href":"https:\/\/adf-magazine.com\/fr\/wp-json\/wp\/v2\/media\/112191"}],"wp:attachment":[{"href":"https:\/\/adf-magazine.com\/fr\/wp-json\/wp\/v2\/media?parent=112203"}],"wp:term":[{"taxonomy":"category","embeddable":true,"href":"https:\/\/adf-magazine.com\/fr\/wp-json\/wp\/v2\/categories?post=112203"},{"taxonomy":"post_tag","embeddable":true,"href":"https:\/\/adf-magazine.com\/fr\/wp-json\/wp\/v2\/tags?post=112203"}],"curies":[{"name":"wp","href":"https:\/\/api.w.org\/{rel}","templated":true}]}}