{"id":111776,"date":"2024-01-03T09:26:58","date_gmt":"2024-01-03T14:26:58","guid":{"rendered":"https:\/\/adf-magazine.com\/?p=111776"},"modified":"2024-01-03T09:33:30","modified_gmt":"2024-01-03T14:33:30","slug":"le-benin-renforce-la-securite-dans-le-nord-face-aux-attaques-des-extremistes","status":"publish","type":"post","link":"https:\/\/adf-magazine.com\/fr\/2024\/01\/le-benin-renforce-la-securite-dans-le-nord-face-aux-attaques-des-extremistes\/","title":{"rendered":"Le B\u00e9nin renforce la s\u00e9curit\u00e9 dans le Nord face aux attaques des extr\u00e9mistes"},"content":{"rendered":"<p style=\"font-weight: 400;\">PERSONNEL D\u2019ADF<\/p>\n<p style=\"font-weight: 400;\">Aux fins fonds du parc national de la Pendjari (B\u00e9nin), un ancien centre touristique luxueux est devenu une base militaire. Les soldats y traquent les mouvements des extr\u00e9mistes qui entrent et sortent du Burkina Faso voisin pour tenter d\u2019enrayer la mont\u00e9e de la violence.<\/p>\n<p style=\"font-weight: 400;\">Au cours des derni\u00e8res ann\u00e9es, le B\u00e9nin a \u00e9t\u00e9 sujet \u00e0 des attaques terroristes dans ses d\u00e9partements de l\u2019Atacora et de l\u2019Alibori, alors que l\u2019extr\u00e9misme qui paralyse le Faso avance vers le Sud. Les forces arm\u00e9es qui passaient jadis beaucoup de temps dans les missions de maintien de la paix ont \u00e9t\u00e9 red\u00e9ploy\u00e9es pour d\u00e9fendre leur propre pays.<\/p>\n<p style=\"font-weight: 400;\">Depuis que les terroristes ont attaqu\u00e9 un avant-poste militaire \u00e0 Porga en 2021, les responsables du pays ont investi 130\u00a0millions de dollars pour renforcer la s\u00e9curit\u00e9. Le long de la zone frontali\u00e8re du Nord, une unit\u00e9 sp\u00e9ciale cr\u00e9\u00e9e en 2023 est charg\u00e9e de contrer le terrorisme.<\/p>\n<p style=\"font-weight: 400;\">En plus de l\u2019unit\u00e9 de collecte de renseignements dans la Pendjari, d\u2019autres bases militaires ont \u00e9t\u00e9 \u00e9tablies dans la r\u00e9gion. Plus de 3.000\u00a0soldats patrouillent les communaut\u00e9s frontali\u00e8res de l\u2019Atacora et l\u2019Alibori. Un programme de recrutement vise \u00e0 former et d\u00e9ployer 5.000\u00a0soldats de plus dans le Nord.<\/p>\n<p style=\"font-weight: 400;\">Les probl\u00e8mes du Burkina Faso pour contr\u00f4ler les extr\u00e9mistes l\u2019ont transform\u00e9 en base \u00e0 partir de laquelle les terroristes se propagent au Sud vers les pays en bordure du golfe de Guin\u00e9e.<\/p>\n<p style=\"font-weight: 400;\">Le colonel Faizou Gomina du B\u00e9nin a d\u00e9clar\u00e9 r\u00e9cemment au magazine New Lines\u00a0: \u00ab\u00a0L\u2019arm\u00e9e du Burkina Faso a depuis longtemps abandonn\u00e9 la r\u00e9gion au Nord de la fronti\u00e8re. De ce fait, les djihadistes et les bandes criminelles ont \u00e9tabli de grandes bases qu\u2019ils utilisent pour monter des attaques sur le territoire de notre pays.\u00a0\u00bb<\/p>\n<p style=\"font-weight: 400;\">Une grande partie de ces activit\u00e9s ont lieu dans la Pendjari et au parc national voisin du W. Ces deux parcs font partie du complexe transnational W-Arly-Pendjari de r\u00e9serves naturelles aux fronti\u00e8res du B\u00e9nin, du Faso, du Niger et du Togo. Ces parcs, cr\u00e9\u00e9s pour servir de havre aux \u00e9l\u00e9phants et autres animaux sauvages, sont tout r\u00e9cemment devenus un refuge pour les terroristes qui utilisent ces r\u00e9gions peu peupl\u00e9es pour transporter les personnes et le mat\u00e9riel.<\/p>\n<p style=\"font-weight: 400;\">En mars, les soldats ont tu\u00e9 des combattants affili\u00e9s \u00e0 l\u2019\u00c9tat islamique (Daech) qui essayaient d\u2019\u00e9tablir une base au parc national du W. La pr\u00e9sence des combattants de Daech fut une surprise pour l\u2019arm\u00e9e, qui avait combattu les extr\u00e9mistes li\u00e9s au Groupe de soutien \u00e0 l\u2019islam et aux musulmans (GSIM, affili\u00e9 \u00e0 al-Qa\u00efda), a d\u00e9clar\u00e9 le lieutenant-colonel Matthieu Hessou du B\u00e9nin sur France 24.<\/p>\n<p style=\"font-weight: 400;\">\u00ab\u00a0Les cartes, les drapeaux islamiques militants\u00a0: ces signes nous montrent que ce ne sont pas seulement eux [le GSIM] mais aussi d\u2019autres groupes non apparent\u00e9s qui veulent s\u2019installer et mener leurs missions\u00a0\u00bb, a-t-il dit.<\/p>\n<p style=\"font-weight: 400;\">Le parc national de la Pendjari est ferm\u00e9 depuis la premi\u00e8re attaque terroriste au B\u00e9nin, en 2019, lorsque deux touristes fran\u00e7ais et leur guide de safari ont \u00e9t\u00e9 tu\u00e9s. La fermeture du parc a heurt\u00e9 l\u2019\u00e9conomie de la r\u00e9gion.<\/p>\n<p style=\"font-weight: 400;\">Alors qu\u2019ils traversent le Nord du B\u00e9nin, les extr\u00e9mistes recrutent de nouveaux membres et attaquent des cibles civiles. En provoquant l\u2019ins\u00e9curit\u00e9 dans la r\u00e9gion, ils esp\u00e8rent saper le soutien au gouvernement du B\u00e9nin, selon les experts.<\/p>\n<p style=\"font-weight: 400;\">Les attaques se sont multipli\u00e9es rapidement. Selon des responsables militaires, le Nord du B\u00e9nin a \u00e9t\u00e9 sujet \u00e0 54\u00a0attaques entre janvier et la mi-avril 2023. Les enl\u00e8vements sont pass\u00e9s de z\u00e9ro en 2021 \u00e0 33 en 2023, selon GI-TOC (Global Initiative Against Transnational Organized Crime).<\/p>\n<p style=\"font-weight: 400;\">En mai, des extr\u00e9mistes ont attaqu\u00e9 les communaut\u00e9s de Koabagou et Toura pr\u00e8s de la Pendjari, en tuant 20\u00a0r\u00e9sidents et enlevant les jeunes hommes. Dans les communes telles que Mat\u00e9ri, les extr\u00e9mistes ont plac\u00e9 des bombes et enlev\u00e9 des r\u00e9sidents.<\/p>\n<p style=\"font-weight: 400;\">Florence Bati, r\u00e9sidente de Mat\u00e9ri, a d\u00e9clar\u00e9 \u00e0 l\u2019Associated Press\u00a0: \u00ab\u00a0Je ne peux pas dormir la nuit, nous ne sommes pas libres de voyager, de nous d\u00e9placer. Les gens ont trop peur.\u00a0\u00bb<\/p>\n<p style=\"font-weight: 400;\">Les attaques ont chass\u00e9 plus de 12.000\u00a0personnes de leurs foyers et leurs champs dans le Nord du B\u00e9nin.<\/p>\n<p style=\"font-weight: 400;\">En plus d\u2019\u00e9tendre sa pr\u00e9sence militaire dans la r\u00e9gion, le gouvernement a impos\u00e9 des couvre-feu et interdit les rassemblements. Dans quelques communes, il a interdit l\u2019emploi des motos, qui sont fr\u00e9quemment utilis\u00e9es par les attaquants pour leurs mouvements, en particulier la nuit.<\/p>\n<p style=\"font-weight: 400;\">Toutefois, le gouvernement limite aussi les informations sur les attaques et arr\u00eate arbitrairement les gens qu\u2019il consid\u00e8re comme des menaces potentielles. Ces deux mesures provoquent une r\u00e9action hostile parmi la population et incite certains \u00e0 prendre le parti des extr\u00e9mistes, selon Bertin Assogba, coordinateur de Rep\u00e8re et D\u00e9veloppement Durable, groupe d\u2019aide local ax\u00e9 sur la d\u00e9fense des droits de l\u2019homme.<\/p>\n<p style=\"font-weight: 400;\">\u00ab\u00a0Les djihadistes vivent parmi la population, les citoyens les connaissent mais ils refusent de les d\u00e9noncer parce que le gouvernement n\u2019encourage pas les gens \u00e0 le faire\u00a0\u00bb, a-t-il d\u00e9clar\u00e9 \u00e0 l\u2019AP.<\/p>\n","protected":false},"excerpt":{"rendered":"<p>PERSONNEL D\u2019ADF Aux fins fonds du parc national de la Pendjari (B\u00e9nin), un ancien centre touristique luxueux est devenu une base militaire. Les soldats y traquent les mouvements des extr\u00e9mistes qui entrent et sortent du Burkina Faso voisin pour tenter d\u2019enrayer la mont\u00e9e de la violence. Au cours des derni\u00e8res ann\u00e9es, le B\u00e9nin a \u00e9t\u00e9<\/p>\n","protected":false},"author":1,"featured_media":111767,"comment_status":"open","ping_status":"closed","sticky":false,"template":"","format":"standard","meta":{"_acf_changed":false,"_monsterinsights_skip_tracking":false,"_monsterinsights_sitenote_active":false,"_monsterinsights_sitenote_note":"","_monsterinsights_sitenote_category":0,"_uf_show_specific_survey":0,"_uf_disable_surveys":false,"footnotes":""},"categories":[331],"tags":[787,489,484,488,1327,816],"class_list":{"0":"post-111776","1":"post","2":"type-post","3":"status-publish","4":"format-standard","5":"has-post-thumbnail","7":"category-dernieres-nouvelles","8":"tag-benin-fr","9":"tag-burkina-faso-fr","10":"tag-extremisme","11":"tag-niger-fr","12":"tag-recrutement-des-terroristes","13":"tag-togo-fr"},"acf":[],"yoast_head":"<!-- This site is optimized with the Yoast SEO plugin v27.4 - https:\/\/yoast.com\/product\/yoast-seo-wordpress\/ -->\n<title>Le B\u00e9nin renforce la s\u00e9curit\u00e9 dans le Nord face aux attaques des extr\u00e9mistes - Africa Defense Forum<\/title>\n<meta name=\"robots\" content=\"index, follow, max-snippet:-1, max-image-preview:large, max-video-preview:-1\" \/>\n<link rel=\"canonical\" href=\"https:\/\/adf-magazine.com\/fr\/2024\/01\/le-benin-renforce-la-securite-dans-le-nord-face-aux-attaques-des-extremistes\/\" \/>\n<meta property=\"og:locale\" content=\"fr_FR\" \/>\n<meta property=\"og:type\" content=\"article\" \/>\n<meta property=\"og:title\" content=\"Le B\u00e9nin renforce la s\u00e9curit\u00e9 dans le Nord face aux attaques des extr\u00e9mistes - Africa Defense Forum\" \/>\n<meta property=\"og:description\" content=\"PERSONNEL D\u2019ADF Aux fins fonds du parc national de la Pendjari (B\u00e9nin), un ancien centre touristique luxueux est devenu une base militaire. Les soldats y traquent les mouvements des extr\u00e9mistes qui entrent et sortent du Burkina Faso voisin pour tenter d\u2019enrayer la mont\u00e9e de la violence. Au cours des derni\u00e8res ann\u00e9es, le B\u00e9nin a \u00e9t\u00e9\" \/>\n<meta property=\"og:url\" content=\"https:\/\/adf-magazine.com\/fr\/2024\/01\/le-benin-renforce-la-securite-dans-le-nord-face-aux-attaques-des-extremistes\/\" \/>\n<meta property=\"og:site_name\" content=\"Africa Defense Forum\" \/>\n<meta property=\"article:publisher\" content=\"https:\/\/www.facebook.com\/ADFmagazine\/\" \/>\n<meta property=\"article:published_time\" content=\"2024-01-03T14:26:58+00:00\" \/>\n<meta property=\"article:modified_time\" content=\"2024-01-03T14:33:30+00:00\" \/>\n<meta property=\"og:image\" content=\"https:\/\/adf-magazine.com\/wp-content\/uploads\/2024\/01\/2013-01-18T120000Z_1133448896_GM1E91J0FAL01_RTRMADP_3_MALI-REBELS.jpg\" \/>\n\t<meta property=\"og:image:width\" content=\"1080\" \/>\n\t<meta property=\"og:image:height\" content=\"721\" \/>\n\t<meta property=\"og:image:type\" content=\"image\/jpeg\" \/>\n<meta name=\"author\" content=\"ADF\" \/>\n<meta name=\"twitter:card\" content=\"summary_large_image\" \/>\n<meta name=\"twitter:creator\" content=\"@ADFmagazine\" \/>\n<meta name=\"twitter:site\" content=\"@ADFmagazine\" \/>\n<meta name=\"twitter:label1\" content=\"\u00c9crit par\" \/>\n\t<meta name=\"twitter:data1\" content=\"ADF\" \/>\n\t<meta name=\"twitter:label2\" content=\"Dur\u00e9e de lecture estim\u00e9e\" \/>\n\t<meta name=\"twitter:data2\" content=\"4 minutes\" \/>\n<script type=\"application\/ld+json\" class=\"yoast-schema-graph\">{\"@context\":\"https:\\\/\\\/schema.org\",\"@graph\":[{\"@type\":\"Article\",\"@id\":\"https:\\\/\\\/adf-magazine.com\\\/fr\\\/2024\\\/01\\\/le-benin-renforce-la-securite-dans-le-nord-face-aux-attaques-des-extremistes\\\/#article\",\"isPartOf\":{\"@id\":\"https:\\\/\\\/adf-magazine.com\\\/fr\\\/2024\\\/01\\\/le-benin-renforce-la-securite-dans-le-nord-face-aux-attaques-des-extremistes\\\/\"},\"author\":{\"name\":\"ADF\",\"@id\":\"https:\\\/\\\/adf-magazine.com\\\/#\\\/schema\\\/person\\\/f266a6061389568b5a11465bb38bc025\"},\"headline\":\"Le B\u00e9nin renforce la s\u00e9curit\u00e9 dans le Nord face aux attaques des extr\u00e9mistes\",\"datePublished\":\"2024-01-03T14:26:58+00:00\",\"dateModified\":\"2024-01-03T14:33:30+00:00\",\"mainEntityOfPage\":{\"@id\":\"https:\\\/\\\/adf-magazine.com\\\/fr\\\/2024\\\/01\\\/le-benin-renforce-la-securite-dans-le-nord-face-aux-attaques-des-extremistes\\\/\"},\"wordCount\":914,\"commentCount\":0,\"image\":{\"@id\":\"https:\\\/\\\/adf-magazine.com\\\/fr\\\/2024\\\/01\\\/le-benin-renforce-la-securite-dans-le-nord-face-aux-attaques-des-extremistes\\\/#primaryimage\"},\"thumbnailUrl\":\"https:\\\/\\\/adf-magazine.com\\\/wp-content\\\/uploads\\\/2024\\\/01\\\/2013-01-18T120000Z_1133448896_GM1E91J0FAL01_RTRMADP_3_MALI-REBELS.jpg\",\"keywords\":[\"B\u00e9nin\",\"Burkina Faso\",\"extr\u00e9misme\",\"Niger\",\"recrutement des terroristes\",\"Togo\"],\"articleSection\":[\"Actualit\u00e9s du Jour\"],\"inLanguage\":\"fr-FR\",\"potentialAction\":[{\"@type\":\"CommentAction\",\"name\":\"Comment\",\"target\":[\"https:\\\/\\\/adf-magazine.com\\\/fr\\\/2024\\\/01\\\/le-benin-renforce-la-securite-dans-le-nord-face-aux-attaques-des-extremistes\\\/#respond\"]}]},{\"@type\":\"WebPage\",\"@id\":\"https:\\\/\\\/adf-magazine.com\\\/fr\\\/2024\\\/01\\\/le-benin-renforce-la-securite-dans-le-nord-face-aux-attaques-des-extremistes\\\/\",\"url\":\"https:\\\/\\\/adf-magazine.com\\\/fr\\\/2024\\\/01\\\/le-benin-renforce-la-securite-dans-le-nord-face-aux-attaques-des-extremistes\\\/\",\"name\":\"Le B\u00e9nin renforce la s\u00e9curit\u00e9 dans le Nord face aux attaques des extr\u00e9mistes - Africa Defense Forum\",\"isPartOf\":{\"@id\":\"https:\\\/\\\/adf-magazine.com\\\/#website\"},\"primaryImageOfPage\":{\"@id\":\"https:\\\/\\\/adf-magazine.com\\\/fr\\\/2024\\\/01\\\/le-benin-renforce-la-securite-dans-le-nord-face-aux-attaques-des-extremistes\\\/#primaryimage\"},\"image\":{\"@id\":\"https:\\\/\\\/adf-magazine.com\\\/fr\\\/2024\\\/01\\\/le-benin-renforce-la-securite-dans-le-nord-face-aux-attaques-des-extremistes\\\/#primaryimage\"},\"thumbnailUrl\":\"https:\\\/\\\/adf-magazine.com\\\/wp-content\\\/uploads\\\/2024\\\/01\\\/2013-01-18T120000Z_1133448896_GM1E91J0FAL01_RTRMADP_3_MALI-REBELS.jpg\",\"datePublished\":\"2024-01-03T14:26:58+00:00\",\"dateModified\":\"2024-01-03T14:33:30+00:00\",\"author\":{\"@id\":\"https:\\\/\\\/adf-magazine.com\\\/#\\\/schema\\\/person\\\/f266a6061389568b5a11465bb38bc025\"},\"breadcrumb\":{\"@id\":\"https:\\\/\\\/adf-magazine.com\\\/fr\\\/2024\\\/01\\\/le-benin-renforce-la-securite-dans-le-nord-face-aux-attaques-des-extremistes\\\/#breadcrumb\"},\"inLanguage\":\"fr-FR\",\"potentialAction\":[{\"@type\":\"ReadAction\",\"target\":[\"https:\\\/\\\/adf-magazine.com\\\/fr\\\/2024\\\/01\\\/le-benin-renforce-la-securite-dans-le-nord-face-aux-attaques-des-extremistes\\\/\"]}]},{\"@type\":\"ImageObject\",\"inLanguage\":\"fr-FR\",\"@id\":\"https:\\\/\\\/adf-magazine.com\\\/fr\\\/2024\\\/01\\\/le-benin-renforce-la-securite-dans-le-nord-face-aux-attaques-des-extremistes\\\/#primaryimage\",\"url\":\"https:\\\/\\\/adf-magazine.com\\\/wp-content\\\/uploads\\\/2024\\\/01\\\/2013-01-18T120000Z_1133448896_GM1E91J0FAL01_RTRMADP_3_MALI-REBELS.jpg\",\"contentUrl\":\"https:\\\/\\\/adf-magazine.com\\\/wp-content\\\/uploads\\\/2024\\\/01\\\/2013-01-18T120000Z_1133448896_GM1E91J0FAL01_RTRMADP_3_MALI-REBELS.jpg\",\"width\":1080,\"height\":721,\"caption\":\"Les soldats b\u00e9ninois, qui \u00e9taient auparavant d\u00e9ploy\u00e9s en tant que gardiens de la paix au Mali et ailleurs, sont maintenant form\u00e9s pour confronter les extr\u00e9mistes qui p\u00e9n\u00e8trent dans le pays \u00e0 partir du Burkina Faso. REUTERS\"},{\"@type\":\"BreadcrumbList\",\"@id\":\"https:\\\/\\\/adf-magazine.com\\\/fr\\\/2024\\\/01\\\/le-benin-renforce-la-securite-dans-le-nord-face-aux-attaques-des-extremistes\\\/#breadcrumb\",\"itemListElement\":[{\"@type\":\"ListItem\",\"position\":1,\"name\":\"page d\u2019accueil\",\"item\":\"https:\\\/\\\/adf-magazine.com\\\/\"},{\"@type\":\"ListItem\",\"position\":2,\"name\":\"Le B\u00e9nin renforce la s\u00e9curit\u00e9 dans le Nord face aux attaques des extr\u00e9mistes\"}]},{\"@type\":\"WebSite\",\"@id\":\"https:\\\/\\\/adf-magazine.com\\\/#website\",\"url\":\"https:\\\/\\\/adf-magazine.com\\\/\",\"name\":\"Africa Defense Forum\",\"description\":\"Africa Defense Forum\",\"potentialAction\":[{\"@type\":\"SearchAction\",\"target\":{\"@type\":\"EntryPoint\",\"urlTemplate\":\"https:\\\/\\\/adf-magazine.com\\\/?s={search_term_string}\"},\"query-input\":{\"@type\":\"PropertyValueSpecification\",\"valueRequired\":true,\"valueName\":\"search_term_string\"}}],\"inLanguage\":\"fr-FR\"},{\"@type\":\"Person\",\"@id\":\"https:\\\/\\\/adf-magazine.com\\\/#\\\/schema\\\/person\\\/f266a6061389568b5a11465bb38bc025\",\"name\":\"ADF\",\"image\":{\"@type\":\"ImageObject\",\"inLanguage\":\"fr-FR\",\"@id\":\"https:\\\/\\\/adf-magazine.com\\\/wp-content\\\/uploads\\\/2020\\\/05\\\/cropped-ADF_icon.jpg\",\"url\":\"https:\\\/\\\/adf-magazine.com\\\/wp-content\\\/uploads\\\/2020\\\/05\\\/cropped-ADF_icon.jpg\",\"contentUrl\":\"https:\\\/\\\/adf-magazine.com\\\/wp-content\\\/uploads\\\/2020\\\/05\\\/cropped-ADF_icon.jpg\",\"caption\":\"ADF\"},\"description\":\"ADF is a professional military magazine published quarterly by U.S. Africa Command to provide an international forum for African security professionals. ADF covers topics such as counter terrorism strategies, security and defense operations, transnational crime, and all other issues affecting peace, stability, and good governance on the African continent.\",\"sameAs\":[\"https:\\\/\\\/x.com\\\/ADFmagazine\"],\"url\":\"https:\\\/\\\/adf-magazine.com\\\/fr\\\/author\\\/adf\\\/\"}]}<\/script>\n<!-- \/ Yoast SEO plugin. -->","yoast_head_json":{"title":"Le B\u00e9nin renforce la s\u00e9curit\u00e9 dans le Nord face aux attaques des extr\u00e9mistes - Africa Defense Forum","robots":{"index":"index","follow":"follow","max-snippet":"max-snippet:-1","max-image-preview":"max-image-preview:large","max-video-preview":"max-video-preview:-1"},"canonical":"https:\/\/adf-magazine.com\/fr\/2024\/01\/le-benin-renforce-la-securite-dans-le-nord-face-aux-attaques-des-extremistes\/","og_locale":"fr_FR","og_type":"article","og_title":"Le B\u00e9nin renforce la s\u00e9curit\u00e9 dans le Nord face aux attaques des extr\u00e9mistes - Africa Defense Forum","og_description":"PERSONNEL D\u2019ADF Aux fins fonds du parc national de la Pendjari (B\u00e9nin), un ancien centre touristique luxueux est devenu une base militaire. Les soldats y traquent les mouvements des extr\u00e9mistes qui entrent et sortent du Burkina Faso voisin pour tenter d\u2019enrayer la mont\u00e9e de la violence. Au cours des derni\u00e8res ann\u00e9es, le B\u00e9nin a \u00e9t\u00e9","og_url":"https:\/\/adf-magazine.com\/fr\/2024\/01\/le-benin-renforce-la-securite-dans-le-nord-face-aux-attaques-des-extremistes\/","og_site_name":"Africa Defense Forum","article_publisher":"https:\/\/www.facebook.com\/ADFmagazine\/","article_published_time":"2024-01-03T14:26:58+00:00","article_modified_time":"2024-01-03T14:33:30+00:00","og_image":[{"width":1080,"height":721,"url":"https:\/\/adf-magazine.com\/wp-content\/uploads\/2024\/01\/2013-01-18T120000Z_1133448896_GM1E91J0FAL01_RTRMADP_3_MALI-REBELS.jpg","type":"image\/jpeg"}],"author":"ADF","twitter_card":"summary_large_image","twitter_creator":"@ADFmagazine","twitter_site":"@ADFmagazine","twitter_misc":{"\u00c9crit par":"ADF","Dur\u00e9e de lecture estim\u00e9e":"4 minutes"},"schema":{"@context":"https:\/\/schema.org","@graph":[{"@type":"Article","@id":"https:\/\/adf-magazine.com\/fr\/2024\/01\/le-benin-renforce-la-securite-dans-le-nord-face-aux-attaques-des-extremistes\/#article","isPartOf":{"@id":"https:\/\/adf-magazine.com\/fr\/2024\/01\/le-benin-renforce-la-securite-dans-le-nord-face-aux-attaques-des-extremistes\/"},"author":{"name":"ADF","@id":"https:\/\/adf-magazine.com\/#\/schema\/person\/f266a6061389568b5a11465bb38bc025"},"headline":"Le B\u00e9nin renforce la s\u00e9curit\u00e9 dans le Nord face aux attaques des extr\u00e9mistes","datePublished":"2024-01-03T14:26:58+00:00","dateModified":"2024-01-03T14:33:30+00:00","mainEntityOfPage":{"@id":"https:\/\/adf-magazine.com\/fr\/2024\/01\/le-benin-renforce-la-securite-dans-le-nord-face-aux-attaques-des-extremistes\/"},"wordCount":914,"commentCount":0,"image":{"@id":"https:\/\/adf-magazine.com\/fr\/2024\/01\/le-benin-renforce-la-securite-dans-le-nord-face-aux-attaques-des-extremistes\/#primaryimage"},"thumbnailUrl":"https:\/\/adf-magazine.com\/wp-content\/uploads\/2024\/01\/2013-01-18T120000Z_1133448896_GM1E91J0FAL01_RTRMADP_3_MALI-REBELS.jpg","keywords":["B\u00e9nin","Burkina Faso","extr\u00e9misme","Niger","recrutement des terroristes","Togo"],"articleSection":["Actualit\u00e9s du Jour"],"inLanguage":"fr-FR","potentialAction":[{"@type":"CommentAction","name":"Comment","target":["https:\/\/adf-magazine.com\/fr\/2024\/01\/le-benin-renforce-la-securite-dans-le-nord-face-aux-attaques-des-extremistes\/#respond"]}]},{"@type":"WebPage","@id":"https:\/\/adf-magazine.com\/fr\/2024\/01\/le-benin-renforce-la-securite-dans-le-nord-face-aux-attaques-des-extremistes\/","url":"https:\/\/adf-magazine.com\/fr\/2024\/01\/le-benin-renforce-la-securite-dans-le-nord-face-aux-attaques-des-extremistes\/","name":"Le B\u00e9nin renforce la s\u00e9curit\u00e9 dans le Nord face aux attaques des extr\u00e9mistes - Africa Defense Forum","isPartOf":{"@id":"https:\/\/adf-magazine.com\/#website"},"primaryImageOfPage":{"@id":"https:\/\/adf-magazine.com\/fr\/2024\/01\/le-benin-renforce-la-securite-dans-le-nord-face-aux-attaques-des-extremistes\/#primaryimage"},"image":{"@id":"https:\/\/adf-magazine.com\/fr\/2024\/01\/le-benin-renforce-la-securite-dans-le-nord-face-aux-attaques-des-extremistes\/#primaryimage"},"thumbnailUrl":"https:\/\/adf-magazine.com\/wp-content\/uploads\/2024\/01\/2013-01-18T120000Z_1133448896_GM1E91J0FAL01_RTRMADP_3_MALI-REBELS.jpg","datePublished":"2024-01-03T14:26:58+00:00","dateModified":"2024-01-03T14:33:30+00:00","author":{"@id":"https:\/\/adf-magazine.com\/#\/schema\/person\/f266a6061389568b5a11465bb38bc025"},"breadcrumb":{"@id":"https:\/\/adf-magazine.com\/fr\/2024\/01\/le-benin-renforce-la-securite-dans-le-nord-face-aux-attaques-des-extremistes\/#breadcrumb"},"inLanguage":"fr-FR","potentialAction":[{"@type":"ReadAction","target":["https:\/\/adf-magazine.com\/fr\/2024\/01\/le-benin-renforce-la-securite-dans-le-nord-face-aux-attaques-des-extremistes\/"]}]},{"@type":"ImageObject","inLanguage":"fr-FR","@id":"https:\/\/adf-magazine.com\/fr\/2024\/01\/le-benin-renforce-la-securite-dans-le-nord-face-aux-attaques-des-extremistes\/#primaryimage","url":"https:\/\/adf-magazine.com\/wp-content\/uploads\/2024\/01\/2013-01-18T120000Z_1133448896_GM1E91J0FAL01_RTRMADP_3_MALI-REBELS.jpg","contentUrl":"https:\/\/adf-magazine.com\/wp-content\/uploads\/2024\/01\/2013-01-18T120000Z_1133448896_GM1E91J0FAL01_RTRMADP_3_MALI-REBELS.jpg","width":1080,"height":721,"caption":"Les soldats b\u00e9ninois, qui \u00e9taient auparavant d\u00e9ploy\u00e9s en tant que gardiens de la paix au Mali et ailleurs, sont maintenant form\u00e9s pour confronter les extr\u00e9mistes qui p\u00e9n\u00e8trent dans le pays \u00e0 partir du Burkina Faso. REUTERS"},{"@type":"BreadcrumbList","@id":"https:\/\/adf-magazine.com\/fr\/2024\/01\/le-benin-renforce-la-securite-dans-le-nord-face-aux-attaques-des-extremistes\/#breadcrumb","itemListElement":[{"@type":"ListItem","position":1,"name":"page d\u2019accueil","item":"https:\/\/adf-magazine.com\/"},{"@type":"ListItem","position":2,"name":"Le B\u00e9nin renforce la s\u00e9curit\u00e9 dans le Nord face aux attaques des extr\u00e9mistes"}]},{"@type":"WebSite","@id":"https:\/\/adf-magazine.com\/#website","url":"https:\/\/adf-magazine.com\/","name":"Africa Defense Forum","description":"Africa Defense Forum","potentialAction":[{"@type":"SearchAction","target":{"@type":"EntryPoint","urlTemplate":"https:\/\/adf-magazine.com\/?s={search_term_string}"},"query-input":{"@type":"PropertyValueSpecification","valueRequired":true,"valueName":"search_term_string"}}],"inLanguage":"fr-FR"},{"@type":"Person","@id":"https:\/\/adf-magazine.com\/#\/schema\/person\/f266a6061389568b5a11465bb38bc025","name":"ADF","image":{"@type":"ImageObject","inLanguage":"fr-FR","@id":"https:\/\/adf-magazine.com\/wp-content\/uploads\/2020\/05\/cropped-ADF_icon.jpg","url":"https:\/\/adf-magazine.com\/wp-content\/uploads\/2020\/05\/cropped-ADF_icon.jpg","contentUrl":"https:\/\/adf-magazine.com\/wp-content\/uploads\/2020\/05\/cropped-ADF_icon.jpg","caption":"ADF"},"description":"ADF is a professional military magazine published quarterly by U.S. Africa Command to provide an international forum for African security professionals. ADF covers topics such as counter terrorism strategies, security and defense operations, transnational crime, and all other issues affecting peace, stability, and good governance on the African continent.","sameAs":["https:\/\/x.com\/ADFmagazine"],"url":"https:\/\/adf-magazine.com\/fr\/author\/adf\/"}]}},"_links":{"self":[{"href":"https:\/\/adf-magazine.com\/fr\/wp-json\/wp\/v2\/posts\/111776","targetHints":{"allow":["GET"]}}],"collection":[{"href":"https:\/\/adf-magazine.com\/fr\/wp-json\/wp\/v2\/posts"}],"about":[{"href":"https:\/\/adf-magazine.com\/fr\/wp-json\/wp\/v2\/types\/post"}],"author":[{"embeddable":true,"href":"https:\/\/adf-magazine.com\/fr\/wp-json\/wp\/v2\/users\/1"}],"replies":[{"embeddable":true,"href":"https:\/\/adf-magazine.com\/fr\/wp-json\/wp\/v2\/comments?post=111776"}],"version-history":[{"count":0,"href":"https:\/\/adf-magazine.com\/fr\/wp-json\/wp\/v2\/posts\/111776\/revisions"}],"wp:featuredmedia":[{"embeddable":true,"href":"https:\/\/adf-magazine.com\/fr\/wp-json\/wp\/v2\/media\/111767"}],"wp:attachment":[{"href":"https:\/\/adf-magazine.com\/fr\/wp-json\/wp\/v2\/media?parent=111776"}],"wp:term":[{"taxonomy":"category","embeddable":true,"href":"https:\/\/adf-magazine.com\/fr\/wp-json\/wp\/v2\/categories?post=111776"},{"taxonomy":"post_tag","embeddable":true,"href":"https:\/\/adf-magazine.com\/fr\/wp-json\/wp\/v2\/tags?post=111776"}],"curies":[{"name":"wp","href":"https:\/\/api.w.org\/{rel}","templated":true}]}}