{"id":11130,"date":"2018-10-16T14:07:36","date_gmt":"2018-10-16T14:07:36","guid":{"rendered":"https:\/\/adf-magazine.com\/?p=11130"},"modified":"2018-11-05T20:13:55","modified_gmt":"2018-11-05T20:13:55","slug":"un-juge-devient-le-premier-somalien-a-presider-la-cour-internationale","status":"publish","type":"post","link":"https:\/\/adf-magazine.com\/fr\/2018\/10\/un-juge-devient-le-premier-somalien-a-presider-la-cour-internationale\/","title":{"rendered":"UN JUGE DEVIENT LE PREMIER SOMALIEN \u00c0 PR\u00c9SIDER LA COUR INTERNATIONALE"},"content":{"rendered":"<p>VOICE OF AMERICA<\/p>\n<p>Le juge Abdulqawi Ahmed Yusuf est devenu le premier Somalien \u00e0 pr\u00e9sider la Cour internationale de justice \u00e0 La Haye aux Pays-Bas.<\/p>\n<p>\u00ab Je suis touch\u00e9 par cette \u00e9lection, d\u00e9clare-t-il. Et je crois qu\u2019elle montre en fait la confiance que mes coll\u00e8gues ont en moi. C\u2019est pourquoi je leur en suis tr\u00e8s reconnaissant. J\u2019esp\u00e8re que je serai capable de satisfaire \u00e0 leurs attentes et \u00e0 assumer les responsabilit\u00e9s qui me sont confi\u00e9es de la meilleure fa\u00e7on possible, pour leur montrer qu\u2019ils ont vraiment bien choisi lorsqu\u2019ils m\u2019ont \u00e9lu comme pr\u00e9sident. \u00bb<\/p>\n<p>Cette cour de 15 membres est l\u2019organe judiciaire principal des Nations unies. Elle promulgue des d\u00e9cisions finales et contraignantes concernant les diff\u00e9rents entre \u00e9tats et elle conseille l\u2019ONU.<\/p>\n<p>M. Yusuf, \u00e2g\u00e9 de 69 ans, n\u00e9 dans la ville portuaire somalienne d\u2019Eyl, a fait ses \u00e9tudes \u00e0 l\u2019universit\u00e9 nationale somalienne, l\u2019universit\u00e9 de Florence et l\u2019universit\u00e9 de Gen\u00e8ve. Il sera le troisi\u00e8me Africain \u00e0 \u00eatre pr\u00e9sident de la cour.<\/p>\n<p>Le leadership de M. Yusuf sera mis imm\u00e9diatement \u00e0 l\u2019\u00e9preuve. Parmi ses premi\u00e8res affaires, il y a une dispute entre les \u00c9tats-Unis et l\u2019Iran sur le gel des biens iraniens \u00e0 l\u2019int\u00e9rieur des \u00c9tats-Unis.<\/p>\n<p>\u00ab Nous avons 14 affaires en instance, lesquelles concernent bien s\u00fbr tous les types de dispute entre les \u00e9tats \u00bb, d\u00e9clare-t-il. Elles incluent des disputes sur la protection environnementale, les fronti\u00e8res et l\u2019immunit\u00e9 diplomatique. \u00ab Cette cour a \u00e9t\u00e9 tr\u00e8s occup\u00e9e au cours des 10 derni\u00e8res ann\u00e9es, ce qui indique la confiance croissante que la communaut\u00e9 internationale place dans la Cour internationale, dans notre cour. Et nous sommes extr\u00eamement heureux de ces d\u00e9veloppements. \u00bb<\/p>\n<p>Un autre cas qui sera \u00e9troitement surveill\u00e9 en Afrique de l\u2019Est concerne une dispute de fronti\u00e8re maritime entre la Somalie et le Kenya. M. Yusuf d\u00e9clare que sa nationalit\u00e9 n\u2019influencera pas son travail dans l\u2019affaire.<\/p>\n<p>M. Yusuf est membre de la cour depuis 2009 et il avait pr\u00e9c\u00e9demment assum\u00e9 le poste de vice-pr\u00e9sident de la cour. Son mandat est de trois ans.<\/p>\n","protected":false},"excerpt":{"rendered":"<p>VOICE OF AMERICA Le juge Abdulqawi Ahmed Yusuf est devenu le premier Somalien \u00e0 pr\u00e9sider la Cour internationale de justice \u00e0 La Haye aux Pays-Bas. \u00ab Je suis touch\u00e9 par cette \u00e9lection, d\u00e9clare-t-il. Et je crois qu\u2019elle montre en fait la confiance que mes coll\u00e8gues ont en moi. C\u2019est pourquoi je leur en suis tr\u00e8s<\/p>\n","protected":false},"author":1,"featured_media":11080,"comment_status":"open","ping_status":"open","sticky":false,"template":"","format":"standard","meta":{"_acf_changed":false,"_monsterinsights_skip_tracking":false,"_monsterinsights_sitenote_active":false,"_monsterinsights_sitenote_note":"","_monsterinsights_sitenote_category":0,"_uf_show_specific_survey":0,"_uf_disable_surveys":false,"footnotes":""},"categories":[50,40],"tags":[],"class_list":{"0":"post-11130","1":"post","2":"type-post","3":"status-publish","4":"format-standard","5":"has-post-thumbnail","7":"category-chemins-de-lespoir","8":"category-rubriques"},"acf":[],"yoast_head":"<!-- This site is optimized with the Yoast SEO plugin v27.4 - https:\/\/yoast.com\/product\/yoast-seo-wordpress\/ -->\n<title>UN JUGE DEVIENT LE PREMIER SOMALIEN \u00c0 PR\u00c9SIDER LA COUR INTERNATIONALE - Africa Defense Forum<\/title>\n<meta name=\"robots\" content=\"index, follow, max-snippet:-1, max-image-preview:large, max-video-preview:-1\" \/>\n<link rel=\"canonical\" href=\"https:\/\/adf-magazine.com\/fr\/2018\/10\/un-juge-devient-le-premier-somalien-a-presider-la-cour-internationale\/\" \/>\n<meta property=\"og:locale\" content=\"fr_FR\" \/>\n<meta property=\"og:type\" content=\"article\" \/>\n<meta property=\"og:title\" content=\"UN JUGE DEVIENT LE PREMIER SOMALIEN \u00c0 PR\u00c9SIDER LA COUR INTERNATIONALE - Africa Defense Forum\" \/>\n<meta property=\"og:description\" content=\"VOICE OF AMERICA Le juge Abdulqawi Ahmed Yusuf est devenu le premier Somalien \u00e0 pr\u00e9sider la Cour internationale de justice \u00e0 La Haye aux Pays-Bas. \u00ab Je suis touch\u00e9 par cette \u00e9lection, d\u00e9clare-t-il. Et je crois qu\u2019elle montre en fait la confiance que mes coll\u00e8gues ont en moi. C\u2019est pourquoi je leur en suis tr\u00e8s\" \/>\n<meta property=\"og:url\" content=\"https:\/\/adf-magazine.com\/fr\/2018\/10\/un-juge-devient-le-premier-somalien-a-presider-la-cour-internationale\/\" \/>\n<meta property=\"og:site_name\" content=\"Africa Defense Forum\" \/>\n<meta property=\"article:publisher\" content=\"https:\/\/www.facebook.com\/ADFmagazine\/\" \/>\n<meta property=\"article:published_time\" content=\"2018-10-16T14:07:36+00:00\" \/>\n<meta property=\"article:modified_time\" content=\"2018-11-05T20:13:55+00:00\" \/>\n<meta property=\"og:image\" content=\"https:\/\/adf-magazine.com\/wp-content\/uploads\/2018\/10\/Yusuf_edit.jpg\" \/>\n\t<meta property=\"og:image:width\" content=\"1080\" \/>\n\t<meta property=\"og:image:height\" content=\"719\" \/>\n\t<meta property=\"og:image:type\" content=\"image\/jpeg\" \/>\n<meta name=\"author\" content=\"ADF\" \/>\n<meta name=\"twitter:card\" content=\"summary_large_image\" \/>\n<meta name=\"twitter:creator\" content=\"@ADFmagazine\" \/>\n<meta name=\"twitter:site\" content=\"@ADFmagazine\" \/>\n<meta name=\"twitter:label1\" content=\"\u00c9crit par\" \/>\n\t<meta name=\"twitter:data1\" content=\"ADF\" \/>\n\t<meta name=\"twitter:label2\" content=\"Dur\u00e9e de lecture estim\u00e9e\" \/>\n\t<meta name=\"twitter:data2\" content=\"2 minutes\" \/>\n<script type=\"application\/ld+json\" class=\"yoast-schema-graph\">{\"@context\":\"https:\\\/\\\/schema.org\",\"@graph\":[{\"@type\":\"Article\",\"@id\":\"https:\\\/\\\/adf-magazine.com\\\/fr\\\/2018\\\/10\\\/un-juge-devient-le-premier-somalien-a-presider-la-cour-internationale\\\/#article\",\"isPartOf\":{\"@id\":\"https:\\\/\\\/adf-magazine.com\\\/fr\\\/2018\\\/10\\\/un-juge-devient-le-premier-somalien-a-presider-la-cour-internationale\\\/\"},\"author\":{\"name\":\"ADF\",\"@id\":\"https:\\\/\\\/adf-magazine.com\\\/#\\\/schema\\\/person\\\/f266a6061389568b5a11465bb38bc025\"},\"headline\":\"UN JUGE DEVIENT LE PREMIER SOMALIEN \u00c0 PR\u00c9SIDER LA COUR INTERNATIONALE\",\"datePublished\":\"2018-10-16T14:07:36+00:00\",\"dateModified\":\"2018-11-05T20:13:55+00:00\",\"mainEntityOfPage\":{\"@id\":\"https:\\\/\\\/adf-magazine.com\\\/fr\\\/2018\\\/10\\\/un-juge-devient-le-premier-somalien-a-presider-la-cour-internationale\\\/\"},\"wordCount\":373,\"commentCount\":0,\"image\":{\"@id\":\"https:\\\/\\\/adf-magazine.com\\\/fr\\\/2018\\\/10\\\/un-juge-devient-le-premier-somalien-a-presider-la-cour-internationale\\\/#primaryimage\"},\"thumbnailUrl\":\"https:\\\/\\\/adf-magazine.com\\\/wp-content\\\/uploads\\\/2018\\\/10\\\/Yusuf_edit.jpg\",\"articleSection\":[\"Chemins de l\u2019espoir\",\"rubriques\"],\"inLanguage\":\"fr-FR\",\"potentialAction\":[{\"@type\":\"CommentAction\",\"name\":\"Comment\",\"target\":[\"https:\\\/\\\/adf-magazine.com\\\/fr\\\/2018\\\/10\\\/un-juge-devient-le-premier-somalien-a-presider-la-cour-internationale\\\/#respond\"]}]},{\"@type\":\"WebPage\",\"@id\":\"https:\\\/\\\/adf-magazine.com\\\/fr\\\/2018\\\/10\\\/un-juge-devient-le-premier-somalien-a-presider-la-cour-internationale\\\/\",\"url\":\"https:\\\/\\\/adf-magazine.com\\\/fr\\\/2018\\\/10\\\/un-juge-devient-le-premier-somalien-a-presider-la-cour-internationale\\\/\",\"name\":\"UN JUGE DEVIENT LE PREMIER SOMALIEN \u00c0 PR\u00c9SIDER LA COUR INTERNATIONALE - Africa Defense Forum\",\"isPartOf\":{\"@id\":\"https:\\\/\\\/adf-magazine.com\\\/#website\"},\"primaryImageOfPage\":{\"@id\":\"https:\\\/\\\/adf-magazine.com\\\/fr\\\/2018\\\/10\\\/un-juge-devient-le-premier-somalien-a-presider-la-cour-internationale\\\/#primaryimage\"},\"image\":{\"@id\":\"https:\\\/\\\/adf-magazine.com\\\/fr\\\/2018\\\/10\\\/un-juge-devient-le-premier-somalien-a-presider-la-cour-internationale\\\/#primaryimage\"},\"thumbnailUrl\":\"https:\\\/\\\/adf-magazine.com\\\/wp-content\\\/uploads\\\/2018\\\/10\\\/Yusuf_edit.jpg\",\"datePublished\":\"2018-10-16T14:07:36+00:00\",\"dateModified\":\"2018-11-05T20:13:55+00:00\",\"author\":{\"@id\":\"https:\\\/\\\/adf-magazine.com\\\/#\\\/schema\\\/person\\\/f266a6061389568b5a11465bb38bc025\"},\"breadcrumb\":{\"@id\":\"https:\\\/\\\/adf-magazine.com\\\/fr\\\/2018\\\/10\\\/un-juge-devient-le-premier-somalien-a-presider-la-cour-internationale\\\/#breadcrumb\"},\"inLanguage\":\"fr-FR\",\"potentialAction\":[{\"@type\":\"ReadAction\",\"target\":[\"https:\\\/\\\/adf-magazine.com\\\/fr\\\/2018\\\/10\\\/un-juge-devient-le-premier-somalien-a-presider-la-cour-internationale\\\/\"]}]},{\"@type\":\"ImageObject\",\"inLanguage\":\"fr-FR\",\"@id\":\"https:\\\/\\\/adf-magazine.com\\\/fr\\\/2018\\\/10\\\/un-juge-devient-le-premier-somalien-a-presider-la-cour-internationale\\\/#primaryimage\",\"url\":\"https:\\\/\\\/adf-magazine.com\\\/wp-content\\\/uploads\\\/2018\\\/10\\\/Yusuf_edit.jpg\",\"contentUrl\":\"https:\\\/\\\/adf-magazine.com\\\/wp-content\\\/uploads\\\/2018\\\/10\\\/Yusuf_edit.jpg\",\"width\":1080,\"height\":719},{\"@type\":\"BreadcrumbList\",\"@id\":\"https:\\\/\\\/adf-magazine.com\\\/fr\\\/2018\\\/10\\\/un-juge-devient-le-premier-somalien-a-presider-la-cour-internationale\\\/#breadcrumb\",\"itemListElement\":[{\"@type\":\"ListItem\",\"position\":1,\"name\":\"page d\u2019accueil\",\"item\":\"https:\\\/\\\/adf-magazine.com\\\/\"},{\"@type\":\"ListItem\",\"position\":2,\"name\":\"UN JUGE DEVIENT LE PREMIER SOMALIEN \u00c0 PR\u00c9SIDER LA COUR INTERNATIONALE\"}]},{\"@type\":\"WebSite\",\"@id\":\"https:\\\/\\\/adf-magazine.com\\\/#website\",\"url\":\"https:\\\/\\\/adf-magazine.com\\\/\",\"name\":\"Africa Defense Forum\",\"description\":\"Africa Defense Forum\",\"potentialAction\":[{\"@type\":\"SearchAction\",\"target\":{\"@type\":\"EntryPoint\",\"urlTemplate\":\"https:\\\/\\\/adf-magazine.com\\\/?s={search_term_string}\"},\"query-input\":{\"@type\":\"PropertyValueSpecification\",\"valueRequired\":true,\"valueName\":\"search_term_string\"}}],\"inLanguage\":\"fr-FR\"},{\"@type\":\"Person\",\"@id\":\"https:\\\/\\\/adf-magazine.com\\\/#\\\/schema\\\/person\\\/f266a6061389568b5a11465bb38bc025\",\"name\":\"ADF\",\"image\":{\"@type\":\"ImageObject\",\"inLanguage\":\"fr-FR\",\"@id\":\"https:\\\/\\\/adf-magazine.com\\\/wp-content\\\/uploads\\\/2020\\\/05\\\/cropped-ADF_icon.jpg\",\"url\":\"https:\\\/\\\/adf-magazine.com\\\/wp-content\\\/uploads\\\/2020\\\/05\\\/cropped-ADF_icon.jpg\",\"contentUrl\":\"https:\\\/\\\/adf-magazine.com\\\/wp-content\\\/uploads\\\/2020\\\/05\\\/cropped-ADF_icon.jpg\",\"caption\":\"ADF\"},\"description\":\"ADF is a professional military magazine published quarterly by U.S. Africa Command to provide an international forum for African security professionals. ADF covers topics such as counter terrorism strategies, security and defense operations, transnational crime, and all other issues affecting peace, stability, and good governance on the African continent.\",\"sameAs\":[\"https:\\\/\\\/x.com\\\/ADFmagazine\"],\"url\":\"https:\\\/\\\/adf-magazine.com\\\/fr\\\/author\\\/adf\\\/\"}]}<\/script>\n<!-- \/ Yoast SEO plugin. -->","yoast_head_json":{"title":"UN JUGE DEVIENT LE PREMIER SOMALIEN \u00c0 PR\u00c9SIDER LA COUR INTERNATIONALE - Africa Defense Forum","robots":{"index":"index","follow":"follow","max-snippet":"max-snippet:-1","max-image-preview":"max-image-preview:large","max-video-preview":"max-video-preview:-1"},"canonical":"https:\/\/adf-magazine.com\/fr\/2018\/10\/un-juge-devient-le-premier-somalien-a-presider-la-cour-internationale\/","og_locale":"fr_FR","og_type":"article","og_title":"UN JUGE DEVIENT LE PREMIER SOMALIEN \u00c0 PR\u00c9SIDER LA COUR INTERNATIONALE - Africa Defense Forum","og_description":"VOICE OF AMERICA Le juge Abdulqawi Ahmed Yusuf est devenu le premier Somalien \u00e0 pr\u00e9sider la Cour internationale de justice \u00e0 La Haye aux Pays-Bas. \u00ab Je suis touch\u00e9 par cette \u00e9lection, d\u00e9clare-t-il. Et je crois qu\u2019elle montre en fait la confiance que mes coll\u00e8gues ont en moi. C\u2019est pourquoi je leur en suis tr\u00e8s","og_url":"https:\/\/adf-magazine.com\/fr\/2018\/10\/un-juge-devient-le-premier-somalien-a-presider-la-cour-internationale\/","og_site_name":"Africa Defense Forum","article_publisher":"https:\/\/www.facebook.com\/ADFmagazine\/","article_published_time":"2018-10-16T14:07:36+00:00","article_modified_time":"2018-11-05T20:13:55+00:00","og_image":[{"width":1080,"height":719,"url":"https:\/\/adf-magazine.com\/wp-content\/uploads\/2018\/10\/Yusuf_edit.jpg","type":"image\/jpeg"}],"author":"ADF","twitter_card":"summary_large_image","twitter_creator":"@ADFmagazine","twitter_site":"@ADFmagazine","twitter_misc":{"\u00c9crit par":"ADF","Dur\u00e9e de lecture estim\u00e9e":"2 minutes"},"schema":{"@context":"https:\/\/schema.org","@graph":[{"@type":"Article","@id":"https:\/\/adf-magazine.com\/fr\/2018\/10\/un-juge-devient-le-premier-somalien-a-presider-la-cour-internationale\/#article","isPartOf":{"@id":"https:\/\/adf-magazine.com\/fr\/2018\/10\/un-juge-devient-le-premier-somalien-a-presider-la-cour-internationale\/"},"author":{"name":"ADF","@id":"https:\/\/adf-magazine.com\/#\/schema\/person\/f266a6061389568b5a11465bb38bc025"},"headline":"UN JUGE DEVIENT LE PREMIER SOMALIEN \u00c0 PR\u00c9SIDER LA COUR INTERNATIONALE","datePublished":"2018-10-16T14:07:36+00:00","dateModified":"2018-11-05T20:13:55+00:00","mainEntityOfPage":{"@id":"https:\/\/adf-magazine.com\/fr\/2018\/10\/un-juge-devient-le-premier-somalien-a-presider-la-cour-internationale\/"},"wordCount":373,"commentCount":0,"image":{"@id":"https:\/\/adf-magazine.com\/fr\/2018\/10\/un-juge-devient-le-premier-somalien-a-presider-la-cour-internationale\/#primaryimage"},"thumbnailUrl":"https:\/\/adf-magazine.com\/wp-content\/uploads\/2018\/10\/Yusuf_edit.jpg","articleSection":["Chemins de l\u2019espoir","rubriques"],"inLanguage":"fr-FR","potentialAction":[{"@type":"CommentAction","name":"Comment","target":["https:\/\/adf-magazine.com\/fr\/2018\/10\/un-juge-devient-le-premier-somalien-a-presider-la-cour-internationale\/#respond"]}]},{"@type":"WebPage","@id":"https:\/\/adf-magazine.com\/fr\/2018\/10\/un-juge-devient-le-premier-somalien-a-presider-la-cour-internationale\/","url":"https:\/\/adf-magazine.com\/fr\/2018\/10\/un-juge-devient-le-premier-somalien-a-presider-la-cour-internationale\/","name":"UN JUGE DEVIENT LE PREMIER SOMALIEN \u00c0 PR\u00c9SIDER LA COUR INTERNATIONALE - Africa Defense Forum","isPartOf":{"@id":"https:\/\/adf-magazine.com\/#website"},"primaryImageOfPage":{"@id":"https:\/\/adf-magazine.com\/fr\/2018\/10\/un-juge-devient-le-premier-somalien-a-presider-la-cour-internationale\/#primaryimage"},"image":{"@id":"https:\/\/adf-magazine.com\/fr\/2018\/10\/un-juge-devient-le-premier-somalien-a-presider-la-cour-internationale\/#primaryimage"},"thumbnailUrl":"https:\/\/adf-magazine.com\/wp-content\/uploads\/2018\/10\/Yusuf_edit.jpg","datePublished":"2018-10-16T14:07:36+00:00","dateModified":"2018-11-05T20:13:55+00:00","author":{"@id":"https:\/\/adf-magazine.com\/#\/schema\/person\/f266a6061389568b5a11465bb38bc025"},"breadcrumb":{"@id":"https:\/\/adf-magazine.com\/fr\/2018\/10\/un-juge-devient-le-premier-somalien-a-presider-la-cour-internationale\/#breadcrumb"},"inLanguage":"fr-FR","potentialAction":[{"@type":"ReadAction","target":["https:\/\/adf-magazine.com\/fr\/2018\/10\/un-juge-devient-le-premier-somalien-a-presider-la-cour-internationale\/"]}]},{"@type":"ImageObject","inLanguage":"fr-FR","@id":"https:\/\/adf-magazine.com\/fr\/2018\/10\/un-juge-devient-le-premier-somalien-a-presider-la-cour-internationale\/#primaryimage","url":"https:\/\/adf-magazine.com\/wp-content\/uploads\/2018\/10\/Yusuf_edit.jpg","contentUrl":"https:\/\/adf-magazine.com\/wp-content\/uploads\/2018\/10\/Yusuf_edit.jpg","width":1080,"height":719},{"@type":"BreadcrumbList","@id":"https:\/\/adf-magazine.com\/fr\/2018\/10\/un-juge-devient-le-premier-somalien-a-presider-la-cour-internationale\/#breadcrumb","itemListElement":[{"@type":"ListItem","position":1,"name":"page d\u2019accueil","item":"https:\/\/adf-magazine.com\/"},{"@type":"ListItem","position":2,"name":"UN JUGE DEVIENT LE PREMIER SOMALIEN \u00c0 PR\u00c9SIDER LA COUR INTERNATIONALE"}]},{"@type":"WebSite","@id":"https:\/\/adf-magazine.com\/#website","url":"https:\/\/adf-magazine.com\/","name":"Africa Defense Forum","description":"Africa Defense Forum","potentialAction":[{"@type":"SearchAction","target":{"@type":"EntryPoint","urlTemplate":"https:\/\/adf-magazine.com\/?s={search_term_string}"},"query-input":{"@type":"PropertyValueSpecification","valueRequired":true,"valueName":"search_term_string"}}],"inLanguage":"fr-FR"},{"@type":"Person","@id":"https:\/\/adf-magazine.com\/#\/schema\/person\/f266a6061389568b5a11465bb38bc025","name":"ADF","image":{"@type":"ImageObject","inLanguage":"fr-FR","@id":"https:\/\/adf-magazine.com\/wp-content\/uploads\/2020\/05\/cropped-ADF_icon.jpg","url":"https:\/\/adf-magazine.com\/wp-content\/uploads\/2020\/05\/cropped-ADF_icon.jpg","contentUrl":"https:\/\/adf-magazine.com\/wp-content\/uploads\/2020\/05\/cropped-ADF_icon.jpg","caption":"ADF"},"description":"ADF is a professional military magazine published quarterly by U.S. Africa Command to provide an international forum for African security professionals. ADF covers topics such as counter terrorism strategies, security and defense operations, transnational crime, and all other issues affecting peace, stability, and good governance on the African continent.","sameAs":["https:\/\/x.com\/ADFmagazine"],"url":"https:\/\/adf-magazine.com\/fr\/author\/adf\/"}]}},"_links":{"self":[{"href":"https:\/\/adf-magazine.com\/fr\/wp-json\/wp\/v2\/posts\/11130","targetHints":{"allow":["GET"]}}],"collection":[{"href":"https:\/\/adf-magazine.com\/fr\/wp-json\/wp\/v2\/posts"}],"about":[{"href":"https:\/\/adf-magazine.com\/fr\/wp-json\/wp\/v2\/types\/post"}],"author":[{"embeddable":true,"href":"https:\/\/adf-magazine.com\/fr\/wp-json\/wp\/v2\/users\/1"}],"replies":[{"embeddable":true,"href":"https:\/\/adf-magazine.com\/fr\/wp-json\/wp\/v2\/comments?post=11130"}],"version-history":[{"count":0,"href":"https:\/\/adf-magazine.com\/fr\/wp-json\/wp\/v2\/posts\/11130\/revisions"}],"wp:featuredmedia":[{"embeddable":true,"href":"https:\/\/adf-magazine.com\/fr\/wp-json\/wp\/v2\/media\/11080"}],"wp:attachment":[{"href":"https:\/\/adf-magazine.com\/fr\/wp-json\/wp\/v2\/media?parent=11130"}],"wp:term":[{"taxonomy":"category","embeddable":true,"href":"https:\/\/adf-magazine.com\/fr\/wp-json\/wp\/v2\/categories?post=11130"},{"taxonomy":"post_tag","embeddable":true,"href":"https:\/\/adf-magazine.com\/fr\/wp-json\/wp\/v2\/tags?post=11130"}],"curies":[{"name":"wp","href":"https:\/\/api.w.org\/{rel}","templated":true}]}}