{"id":110800,"date":"2023-12-05T13:26:01","date_gmt":"2023-12-05T18:26:01","guid":{"rendered":"https:\/\/adf-magazine.com\/?p=110800"},"modified":"2023-12-05T13:26:28","modified_gmt":"2023-12-05T18:26:28","slug":"la-zambie-sefforce-de-batir-une-armee-du-peuple","status":"publish","type":"post","link":"https:\/\/adf-magazine.com\/fr\/2023\/12\/la-zambie-sefforce-de-batir-une-armee-du-peuple\/","title":{"rendered":"La Zambie s\u2019efforce de b\u00e2tir une \u00ab Arm\u00e9e du peuple \u00bb"},"content":{"rendered":"<p style=\"font-weight: 400;\">PERSONNEL D\u2019ADF<\/p>\n<p style=\"font-weight: 400;\">L\u2019Arm\u00e9e zambienne a entrepris de se transformer, avec un nouveau focus sur un concept civilo-militaire et des initiatives visant \u00e0 professionnaliser ses sous-officiers, accro\u00eetre ses effectifs de soldats et am\u00e9liorer ses relations publiques avec la soci\u00e9t\u00e9 zambienne.<\/p>\n<p style=\"font-weight: 400;\">Le sergent d\u2019\u00e9tat-major Betty Kaluwa, sp\u00e9cialiste des communications et du protocole dans la Direction des relations publiques et de la liaison avec l\u2019\u00e9tranger de l\u2019Arm\u00e9e zambienne, a qualifi\u00e9 l\u2019effort de \u00ab\u00a0changement de paradigme monumental\u00a0\u00bb et a fait r\u00e9f\u00e9rence au principe directeur d\u2019une \u00ab\u00a0Arm\u00e9e du peuple\u00a0\u00bb.<\/p>\n<p style=\"font-weight: 400;\">\u00ab\u00a0La transformation de l\u2019Arm\u00e9e zambienne en Arm\u00e9e du peuple signifie une \u00e9volution exhaustive englobant la transparence, l\u2019engagement public, la promesse de satisfaire \u00e0 ses obligations constitutionnelles et les communications responsables dans l\u2019int\u00e9r\u00eat de la s\u00e9curit\u00e9 nationale\u00a0\u00bb, \u00e9crit-elle dans un article publi\u00e9 par le journal Zambia Daily Mail le 11 novembre.<\/p>\n<p style=\"font-weight: 400;\">L\u2019arm\u00e9e d\u00e9clare que sa mission consiste \u00e0 prot\u00e9ger le pays, emp\u00eacher les conflits, g\u00e9rer les catastrophes et s\u2019entra\u00eener et se pr\u00e9parer pour l\u2019avenir.<\/p>\n<p style=\"font-weight: 400;\">Le sergent Kaluwa a d\u00e9crit quelques-unes de ces nouvelles initiatives\u00a0:<\/p>\n<ul>\n<li>Engager le public avec des communications transparentes et syst\u00e9matiques sur plusieurs plateformes m\u00e9diatiques\u00a0: \u00ab\u00a0L\u2019\u00e9volution entre la nature traditionnellement secr\u00e8te des op\u00e9rations militaires et l\u2019ouverture est une \u00e9tape importante\u00a0\u00bb, \u00e9crit-elle.<\/li>\n<li>Soutenir la constitution de la Zambie et s\u2019aligner sur des principes d\u00e9mocratiques\u00a0: \u00ab\u00a0Cela assure que les forces arm\u00e9es fonctionnent comme une entit\u00e9 protectrice sous la supervision des civils, en renfor\u00e7ant ainsi leur prise de responsabilit\u00e9.\u00a0\u00bb<\/li>\n<li>\u00c9quilibrer la transparence avec la protection des informations confidentielles cruciales pour la s\u00e9curit\u00e9 nationale\u00a0: \u00ab\u00a0Cet \u00e9quilibre n\u2019est pas seulement essentiel\u00a0; c\u2019est le fondement des op\u00e9rations militaires responsables.\u00a0\u00bb<\/li>\n<li>Souligner l\u2019engagement, le professionnalisme et la diplomatie\u00a0: \u00ab\u00a0Il s\u2019agit de red\u00e9finir l\u2019essence-m\u00eame du service militaire\u2026 en pr\u00e9sentant les soldats non pas comme de simples protecteurs mais comme des ambassadeurs du pays.\u00a0\u00bb<\/li>\n<li>Contribuer aux missions de maintien de la paix des Nations unies et de l\u2019Union africaine dans les zones de conflit du monde entier\u00a0: Ceci donne un exemple de \u00ab\u00a0l\u2019engagement plus vaste de l\u2019arm\u00e9e envers la paix et la stabilit\u00e9 mondiales\u00a0\u00bb.<\/li>\n<\/ul>\n<p style=\"font-weight: 400;\">Le colonel Hamwwinde Munamunungu (\u00e0 la retraite) \u00e9tait en premi\u00e8re ligne pour constater l\u2019\u00e9volution de l\u2019Arm\u00e9e zambienne depuis ses origines, \u00e0 l\u2019\u00e9poque \u00e9mergente du commandement par les expatri\u00e9s dans les ann\u00e9es soixante, jusqu\u2019au pr\u00e9sent, ce qui lui donne un sentiment de \u00ab\u00a0grande fiert\u00e9 pour avoir particip\u00e9 \u00e0 sa croissance et sa modernisation\u00a0\u00bb.<\/p>\n<p style=\"font-weight: 400;\">Il donne cr\u00e9dit au g\u00e9n\u00e9ral Kingsley Chinkuli pour avoir eu la pr\u00e9voyance d\u2019\u00e9tablir rapidement un plan directeur pour les forces arm\u00e9es apr\u00e8s \u00eatre devenu le premier commandant indig\u00e8ne de l\u2019Arm\u00e9e zambienne en 1970.<\/p>\n<p style=\"font-weight: 400;\">\u00ab\u00a0J\u2019ai tout vu\u00a0\u00bb, \u00e9crit le colonel Munamunungu dans une s\u00e9rie de souvenirs historiques affich\u00e9s sur le site web de l\u2019arm\u00e9e. \u00ab\u00a0Il n\u2019y avait pas de brigade d\u2019infanterie, pas de r\u00e9giment d\u2019artillerie, pas de r\u00e9giment blind\u00e9, pas de r\u00e9giment du g\u00e9nie, pas de direction des renseignements et de la s\u00e9curit\u00e9, pas de recherche et d\u00e9veloppement et pas de bataillon de munitions. Rien de tout \u00e7a.\u00a0\u00bb<\/p>\n<p style=\"font-weight: 400;\">\u00ab\u00a0On commen\u00e7ait litt\u00e9ralement \u00e0 partir de z\u00e9ro avec tout ce qu\u2019une arm\u00e9e devrait \u00eatre.\u00a0\u00bb<\/p>\n<p style=\"font-weight: 400;\">Ces efforts d\u00e9lib\u00e9r\u00e9s de transformation de l\u2019arm\u00e9e continuent sous la direction du lieutenant-g\u00e9n\u00e9ral Dennis Alibuzwi, qui avait rejoint l\u2019Arm\u00e9e zambienne en ao\u00fbt 1983 et qui a \u00e9t\u00e9 nomm\u00e9 son commandant en ao\u00fbt 2021.<\/p>\n<p style=\"font-weight: 400;\">Il a d\u00e9clar\u00e9 sa vision de \u00ab\u00a0transformer l\u2019arm\u00e9e en force hautement professionnelle gr\u00e2ce \u00e0 la formation r\u00e9active, la modernisation et l\u2019am\u00e9lioration du bien-\u00eatre des officiers et des soldats\u00a0\u00bb.<\/p>\n<p style=\"font-weight: 400;\">Un porte-parole a d\u00e9clar\u00e9 que le g\u00e9n\u00e9ral Alibuzwi cherchera \u00e0 avoir \u00ab\u00a0une arm\u00e9e professionnelle et efficace qui satisfera aux aspirations du peuple zambien en 2025\u00a0\u00bb.<\/p>\n<p style=\"font-weight: 400;\">Le sergent Kaluwa pense que la consolidation de la relation civilo-militaire et la promotion de l\u2019esprit d\u2019une arm\u00e9e du peuple s\u2019accordent avec la vision du g\u00e9n\u00e9ral Alibuzwi pour 2025.<\/p>\n<p style=\"font-weight: 400;\">\u00ab\u00a0Cette transformation souligne l\u2019engagement in\u00e9branlable des forces arm\u00e9es envers la prise de responsabilit\u00e9 et la connexion avec le peuple qu\u2019elles servent, en d\u00e9montrant un engagement mutuel pour la s\u00e9curit\u00e9 et la prosp\u00e9rit\u00e9 de la nation\u00a0\u00bb, \u00e9crit-elle.<\/p>\n<p style=\"font-weight: 400;\">\u00ab\u00a0Ce p\u00e9riple non seulement red\u00e9finit les forces arm\u00e9es\u00a0; il red\u00e9finit aussi l\u2019essence-m\u00eame de la s\u00e9curit\u00e9 nationale au sein d\u2019un cadre d\u00e9mocratique, en \u00e9tablissant un pr\u00e9c\u00e9dent robuste pour les nations du monde entier.\u00a0\u00bb<\/p>\n","protected":false},"excerpt":{"rendered":"<p>PERSONNEL D\u2019ADF L\u2019Arm\u00e9e zambienne a entrepris de se transformer, avec un nouveau focus sur un concept civilo-militaire et des initiatives visant \u00e0 professionnaliser ses sous-officiers, accro\u00eetre ses effectifs de soldats et am\u00e9liorer ses relations publiques avec la soci\u00e9t\u00e9 zambienne. Le sergent d\u2019\u00e9tat-major Betty Kaluwa, sp\u00e9cialiste des communications et du protocole dans la Direction des relations<\/p>\n","protected":false},"author":1,"featured_media":110795,"comment_status":"open","ping_status":"closed","sticky":false,"template":"","format":"standard","meta":{"_acf_changed":false,"_monsterinsights_skip_tracking":false,"_monsterinsights_sitenote_active":false,"_monsterinsights_sitenote_note":"","_monsterinsights_sitenote_category":0,"_uf_show_specific_survey":0,"_uf_disable_surveys":false,"footnotes":""},"categories":[331],"tags":[483,566,1016,732],"class_list":{"0":"post-110800","1":"post","2":"type-post","3":"status-publish","4":"format-standard","5":"has-post-thumbnail","7":"category-dernieres-nouvelles","8":"tag-armee-de-terre","9":"tag-relations-communautaires","10":"tag-securite-nationale","11":"tag-zambie"},"acf":[],"yoast_head":"<!-- This site is optimized with the Yoast SEO plugin v27.4 - https:\/\/yoast.com\/product\/yoast-seo-wordpress\/ -->\n<title>La Zambie s\u2019efforce de b\u00e2tir une \u00ab Arm\u00e9e du peuple \u00bb - Africa Defense Forum<\/title>\n<meta name=\"robots\" content=\"index, follow, max-snippet:-1, max-image-preview:large, max-video-preview:-1\" \/>\n<link rel=\"canonical\" href=\"https:\/\/adf-magazine.com\/fr\/2023\/12\/la-zambie-sefforce-de-batir-une-armee-du-peuple\/\" \/>\n<meta property=\"og:locale\" content=\"fr_FR\" \/>\n<meta property=\"og:type\" content=\"article\" \/>\n<meta property=\"og:title\" content=\"La Zambie s\u2019efforce de b\u00e2tir une \u00ab Arm\u00e9e du peuple \u00bb - Africa Defense Forum\" \/>\n<meta property=\"og:description\" content=\"PERSONNEL D\u2019ADF L\u2019Arm\u00e9e zambienne a entrepris de se transformer, avec un nouveau focus sur un concept civilo-militaire et des initiatives visant \u00e0 professionnaliser ses sous-officiers, accro\u00eetre ses effectifs de soldats et am\u00e9liorer ses relations publiques avec la soci\u00e9t\u00e9 zambienne. Le sergent d\u2019\u00e9tat-major Betty Kaluwa, sp\u00e9cialiste des communications et du protocole dans la Direction des relations\" \/>\n<meta property=\"og:url\" content=\"https:\/\/adf-magazine.com\/fr\/2023\/12\/la-zambie-sefforce-de-batir-une-armee-du-peuple\/\" \/>\n<meta property=\"og:site_name\" content=\"Africa Defense Forum\" \/>\n<meta property=\"article:publisher\" content=\"https:\/\/www.facebook.com\/ADFmagazine\/\" \/>\n<meta property=\"article:published_time\" content=\"2023-12-05T18:26:01+00:00\" \/>\n<meta property=\"article:modified_time\" content=\"2023-12-05T18:26:28+00:00\" \/>\n<meta property=\"og:image\" content=\"https:\/\/adf-magazine.com\/wp-content\/uploads\/2023\/12\/PEOPLESARMY1.jpg\" \/>\n\t<meta property=\"og:image:width\" content=\"1440\" \/>\n\t<meta property=\"og:image:height\" content=\"954\" \/>\n\t<meta property=\"og:image:type\" content=\"image\/jpeg\" \/>\n<meta name=\"author\" content=\"ADF\" \/>\n<meta name=\"twitter:card\" content=\"summary_large_image\" \/>\n<meta name=\"twitter:creator\" content=\"@ADFmagazine\" \/>\n<meta name=\"twitter:site\" content=\"@ADFmagazine\" \/>\n<meta name=\"twitter:label1\" content=\"\u00c9crit par\" \/>\n\t<meta name=\"twitter:data1\" content=\"ADF\" \/>\n\t<meta name=\"twitter:label2\" content=\"Dur\u00e9e de lecture estim\u00e9e\" \/>\n\t<meta name=\"twitter:data2\" content=\"4 minutes\" \/>\n<script type=\"application\/ld+json\" class=\"yoast-schema-graph\">{\"@context\":\"https:\\\/\\\/schema.org\",\"@graph\":[{\"@type\":\"Article\",\"@id\":\"https:\\\/\\\/adf-magazine.com\\\/fr\\\/2023\\\/12\\\/la-zambie-sefforce-de-batir-une-armee-du-peuple\\\/#article\",\"isPartOf\":{\"@id\":\"https:\\\/\\\/adf-magazine.com\\\/fr\\\/2023\\\/12\\\/la-zambie-sefforce-de-batir-une-armee-du-peuple\\\/\"},\"author\":{\"name\":\"ADF\",\"@id\":\"https:\\\/\\\/adf-magazine.com\\\/#\\\/schema\\\/person\\\/f266a6061389568b5a11465bb38bc025\"},\"headline\":\"La Zambie s\u2019efforce de b\u00e2tir une \u00ab Arm\u00e9e du peuple \u00bb\",\"datePublished\":\"2023-12-05T18:26:01+00:00\",\"dateModified\":\"2023-12-05T18:26:28+00:00\",\"mainEntityOfPage\":{\"@id\":\"https:\\\/\\\/adf-magazine.com\\\/fr\\\/2023\\\/12\\\/la-zambie-sefforce-de-batir-une-armee-du-peuple\\\/\"},\"wordCount\":816,\"commentCount\":0,\"image\":{\"@id\":\"https:\\\/\\\/adf-magazine.com\\\/fr\\\/2023\\\/12\\\/la-zambie-sefforce-de-batir-une-armee-du-peuple\\\/#primaryimage\"},\"thumbnailUrl\":\"https:\\\/\\\/adf-magazine.com\\\/wp-content\\\/uploads\\\/2023\\\/12\\\/PEOPLESARMY1.jpg\",\"keywords\":[\"Arm\u00e9e de terre\",\"relations communautaires\",\"s\u00e9curit\u00e9 nationale\",\"Zambie\"],\"articleSection\":[\"Actualit\u00e9s du Jour\"],\"inLanguage\":\"fr-FR\",\"potentialAction\":[{\"@type\":\"CommentAction\",\"name\":\"Comment\",\"target\":[\"https:\\\/\\\/adf-magazine.com\\\/fr\\\/2023\\\/12\\\/la-zambie-sefforce-de-batir-une-armee-du-peuple\\\/#respond\"]}]},{\"@type\":\"WebPage\",\"@id\":\"https:\\\/\\\/adf-magazine.com\\\/fr\\\/2023\\\/12\\\/la-zambie-sefforce-de-batir-une-armee-du-peuple\\\/\",\"url\":\"https:\\\/\\\/adf-magazine.com\\\/fr\\\/2023\\\/12\\\/la-zambie-sefforce-de-batir-une-armee-du-peuple\\\/\",\"name\":\"La Zambie s\u2019efforce de b\u00e2tir une \u00ab Arm\u00e9e du peuple \u00bb - Africa Defense Forum\",\"isPartOf\":{\"@id\":\"https:\\\/\\\/adf-magazine.com\\\/#website\"},\"primaryImageOfPage\":{\"@id\":\"https:\\\/\\\/adf-magazine.com\\\/fr\\\/2023\\\/12\\\/la-zambie-sefforce-de-batir-une-armee-du-peuple\\\/#primaryimage\"},\"image\":{\"@id\":\"https:\\\/\\\/adf-magazine.com\\\/fr\\\/2023\\\/12\\\/la-zambie-sefforce-de-batir-une-armee-du-peuple\\\/#primaryimage\"},\"thumbnailUrl\":\"https:\\\/\\\/adf-magazine.com\\\/wp-content\\\/uploads\\\/2023\\\/12\\\/PEOPLESARMY1.jpg\",\"datePublished\":\"2023-12-05T18:26:01+00:00\",\"dateModified\":\"2023-12-05T18:26:28+00:00\",\"author\":{\"@id\":\"https:\\\/\\\/adf-magazine.com\\\/#\\\/schema\\\/person\\\/f266a6061389568b5a11465bb38bc025\"},\"breadcrumb\":{\"@id\":\"https:\\\/\\\/adf-magazine.com\\\/fr\\\/2023\\\/12\\\/la-zambie-sefforce-de-batir-une-armee-du-peuple\\\/#breadcrumb\"},\"inLanguage\":\"fr-FR\",\"potentialAction\":[{\"@type\":\"ReadAction\",\"target\":[\"https:\\\/\\\/adf-magazine.com\\\/fr\\\/2023\\\/12\\\/la-zambie-sefforce-de-batir-une-armee-du-peuple\\\/\"]}]},{\"@type\":\"ImageObject\",\"inLanguage\":\"fr-FR\",\"@id\":\"https:\\\/\\\/adf-magazine.com\\\/fr\\\/2023\\\/12\\\/la-zambie-sefforce-de-batir-une-armee-du-peuple\\\/#primaryimage\",\"url\":\"https:\\\/\\\/adf-magazine.com\\\/wp-content\\\/uploads\\\/2023\\\/12\\\/PEOPLESARMY1.jpg\",\"contentUrl\":\"https:\\\/\\\/adf-magazine.com\\\/wp-content\\\/uploads\\\/2023\\\/12\\\/PEOPLESARMY1.jpg\",\"width\":1440,\"height\":954,\"caption\":\"Les soldats zambiens ont \u00e9t\u00e9 lou\u00e9s pour leur contribution au d\u00e9veloppement \u00e9conomique de la ville de Kabwe par le Conseil municipal lors d\u2019un d\u00e9fil\u00e9 le 17 novembre 2023. ARM\u00c9E ZAMBIENNE\"},{\"@type\":\"BreadcrumbList\",\"@id\":\"https:\\\/\\\/adf-magazine.com\\\/fr\\\/2023\\\/12\\\/la-zambie-sefforce-de-batir-une-armee-du-peuple\\\/#breadcrumb\",\"itemListElement\":[{\"@type\":\"ListItem\",\"position\":1,\"name\":\"page d\u2019accueil\",\"item\":\"https:\\\/\\\/adf-magazine.com\\\/\"},{\"@type\":\"ListItem\",\"position\":2,\"name\":\"La Zambie s\u2019efforce de b\u00e2tir une \u00ab Arm\u00e9e du peuple \u00bb\"}]},{\"@type\":\"WebSite\",\"@id\":\"https:\\\/\\\/adf-magazine.com\\\/#website\",\"url\":\"https:\\\/\\\/adf-magazine.com\\\/\",\"name\":\"Africa Defense Forum\",\"description\":\"Africa Defense Forum\",\"potentialAction\":[{\"@type\":\"SearchAction\",\"target\":{\"@type\":\"EntryPoint\",\"urlTemplate\":\"https:\\\/\\\/adf-magazine.com\\\/?s={search_term_string}\"},\"query-input\":{\"@type\":\"PropertyValueSpecification\",\"valueRequired\":true,\"valueName\":\"search_term_string\"}}],\"inLanguage\":\"fr-FR\"},{\"@type\":\"Person\",\"@id\":\"https:\\\/\\\/adf-magazine.com\\\/#\\\/schema\\\/person\\\/f266a6061389568b5a11465bb38bc025\",\"name\":\"ADF\",\"image\":{\"@type\":\"ImageObject\",\"inLanguage\":\"fr-FR\",\"@id\":\"https:\\\/\\\/adf-magazine.com\\\/wp-content\\\/uploads\\\/2020\\\/05\\\/cropped-ADF_icon.jpg\",\"url\":\"https:\\\/\\\/adf-magazine.com\\\/wp-content\\\/uploads\\\/2020\\\/05\\\/cropped-ADF_icon.jpg\",\"contentUrl\":\"https:\\\/\\\/adf-magazine.com\\\/wp-content\\\/uploads\\\/2020\\\/05\\\/cropped-ADF_icon.jpg\",\"caption\":\"ADF\"},\"description\":\"ADF is a professional military magazine published quarterly by U.S. Africa Command to provide an international forum for African security professionals. ADF covers topics such as counter terrorism strategies, security and defense operations, transnational crime, and all other issues affecting peace, stability, and good governance on the African continent.\",\"sameAs\":[\"https:\\\/\\\/x.com\\\/ADFmagazine\"],\"url\":\"https:\\\/\\\/adf-magazine.com\\\/fr\\\/author\\\/adf\\\/\"}]}<\/script>\n<!-- \/ Yoast SEO plugin. -->","yoast_head_json":{"title":"La Zambie s\u2019efforce de b\u00e2tir une \u00ab Arm\u00e9e du peuple \u00bb - Africa Defense Forum","robots":{"index":"index","follow":"follow","max-snippet":"max-snippet:-1","max-image-preview":"max-image-preview:large","max-video-preview":"max-video-preview:-1"},"canonical":"https:\/\/adf-magazine.com\/fr\/2023\/12\/la-zambie-sefforce-de-batir-une-armee-du-peuple\/","og_locale":"fr_FR","og_type":"article","og_title":"La Zambie s\u2019efforce de b\u00e2tir une \u00ab Arm\u00e9e du peuple \u00bb - Africa Defense Forum","og_description":"PERSONNEL D\u2019ADF L\u2019Arm\u00e9e zambienne a entrepris de se transformer, avec un nouveau focus sur un concept civilo-militaire et des initiatives visant \u00e0 professionnaliser ses sous-officiers, accro\u00eetre ses effectifs de soldats et am\u00e9liorer ses relations publiques avec la soci\u00e9t\u00e9 zambienne. Le sergent d\u2019\u00e9tat-major Betty Kaluwa, sp\u00e9cialiste des communications et du protocole dans la Direction des relations","og_url":"https:\/\/adf-magazine.com\/fr\/2023\/12\/la-zambie-sefforce-de-batir-une-armee-du-peuple\/","og_site_name":"Africa Defense Forum","article_publisher":"https:\/\/www.facebook.com\/ADFmagazine\/","article_published_time":"2023-12-05T18:26:01+00:00","article_modified_time":"2023-12-05T18:26:28+00:00","og_image":[{"width":1440,"height":954,"url":"https:\/\/adf-magazine.com\/wp-content\/uploads\/2023\/12\/PEOPLESARMY1.jpg","type":"image\/jpeg"}],"author":"ADF","twitter_card":"summary_large_image","twitter_creator":"@ADFmagazine","twitter_site":"@ADFmagazine","twitter_misc":{"\u00c9crit par":"ADF","Dur\u00e9e de lecture estim\u00e9e":"4 minutes"},"schema":{"@context":"https:\/\/schema.org","@graph":[{"@type":"Article","@id":"https:\/\/adf-magazine.com\/fr\/2023\/12\/la-zambie-sefforce-de-batir-une-armee-du-peuple\/#article","isPartOf":{"@id":"https:\/\/adf-magazine.com\/fr\/2023\/12\/la-zambie-sefforce-de-batir-une-armee-du-peuple\/"},"author":{"name":"ADF","@id":"https:\/\/adf-magazine.com\/#\/schema\/person\/f266a6061389568b5a11465bb38bc025"},"headline":"La Zambie s\u2019efforce de b\u00e2tir une \u00ab Arm\u00e9e du peuple \u00bb","datePublished":"2023-12-05T18:26:01+00:00","dateModified":"2023-12-05T18:26:28+00:00","mainEntityOfPage":{"@id":"https:\/\/adf-magazine.com\/fr\/2023\/12\/la-zambie-sefforce-de-batir-une-armee-du-peuple\/"},"wordCount":816,"commentCount":0,"image":{"@id":"https:\/\/adf-magazine.com\/fr\/2023\/12\/la-zambie-sefforce-de-batir-une-armee-du-peuple\/#primaryimage"},"thumbnailUrl":"https:\/\/adf-magazine.com\/wp-content\/uploads\/2023\/12\/PEOPLESARMY1.jpg","keywords":["Arm\u00e9e de terre","relations communautaires","s\u00e9curit\u00e9 nationale","Zambie"],"articleSection":["Actualit\u00e9s du Jour"],"inLanguage":"fr-FR","potentialAction":[{"@type":"CommentAction","name":"Comment","target":["https:\/\/adf-magazine.com\/fr\/2023\/12\/la-zambie-sefforce-de-batir-une-armee-du-peuple\/#respond"]}]},{"@type":"WebPage","@id":"https:\/\/adf-magazine.com\/fr\/2023\/12\/la-zambie-sefforce-de-batir-une-armee-du-peuple\/","url":"https:\/\/adf-magazine.com\/fr\/2023\/12\/la-zambie-sefforce-de-batir-une-armee-du-peuple\/","name":"La Zambie s\u2019efforce de b\u00e2tir une \u00ab Arm\u00e9e du peuple \u00bb - Africa Defense Forum","isPartOf":{"@id":"https:\/\/adf-magazine.com\/#website"},"primaryImageOfPage":{"@id":"https:\/\/adf-magazine.com\/fr\/2023\/12\/la-zambie-sefforce-de-batir-une-armee-du-peuple\/#primaryimage"},"image":{"@id":"https:\/\/adf-magazine.com\/fr\/2023\/12\/la-zambie-sefforce-de-batir-une-armee-du-peuple\/#primaryimage"},"thumbnailUrl":"https:\/\/adf-magazine.com\/wp-content\/uploads\/2023\/12\/PEOPLESARMY1.jpg","datePublished":"2023-12-05T18:26:01+00:00","dateModified":"2023-12-05T18:26:28+00:00","author":{"@id":"https:\/\/adf-magazine.com\/#\/schema\/person\/f266a6061389568b5a11465bb38bc025"},"breadcrumb":{"@id":"https:\/\/adf-magazine.com\/fr\/2023\/12\/la-zambie-sefforce-de-batir-une-armee-du-peuple\/#breadcrumb"},"inLanguage":"fr-FR","potentialAction":[{"@type":"ReadAction","target":["https:\/\/adf-magazine.com\/fr\/2023\/12\/la-zambie-sefforce-de-batir-une-armee-du-peuple\/"]}]},{"@type":"ImageObject","inLanguage":"fr-FR","@id":"https:\/\/adf-magazine.com\/fr\/2023\/12\/la-zambie-sefforce-de-batir-une-armee-du-peuple\/#primaryimage","url":"https:\/\/adf-magazine.com\/wp-content\/uploads\/2023\/12\/PEOPLESARMY1.jpg","contentUrl":"https:\/\/adf-magazine.com\/wp-content\/uploads\/2023\/12\/PEOPLESARMY1.jpg","width":1440,"height":954,"caption":"Les soldats zambiens ont \u00e9t\u00e9 lou\u00e9s pour leur contribution au d\u00e9veloppement \u00e9conomique de la ville de Kabwe par le Conseil municipal lors d\u2019un d\u00e9fil\u00e9 le 17 novembre 2023. ARM\u00c9E ZAMBIENNE"},{"@type":"BreadcrumbList","@id":"https:\/\/adf-magazine.com\/fr\/2023\/12\/la-zambie-sefforce-de-batir-une-armee-du-peuple\/#breadcrumb","itemListElement":[{"@type":"ListItem","position":1,"name":"page d\u2019accueil","item":"https:\/\/adf-magazine.com\/"},{"@type":"ListItem","position":2,"name":"La Zambie s\u2019efforce de b\u00e2tir une \u00ab Arm\u00e9e du peuple \u00bb"}]},{"@type":"WebSite","@id":"https:\/\/adf-magazine.com\/#website","url":"https:\/\/adf-magazine.com\/","name":"Africa Defense Forum","description":"Africa Defense Forum","potentialAction":[{"@type":"SearchAction","target":{"@type":"EntryPoint","urlTemplate":"https:\/\/adf-magazine.com\/?s={search_term_string}"},"query-input":{"@type":"PropertyValueSpecification","valueRequired":true,"valueName":"search_term_string"}}],"inLanguage":"fr-FR"},{"@type":"Person","@id":"https:\/\/adf-magazine.com\/#\/schema\/person\/f266a6061389568b5a11465bb38bc025","name":"ADF","image":{"@type":"ImageObject","inLanguage":"fr-FR","@id":"https:\/\/adf-magazine.com\/wp-content\/uploads\/2020\/05\/cropped-ADF_icon.jpg","url":"https:\/\/adf-magazine.com\/wp-content\/uploads\/2020\/05\/cropped-ADF_icon.jpg","contentUrl":"https:\/\/adf-magazine.com\/wp-content\/uploads\/2020\/05\/cropped-ADF_icon.jpg","caption":"ADF"},"description":"ADF is a professional military magazine published quarterly by U.S. Africa Command to provide an international forum for African security professionals. ADF covers topics such as counter terrorism strategies, security and defense operations, transnational crime, and all other issues affecting peace, stability, and good governance on the African continent.","sameAs":["https:\/\/x.com\/ADFmagazine"],"url":"https:\/\/adf-magazine.com\/fr\/author\/adf\/"}]}},"_links":{"self":[{"href":"https:\/\/adf-magazine.com\/fr\/wp-json\/wp\/v2\/posts\/110800","targetHints":{"allow":["GET"]}}],"collection":[{"href":"https:\/\/adf-magazine.com\/fr\/wp-json\/wp\/v2\/posts"}],"about":[{"href":"https:\/\/adf-magazine.com\/fr\/wp-json\/wp\/v2\/types\/post"}],"author":[{"embeddable":true,"href":"https:\/\/adf-magazine.com\/fr\/wp-json\/wp\/v2\/users\/1"}],"replies":[{"embeddable":true,"href":"https:\/\/adf-magazine.com\/fr\/wp-json\/wp\/v2\/comments?post=110800"}],"version-history":[{"count":0,"href":"https:\/\/adf-magazine.com\/fr\/wp-json\/wp\/v2\/posts\/110800\/revisions"}],"wp:featuredmedia":[{"embeddable":true,"href":"https:\/\/adf-magazine.com\/fr\/wp-json\/wp\/v2\/media\/110795"}],"wp:attachment":[{"href":"https:\/\/adf-magazine.com\/fr\/wp-json\/wp\/v2\/media?parent=110800"}],"wp:term":[{"taxonomy":"category","embeddable":true,"href":"https:\/\/adf-magazine.com\/fr\/wp-json\/wp\/v2\/categories?post=110800"},{"taxonomy":"post_tag","embeddable":true,"href":"https:\/\/adf-magazine.com\/fr\/wp-json\/wp\/v2\/tags?post=110800"}],"curies":[{"name":"wp","href":"https:\/\/api.w.org\/{rel}","templated":true}]}}