{"id":110782,"date":"2023-11-28T13:06:38","date_gmt":"2023-11-28T18:06:38","guid":{"rendered":"https:\/\/adf-magazine.com\/?p=110782"},"modified":"2023-11-28T13:07:14","modified_gmt":"2023-11-28T18:07:14","slug":"on-craint-de-plus-en-plus-que-les-antecedents-de-violence-ne-se-repetent-au-darfour","status":"publish","type":"post","link":"https:\/\/adf-magazine.com\/fr\/2023\/11\/on-craint-de-plus-en-plus-que-les-antecedents-de-violence-ne-se-repetent-au-darfour\/","title":{"rendered":"On craint de plus en plus que les ant\u00e9c\u00e9dents de violence ne se r\u00e9p\u00e8tent au Darfour"},"content":{"rendered":"<p>PERSONNEL D\u2019ADF<\/p>\n<p>Montessor Saddam \u00e9tait dans un camp pour personnes d\u00e9plac\u00e9es dans la r\u00e9gion soudanaise du Darfour-Occidental lorsque des membres du groupe paramilitaire Forces de soutien rapide (RSF) ont attaqu\u00e9 le 2 novembre.<\/p>\n<p>Sur une p\u00e9riode de trois jours, les RSF ont tu\u00e9 1.300\u00a0personnes et bless\u00e9 2.000, selon ce qu\u2019ont dit les surveillants locaux \u00e0 Al Jazeera. 310\u00a0personnes ont \u00e9t\u00e9 port\u00e9es disparues.<\/p>\n<p>\u00ab\u00a0Ils sont all\u00e9s dans chaque maison pour chercher les hommes et ils ont tu\u00e9 tous ceux qu\u2019ils ont trouv\u00e9s\u00a0\u00bb, a d\u00e9clar\u00e9 M.\u00a0Saddam, qui n\u2019a pas donn\u00e9 son vrai nom, \u00e0 Al Jazeera dans un camp de r\u00e9fugi\u00e9s au Tchad. \u00ab\u00a0Il y avait tant de cadavres dans les rues.\u00a0\u00bb<\/p>\n<p>D\u2019autres survivants et des analystes disent que l\u2019attaque s\u2019inscrit dans le cadre d\u2019une campagne des RSF et de leurs milices arabes alli\u00e9es pour \u00e9liminer la tribu masalit non arabe du Darfour-Occidental.<\/p>\n<p>La vid\u00e9o d\u2019un autre incident obtenue par l\u2019Associated Press montre des combattants RSF qui encerclent les hommes d\u2019un village en lan\u00e7ant des insultes ethniques. Les hommes ont \u00e9t\u00e9 ordonn\u00e9s de courir et on a tir\u00e9 au-dessus de leur t\u00eate lorsqu\u2019ils l\u2019ont fait.<\/p>\n<p>Filippo Grandi, Haut Commissaire des Nations unies pour les r\u00e9fugi\u00e9s, craint que la mont\u00e9e de la violence dans la r\u00e9gion du Darfour ne conduise \u00e0 des atrocit\u00e9s similaires \u00e0 celles commises il y a une vingtaine d\u2019ann\u00e9es.<\/p>\n<p>Au d\u00e9but des ann\u00e9es 2000, des milliers ont \u00e9t\u00e9 tu\u00e9s au Darfour et des millions ont \u00e9t\u00e9 d\u00e9plac\u00e9s au milieu d\u2019affrontements entre les forces du gouvernement soudanais soutenues par les milices alli\u00e9es appel\u00e9es Janjawids et d\u2019autres groupes rebelles. Les forces gouvernementales et les milices ont \u00e9t\u00e9 accus\u00e9es de lancer de nombreuses attaques contre les groupes des ethnies four, masalit et zaghawa.<\/p>\n<p>\u00ab\u00a0Il y a vingt ans, le monde a \u00e9t\u00e9 choqu\u00e9 par les terribles atrocit\u00e9s et violations des droits de l\u2019homme au Darfour, a d\u00e9clar\u00e9 M.\u00a0Grandi. Nous craignons qu\u2019une dynamique similaire ne se d\u00e9veloppe. La cessation imm\u00e9diate des combats et le respect inconditionnel de la population civile par toutes les parties sont cruciaux pour \u00e9viter une autre catastrophe.\u00a0\u00bb<\/p>\n<p>Les rebelles qui appartenaient aux Janjawids et \u00e0 d\u2019autres groupes se battent maintenant aux c\u00f4t\u00e9s des RSF.<\/p>\n<p>\u00ab\u00a0Ils veulent nous soumettre au nettoyage ethnique\u00a0\u00bb, a d\u00e9clar\u00e9 Nahid Hamid. avocat masalit de d\u00e9fense des droits de l\u2019homme, \u00e0 Al Jazeera.<\/p>\n<p>Pendant le conflit pr\u00e9c\u00e9dent, l\u2019ex-pr\u00e9sident Omar el-Beshir avait \u00e9t\u00e9 accus\u00e9 d\u2019opposer les groupes ethniques les uns contre les autres.<\/p>\n<p>Pendant trois jours \u00e0 la mi-novembre, on a signal\u00e9 que 30\u00a0personnes avaient \u00e9t\u00e9 tu\u00e9es dans des affrontements entre les groupes ethniques habbaniya et salamat \u00e0 Buram, dans le Darfour du Sud, o\u00f9 les RSF ont r\u00e9cemment saisi une base militaire des Forces arm\u00e9es soudanaises (SAF). Ni les RSF ni les SAF ne sont intervenues dans les combats, selon le reportage du journal Dabanga Sudan.<\/p>\n<p>Depuis l\u2019\u00e9ruption des combats entre les RSF et les SAF en avril, au moins 9.000\u00a0personnes ont \u00e9t\u00e9 tu\u00e9es et plus de 5,6\u00a0millions ont \u00e9t\u00e9 d\u00e9plac\u00e9es, y compris 1,2\u00a0million qui sont parties aux pays voisins, selon Alice Wairimu Nderitu, conseill\u00e8re sp\u00e9ciale de l\u2019ONU sur la pr\u00e9vention du g\u00e9nocide.<\/p>\n<p>La violence inclut les assassinats bas\u00e9s sur l\u2019identit\u00e9, le viol et d\u2019autres formes de violence sexuelle, la torture, le pillage, les disparitions forc\u00e9es, les arrestations en masse et les bombardements des maisons des civils et de l\u2019infrastructure.<\/p>\n<p>\u00ab\u00a0La dynamique actuelle dans la r\u00e9gion pourrait conduire \u00e0 d\u2019autres assassinats en masse dans un environnement total d\u2019anarchie et d\u2019impunit\u00e9, a d\u00e9clar\u00e9 Mme\u00a0Nderitu. Dans cette r\u00e9gion, le risque du g\u00e9nocide et des crimes d\u2019atrocit\u00e9 li\u00e9s \u00e0 ce dernier reste tristement \u00e9lev\u00e9.\u00a0\u00bb<\/p>\n<p>La violence s\u2019est aussi propag\u00e9e \u00e0 Ardamata dans le Darfour-Occidental, zone qui avait \u00e9t\u00e9 pr\u00e9c\u00e9demment moins affect\u00e9e par les combats. On signale que plus de 800\u00a0personnes ont \u00e9t\u00e9 tu\u00e9es \u00e0 Ardamata. C\u2019est l\u00e0 que se trouvait un camp pour d\u00e9plac\u00e9s internes, jusqu\u2019\u00e0 ce que pr\u00e8s de 100 de ses abris soient incendi\u00e9s. L\u2019attaque s\u2019est produite apr\u00e8s la saisie d\u2019une base SAF par les RSF.<\/p>\n<p>\u00c0 la mi-novembre, l\u2019ONU a d\u00e9clar\u00e9 que les informations pr\u00e9liminaires qu\u2019elle avait obtenues aupr\u00e8s des survivants et des t\u00e9moins sugg\u00e8rent que les civils masalit \u00ab\u00a0ont souffert six journ\u00e9es de terreur\u00a0\u00bb pendant l\u2019attaque.<\/p>\n<p>\u00ab\u00a0Certaines victimes ont \u00e9t\u00e9 sommairement ex\u00e9cut\u00e9es ou br\u00fbl\u00e9es vives\u00a0\u00bb, a dit le porte-parole Jeremy Laurence \u00e0 des journalistes de Gen\u00e8ve.<\/p>\n<p>Mohamad Arbab, \u00e2g\u00e9 de 85\u00a0ans, \u00e9tait l\u2019un des six chefs tribaux tu\u00e9s par les RSF \u00e0 Ardamata. Les combattants ont envahi sa maison et l\u2019ont tu\u00e9, avec son fil et huit petits-enfants, selon l\u2019Association du barreau de Darfour.<\/p>\n<p>\u00ab\u00a0Ils veulent tuer [nos chefs] pour pouvoir nous remplacer par leurs propres membres ainsi que par les Arabes des pays tels que le Tchad et le Niger\u00a0\u00bb, a d\u00e9clar\u00e9 M.\u00a0Hamid, l\u2019avocat masalit de d\u00e9fense des droits de l\u2019homme, \u00e0 Al Jazeera.<\/p>\n<p>La violence a forc\u00e9 des milliers de Soudanais \u00e0 s\u2019enfuir aux pays voisins du Tchad et du Niger, bien que les RSF soient accus\u00e9es de bloquer certaines zones frontali\u00e8res.<\/p>\n<p>Au cours de trois jours au d\u00e9but novembre, 7.000\u00a0personnes, pour la plupart des femmes et des enfants qui n\u2019avaient rien d\u2019autre que leurs v\u00eatements, ont fui vers le Tchad, selon M\u00e9decins sans fronti\u00e8res.<\/p>\n<p>Une jeune Soudanaise a dit qu\u2019elle s\u2019\u00e9tait enfuie l\u00e0-bas avec sa famille apr\u00e8s l\u2019assassinat de son p\u00e8re par les RSF.<\/p>\n<p>\u00ab\u00a0Ils m\u2019ont dit que mon fr\u00e8re avait \u00e9t\u00e9 tu\u00e9 et nous ne savons pas o\u00f9 il est, a-t-elle d\u00e9clar\u00e9 \u00e0 l\u2019Associated Press. Moi-m\u00eame, ma m\u00e8re et les enfants de ma s\u0153ur sont venus. Nous ne savons pas o\u00f9 est mon p\u00e8re. Ils ont tout br\u00fbl\u00e9 et tout pris. Nous n\u2019avons rien emport\u00e9 avec nous, seulement Dieu et nos v\u00eatements.\u00a0\u00bb<\/p>\n","protected":false},"excerpt":{"rendered":"<p>PERSONNEL D\u2019ADF Montessor Saddam \u00e9tait dans un camp pour personnes d\u00e9plac\u00e9es dans la r\u00e9gion soudanaise du Darfour-Occidental lorsque des membres du groupe paramilitaire Forces de soutien rapide (RSF) ont attaqu\u00e9 le 2 novembre. Sur une p\u00e9riode de trois jours, les RSF ont tu\u00e9 1.300\u00a0personnes et bless\u00e9 2.000, selon ce qu\u2019ont dit les surveillants locaux \u00e0<\/p>\n","protected":false},"author":1,"featured_media":110776,"comment_status":"open","ping_status":"closed","sticky":false,"template":"","format":"standard","meta":{"_acf_changed":false,"_monsterinsights_skip_tracking":false,"_monsterinsights_sitenote_active":false,"_monsterinsights_sitenote_note":"","_monsterinsights_sitenote_category":0,"_uf_show_specific_survey":0,"_uf_disable_surveys":false,"footnotes":""},"categories":[331],"tags":[1295,1491,1219,1296,1293,1181],"class_list":{"0":"post-110782","1":"post","2":"type-post","3":"status-publish","4":"format-standard","5":"has-post-thumbnail","7":"category-dernieres-nouvelles","8":"tag-civil-war-fr","9":"tag-crimes-de-guerre-fr","10":"tag-crimes-de-guerre","11":"tag-ethnic-violence-fr","12":"tag-genocide-fr","13":"tag-sudan-fr"},"acf":[],"yoast_head":"<!-- This site is optimized with the Yoast SEO plugin v27.4 - https:\/\/yoast.com\/product\/yoast-seo-wordpress\/ -->\n<title>On craint de plus en plus que les ant\u00e9c\u00e9dents de violence ne se r\u00e9p\u00e8tent au Darfour - Africa Defense Forum<\/title>\n<meta name=\"robots\" content=\"index, follow, max-snippet:-1, max-image-preview:large, max-video-preview:-1\" \/>\n<link rel=\"canonical\" href=\"https:\/\/adf-magazine.com\/2023\/11\/fears-grow-that-violent-history-could-be-repeated-in-darfur\/\" \/>\n<meta property=\"og:locale\" content=\"fr_FR\" \/>\n<meta property=\"og:type\" content=\"article\" \/>\n<meta property=\"og:title\" content=\"On craint de plus en plus que les ant\u00e9c\u00e9dents de violence ne se r\u00e9p\u00e8tent au Darfour - Africa Defense Forum\" \/>\n<meta property=\"og:description\" content=\"PERSONNEL D\u2019ADF Montessor Saddam \u00e9tait dans un camp pour personnes d\u00e9plac\u00e9es dans la r\u00e9gion soudanaise du Darfour-Occidental lorsque des membres du groupe paramilitaire Forces de soutien rapide (RSF) ont attaqu\u00e9 le 2 novembre. Sur une p\u00e9riode de trois jours, les RSF ont tu\u00e9 1.300\u00a0personnes et bless\u00e9 2.000, selon ce qu\u2019ont dit les surveillants locaux \u00e0\" \/>\n<meta property=\"og:url\" content=\"https:\/\/adf-magazine.com\/2023\/11\/fears-grow-that-violent-history-could-be-repeated-in-darfur\/\" \/>\n<meta property=\"og:site_name\" content=\"Africa Defense Forum\" \/>\n<meta property=\"article:publisher\" content=\"https:\/\/www.facebook.com\/ADFmagazine\/\" \/>\n<meta property=\"article:published_time\" content=\"2023-11-28T18:06:38+00:00\" \/>\n<meta property=\"article:modified_time\" content=\"2023-11-28T18:07:14+00:00\" \/>\n<meta property=\"og:image\" content=\"https:\/\/adf-magazine.com\/wp-content\/uploads\/2023\/11\/GettyImages-1639337807.jpg\" \/>\n\t<meta property=\"og:image:width\" content=\"1080\" \/>\n\t<meta property=\"og:image:height\" content=\"720\" \/>\n\t<meta property=\"og:image:type\" content=\"image\/jpeg\" \/>\n<meta name=\"author\" content=\"ADF\" \/>\n<meta name=\"twitter:card\" content=\"summary_large_image\" \/>\n<meta name=\"twitter:creator\" content=\"@ADFmagazine\" \/>\n<meta name=\"twitter:site\" content=\"@ADFmagazine\" \/>\n<meta name=\"twitter:label1\" content=\"\u00c9crit par\" \/>\n\t<meta name=\"twitter:data1\" content=\"ADF\" \/>\n\t<meta name=\"twitter:label2\" content=\"Dur\u00e9e de lecture estim\u00e9e\" \/>\n\t<meta name=\"twitter:data2\" content=\"5 minutes\" \/>\n<script type=\"application\/ld+json\" class=\"yoast-schema-graph\">{\"@context\":\"https:\\\/\\\/schema.org\",\"@graph\":[{\"@type\":\"Article\",\"@id\":\"https:\\\/\\\/adf-magazine.com\\\/2023\\\/11\\\/fears-grow-that-violent-history-could-be-repeated-in-darfur\\\/#article\",\"isPartOf\":{\"@id\":\"https:\\\/\\\/adf-magazine.com\\\/2023\\\/11\\\/fears-grow-that-violent-history-could-be-repeated-in-darfur\\\/\"},\"author\":{\"name\":\"ADF\",\"@id\":\"https:\\\/\\\/adf-magazine.com\\\/#\\\/schema\\\/person\\\/f266a6061389568b5a11465bb38bc025\"},\"headline\":\"On craint de plus en plus que les ant\u00e9c\u00e9dents de violence ne se r\u00e9p\u00e8tent au Darfour\",\"datePublished\":\"2023-11-28T18:06:38+00:00\",\"dateModified\":\"2023-11-28T18:07:14+00:00\",\"mainEntityOfPage\":{\"@id\":\"https:\\\/\\\/adf-magazine.com\\\/2023\\\/11\\\/fears-grow-that-violent-history-could-be-repeated-in-darfur\\\/\"},\"wordCount\":1074,\"commentCount\":0,\"image\":{\"@id\":\"https:\\\/\\\/adf-magazine.com\\\/2023\\\/11\\\/fears-grow-that-violent-history-could-be-repeated-in-darfur\\\/#primaryimage\"},\"thumbnailUrl\":\"https:\\\/\\\/adf-magazine.com\\\/wp-content\\\/uploads\\\/2023\\\/11\\\/GettyImages-1639337807.jpg\",\"keywords\":[\"civil war\",\"crimes de guerre\",\"crimes de guerre\",\"ethnic violence\",\"genocide\",\"Sudan\"],\"articleSection\":[\"Actualit\u00e9s du Jour\"],\"inLanguage\":\"fr-FR\",\"potentialAction\":[{\"@type\":\"CommentAction\",\"name\":\"Comment\",\"target\":[\"https:\\\/\\\/adf-magazine.com\\\/2023\\\/11\\\/fears-grow-that-violent-history-could-be-repeated-in-darfur\\\/#respond\"]}]},{\"@type\":\"WebPage\",\"@id\":\"https:\\\/\\\/adf-magazine.com\\\/2023\\\/11\\\/fears-grow-that-violent-history-could-be-repeated-in-darfur\\\/\",\"url\":\"https:\\\/\\\/adf-magazine.com\\\/2023\\\/11\\\/fears-grow-that-violent-history-could-be-repeated-in-darfur\\\/\",\"name\":\"On craint de plus en plus que les ant\u00e9c\u00e9dents de violence ne se r\u00e9p\u00e8tent au Darfour - Africa Defense Forum\",\"isPartOf\":{\"@id\":\"https:\\\/\\\/adf-magazine.com\\\/#website\"},\"primaryImageOfPage\":{\"@id\":\"https:\\\/\\\/adf-magazine.com\\\/2023\\\/11\\\/fears-grow-that-violent-history-could-be-repeated-in-darfur\\\/#primaryimage\"},\"image\":{\"@id\":\"https:\\\/\\\/adf-magazine.com\\\/2023\\\/11\\\/fears-grow-that-violent-history-could-be-repeated-in-darfur\\\/#primaryimage\"},\"thumbnailUrl\":\"https:\\\/\\\/adf-magazine.com\\\/wp-content\\\/uploads\\\/2023\\\/11\\\/GettyImages-1639337807.jpg\",\"datePublished\":\"2023-11-28T18:06:38+00:00\",\"dateModified\":\"2023-11-28T18:07:14+00:00\",\"author\":{\"@id\":\"https:\\\/\\\/adf-magazine.com\\\/#\\\/schema\\\/person\\\/f266a6061389568b5a11465bb38bc025\"},\"breadcrumb\":{\"@id\":\"https:\\\/\\\/adf-magazine.com\\\/2023\\\/11\\\/fears-grow-that-violent-history-could-be-repeated-in-darfur\\\/#breadcrumb\"},\"inLanguage\":\"fr-FR\",\"potentialAction\":[{\"@type\":\"ReadAction\",\"target\":[\"https:\\\/\\\/adf-magazine.com\\\/2023\\\/11\\\/fears-grow-that-violent-history-could-be-repeated-in-darfur\\\/\"]}]},{\"@type\":\"ImageObject\",\"inLanguage\":\"fr-FR\",\"@id\":\"https:\\\/\\\/adf-magazine.com\\\/2023\\\/11\\\/fears-grow-that-violent-history-could-be-repeated-in-darfur\\\/#primaryimage\",\"url\":\"https:\\\/\\\/adf-magazine.com\\\/wp-content\\\/uploads\\\/2023\\\/11\\\/GettyImages-1639337807.jpg\",\"contentUrl\":\"https:\\\/\\\/adf-magazine.com\\\/wp-content\\\/uploads\\\/2023\\\/11\\\/GettyImages-1639337807.jpg\",\"width\":1080,\"height\":720,\"caption\":\"Cet homme observe l\u2019incendie d\u2019un march\u00e9 \u00e0 b\u00e9tail attaqu\u00e9 par la milice paramilitaire Forces de soutien rapide dans l\u2019\u00c9tat du Darfour du Nord (Soudan). AFP\\\/GETTY IMAGES\"},{\"@type\":\"BreadcrumbList\",\"@id\":\"https:\\\/\\\/adf-magazine.com\\\/2023\\\/11\\\/fears-grow-that-violent-history-could-be-repeated-in-darfur\\\/#breadcrumb\",\"itemListElement\":[{\"@type\":\"ListItem\",\"position\":1,\"name\":\"page d\u2019accueil\",\"item\":\"https:\\\/\\\/adf-magazine.com\\\/\"},{\"@type\":\"ListItem\",\"position\":2,\"name\":\"On craint de plus en plus que les ant\u00e9c\u00e9dents de violence ne se r\u00e9p\u00e8tent au Darfour\"}]},{\"@type\":\"WebSite\",\"@id\":\"https:\\\/\\\/adf-magazine.com\\\/#website\",\"url\":\"https:\\\/\\\/adf-magazine.com\\\/\",\"name\":\"Africa Defense Forum\",\"description\":\"Africa Defense Forum\",\"potentialAction\":[{\"@type\":\"SearchAction\",\"target\":{\"@type\":\"EntryPoint\",\"urlTemplate\":\"https:\\\/\\\/adf-magazine.com\\\/?s={search_term_string}\"},\"query-input\":{\"@type\":\"PropertyValueSpecification\",\"valueRequired\":true,\"valueName\":\"search_term_string\"}}],\"inLanguage\":\"fr-FR\"},{\"@type\":\"Person\",\"@id\":\"https:\\\/\\\/adf-magazine.com\\\/#\\\/schema\\\/person\\\/f266a6061389568b5a11465bb38bc025\",\"name\":\"ADF\",\"image\":{\"@type\":\"ImageObject\",\"inLanguage\":\"fr-FR\",\"@id\":\"https:\\\/\\\/adf-magazine.com\\\/wp-content\\\/uploads\\\/2020\\\/05\\\/cropped-ADF_icon.jpg\",\"url\":\"https:\\\/\\\/adf-magazine.com\\\/wp-content\\\/uploads\\\/2020\\\/05\\\/cropped-ADF_icon.jpg\",\"contentUrl\":\"https:\\\/\\\/adf-magazine.com\\\/wp-content\\\/uploads\\\/2020\\\/05\\\/cropped-ADF_icon.jpg\",\"caption\":\"ADF\"},\"description\":\"ADF is a professional military magazine published quarterly by U.S. Africa Command to provide an international forum for African security professionals. ADF covers topics such as counter terrorism strategies, security and defense operations, transnational crime, and all other issues affecting peace, stability, and good governance on the African continent.\",\"sameAs\":[\"https:\\\/\\\/x.com\\\/ADFmagazine\"],\"url\":\"https:\\\/\\\/adf-magazine.com\\\/fr\\\/author\\\/adf\\\/\"}]}<\/script>\n<!-- \/ Yoast SEO plugin. -->","yoast_head_json":{"title":"On craint de plus en plus que les ant\u00e9c\u00e9dents de violence ne se r\u00e9p\u00e8tent au Darfour - Africa Defense Forum","robots":{"index":"index","follow":"follow","max-snippet":"max-snippet:-1","max-image-preview":"max-image-preview:large","max-video-preview":"max-video-preview:-1"},"canonical":"https:\/\/adf-magazine.com\/2023\/11\/fears-grow-that-violent-history-could-be-repeated-in-darfur\/","og_locale":"fr_FR","og_type":"article","og_title":"On craint de plus en plus que les ant\u00e9c\u00e9dents de violence ne se r\u00e9p\u00e8tent au Darfour - Africa Defense Forum","og_description":"PERSONNEL D\u2019ADF Montessor Saddam \u00e9tait dans un camp pour personnes d\u00e9plac\u00e9es dans la r\u00e9gion soudanaise du Darfour-Occidental lorsque des membres du groupe paramilitaire Forces de soutien rapide (RSF) ont attaqu\u00e9 le 2 novembre. Sur une p\u00e9riode de trois jours, les RSF ont tu\u00e9 1.300\u00a0personnes et bless\u00e9 2.000, selon ce qu\u2019ont dit les surveillants locaux \u00e0","og_url":"https:\/\/adf-magazine.com\/2023\/11\/fears-grow-that-violent-history-could-be-repeated-in-darfur\/","og_site_name":"Africa Defense Forum","article_publisher":"https:\/\/www.facebook.com\/ADFmagazine\/","article_published_time":"2023-11-28T18:06:38+00:00","article_modified_time":"2023-11-28T18:07:14+00:00","og_image":[{"width":1080,"height":720,"url":"https:\/\/adf-magazine.com\/wp-content\/uploads\/2023\/11\/GettyImages-1639337807.jpg","type":"image\/jpeg"}],"author":"ADF","twitter_card":"summary_large_image","twitter_creator":"@ADFmagazine","twitter_site":"@ADFmagazine","twitter_misc":{"\u00c9crit par":"ADF","Dur\u00e9e de lecture estim\u00e9e":"5 minutes"},"schema":{"@context":"https:\/\/schema.org","@graph":[{"@type":"Article","@id":"https:\/\/adf-magazine.com\/2023\/11\/fears-grow-that-violent-history-could-be-repeated-in-darfur\/#article","isPartOf":{"@id":"https:\/\/adf-magazine.com\/2023\/11\/fears-grow-that-violent-history-could-be-repeated-in-darfur\/"},"author":{"name":"ADF","@id":"https:\/\/adf-magazine.com\/#\/schema\/person\/f266a6061389568b5a11465bb38bc025"},"headline":"On craint de plus en plus que les ant\u00e9c\u00e9dents de violence ne se r\u00e9p\u00e8tent au Darfour","datePublished":"2023-11-28T18:06:38+00:00","dateModified":"2023-11-28T18:07:14+00:00","mainEntityOfPage":{"@id":"https:\/\/adf-magazine.com\/2023\/11\/fears-grow-that-violent-history-could-be-repeated-in-darfur\/"},"wordCount":1074,"commentCount":0,"image":{"@id":"https:\/\/adf-magazine.com\/2023\/11\/fears-grow-that-violent-history-could-be-repeated-in-darfur\/#primaryimage"},"thumbnailUrl":"https:\/\/adf-magazine.com\/wp-content\/uploads\/2023\/11\/GettyImages-1639337807.jpg","keywords":["civil war","crimes de guerre","crimes de guerre","ethnic violence","genocide","Sudan"],"articleSection":["Actualit\u00e9s du Jour"],"inLanguage":"fr-FR","potentialAction":[{"@type":"CommentAction","name":"Comment","target":["https:\/\/adf-magazine.com\/2023\/11\/fears-grow-that-violent-history-could-be-repeated-in-darfur\/#respond"]}]},{"@type":"WebPage","@id":"https:\/\/adf-magazine.com\/2023\/11\/fears-grow-that-violent-history-could-be-repeated-in-darfur\/","url":"https:\/\/adf-magazine.com\/2023\/11\/fears-grow-that-violent-history-could-be-repeated-in-darfur\/","name":"On craint de plus en plus que les ant\u00e9c\u00e9dents de violence ne se r\u00e9p\u00e8tent au Darfour - Africa Defense Forum","isPartOf":{"@id":"https:\/\/adf-magazine.com\/#website"},"primaryImageOfPage":{"@id":"https:\/\/adf-magazine.com\/2023\/11\/fears-grow-that-violent-history-could-be-repeated-in-darfur\/#primaryimage"},"image":{"@id":"https:\/\/adf-magazine.com\/2023\/11\/fears-grow-that-violent-history-could-be-repeated-in-darfur\/#primaryimage"},"thumbnailUrl":"https:\/\/adf-magazine.com\/wp-content\/uploads\/2023\/11\/GettyImages-1639337807.jpg","datePublished":"2023-11-28T18:06:38+00:00","dateModified":"2023-11-28T18:07:14+00:00","author":{"@id":"https:\/\/adf-magazine.com\/#\/schema\/person\/f266a6061389568b5a11465bb38bc025"},"breadcrumb":{"@id":"https:\/\/adf-magazine.com\/2023\/11\/fears-grow-that-violent-history-could-be-repeated-in-darfur\/#breadcrumb"},"inLanguage":"fr-FR","potentialAction":[{"@type":"ReadAction","target":["https:\/\/adf-magazine.com\/2023\/11\/fears-grow-that-violent-history-could-be-repeated-in-darfur\/"]}]},{"@type":"ImageObject","inLanguage":"fr-FR","@id":"https:\/\/adf-magazine.com\/2023\/11\/fears-grow-that-violent-history-could-be-repeated-in-darfur\/#primaryimage","url":"https:\/\/adf-magazine.com\/wp-content\/uploads\/2023\/11\/GettyImages-1639337807.jpg","contentUrl":"https:\/\/adf-magazine.com\/wp-content\/uploads\/2023\/11\/GettyImages-1639337807.jpg","width":1080,"height":720,"caption":"Cet homme observe l\u2019incendie d\u2019un march\u00e9 \u00e0 b\u00e9tail attaqu\u00e9 par la milice paramilitaire Forces de soutien rapide dans l\u2019\u00c9tat du Darfour du Nord (Soudan). AFP\/GETTY IMAGES"},{"@type":"BreadcrumbList","@id":"https:\/\/adf-magazine.com\/2023\/11\/fears-grow-that-violent-history-could-be-repeated-in-darfur\/#breadcrumb","itemListElement":[{"@type":"ListItem","position":1,"name":"page d\u2019accueil","item":"https:\/\/adf-magazine.com\/"},{"@type":"ListItem","position":2,"name":"On craint de plus en plus que les ant\u00e9c\u00e9dents de violence ne se r\u00e9p\u00e8tent au Darfour"}]},{"@type":"WebSite","@id":"https:\/\/adf-magazine.com\/#website","url":"https:\/\/adf-magazine.com\/","name":"Africa Defense Forum","description":"Africa Defense Forum","potentialAction":[{"@type":"SearchAction","target":{"@type":"EntryPoint","urlTemplate":"https:\/\/adf-magazine.com\/?s={search_term_string}"},"query-input":{"@type":"PropertyValueSpecification","valueRequired":true,"valueName":"search_term_string"}}],"inLanguage":"fr-FR"},{"@type":"Person","@id":"https:\/\/adf-magazine.com\/#\/schema\/person\/f266a6061389568b5a11465bb38bc025","name":"ADF","image":{"@type":"ImageObject","inLanguage":"fr-FR","@id":"https:\/\/adf-magazine.com\/wp-content\/uploads\/2020\/05\/cropped-ADF_icon.jpg","url":"https:\/\/adf-magazine.com\/wp-content\/uploads\/2020\/05\/cropped-ADF_icon.jpg","contentUrl":"https:\/\/adf-magazine.com\/wp-content\/uploads\/2020\/05\/cropped-ADF_icon.jpg","caption":"ADF"},"description":"ADF is a professional military magazine published quarterly by U.S. Africa Command to provide an international forum for African security professionals. ADF covers topics such as counter terrorism strategies, security and defense operations, transnational crime, and all other issues affecting peace, stability, and good governance on the African continent.","sameAs":["https:\/\/x.com\/ADFmagazine"],"url":"https:\/\/adf-magazine.com\/fr\/author\/adf\/"}]}},"_links":{"self":[{"href":"https:\/\/adf-magazine.com\/fr\/wp-json\/wp\/v2\/posts\/110782","targetHints":{"allow":["GET"]}}],"collection":[{"href":"https:\/\/adf-magazine.com\/fr\/wp-json\/wp\/v2\/posts"}],"about":[{"href":"https:\/\/adf-magazine.com\/fr\/wp-json\/wp\/v2\/types\/post"}],"author":[{"embeddable":true,"href":"https:\/\/adf-magazine.com\/fr\/wp-json\/wp\/v2\/users\/1"}],"replies":[{"embeddable":true,"href":"https:\/\/adf-magazine.com\/fr\/wp-json\/wp\/v2\/comments?post=110782"}],"version-history":[{"count":0,"href":"https:\/\/adf-magazine.com\/fr\/wp-json\/wp\/v2\/posts\/110782\/revisions"}],"wp:featuredmedia":[{"embeddable":true,"href":"https:\/\/adf-magazine.com\/fr\/wp-json\/wp\/v2\/media\/110776"}],"wp:attachment":[{"href":"https:\/\/adf-magazine.com\/fr\/wp-json\/wp\/v2\/media?parent=110782"}],"wp:term":[{"taxonomy":"category","embeddable":true,"href":"https:\/\/adf-magazine.com\/fr\/wp-json\/wp\/v2\/categories?post=110782"},{"taxonomy":"post_tag","embeddable":true,"href":"https:\/\/adf-magazine.com\/fr\/wp-json\/wp\/v2\/tags?post=110782"}],"curies":[{"name":"wp","href":"https:\/\/api.w.org\/{rel}","templated":true}]}}