{"id":110202,"date":"2023-10-24T12:40:29","date_gmt":"2023-10-24T16:40:29","guid":{"rendered":"https:\/\/adf-magazine.com\/?p=110202"},"modified":"2023-10-24T12:41:58","modified_gmt":"2023-10-24T16:41:58","slug":"une-ville-assiegee-les-residents-de-tombouctou-vivent-avec-une-peur-continuelle","status":"publish","type":"post","link":"https:\/\/adf-magazine.com\/fr\/2023\/10\/une-ville-assiegee-les-residents-de-tombouctou-vivent-avec-une-peur-continuelle\/","title":{"rendered":"\u00ab Une ville assi\u00e9g\u00e9e \u00bb : les r\u00e9sidents de Tombouctou vivent avec une peur continuelle"},"content":{"rendered":"<p>PERSONNEL D\u2019ADF<\/p>\n<p>Le bruit des coups de feu et des explosions qui font trembler la terre est normalement entendu et ressenti \u00e0 Tombouctou, ville du Nord du Mali qui \u00e9tait jadis un centre affair\u00e9 pour les touristes internationaux attir\u00e9s par ses mosqu\u00e9es historiques et ses mausol\u00e9es.<\/p>\n<p>Plusieurs mois de violence ont incit\u00e9 Alan Kasujja, qui h\u00e9berge le podcast Africa Daily de la BBC, \u00e0 qualifier Tombouctou au mois d\u2019ao\u00fbt de \u00ab\u00a0ville assi\u00e9g\u00e9e\u00a0\u00bb.<\/p>\n<p>Tombouctou a subi plus de dix ann\u00e9es de guerre \u00e0 la suite d\u2019une insurrection men\u00e9e par des rebelles touaregs en 2012. Pendant pr\u00e8s d\u2019un an, la ville a \u00e9t\u00e9 contr\u00f4l\u00e9e par des groupes extr\u00e9mistes qui mettaient en application des lois religieuses strictes et d\u00e9truisaient un grand nombre de sites historiques de la ville.<\/p>\n<p>Un homme qui a parl\u00e9 anonymement \u00e0 la BBC a dit que Tombouctou est sa ville natale, mais que des combats presque continuels l\u2019avaient convaincu de partir. \u00ab\u00a0C\u2019est devenu une ville o\u00f9 vous entendez des coups de feu tout le temps, o\u00f9 les roquettes tombent sur la ville tout le temps, a-t-il dit \u00e0 la BBC. M\u00eame pour se rendre ailleurs, la route est dangereuse. On esp\u00e9rait prendre le bateau mais le bateau a \u00e9t\u00e9 frapp\u00e9. La vie est tr\u00e8s mis\u00e9rable en ce moment.\u00a0\u00bb<\/p>\n<p>Cet homme faisait r\u00e9f\u00e9rence \u00e0 l\u2019attaque d\u2019un bateau de passager perp\u00e9tr\u00e9e par le JNIM (Jam\u0101\u02bfat nu\u1e63rat al-isl\u0101m wal-muslim\u012bn) li\u00e9 \u00e0 al-Qa\u00efda sur le fleuve Niger en septembre. Cette attaque a tu\u00e9 49\u00a0civils, 15\u00a0soldats maliens et des douzaines de combattants du JNIM.<\/p>\n<p>Depuis la mi-ao\u00fbt, le JNIM essaie de bloquer enti\u00e8rement les activit\u00e9s commerciales \u00e0 Tombouctou.<\/p>\n<p>\u00ab\u00a0Des douzaines de camions charg\u00e9s de nourriture et de fournitures entraient quotidiennement dans la ville mais aujourd\u2019hui, apr\u00e8s le si\u00e8ge, rien ne peut entrer\u00a0\u00bb, d\u00e9clare le journaliste local Omar Sidi Muhammad \u00e0 la BBC.<\/p>\n<p>Le prix des denr\u00e9es qui \u00e9taient transport\u00e9es \u00e0 Tombouctou depuis la Mauritanie ou l\u2019Alg\u00e9rie a plus que doubl\u00e9, dit-il. Il ajoute que les articles tels que le sucre, la farine, l\u2019huile et le lait maternis\u00e9 ont tous \u00e9t\u00e9 affect\u00e9s.<\/p>\n<p>\u00ab\u00a0Il y a une carence de carburant et son prix a grimp\u00e9 de 80\u00a0%\u00a0\u00bb, dit-il.<\/p>\n<p>La strat\u00e9gie du JNIM \u00e0 Tombouctou est semblable \u00e0 celle qu\u2019il utilise \u00e0 Gao, la ville principale du Nord du Mali \u00e0 environ 320\u00a0km de Tombouctou. \u00c0 cause du blocus du JNIM, le manque de carburant entrave aujourd\u2019hui la fourniture de l\u2019\u00e9lectricit\u00e9 dans la ville, ce qui veut dire que les foyers obtiennent l\u2019\u00e9lectricit\u00e9 environ une heure par jour. Le commerce avec l\u2019Alg\u00e9rie et le Niger est bloqu\u00e9 et les marchands partent.<\/p>\n<p>Un r\u00e9sident anonyme de Gao a d\u00e9clar\u00e9 \u00e0 la BBC\u00a0: \u00ab\u00a0Les gens ont peur \u00e0 cause de la guerre. Ils sont m\u00e9contents de la hausse des prix des aliments. Un grand nombre de familles ont quitt\u00e9 la ville.\u00a0\u00bb<\/p>\n<p>En plus du JNIM, l\u2019\u00c9tat islamique (Daech) est actif dans la r\u00e9gion, de m\u00eame que les ex-rebelles, les milices, les groupes d\u2019autod\u00e9fense, les forces maliennes et leurs alli\u00e9s, notamment le groupe Wagner de Russie. Tous ont \u00ab\u00a0des objectifs et des agendas diff\u00e9rents\u00a0\u00bb, d\u00e9clare \u00e0 la BBC H\u00e9ni Nsaibia, chercheur principal du projet ACLED (Armed Conflict Location and Event Data).<\/p>\n<p>Selon l\u2019ACLED, la violence contre les civils maliens a augment\u00e9 de pr\u00e8s de 40\u00a0% cette ann\u00e9e compar\u00e9 \u00e0 l\u2019an dernier. La violence co\u00efncide avec le retrait progressif des troupes de la mission multidimensionnelle des Nations unies pour la stabilisation au Mali (MINUSMA). On anticipe que le personnel de la MINUSMA, s\u2019\u00e9levant \u00e0 pr\u00e8s de 13.000\u00a0personnes, partira du pays avant le 31 d\u00e9cembre.<\/p>\n<p>\u00ab\u00a0Le retrait des forces internationales a refa\u00e7onn\u00e9 plus radicalement le panorama du conflit au Mali\u00a0\u00bb, \u00e0 commencer par le retrait des soldats fran\u00e7ais en 2022, d\u00e9clare M.\u00a0Nsaibia \u00e0 la BBC. Le retrait de la MINUSMA \u00ab\u00a0augmente le risque d\u2019une guerre civile plus intense au Mali et d\u2019une intensification du conflit dans la r\u00e9gion\u00a0\u00bb.<\/p>\n<p>M.\u00a0Nsaibia d\u00e9clare que le retrait de la MINUSMA, ordonn\u00e9 par la junte au pouvoir, compromet aussi un accord de paix fragile conclu en 2015 entre le gouvernement malien et les ex-rebelles touaregs dans le Nord du Mali.<\/p>\n<p>Le pays est devenu encore plus d\u00e9stabilis\u00e9 depuis que les forces de la Wagner y sont entr\u00e9es en d\u00e9cembre 2021 apr\u00e8s le d\u00e9part des soldats fran\u00e7ais. Le groupe a pris pour cible les civils pendant des attaques dans les r\u00e9gions de Mopti, Koulikoro, S\u00e9gou et Tombouctou, o\u00f9 des centaines de civils ont trouv\u00e9 la mort. Ceci inclut le massacre de plus de 500\u00a0civils \u00e0 Moura dans la r\u00e9gion de Mopti en mars 2022.<\/p>\n<p>En tout, 71\u00a0% des engagements en violence politique de la Wagner au Mali ont pris la forme d\u2019attaques ciblant les civils, selon l\u2019ACLED. On estime que 1.000 \u00e0 1.500\u00a0combattants de Wagner sont aujourd\u2019hui actifs dans le centre et le Nord du Mali.<\/p>\n<p>Wagner a \u00ab introduit des tactiques dont l\u2019emploi par une force quelconque du gouvernement malien n\u2019avait jamais \u00e9t\u00e9 constat\u00e9 \u00bb, d\u00e9clare M. Nsaibia \u00e0 la BBC. \u00ab Elles incluent les pi\u00e8ges et l\u2019\u00e9jection des prisonniers depuis les a\u00e9ronefs, en particulier les h\u00e9licopt\u00e8res. Ils capturent les suspects et les lancent dans le vide du haut des h\u00e9licopt\u00e8res. \u00bb<\/p>\n","protected":false},"excerpt":{"rendered":"<p>PERSONNEL D\u2019ADF Le bruit des coups de feu et des explosions qui font trembler la terre est normalement entendu et ressenti \u00e0 Tombouctou, ville du Nord du Mali qui \u00e9tait jadis un centre affair\u00e9 pour les touristes internationaux attir\u00e9s par ses mosqu\u00e9es historiques et ses mausol\u00e9es. Plusieurs mois de violence ont incit\u00e9 Alan Kasujja, qui<\/p>\n","protected":false},"author":1,"featured_media":110199,"comment_status":"open","ping_status":"closed","sticky":false,"template":"","format":"standard","meta":{"_acf_changed":false,"_monsterinsights_skip_tracking":false,"_monsterinsights_sitenote_active":false,"_monsterinsights_sitenote_note":"","_monsterinsights_sitenote_category":0,"_uf_show_specific_survey":0,"_uf_disable_surveys":false,"footnotes":""},"categories":[331],"tags":[1284,1242,434,618,1282],"class_list":{"0":"post-110202","1":"post","2":"type-post","3":"status-publish","4":"format-standard","5":"has-post-thumbnail","7":"category-dernieres-nouvelles","8":"tag-al-qaida","9":"tag-etat-islamique","10":"tag-mali-fr","11":"tag-russie","12":"tag-terrorism-fr"},"acf":[],"yoast_head":"<!-- This site is optimized with the Yoast SEO plugin v27.4 - https:\/\/yoast.com\/product\/yoast-seo-wordpress\/ -->\n<title>\u00ab Une ville assi\u00e9g\u00e9e \u00bb : les r\u00e9sidents de Tombouctou vivent avec une peur continuelle - Africa Defense Forum<\/title>\n<meta name=\"robots\" content=\"index, follow, max-snippet:-1, max-image-preview:large, max-video-preview:-1\" \/>\n<link rel=\"canonical\" href=\"https:\/\/adf-magazine.com\/fr\/2023\/10\/une-ville-assiegee-les-residents-de-tombouctou-vivent-avec-une-peur-continuelle\/\" \/>\n<meta property=\"og:locale\" content=\"fr_FR\" \/>\n<meta property=\"og:type\" content=\"article\" \/>\n<meta property=\"og:title\" content=\"\u00ab Une ville assi\u00e9g\u00e9e \u00bb : les r\u00e9sidents de Tombouctou vivent avec une peur continuelle - Africa Defense Forum\" \/>\n<meta property=\"og:description\" content=\"PERSONNEL D\u2019ADF Le bruit des coups de feu et des explosions qui font trembler la terre est normalement entendu et ressenti \u00e0 Tombouctou, ville du Nord du Mali qui \u00e9tait jadis un centre affair\u00e9 pour les touristes internationaux attir\u00e9s par ses mosqu\u00e9es historiques et ses mausol\u00e9es. Plusieurs mois de violence ont incit\u00e9 Alan Kasujja, qui\" \/>\n<meta property=\"og:url\" content=\"https:\/\/adf-magazine.com\/fr\/2023\/10\/une-ville-assiegee-les-residents-de-tombouctou-vivent-avec-une-peur-continuelle\/\" \/>\n<meta property=\"og:site_name\" content=\"Africa Defense Forum\" \/>\n<meta property=\"article:publisher\" content=\"https:\/\/www.facebook.com\/ADFmagazine\/\" \/>\n<meta property=\"article:published_time\" content=\"2023-10-24T16:40:29+00:00\" \/>\n<meta property=\"article:modified_time\" content=\"2023-10-24T16:41:58+00:00\" \/>\n<meta property=\"og:image\" content=\"https:\/\/adf-magazine.com\/wp-content\/uploads\/2023\/10\/2023-10-03T070344Z_1693996184_RC28I3APARBN_RTRMADP_3_MALI-SECURITY-BLOCKADE.jpg\" \/>\n\t<meta property=\"og:image:width\" content=\"1080\" \/>\n\t<meta property=\"og:image:height\" content=\"720\" \/>\n\t<meta property=\"og:image:type\" content=\"image\/jpeg\" \/>\n<meta name=\"author\" content=\"ADF\" \/>\n<meta name=\"twitter:card\" content=\"summary_large_image\" \/>\n<meta name=\"twitter:creator\" content=\"@ADFmagazine\" \/>\n<meta name=\"twitter:site\" content=\"@ADFmagazine\" \/>\n<meta name=\"twitter:label1\" content=\"\u00c9crit par\" \/>\n\t<meta name=\"twitter:data1\" content=\"ADF\" \/>\n\t<meta name=\"twitter:label2\" content=\"Dur\u00e9e de lecture estim\u00e9e\" \/>\n\t<meta name=\"twitter:data2\" content=\"5 minutes\" \/>\n<script type=\"application\/ld+json\" class=\"yoast-schema-graph\">{\"@context\":\"https:\\\/\\\/schema.org\",\"@graph\":[{\"@type\":\"Article\",\"@id\":\"https:\\\/\\\/adf-magazine.com\\\/fr\\\/2023\\\/10\\\/une-ville-assiegee-les-residents-de-tombouctou-vivent-avec-une-peur-continuelle\\\/#article\",\"isPartOf\":{\"@id\":\"https:\\\/\\\/adf-magazine.com\\\/fr\\\/2023\\\/10\\\/une-ville-assiegee-les-residents-de-tombouctou-vivent-avec-une-peur-continuelle\\\/\"},\"author\":{\"name\":\"ADF\",\"@id\":\"https:\\\/\\\/adf-magazine.com\\\/#\\\/schema\\\/person\\\/f266a6061389568b5a11465bb38bc025\"},\"headline\":\"\u00ab Une ville assi\u00e9g\u00e9e \u00bb : les r\u00e9sidents de Tombouctou vivent avec une peur continuelle\",\"datePublished\":\"2023-10-24T16:40:29+00:00\",\"dateModified\":\"2023-10-24T16:41:58+00:00\",\"mainEntityOfPage\":{\"@id\":\"https:\\\/\\\/adf-magazine.com\\\/fr\\\/2023\\\/10\\\/une-ville-assiegee-les-residents-de-tombouctou-vivent-avec-une-peur-continuelle\\\/\"},\"wordCount\":928,\"commentCount\":0,\"image\":{\"@id\":\"https:\\\/\\\/adf-magazine.com\\\/fr\\\/2023\\\/10\\\/une-ville-assiegee-les-residents-de-tombouctou-vivent-avec-une-peur-continuelle\\\/#primaryimage\"},\"thumbnailUrl\":\"https:\\\/\\\/adf-magazine.com\\\/wp-content\\\/uploads\\\/2023\\\/10\\\/2023-10-03T070344Z_1693996184_RC28I3APARBN_RTRMADP_3_MALI-SECURITY-BLOCKADE.jpg\",\"keywords\":[\"Al-Qa\u00efda\",\"\u00c9tat islamique\",\"Mali\",\"Russie\",\"Terrorism\"],\"articleSection\":[\"Actualit\u00e9s du Jour\"],\"inLanguage\":\"fr-FR\",\"potentialAction\":[{\"@type\":\"CommentAction\",\"name\":\"Comment\",\"target\":[\"https:\\\/\\\/adf-magazine.com\\\/fr\\\/2023\\\/10\\\/une-ville-assiegee-les-residents-de-tombouctou-vivent-avec-une-peur-continuelle\\\/#respond\"]}]},{\"@type\":\"WebPage\",\"@id\":\"https:\\\/\\\/adf-magazine.com\\\/fr\\\/2023\\\/10\\\/une-ville-assiegee-les-residents-de-tombouctou-vivent-avec-une-peur-continuelle\\\/\",\"url\":\"https:\\\/\\\/adf-magazine.com\\\/fr\\\/2023\\\/10\\\/une-ville-assiegee-les-residents-de-tombouctou-vivent-avec-une-peur-continuelle\\\/\",\"name\":\"\u00ab Une ville assi\u00e9g\u00e9e \u00bb : les r\u00e9sidents de Tombouctou vivent avec une peur continuelle - Africa Defense Forum\",\"isPartOf\":{\"@id\":\"https:\\\/\\\/adf-magazine.com\\\/#website\"},\"primaryImageOfPage\":{\"@id\":\"https:\\\/\\\/adf-magazine.com\\\/fr\\\/2023\\\/10\\\/une-ville-assiegee-les-residents-de-tombouctou-vivent-avec-une-peur-continuelle\\\/#primaryimage\"},\"image\":{\"@id\":\"https:\\\/\\\/adf-magazine.com\\\/fr\\\/2023\\\/10\\\/une-ville-assiegee-les-residents-de-tombouctou-vivent-avec-une-peur-continuelle\\\/#primaryimage\"},\"thumbnailUrl\":\"https:\\\/\\\/adf-magazine.com\\\/wp-content\\\/uploads\\\/2023\\\/10\\\/2023-10-03T070344Z_1693996184_RC28I3APARBN_RTRMADP_3_MALI-SECURITY-BLOCKADE.jpg\",\"datePublished\":\"2023-10-24T16:40:29+00:00\",\"dateModified\":\"2023-10-24T16:41:58+00:00\",\"author\":{\"@id\":\"https:\\\/\\\/adf-magazine.com\\\/#\\\/schema\\\/person\\\/f266a6061389568b5a11465bb38bc025\"},\"breadcrumb\":{\"@id\":\"https:\\\/\\\/adf-magazine.com\\\/fr\\\/2023\\\/10\\\/une-ville-assiegee-les-residents-de-tombouctou-vivent-avec-une-peur-continuelle\\\/#breadcrumb\"},\"inLanguage\":\"fr-FR\",\"potentialAction\":[{\"@type\":\"ReadAction\",\"target\":[\"https:\\\/\\\/adf-magazine.com\\\/fr\\\/2023\\\/10\\\/une-ville-assiegee-les-residents-de-tombouctou-vivent-avec-une-peur-continuelle\\\/\"]}]},{\"@type\":\"ImageObject\",\"inLanguage\":\"fr-FR\",\"@id\":\"https:\\\/\\\/adf-magazine.com\\\/fr\\\/2023\\\/10\\\/une-ville-assiegee-les-residents-de-tombouctou-vivent-avec-une-peur-continuelle\\\/#primaryimage\",\"url\":\"https:\\\/\\\/adf-magazine.com\\\/wp-content\\\/uploads\\\/2023\\\/10\\\/2023-10-03T070344Z_1693996184_RC28I3APARBN_RTRMADP_3_MALI-SECURITY-BLOCKADE.jpg\",\"contentUrl\":\"https:\\\/\\\/adf-magazine.com\\\/wp-content\\\/uploads\\\/2023\\\/10\\\/2023-10-03T070344Z_1693996184_RC28I3APARBN_RTRMADP_3_MALI-SECURITY-BLOCKADE.jpg\",\"width\":1080,\"height\":720,\"caption\":\"Circulation \u00e0 l\u2019entr\u00e9e de Tombouctou. REUTERS\"},{\"@type\":\"BreadcrumbList\",\"@id\":\"https:\\\/\\\/adf-magazine.com\\\/fr\\\/2023\\\/10\\\/une-ville-assiegee-les-residents-de-tombouctou-vivent-avec-une-peur-continuelle\\\/#breadcrumb\",\"itemListElement\":[{\"@type\":\"ListItem\",\"position\":1,\"name\":\"page d\u2019accueil\",\"item\":\"https:\\\/\\\/adf-magazine.com\\\/\"},{\"@type\":\"ListItem\",\"position\":2,\"name\":\"\u00ab Une ville assi\u00e9g\u00e9e \u00bb : les r\u00e9sidents de Tombouctou vivent avec une peur continuelle\"}]},{\"@type\":\"WebSite\",\"@id\":\"https:\\\/\\\/adf-magazine.com\\\/#website\",\"url\":\"https:\\\/\\\/adf-magazine.com\\\/\",\"name\":\"Africa Defense Forum\",\"description\":\"Africa Defense Forum\",\"potentialAction\":[{\"@type\":\"SearchAction\",\"target\":{\"@type\":\"EntryPoint\",\"urlTemplate\":\"https:\\\/\\\/adf-magazine.com\\\/?s={search_term_string}\"},\"query-input\":{\"@type\":\"PropertyValueSpecification\",\"valueRequired\":true,\"valueName\":\"search_term_string\"}}],\"inLanguage\":\"fr-FR\"},{\"@type\":\"Person\",\"@id\":\"https:\\\/\\\/adf-magazine.com\\\/#\\\/schema\\\/person\\\/f266a6061389568b5a11465bb38bc025\",\"name\":\"ADF\",\"image\":{\"@type\":\"ImageObject\",\"inLanguage\":\"fr-FR\",\"@id\":\"https:\\\/\\\/adf-magazine.com\\\/wp-content\\\/uploads\\\/2020\\\/05\\\/cropped-ADF_icon.jpg\",\"url\":\"https:\\\/\\\/adf-magazine.com\\\/wp-content\\\/uploads\\\/2020\\\/05\\\/cropped-ADF_icon.jpg\",\"contentUrl\":\"https:\\\/\\\/adf-magazine.com\\\/wp-content\\\/uploads\\\/2020\\\/05\\\/cropped-ADF_icon.jpg\",\"caption\":\"ADF\"},\"description\":\"ADF is a professional military magazine published quarterly by U.S. Africa Command to provide an international forum for African security professionals. ADF covers topics such as counter terrorism strategies, security and defense operations, transnational crime, and all other issues affecting peace, stability, and good governance on the African continent.\",\"sameAs\":[\"https:\\\/\\\/x.com\\\/ADFmagazine\"],\"url\":\"https:\\\/\\\/adf-magazine.com\\\/fr\\\/author\\\/adf\\\/\"}]}<\/script>\n<!-- \/ Yoast SEO plugin. -->","yoast_head_json":{"title":"\u00ab Une ville assi\u00e9g\u00e9e \u00bb : les r\u00e9sidents de Tombouctou vivent avec une peur continuelle - Africa Defense Forum","robots":{"index":"index","follow":"follow","max-snippet":"max-snippet:-1","max-image-preview":"max-image-preview:large","max-video-preview":"max-video-preview:-1"},"canonical":"https:\/\/adf-magazine.com\/fr\/2023\/10\/une-ville-assiegee-les-residents-de-tombouctou-vivent-avec-une-peur-continuelle\/","og_locale":"fr_FR","og_type":"article","og_title":"\u00ab Une ville assi\u00e9g\u00e9e \u00bb : les r\u00e9sidents de Tombouctou vivent avec une peur continuelle - Africa Defense Forum","og_description":"PERSONNEL D\u2019ADF Le bruit des coups de feu et des explosions qui font trembler la terre est normalement entendu et ressenti \u00e0 Tombouctou, ville du Nord du Mali qui \u00e9tait jadis un centre affair\u00e9 pour les touristes internationaux attir\u00e9s par ses mosqu\u00e9es historiques et ses mausol\u00e9es. Plusieurs mois de violence ont incit\u00e9 Alan Kasujja, qui","og_url":"https:\/\/adf-magazine.com\/fr\/2023\/10\/une-ville-assiegee-les-residents-de-tombouctou-vivent-avec-une-peur-continuelle\/","og_site_name":"Africa Defense Forum","article_publisher":"https:\/\/www.facebook.com\/ADFmagazine\/","article_published_time":"2023-10-24T16:40:29+00:00","article_modified_time":"2023-10-24T16:41:58+00:00","og_image":[{"width":1080,"height":720,"url":"https:\/\/adf-magazine.com\/wp-content\/uploads\/2023\/10\/2023-10-03T070344Z_1693996184_RC28I3APARBN_RTRMADP_3_MALI-SECURITY-BLOCKADE.jpg","type":"image\/jpeg"}],"author":"ADF","twitter_card":"summary_large_image","twitter_creator":"@ADFmagazine","twitter_site":"@ADFmagazine","twitter_misc":{"\u00c9crit par":"ADF","Dur\u00e9e de lecture estim\u00e9e":"5 minutes"},"schema":{"@context":"https:\/\/schema.org","@graph":[{"@type":"Article","@id":"https:\/\/adf-magazine.com\/fr\/2023\/10\/une-ville-assiegee-les-residents-de-tombouctou-vivent-avec-une-peur-continuelle\/#article","isPartOf":{"@id":"https:\/\/adf-magazine.com\/fr\/2023\/10\/une-ville-assiegee-les-residents-de-tombouctou-vivent-avec-une-peur-continuelle\/"},"author":{"name":"ADF","@id":"https:\/\/adf-magazine.com\/#\/schema\/person\/f266a6061389568b5a11465bb38bc025"},"headline":"\u00ab Une ville assi\u00e9g\u00e9e \u00bb : les r\u00e9sidents de Tombouctou vivent avec une peur continuelle","datePublished":"2023-10-24T16:40:29+00:00","dateModified":"2023-10-24T16:41:58+00:00","mainEntityOfPage":{"@id":"https:\/\/adf-magazine.com\/fr\/2023\/10\/une-ville-assiegee-les-residents-de-tombouctou-vivent-avec-une-peur-continuelle\/"},"wordCount":928,"commentCount":0,"image":{"@id":"https:\/\/adf-magazine.com\/fr\/2023\/10\/une-ville-assiegee-les-residents-de-tombouctou-vivent-avec-une-peur-continuelle\/#primaryimage"},"thumbnailUrl":"https:\/\/adf-magazine.com\/wp-content\/uploads\/2023\/10\/2023-10-03T070344Z_1693996184_RC28I3APARBN_RTRMADP_3_MALI-SECURITY-BLOCKADE.jpg","keywords":["Al-Qa\u00efda","\u00c9tat islamique","Mali","Russie","Terrorism"],"articleSection":["Actualit\u00e9s du Jour"],"inLanguage":"fr-FR","potentialAction":[{"@type":"CommentAction","name":"Comment","target":["https:\/\/adf-magazine.com\/fr\/2023\/10\/une-ville-assiegee-les-residents-de-tombouctou-vivent-avec-une-peur-continuelle\/#respond"]}]},{"@type":"WebPage","@id":"https:\/\/adf-magazine.com\/fr\/2023\/10\/une-ville-assiegee-les-residents-de-tombouctou-vivent-avec-une-peur-continuelle\/","url":"https:\/\/adf-magazine.com\/fr\/2023\/10\/une-ville-assiegee-les-residents-de-tombouctou-vivent-avec-une-peur-continuelle\/","name":"\u00ab Une ville assi\u00e9g\u00e9e \u00bb : les r\u00e9sidents de Tombouctou vivent avec une peur continuelle - Africa Defense Forum","isPartOf":{"@id":"https:\/\/adf-magazine.com\/#website"},"primaryImageOfPage":{"@id":"https:\/\/adf-magazine.com\/fr\/2023\/10\/une-ville-assiegee-les-residents-de-tombouctou-vivent-avec-une-peur-continuelle\/#primaryimage"},"image":{"@id":"https:\/\/adf-magazine.com\/fr\/2023\/10\/une-ville-assiegee-les-residents-de-tombouctou-vivent-avec-une-peur-continuelle\/#primaryimage"},"thumbnailUrl":"https:\/\/adf-magazine.com\/wp-content\/uploads\/2023\/10\/2023-10-03T070344Z_1693996184_RC28I3APARBN_RTRMADP_3_MALI-SECURITY-BLOCKADE.jpg","datePublished":"2023-10-24T16:40:29+00:00","dateModified":"2023-10-24T16:41:58+00:00","author":{"@id":"https:\/\/adf-magazine.com\/#\/schema\/person\/f266a6061389568b5a11465bb38bc025"},"breadcrumb":{"@id":"https:\/\/adf-magazine.com\/fr\/2023\/10\/une-ville-assiegee-les-residents-de-tombouctou-vivent-avec-une-peur-continuelle\/#breadcrumb"},"inLanguage":"fr-FR","potentialAction":[{"@type":"ReadAction","target":["https:\/\/adf-magazine.com\/fr\/2023\/10\/une-ville-assiegee-les-residents-de-tombouctou-vivent-avec-une-peur-continuelle\/"]}]},{"@type":"ImageObject","inLanguage":"fr-FR","@id":"https:\/\/adf-magazine.com\/fr\/2023\/10\/une-ville-assiegee-les-residents-de-tombouctou-vivent-avec-une-peur-continuelle\/#primaryimage","url":"https:\/\/adf-magazine.com\/wp-content\/uploads\/2023\/10\/2023-10-03T070344Z_1693996184_RC28I3APARBN_RTRMADP_3_MALI-SECURITY-BLOCKADE.jpg","contentUrl":"https:\/\/adf-magazine.com\/wp-content\/uploads\/2023\/10\/2023-10-03T070344Z_1693996184_RC28I3APARBN_RTRMADP_3_MALI-SECURITY-BLOCKADE.jpg","width":1080,"height":720,"caption":"Circulation \u00e0 l\u2019entr\u00e9e de Tombouctou. REUTERS"},{"@type":"BreadcrumbList","@id":"https:\/\/adf-magazine.com\/fr\/2023\/10\/une-ville-assiegee-les-residents-de-tombouctou-vivent-avec-une-peur-continuelle\/#breadcrumb","itemListElement":[{"@type":"ListItem","position":1,"name":"page d\u2019accueil","item":"https:\/\/adf-magazine.com\/"},{"@type":"ListItem","position":2,"name":"\u00ab Une ville assi\u00e9g\u00e9e \u00bb : les r\u00e9sidents de Tombouctou vivent avec une peur continuelle"}]},{"@type":"WebSite","@id":"https:\/\/adf-magazine.com\/#website","url":"https:\/\/adf-magazine.com\/","name":"Africa Defense Forum","description":"Africa Defense Forum","potentialAction":[{"@type":"SearchAction","target":{"@type":"EntryPoint","urlTemplate":"https:\/\/adf-magazine.com\/?s={search_term_string}"},"query-input":{"@type":"PropertyValueSpecification","valueRequired":true,"valueName":"search_term_string"}}],"inLanguage":"fr-FR"},{"@type":"Person","@id":"https:\/\/adf-magazine.com\/#\/schema\/person\/f266a6061389568b5a11465bb38bc025","name":"ADF","image":{"@type":"ImageObject","inLanguage":"fr-FR","@id":"https:\/\/adf-magazine.com\/wp-content\/uploads\/2020\/05\/cropped-ADF_icon.jpg","url":"https:\/\/adf-magazine.com\/wp-content\/uploads\/2020\/05\/cropped-ADF_icon.jpg","contentUrl":"https:\/\/adf-magazine.com\/wp-content\/uploads\/2020\/05\/cropped-ADF_icon.jpg","caption":"ADF"},"description":"ADF is a professional military magazine published quarterly by U.S. Africa Command to provide an international forum for African security professionals. ADF covers topics such as counter terrorism strategies, security and defense operations, transnational crime, and all other issues affecting peace, stability, and good governance on the African continent.","sameAs":["https:\/\/x.com\/ADFmagazine"],"url":"https:\/\/adf-magazine.com\/fr\/author\/adf\/"}]}},"_links":{"self":[{"href":"https:\/\/adf-magazine.com\/fr\/wp-json\/wp\/v2\/posts\/110202","targetHints":{"allow":["GET"]}}],"collection":[{"href":"https:\/\/adf-magazine.com\/fr\/wp-json\/wp\/v2\/posts"}],"about":[{"href":"https:\/\/adf-magazine.com\/fr\/wp-json\/wp\/v2\/types\/post"}],"author":[{"embeddable":true,"href":"https:\/\/adf-magazine.com\/fr\/wp-json\/wp\/v2\/users\/1"}],"replies":[{"embeddable":true,"href":"https:\/\/adf-magazine.com\/fr\/wp-json\/wp\/v2\/comments?post=110202"}],"version-history":[{"count":0,"href":"https:\/\/adf-magazine.com\/fr\/wp-json\/wp\/v2\/posts\/110202\/revisions"}],"wp:featuredmedia":[{"embeddable":true,"href":"https:\/\/adf-magazine.com\/fr\/wp-json\/wp\/v2\/media\/110199"}],"wp:attachment":[{"href":"https:\/\/adf-magazine.com\/fr\/wp-json\/wp\/v2\/media?parent=110202"}],"wp:term":[{"taxonomy":"category","embeddable":true,"href":"https:\/\/adf-magazine.com\/fr\/wp-json\/wp\/v2\/categories?post=110202"},{"taxonomy":"post_tag","embeddable":true,"href":"https:\/\/adf-magazine.com\/fr\/wp-json\/wp\/v2\/tags?post=110202"}],"curies":[{"name":"wp","href":"https:\/\/api.w.org\/{rel}","templated":true}]}}