{"id":110014,"date":"2023-10-10T15:33:14","date_gmt":"2023-10-10T19:33:14","guid":{"rendered":"https:\/\/adf-magazine.com\/?p=110014"},"modified":"2023-10-10T15:34:23","modified_gmt":"2023-10-10T19:34:23","slug":"le-retrait-accelere-de-la-monusco-pourrait-mettre-en-danger-les-congolais","status":"publish","type":"post","link":"https:\/\/adf-magazine.com\/fr\/2023\/10\/le-retrait-accelere-de-la-monusco-pourrait-mettre-en-danger-les-congolais\/","title":{"rendered":"Le retrait acc\u00e9l\u00e9r\u00e9 de la MONUSCO pourrait mettre en danger les Congolais"},"content":{"rendered":"<p style=\"font-weight: 400;\">PERSONNEL D\u2019ADF<\/p>\n<p style=\"font-weight: 400;\">Lorsqu\u2019il s\u2019est exprim\u00e9 devant la r\u00e9union de l\u2019Assembl\u00e9e g\u00e9n\u00e9rale des Nations unies le 20 septembre, le pr\u00e9sident F\u00e9lix Tshisekedi de la R\u00e9publique d\u00e9mocratique du Congo (RDC) a demand\u00e9 un retrait acc\u00e9l\u00e9r\u00e9 de la mission de l\u2019ONU appel\u00e9e MONUSCO.<\/p>\n<p style=\"font-weight: 400;\">\u00ab\u00a0Le moment est venu pour notre pays de saisir le plein contr\u00f4le de son destin et devenir l\u2019acteur principal de sa propre stabilit\u00e9\u00a0\u00bb, a-t-il d\u00e9clar\u00e9.<\/p>\n<p style=\"font-weight: 400;\">Mais les experts disent que, pour plusieurs raisons, il est imprudent de faire avancer d\u2019un an le calendrier \u00e0 la fin 2023, au lieu de la fin 2024.<\/p>\n<p style=\"font-weight: 400;\">\u00ab\u00a0Ils vont \u00eatre remplac\u00e9s par des forces r\u00e9gionales et je ne pense pas que le r\u00e9sultat soit n\u00e9cessairement meilleur\u00a0\u00bb, d\u00e9clare Tara O\u2019Connor, fondatrice et directrice ex\u00e9cutive d\u2019Africa Risk Consulting, dans un panel de discussion sur Al Jazeera.<\/p>\n<p style=\"font-weight: 400;\">\u00ab\u00a0Le vrai risque sera la forte augmentation du mercantilisme, comme on l\u2019a vu avant que les Casques bleus n\u2019arrivent. Il s\u2019agit d\u2019une r\u00e9gion avec d\u2019\u00e9normes richesses min\u00e9rales qui int\u00e9ressent beaucoup un grand nombre d\u2019acteurs des r\u00e9gions et des pays.\u00a0\u00bb<\/p>\n<p style=\"font-weight: 400;\">Elle dit que la MONUSCO a \u00e9t\u00e9 \u00ab\u00a0gravement affect\u00e9e\u00a0\u00bb par le manque d\u2019engagement, de la part du gouvernement de la RDC, pour affronter les probl\u00e8mes sous-jacents d\u2019une vaste r\u00e9gion situ\u00e9e \u00e0 pr\u00e8s de 2.000\u00a0km de la capitale de Kinshasa.<\/p>\n<p style=\"font-weight: 400;\">\u00ab\u00a0Du point de vue militaire, la r\u00e9gion est largement ingouvernable. Le terrain est impossible et l\u2019infrastructure est insuffisante.\u00a0\u00bb<\/p>\n<p style=\"font-weight: 400;\">Depuis longtemps, les observateurs se demandent s\u2019il est raisonnable de s\u2019attendre \u00e0 ce que l\u2019ONU maintienne la paix dans une r\u00e9gion qui a seulement connu le conflit pendant des dizaines d\u2019ann\u00e9es.<\/p>\n<p style=\"font-weight: 400;\">Thomas Mandrup, du Security Institute of Governance and Leadership in Africa \u00e0 l\u2019universit\u00e9 Stellenbosch, d\u00e9clare que les forces r\u00e9gionales qui remplaceront la MONUSCO et qui proviennent de la CAE (Communaut\u00e9 d\u2019Afrique de l\u2019Est) et la CDAA (Communaut\u00e9 de d\u00e9veloppement d\u2019Afrique australe) trouveront les m\u00eames probl\u00e8mes.<\/p>\n<p style=\"font-weight: 400;\">\u00ab\u00a0La question est de savoir s\u2019ils pourront venir et combler le vide laiss\u00e9 par la MONUSCO, a-t-il dit \u00e0 la South African Broadcasting Corp. Pour le moment, il est tout \u00e0 fait improbable que nous les verrons g\u00e9rer cela, si les Congolais ne veulent pas assumer eux-m\u00eames cette responsabilit\u00e9.\u00a0\u00bb<\/p>\n<p style=\"font-weight: 400;\">Le 5 septembre, la CAE a prolong\u00e9 le mandat de sa Force r\u00e9gionale (FR-CAE) d\u2019une dur\u00e9e de trois mois jusqu\u2019au 8 d\u00e9cembre.<\/p>\n<p style=\"font-weight: 400;\">Bien qu\u2019elle n\u2019ait pas annonc\u00e9 de date de d\u00e9ploiement, on anticipe que la force r\u00e9gionale de la CDAA (SAMIDRC) adoptera une posture plus offensive pour combattre les nombreux insurg\u00e9s et groupes arm\u00e9s dans l\u2019Est de la RDC.<\/p>\n<p style=\"font-weight: 400;\">Dans un rapport du mois d\u2019ao\u00fbt, le secr\u00e9taire g\u00e9n\u00e9ral de l\u2019ONU Ant\u00f3nio Guterres a propos\u00e9 de retirer toutes les unit\u00e9s de la MONUSCO dans le Nord-Kivu et un bataillon dans le Sud-Kivu, ainsi que certains sp\u00e9cialistes, observateurs militaires et officiers d\u2019\u00e9tat-major de la mission.<\/p>\n<p style=\"font-weight: 400;\">Son rapport a aussi not\u00e9 \u00ab\u00a0le besoin d\u2019ajuster le mandat de la MONUSCO pour permettre \u00e0 la mission de tirer profit de ses capacit\u00e9s op\u00e9rationnelles et logistiques afin de soutenir la FR-CAE et peut-\u00eatre la SAMIDRC lorsque cette derni\u00e8re sera d\u00e9ploy\u00e9e\u00a0\u00bb.<\/p>\n<p style=\"font-weight: 400;\">Certains membres du Conseil de s\u00e9curit\u00e9 de l\u2019ONU n\u2019acceptent pas l\u2019id\u00e9e d\u2019un retrait acc\u00e9l\u00e9r\u00e9 de la MONUSCO.<\/p>\n<p style=\"font-weight: 400;\">Dans un briefing du Conseil de s\u00e9curit\u00e9 le 28 septembre sur la RDC, l\u2019ambassadeur adjoint britannique James Kariuki a d\u00e9clar\u00e9 que l\u2019ONU devrait envisager seulement une r\u00e9duction du nombre de gardiens de la paix.<\/p>\n<p style=\"font-weight: 400;\">\u00ab\u00a0Nous devons consid\u00e9rer avec soin les implications du retrait de la MONUSCO pour la population civile, a-t-il dit. Les cons\u00e9quences d\u2019un d\u00e9part pr\u00e9cipit\u00e9 pourraient \u00eatre graves.\u00a0\u00bb<\/p>\n<p style=\"font-weight: 400;\">Apr\u00e8s le briefing, la cheffe de la MONUSCO Bintou Keita a d\u00e9clar\u00e9 qu\u2019elle devait toujours se r\u00e9unir avec le Premier ministre congolais Jean-Michel Sama Lukonde pour parler des quatre jalons restants qui doivent \u00eatre atteints \u00ab\u00a0afin d\u2019effectuer un retrait de fa\u00e7on progressive et responsable\u00a0\u00bb.<\/p>\n<p style=\"font-weight: 400;\">\u00ab\u00a0Nous parlons toujours de la protection des civils, a-t-elle dit aux journalistes. Nous parlons toujours de la mise en \u0153uvre du d\u00e9sarmement, de la d\u00e9mobilisation, de la r\u00e9insertion communautaire et de la stabilisation\u00a0; nous parlons aussi de la r\u00e9forme du secteur de la s\u00e9curit\u00e9.\u00a0\u00bb<\/p>\n","protected":false},"excerpt":{"rendered":"<p>PERSONNEL D\u2019ADF Lorsqu\u2019il s\u2019est exprim\u00e9 devant la r\u00e9union de l\u2019Assembl\u00e9e g\u00e9n\u00e9rale des Nations unies le 20 septembre, le pr\u00e9sident F\u00e9lix Tshisekedi de la R\u00e9publique d\u00e9mocratique du Congo (RDC) a demand\u00e9 un retrait acc\u00e9l\u00e9r\u00e9 de la mission de l\u2019ONU appel\u00e9e MONUSCO. \u00ab\u00a0Le moment est venu pour notre pays de saisir le plein contr\u00f4le de son destin<\/p>\n","protected":false},"author":1,"featured_media":110009,"comment_status":"open","ping_status":"closed","sticky":false,"template":"","format":"standard","meta":{"_acf_changed":false,"_monsterinsights_skip_tracking":false,"_monsterinsights_sitenote_active":false,"_monsterinsights_sitenote_note":"","_monsterinsights_sitenote_category":0,"_uf_show_specific_survey":0,"_uf_disable_surveys":false,"footnotes":""},"categories":[331],"tags":[822,484,1201,1021,739,661,633,894,1282],"class_list":{"0":"post-110014","1":"post","2":"type-post","3":"status-publish","4":"format-standard","5":"has-post-thumbnail","7":"category-dernieres-nouvelles","8":"tag-cdaa","9":"tag-extremisme","10":"tag-frcae","11":"tag-insurrection","12":"tag-maintien-de-la-paix","13":"tag-monusco-fr","14":"tag-nations-unies","15":"tag-republique-du-congo","16":"tag-terrorism-fr"},"acf":[],"yoast_head":"<!-- This site is optimized with the Yoast SEO plugin v27.5 - https:\/\/yoast.com\/product\/yoast-seo-wordpress\/ -->\n<title>Le retrait acc\u00e9l\u00e9r\u00e9 de la MONUSCO pourrait mettre en danger les Congolais - Africa Defense Forum<\/title>\n<meta name=\"robots\" content=\"index, follow, max-snippet:-1, max-image-preview:large, max-video-preview:-1\" \/>\n<link rel=\"canonical\" href=\"https:\/\/adf-magazine.com\/fr\/2023\/10\/le-retrait-accelere-de-la-monusco-pourrait-mettre-en-danger-les-congolais\/\" \/>\n<meta property=\"og:locale\" content=\"fr_FR\" \/>\n<meta property=\"og:type\" content=\"article\" \/>\n<meta property=\"og:title\" content=\"Le retrait acc\u00e9l\u00e9r\u00e9 de la MONUSCO pourrait mettre en danger les Congolais - Africa Defense Forum\" \/>\n<meta property=\"og:description\" content=\"PERSONNEL D\u2019ADF Lorsqu\u2019il s\u2019est exprim\u00e9 devant la r\u00e9union de l\u2019Assembl\u00e9e g\u00e9n\u00e9rale des Nations unies le 20 septembre, le pr\u00e9sident F\u00e9lix Tshisekedi de la R\u00e9publique d\u00e9mocratique du Congo (RDC) a demand\u00e9 un retrait acc\u00e9l\u00e9r\u00e9 de la mission de l\u2019ONU appel\u00e9e MONUSCO. \u00ab\u00a0Le moment est venu pour notre pays de saisir le plein contr\u00f4le de son destin\" \/>\n<meta property=\"og:url\" content=\"https:\/\/adf-magazine.com\/fr\/2023\/10\/le-retrait-accelere-de-la-monusco-pourrait-mettre-en-danger-les-congolais\/\" \/>\n<meta property=\"og:site_name\" content=\"Africa Defense Forum\" \/>\n<meta property=\"article:publisher\" content=\"https:\/\/www.facebook.com\/ADFmagazine\/\" \/>\n<meta property=\"article:published_time\" content=\"2023-10-10T19:33:14+00:00\" \/>\n<meta property=\"article:modified_time\" content=\"2023-10-10T19:34:23+00:00\" \/>\n<meta property=\"og:image\" content=\"https:\/\/adf-magazine.com\/wp-content\/uploads\/2023\/10\/MONUSCOOUT.jpg\" \/>\n\t<meta property=\"og:image:width\" content=\"1080\" \/>\n\t<meta property=\"og:image:height\" content=\"720\" \/>\n\t<meta property=\"og:image:type\" content=\"image\/jpeg\" \/>\n<meta name=\"author\" content=\"ADF\" \/>\n<meta name=\"twitter:card\" content=\"summary_large_image\" \/>\n<meta name=\"twitter:creator\" content=\"@ADFmagazine\" \/>\n<meta name=\"twitter:site\" content=\"@ADFmagazine\" \/>\n<meta name=\"twitter:label1\" content=\"\u00c9crit par\" \/>\n\t<meta name=\"twitter:data1\" content=\"ADF\" \/>\n\t<meta name=\"twitter:label2\" content=\"Dur\u00e9e de lecture estim\u00e9e\" \/>\n\t<meta name=\"twitter:data2\" content=\"4 minutes\" \/>\n<script type=\"application\/ld+json\" class=\"yoast-schema-graph\">{\"@context\":\"https:\\\/\\\/schema.org\",\"@graph\":[{\"@type\":\"Article\",\"@id\":\"https:\\\/\\\/adf-magazine.com\\\/fr\\\/2023\\\/10\\\/le-retrait-accelere-de-la-monusco-pourrait-mettre-en-danger-les-congolais\\\/#article\",\"isPartOf\":{\"@id\":\"https:\\\/\\\/adf-magazine.com\\\/fr\\\/2023\\\/10\\\/le-retrait-accelere-de-la-monusco-pourrait-mettre-en-danger-les-congolais\\\/\"},\"author\":{\"name\":\"ADF\",\"@id\":\"https:\\\/\\\/adf-magazine.com\\\/#\\\/schema\\\/person\\\/f266a6061389568b5a11465bb38bc025\"},\"headline\":\"Le retrait acc\u00e9l\u00e9r\u00e9 de la MONUSCO pourrait mettre en danger les Congolais\",\"datePublished\":\"2023-10-10T19:33:14+00:00\",\"dateModified\":\"2023-10-10T19:34:23+00:00\",\"mainEntityOfPage\":{\"@id\":\"https:\\\/\\\/adf-magazine.com\\\/fr\\\/2023\\\/10\\\/le-retrait-accelere-de-la-monusco-pourrait-mettre-en-danger-les-congolais\\\/\"},\"wordCount\":784,\"commentCount\":0,\"image\":{\"@id\":\"https:\\\/\\\/adf-magazine.com\\\/fr\\\/2023\\\/10\\\/le-retrait-accelere-de-la-monusco-pourrait-mettre-en-danger-les-congolais\\\/#primaryimage\"},\"thumbnailUrl\":\"https:\\\/\\\/adf-magazine.com\\\/wp-content\\\/uploads\\\/2023\\\/10\\\/MONUSCOOUT.jpg\",\"keywords\":[\"CDAA\",\"extr\u00e9misme\",\"FRCAE\",\"insurrection\",\"Maintien de la paix\",\"MONUSCO\",\"Nations unies\",\"R\u00e9publique du Congo\",\"Terrorism\"],\"articleSection\":[\"Actualit\u00e9s du Jour\"],\"inLanguage\":\"fr-FR\",\"potentialAction\":[{\"@type\":\"CommentAction\",\"name\":\"Comment\",\"target\":[\"https:\\\/\\\/adf-magazine.com\\\/fr\\\/2023\\\/10\\\/le-retrait-accelere-de-la-monusco-pourrait-mettre-en-danger-les-congolais\\\/#respond\"]}]},{\"@type\":\"WebPage\",\"@id\":\"https:\\\/\\\/adf-magazine.com\\\/fr\\\/2023\\\/10\\\/le-retrait-accelere-de-la-monusco-pourrait-mettre-en-danger-les-congolais\\\/\",\"url\":\"https:\\\/\\\/adf-magazine.com\\\/fr\\\/2023\\\/10\\\/le-retrait-accelere-de-la-monusco-pourrait-mettre-en-danger-les-congolais\\\/\",\"name\":\"Le retrait acc\u00e9l\u00e9r\u00e9 de la MONUSCO pourrait mettre en danger les Congolais - Africa Defense Forum\",\"isPartOf\":{\"@id\":\"https:\\\/\\\/adf-magazine.com\\\/#website\"},\"primaryImageOfPage\":{\"@id\":\"https:\\\/\\\/adf-magazine.com\\\/fr\\\/2023\\\/10\\\/le-retrait-accelere-de-la-monusco-pourrait-mettre-en-danger-les-congolais\\\/#primaryimage\"},\"image\":{\"@id\":\"https:\\\/\\\/adf-magazine.com\\\/fr\\\/2023\\\/10\\\/le-retrait-accelere-de-la-monusco-pourrait-mettre-en-danger-les-congolais\\\/#primaryimage\"},\"thumbnailUrl\":\"https:\\\/\\\/adf-magazine.com\\\/wp-content\\\/uploads\\\/2023\\\/10\\\/MONUSCOOUT.jpg\",\"datePublished\":\"2023-10-10T19:33:14+00:00\",\"dateModified\":\"2023-10-10T19:34:23+00:00\",\"author\":{\"@id\":\"https:\\\/\\\/adf-magazine.com\\\/#\\\/schema\\\/person\\\/f266a6061389568b5a11465bb38bc025\"},\"breadcrumb\":{\"@id\":\"https:\\\/\\\/adf-magazine.com\\\/fr\\\/2023\\\/10\\\/le-retrait-accelere-de-la-monusco-pourrait-mettre-en-danger-les-congolais\\\/#breadcrumb\"},\"inLanguage\":\"fr-FR\",\"potentialAction\":[{\"@type\":\"ReadAction\",\"target\":[\"https:\\\/\\\/adf-magazine.com\\\/fr\\\/2023\\\/10\\\/le-retrait-accelere-de-la-monusco-pourrait-mettre-en-danger-les-congolais\\\/\"]}]},{\"@type\":\"ImageObject\",\"inLanguage\":\"fr-FR\",\"@id\":\"https:\\\/\\\/adf-magazine.com\\\/fr\\\/2023\\\/10\\\/le-retrait-accelere-de-la-monusco-pourrait-mettre-en-danger-les-congolais\\\/#primaryimage\",\"url\":\"https:\\\/\\\/adf-magazine.com\\\/wp-content\\\/uploads\\\/2023\\\/10\\\/MONUSCOOUT.jpg\",\"contentUrl\":\"https:\\\/\\\/adf-magazine.com\\\/wp-content\\\/uploads\\\/2023\\\/10\\\/MONUSCOOUT.jpg\",\"width\":1080,\"height\":720,\"caption\":\"Les membres de la mission de maintien de la paix en R\u00e9publique d\u00e9mocratique du Congo c\u00e9l\u00e8brent la journ\u00e9e internationale des Casques bleus \u00e0 Goma, dans la province du Nord-Kivu, le 29 mai 2023. KEVIN JORDAN\\\/MONUSCO\"},{\"@type\":\"BreadcrumbList\",\"@id\":\"https:\\\/\\\/adf-magazine.com\\\/fr\\\/2023\\\/10\\\/le-retrait-accelere-de-la-monusco-pourrait-mettre-en-danger-les-congolais\\\/#breadcrumb\",\"itemListElement\":[{\"@type\":\"ListItem\",\"position\":1,\"name\":\"page d\u2019accueil\",\"item\":\"https:\\\/\\\/adf-magazine.com\\\/\"},{\"@type\":\"ListItem\",\"position\":2,\"name\":\"Le retrait acc\u00e9l\u00e9r\u00e9 de la MONUSCO pourrait mettre en danger les Congolais\"}]},{\"@type\":\"WebSite\",\"@id\":\"https:\\\/\\\/adf-magazine.com\\\/#website\",\"url\":\"https:\\\/\\\/adf-magazine.com\\\/\",\"name\":\"Africa Defense Forum\",\"description\":\"Africa Defense Forum\",\"potentialAction\":[{\"@type\":\"SearchAction\",\"target\":{\"@type\":\"EntryPoint\",\"urlTemplate\":\"https:\\\/\\\/adf-magazine.com\\\/?s={search_term_string}\"},\"query-input\":{\"@type\":\"PropertyValueSpecification\",\"valueRequired\":true,\"valueName\":\"search_term_string\"}}],\"inLanguage\":\"fr-FR\"},{\"@type\":\"Person\",\"@id\":\"https:\\\/\\\/adf-magazine.com\\\/#\\\/schema\\\/person\\\/f266a6061389568b5a11465bb38bc025\",\"name\":\"ADF\",\"image\":{\"@type\":\"ImageObject\",\"inLanguage\":\"fr-FR\",\"@id\":\"https:\\\/\\\/adf-magazine.com\\\/wp-content\\\/uploads\\\/2020\\\/05\\\/cropped-ADF_icon.jpg\",\"url\":\"https:\\\/\\\/adf-magazine.com\\\/wp-content\\\/uploads\\\/2020\\\/05\\\/cropped-ADF_icon.jpg\",\"contentUrl\":\"https:\\\/\\\/adf-magazine.com\\\/wp-content\\\/uploads\\\/2020\\\/05\\\/cropped-ADF_icon.jpg\",\"caption\":\"ADF\"},\"description\":\"ADF is a professional military magazine published quarterly by U.S. Africa Command to provide an international forum for African security professionals. ADF covers topics such as counter terrorism strategies, security and defense operations, transnational crime, and all other issues affecting peace, stability, and good governance on the African continent.\",\"sameAs\":[\"https:\\\/\\\/x.com\\\/ADFmagazine\"],\"url\":\"https:\\\/\\\/adf-magazine.com\\\/fr\\\/author\\\/adf\\\/\"}]}<\/script>\n<!-- \/ Yoast SEO plugin. -->","yoast_head_json":{"title":"Le retrait acc\u00e9l\u00e9r\u00e9 de la MONUSCO pourrait mettre en danger les Congolais - Africa Defense Forum","robots":{"index":"index","follow":"follow","max-snippet":"max-snippet:-1","max-image-preview":"max-image-preview:large","max-video-preview":"max-video-preview:-1"},"canonical":"https:\/\/adf-magazine.com\/fr\/2023\/10\/le-retrait-accelere-de-la-monusco-pourrait-mettre-en-danger-les-congolais\/","og_locale":"fr_FR","og_type":"article","og_title":"Le retrait acc\u00e9l\u00e9r\u00e9 de la MONUSCO pourrait mettre en danger les Congolais - Africa Defense Forum","og_description":"PERSONNEL D\u2019ADF Lorsqu\u2019il s\u2019est exprim\u00e9 devant la r\u00e9union de l\u2019Assembl\u00e9e g\u00e9n\u00e9rale des Nations unies le 20 septembre, le pr\u00e9sident F\u00e9lix Tshisekedi de la R\u00e9publique d\u00e9mocratique du Congo (RDC) a demand\u00e9 un retrait acc\u00e9l\u00e9r\u00e9 de la mission de l\u2019ONU appel\u00e9e MONUSCO. \u00ab\u00a0Le moment est venu pour notre pays de saisir le plein contr\u00f4le de son destin","og_url":"https:\/\/adf-magazine.com\/fr\/2023\/10\/le-retrait-accelere-de-la-monusco-pourrait-mettre-en-danger-les-congolais\/","og_site_name":"Africa Defense Forum","article_publisher":"https:\/\/www.facebook.com\/ADFmagazine\/","article_published_time":"2023-10-10T19:33:14+00:00","article_modified_time":"2023-10-10T19:34:23+00:00","og_image":[{"width":1080,"height":720,"url":"https:\/\/adf-magazine.com\/wp-content\/uploads\/2023\/10\/MONUSCOOUT.jpg","type":"image\/jpeg"}],"author":"ADF","twitter_card":"summary_large_image","twitter_creator":"@ADFmagazine","twitter_site":"@ADFmagazine","twitter_misc":{"\u00c9crit par":"ADF","Dur\u00e9e de lecture estim\u00e9e":"4 minutes"},"schema":{"@context":"https:\/\/schema.org","@graph":[{"@type":"Article","@id":"https:\/\/adf-magazine.com\/fr\/2023\/10\/le-retrait-accelere-de-la-monusco-pourrait-mettre-en-danger-les-congolais\/#article","isPartOf":{"@id":"https:\/\/adf-magazine.com\/fr\/2023\/10\/le-retrait-accelere-de-la-monusco-pourrait-mettre-en-danger-les-congolais\/"},"author":{"name":"ADF","@id":"https:\/\/adf-magazine.com\/#\/schema\/person\/f266a6061389568b5a11465bb38bc025"},"headline":"Le retrait acc\u00e9l\u00e9r\u00e9 de la MONUSCO pourrait mettre en danger les Congolais","datePublished":"2023-10-10T19:33:14+00:00","dateModified":"2023-10-10T19:34:23+00:00","mainEntityOfPage":{"@id":"https:\/\/adf-magazine.com\/fr\/2023\/10\/le-retrait-accelere-de-la-monusco-pourrait-mettre-en-danger-les-congolais\/"},"wordCount":784,"commentCount":0,"image":{"@id":"https:\/\/adf-magazine.com\/fr\/2023\/10\/le-retrait-accelere-de-la-monusco-pourrait-mettre-en-danger-les-congolais\/#primaryimage"},"thumbnailUrl":"https:\/\/adf-magazine.com\/wp-content\/uploads\/2023\/10\/MONUSCOOUT.jpg","keywords":["CDAA","extr\u00e9misme","FRCAE","insurrection","Maintien de la paix","MONUSCO","Nations unies","R\u00e9publique du Congo","Terrorism"],"articleSection":["Actualit\u00e9s du Jour"],"inLanguage":"fr-FR","potentialAction":[{"@type":"CommentAction","name":"Comment","target":["https:\/\/adf-magazine.com\/fr\/2023\/10\/le-retrait-accelere-de-la-monusco-pourrait-mettre-en-danger-les-congolais\/#respond"]}]},{"@type":"WebPage","@id":"https:\/\/adf-magazine.com\/fr\/2023\/10\/le-retrait-accelere-de-la-monusco-pourrait-mettre-en-danger-les-congolais\/","url":"https:\/\/adf-magazine.com\/fr\/2023\/10\/le-retrait-accelere-de-la-monusco-pourrait-mettre-en-danger-les-congolais\/","name":"Le retrait acc\u00e9l\u00e9r\u00e9 de la MONUSCO pourrait mettre en danger les Congolais - Africa Defense Forum","isPartOf":{"@id":"https:\/\/adf-magazine.com\/#website"},"primaryImageOfPage":{"@id":"https:\/\/adf-magazine.com\/fr\/2023\/10\/le-retrait-accelere-de-la-monusco-pourrait-mettre-en-danger-les-congolais\/#primaryimage"},"image":{"@id":"https:\/\/adf-magazine.com\/fr\/2023\/10\/le-retrait-accelere-de-la-monusco-pourrait-mettre-en-danger-les-congolais\/#primaryimage"},"thumbnailUrl":"https:\/\/adf-magazine.com\/wp-content\/uploads\/2023\/10\/MONUSCOOUT.jpg","datePublished":"2023-10-10T19:33:14+00:00","dateModified":"2023-10-10T19:34:23+00:00","author":{"@id":"https:\/\/adf-magazine.com\/#\/schema\/person\/f266a6061389568b5a11465bb38bc025"},"breadcrumb":{"@id":"https:\/\/adf-magazine.com\/fr\/2023\/10\/le-retrait-accelere-de-la-monusco-pourrait-mettre-en-danger-les-congolais\/#breadcrumb"},"inLanguage":"fr-FR","potentialAction":[{"@type":"ReadAction","target":["https:\/\/adf-magazine.com\/fr\/2023\/10\/le-retrait-accelere-de-la-monusco-pourrait-mettre-en-danger-les-congolais\/"]}]},{"@type":"ImageObject","inLanguage":"fr-FR","@id":"https:\/\/adf-magazine.com\/fr\/2023\/10\/le-retrait-accelere-de-la-monusco-pourrait-mettre-en-danger-les-congolais\/#primaryimage","url":"https:\/\/adf-magazine.com\/wp-content\/uploads\/2023\/10\/MONUSCOOUT.jpg","contentUrl":"https:\/\/adf-magazine.com\/wp-content\/uploads\/2023\/10\/MONUSCOOUT.jpg","width":1080,"height":720,"caption":"Les membres de la mission de maintien de la paix en R\u00e9publique d\u00e9mocratique du Congo c\u00e9l\u00e8brent la journ\u00e9e internationale des Casques bleus \u00e0 Goma, dans la province du Nord-Kivu, le 29 mai 2023. KEVIN JORDAN\/MONUSCO"},{"@type":"BreadcrumbList","@id":"https:\/\/adf-magazine.com\/fr\/2023\/10\/le-retrait-accelere-de-la-monusco-pourrait-mettre-en-danger-les-congolais\/#breadcrumb","itemListElement":[{"@type":"ListItem","position":1,"name":"page d\u2019accueil","item":"https:\/\/adf-magazine.com\/"},{"@type":"ListItem","position":2,"name":"Le retrait acc\u00e9l\u00e9r\u00e9 de la MONUSCO pourrait mettre en danger les Congolais"}]},{"@type":"WebSite","@id":"https:\/\/adf-magazine.com\/#website","url":"https:\/\/adf-magazine.com\/","name":"Africa Defense Forum","description":"Africa Defense Forum","potentialAction":[{"@type":"SearchAction","target":{"@type":"EntryPoint","urlTemplate":"https:\/\/adf-magazine.com\/?s={search_term_string}"},"query-input":{"@type":"PropertyValueSpecification","valueRequired":true,"valueName":"search_term_string"}}],"inLanguage":"fr-FR"},{"@type":"Person","@id":"https:\/\/adf-magazine.com\/#\/schema\/person\/f266a6061389568b5a11465bb38bc025","name":"ADF","image":{"@type":"ImageObject","inLanguage":"fr-FR","@id":"https:\/\/adf-magazine.com\/wp-content\/uploads\/2020\/05\/cropped-ADF_icon.jpg","url":"https:\/\/adf-magazine.com\/wp-content\/uploads\/2020\/05\/cropped-ADF_icon.jpg","contentUrl":"https:\/\/adf-magazine.com\/wp-content\/uploads\/2020\/05\/cropped-ADF_icon.jpg","caption":"ADF"},"description":"ADF is a professional military magazine published quarterly by U.S. Africa Command to provide an international forum for African security professionals. ADF covers topics such as counter terrorism strategies, security and defense operations, transnational crime, and all other issues affecting peace, stability, and good governance on the African continent.","sameAs":["https:\/\/x.com\/ADFmagazine"],"url":"https:\/\/adf-magazine.com\/fr\/author\/adf\/"}]}},"_links":{"self":[{"href":"https:\/\/adf-magazine.com\/fr\/wp-json\/wp\/v2\/posts\/110014","targetHints":{"allow":["GET"]}}],"collection":[{"href":"https:\/\/adf-magazine.com\/fr\/wp-json\/wp\/v2\/posts"}],"about":[{"href":"https:\/\/adf-magazine.com\/fr\/wp-json\/wp\/v2\/types\/post"}],"author":[{"embeddable":true,"href":"https:\/\/adf-magazine.com\/fr\/wp-json\/wp\/v2\/users\/1"}],"replies":[{"embeddable":true,"href":"https:\/\/adf-magazine.com\/fr\/wp-json\/wp\/v2\/comments?post=110014"}],"version-history":[{"count":0,"href":"https:\/\/adf-magazine.com\/fr\/wp-json\/wp\/v2\/posts\/110014\/revisions"}],"wp:featuredmedia":[{"embeddable":true,"href":"https:\/\/adf-magazine.com\/fr\/wp-json\/wp\/v2\/media\/110009"}],"wp:attachment":[{"href":"https:\/\/adf-magazine.com\/fr\/wp-json\/wp\/v2\/media?parent=110014"}],"wp:term":[{"taxonomy":"category","embeddable":true,"href":"https:\/\/adf-magazine.com\/fr\/wp-json\/wp\/v2\/categories?post=110014"},{"taxonomy":"post_tag","embeddable":true,"href":"https:\/\/adf-magazine.com\/fr\/wp-json\/wp\/v2\/tags?post=110014"}],"curies":[{"name":"wp","href":"https:\/\/api.w.org\/{rel}","templated":true}]}}