{"id":109398,"date":"2023-09-19T14:47:37","date_gmt":"2023-09-19T18:47:37","guid":{"rendered":"https:\/\/adf-magazine.com\/?p=109398"},"modified":"2023-09-19T14:48:53","modified_gmt":"2023-09-19T18:48:53","slug":"la-crise-concernant-les-peuls-montre-comment-les-groupes-terroristes-profitent-des-tensions-ethniques","status":"publish","type":"post","link":"https:\/\/adf-magazine.com\/fr\/2023\/09\/la-crise-concernant-les-peuls-montre-comment-les-groupes-terroristes-profitent-des-tensions-ethniques\/","title":{"rendered":"La crise concernant les Peuls montre comment les groupes terroristes profitent des tensions ethniques"},"content":{"rendered":"<p style=\"font-weight: 400;\">PERSONNEL D\u2019ADF<\/p>\n<p style=\"font-weight: 400;\">En ao\u00fbt 2022, un enregistrement audio s\u2019est propag\u00e9 sur WhatsApp et les r\u00e9seaux sociaux du Burkina Faso. Le message exhortait les Burkinab\u00e9s \u00ab\u00a0indig\u00e8nes\u00a0\u00bb \u00e0 se soulever et exterminer le groupe ethnique des Peuls.<\/p>\n<p style=\"font-weight: 400;\">Lionel Bilgo, porte-parole du gouvernement, a d\u00e9clar\u00e9 que l\u2019enregistrement donnait \u00ab\u00a0froid dans le dos\u00a0\u00bb.<\/p>\n<p style=\"font-weight: 400;\">\u00ab\u00a0Ce sont des propos d\u2019une extr\u00eame gravit\u00e9 qui n\u2019ont d\u2019\u00e9quivalence que les d\u00e9rives de la radio Mille Collines qui ont conduit au g\u00e9nocide rwandais, une des pires trag\u00e9dies de l\u2019humanit\u00e9\u00a0\u00bb, a-t-il \u00e9crit.<\/p>\n<p style=\"font-weight: 400;\">L\u2019incident n\u2019est pas isol\u00e9. Sur tout le continent, les affrontements entre les \u00e9leveurs peuls et les communaut\u00e9s agricoles s\u00e8ment la haine et intensifient la violence. \u00c0 mesure que les Peuls deviennent isol\u00e9s et stigmatis\u00e9s, ils sont vuln\u00e9rables au recrutement par les groupes terroristes.<\/p>\n<p style=\"font-weight: 400;\">\u00ab\u00a0Le ciblage des communaut\u00e9s peules bas\u00e9 sur des bobards selon lesquels ils soutiendraient tous les insurg\u00e9s djihadistes, perp\u00e9tue le conflit, facilite le recrutement des Peuls par les djihadistes et s\u00e8me la violence\u00a0\u00bb, \u00e9crit le chercheur James Courtright de Dakar pour le magazine Foreign Policy.<\/p>\n<p style=\"font-weight: 400;\">Les Peuls sont un groupe ethnique d\u2019environ 30\u00a0millions de personnes qui est pr\u00e9sent au Sahel, entre le S\u00e9n\u00e9gal et le Soudan. De nombreux Peuls, d\u00e9crits comme \u00e9tant semi-nomadiques, suivent toujours leurs anciennes traditions en menant leurs troupeaux sur des centaines de kilom\u00e8tres \u00e0 la recherche de p\u00e2turages.<\/p>\n<p style=\"font-weight: 400;\">Au cours des derni\u00e8res ann\u00e9es, les Peuls ont \u00e9t\u00e9 bl\u00e2m\u00e9s pour l\u2019ins\u00e9curit\u00e9 au Nigeria, au Niger, au Burkina Faso et au Mali. Cette crise est parfois appel\u00e9e la \u00ab\u00a0r\u00e9bellion peule\u00a0\u00bb.<\/p>\n<p style=\"font-weight: 400;\">Les Peuls assument des postes de haut rang dans plusieurs groupes terroristes. Le groupe terroriste malien Front de lib\u00e9ration du Macina (FLM) a \u00e9t\u00e9 fond\u00e9 par un pr\u00e9dicateur peul. Il en est de m\u00eame pour le groupe Ansarul Islam au Burkina Faso. De nombreux Peuls sont membres de l\u2019\u00c9tat islamique du Grand Sahara, de l\u2019Ansar Dine et de Jamaat Nosrat al-Islam wal-Mouslimin (JNIM).<\/p>\n<p style=\"font-weight: 400;\">Mais les Peuls sont aussi des victimes de la violence au Sahel, de fa\u00e7on disproportionn\u00e9e. Plus de la moiti\u00e9 des civils tu\u00e9s par l\u2019arm\u00e9e ou par d\u2019autres milices ethniques au Mali et au Burkina Faso en 2022 \u00e9taient des Peuls, selon les donn\u00e9es recueillies par l\u2019ACLED (Armed Conflict Location and Event Data Project). La violence est incit\u00e9e par des \u00e9missions radio et des articles de r\u00e9seaux sociaux \u00e0 caract\u00e8re racial qui repr\u00e9sentent tous les Peuls comme des terroristes. La r\u00e9gion a constat\u00e9 la mont\u00e9e de l\u2019influence des groupes d\u2019autod\u00e9fense ethniques, y compris un groupe nig\u00e9rian qui a commis des assassinats extra-judiciaires contre les Peuls.<\/p>\n<p style=\"font-weight: 400;\">\u00ab\u00a0Lorsqu\u2019un groupe quelconque de la communaut\u00e9 se sent ali\u00e9n\u00e9 ou est sujet \u00e0 toute forme de discrimination, cela cr\u00e9e un terrain fertile pour les troubles sociaux, l\u2019extr\u00e9misme et les r\u00e9actions violentes\u00a0\u00bb, a d\u00e9clar\u00e9 l\u2019analyste de s\u00e9curit\u00e9 ghan\u00e9en Adib Saani dans un forum visant \u00e0 affronter la violence li\u00e9e aux Peuls.<\/p>\n<p style=\"font-weight: 400;\"><strong>Pouss\u00e9s les uns contre les autres<\/strong><\/p>\n<p style=\"font-weight: 400;\">Les racines du conflit au Sahel sont complexes. La concurrence li\u00e9e aux rares ressources, la marginalisation et un besoin de protection contre les attaques sont mentionn\u00e9s parmi les raisons pour lesquelles les Peuls prennent les armes.<\/p>\n<p style=\"font-weight: 400;\">Aneliese Bernard, directrice du cabinet de consultants Strategic Stabilization Advisors, d\u00e9clare \u00e0 ADF\u00a0: \u00ab\u00a0C\u2019est une s\u00e9rie de plusieurs couches, comme un oignon. Le changement climatique, la croissance rapide de la population, l\u2019urbanisation, la s\u00e9cheresse\u00a0: tout cela a vraiment amplifi\u00e9 et exacerb\u00e9 les tensions localis\u00e9es qui existaient d\u00e9j\u00e0.\u00a0\u00bb<\/p>\n<p style=\"font-weight: 400;\">Au cours des derni\u00e8res ann\u00e9es, les \u00e9leveurs et les fermiers ont \u00e9t\u00e9 pouss\u00e9s les uns contre les autres en se faisant concurrence pour les p\u00e2turages en d\u00e9croissance. La violence entre les deux groupes en r\u00e9sulte fr\u00e9quemment. Plus de 15.000\u00a0personnes ont \u00e9t\u00e9 tu\u00e9es dans les conflits entre fermiers et pastoraux en Afrique de l\u2019Ouest et Afrique centrale entre 2010 et 2020, et les taux de d\u00e9c\u00e8s sont en hausse.<\/p>\n<p style=\"font-weight: 400;\">\u00ab\u00a0Il y a moins de terre pour les fermiers et moins de terre pour les pastoraux, d\u00e9clare Mme\u00a0Bernard. Au cours des vingt derni\u00e8res ann\u00e9es,\u00a0 les distances qui s\u00e9paraient les communaut\u00e9s ont diminu\u00e9 rapidement. Maintenant, ces communaut\u00e9s se disputent les terres arables qui restent.\u00a0\u00bb<\/p>\n<p style=\"font-weight: 400;\">En m\u00eame temps, l\u2019ins\u00e9curit\u00e9 g\u00e9n\u00e9ralis\u00e9e et la mont\u00e9e des groupes extr\u00e9mistes violents ont conduit beaucoup de communaut\u00e9s peules \u00e0 s\u2019armer. Mme Bernard dit\u00a0: \u00ab\u00a0La pr\u00e9sence djihadiste a forc\u00e9 les groupes, non seulement les Peuls mais d\u2019autres aussi, \u00e0 accepter le fait que l\u2019\u00e9tat ne va pas leur fournir une s\u00e9curit\u00e9 suffisante. Ces communaut\u00e9s devront donc rejoindre les djihadistes pour obtenir une s\u00e9curit\u00e9 provisoire ou cr\u00e9er une milice communautaire d\u2019autod\u00e9fense.\u00a0\u00bb<\/p>\n<p style=\"font-weight: 400;\">Les groupes terroristes cherchent \u00e0 profiter de ce sentiment d\u2019isolement. En particulier Amadou Koufa, fondateur du FLM, a essay\u00e9 de se pr\u00e9senter comme protecteur des Peuls. Les observateurs craignent que les groupes radicaux ne s\u2019ins\u00e8rent parmi les communaut\u00e9s peules des \u00e9tats c\u00f4tiers tels que la C\u00f4te d\u2019Ivoire, le Ghana, le Togo et le B\u00e9nin.<\/p>\n<p style=\"font-weight: 400;\"><strong>\u00ab\u00a0Rentrer chez eux en toute s\u00e9curit\u00e9\u00a0\u00bb<\/strong><\/p>\n<p style=\"font-weight: 400;\">Ce probl\u00e8me ne poss\u00e8de pas de solution simple, mais Mme\u00a0Bernard d\u00e9clare que les programmes qui cr\u00e9ent une fili\u00e8re pour que les combattants abandonnent la lutte et se r\u00e9int\u00e8grent ont eu un certain succ\u00e8s au Niger. Il est crucial que les communaut\u00e9s en premi\u00e8re ligne du conflit, ainsi que les responsables militaires et gouvernementaux, jouent un r\u00f4le pour encourager les combattants \u00e0 d\u00e9poser leurs armes.<\/p>\n<p style=\"font-weight: 400;\">\u00ab\u00a0Vous voulez les encourager pour qu\u2019ils pensent qu\u2019ils peuvent rentrer chez eux en toute s\u00e9curit\u00e9\u00a0: si le processus fonctionne de fa\u00e7on s\u00e9curis\u00e9e et efficace, il sert de boucle de r\u00e9action, et ils le diront \u00e0 leurs amis.\u00a0\u00bb<\/p>\n<p style=\"font-weight: 400;\">Au cours des derni\u00e8res ann\u00e9es, le gouvernement nig\u00e9rien avait aussi parrain\u00e9 des efforts de dialogue et de m\u00e9diation intercommunautaires pour promouvoir la compr\u00e9hension interculturelle. La fa\u00e7on dont le coup d\u2019\u00c9tat r\u00e9cent au Niger et les troubles politiques impacteront ces programmes demeure incertaine.<\/p>\n<p style=\"font-weight: 400;\">\u00ab\u00a0Cela n\u00e9cessite un effort persistant pour le r\u00e9aliser, mais peu de ressources sont n\u00e9cessaires, d\u00e9clare Mme\u00a0Bernard. Vous devez le maintenir parce que, s\u2019il s\u2019arr\u00eate, tout s\u2019effondre.\u00a0\u00bb<\/p>\n","protected":false},"excerpt":{"rendered":"<p>PERSONNEL D\u2019ADF En ao\u00fbt 2022, un enregistrement audio s\u2019est propag\u00e9 sur WhatsApp et les r\u00e9seaux sociaux du Burkina Faso. Le message exhortait les Burkinab\u00e9s \u00ab\u00a0indig\u00e8nes\u00a0\u00bb \u00e0 se soulever et exterminer le groupe ethnique des Peuls. Lionel Bilgo, porte-parole du gouvernement, a d\u00e9clar\u00e9 que l\u2019enregistrement donnait \u00ab\u00a0froid dans le dos\u00a0\u00bb. \u00ab\u00a0Ce sont des propos d\u2019une extr\u00eame<\/p>\n","protected":false},"author":1,"featured_media":109393,"comment_status":"open","ping_status":"closed","sticky":false,"template":"","format":"standard","meta":{"_acf_changed":false,"_monsterinsights_skip_tracking":false,"_monsterinsights_sitenote_active":false,"_monsterinsights_sitenote_note":"","_monsterinsights_sitenote_category":0,"_uf_show_specific_survey":0,"_uf_disable_surveys":false,"footnotes":""},"categories":[331],"tags":[],"class_list":{"0":"post-109398","1":"post","2":"type-post","3":"status-publish","4":"format-standard","5":"has-post-thumbnail","7":"category-dernieres-nouvelles"},"acf":[],"yoast_head":"<!-- This site is optimized with the Yoast SEO plugin v27.5 - https:\/\/yoast.com\/product\/yoast-seo-wordpress\/ -->\n<title>La crise concernant les Peuls montre comment les groupes terroristes profitent des tensions ethniques - Africa Defense Forum<\/title>\n<meta name=\"robots\" content=\"index, follow, max-snippet:-1, max-image-preview:large, max-video-preview:-1\" \/>\n<link rel=\"canonical\" href=\"https:\/\/adf-magazine.com\/fr\/2023\/09\/la-crise-concernant-les-peuls-montre-comment-les-groupes-terroristes-profitent-des-tensions-ethniques\/\" \/>\n<meta property=\"og:locale\" content=\"fr_FR\" \/>\n<meta property=\"og:type\" content=\"article\" \/>\n<meta property=\"og:title\" content=\"La crise concernant les Peuls montre comment les groupes terroristes profitent des tensions ethniques - Africa Defense Forum\" \/>\n<meta property=\"og:description\" content=\"PERSONNEL D\u2019ADF En ao\u00fbt 2022, un enregistrement audio s\u2019est propag\u00e9 sur WhatsApp et les r\u00e9seaux sociaux du Burkina Faso. Le message exhortait les Burkinab\u00e9s \u00ab\u00a0indig\u00e8nes\u00a0\u00bb \u00e0 se soulever et exterminer le groupe ethnique des Peuls. Lionel Bilgo, porte-parole du gouvernement, a d\u00e9clar\u00e9 que l\u2019enregistrement donnait \u00ab\u00a0froid dans le dos\u00a0\u00bb. \u00ab\u00a0Ce sont des propos d\u2019une extr\u00eame\" \/>\n<meta property=\"og:url\" content=\"https:\/\/adf-magazine.com\/fr\/2023\/09\/la-crise-concernant-les-peuls-montre-comment-les-groupes-terroristes-profitent-des-tensions-ethniques\/\" \/>\n<meta property=\"og:site_name\" content=\"Africa Defense Forum\" \/>\n<meta property=\"article:publisher\" content=\"https:\/\/www.facebook.com\/ADFmagazine\/\" \/>\n<meta property=\"article:published_time\" content=\"2023-09-19T18:47:37+00:00\" \/>\n<meta property=\"article:modified_time\" content=\"2023-09-19T18:48:53+00:00\" \/>\n<meta property=\"og:image\" content=\"https:\/\/adf-magazine.com\/wp-content\/uploads\/2023\/09\/GettyImages-1231877039.jpg\" \/>\n\t<meta property=\"og:image:width\" content=\"1024\" \/>\n\t<meta property=\"og:image:height\" content=\"683\" \/>\n\t<meta property=\"og:image:type\" content=\"image\/jpeg\" \/>\n<meta name=\"author\" content=\"ADF\" \/>\n<meta name=\"twitter:card\" content=\"summary_large_image\" \/>\n<meta name=\"twitter:creator\" content=\"@ADFmagazine\" \/>\n<meta name=\"twitter:site\" content=\"@ADFmagazine\" \/>\n<meta name=\"twitter:label1\" content=\"\u00c9crit par\" \/>\n\t<meta name=\"twitter:data1\" content=\"ADF\" \/>\n\t<meta name=\"twitter:label2\" content=\"Dur\u00e9e de lecture estim\u00e9e\" \/>\n\t<meta name=\"twitter:data2\" content=\"6 minutes\" \/>\n<script type=\"application\/ld+json\" class=\"yoast-schema-graph\">{\"@context\":\"https:\\\/\\\/schema.org\",\"@graph\":[{\"@type\":\"Article\",\"@id\":\"https:\\\/\\\/adf-magazine.com\\\/fr\\\/2023\\\/09\\\/la-crise-concernant-les-peuls-montre-comment-les-groupes-terroristes-profitent-des-tensions-ethniques\\\/#article\",\"isPartOf\":{\"@id\":\"https:\\\/\\\/adf-magazine.com\\\/fr\\\/2023\\\/09\\\/la-crise-concernant-les-peuls-montre-comment-les-groupes-terroristes-profitent-des-tensions-ethniques\\\/\"},\"author\":{\"name\":\"ADF\",\"@id\":\"https:\\\/\\\/adf-magazine.com\\\/#\\\/schema\\\/person\\\/f266a6061389568b5a11465bb38bc025\"},\"headline\":\"La crise concernant les Peuls montre comment les groupes terroristes profitent des tensions ethniques\",\"datePublished\":\"2023-09-19T18:47:37+00:00\",\"dateModified\":\"2023-09-19T18:48:53+00:00\",\"mainEntityOfPage\":{\"@id\":\"https:\\\/\\\/adf-magazine.com\\\/fr\\\/2023\\\/09\\\/la-crise-concernant-les-peuls-montre-comment-les-groupes-terroristes-profitent-des-tensions-ethniques\\\/\"},\"wordCount\":1128,\"commentCount\":0,\"image\":{\"@id\":\"https:\\\/\\\/adf-magazine.com\\\/fr\\\/2023\\\/09\\\/la-crise-concernant-les-peuls-montre-comment-les-groupes-terroristes-profitent-des-tensions-ethniques\\\/#primaryimage\"},\"thumbnailUrl\":\"https:\\\/\\\/adf-magazine.com\\\/wp-content\\\/uploads\\\/2023\\\/09\\\/GettyImages-1231877039.jpg\",\"articleSection\":[\"Actualit\u00e9s du Jour\"],\"inLanguage\":\"fr-FR\",\"potentialAction\":[{\"@type\":\"CommentAction\",\"name\":\"Comment\",\"target\":[\"https:\\\/\\\/adf-magazine.com\\\/fr\\\/2023\\\/09\\\/la-crise-concernant-les-peuls-montre-comment-les-groupes-terroristes-profitent-des-tensions-ethniques\\\/#respond\"]}]},{\"@type\":\"WebPage\",\"@id\":\"https:\\\/\\\/adf-magazine.com\\\/fr\\\/2023\\\/09\\\/la-crise-concernant-les-peuls-montre-comment-les-groupes-terroristes-profitent-des-tensions-ethniques\\\/\",\"url\":\"https:\\\/\\\/adf-magazine.com\\\/fr\\\/2023\\\/09\\\/la-crise-concernant-les-peuls-montre-comment-les-groupes-terroristes-profitent-des-tensions-ethniques\\\/\",\"name\":\"La crise concernant les Peuls montre comment les groupes terroristes profitent des tensions ethniques - Africa Defense Forum\",\"isPartOf\":{\"@id\":\"https:\\\/\\\/adf-magazine.com\\\/#website\"},\"primaryImageOfPage\":{\"@id\":\"https:\\\/\\\/adf-magazine.com\\\/fr\\\/2023\\\/09\\\/la-crise-concernant-les-peuls-montre-comment-les-groupes-terroristes-profitent-des-tensions-ethniques\\\/#primaryimage\"},\"image\":{\"@id\":\"https:\\\/\\\/adf-magazine.com\\\/fr\\\/2023\\\/09\\\/la-crise-concernant-les-peuls-montre-comment-les-groupes-terroristes-profitent-des-tensions-ethniques\\\/#primaryimage\"},\"thumbnailUrl\":\"https:\\\/\\\/adf-magazine.com\\\/wp-content\\\/uploads\\\/2023\\\/09\\\/GettyImages-1231877039.jpg\",\"datePublished\":\"2023-09-19T18:47:37+00:00\",\"dateModified\":\"2023-09-19T18:48:53+00:00\",\"author\":{\"@id\":\"https:\\\/\\\/adf-magazine.com\\\/#\\\/schema\\\/person\\\/f266a6061389568b5a11465bb38bc025\"},\"breadcrumb\":{\"@id\":\"https:\\\/\\\/adf-magazine.com\\\/fr\\\/2023\\\/09\\\/la-crise-concernant-les-peuls-montre-comment-les-groupes-terroristes-profitent-des-tensions-ethniques\\\/#breadcrumb\"},\"inLanguage\":\"fr-FR\",\"potentialAction\":[{\"@type\":\"ReadAction\",\"target\":[\"https:\\\/\\\/adf-magazine.com\\\/fr\\\/2023\\\/09\\\/la-crise-concernant-les-peuls-montre-comment-les-groupes-terroristes-profitent-des-tensions-ethniques\\\/\"]}]},{\"@type\":\"ImageObject\",\"inLanguage\":\"fr-FR\",\"@id\":\"https:\\\/\\\/adf-magazine.com\\\/fr\\\/2023\\\/09\\\/la-crise-concernant-les-peuls-montre-comment-les-groupes-terroristes-profitent-des-tensions-ethniques\\\/#primaryimage\",\"url\":\"https:\\\/\\\/adf-magazine.com\\\/wp-content\\\/uploads\\\/2023\\\/09\\\/GettyImages-1231877039.jpg\",\"contentUrl\":\"https:\\\/\\\/adf-magazine.com\\\/wp-content\\\/uploads\\\/2023\\\/09\\\/GettyImages-1231877039.jpg\",\"width\":1024,\"height\":683,\"caption\":\"Un \u00e9leveur peul m\u00e8ne son b\u00e9tail vers des p\u00e2turages dans le centre du Mali. Au cours des derni\u00e8res ann\u00e9es, les affrontements entre les pastoraux peuls et les fermiers se sont intensifi\u00e9s. Les groupes extr\u00e9mistes profitent de la violence et de la stigmatisation des Peuls pour recruter. AFP\\\/GETTY IMAGES\"},{\"@type\":\"BreadcrumbList\",\"@id\":\"https:\\\/\\\/adf-magazine.com\\\/fr\\\/2023\\\/09\\\/la-crise-concernant-les-peuls-montre-comment-les-groupes-terroristes-profitent-des-tensions-ethniques\\\/#breadcrumb\",\"itemListElement\":[{\"@type\":\"ListItem\",\"position\":1,\"name\":\"page d\u2019accueil\",\"item\":\"https:\\\/\\\/adf-magazine.com\\\/\"},{\"@type\":\"ListItem\",\"position\":2,\"name\":\"La crise concernant les Peuls montre comment les groupes terroristes profitent des tensions ethniques\"}]},{\"@type\":\"WebSite\",\"@id\":\"https:\\\/\\\/adf-magazine.com\\\/#website\",\"url\":\"https:\\\/\\\/adf-magazine.com\\\/\",\"name\":\"Africa Defense Forum\",\"description\":\"Africa Defense Forum\",\"potentialAction\":[{\"@type\":\"SearchAction\",\"target\":{\"@type\":\"EntryPoint\",\"urlTemplate\":\"https:\\\/\\\/adf-magazine.com\\\/?s={search_term_string}\"},\"query-input\":{\"@type\":\"PropertyValueSpecification\",\"valueRequired\":true,\"valueName\":\"search_term_string\"}}],\"inLanguage\":\"fr-FR\"},{\"@type\":\"Person\",\"@id\":\"https:\\\/\\\/adf-magazine.com\\\/#\\\/schema\\\/person\\\/f266a6061389568b5a11465bb38bc025\",\"name\":\"ADF\",\"image\":{\"@type\":\"ImageObject\",\"inLanguage\":\"fr-FR\",\"@id\":\"https:\\\/\\\/adf-magazine.com\\\/wp-content\\\/uploads\\\/2020\\\/05\\\/cropped-ADF_icon.jpg\",\"url\":\"https:\\\/\\\/adf-magazine.com\\\/wp-content\\\/uploads\\\/2020\\\/05\\\/cropped-ADF_icon.jpg\",\"contentUrl\":\"https:\\\/\\\/adf-magazine.com\\\/wp-content\\\/uploads\\\/2020\\\/05\\\/cropped-ADF_icon.jpg\",\"caption\":\"ADF\"},\"description\":\"ADF is a professional military magazine published quarterly by U.S. Africa Command to provide an international forum for African security professionals. ADF covers topics such as counter terrorism strategies, security and defense operations, transnational crime, and all other issues affecting peace, stability, and good governance on the African continent.\",\"sameAs\":[\"https:\\\/\\\/x.com\\\/ADFmagazine\"],\"url\":\"https:\\\/\\\/adf-magazine.com\\\/fr\\\/author\\\/adf\\\/\"}]}<\/script>\n<!-- \/ Yoast SEO plugin. -->","yoast_head_json":{"title":"La crise concernant les Peuls montre comment les groupes terroristes profitent des tensions ethniques - Africa Defense Forum","robots":{"index":"index","follow":"follow","max-snippet":"max-snippet:-1","max-image-preview":"max-image-preview:large","max-video-preview":"max-video-preview:-1"},"canonical":"https:\/\/adf-magazine.com\/fr\/2023\/09\/la-crise-concernant-les-peuls-montre-comment-les-groupes-terroristes-profitent-des-tensions-ethniques\/","og_locale":"fr_FR","og_type":"article","og_title":"La crise concernant les Peuls montre comment les groupes terroristes profitent des tensions ethniques - Africa Defense Forum","og_description":"PERSONNEL D\u2019ADF En ao\u00fbt 2022, un enregistrement audio s\u2019est propag\u00e9 sur WhatsApp et les r\u00e9seaux sociaux du Burkina Faso. Le message exhortait les Burkinab\u00e9s \u00ab\u00a0indig\u00e8nes\u00a0\u00bb \u00e0 se soulever et exterminer le groupe ethnique des Peuls. Lionel Bilgo, porte-parole du gouvernement, a d\u00e9clar\u00e9 que l\u2019enregistrement donnait \u00ab\u00a0froid dans le dos\u00a0\u00bb. \u00ab\u00a0Ce sont des propos d\u2019une extr\u00eame","og_url":"https:\/\/adf-magazine.com\/fr\/2023\/09\/la-crise-concernant-les-peuls-montre-comment-les-groupes-terroristes-profitent-des-tensions-ethniques\/","og_site_name":"Africa Defense Forum","article_publisher":"https:\/\/www.facebook.com\/ADFmagazine\/","article_published_time":"2023-09-19T18:47:37+00:00","article_modified_time":"2023-09-19T18:48:53+00:00","og_image":[{"width":1024,"height":683,"url":"https:\/\/adf-magazine.com\/wp-content\/uploads\/2023\/09\/GettyImages-1231877039.jpg","type":"image\/jpeg"}],"author":"ADF","twitter_card":"summary_large_image","twitter_creator":"@ADFmagazine","twitter_site":"@ADFmagazine","twitter_misc":{"\u00c9crit par":"ADF","Dur\u00e9e de lecture estim\u00e9e":"6 minutes"},"schema":{"@context":"https:\/\/schema.org","@graph":[{"@type":"Article","@id":"https:\/\/adf-magazine.com\/fr\/2023\/09\/la-crise-concernant-les-peuls-montre-comment-les-groupes-terroristes-profitent-des-tensions-ethniques\/#article","isPartOf":{"@id":"https:\/\/adf-magazine.com\/fr\/2023\/09\/la-crise-concernant-les-peuls-montre-comment-les-groupes-terroristes-profitent-des-tensions-ethniques\/"},"author":{"name":"ADF","@id":"https:\/\/adf-magazine.com\/#\/schema\/person\/f266a6061389568b5a11465bb38bc025"},"headline":"La crise concernant les Peuls montre comment les groupes terroristes profitent des tensions ethniques","datePublished":"2023-09-19T18:47:37+00:00","dateModified":"2023-09-19T18:48:53+00:00","mainEntityOfPage":{"@id":"https:\/\/adf-magazine.com\/fr\/2023\/09\/la-crise-concernant-les-peuls-montre-comment-les-groupes-terroristes-profitent-des-tensions-ethniques\/"},"wordCount":1128,"commentCount":0,"image":{"@id":"https:\/\/adf-magazine.com\/fr\/2023\/09\/la-crise-concernant-les-peuls-montre-comment-les-groupes-terroristes-profitent-des-tensions-ethniques\/#primaryimage"},"thumbnailUrl":"https:\/\/adf-magazine.com\/wp-content\/uploads\/2023\/09\/GettyImages-1231877039.jpg","articleSection":["Actualit\u00e9s du Jour"],"inLanguage":"fr-FR","potentialAction":[{"@type":"CommentAction","name":"Comment","target":["https:\/\/adf-magazine.com\/fr\/2023\/09\/la-crise-concernant-les-peuls-montre-comment-les-groupes-terroristes-profitent-des-tensions-ethniques\/#respond"]}]},{"@type":"WebPage","@id":"https:\/\/adf-magazine.com\/fr\/2023\/09\/la-crise-concernant-les-peuls-montre-comment-les-groupes-terroristes-profitent-des-tensions-ethniques\/","url":"https:\/\/adf-magazine.com\/fr\/2023\/09\/la-crise-concernant-les-peuls-montre-comment-les-groupes-terroristes-profitent-des-tensions-ethniques\/","name":"La crise concernant les Peuls montre comment les groupes terroristes profitent des tensions ethniques - Africa Defense Forum","isPartOf":{"@id":"https:\/\/adf-magazine.com\/#website"},"primaryImageOfPage":{"@id":"https:\/\/adf-magazine.com\/fr\/2023\/09\/la-crise-concernant-les-peuls-montre-comment-les-groupes-terroristes-profitent-des-tensions-ethniques\/#primaryimage"},"image":{"@id":"https:\/\/adf-magazine.com\/fr\/2023\/09\/la-crise-concernant-les-peuls-montre-comment-les-groupes-terroristes-profitent-des-tensions-ethniques\/#primaryimage"},"thumbnailUrl":"https:\/\/adf-magazine.com\/wp-content\/uploads\/2023\/09\/GettyImages-1231877039.jpg","datePublished":"2023-09-19T18:47:37+00:00","dateModified":"2023-09-19T18:48:53+00:00","author":{"@id":"https:\/\/adf-magazine.com\/#\/schema\/person\/f266a6061389568b5a11465bb38bc025"},"breadcrumb":{"@id":"https:\/\/adf-magazine.com\/fr\/2023\/09\/la-crise-concernant-les-peuls-montre-comment-les-groupes-terroristes-profitent-des-tensions-ethniques\/#breadcrumb"},"inLanguage":"fr-FR","potentialAction":[{"@type":"ReadAction","target":["https:\/\/adf-magazine.com\/fr\/2023\/09\/la-crise-concernant-les-peuls-montre-comment-les-groupes-terroristes-profitent-des-tensions-ethniques\/"]}]},{"@type":"ImageObject","inLanguage":"fr-FR","@id":"https:\/\/adf-magazine.com\/fr\/2023\/09\/la-crise-concernant-les-peuls-montre-comment-les-groupes-terroristes-profitent-des-tensions-ethniques\/#primaryimage","url":"https:\/\/adf-magazine.com\/wp-content\/uploads\/2023\/09\/GettyImages-1231877039.jpg","contentUrl":"https:\/\/adf-magazine.com\/wp-content\/uploads\/2023\/09\/GettyImages-1231877039.jpg","width":1024,"height":683,"caption":"Un \u00e9leveur peul m\u00e8ne son b\u00e9tail vers des p\u00e2turages dans le centre du Mali. Au cours des derni\u00e8res ann\u00e9es, les affrontements entre les pastoraux peuls et les fermiers se sont intensifi\u00e9s. Les groupes extr\u00e9mistes profitent de la violence et de la stigmatisation des Peuls pour recruter. AFP\/GETTY IMAGES"},{"@type":"BreadcrumbList","@id":"https:\/\/adf-magazine.com\/fr\/2023\/09\/la-crise-concernant-les-peuls-montre-comment-les-groupes-terroristes-profitent-des-tensions-ethniques\/#breadcrumb","itemListElement":[{"@type":"ListItem","position":1,"name":"page d\u2019accueil","item":"https:\/\/adf-magazine.com\/"},{"@type":"ListItem","position":2,"name":"La crise concernant les Peuls montre comment les groupes terroristes profitent des tensions ethniques"}]},{"@type":"WebSite","@id":"https:\/\/adf-magazine.com\/#website","url":"https:\/\/adf-magazine.com\/","name":"Africa Defense Forum","description":"Africa Defense Forum","potentialAction":[{"@type":"SearchAction","target":{"@type":"EntryPoint","urlTemplate":"https:\/\/adf-magazine.com\/?s={search_term_string}"},"query-input":{"@type":"PropertyValueSpecification","valueRequired":true,"valueName":"search_term_string"}}],"inLanguage":"fr-FR"},{"@type":"Person","@id":"https:\/\/adf-magazine.com\/#\/schema\/person\/f266a6061389568b5a11465bb38bc025","name":"ADF","image":{"@type":"ImageObject","inLanguage":"fr-FR","@id":"https:\/\/adf-magazine.com\/wp-content\/uploads\/2020\/05\/cropped-ADF_icon.jpg","url":"https:\/\/adf-magazine.com\/wp-content\/uploads\/2020\/05\/cropped-ADF_icon.jpg","contentUrl":"https:\/\/adf-magazine.com\/wp-content\/uploads\/2020\/05\/cropped-ADF_icon.jpg","caption":"ADF"},"description":"ADF is a professional military magazine published quarterly by U.S. Africa Command to provide an international forum for African security professionals. ADF covers topics such as counter terrorism strategies, security and defense operations, transnational crime, and all other issues affecting peace, stability, and good governance on the African continent.","sameAs":["https:\/\/x.com\/ADFmagazine"],"url":"https:\/\/adf-magazine.com\/fr\/author\/adf\/"}]}},"_links":{"self":[{"href":"https:\/\/adf-magazine.com\/fr\/wp-json\/wp\/v2\/posts\/109398","targetHints":{"allow":["GET"]}}],"collection":[{"href":"https:\/\/adf-magazine.com\/fr\/wp-json\/wp\/v2\/posts"}],"about":[{"href":"https:\/\/adf-magazine.com\/fr\/wp-json\/wp\/v2\/types\/post"}],"author":[{"embeddable":true,"href":"https:\/\/adf-magazine.com\/fr\/wp-json\/wp\/v2\/users\/1"}],"replies":[{"embeddable":true,"href":"https:\/\/adf-magazine.com\/fr\/wp-json\/wp\/v2\/comments?post=109398"}],"version-history":[{"count":0,"href":"https:\/\/adf-magazine.com\/fr\/wp-json\/wp\/v2\/posts\/109398\/revisions"}],"wp:featuredmedia":[{"embeddable":true,"href":"https:\/\/adf-magazine.com\/fr\/wp-json\/wp\/v2\/media\/109393"}],"wp:attachment":[{"href":"https:\/\/adf-magazine.com\/fr\/wp-json\/wp\/v2\/media?parent=109398"}],"wp:term":[{"taxonomy":"category","embeddable":true,"href":"https:\/\/adf-magazine.com\/fr\/wp-json\/wp\/v2\/categories?post=109398"},{"taxonomy":"post_tag","embeddable":true,"href":"https:\/\/adf-magazine.com\/fr\/wp-json\/wp\/v2\/tags?post=109398"}],"curies":[{"name":"wp","href":"https:\/\/api.w.org\/{rel}","templated":true}]}}