{"id":107814,"date":"2023-07-18T13:45:01","date_gmt":"2023-07-18T17:45:01","guid":{"rendered":"https:\/\/adf-magazine.com\/?p=107814"},"modified":"2023-07-18T13:49:47","modified_gmt":"2023-07-18T17:49:47","slug":"la-revolte-de-la-wagner-est-un-avertissement-pour-les-pays-africains-qui-hebergent-des-acteurs-non-etatiques","status":"publish","type":"post","link":"https:\/\/adf-magazine.com\/fr\/2023\/07\/la-revolte-de-la-wagner-est-un-avertissement-pour-les-pays-africains-qui-hebergent-des-acteurs-non-etatiques\/","title":{"rendered":"La r\u00e9volte de la Wagner est un avertissement pour les pays africains qui h\u00e9bergent des acteurs non \u00e9tatiques"},"content":{"rendered":"<p>PERSONNEL D\u2019ADF<\/p>\n<p>Les responsables du gouvernement de la R\u00e9publique centrafricaine (RCA) furent choqu\u00e9s lorsqu\u2019Evgueni Prigojine tourna ses mercenaires inf\u00e2mes du groupe Wagner contre le pr\u00e9sident russe Vladimir Poutine.<\/p>\n<p>D\u00e9sesp\u00e9r\u00e9s par le manque d\u2019information, les membres du cabinet ont appel\u00e9 les officiers militaires de la RCA et les instructeurs militaires russes. Certains ont craint que ce ne soit le d\u00e9but d\u2019une guerre civile russe qui pourrait conduire \u00e0 leur chute.<\/p>\n<p>\u00ab\u00a0Oui, il y a des mercenaires de la Wagner [en RCA] et tout le monde craint que l\u2019affrontement entre Poutine et Prigojine ne provoque la fin de leurs op\u00e9rations dans notre pays\u00a0\u00bb, a d\u00e9clar\u00e9 un conseiller du pr\u00e9sident Faustin-Archange Touad\u00e9ra au site web The Daily Beast.<\/p>\n<p>\u00ab\u00a0Tout le monde craint que, si la guerre \u00e9clatait en Russie, non seulement les Russes [en RCA] ne soient forc\u00e9s \u00e0 rentrer chez eux, mais notre relation politique, militaire et commerciale avec la Russie ne prenne fin.\u00a0\u00bb<\/p>\n<p>Les nouvelles r\u00e9centes de la r\u00e9volte du groupe Wagner ont \u00e9t\u00e9 accueillies avec anxi\u00e9t\u00e9 dans plusieurs \u00e9tats africains qui font des affaires avec le groupe mercenaire ou qui h\u00e9bergent ses membres. La r\u00e9bellion a suscit\u00e9 l\u2019alarme dans les pays qui doivent d\u00e9sormais consid\u00e9rer comment g\u00e9rer leur s\u00e9curit\u00e9.<\/p>\n<p>L\u2019analyste Faisal Al Yafai \u00e9crit pour le journal The Arab Weekly\u00a0: \u00ab\u00a0Il est certain que la r\u00e9volte donnera aux pays o\u00f9 la Wagner est active une raison de r\u00e9fl\u00e9chir. Aucun pays n\u2019a besoin d\u2019un groupe d\u2019hommes entra\u00een\u00e9s, arm\u00e9s et apatrides qui fl\u00e2nent \u00e0 la d\u00e9rive.\u00a0\u00bb<\/p>\n<p>Prigojine, qui offrait un service de traiteur au Kremlin et \u00e9tait connu comme le \u00ab\u00a0chef de cuisine de Poutine\u00a0\u00bb, a cr\u00e9\u00e9 le groupe Wagner en 2014. Avant la r\u00e9volte, le groupe \u00e9tait mentionn\u00e9 souvent sous le nom de \u00ab\u00a0la compagnie\u00a0\u00bb dans les milieux russes, tant sa port\u00e9e dans tous les aspects des objectifs clandestins de la Russie \u00e9tait grande.<br \/>\nLes mercenaires russes ont commenc\u00e9 \u00e0 arriver en RCA en 2017 pour soutenir M.\u00a0Touad\u00e9ra et repousser une offensive des rebelles. Aujourd\u2019hui, le groupe est profond\u00e9ment enracin\u00e9 dans le panorama politique, \u00e9conomique et de d\u00e9fense du pays. Certains pensent que la survie du pr\u00e9sident de la RCA d\u00e9pend des combattants de la Wagner.<\/p>\n<p>La Wagner a \u00e9tendu ses op\u00e9rations en Libye, au Mali et au Soudan. Elle offre aux r\u00e9gimes autoritaires une s\u00e9rie de services qui comprend la protection arm\u00e9e, la formation militaire, les campagnes de d\u00e9sinformation et l\u2019interf\u00e9rence dans les \u00e9lections.<\/p>\n<p>En retour, le groupe est r\u00e9mun\u00e9r\u00e9 par des concessions mini\u00e8res lucratives et d\u2019autres opportunit\u00e9s d\u2019extraction des ressources naturelles.<\/p>\n<p>Toutefois, la Wagner a montr\u00e9 en RCA et au Mali que ses services s\u2019accompagnent d\u2019atrocit\u00e9s et d\u2019abus des droits de l\u2019homme contre les civils.<\/p>\n<p>Bien que la r\u00e9bellion de la Wagner en Russie ait provoqu\u00e9 une confusion sur l\u2019avenir du groupe, les experts pr\u00e9disent que ses op\u00e9rations en Afrique continueront.<\/p>\n<p>\u00ab\u00a0Le Kremlin peut couper la t\u00eate de Wagner mais les tentacules du groupe en Afrique resteront\u00a0\u00bb, d\u00e9clare M.\u00a0Al Yafai.<\/p>\n<p>Que M.\u00a0Prigojine reste \u00e0 la t\u00eate du groupe ou que ce dernier soit absorb\u00e9 par l\u2019arm\u00e9e russe, rebaptis\u00e9 ou remplac\u00e9 par un autre sous-traitant russe, les responsables africains dans ces pays d\u00e9j\u00e0 instables ont de nouvelles pr\u00e9occupations sur la pr\u00e9sence des mercenaires chez eux.<\/p>\n<p>Les Russes pourraient-ils devenir plus perturbateurs, vicieux ou anarchiques, ou pourraient-ils m\u00eame se retourner contre eux\u00a0?<\/p>\n<p>Oluwole Ojewale, chercheur \u00e0 l\u2019Institut pour les \u00e9tudes de s\u00e9curit\u00e9 bas\u00e9 en Afrique du Sud, d\u00e9clare que la r\u00e9bellion de Wagner offre un avertissement aux pays qui ont invit\u00e9 les Russes \u00e0 venir.<\/p>\n<p>Il \u00e9crit dans un article du 28 juin pour le magazine en ligne The Conversation Africa\u00a0: \u00ab\u00a0Les arm\u00e9es priv\u00e9es peuvent parfois s\u2019av\u00e9rer efficaces sur le champ de bataille. Et les milices pourraient \u00eatre utiles pour recueillir des renseignements. Mais l\u2019impossibilit\u00e9 des autorit\u00e9s de l\u2019\u00e9tat de les contr\u00f4ler suscite des doutes s\u00e9rieux sur leur utilis\u00e9 d\u2019ensemble.\u00a0\u00bb<\/p>\n<p>Ojewale \u00e9num\u00e8re trois implications que la r\u00e9volte de Wagner pourrait avoir pour ses h\u00f4tes africains\u00a0: la r\u00e9bellion, la hausse des abus des droits de l\u2019homme et l\u2019insubordination face aux autorit\u00e9s militaires de l\u2019\u00e9tat.<br \/>\n\u00ab\u00a0[La r\u00e9volte] est un mauvais pr\u00e9sage pour la plupart des \u00e9tats africains dans lesquels la Wagner est active, \u00e9crit-il. Dans la majorit\u00e9 d\u2019entre eux, l\u2019arm\u00e9e du pays est subordonn\u00e9e au groupe de mercenaires. La r\u00e9bellion de la Wagner contre le Kremlin montre que le groupe peut soutenir des \u00e9l\u00e9ments oppos\u00e9s dans les \u00e9tats africains plus faibles pour subvertir la d\u00e9mocratie\u00a0\u00bb.<\/p>\n<p>\u00ab\u00a0En outre, les groupes arm\u00e9s non \u00e9tatiques pourraient suivre la voie du groupe Wagner et ne plus rendre de comptes aux forces arm\u00e9es.\u00a0\u00bb<\/p>\n<p>D\u00e9go\u00fbt\u00e9s par le pillage et le saccage commis par le groupe Wagner en Afrique, certains demandent de mettre fin \u00e0 leur engagement sur le continent.<\/p>\n<p>\u00ab\u00a0Ils ont servi \u00e0 p\u00e9renniser les dictatures et posent un risque majeur \u00e0 la d\u00e9mocratie et l\u2019\u00e9tat de droit, en particulier en agissant dans des pays qui ont des gouvernements fragiles\u00a0\u00bb, d\u00e9clare un \u00e9ditorial du 6 juin dans le quotidien nig\u00e9rian The Daily Trust.<\/p>\n<p>\u00ab\u00a0Les responsables africains qui ont compt\u00e9 sur le groupe pour renforcer leur mainmise sur le pouvoir devrait faire face \u00e0 la r\u00e9alit\u00e9\u00a0: le groupe est affaibli. Comme l\u2019a montr\u00e9 la r\u00e9volte en Russie, la Wagner pourrait facilement renverser ses gouvernements h\u00f4tes. Elle repr\u00e9sente d\u00e9sormais un risque plus virulent pour l\u2019avenir des pays.\u00a0\u00bb<\/p>\n","protected":false},"excerpt":{"rendered":"<p>PERSONNEL D\u2019ADF Les responsables du gouvernement de la R\u00e9publique centrafricaine (RCA) furent choqu\u00e9s lorsqu\u2019Evgueni Prigojine tourna ses mercenaires inf\u00e2mes du groupe Wagner contre le pr\u00e9sident russe Vladimir Poutine. D\u00e9sesp\u00e9r\u00e9s par le manque d\u2019information, les membres du cabinet ont appel\u00e9 les officiers militaires de la RCA et les instructeurs militaires russes. Certains ont craint que ce<\/p>\n","protected":false},"author":1,"featured_media":107809,"comment_status":"open","ping_status":"closed","sticky":false,"template":"","format":"standard","meta":{"_acf_changed":false,"_monsterinsights_skip_tracking":false,"_monsterinsights_sitenote_active":false,"_monsterinsights_sitenote_note":"","_monsterinsights_sitenote_category":0,"_uf_show_specific_survey":0,"_uf_disable_surveys":false,"footnotes":""},"categories":[331],"tags":[],"class_list":{"0":"post-107814","1":"post","2":"type-post","3":"status-publish","4":"format-standard","5":"has-post-thumbnail","7":"category-dernieres-nouvelles"},"acf":[],"yoast_head":"<!-- This site is optimized with the Yoast SEO plugin v27.5 - https:\/\/yoast.com\/product\/yoast-seo-wordpress\/ -->\n<title>La r\u00e9volte de la Wagner est un avertissement pour les pays africains qui h\u00e9bergent des acteurs non \u00e9tatiques - Africa Defense Forum<\/title>\n<meta name=\"robots\" content=\"index, follow, max-snippet:-1, max-image-preview:large, max-video-preview:-1\" \/>\n<link rel=\"canonical\" href=\"https:\/\/adf-magazine.com\/fr\/2023\/07\/la-revolte-de-la-wagner-est-un-avertissement-pour-les-pays-africains-qui-hebergent-des-acteurs-non-etatiques\/\" \/>\n<meta property=\"og:locale\" content=\"fr_FR\" \/>\n<meta property=\"og:type\" content=\"article\" \/>\n<meta property=\"og:title\" content=\"La r\u00e9volte de la Wagner est un avertissement pour les pays africains qui h\u00e9bergent des acteurs non \u00e9tatiques - Africa Defense Forum\" \/>\n<meta property=\"og:description\" content=\"PERSONNEL D\u2019ADF Les responsables du gouvernement de la R\u00e9publique centrafricaine (RCA) furent choqu\u00e9s lorsqu\u2019Evgueni Prigojine tourna ses mercenaires inf\u00e2mes du groupe Wagner contre le pr\u00e9sident russe Vladimir Poutine. D\u00e9sesp\u00e9r\u00e9s par le manque d\u2019information, les membres du cabinet ont appel\u00e9 les officiers militaires de la RCA et les instructeurs militaires russes. Certains ont craint que ce\" \/>\n<meta property=\"og:url\" content=\"https:\/\/adf-magazine.com\/fr\/2023\/07\/la-revolte-de-la-wagner-est-un-avertissement-pour-les-pays-africains-qui-hebergent-des-acteurs-non-etatiques\/\" \/>\n<meta property=\"og:site_name\" content=\"Africa Defense Forum\" \/>\n<meta property=\"article:publisher\" content=\"https:\/\/www.facebook.com\/ADFmagazine\/\" \/>\n<meta property=\"article:published_time\" content=\"2023-07-18T17:45:01+00:00\" \/>\n<meta property=\"article:modified_time\" content=\"2023-07-18T17:49:47+00:00\" \/>\n<meta property=\"og:image\" content=\"https:\/\/adf-magazine.com\/wp-content\/uploads\/2023\/07\/GettyImages-1384359289.jpg\" \/>\n\t<meta property=\"og:image:width\" content=\"1024\" \/>\n\t<meta property=\"og:image:height\" content=\"680\" \/>\n\t<meta property=\"og:image:type\" content=\"image\/jpeg\" \/>\n<meta name=\"author\" content=\"ADF\" \/>\n<meta name=\"twitter:card\" content=\"summary_large_image\" \/>\n<meta name=\"twitter:creator\" content=\"@ADFmagazine\" \/>\n<meta name=\"twitter:site\" content=\"@ADFmagazine\" \/>\n<meta name=\"twitter:label1\" content=\"\u00c9crit par\" \/>\n\t<meta name=\"twitter:data1\" content=\"ADF\" \/>\n\t<meta name=\"twitter:label2\" content=\"Dur\u00e9e de lecture estim\u00e9e\" \/>\n\t<meta name=\"twitter:data2\" content=\"5 minutes\" \/>\n<script type=\"application\/ld+json\" class=\"yoast-schema-graph\">{\"@context\":\"https:\\\/\\\/schema.org\",\"@graph\":[{\"@type\":\"Article\",\"@id\":\"https:\\\/\\\/adf-magazine.com\\\/fr\\\/2023\\\/07\\\/la-revolte-de-la-wagner-est-un-avertissement-pour-les-pays-africains-qui-hebergent-des-acteurs-non-etatiques\\\/#article\",\"isPartOf\":{\"@id\":\"https:\\\/\\\/adf-magazine.com\\\/fr\\\/2023\\\/07\\\/la-revolte-de-la-wagner-est-un-avertissement-pour-les-pays-africains-qui-hebergent-des-acteurs-non-etatiques\\\/\"},\"author\":{\"name\":\"ADF\",\"@id\":\"https:\\\/\\\/adf-magazine.com\\\/#\\\/schema\\\/person\\\/f266a6061389568b5a11465bb38bc025\"},\"headline\":\"La r\u00e9volte de la Wagner est un avertissement pour les pays africains qui h\u00e9bergent des acteurs non \u00e9tatiques\",\"datePublished\":\"2023-07-18T17:45:01+00:00\",\"dateModified\":\"2023-07-18T17:49:47+00:00\",\"mainEntityOfPage\":{\"@id\":\"https:\\\/\\\/adf-magazine.com\\\/fr\\\/2023\\\/07\\\/la-revolte-de-la-wagner-est-un-avertissement-pour-les-pays-africains-qui-hebergent-des-acteurs-non-etatiques\\\/\"},\"wordCount\":1002,\"commentCount\":0,\"image\":{\"@id\":\"https:\\\/\\\/adf-magazine.com\\\/fr\\\/2023\\\/07\\\/la-revolte-de-la-wagner-est-un-avertissement-pour-les-pays-africains-qui-hebergent-des-acteurs-non-etatiques\\\/#primaryimage\"},\"thumbnailUrl\":\"https:\\\/\\\/adf-magazine.com\\\/wp-content\\\/uploads\\\/2023\\\/07\\\/GettyImages-1384359289.jpg\",\"articleSection\":[\"Actualit\u00e9s du Jour\"],\"inLanguage\":\"fr-FR\",\"potentialAction\":[{\"@type\":\"CommentAction\",\"name\":\"Comment\",\"target\":[\"https:\\\/\\\/adf-magazine.com\\\/fr\\\/2023\\\/07\\\/la-revolte-de-la-wagner-est-un-avertissement-pour-les-pays-africains-qui-hebergent-des-acteurs-non-etatiques\\\/#respond\"]}]},{\"@type\":\"WebPage\",\"@id\":\"https:\\\/\\\/adf-magazine.com\\\/fr\\\/2023\\\/07\\\/la-revolte-de-la-wagner-est-un-avertissement-pour-les-pays-africains-qui-hebergent-des-acteurs-non-etatiques\\\/\",\"url\":\"https:\\\/\\\/adf-magazine.com\\\/fr\\\/2023\\\/07\\\/la-revolte-de-la-wagner-est-un-avertissement-pour-les-pays-africains-qui-hebergent-des-acteurs-non-etatiques\\\/\",\"name\":\"La r\u00e9volte de la Wagner est un avertissement pour les pays africains qui h\u00e9bergent des acteurs non \u00e9tatiques - Africa Defense Forum\",\"isPartOf\":{\"@id\":\"https:\\\/\\\/adf-magazine.com\\\/#website\"},\"primaryImageOfPage\":{\"@id\":\"https:\\\/\\\/adf-magazine.com\\\/fr\\\/2023\\\/07\\\/la-revolte-de-la-wagner-est-un-avertissement-pour-les-pays-africains-qui-hebergent-des-acteurs-non-etatiques\\\/#primaryimage\"},\"image\":{\"@id\":\"https:\\\/\\\/adf-magazine.com\\\/fr\\\/2023\\\/07\\\/la-revolte-de-la-wagner-est-un-avertissement-pour-les-pays-africains-qui-hebergent-des-acteurs-non-etatiques\\\/#primaryimage\"},\"thumbnailUrl\":\"https:\\\/\\\/adf-magazine.com\\\/wp-content\\\/uploads\\\/2023\\\/07\\\/GettyImages-1384359289.jpg\",\"datePublished\":\"2023-07-18T17:45:01+00:00\",\"dateModified\":\"2023-07-18T17:49:47+00:00\",\"author\":{\"@id\":\"https:\\\/\\\/adf-magazine.com\\\/#\\\/schema\\\/person\\\/f266a6061389568b5a11465bb38bc025\"},\"breadcrumb\":{\"@id\":\"https:\\\/\\\/adf-magazine.com\\\/fr\\\/2023\\\/07\\\/la-revolte-de-la-wagner-est-un-avertissement-pour-les-pays-africains-qui-hebergent-des-acteurs-non-etatiques\\\/#breadcrumb\"},\"inLanguage\":\"fr-FR\",\"potentialAction\":[{\"@type\":\"ReadAction\",\"target\":[\"https:\\\/\\\/adf-magazine.com\\\/fr\\\/2023\\\/07\\\/la-revolte-de-la-wagner-est-un-avertissement-pour-les-pays-africains-qui-hebergent-des-acteurs-non-etatiques\\\/\"]}]},{\"@type\":\"ImageObject\",\"inLanguage\":\"fr-FR\",\"@id\":\"https:\\\/\\\/adf-magazine.com\\\/fr\\\/2023\\\/07\\\/la-revolte-de-la-wagner-est-un-avertissement-pour-les-pays-africains-qui-hebergent-des-acteurs-non-etatiques\\\/#primaryimage\",\"url\":\"https:\\\/\\\/adf-magazine.com\\\/wp-content\\\/uploads\\\/2023\\\/07\\\/GettyImages-1384359289.jpg\",\"contentUrl\":\"https:\\\/\\\/adf-magazine.com\\\/wp-content\\\/uploads\\\/2023\\\/07\\\/GettyImages-1384359289.jpg\",\"width\":1024,\"height\":680,\"caption\":\"Des employ\u00e9s retirent les logos du groupe Wagner de leurs bureaux ferm\u00e9s de Saint-P\u00e9tersbourg (Russie) le 2 juillet. AFP\\\/GETTY IMAGES\"},{\"@type\":\"BreadcrumbList\",\"@id\":\"https:\\\/\\\/adf-magazine.com\\\/fr\\\/2023\\\/07\\\/la-revolte-de-la-wagner-est-un-avertissement-pour-les-pays-africains-qui-hebergent-des-acteurs-non-etatiques\\\/#breadcrumb\",\"itemListElement\":[{\"@type\":\"ListItem\",\"position\":1,\"name\":\"page d\u2019accueil\",\"item\":\"https:\\\/\\\/adf-magazine.com\\\/\"},{\"@type\":\"ListItem\",\"position\":2,\"name\":\"La r\u00e9volte de la Wagner est un avertissement pour les pays africains qui h\u00e9bergent des acteurs non \u00e9tatiques\"}]},{\"@type\":\"WebSite\",\"@id\":\"https:\\\/\\\/adf-magazine.com\\\/#website\",\"url\":\"https:\\\/\\\/adf-magazine.com\\\/\",\"name\":\"Africa Defense Forum\",\"description\":\"Africa Defense Forum\",\"potentialAction\":[{\"@type\":\"SearchAction\",\"target\":{\"@type\":\"EntryPoint\",\"urlTemplate\":\"https:\\\/\\\/adf-magazine.com\\\/?s={search_term_string}\"},\"query-input\":{\"@type\":\"PropertyValueSpecification\",\"valueRequired\":true,\"valueName\":\"search_term_string\"}}],\"inLanguage\":\"fr-FR\"},{\"@type\":\"Person\",\"@id\":\"https:\\\/\\\/adf-magazine.com\\\/#\\\/schema\\\/person\\\/f266a6061389568b5a11465bb38bc025\",\"name\":\"ADF\",\"image\":{\"@type\":\"ImageObject\",\"inLanguage\":\"fr-FR\",\"@id\":\"https:\\\/\\\/adf-magazine.com\\\/wp-content\\\/uploads\\\/2020\\\/05\\\/cropped-ADF_icon.jpg\",\"url\":\"https:\\\/\\\/adf-magazine.com\\\/wp-content\\\/uploads\\\/2020\\\/05\\\/cropped-ADF_icon.jpg\",\"contentUrl\":\"https:\\\/\\\/adf-magazine.com\\\/wp-content\\\/uploads\\\/2020\\\/05\\\/cropped-ADF_icon.jpg\",\"caption\":\"ADF\"},\"description\":\"ADF is a professional military magazine published quarterly by U.S. Africa Command to provide an international forum for African security professionals. ADF covers topics such as counter terrorism strategies, security and defense operations, transnational crime, and all other issues affecting peace, stability, and good governance on the African continent.\",\"sameAs\":[\"https:\\\/\\\/x.com\\\/ADFmagazine\"],\"url\":\"https:\\\/\\\/adf-magazine.com\\\/fr\\\/author\\\/adf\\\/\"}]}<\/script>\n<!-- \/ Yoast SEO plugin. -->","yoast_head_json":{"title":"La r\u00e9volte de la Wagner est un avertissement pour les pays africains qui h\u00e9bergent des acteurs non \u00e9tatiques - Africa Defense Forum","robots":{"index":"index","follow":"follow","max-snippet":"max-snippet:-1","max-image-preview":"max-image-preview:large","max-video-preview":"max-video-preview:-1"},"canonical":"https:\/\/adf-magazine.com\/fr\/2023\/07\/la-revolte-de-la-wagner-est-un-avertissement-pour-les-pays-africains-qui-hebergent-des-acteurs-non-etatiques\/","og_locale":"fr_FR","og_type":"article","og_title":"La r\u00e9volte de la Wagner est un avertissement pour les pays africains qui h\u00e9bergent des acteurs non \u00e9tatiques - Africa Defense Forum","og_description":"PERSONNEL D\u2019ADF Les responsables du gouvernement de la R\u00e9publique centrafricaine (RCA) furent choqu\u00e9s lorsqu\u2019Evgueni Prigojine tourna ses mercenaires inf\u00e2mes du groupe Wagner contre le pr\u00e9sident russe Vladimir Poutine. D\u00e9sesp\u00e9r\u00e9s par le manque d\u2019information, les membres du cabinet ont appel\u00e9 les officiers militaires de la RCA et les instructeurs militaires russes. Certains ont craint que ce","og_url":"https:\/\/adf-magazine.com\/fr\/2023\/07\/la-revolte-de-la-wagner-est-un-avertissement-pour-les-pays-africains-qui-hebergent-des-acteurs-non-etatiques\/","og_site_name":"Africa Defense Forum","article_publisher":"https:\/\/www.facebook.com\/ADFmagazine\/","article_published_time":"2023-07-18T17:45:01+00:00","article_modified_time":"2023-07-18T17:49:47+00:00","og_image":[{"width":1024,"height":680,"url":"https:\/\/adf-magazine.com\/wp-content\/uploads\/2023\/07\/GettyImages-1384359289.jpg","type":"image\/jpeg"}],"author":"ADF","twitter_card":"summary_large_image","twitter_creator":"@ADFmagazine","twitter_site":"@ADFmagazine","twitter_misc":{"\u00c9crit par":"ADF","Dur\u00e9e de lecture estim\u00e9e":"5 minutes"},"schema":{"@context":"https:\/\/schema.org","@graph":[{"@type":"Article","@id":"https:\/\/adf-magazine.com\/fr\/2023\/07\/la-revolte-de-la-wagner-est-un-avertissement-pour-les-pays-africains-qui-hebergent-des-acteurs-non-etatiques\/#article","isPartOf":{"@id":"https:\/\/adf-magazine.com\/fr\/2023\/07\/la-revolte-de-la-wagner-est-un-avertissement-pour-les-pays-africains-qui-hebergent-des-acteurs-non-etatiques\/"},"author":{"name":"ADF","@id":"https:\/\/adf-magazine.com\/#\/schema\/person\/f266a6061389568b5a11465bb38bc025"},"headline":"La r\u00e9volte de la Wagner est un avertissement pour les pays africains qui h\u00e9bergent des acteurs non \u00e9tatiques","datePublished":"2023-07-18T17:45:01+00:00","dateModified":"2023-07-18T17:49:47+00:00","mainEntityOfPage":{"@id":"https:\/\/adf-magazine.com\/fr\/2023\/07\/la-revolte-de-la-wagner-est-un-avertissement-pour-les-pays-africains-qui-hebergent-des-acteurs-non-etatiques\/"},"wordCount":1002,"commentCount":0,"image":{"@id":"https:\/\/adf-magazine.com\/fr\/2023\/07\/la-revolte-de-la-wagner-est-un-avertissement-pour-les-pays-africains-qui-hebergent-des-acteurs-non-etatiques\/#primaryimage"},"thumbnailUrl":"https:\/\/adf-magazine.com\/wp-content\/uploads\/2023\/07\/GettyImages-1384359289.jpg","articleSection":["Actualit\u00e9s du Jour"],"inLanguage":"fr-FR","potentialAction":[{"@type":"CommentAction","name":"Comment","target":["https:\/\/adf-magazine.com\/fr\/2023\/07\/la-revolte-de-la-wagner-est-un-avertissement-pour-les-pays-africains-qui-hebergent-des-acteurs-non-etatiques\/#respond"]}]},{"@type":"WebPage","@id":"https:\/\/adf-magazine.com\/fr\/2023\/07\/la-revolte-de-la-wagner-est-un-avertissement-pour-les-pays-africains-qui-hebergent-des-acteurs-non-etatiques\/","url":"https:\/\/adf-magazine.com\/fr\/2023\/07\/la-revolte-de-la-wagner-est-un-avertissement-pour-les-pays-africains-qui-hebergent-des-acteurs-non-etatiques\/","name":"La r\u00e9volte de la Wagner est un avertissement pour les pays africains qui h\u00e9bergent des acteurs non \u00e9tatiques - Africa Defense Forum","isPartOf":{"@id":"https:\/\/adf-magazine.com\/#website"},"primaryImageOfPage":{"@id":"https:\/\/adf-magazine.com\/fr\/2023\/07\/la-revolte-de-la-wagner-est-un-avertissement-pour-les-pays-africains-qui-hebergent-des-acteurs-non-etatiques\/#primaryimage"},"image":{"@id":"https:\/\/adf-magazine.com\/fr\/2023\/07\/la-revolte-de-la-wagner-est-un-avertissement-pour-les-pays-africains-qui-hebergent-des-acteurs-non-etatiques\/#primaryimage"},"thumbnailUrl":"https:\/\/adf-magazine.com\/wp-content\/uploads\/2023\/07\/GettyImages-1384359289.jpg","datePublished":"2023-07-18T17:45:01+00:00","dateModified":"2023-07-18T17:49:47+00:00","author":{"@id":"https:\/\/adf-magazine.com\/#\/schema\/person\/f266a6061389568b5a11465bb38bc025"},"breadcrumb":{"@id":"https:\/\/adf-magazine.com\/fr\/2023\/07\/la-revolte-de-la-wagner-est-un-avertissement-pour-les-pays-africains-qui-hebergent-des-acteurs-non-etatiques\/#breadcrumb"},"inLanguage":"fr-FR","potentialAction":[{"@type":"ReadAction","target":["https:\/\/adf-magazine.com\/fr\/2023\/07\/la-revolte-de-la-wagner-est-un-avertissement-pour-les-pays-africains-qui-hebergent-des-acteurs-non-etatiques\/"]}]},{"@type":"ImageObject","inLanguage":"fr-FR","@id":"https:\/\/adf-magazine.com\/fr\/2023\/07\/la-revolte-de-la-wagner-est-un-avertissement-pour-les-pays-africains-qui-hebergent-des-acteurs-non-etatiques\/#primaryimage","url":"https:\/\/adf-magazine.com\/wp-content\/uploads\/2023\/07\/GettyImages-1384359289.jpg","contentUrl":"https:\/\/adf-magazine.com\/wp-content\/uploads\/2023\/07\/GettyImages-1384359289.jpg","width":1024,"height":680,"caption":"Des employ\u00e9s retirent les logos du groupe Wagner de leurs bureaux ferm\u00e9s de Saint-P\u00e9tersbourg (Russie) le 2 juillet. AFP\/GETTY IMAGES"},{"@type":"BreadcrumbList","@id":"https:\/\/adf-magazine.com\/fr\/2023\/07\/la-revolte-de-la-wagner-est-un-avertissement-pour-les-pays-africains-qui-hebergent-des-acteurs-non-etatiques\/#breadcrumb","itemListElement":[{"@type":"ListItem","position":1,"name":"page d\u2019accueil","item":"https:\/\/adf-magazine.com\/"},{"@type":"ListItem","position":2,"name":"La r\u00e9volte de la Wagner est un avertissement pour les pays africains qui h\u00e9bergent des acteurs non \u00e9tatiques"}]},{"@type":"WebSite","@id":"https:\/\/adf-magazine.com\/#website","url":"https:\/\/adf-magazine.com\/","name":"Africa Defense Forum","description":"Africa Defense Forum","potentialAction":[{"@type":"SearchAction","target":{"@type":"EntryPoint","urlTemplate":"https:\/\/adf-magazine.com\/?s={search_term_string}"},"query-input":{"@type":"PropertyValueSpecification","valueRequired":true,"valueName":"search_term_string"}}],"inLanguage":"fr-FR"},{"@type":"Person","@id":"https:\/\/adf-magazine.com\/#\/schema\/person\/f266a6061389568b5a11465bb38bc025","name":"ADF","image":{"@type":"ImageObject","inLanguage":"fr-FR","@id":"https:\/\/adf-magazine.com\/wp-content\/uploads\/2020\/05\/cropped-ADF_icon.jpg","url":"https:\/\/adf-magazine.com\/wp-content\/uploads\/2020\/05\/cropped-ADF_icon.jpg","contentUrl":"https:\/\/adf-magazine.com\/wp-content\/uploads\/2020\/05\/cropped-ADF_icon.jpg","caption":"ADF"},"description":"ADF is a professional military magazine published quarterly by U.S. Africa Command to provide an international forum for African security professionals. ADF covers topics such as counter terrorism strategies, security and defense operations, transnational crime, and all other issues affecting peace, stability, and good governance on the African continent.","sameAs":["https:\/\/x.com\/ADFmagazine"],"url":"https:\/\/adf-magazine.com\/fr\/author\/adf\/"}]}},"_links":{"self":[{"href":"https:\/\/adf-magazine.com\/fr\/wp-json\/wp\/v2\/posts\/107814","targetHints":{"allow":["GET"]}}],"collection":[{"href":"https:\/\/adf-magazine.com\/fr\/wp-json\/wp\/v2\/posts"}],"about":[{"href":"https:\/\/adf-magazine.com\/fr\/wp-json\/wp\/v2\/types\/post"}],"author":[{"embeddable":true,"href":"https:\/\/adf-magazine.com\/fr\/wp-json\/wp\/v2\/users\/1"}],"replies":[{"embeddable":true,"href":"https:\/\/adf-magazine.com\/fr\/wp-json\/wp\/v2\/comments?post=107814"}],"version-history":[{"count":0,"href":"https:\/\/adf-magazine.com\/fr\/wp-json\/wp\/v2\/posts\/107814\/revisions"}],"wp:featuredmedia":[{"embeddable":true,"href":"https:\/\/adf-magazine.com\/fr\/wp-json\/wp\/v2\/media\/107809"}],"wp:attachment":[{"href":"https:\/\/adf-magazine.com\/fr\/wp-json\/wp\/v2\/media?parent=107814"}],"wp:term":[{"taxonomy":"category","embeddable":true,"href":"https:\/\/adf-magazine.com\/fr\/wp-json\/wp\/v2\/categories?post=107814"},{"taxonomy":"post_tag","embeddable":true,"href":"https:\/\/adf-magazine.com\/fr\/wp-json\/wp\/v2\/tags?post=107814"}],"curies":[{"name":"wp","href":"https:\/\/api.w.org\/{rel}","templated":true}]}}