{"id":1073,"date":"2014-08-22T14:59:20","date_gmt":"2014-08-22T14:59:20","guid":{"rendered":"https:\/\/adf-magazine.com\/?p=1073"},"modified":"2014-08-22T14:59:44","modified_gmt":"2014-08-22T14:59:44","slug":"un-chercheur-fait-venir-des-scientifiques-africains-au-cern","status":"publish","type":"post","link":"https:\/\/adf-magazine.com\/fr\/2014\/08\/un-chercheur-fait-venir-des-scientifiques-africains-au-cern\/","title":{"rendered":"Un Chercheur Fait Venir Des Scientifiques Africains Au Cern"},"content":{"rendered":"<p>BBC NEWS SUR LE SITE BBC.CO.UK\/NEWS<\/p>\n<p>Un scientifique prim\u00e9 travaillant \u00e0 l\u2019Organisation europ\u00e9enne pour la recherche nucl\u00e9aire (plus commun\u00e9ment appel\u00e9e CERN) a utilis\u00e9 les gains qu\u2019il a re\u00e7us pour promouvoir la physique des particules en Afrique.<\/p>\n<p>Le professeur Tejinder Virdee, qui est n\u00e9 et a grandi au Kenya, faisait partie de l\u2019\u00e9quipe qui a jou\u00e9 un r\u00f4le pr\u00e9pond\u00e9rant dans la d\u00e9couverte du boson de Higgs, un \u00e9l\u00e9ment minuscule baptis\u00e9 \u00ab\u00a0particule de Dieu\u00a0\u00bb. Tejinder Virdee, laur\u00e9at du prix de physique fondamentale en 2013, a utilis\u00e9 son argent pour faire venir des professeurs de science africains au CERN \u00e0 Gen\u00e8ve, en Suisse. \u00ab\u00a0Je voulais faire quelque chose pour promouvoir la science et l\u2019\u00e9ducation dans un contexte international, d\u2019une mani\u00e8re qui ait un impact significatif\u00a0\u00bb, a-t-il d\u00e9clar\u00e9.<\/p>\n<p>Les professeurs de science ont particip\u00e9 au programme du CERN pour les enseignants, qui existe de longue date. Plus de 50\u00a0pays participent \u00e0 ce programme destin\u00e9 \u00e0 l\u2019origine aux professeurs de physique des \u00c9tats membres. Toutefois, jusqu\u2019\u00e0 pr\u00e9sent, quasiment aucun pays d\u2019Afrique n\u2019en a b\u00e9n\u00e9fici\u00e9.<\/p>\n<p>Le lien entre la physique des particules extr\u00eamement complexe, \u00e9tudi\u00e9e au CERN, et les besoins en d\u00e9veloppement des pays pauvres n\u2019est pas \u00e9vident. Cependant, selon Calestous Juma, professeur de d\u00e9veloppement international \u00e0 la Kennedy School de Harvard, il existe une forte relation.<\/p>\n<p>\u00ab\u00a0Les populations sont confront\u00e9es dans la vie courante aux principes sous-tendant la fa\u00e7on dont nous comprenons le monde, ce qui est r\u00e9ellement \u00e0 l\u2019origine des math\u00e9matiques et de la physique, a-t-il dit. De nombreuses id\u00e9es th\u00e9oriques influencent notre vie quotidienne avec lesquelles nous n\u2019avons pas de lien physique direct\u00a0: la religion est l\u2019une d\u2019entre elles\u00a0\u00bb.<\/p>\n<p>Le professeur de physique ougandais Mpamizo Gonzaga a trouv\u00e9 l\u2019exp\u00e9rience enrichissante.<\/p>\n<p>\u00ab\u00a0C\u2019est l\u2019aspect international qui m\u2019a le plus plu\u00a0; nous avons partag\u00e9 nos exp\u00e9riences de l\u2019enseignement dans les \u00e9coles. Je n\u2019ai pas eu de contacts avec les hauts responsables, mais avec les enseignants qui s\u2019adressent aux enfants dans la classe. J\u2019esp\u00e8re pouvoir partager cette m\u00eame exp\u00e9rience avec mes coll\u00e8gues en Ouganda et am\u00e9liorer nos m\u00e9thodes d\u2019enseignement des sciences\u00a0\u00bb.<\/p>\n<p>Il a soulign\u00e9 que la recherche scientifique de pointe, men\u00e9e au CERN, devient de plus en plus pertinente. \u00ab\u00a0Cela nous donne un aper\u00e7u\u00a0; nous pouvons aussi commencer \u00e0 examiner les questions auxquelles le CERN cherche des r\u00e9ponses, notamment l\u2019origine de l\u2019univers\u00a0\u00bb, a ajout\u00e9 Mpamizo Gonzaga. \u00ab\u00a0Ces questions ont un impact sur les progr\u00e8s de la technologie et sur les t\u00e9l\u00e9communications. Il est grand temps que l\u2019Afrique entreprenne de tels projets.\u00a0\u00bb<\/p>\n<p>George Omondi, professeur de physique \u00e0 Kisumu, au Kenya, la ville o\u00f9 Tejinder Virdee est all\u00e9 au lyc\u00e9e, a exprim\u00e9 son intention d\u2019utiliser ce qu\u2019il a appris au CERN pour rendre la physique plus attrayante pour ses \u00e9l\u00e8ves. \u00ab\u00a0Dans notre pays, la majorit\u00e9 des cerveaux les plus brillants optent pour la m\u00e9decine, pas pour la physique, parce que ce n\u2019est pas tr\u00e8s int\u00e9ressant. C\u2019est donc ce que nous voulons faire, la rendre plus int\u00e9ressante\u00a0\u00bb.<\/p>\n","protected":false},"excerpt":{"rendered":"<p>BBC NEWS SUR LE SITE BBC.CO.UK\/NEWS Un scientifique prim\u00e9 travaillant \u00e0 l\u2019Organisation europ\u00e9enne pour la recherche nucl\u00e9aire (plus commun\u00e9ment appel\u00e9e CERN) a utilis\u00e9 les gains qu\u2019il a re\u00e7us pour promouvoir la physique des particules en Afrique. Le professeur Tejinder Virdee, qui est n\u00e9 et a grandi au Kenya, faisait partie de l\u2019\u00e9quipe qui a jou\u00e9<\/p>\n","protected":false},"author":1,"featured_media":502,"comment_status":"open","ping_status":"open","sticky":false,"template":"","format":"standard","meta":{"_acf_changed":false,"_monsterinsights_skip_tracking":false,"_monsterinsights_sitenote_active":false,"_monsterinsights_sitenote_note":"","_monsterinsights_sitenote_category":0,"_uf_show_specific_survey":0,"_uf_disable_surveys":false,"footnotes":""},"categories":[52,40],"tags":[],"class_list":{"0":"post-1073","1":"post","2":"type-post","3":"status-publish","4":"format-standard","5":"has-post-thumbnail","7":"category-point-de-vue-mondial","8":"category-rubriques"},"acf":[],"yoast_head":"<!-- This site is optimized with the Yoast SEO plugin v27.4 - https:\/\/yoast.com\/product\/yoast-seo-wordpress\/ -->\n<title>Un Chercheur Fait Venir Des Scientifiques Africains Au Cern - Africa Defense Forum<\/title>\n<meta name=\"robots\" content=\"index, follow, max-snippet:-1, max-image-preview:large, max-video-preview:-1\" \/>\n<link rel=\"canonical\" href=\"https:\/\/adf-magazine.com\/2014\/02\/researcher-brings-african-scientists-to-cern\/\" \/>\n<meta property=\"og:locale\" content=\"fr_FR\" \/>\n<meta property=\"og:type\" content=\"article\" \/>\n<meta property=\"og:title\" content=\"Un Chercheur Fait Venir Des Scientifiques Africains Au Cern - Africa Defense Forum\" \/>\n<meta property=\"og:description\" content=\"BBC NEWS SUR LE SITE BBC.CO.UK\/NEWS Un scientifique prim\u00e9 travaillant \u00e0 l\u2019Organisation europ\u00e9enne pour la recherche nucl\u00e9aire (plus commun\u00e9ment appel\u00e9e CERN) a utilis\u00e9 les gains qu\u2019il a re\u00e7us pour promouvoir la physique des particules en Afrique. Le professeur Tejinder Virdee, qui est n\u00e9 et a grandi au Kenya, faisait partie de l\u2019\u00e9quipe qui a jou\u00e9\" \/>\n<meta property=\"og:url\" content=\"https:\/\/adf-magazine.com\/2014\/02\/researcher-brings-african-scientists-to-cern\/\" \/>\n<meta property=\"og:site_name\" content=\"Africa Defense Forum\" \/>\n<meta property=\"article:publisher\" content=\"https:\/\/www.facebook.com\/ADFmagazine\/\" \/>\n<meta property=\"article:published_time\" content=\"2014-08-22T14:59:20+00:00\" \/>\n<meta property=\"article:modified_time\" content=\"2014-08-22T14:59:44+00:00\" \/>\n<meta property=\"og:image\" content=\"https:\/\/adf-magazine.com\/wp-content\/uploads\/2014\/02\/Dome.jpg\" \/>\n\t<meta property=\"og:image:width\" content=\"1008\" \/>\n\t<meta property=\"og:image:height\" content=\"721\" \/>\n\t<meta property=\"og:image:type\" content=\"image\/jpeg\" \/>\n<meta name=\"author\" content=\"ADF\" \/>\n<meta name=\"twitter:card\" content=\"summary_large_image\" \/>\n<meta name=\"twitter:creator\" content=\"@ADFmagazine\" \/>\n<meta name=\"twitter:site\" content=\"@ADFmagazine\" \/>\n<meta name=\"twitter:label1\" content=\"\u00c9crit par\" \/>\n\t<meta name=\"twitter:data1\" content=\"ADF\" \/>\n\t<meta name=\"twitter:label2\" content=\"Dur\u00e9e de lecture estim\u00e9e\" \/>\n\t<meta name=\"twitter:data2\" content=\"3 minutes\" \/>\n<script type=\"application\/ld+json\" class=\"yoast-schema-graph\">{\"@context\":\"https:\\\/\\\/schema.org\",\"@graph\":[{\"@type\":\"Article\",\"@id\":\"https:\\\/\\\/adf-magazine.com\\\/2014\\\/02\\\/researcher-brings-african-scientists-to-cern\\\/#article\",\"isPartOf\":{\"@id\":\"https:\\\/\\\/adf-magazine.com\\\/2014\\\/02\\\/researcher-brings-african-scientists-to-cern\\\/\"},\"author\":{\"name\":\"ADF\",\"@id\":\"https:\\\/\\\/adf-magazine.com\\\/#\\\/schema\\\/person\\\/f266a6061389568b5a11465bb38bc025\"},\"headline\":\"Un Chercheur Fait Venir Des Scientifiques Africains Au Cern\",\"datePublished\":\"2014-08-22T14:59:20+00:00\",\"dateModified\":\"2014-08-22T14:59:44+00:00\",\"mainEntityOfPage\":{\"@id\":\"https:\\\/\\\/adf-magazine.com\\\/2014\\\/02\\\/researcher-brings-african-scientists-to-cern\\\/\"},\"wordCount\":557,\"commentCount\":0,\"image\":{\"@id\":\"https:\\\/\\\/adf-magazine.com\\\/2014\\\/02\\\/researcher-brings-african-scientists-to-cern\\\/#primaryimage\"},\"thumbnailUrl\":\"https:\\\/\\\/adf-magazine.com\\\/wp-content\\\/uploads\\\/2014\\\/02\\\/Dome.jpg\",\"articleSection\":[\"Point de vue mondial\",\"rubriques\"],\"inLanguage\":\"fr-FR\",\"potentialAction\":[{\"@type\":\"CommentAction\",\"name\":\"Comment\",\"target\":[\"https:\\\/\\\/adf-magazine.com\\\/2014\\\/02\\\/researcher-brings-african-scientists-to-cern\\\/#respond\"]}]},{\"@type\":\"WebPage\",\"@id\":\"https:\\\/\\\/adf-magazine.com\\\/2014\\\/02\\\/researcher-brings-african-scientists-to-cern\\\/\",\"url\":\"https:\\\/\\\/adf-magazine.com\\\/2014\\\/02\\\/researcher-brings-african-scientists-to-cern\\\/\",\"name\":\"Un Chercheur Fait Venir Des Scientifiques Africains Au Cern - Africa Defense Forum\",\"isPartOf\":{\"@id\":\"https:\\\/\\\/adf-magazine.com\\\/#website\"},\"primaryImageOfPage\":{\"@id\":\"https:\\\/\\\/adf-magazine.com\\\/2014\\\/02\\\/researcher-brings-african-scientists-to-cern\\\/#primaryimage\"},\"image\":{\"@id\":\"https:\\\/\\\/adf-magazine.com\\\/2014\\\/02\\\/researcher-brings-african-scientists-to-cern\\\/#primaryimage\"},\"thumbnailUrl\":\"https:\\\/\\\/adf-magazine.com\\\/wp-content\\\/uploads\\\/2014\\\/02\\\/Dome.jpg\",\"datePublished\":\"2014-08-22T14:59:20+00:00\",\"dateModified\":\"2014-08-22T14:59:44+00:00\",\"author\":{\"@id\":\"https:\\\/\\\/adf-magazine.com\\\/#\\\/schema\\\/person\\\/f266a6061389568b5a11465bb38bc025\"},\"breadcrumb\":{\"@id\":\"https:\\\/\\\/adf-magazine.com\\\/2014\\\/02\\\/researcher-brings-african-scientists-to-cern\\\/#breadcrumb\"},\"inLanguage\":\"fr-FR\",\"potentialAction\":[{\"@type\":\"ReadAction\",\"target\":[\"https:\\\/\\\/adf-magazine.com\\\/2014\\\/02\\\/researcher-brings-african-scientists-to-cern\\\/\"]}]},{\"@type\":\"ImageObject\",\"inLanguage\":\"fr-FR\",\"@id\":\"https:\\\/\\\/adf-magazine.com\\\/2014\\\/02\\\/researcher-brings-african-scientists-to-cern\\\/#primaryimage\",\"url\":\"https:\\\/\\\/adf-magazine.com\\\/wp-content\\\/uploads\\\/2014\\\/02\\\/Dome.jpg\",\"contentUrl\":\"https:\\\/\\\/adf-magazine.com\\\/wp-content\\\/uploads\\\/2014\\\/02\\\/Dome.jpg\",\"width\":1008,\"height\":721,\"caption\":\"The Globe of Science and Innovation in Geneva, Switzerland, houses presentations developed by the European Organization for Nuclear Research. [ADAM NIEMAN]\"},{\"@type\":\"BreadcrumbList\",\"@id\":\"https:\\\/\\\/adf-magazine.com\\\/2014\\\/02\\\/researcher-brings-african-scientists-to-cern\\\/#breadcrumb\",\"itemListElement\":[{\"@type\":\"ListItem\",\"position\":1,\"name\":\"page d\u2019accueil\",\"item\":\"https:\\\/\\\/adf-magazine.com\\\/\"},{\"@type\":\"ListItem\",\"position\":2,\"name\":\"Un Chercheur Fait Venir Des Scientifiques Africains Au Cern\"}]},{\"@type\":\"WebSite\",\"@id\":\"https:\\\/\\\/adf-magazine.com\\\/#website\",\"url\":\"https:\\\/\\\/adf-magazine.com\\\/\",\"name\":\"Africa Defense Forum\",\"description\":\"Africa Defense Forum\",\"potentialAction\":[{\"@type\":\"SearchAction\",\"target\":{\"@type\":\"EntryPoint\",\"urlTemplate\":\"https:\\\/\\\/adf-magazine.com\\\/?s={search_term_string}\"},\"query-input\":{\"@type\":\"PropertyValueSpecification\",\"valueRequired\":true,\"valueName\":\"search_term_string\"}}],\"inLanguage\":\"fr-FR\"},{\"@type\":\"Person\",\"@id\":\"https:\\\/\\\/adf-magazine.com\\\/#\\\/schema\\\/person\\\/f266a6061389568b5a11465bb38bc025\",\"name\":\"ADF\",\"image\":{\"@type\":\"ImageObject\",\"inLanguage\":\"fr-FR\",\"@id\":\"https:\\\/\\\/adf-magazine.com\\\/wp-content\\\/uploads\\\/2020\\\/05\\\/cropped-ADF_icon.jpg\",\"url\":\"https:\\\/\\\/adf-magazine.com\\\/wp-content\\\/uploads\\\/2020\\\/05\\\/cropped-ADF_icon.jpg\",\"contentUrl\":\"https:\\\/\\\/adf-magazine.com\\\/wp-content\\\/uploads\\\/2020\\\/05\\\/cropped-ADF_icon.jpg\",\"caption\":\"ADF\"},\"description\":\"ADF is a professional military magazine published quarterly by U.S. Africa Command to provide an international forum for African security professionals. ADF covers topics such as counter terrorism strategies, security and defense operations, transnational crime, and all other issues affecting peace, stability, and good governance on the African continent.\",\"sameAs\":[\"https:\\\/\\\/x.com\\\/ADFmagazine\"],\"url\":\"https:\\\/\\\/adf-magazine.com\\\/fr\\\/author\\\/adf\\\/\"}]}<\/script>\n<!-- \/ Yoast SEO plugin. -->","yoast_head_json":{"title":"Un Chercheur Fait Venir Des Scientifiques Africains Au Cern - Africa Defense Forum","robots":{"index":"index","follow":"follow","max-snippet":"max-snippet:-1","max-image-preview":"max-image-preview:large","max-video-preview":"max-video-preview:-1"},"canonical":"https:\/\/adf-magazine.com\/2014\/02\/researcher-brings-african-scientists-to-cern\/","og_locale":"fr_FR","og_type":"article","og_title":"Un Chercheur Fait Venir Des Scientifiques Africains Au Cern - Africa Defense Forum","og_description":"BBC NEWS SUR LE SITE BBC.CO.UK\/NEWS Un scientifique prim\u00e9 travaillant \u00e0 l\u2019Organisation europ\u00e9enne pour la recherche nucl\u00e9aire (plus commun\u00e9ment appel\u00e9e CERN) a utilis\u00e9 les gains qu\u2019il a re\u00e7us pour promouvoir la physique des particules en Afrique. Le professeur Tejinder Virdee, qui est n\u00e9 et a grandi au Kenya, faisait partie de l\u2019\u00e9quipe qui a jou\u00e9","og_url":"https:\/\/adf-magazine.com\/2014\/02\/researcher-brings-african-scientists-to-cern\/","og_site_name":"Africa Defense Forum","article_publisher":"https:\/\/www.facebook.com\/ADFmagazine\/","article_published_time":"2014-08-22T14:59:20+00:00","article_modified_time":"2014-08-22T14:59:44+00:00","og_image":[{"width":1008,"height":721,"url":"https:\/\/adf-magazine.com\/wp-content\/uploads\/2014\/02\/Dome.jpg","type":"image\/jpeg"}],"author":"ADF","twitter_card":"summary_large_image","twitter_creator":"@ADFmagazine","twitter_site":"@ADFmagazine","twitter_misc":{"\u00c9crit par":"ADF","Dur\u00e9e de lecture estim\u00e9e":"3 minutes"},"schema":{"@context":"https:\/\/schema.org","@graph":[{"@type":"Article","@id":"https:\/\/adf-magazine.com\/2014\/02\/researcher-brings-african-scientists-to-cern\/#article","isPartOf":{"@id":"https:\/\/adf-magazine.com\/2014\/02\/researcher-brings-african-scientists-to-cern\/"},"author":{"name":"ADF","@id":"https:\/\/adf-magazine.com\/#\/schema\/person\/f266a6061389568b5a11465bb38bc025"},"headline":"Un Chercheur Fait Venir Des Scientifiques Africains Au Cern","datePublished":"2014-08-22T14:59:20+00:00","dateModified":"2014-08-22T14:59:44+00:00","mainEntityOfPage":{"@id":"https:\/\/adf-magazine.com\/2014\/02\/researcher-brings-african-scientists-to-cern\/"},"wordCount":557,"commentCount":0,"image":{"@id":"https:\/\/adf-magazine.com\/2014\/02\/researcher-brings-african-scientists-to-cern\/#primaryimage"},"thumbnailUrl":"https:\/\/adf-magazine.com\/wp-content\/uploads\/2014\/02\/Dome.jpg","articleSection":["Point de vue mondial","rubriques"],"inLanguage":"fr-FR","potentialAction":[{"@type":"CommentAction","name":"Comment","target":["https:\/\/adf-magazine.com\/2014\/02\/researcher-brings-african-scientists-to-cern\/#respond"]}]},{"@type":"WebPage","@id":"https:\/\/adf-magazine.com\/2014\/02\/researcher-brings-african-scientists-to-cern\/","url":"https:\/\/adf-magazine.com\/2014\/02\/researcher-brings-african-scientists-to-cern\/","name":"Un Chercheur Fait Venir Des Scientifiques Africains Au Cern - Africa Defense Forum","isPartOf":{"@id":"https:\/\/adf-magazine.com\/#website"},"primaryImageOfPage":{"@id":"https:\/\/adf-magazine.com\/2014\/02\/researcher-brings-african-scientists-to-cern\/#primaryimage"},"image":{"@id":"https:\/\/adf-magazine.com\/2014\/02\/researcher-brings-african-scientists-to-cern\/#primaryimage"},"thumbnailUrl":"https:\/\/adf-magazine.com\/wp-content\/uploads\/2014\/02\/Dome.jpg","datePublished":"2014-08-22T14:59:20+00:00","dateModified":"2014-08-22T14:59:44+00:00","author":{"@id":"https:\/\/adf-magazine.com\/#\/schema\/person\/f266a6061389568b5a11465bb38bc025"},"breadcrumb":{"@id":"https:\/\/adf-magazine.com\/2014\/02\/researcher-brings-african-scientists-to-cern\/#breadcrumb"},"inLanguage":"fr-FR","potentialAction":[{"@type":"ReadAction","target":["https:\/\/adf-magazine.com\/2014\/02\/researcher-brings-african-scientists-to-cern\/"]}]},{"@type":"ImageObject","inLanguage":"fr-FR","@id":"https:\/\/adf-magazine.com\/2014\/02\/researcher-brings-african-scientists-to-cern\/#primaryimage","url":"https:\/\/adf-magazine.com\/wp-content\/uploads\/2014\/02\/Dome.jpg","contentUrl":"https:\/\/adf-magazine.com\/wp-content\/uploads\/2014\/02\/Dome.jpg","width":1008,"height":721,"caption":"The Globe of Science and Innovation in Geneva, Switzerland, houses presentations developed by the European Organization for Nuclear Research. [ADAM NIEMAN]"},{"@type":"BreadcrumbList","@id":"https:\/\/adf-magazine.com\/2014\/02\/researcher-brings-african-scientists-to-cern\/#breadcrumb","itemListElement":[{"@type":"ListItem","position":1,"name":"page d\u2019accueil","item":"https:\/\/adf-magazine.com\/"},{"@type":"ListItem","position":2,"name":"Un Chercheur Fait Venir Des Scientifiques Africains Au Cern"}]},{"@type":"WebSite","@id":"https:\/\/adf-magazine.com\/#website","url":"https:\/\/adf-magazine.com\/","name":"Africa Defense Forum","description":"Africa Defense Forum","potentialAction":[{"@type":"SearchAction","target":{"@type":"EntryPoint","urlTemplate":"https:\/\/adf-magazine.com\/?s={search_term_string}"},"query-input":{"@type":"PropertyValueSpecification","valueRequired":true,"valueName":"search_term_string"}}],"inLanguage":"fr-FR"},{"@type":"Person","@id":"https:\/\/adf-magazine.com\/#\/schema\/person\/f266a6061389568b5a11465bb38bc025","name":"ADF","image":{"@type":"ImageObject","inLanguage":"fr-FR","@id":"https:\/\/adf-magazine.com\/wp-content\/uploads\/2020\/05\/cropped-ADF_icon.jpg","url":"https:\/\/adf-magazine.com\/wp-content\/uploads\/2020\/05\/cropped-ADF_icon.jpg","contentUrl":"https:\/\/adf-magazine.com\/wp-content\/uploads\/2020\/05\/cropped-ADF_icon.jpg","caption":"ADF"},"description":"ADF is a professional military magazine published quarterly by U.S. Africa Command to provide an international forum for African security professionals. ADF covers topics such as counter terrorism strategies, security and defense operations, transnational crime, and all other issues affecting peace, stability, and good governance on the African continent.","sameAs":["https:\/\/x.com\/ADFmagazine"],"url":"https:\/\/adf-magazine.com\/fr\/author\/adf\/"}]}},"_links":{"self":[{"href":"https:\/\/adf-magazine.com\/fr\/wp-json\/wp\/v2\/posts\/1073","targetHints":{"allow":["GET"]}}],"collection":[{"href":"https:\/\/adf-magazine.com\/fr\/wp-json\/wp\/v2\/posts"}],"about":[{"href":"https:\/\/adf-magazine.com\/fr\/wp-json\/wp\/v2\/types\/post"}],"author":[{"embeddable":true,"href":"https:\/\/adf-magazine.com\/fr\/wp-json\/wp\/v2\/users\/1"}],"replies":[{"embeddable":true,"href":"https:\/\/adf-magazine.com\/fr\/wp-json\/wp\/v2\/comments?post=1073"}],"version-history":[{"count":0,"href":"https:\/\/adf-magazine.com\/fr\/wp-json\/wp\/v2\/posts\/1073\/revisions"}],"wp:featuredmedia":[{"embeddable":true,"href":"https:\/\/adf-magazine.com\/fr\/wp-json\/wp\/v2\/media\/502"}],"wp:attachment":[{"href":"https:\/\/adf-magazine.com\/fr\/wp-json\/wp\/v2\/media?parent=1073"}],"wp:term":[{"taxonomy":"category","embeddable":true,"href":"https:\/\/adf-magazine.com\/fr\/wp-json\/wp\/v2\/categories?post=1073"},{"taxonomy":"post_tag","embeddable":true,"href":"https:\/\/adf-magazine.com\/fr\/wp-json\/wp\/v2\/tags?post=1073"}],"curies":[{"name":"wp","href":"https:\/\/api.w.org\/{rel}","templated":true}]}}