{"id":106531,"date":"2023-06-06T12:28:18","date_gmt":"2023-06-06T16:28:18","guid":{"rendered":"https:\/\/adf-magazine.com\/?p=106531"},"modified":"2023-06-06T12:29:51","modified_gmt":"2023-06-06T16:29:51","slug":"les-deux-belligerants-cherchent-des-armes-additionnelles-pour-les-combats-au-soudan","status":"publish","type":"post","link":"https:\/\/adf-magazine.com\/fr\/2023\/06\/les-deux-belligerants-cherchent-des-armes-additionnelles-pour-les-combats-au-soudan\/","title":{"rendered":"Les deux bellig\u00e9rants cherchent des armes additionnelles pour les combats au Soudan"},"content":{"rendered":"<p style=\"font-weight: 400;\">PERSONNEL D\u2019ADF<\/p>\n<p style=\"font-weight: 400;\">Les dirigeants militaires soudanais ont signal\u00e9 le 26 mai qu\u2019ils avaient intercept\u00e9 une cargaison d\u2019armes qui \u00e9tait pass\u00e9e en contrebande depuis un pays \u00e9tranger non sp\u00e9cifi\u00e9 \u00e0 travers la r\u00e9gion de la mer Rouge vers les rebelles dans l\u2019Est du pays.<\/p>\n<p style=\"font-weight: 400;\">Il s\u2019agit du plus r\u00e9cent exemple d\u2019armes amen\u00e9es au Soudan pour les combats en cours entre le g\u00e9n\u00e9ral Abdel Fattah al-Burhan, leader de fait du pays, et son ex-adjoint appel\u00e9 Hemeti. Depuis le 15 avril, les deux hommes s\u2019affrontent pour contr\u00f4ler le Soudan.<\/p>\n<p style=\"font-weight: 400;\">Le g\u00e9n\u00e9ral Burhan, chef des Forces arm\u00e9es du Soudan (SAF), et Hemeti, chef des Forces de soutien rapide (RSF) bas\u00e9es au Darfour, ont pass\u00e9 quelques semaines apr\u00e8s le d\u00e9but des hostilit\u00e9s \u00e0 Khartoum pour organiser des raids sur leurs bases respectives afin de chercher des armes et demander de l\u2019aide \u00e0 l\u2019ext\u00e9rieur du pays.<\/p>\n<p style=\"font-weight: 400;\">Lorsque les combats ont commenc\u00e9, les SAF avaient acc\u00e8s \u00e0 la totalit\u00e9 des armes de l\u2019arm\u00e9e, notamment les avions chasseurs, les chars d\u2019assaut et les armes lourdes. Les RSF avaient des armes plus l\u00e9g\u00e8res mais \u00e9taient aussi plus mobiles, ce qui leur permit de saisir des \u00e9l\u00e9ments cl\u00e9s d\u2019infrastructure tels que les a\u00e9roports.<\/p>\n<p style=\"font-weight: 400;\">Avant le d\u00e9but des combats, les RSF et les SAF partageaient aussi des d\u00e9p\u00f4ts d\u2019armes.<\/p>\n<p style=\"font-weight: 400;\">\u00ab\u00a0Lorsque le conflit a \u00e9clat\u00e9, les combattants des RSF ont neutralis\u00e9 leurs homologues des SAF et commenc\u00e9 \u00e0 transporter les armes et les munitions sur les v\u00e9hicules des RSF ou vers des emplacements \u201cs\u00e9curis\u00e9s\u201d ailleurs\u00a0\u00bb, d\u00e9clare Khristopher Carlson, chercheur principal aupr\u00e8s du Small Arms Survey, \u00e0 ADF dans un e-mail. Ses recherches se concentrent sur l\u2019impact des armes au Soudan et au Soudan du Sud.<\/p>\n<p style=\"font-weight: 400;\">Avec les d\u00e9p\u00f4ts d\u2019armes, les RSF ont aussi pris le contr\u00f4le de certaines usines de fabrication de l\u2019arm\u00e9e.<\/p>\n<p style=\"font-weight: 400;\">\u00ab\u00a0Naturellement, une question se pose apr\u00e8s la saisie de ces installations par les RSF, ainsi que la saisie des chasseurs, h\u00e9licopt\u00e8res, chars d\u2019assaut et autre \u00e9quipement lourd des SAF\u00a0: les RSF peuvent-elles les employer ou les entretenir\u00a0?\u00a0\u00bb, d\u00e9clare M.\u00a0Carlson \u00e0 ADF.<\/p>\n<p style=\"font-weight: 400;\">Les RSF ont \u00e9limin\u00e9 la sup\u00e9riorit\u00e9 a\u00e9rienne des SAF en utilisant des missiles sol-air appel\u00e9s MANPADS (Man-Portable Air Defense System, syst\u00e8me portatif de d\u00e9fense a\u00e9rienne) pour abattre les avions chasseurs. L\u2019origine exacte des MANPADS reste incertaine\u00a0: certains proviennent probablement des stocks des SAF mais des sources ext\u00e9rieures sont aussi possibles, selon M.\u00a0Carlson.<\/p>\n<p style=\"font-weight: 400;\">CNN et le site web All Eyes on Wagner ont r\u00e9cemment suivi \u00e0 la piste des avions d\u00e9collant de la base du groupe Wagner de mercenaires russes en Libye pour livrer des armes dans une base des RSF au Nord-Ouest du Soudan. On signale que cette livraison comportait des missiles sol-air. Les forces des SAF ont pris d\u2019assaut la base quelques jours plus tard. Les SAF ont aussi saisi un a\u00e9roport contr\u00f4l\u00e9 par les RSF \u00e0 Merowe.<\/p>\n<p style=\"font-weight: 400;\">Hemeti a une relation bien \u00e9tablie avec le groupe Wagner du fait de leurs int\u00e9r\u00eats communs dans l\u2019extraction et la contrebande de l\u2019or du Soudan.<\/p>\n<p style=\"font-weight: 400;\">La Wagner est aussi active en R\u00e9publique centrafricaine, \u00e0 la fronti\u00e8re Sud-Ouest du Soudan. Les RSF contr\u00f4lent le passage frontalier \u00e0 Um Dafuq dans le Darfour du Sud et, selon les rebelles de la RCA, elles ont collabor\u00e9 avec la Wagner pour recevoir des armes au poste de contr\u00f4le.<\/p>\n<p style=\"font-weight: 400;\">Alors que Hemeti b\u00e9n\u00e9ficie de ses liens avec le groupe Wagner, le g\u00e9n\u00e9ral Burhan maintient une relation avec l\u2019\u00c9gypte et le Tchad. Ces deux pays h\u00e9bergent un grand nombre de r\u00e9fugi\u00e9s mais n\u2019interviennent pas dans les combats.<\/p>\n<p style=\"font-weight: 400;\">Il est improbable que les Nations unies imposent un embargo d\u2019armes au Soudan, selon M.\u00a0Carlson. La pr\u00e9sidence prochaine du Conseil de s\u00e9curit\u00e9 est attribu\u00e9e aux \u00c9mirats arabes unis, qui sont des alli\u00e9s de Hemeti.<\/p>\n<p style=\"font-weight: 400;\">Les deux bellig\u00e9rants ayant des armes et des effectifs qui sont de plus en plus similaires, le g\u00e9n\u00e9ral Burhan a b\u00e2ti des alliances politiques pour isoler Hemeti et encercler les RSF.<\/p>\n<p style=\"font-weight: 400;\">Le g\u00e9n\u00e9ral Burhan \u0153uvre pour obtenir un soutien contre les RSF aupr\u00e8s des autres groupes arm\u00e9s du Soudan, notamment des alli\u00e9s potentiels dans l\u2019Est du Soudan et d\u2019autres qui sont depuis longtemps ennemis des RSF, d\u00e9clare M.\u00a0Carlson \u00e0 ADF.<\/p>\n<p style=\"font-weight: 400;\">Il a \u00e9tabli des alliances avec des ennemis de longue date de Hemeti au Darfour, r\u00e9gion o\u00f9 les gens, les fournitures et les armes traversent facilement la fronti\u00e8re avec le Tchad. Le Darfour est devenu un deuxi\u00e8me front apr\u00e8s Khartoum, avec des combats dans les capitales du Darfour du Nord et du Darfour du Sud.<\/p>\n<p style=\"font-weight: 400;\">Le 20 mai, le g\u00e9n\u00e9ral Burhan a remplac\u00e9 Hemeti au poste de chef adjoint du Conseil de souverainet\u00e9 du Soudan par Malik Agar, chef de la milice Mouvement populaire de lib\u00e9ration du Soudan &#8211; Nord.<\/p>\n<p style=\"font-weight: 400;\">Il a aussi fait r\u00e9cemment appel aux anciens officiers, sous-officiers et retrait\u00e9s du Soudan pour qu\u2019ils se r\u00e9engagent et retournent dans les services arm\u00e9s pour combattre les RSF, si leur condition physique le permet. Les experts estiment que le Soudan a environ 85.000\u00a0r\u00e9servistes en plus des effectifs de 120.000\u00a0dans les forces arm\u00e9es. \u00c0 titre comparatif, les RSF ont environ 100.000\u00a0membres.<\/p>\n<p style=\"font-weight: 400;\">On s\u2019attend \u00e0 ce que de nombreux r\u00e9servistes des SAF emploient leurs propres armes dans cette lutte. Le Small Arms Survey estime que le Soudan, avec une population de 45\u00a0millions, a pr\u00e8s de 3\u00a0millions d\u2019armes entre les mains des civils, soit 6,6\u00a0armes pour chaque centaine de\u00a0personnes. Ceci fait du Soudan l\u2019une des soci\u00e9t\u00e9s africaines les plus arm\u00e9es.<\/p>\n<p style=\"font-weight: 400;\">Les RSF ont d\u00e9nonc\u00e9 cet appel comme \u00ab\u00a0une recette potentielle de catastrophe\u00a0\u00bb.<\/p>\n","protected":false},"excerpt":{"rendered":"<p>PERSONNEL D\u2019ADF Les dirigeants militaires soudanais ont signal\u00e9 le 26 mai qu\u2019ils avaient intercept\u00e9 une cargaison d\u2019armes qui \u00e9tait pass\u00e9e en contrebande depuis un pays \u00e9tranger non sp\u00e9cifi\u00e9 \u00e0 travers la r\u00e9gion de la mer Rouge vers les rebelles dans l\u2019Est du pays. Il s\u2019agit du plus r\u00e9cent exemple d\u2019armes amen\u00e9es au Soudan pour les<\/p>\n","protected":false},"author":1,"featured_media":106524,"comment_status":"open","ping_status":"closed","sticky":false,"template":"","format":"standard","meta":{"_acf_changed":false,"_monsterinsights_skip_tracking":false,"_monsterinsights_sitenote_active":false,"_monsterinsights_sitenote_note":"","_monsterinsights_sitenote_category":0,"_uf_show_specific_survey":0,"_uf_disable_surveys":false,"footnotes":""},"categories":[331],"tags":[1260,1261,1259,779,1065],"class_list":{"0":"post-106531","1":"post","2":"type-post","3":"status-publish","4":"format-standard","5":"has-post-thumbnail","7":"category-dernieres-nouvelles","8":"tag-chade-fr","9":"tag-corno-de-africa-fr","10":"tag-republica-centro-africana-fr","11":"tag-sudao-fr","12":"tag-trafico-de-armas"},"acf":[],"yoast_head":"<!-- This site is optimized with the Yoast SEO plugin v27.4 - https:\/\/yoast.com\/product\/yoast-seo-wordpress\/ -->\n<title>Les deux bellig\u00e9rants cherchent des armes additionnelles pour les combats au Soudan - Africa Defense Forum<\/title>\n<meta name=\"robots\" content=\"index, follow, max-snippet:-1, max-image-preview:large, max-video-preview:-1\" \/>\n<link rel=\"canonical\" href=\"https:\/\/adf-magazine.com\/fr\/2023\/06\/les-deux-belligerants-cherchent-des-armes-additionnelles-pour-les-combats-au-soudan\/\" \/>\n<meta property=\"og:locale\" content=\"fr_FR\" \/>\n<meta property=\"og:type\" content=\"article\" \/>\n<meta property=\"og:title\" content=\"Les deux bellig\u00e9rants cherchent des armes additionnelles pour les combats au Soudan - Africa Defense Forum\" \/>\n<meta property=\"og:description\" content=\"PERSONNEL D\u2019ADF Les dirigeants militaires soudanais ont signal\u00e9 le 26 mai qu\u2019ils avaient intercept\u00e9 une cargaison d\u2019armes qui \u00e9tait pass\u00e9e en contrebande depuis un pays \u00e9tranger non sp\u00e9cifi\u00e9 \u00e0 travers la r\u00e9gion de la mer Rouge vers les rebelles dans l\u2019Est du pays. Il s\u2019agit du plus r\u00e9cent exemple d\u2019armes amen\u00e9es au Soudan pour les\" \/>\n<meta property=\"og:url\" content=\"https:\/\/adf-magazine.com\/fr\/2023\/06\/les-deux-belligerants-cherchent-des-armes-additionnelles-pour-les-combats-au-soudan\/\" \/>\n<meta property=\"og:site_name\" content=\"Africa Defense Forum\" \/>\n<meta property=\"article:publisher\" content=\"https:\/\/www.facebook.com\/ADFmagazine\/\" \/>\n<meta property=\"article:published_time\" content=\"2023-06-06T16:28:18+00:00\" \/>\n<meta property=\"article:modified_time\" content=\"2023-06-06T16:29:51+00:00\" \/>\n<meta property=\"og:image\" content=\"https:\/\/adf-magazine.com\/wp-content\/uploads\/2023\/06\/GettyImages-1151560006.jpg\" \/>\n\t<meta property=\"og:image:width\" content=\"1024\" \/>\n\t<meta property=\"og:image:height\" content=\"683\" \/>\n\t<meta property=\"og:image:type\" content=\"image\/jpeg\" \/>\n<meta name=\"author\" content=\"ADF\" \/>\n<meta name=\"twitter:card\" content=\"summary_large_image\" \/>\n<meta name=\"twitter:creator\" content=\"@ADFmagazine\" \/>\n<meta name=\"twitter:site\" content=\"@ADFmagazine\" \/>\n<meta name=\"twitter:label1\" content=\"\u00c9crit par\" \/>\n\t<meta name=\"twitter:data1\" content=\"ADF\" \/>\n\t<meta name=\"twitter:label2\" content=\"Dur\u00e9e de lecture estim\u00e9e\" \/>\n\t<meta name=\"twitter:data2\" content=\"5 minutes\" \/>\n<script type=\"application\/ld+json\" class=\"yoast-schema-graph\">{\"@context\":\"https:\\\/\\\/schema.org\",\"@graph\":[{\"@type\":\"Article\",\"@id\":\"https:\\\/\\\/adf-magazine.com\\\/fr\\\/2023\\\/06\\\/les-deux-belligerants-cherchent-des-armes-additionnelles-pour-les-combats-au-soudan\\\/#article\",\"isPartOf\":{\"@id\":\"https:\\\/\\\/adf-magazine.com\\\/fr\\\/2023\\\/06\\\/les-deux-belligerants-cherchent-des-armes-additionnelles-pour-les-combats-au-soudan\\\/\"},\"author\":{\"name\":\"ADF\",\"@id\":\"https:\\\/\\\/adf-magazine.com\\\/#\\\/schema\\\/person\\\/f266a6061389568b5a11465bb38bc025\"},\"headline\":\"Les deux bellig\u00e9rants cherchent des armes additionnelles pour les combats au Soudan\",\"datePublished\":\"2023-06-06T16:28:18+00:00\",\"dateModified\":\"2023-06-06T16:29:51+00:00\",\"mainEntityOfPage\":{\"@id\":\"https:\\\/\\\/adf-magazine.com\\\/fr\\\/2023\\\/06\\\/les-deux-belligerants-cherchent-des-armes-additionnelles-pour-les-combats-au-soudan\\\/\"},\"wordCount\":1022,\"commentCount\":0,\"image\":{\"@id\":\"https:\\\/\\\/adf-magazine.com\\\/fr\\\/2023\\\/06\\\/les-deux-belligerants-cherchent-des-armes-additionnelles-pour-les-combats-au-soudan\\\/#primaryimage\"},\"thumbnailUrl\":\"https:\\\/\\\/adf-magazine.com\\\/wp-content\\\/uploads\\\/2023\\\/06\\\/GettyImages-1151560006.jpg\",\"keywords\":[\"Chade\",\"Corno de \u00c1frica\",\"Rep\u00fablica Centro-Africana\",\"Sud\u00e3o\",\"tr\u00e1fico de armas\"],\"articleSection\":[\"Actualit\u00e9s du Jour\"],\"inLanguage\":\"fr-FR\",\"potentialAction\":[{\"@type\":\"CommentAction\",\"name\":\"Comment\",\"target\":[\"https:\\\/\\\/adf-magazine.com\\\/fr\\\/2023\\\/06\\\/les-deux-belligerants-cherchent-des-armes-additionnelles-pour-les-combats-au-soudan\\\/#respond\"]}]},{\"@type\":\"WebPage\",\"@id\":\"https:\\\/\\\/adf-magazine.com\\\/fr\\\/2023\\\/06\\\/les-deux-belligerants-cherchent-des-armes-additionnelles-pour-les-combats-au-soudan\\\/\",\"url\":\"https:\\\/\\\/adf-magazine.com\\\/fr\\\/2023\\\/06\\\/les-deux-belligerants-cherchent-des-armes-additionnelles-pour-les-combats-au-soudan\\\/\",\"name\":\"Les deux bellig\u00e9rants cherchent des armes additionnelles pour les combats au Soudan - Africa Defense Forum\",\"isPartOf\":{\"@id\":\"https:\\\/\\\/adf-magazine.com\\\/#website\"},\"primaryImageOfPage\":{\"@id\":\"https:\\\/\\\/adf-magazine.com\\\/fr\\\/2023\\\/06\\\/les-deux-belligerants-cherchent-des-armes-additionnelles-pour-les-combats-au-soudan\\\/#primaryimage\"},\"image\":{\"@id\":\"https:\\\/\\\/adf-magazine.com\\\/fr\\\/2023\\\/06\\\/les-deux-belligerants-cherchent-des-armes-additionnelles-pour-les-combats-au-soudan\\\/#primaryimage\"},\"thumbnailUrl\":\"https:\\\/\\\/adf-magazine.com\\\/wp-content\\\/uploads\\\/2023\\\/06\\\/GettyImages-1151560006.jpg\",\"datePublished\":\"2023-06-06T16:28:18+00:00\",\"dateModified\":\"2023-06-06T16:29:51+00:00\",\"author\":{\"@id\":\"https:\\\/\\\/adf-magazine.com\\\/#\\\/schema\\\/person\\\/f266a6061389568b5a11465bb38bc025\"},\"breadcrumb\":{\"@id\":\"https:\\\/\\\/adf-magazine.com\\\/fr\\\/2023\\\/06\\\/les-deux-belligerants-cherchent-des-armes-additionnelles-pour-les-combats-au-soudan\\\/#breadcrumb\"},\"inLanguage\":\"fr-FR\",\"potentialAction\":[{\"@type\":\"ReadAction\",\"target\":[\"https:\\\/\\\/adf-magazine.com\\\/fr\\\/2023\\\/06\\\/les-deux-belligerants-cherchent-des-armes-additionnelles-pour-les-combats-au-soudan\\\/\"]}]},{\"@type\":\"ImageObject\",\"inLanguage\":\"fr-FR\",\"@id\":\"https:\\\/\\\/adf-magazine.com\\\/fr\\\/2023\\\/06\\\/les-deux-belligerants-cherchent-des-armes-additionnelles-pour-les-combats-au-soudan\\\/#primaryimage\",\"url\":\"https:\\\/\\\/adf-magazine.com\\\/wp-content\\\/uploads\\\/2023\\\/06\\\/GettyImages-1151560006.jpg\",\"contentUrl\":\"https:\\\/\\\/adf-magazine.com\\\/wp-content\\\/uploads\\\/2023\\\/06\\\/GettyImages-1151560006.jpg\",\"width\":1024,\"height\":683,\"caption\":\"Selon les observateurs, les g\u00e9n\u00e9raux rivaux du Soudan ont des ressources assez similaires ; ils se tournent maintenant vers les pays \u00e9trangers et les groupes int\u00e9rieurs pour obtenir des armes. AFP\\\/GETTY IMAGES\"},{\"@type\":\"BreadcrumbList\",\"@id\":\"https:\\\/\\\/adf-magazine.com\\\/fr\\\/2023\\\/06\\\/les-deux-belligerants-cherchent-des-armes-additionnelles-pour-les-combats-au-soudan\\\/#breadcrumb\",\"itemListElement\":[{\"@type\":\"ListItem\",\"position\":1,\"name\":\"page d\u2019accueil\",\"item\":\"https:\\\/\\\/adf-magazine.com\\\/\"},{\"@type\":\"ListItem\",\"position\":2,\"name\":\"Les deux bellig\u00e9rants cherchent des armes additionnelles pour les combats au Soudan\"}]},{\"@type\":\"WebSite\",\"@id\":\"https:\\\/\\\/adf-magazine.com\\\/#website\",\"url\":\"https:\\\/\\\/adf-magazine.com\\\/\",\"name\":\"Africa Defense Forum\",\"description\":\"Africa Defense Forum\",\"potentialAction\":[{\"@type\":\"SearchAction\",\"target\":{\"@type\":\"EntryPoint\",\"urlTemplate\":\"https:\\\/\\\/adf-magazine.com\\\/?s={search_term_string}\"},\"query-input\":{\"@type\":\"PropertyValueSpecification\",\"valueRequired\":true,\"valueName\":\"search_term_string\"}}],\"inLanguage\":\"fr-FR\"},{\"@type\":\"Person\",\"@id\":\"https:\\\/\\\/adf-magazine.com\\\/#\\\/schema\\\/person\\\/f266a6061389568b5a11465bb38bc025\",\"name\":\"ADF\",\"image\":{\"@type\":\"ImageObject\",\"inLanguage\":\"fr-FR\",\"@id\":\"https:\\\/\\\/adf-magazine.com\\\/wp-content\\\/uploads\\\/2020\\\/05\\\/cropped-ADF_icon.jpg\",\"url\":\"https:\\\/\\\/adf-magazine.com\\\/wp-content\\\/uploads\\\/2020\\\/05\\\/cropped-ADF_icon.jpg\",\"contentUrl\":\"https:\\\/\\\/adf-magazine.com\\\/wp-content\\\/uploads\\\/2020\\\/05\\\/cropped-ADF_icon.jpg\",\"caption\":\"ADF\"},\"description\":\"ADF is a professional military magazine published quarterly by U.S. Africa Command to provide an international forum for African security professionals. ADF covers topics such as counter terrorism strategies, security and defense operations, transnational crime, and all other issues affecting peace, stability, and good governance on the African continent.\",\"sameAs\":[\"https:\\\/\\\/x.com\\\/ADFmagazine\"],\"url\":\"https:\\\/\\\/adf-magazine.com\\\/fr\\\/author\\\/adf\\\/\"}]}<\/script>\n<!-- \/ Yoast SEO plugin. -->","yoast_head_json":{"title":"Les deux bellig\u00e9rants cherchent des armes additionnelles pour les combats au Soudan - Africa Defense Forum","robots":{"index":"index","follow":"follow","max-snippet":"max-snippet:-1","max-image-preview":"max-image-preview:large","max-video-preview":"max-video-preview:-1"},"canonical":"https:\/\/adf-magazine.com\/fr\/2023\/06\/les-deux-belligerants-cherchent-des-armes-additionnelles-pour-les-combats-au-soudan\/","og_locale":"fr_FR","og_type":"article","og_title":"Les deux bellig\u00e9rants cherchent des armes additionnelles pour les combats au Soudan - Africa Defense Forum","og_description":"PERSONNEL D\u2019ADF Les dirigeants militaires soudanais ont signal\u00e9 le 26 mai qu\u2019ils avaient intercept\u00e9 une cargaison d\u2019armes qui \u00e9tait pass\u00e9e en contrebande depuis un pays \u00e9tranger non sp\u00e9cifi\u00e9 \u00e0 travers la r\u00e9gion de la mer Rouge vers les rebelles dans l\u2019Est du pays. Il s\u2019agit du plus r\u00e9cent exemple d\u2019armes amen\u00e9es au Soudan pour les","og_url":"https:\/\/adf-magazine.com\/fr\/2023\/06\/les-deux-belligerants-cherchent-des-armes-additionnelles-pour-les-combats-au-soudan\/","og_site_name":"Africa Defense Forum","article_publisher":"https:\/\/www.facebook.com\/ADFmagazine\/","article_published_time":"2023-06-06T16:28:18+00:00","article_modified_time":"2023-06-06T16:29:51+00:00","og_image":[{"width":1024,"height":683,"url":"https:\/\/adf-magazine.com\/wp-content\/uploads\/2023\/06\/GettyImages-1151560006.jpg","type":"image\/jpeg"}],"author":"ADF","twitter_card":"summary_large_image","twitter_creator":"@ADFmagazine","twitter_site":"@ADFmagazine","twitter_misc":{"\u00c9crit par":"ADF","Dur\u00e9e de lecture estim\u00e9e":"5 minutes"},"schema":{"@context":"https:\/\/schema.org","@graph":[{"@type":"Article","@id":"https:\/\/adf-magazine.com\/fr\/2023\/06\/les-deux-belligerants-cherchent-des-armes-additionnelles-pour-les-combats-au-soudan\/#article","isPartOf":{"@id":"https:\/\/adf-magazine.com\/fr\/2023\/06\/les-deux-belligerants-cherchent-des-armes-additionnelles-pour-les-combats-au-soudan\/"},"author":{"name":"ADF","@id":"https:\/\/adf-magazine.com\/#\/schema\/person\/f266a6061389568b5a11465bb38bc025"},"headline":"Les deux bellig\u00e9rants cherchent des armes additionnelles pour les combats au Soudan","datePublished":"2023-06-06T16:28:18+00:00","dateModified":"2023-06-06T16:29:51+00:00","mainEntityOfPage":{"@id":"https:\/\/adf-magazine.com\/fr\/2023\/06\/les-deux-belligerants-cherchent-des-armes-additionnelles-pour-les-combats-au-soudan\/"},"wordCount":1022,"commentCount":0,"image":{"@id":"https:\/\/adf-magazine.com\/fr\/2023\/06\/les-deux-belligerants-cherchent-des-armes-additionnelles-pour-les-combats-au-soudan\/#primaryimage"},"thumbnailUrl":"https:\/\/adf-magazine.com\/wp-content\/uploads\/2023\/06\/GettyImages-1151560006.jpg","keywords":["Chade","Corno de \u00c1frica","Rep\u00fablica Centro-Africana","Sud\u00e3o","tr\u00e1fico de armas"],"articleSection":["Actualit\u00e9s du Jour"],"inLanguage":"fr-FR","potentialAction":[{"@type":"CommentAction","name":"Comment","target":["https:\/\/adf-magazine.com\/fr\/2023\/06\/les-deux-belligerants-cherchent-des-armes-additionnelles-pour-les-combats-au-soudan\/#respond"]}]},{"@type":"WebPage","@id":"https:\/\/adf-magazine.com\/fr\/2023\/06\/les-deux-belligerants-cherchent-des-armes-additionnelles-pour-les-combats-au-soudan\/","url":"https:\/\/adf-magazine.com\/fr\/2023\/06\/les-deux-belligerants-cherchent-des-armes-additionnelles-pour-les-combats-au-soudan\/","name":"Les deux bellig\u00e9rants cherchent des armes additionnelles pour les combats au Soudan - Africa Defense Forum","isPartOf":{"@id":"https:\/\/adf-magazine.com\/#website"},"primaryImageOfPage":{"@id":"https:\/\/adf-magazine.com\/fr\/2023\/06\/les-deux-belligerants-cherchent-des-armes-additionnelles-pour-les-combats-au-soudan\/#primaryimage"},"image":{"@id":"https:\/\/adf-magazine.com\/fr\/2023\/06\/les-deux-belligerants-cherchent-des-armes-additionnelles-pour-les-combats-au-soudan\/#primaryimage"},"thumbnailUrl":"https:\/\/adf-magazine.com\/wp-content\/uploads\/2023\/06\/GettyImages-1151560006.jpg","datePublished":"2023-06-06T16:28:18+00:00","dateModified":"2023-06-06T16:29:51+00:00","author":{"@id":"https:\/\/adf-magazine.com\/#\/schema\/person\/f266a6061389568b5a11465bb38bc025"},"breadcrumb":{"@id":"https:\/\/adf-magazine.com\/fr\/2023\/06\/les-deux-belligerants-cherchent-des-armes-additionnelles-pour-les-combats-au-soudan\/#breadcrumb"},"inLanguage":"fr-FR","potentialAction":[{"@type":"ReadAction","target":["https:\/\/adf-magazine.com\/fr\/2023\/06\/les-deux-belligerants-cherchent-des-armes-additionnelles-pour-les-combats-au-soudan\/"]}]},{"@type":"ImageObject","inLanguage":"fr-FR","@id":"https:\/\/adf-magazine.com\/fr\/2023\/06\/les-deux-belligerants-cherchent-des-armes-additionnelles-pour-les-combats-au-soudan\/#primaryimage","url":"https:\/\/adf-magazine.com\/wp-content\/uploads\/2023\/06\/GettyImages-1151560006.jpg","contentUrl":"https:\/\/adf-magazine.com\/wp-content\/uploads\/2023\/06\/GettyImages-1151560006.jpg","width":1024,"height":683,"caption":"Selon les observateurs, les g\u00e9n\u00e9raux rivaux du Soudan ont des ressources assez similaires ; ils se tournent maintenant vers les pays \u00e9trangers et les groupes int\u00e9rieurs pour obtenir des armes. AFP\/GETTY IMAGES"},{"@type":"BreadcrumbList","@id":"https:\/\/adf-magazine.com\/fr\/2023\/06\/les-deux-belligerants-cherchent-des-armes-additionnelles-pour-les-combats-au-soudan\/#breadcrumb","itemListElement":[{"@type":"ListItem","position":1,"name":"page d\u2019accueil","item":"https:\/\/adf-magazine.com\/"},{"@type":"ListItem","position":2,"name":"Les deux bellig\u00e9rants cherchent des armes additionnelles pour les combats au Soudan"}]},{"@type":"WebSite","@id":"https:\/\/adf-magazine.com\/#website","url":"https:\/\/adf-magazine.com\/","name":"Africa Defense Forum","description":"Africa Defense Forum","potentialAction":[{"@type":"SearchAction","target":{"@type":"EntryPoint","urlTemplate":"https:\/\/adf-magazine.com\/?s={search_term_string}"},"query-input":{"@type":"PropertyValueSpecification","valueRequired":true,"valueName":"search_term_string"}}],"inLanguage":"fr-FR"},{"@type":"Person","@id":"https:\/\/adf-magazine.com\/#\/schema\/person\/f266a6061389568b5a11465bb38bc025","name":"ADF","image":{"@type":"ImageObject","inLanguage":"fr-FR","@id":"https:\/\/adf-magazine.com\/wp-content\/uploads\/2020\/05\/cropped-ADF_icon.jpg","url":"https:\/\/adf-magazine.com\/wp-content\/uploads\/2020\/05\/cropped-ADF_icon.jpg","contentUrl":"https:\/\/adf-magazine.com\/wp-content\/uploads\/2020\/05\/cropped-ADF_icon.jpg","caption":"ADF"},"description":"ADF is a professional military magazine published quarterly by U.S. Africa Command to provide an international forum for African security professionals. ADF covers topics such as counter terrorism strategies, security and defense operations, transnational crime, and all other issues affecting peace, stability, and good governance on the African continent.","sameAs":["https:\/\/x.com\/ADFmagazine"],"url":"https:\/\/adf-magazine.com\/fr\/author\/adf\/"}]}},"_links":{"self":[{"href":"https:\/\/adf-magazine.com\/fr\/wp-json\/wp\/v2\/posts\/106531","targetHints":{"allow":["GET"]}}],"collection":[{"href":"https:\/\/adf-magazine.com\/fr\/wp-json\/wp\/v2\/posts"}],"about":[{"href":"https:\/\/adf-magazine.com\/fr\/wp-json\/wp\/v2\/types\/post"}],"author":[{"embeddable":true,"href":"https:\/\/adf-magazine.com\/fr\/wp-json\/wp\/v2\/users\/1"}],"replies":[{"embeddable":true,"href":"https:\/\/adf-magazine.com\/fr\/wp-json\/wp\/v2\/comments?post=106531"}],"version-history":[{"count":0,"href":"https:\/\/adf-magazine.com\/fr\/wp-json\/wp\/v2\/posts\/106531\/revisions"}],"wp:featuredmedia":[{"embeddable":true,"href":"https:\/\/adf-magazine.com\/fr\/wp-json\/wp\/v2\/media\/106524"}],"wp:attachment":[{"href":"https:\/\/adf-magazine.com\/fr\/wp-json\/wp\/v2\/media?parent=106531"}],"wp:term":[{"taxonomy":"category","embeddable":true,"href":"https:\/\/adf-magazine.com\/fr\/wp-json\/wp\/v2\/categories?post=106531"},{"taxonomy":"post_tag","embeddable":true,"href":"https:\/\/adf-magazine.com\/fr\/wp-json\/wp\/v2\/tags?post=106531"}],"curies":[{"name":"wp","href":"https:\/\/api.w.org\/{rel}","templated":true}]}}