{"id":10631,"date":"2018-07-10T18:03:52","date_gmt":"2018-07-10T18:03:52","guid":{"rendered":"https:\/\/adf-magazine.com\/?p=10631"},"modified":"2018-08-10T13:36:37","modified_gmt":"2018-08-10T13:36:37","slug":"lua-avertit-du-retour-de-6000-extremistes","status":"publish","type":"post","link":"https:\/\/adf-magazine.com\/fr\/2018\/07\/lua-avertit-du-retour-de-6000-extremistes\/","title":{"rendered":"L\u2019UA AVERTIT DU RETOUR DE 6,000 EXTR\u00c9MISTES"},"content":{"rendered":"<p>REUTERS<\/p>\n<p>Le responsable principal de la s\u00e9curit\u00e9 de l\u2019Union africaine avertit que jusqu\u2019\u00e0 6.000 Africains qui se sont battus pour l\u2019EIIL en Irak et en Syrie pourraient rentrer chez eux, et il demande aux pays de se pr\u00e9parer \u00e0 faire face \u00e0 cette menace.<\/p>\n<p>Smail Chergui, commissaire de l\u2019UA pour la paix et la s\u00e9curit\u00e9, d\u00e9clare que les pays africains doivent travailler \u00e9troitement ensemble et partager leurs renseignements pour lutter contre les militants qui reviennent.<\/p>\n<p>\u00ab Des rapports indiquent qu\u2019il y avait 6.000 combattants africains parmi les 30.000 \u00e9l\u00e9ments \u00e9trangers qui avaient rejoint ce groupe terroriste au Moyen-Orient \u00bb, a d\u00e9clar\u00e9 M. Chergui dans une r\u00e9union \u00e0 Alger, selon l\u2019Alg\u00e9rie Presse Service.<\/p>\n<p>\u00ab Le retour de ces \u00e9l\u00e9ments en Afrique constitue une menace s\u00e9rieuse pour notre s\u00e9curit\u00e9 nationale et notre stabilit\u00e9, et exige un traitement sp\u00e9cial et une coop\u00e9ration intensive entre les pays africains \u00bb, d\u00e9clare-t-il.<\/p>\n<p>Des dizaines de milliers de combattants \u00e9trangers ont rejoint le groupe extr\u00e9miste apr\u00e8s sa saisie de vastes \u00e9tendues en Irak et en Syrie et sa d\u00e9claration d\u2019un califat en 2014. Mais le groupe a enregistr\u00e9 une s\u00e9rie de d\u00e9faites en perdant son territoire et ses capacit\u00e9s militaires en 2017.<\/p>\n<p>Soutenues par une coalition dirig\u00e9e par les \u00c9tats-Unis, les forces irakiennes ont repris progressivement le contr\u00f4le de tout le territoire saisi par les djihadistes, et ont d\u00e9clar\u00e9 que le pays \u00e9tait d\u00e9sormais lib\u00e9r\u00e9 de leur contr\u00f4le.<\/p>\n<p>En Syrie, le groupe fait face aux rebelles syriens soutenus par l\u2019Occident, aux rivaux djihadistes et aux forces gouvernementales soutenues par la Russie et l\u2019Iran.<\/p>\n<p>Les pertes ont suscit\u00e9 des craintes que le reste des combattants \u00e9trangers de l\u2019EIIL pourraient maintenant se relocaliser, et emmener leur id\u00e9ologie extr\u00e9miste et leur violence avec eux.<\/p>\n","protected":false},"excerpt":{"rendered":"<p>REUTERS Le responsable principal de la s\u00e9curit\u00e9 de l\u2019Union africaine avertit que jusqu\u2019\u00e0 6.000 Africains qui se sont battus pour l\u2019EIIL en Irak et en Syrie pourraient rentrer chez eux, et il demande aux pays de se pr\u00e9parer \u00e0 faire face \u00e0 cette menace. Smail Chergui, commissaire de l\u2019UA pour la paix et la s\u00e9curit\u00e9,<\/p>\n","protected":false},"author":1,"featured_media":10492,"comment_status":"open","ping_status":"open","sticky":false,"template":"","format":"standard","meta":{"_acf_changed":false,"_monsterinsights_skip_tracking":false,"_monsterinsights_sitenote_active":false,"_monsterinsights_sitenote_note":"","_monsterinsights_sitenote_category":0,"_uf_show_specific_survey":0,"_uf_disable_surveys":false,"footnotes":""},"categories":[51,40],"tags":[],"class_list":{"0":"post-10631","1":"post","2":"type-post","3":"status-publish","4":"format-standard","5":"has-post-thumbnail","7":"category-defense-et-securite","8":"category-rubriques"},"acf":[],"yoast_head":"<!-- This site is optimized with the Yoast SEO plugin v27.4 - https:\/\/yoast.com\/product\/yoast-seo-wordpress\/ -->\n<title>L\u2019UA AVERTIT DU RETOUR DE 6,000 EXTR\u00c9MISTES - Africa Defense Forum<\/title>\n<meta name=\"robots\" content=\"index, follow, max-snippet:-1, max-image-preview:large, max-video-preview:-1\" \/>\n<link rel=\"canonical\" href=\"https:\/\/adf-magazine.com\/2018\/07\/au-warns-of-6000-returning-extremists\/\" \/>\n<meta property=\"og:locale\" content=\"fr_FR\" \/>\n<meta property=\"og:type\" content=\"article\" \/>\n<meta property=\"og:title\" content=\"L\u2019UA AVERTIT DU RETOUR DE 6,000 EXTR\u00c9MISTES - Africa Defense Forum\" \/>\n<meta property=\"og:description\" content=\"REUTERS Le responsable principal de la s\u00e9curit\u00e9 de l\u2019Union africaine avertit que jusqu\u2019\u00e0 6.000 Africains qui se sont battus pour l\u2019EIIL en Irak et en Syrie pourraient rentrer chez eux, et il demande aux pays de se pr\u00e9parer \u00e0 faire face \u00e0 cette menace. Smail Chergui, commissaire de l\u2019UA pour la paix et la s\u00e9curit\u00e9,\" \/>\n<meta property=\"og:url\" content=\"https:\/\/adf-magazine.com\/2018\/07\/au-warns-of-6000-returning-extremists\/\" \/>\n<meta property=\"og:site_name\" content=\"Africa Defense Forum\" \/>\n<meta property=\"article:publisher\" content=\"https:\/\/www.facebook.com\/ADFmagazine\/\" \/>\n<meta property=\"article:published_time\" content=\"2018-07-10T18:03:52+00:00\" \/>\n<meta property=\"article:modified_time\" content=\"2018-08-10T13:36:37+00:00\" \/>\n<meta property=\"og:image\" content=\"https:\/\/adf-magazine.com\/wp-content\/uploads\/2018\/07\/RTS1AGATA.jpg\" \/>\n\t<meta property=\"og:image:width\" content=\"1080\" \/>\n\t<meta property=\"og:image:height\" content=\"693\" \/>\n\t<meta property=\"og:image:type\" content=\"image\/jpeg\" \/>\n<meta name=\"author\" content=\"ADF\" \/>\n<meta name=\"twitter:card\" content=\"summary_large_image\" \/>\n<meta name=\"twitter:creator\" content=\"@ADFmagazine\" \/>\n<meta name=\"twitter:site\" content=\"@ADFmagazine\" \/>\n<meta name=\"twitter:label1\" content=\"\u00c9crit par\" \/>\n\t<meta name=\"twitter:data1\" content=\"ADF\" \/>\n\t<meta name=\"twitter:label2\" content=\"Dur\u00e9e de lecture estim\u00e9e\" \/>\n\t<meta name=\"twitter:data2\" content=\"2 minutes\" \/>\n<script type=\"application\/ld+json\" class=\"yoast-schema-graph\">{\"@context\":\"https:\\\/\\\/schema.org\",\"@graph\":[{\"@type\":\"Article\",\"@id\":\"https:\\\/\\\/adf-magazine.com\\\/2018\\\/07\\\/au-warns-of-6000-returning-extremists\\\/#article\",\"isPartOf\":{\"@id\":\"https:\\\/\\\/adf-magazine.com\\\/2018\\\/07\\\/au-warns-of-6000-returning-extremists\\\/\"},\"author\":{\"name\":\"ADF\",\"@id\":\"https:\\\/\\\/adf-magazine.com\\\/#\\\/schema\\\/person\\\/f266a6061389568b5a11465bb38bc025\"},\"headline\":\"L\u2019UA AVERTIT DU RETOUR DE 6,000 EXTR\u00c9MISTES\",\"datePublished\":\"2018-07-10T18:03:52+00:00\",\"dateModified\":\"2018-08-10T13:36:37+00:00\",\"mainEntityOfPage\":{\"@id\":\"https:\\\/\\\/adf-magazine.com\\\/2018\\\/07\\\/au-warns-of-6000-returning-extremists\\\/\"},\"wordCount\":317,\"commentCount\":0,\"image\":{\"@id\":\"https:\\\/\\\/adf-magazine.com\\\/2018\\\/07\\\/au-warns-of-6000-returning-extremists\\\/#primaryimage\"},\"thumbnailUrl\":\"https:\\\/\\\/adf-magazine.com\\\/wp-content\\\/uploads\\\/2018\\\/07\\\/RTS1AGATA.jpg\",\"articleSection\":[\"D\u00e9fense et s\u00e9curit\u00e9\",\"rubriques\"],\"inLanguage\":\"fr-FR\",\"potentialAction\":[{\"@type\":\"CommentAction\",\"name\":\"Comment\",\"target\":[\"https:\\\/\\\/adf-magazine.com\\\/2018\\\/07\\\/au-warns-of-6000-returning-extremists\\\/#respond\"]}]},{\"@type\":\"WebPage\",\"@id\":\"https:\\\/\\\/adf-magazine.com\\\/2018\\\/07\\\/au-warns-of-6000-returning-extremists\\\/\",\"url\":\"https:\\\/\\\/adf-magazine.com\\\/2018\\\/07\\\/au-warns-of-6000-returning-extremists\\\/\",\"name\":\"L\u2019UA AVERTIT DU RETOUR DE 6,000 EXTR\u00c9MISTES - Africa Defense Forum\",\"isPartOf\":{\"@id\":\"https:\\\/\\\/adf-magazine.com\\\/#website\"},\"primaryImageOfPage\":{\"@id\":\"https:\\\/\\\/adf-magazine.com\\\/2018\\\/07\\\/au-warns-of-6000-returning-extremists\\\/#primaryimage\"},\"image\":{\"@id\":\"https:\\\/\\\/adf-magazine.com\\\/2018\\\/07\\\/au-warns-of-6000-returning-extremists\\\/#primaryimage\"},\"thumbnailUrl\":\"https:\\\/\\\/adf-magazine.com\\\/wp-content\\\/uploads\\\/2018\\\/07\\\/RTS1AGATA.jpg\",\"datePublished\":\"2018-07-10T18:03:52+00:00\",\"dateModified\":\"2018-08-10T13:36:37+00:00\",\"author\":{\"@id\":\"https:\\\/\\\/adf-magazine.com\\\/#\\\/schema\\\/person\\\/f266a6061389568b5a11465bb38bc025\"},\"breadcrumb\":{\"@id\":\"https:\\\/\\\/adf-magazine.com\\\/2018\\\/07\\\/au-warns-of-6000-returning-extremists\\\/#breadcrumb\"},\"inLanguage\":\"fr-FR\",\"potentialAction\":[{\"@type\":\"ReadAction\",\"target\":[\"https:\\\/\\\/adf-magazine.com\\\/2018\\\/07\\\/au-warns-of-6000-returning-extremists\\\/\"]}]},{\"@type\":\"ImageObject\",\"inLanguage\":\"fr-FR\",\"@id\":\"https:\\\/\\\/adf-magazine.com\\\/2018\\\/07\\\/au-warns-of-6000-returning-extremists\\\/#primaryimage\",\"url\":\"https:\\\/\\\/adf-magazine.com\\\/wp-content\\\/uploads\\\/2018\\\/07\\\/RTS1AGATA.jpg\",\"contentUrl\":\"https:\\\/\\\/adf-magazine.com\\\/wp-content\\\/uploads\\\/2018\\\/07\\\/RTS1AGATA.jpg\",\"width\":1080,\"height\":693},{\"@type\":\"BreadcrumbList\",\"@id\":\"https:\\\/\\\/adf-magazine.com\\\/2018\\\/07\\\/au-warns-of-6000-returning-extremists\\\/#breadcrumb\",\"itemListElement\":[{\"@type\":\"ListItem\",\"position\":1,\"name\":\"page d\u2019accueil\",\"item\":\"https:\\\/\\\/adf-magazine.com\\\/\"},{\"@type\":\"ListItem\",\"position\":2,\"name\":\"L\u2019UA AVERTIT DU RETOUR DE 6,000 EXTR\u00c9MISTES\"}]},{\"@type\":\"WebSite\",\"@id\":\"https:\\\/\\\/adf-magazine.com\\\/#website\",\"url\":\"https:\\\/\\\/adf-magazine.com\\\/\",\"name\":\"Africa Defense Forum\",\"description\":\"Africa Defense Forum\",\"potentialAction\":[{\"@type\":\"SearchAction\",\"target\":{\"@type\":\"EntryPoint\",\"urlTemplate\":\"https:\\\/\\\/adf-magazine.com\\\/?s={search_term_string}\"},\"query-input\":{\"@type\":\"PropertyValueSpecification\",\"valueRequired\":true,\"valueName\":\"search_term_string\"}}],\"inLanguage\":\"fr-FR\"},{\"@type\":\"Person\",\"@id\":\"https:\\\/\\\/adf-magazine.com\\\/#\\\/schema\\\/person\\\/f266a6061389568b5a11465bb38bc025\",\"name\":\"ADF\",\"image\":{\"@type\":\"ImageObject\",\"inLanguage\":\"fr-FR\",\"@id\":\"https:\\\/\\\/adf-magazine.com\\\/wp-content\\\/uploads\\\/2020\\\/05\\\/cropped-ADF_icon.jpg\",\"url\":\"https:\\\/\\\/adf-magazine.com\\\/wp-content\\\/uploads\\\/2020\\\/05\\\/cropped-ADF_icon.jpg\",\"contentUrl\":\"https:\\\/\\\/adf-magazine.com\\\/wp-content\\\/uploads\\\/2020\\\/05\\\/cropped-ADF_icon.jpg\",\"caption\":\"ADF\"},\"description\":\"ADF is a professional military magazine published quarterly by U.S. Africa Command to provide an international forum for African security professionals. ADF covers topics such as counter terrorism strategies, security and defense operations, transnational crime, and all other issues affecting peace, stability, and good governance on the African continent.\",\"sameAs\":[\"https:\\\/\\\/x.com\\\/ADFmagazine\"],\"url\":\"https:\\\/\\\/adf-magazine.com\\\/fr\\\/author\\\/adf\\\/\"}]}<\/script>\n<!-- \/ Yoast SEO plugin. -->","yoast_head_json":{"title":"L\u2019UA AVERTIT DU RETOUR DE 6,000 EXTR\u00c9MISTES - Africa Defense Forum","robots":{"index":"index","follow":"follow","max-snippet":"max-snippet:-1","max-image-preview":"max-image-preview:large","max-video-preview":"max-video-preview:-1"},"canonical":"https:\/\/adf-magazine.com\/2018\/07\/au-warns-of-6000-returning-extremists\/","og_locale":"fr_FR","og_type":"article","og_title":"L\u2019UA AVERTIT DU RETOUR DE 6,000 EXTR\u00c9MISTES - Africa Defense Forum","og_description":"REUTERS Le responsable principal de la s\u00e9curit\u00e9 de l\u2019Union africaine avertit que jusqu\u2019\u00e0 6.000 Africains qui se sont battus pour l\u2019EIIL en Irak et en Syrie pourraient rentrer chez eux, et il demande aux pays de se pr\u00e9parer \u00e0 faire face \u00e0 cette menace. Smail Chergui, commissaire de l\u2019UA pour la paix et la s\u00e9curit\u00e9,","og_url":"https:\/\/adf-magazine.com\/2018\/07\/au-warns-of-6000-returning-extremists\/","og_site_name":"Africa Defense Forum","article_publisher":"https:\/\/www.facebook.com\/ADFmagazine\/","article_published_time":"2018-07-10T18:03:52+00:00","article_modified_time":"2018-08-10T13:36:37+00:00","og_image":[{"width":1080,"height":693,"url":"https:\/\/adf-magazine.com\/wp-content\/uploads\/2018\/07\/RTS1AGATA.jpg","type":"image\/jpeg"}],"author":"ADF","twitter_card":"summary_large_image","twitter_creator":"@ADFmagazine","twitter_site":"@ADFmagazine","twitter_misc":{"\u00c9crit par":"ADF","Dur\u00e9e de lecture estim\u00e9e":"2 minutes"},"schema":{"@context":"https:\/\/schema.org","@graph":[{"@type":"Article","@id":"https:\/\/adf-magazine.com\/2018\/07\/au-warns-of-6000-returning-extremists\/#article","isPartOf":{"@id":"https:\/\/adf-magazine.com\/2018\/07\/au-warns-of-6000-returning-extremists\/"},"author":{"name":"ADF","@id":"https:\/\/adf-magazine.com\/#\/schema\/person\/f266a6061389568b5a11465bb38bc025"},"headline":"L\u2019UA AVERTIT DU RETOUR DE 6,000 EXTR\u00c9MISTES","datePublished":"2018-07-10T18:03:52+00:00","dateModified":"2018-08-10T13:36:37+00:00","mainEntityOfPage":{"@id":"https:\/\/adf-magazine.com\/2018\/07\/au-warns-of-6000-returning-extremists\/"},"wordCount":317,"commentCount":0,"image":{"@id":"https:\/\/adf-magazine.com\/2018\/07\/au-warns-of-6000-returning-extremists\/#primaryimage"},"thumbnailUrl":"https:\/\/adf-magazine.com\/wp-content\/uploads\/2018\/07\/RTS1AGATA.jpg","articleSection":["D\u00e9fense et s\u00e9curit\u00e9","rubriques"],"inLanguage":"fr-FR","potentialAction":[{"@type":"CommentAction","name":"Comment","target":["https:\/\/adf-magazine.com\/2018\/07\/au-warns-of-6000-returning-extremists\/#respond"]}]},{"@type":"WebPage","@id":"https:\/\/adf-magazine.com\/2018\/07\/au-warns-of-6000-returning-extremists\/","url":"https:\/\/adf-magazine.com\/2018\/07\/au-warns-of-6000-returning-extremists\/","name":"L\u2019UA AVERTIT DU RETOUR DE 6,000 EXTR\u00c9MISTES - Africa Defense Forum","isPartOf":{"@id":"https:\/\/adf-magazine.com\/#website"},"primaryImageOfPage":{"@id":"https:\/\/adf-magazine.com\/2018\/07\/au-warns-of-6000-returning-extremists\/#primaryimage"},"image":{"@id":"https:\/\/adf-magazine.com\/2018\/07\/au-warns-of-6000-returning-extremists\/#primaryimage"},"thumbnailUrl":"https:\/\/adf-magazine.com\/wp-content\/uploads\/2018\/07\/RTS1AGATA.jpg","datePublished":"2018-07-10T18:03:52+00:00","dateModified":"2018-08-10T13:36:37+00:00","author":{"@id":"https:\/\/adf-magazine.com\/#\/schema\/person\/f266a6061389568b5a11465bb38bc025"},"breadcrumb":{"@id":"https:\/\/adf-magazine.com\/2018\/07\/au-warns-of-6000-returning-extremists\/#breadcrumb"},"inLanguage":"fr-FR","potentialAction":[{"@type":"ReadAction","target":["https:\/\/adf-magazine.com\/2018\/07\/au-warns-of-6000-returning-extremists\/"]}]},{"@type":"ImageObject","inLanguage":"fr-FR","@id":"https:\/\/adf-magazine.com\/2018\/07\/au-warns-of-6000-returning-extremists\/#primaryimage","url":"https:\/\/adf-magazine.com\/wp-content\/uploads\/2018\/07\/RTS1AGATA.jpg","contentUrl":"https:\/\/adf-magazine.com\/wp-content\/uploads\/2018\/07\/RTS1AGATA.jpg","width":1080,"height":693},{"@type":"BreadcrumbList","@id":"https:\/\/adf-magazine.com\/2018\/07\/au-warns-of-6000-returning-extremists\/#breadcrumb","itemListElement":[{"@type":"ListItem","position":1,"name":"page d\u2019accueil","item":"https:\/\/adf-magazine.com\/"},{"@type":"ListItem","position":2,"name":"L\u2019UA AVERTIT DU RETOUR DE 6,000 EXTR\u00c9MISTES"}]},{"@type":"WebSite","@id":"https:\/\/adf-magazine.com\/#website","url":"https:\/\/adf-magazine.com\/","name":"Africa Defense Forum","description":"Africa Defense Forum","potentialAction":[{"@type":"SearchAction","target":{"@type":"EntryPoint","urlTemplate":"https:\/\/adf-magazine.com\/?s={search_term_string}"},"query-input":{"@type":"PropertyValueSpecification","valueRequired":true,"valueName":"search_term_string"}}],"inLanguage":"fr-FR"},{"@type":"Person","@id":"https:\/\/adf-magazine.com\/#\/schema\/person\/f266a6061389568b5a11465bb38bc025","name":"ADF","image":{"@type":"ImageObject","inLanguage":"fr-FR","@id":"https:\/\/adf-magazine.com\/wp-content\/uploads\/2020\/05\/cropped-ADF_icon.jpg","url":"https:\/\/adf-magazine.com\/wp-content\/uploads\/2020\/05\/cropped-ADF_icon.jpg","contentUrl":"https:\/\/adf-magazine.com\/wp-content\/uploads\/2020\/05\/cropped-ADF_icon.jpg","caption":"ADF"},"description":"ADF is a professional military magazine published quarterly by U.S. Africa Command to provide an international forum for African security professionals. ADF covers topics such as counter terrorism strategies, security and defense operations, transnational crime, and all other issues affecting peace, stability, and good governance on the African continent.","sameAs":["https:\/\/x.com\/ADFmagazine"],"url":"https:\/\/adf-magazine.com\/fr\/author\/adf\/"}]}},"_links":{"self":[{"href":"https:\/\/adf-magazine.com\/fr\/wp-json\/wp\/v2\/posts\/10631","targetHints":{"allow":["GET"]}}],"collection":[{"href":"https:\/\/adf-magazine.com\/fr\/wp-json\/wp\/v2\/posts"}],"about":[{"href":"https:\/\/adf-magazine.com\/fr\/wp-json\/wp\/v2\/types\/post"}],"author":[{"embeddable":true,"href":"https:\/\/adf-magazine.com\/fr\/wp-json\/wp\/v2\/users\/1"}],"replies":[{"embeddable":true,"href":"https:\/\/adf-magazine.com\/fr\/wp-json\/wp\/v2\/comments?post=10631"}],"version-history":[{"count":0,"href":"https:\/\/adf-magazine.com\/fr\/wp-json\/wp\/v2\/posts\/10631\/revisions"}],"wp:featuredmedia":[{"embeddable":true,"href":"https:\/\/adf-magazine.com\/fr\/wp-json\/wp\/v2\/media\/10492"}],"wp:attachment":[{"href":"https:\/\/adf-magazine.com\/fr\/wp-json\/wp\/v2\/media?parent=10631"}],"wp:term":[{"taxonomy":"category","embeddable":true,"href":"https:\/\/adf-magazine.com\/fr\/wp-json\/wp\/v2\/categories?post=10631"},{"taxonomy":"post_tag","embeddable":true,"href":"https:\/\/adf-magazine.com\/fr\/wp-json\/wp\/v2\/tags?post=10631"}],"curies":[{"name":"wp","href":"https:\/\/api.w.org\/{rel}","templated":true}]}}