{"id":1060,"date":"2014-08-22T14:46:58","date_gmt":"2014-08-22T14:46:58","guid":{"rendered":"https:\/\/adf-magazine.com\/?p=1060"},"modified":"2014-09-30T19:15:11","modified_gmt":"2014-09-30T19:15:11","slug":"le-maroc-elimine-une-cellule-dal-qaida","status":"publish","type":"post","link":"https:\/\/adf-magazine.com\/fr\/2014\/08\/le-maroc-elimine-une-cellule-dal-qaida\/","title":{"rendered":"Le Maroc \u00c9limine Une Cellule D\u2019al-Qaida"},"content":{"rendered":"<p>MAGHAREBIA.COM<\/p>\n<p>Des officiers marocains de la Direction g\u00e9n\u00e9rale de la surveillance du territoire (DGST) ont arr\u00eat\u00e9 quatre membres d\u2019une cellule terroriste op\u00e9rant \u00e0 Tiznit, \u00e0 Fez, \u00e0 Mekn\u00e8s et \u00e0 Taounat, a annonc\u00e9 le ministre de l\u2019Int\u00e9rieur en ao\u00fbt 2013.<\/p>\n<p>L\u2019un des activistes les plus en vue sur les sites Web des djihadistes aurait organis\u00e9 la cellule apr\u00e8s avoir \u00e9t\u00e9 charg\u00e9 du recrutement pour Al-Qaida au Maghreb islamique (AQMI).<\/p>\n<p>\u00ab Le responsable de cette cellule, qui a r\u00e9ussi \u00e0 recruter des Marocains [\u2026] dont certains ont des liens avec les combattants op\u00e9rant sous la banni\u00e8re d\u2019Al-Qaida en Syrie, les a vivement exhort\u00e9s \u00e0 perp\u00e9trer des actes de sabotage contre les institutions de l\u2019\u00c9tat. Il projetait de mener \u00e0 bien une op\u00e9ration cibl\u00e9e conform\u00e9ment aux vis\u00e9es d\u2019AQMI \u00bb, a expliqu\u00e9 le ministre.<\/p>\n<p>En novembre 2012, les autorit\u00e9s ont d\u00e9mantel\u00e9 un r\u00e9seau terroriste marocain qui recrutait des jeunes gens pour le compte d\u2019un groupe dissident d\u2019Al-Qaida, le Mouvement pour l\u2019unicit\u00e9 et le jihad en Afrique de l\u2019Ouest (MUJAO). La cellule a envoy\u00e9 plus de 20 jeunes Marocains dans le nord du Mali. Une fois sur le terrain, les recrues ont \u00e9t\u00e9 form\u00e9es \u00ab \u00e0 participer aux op\u00e9rations terroristes planifi\u00e9es devant \u00eatre ex\u00e9cut\u00e9es dans la r\u00e9gion ult\u00e9rieurement \u00bb, a expliqu\u00e9 le ministre de l\u2019Int\u00e9rieur.<\/p>\n<p>Au cours de la derni\u00e8re d\u00e9cennie, le Maroc a d\u00e9mantel\u00e9 au moins 120 cellules terroristes endoctrin\u00e9es dans l\u2019id\u00e9ologie djihadiste d\u2019Al-Qaida. Depuis 2003, les services de s\u00e9curit\u00e9 ont \u00e9galement mis en \u00e9chec plus de 260 op\u00e9rations terroristes et ont arr\u00eat\u00e9 1.300 hommes suspect\u00e9s de terrorisme.<\/p>\n<p>La fr\u00e9quence avec laquelle les organismes de s\u00e9curit\u00e9 d\u00e9mant\u00e8lent les cellules terroristes indique que les extr\u00e9mistes continuent de recruter et d\u2019endoctriner des jeunes gens pour le compte d\u2019AQMI, observe le journaliste Moussa El Mouritani. \u00ab Apr\u00e8s l\u2019Afghanistan, le Sahel est toujours une base d\u2019appui alternative pour AQMI, qui est encore capable de frapper \u00e0 tout moment, en particulier \u00e0 travers ses liens \u00e9troits avec les r\u00e9seaux terroristes que le groupe tente d\u2019\u00e9tablir dans les pays limitrophes du Sahel. \u00bb<\/p>\n<p>Des enqu\u00eates ont r\u00e9v\u00e9l\u00e9 que la Libye, le Mali et la Syrie figuraient parmi les destinations des recrues.<\/p>\n","protected":false},"excerpt":{"rendered":"<p>MAGHAREBIA.COM Des officiers marocains de la Direction g\u00e9n\u00e9rale de la surveillance du territoire (DGST) ont arr\u00eat\u00e9 quatre membres d\u2019une cellule terroriste op\u00e9rant \u00e0 Tiznit, \u00e0 Fez, \u00e0 Mekn\u00e8s et \u00e0 Taounat, a annonc\u00e9 le ministre de l\u2019Int\u00e9rieur en ao\u00fbt 2013. L\u2019un des activistes les plus en vue sur les sites Web des djihadistes aurait organis\u00e9<\/p>\n","protected":false},"author":1,"featured_media":2330,"comment_status":"open","ping_status":"open","sticky":false,"template":"","format":"standard","meta":{"_acf_changed":false,"_monsterinsights_skip_tracking":false,"_monsterinsights_sitenote_active":false,"_monsterinsights_sitenote_note":"","_monsterinsights_sitenote_category":0,"_uf_show_specific_survey":0,"_uf_disable_surveys":false,"footnotes":""},"categories":[51,40],"tags":[],"class_list":{"0":"post-1060","1":"post","2":"type-post","3":"status-publish","4":"format-standard","5":"has-post-thumbnail","7":"category-defense-et-securite","8":"category-rubriques"},"acf":[],"yoast_head":"<!-- This site is optimized with the Yoast SEO plugin v27.4 - https:\/\/yoast.com\/product\/yoast-seo-wordpress\/ -->\n<title>Le Maroc \u00c9limine Une Cellule D\u2019al-Qaida - Africa Defense Forum<\/title>\n<meta name=\"robots\" content=\"index, follow, max-snippet:-1, max-image-preview:large, max-video-preview:-1\" \/>\n<link rel=\"canonical\" href=\"https:\/\/adf-magazine.com\/2014\/02\/morocco-takes-down-al-qaida-cel\/\" \/>\n<meta property=\"og:locale\" content=\"fr_FR\" \/>\n<meta property=\"og:type\" content=\"article\" \/>\n<meta property=\"og:title\" content=\"Le Maroc \u00c9limine Une Cellule D\u2019al-Qaida - Africa Defense Forum\" \/>\n<meta property=\"og:description\" content=\"MAGHAREBIA.COM Des officiers marocains de la Direction g\u00e9n\u00e9rale de la surveillance du territoire (DGST) ont arr\u00eat\u00e9 quatre membres d\u2019une cellule terroriste op\u00e9rant \u00e0 Tiznit, \u00e0 Fez, \u00e0 Mekn\u00e8s et \u00e0 Taounat, a annonc\u00e9 le ministre de l\u2019Int\u00e9rieur en ao\u00fbt 2013. L\u2019un des activistes les plus en vue sur les sites Web des djihadistes aurait organis\u00e9\" \/>\n<meta property=\"og:url\" content=\"https:\/\/adf-magazine.com\/2014\/02\/morocco-takes-down-al-qaida-cel\/\" \/>\n<meta property=\"og:site_name\" content=\"Africa Defense Forum\" \/>\n<meta property=\"article:publisher\" content=\"https:\/\/www.facebook.com\/ADFmagazine\/\" \/>\n<meta property=\"article:published_time\" content=\"2014-08-22T14:46:58+00:00\" \/>\n<meta property=\"article:modified_time\" content=\"2014-09-30T19:15:11+00:00\" \/>\n<meta property=\"og:image\" content=\"https:\/\/adf-magazine.com\/wp-content\/uploads\/2014\/02\/338321-Berserker.jpg\" \/>\n\t<meta property=\"og:image:width\" content=\"1135\" \/>\n\t<meta property=\"og:image:height\" content=\"756\" \/>\n\t<meta property=\"og:image:type\" content=\"image\/jpeg\" \/>\n<meta name=\"author\" content=\"ADF\" \/>\n<meta name=\"twitter:card\" content=\"summary_large_image\" \/>\n<meta name=\"twitter:creator\" content=\"@ADFmagazine\" \/>\n<meta name=\"twitter:site\" content=\"@ADFmagazine\" \/>\n<meta name=\"twitter:label1\" content=\"\u00c9crit par\" \/>\n\t<meta name=\"twitter:data1\" content=\"ADF\" \/>\n\t<meta name=\"twitter:label2\" content=\"Dur\u00e9e de lecture estim\u00e9e\" \/>\n\t<meta name=\"twitter:data2\" content=\"2 minutes\" \/>\n<script type=\"application\/ld+json\" class=\"yoast-schema-graph\">{\"@context\":\"https:\\\/\\\/schema.org\",\"@graph\":[{\"@type\":\"Article\",\"@id\":\"https:\\\/\\\/adf-magazine.com\\\/2014\\\/02\\\/morocco-takes-down-al-qaida-cel\\\/#article\",\"isPartOf\":{\"@id\":\"https:\\\/\\\/adf-magazine.com\\\/2014\\\/02\\\/morocco-takes-down-al-qaida-cel\\\/\"},\"author\":{\"name\":\"ADF\",\"@id\":\"https:\\\/\\\/adf-magazine.com\\\/#\\\/schema\\\/person\\\/f266a6061389568b5a11465bb38bc025\"},\"headline\":\"Le Maroc \u00c9limine Une Cellule D\u2019al-Qaida\",\"datePublished\":\"2014-08-22T14:46:58+00:00\",\"dateModified\":\"2014-09-30T19:15:11+00:00\",\"mainEntityOfPage\":{\"@id\":\"https:\\\/\\\/adf-magazine.com\\\/2014\\\/02\\\/morocco-takes-down-al-qaida-cel\\\/\"},\"wordCount\":401,\"commentCount\":0,\"image\":{\"@id\":\"https:\\\/\\\/adf-magazine.com\\\/2014\\\/02\\\/morocco-takes-down-al-qaida-cel\\\/#primaryimage\"},\"thumbnailUrl\":\"https:\\\/\\\/adf-magazine.com\\\/wp-content\\\/uploads\\\/2014\\\/02\\\/338321-Berserker.jpg\",\"articleSection\":[\"D\u00e9fense et s\u00e9curit\u00e9\",\"rubriques\"],\"inLanguage\":\"fr-FR\",\"potentialAction\":[{\"@type\":\"CommentAction\",\"name\":\"Comment\",\"target\":[\"https:\\\/\\\/adf-magazine.com\\\/2014\\\/02\\\/morocco-takes-down-al-qaida-cel\\\/#respond\"]}]},{\"@type\":\"WebPage\",\"@id\":\"https:\\\/\\\/adf-magazine.com\\\/2014\\\/02\\\/morocco-takes-down-al-qaida-cel\\\/\",\"url\":\"https:\\\/\\\/adf-magazine.com\\\/2014\\\/02\\\/morocco-takes-down-al-qaida-cel\\\/\",\"name\":\"Le Maroc \u00c9limine Une Cellule D\u2019al-Qaida - Africa Defense Forum\",\"isPartOf\":{\"@id\":\"https:\\\/\\\/adf-magazine.com\\\/#website\"},\"primaryImageOfPage\":{\"@id\":\"https:\\\/\\\/adf-magazine.com\\\/2014\\\/02\\\/morocco-takes-down-al-qaida-cel\\\/#primaryimage\"},\"image\":{\"@id\":\"https:\\\/\\\/adf-magazine.com\\\/2014\\\/02\\\/morocco-takes-down-al-qaida-cel\\\/#primaryimage\"},\"thumbnailUrl\":\"https:\\\/\\\/adf-magazine.com\\\/wp-content\\\/uploads\\\/2014\\\/02\\\/338321-Berserker.jpg\",\"datePublished\":\"2014-08-22T14:46:58+00:00\",\"dateModified\":\"2014-09-30T19:15:11+00:00\",\"author\":{\"@id\":\"https:\\\/\\\/adf-magazine.com\\\/#\\\/schema\\\/person\\\/f266a6061389568b5a11465bb38bc025\"},\"breadcrumb\":{\"@id\":\"https:\\\/\\\/adf-magazine.com\\\/2014\\\/02\\\/morocco-takes-down-al-qaida-cel\\\/#breadcrumb\"},\"inLanguage\":\"fr-FR\",\"potentialAction\":[{\"@type\":\"ReadAction\",\"target\":[\"https:\\\/\\\/adf-magazine.com\\\/2014\\\/02\\\/morocco-takes-down-al-qaida-cel\\\/\"]}]},{\"@type\":\"ImageObject\",\"inLanguage\":\"fr-FR\",\"@id\":\"https:\\\/\\\/adf-magazine.com\\\/2014\\\/02\\\/morocco-takes-down-al-qaida-cel\\\/#primaryimage\",\"url\":\"https:\\\/\\\/adf-magazine.com\\\/wp-content\\\/uploads\\\/2014\\\/02\\\/338321-Berserker.jpg\",\"contentUrl\":\"https:\\\/\\\/adf-magazine.com\\\/wp-content\\\/uploads\\\/2014\\\/02\\\/338321-Berserker.jpg\",\"width\":1135,\"height\":756},{\"@type\":\"BreadcrumbList\",\"@id\":\"https:\\\/\\\/adf-magazine.com\\\/2014\\\/02\\\/morocco-takes-down-al-qaida-cel\\\/#breadcrumb\",\"itemListElement\":[{\"@type\":\"ListItem\",\"position\":1,\"name\":\"page d\u2019accueil\",\"item\":\"https:\\\/\\\/adf-magazine.com\\\/\"},{\"@type\":\"ListItem\",\"position\":2,\"name\":\"Le Maroc \u00c9limine Une Cellule D\u2019al-Qaida\"}]},{\"@type\":\"WebSite\",\"@id\":\"https:\\\/\\\/adf-magazine.com\\\/#website\",\"url\":\"https:\\\/\\\/adf-magazine.com\\\/\",\"name\":\"Africa Defense Forum\",\"description\":\"Africa Defense Forum\",\"potentialAction\":[{\"@type\":\"SearchAction\",\"target\":{\"@type\":\"EntryPoint\",\"urlTemplate\":\"https:\\\/\\\/adf-magazine.com\\\/?s={search_term_string}\"},\"query-input\":{\"@type\":\"PropertyValueSpecification\",\"valueRequired\":true,\"valueName\":\"search_term_string\"}}],\"inLanguage\":\"fr-FR\"},{\"@type\":\"Person\",\"@id\":\"https:\\\/\\\/adf-magazine.com\\\/#\\\/schema\\\/person\\\/f266a6061389568b5a11465bb38bc025\",\"name\":\"ADF\",\"image\":{\"@type\":\"ImageObject\",\"inLanguage\":\"fr-FR\",\"@id\":\"https:\\\/\\\/adf-magazine.com\\\/wp-content\\\/uploads\\\/2020\\\/05\\\/cropped-ADF_icon.jpg\",\"url\":\"https:\\\/\\\/adf-magazine.com\\\/wp-content\\\/uploads\\\/2020\\\/05\\\/cropped-ADF_icon.jpg\",\"contentUrl\":\"https:\\\/\\\/adf-magazine.com\\\/wp-content\\\/uploads\\\/2020\\\/05\\\/cropped-ADF_icon.jpg\",\"caption\":\"ADF\"},\"description\":\"ADF is a professional military magazine published quarterly by U.S. Africa Command to provide an international forum for African security professionals. ADF covers topics such as counter terrorism strategies, security and defense operations, transnational crime, and all other issues affecting peace, stability, and good governance on the African continent.\",\"sameAs\":[\"https:\\\/\\\/x.com\\\/ADFmagazine\"],\"url\":\"https:\\\/\\\/adf-magazine.com\\\/fr\\\/author\\\/adf\\\/\"}]}<\/script>\n<!-- \/ Yoast SEO plugin. -->","yoast_head_json":{"title":"Le Maroc \u00c9limine Une Cellule D\u2019al-Qaida - Africa Defense Forum","robots":{"index":"index","follow":"follow","max-snippet":"max-snippet:-1","max-image-preview":"max-image-preview:large","max-video-preview":"max-video-preview:-1"},"canonical":"https:\/\/adf-magazine.com\/2014\/02\/morocco-takes-down-al-qaida-cel\/","og_locale":"fr_FR","og_type":"article","og_title":"Le Maroc \u00c9limine Une Cellule D\u2019al-Qaida - Africa Defense Forum","og_description":"MAGHAREBIA.COM Des officiers marocains de la Direction g\u00e9n\u00e9rale de la surveillance du territoire (DGST) ont arr\u00eat\u00e9 quatre membres d\u2019une cellule terroriste op\u00e9rant \u00e0 Tiznit, \u00e0 Fez, \u00e0 Mekn\u00e8s et \u00e0 Taounat, a annonc\u00e9 le ministre de l\u2019Int\u00e9rieur en ao\u00fbt 2013. L\u2019un des activistes les plus en vue sur les sites Web des djihadistes aurait organis\u00e9","og_url":"https:\/\/adf-magazine.com\/2014\/02\/morocco-takes-down-al-qaida-cel\/","og_site_name":"Africa Defense Forum","article_publisher":"https:\/\/www.facebook.com\/ADFmagazine\/","article_published_time":"2014-08-22T14:46:58+00:00","article_modified_time":"2014-09-30T19:15:11+00:00","og_image":[{"width":1135,"height":756,"url":"https:\/\/adf-magazine.com\/wp-content\/uploads\/2014\/02\/338321-Berserker.jpg","type":"image\/jpeg"}],"author":"ADF","twitter_card":"summary_large_image","twitter_creator":"@ADFmagazine","twitter_site":"@ADFmagazine","twitter_misc":{"\u00c9crit par":"ADF","Dur\u00e9e de lecture estim\u00e9e":"2 minutes"},"schema":{"@context":"https:\/\/schema.org","@graph":[{"@type":"Article","@id":"https:\/\/adf-magazine.com\/2014\/02\/morocco-takes-down-al-qaida-cel\/#article","isPartOf":{"@id":"https:\/\/adf-magazine.com\/2014\/02\/morocco-takes-down-al-qaida-cel\/"},"author":{"name":"ADF","@id":"https:\/\/adf-magazine.com\/#\/schema\/person\/f266a6061389568b5a11465bb38bc025"},"headline":"Le Maroc \u00c9limine Une Cellule D\u2019al-Qaida","datePublished":"2014-08-22T14:46:58+00:00","dateModified":"2014-09-30T19:15:11+00:00","mainEntityOfPage":{"@id":"https:\/\/adf-magazine.com\/2014\/02\/morocco-takes-down-al-qaida-cel\/"},"wordCount":401,"commentCount":0,"image":{"@id":"https:\/\/adf-magazine.com\/2014\/02\/morocco-takes-down-al-qaida-cel\/#primaryimage"},"thumbnailUrl":"https:\/\/adf-magazine.com\/wp-content\/uploads\/2014\/02\/338321-Berserker.jpg","articleSection":["D\u00e9fense et s\u00e9curit\u00e9","rubriques"],"inLanguage":"fr-FR","potentialAction":[{"@type":"CommentAction","name":"Comment","target":["https:\/\/adf-magazine.com\/2014\/02\/morocco-takes-down-al-qaida-cel\/#respond"]}]},{"@type":"WebPage","@id":"https:\/\/adf-magazine.com\/2014\/02\/morocco-takes-down-al-qaida-cel\/","url":"https:\/\/adf-magazine.com\/2014\/02\/morocco-takes-down-al-qaida-cel\/","name":"Le Maroc \u00c9limine Une Cellule D\u2019al-Qaida - Africa Defense Forum","isPartOf":{"@id":"https:\/\/adf-magazine.com\/#website"},"primaryImageOfPage":{"@id":"https:\/\/adf-magazine.com\/2014\/02\/morocco-takes-down-al-qaida-cel\/#primaryimage"},"image":{"@id":"https:\/\/adf-magazine.com\/2014\/02\/morocco-takes-down-al-qaida-cel\/#primaryimage"},"thumbnailUrl":"https:\/\/adf-magazine.com\/wp-content\/uploads\/2014\/02\/338321-Berserker.jpg","datePublished":"2014-08-22T14:46:58+00:00","dateModified":"2014-09-30T19:15:11+00:00","author":{"@id":"https:\/\/adf-magazine.com\/#\/schema\/person\/f266a6061389568b5a11465bb38bc025"},"breadcrumb":{"@id":"https:\/\/adf-magazine.com\/2014\/02\/morocco-takes-down-al-qaida-cel\/#breadcrumb"},"inLanguage":"fr-FR","potentialAction":[{"@type":"ReadAction","target":["https:\/\/adf-magazine.com\/2014\/02\/morocco-takes-down-al-qaida-cel\/"]}]},{"@type":"ImageObject","inLanguage":"fr-FR","@id":"https:\/\/adf-magazine.com\/2014\/02\/morocco-takes-down-al-qaida-cel\/#primaryimage","url":"https:\/\/adf-magazine.com\/wp-content\/uploads\/2014\/02\/338321-Berserker.jpg","contentUrl":"https:\/\/adf-magazine.com\/wp-content\/uploads\/2014\/02\/338321-Berserker.jpg","width":1135,"height":756},{"@type":"BreadcrumbList","@id":"https:\/\/adf-magazine.com\/2014\/02\/morocco-takes-down-al-qaida-cel\/#breadcrumb","itemListElement":[{"@type":"ListItem","position":1,"name":"page d\u2019accueil","item":"https:\/\/adf-magazine.com\/"},{"@type":"ListItem","position":2,"name":"Le Maroc \u00c9limine Une Cellule D\u2019al-Qaida"}]},{"@type":"WebSite","@id":"https:\/\/adf-magazine.com\/#website","url":"https:\/\/adf-magazine.com\/","name":"Africa Defense Forum","description":"Africa Defense Forum","potentialAction":[{"@type":"SearchAction","target":{"@type":"EntryPoint","urlTemplate":"https:\/\/adf-magazine.com\/?s={search_term_string}"},"query-input":{"@type":"PropertyValueSpecification","valueRequired":true,"valueName":"search_term_string"}}],"inLanguage":"fr-FR"},{"@type":"Person","@id":"https:\/\/adf-magazine.com\/#\/schema\/person\/f266a6061389568b5a11465bb38bc025","name":"ADF","image":{"@type":"ImageObject","inLanguage":"fr-FR","@id":"https:\/\/adf-magazine.com\/wp-content\/uploads\/2020\/05\/cropped-ADF_icon.jpg","url":"https:\/\/adf-magazine.com\/wp-content\/uploads\/2020\/05\/cropped-ADF_icon.jpg","contentUrl":"https:\/\/adf-magazine.com\/wp-content\/uploads\/2020\/05\/cropped-ADF_icon.jpg","caption":"ADF"},"description":"ADF is a professional military magazine published quarterly by U.S. Africa Command to provide an international forum for African security professionals. ADF covers topics such as counter terrorism strategies, security and defense operations, transnational crime, and all other issues affecting peace, stability, and good governance on the African continent.","sameAs":["https:\/\/x.com\/ADFmagazine"],"url":"https:\/\/adf-magazine.com\/fr\/author\/adf\/"}]}},"_links":{"self":[{"href":"https:\/\/adf-magazine.com\/fr\/wp-json\/wp\/v2\/posts\/1060","targetHints":{"allow":["GET"]}}],"collection":[{"href":"https:\/\/adf-magazine.com\/fr\/wp-json\/wp\/v2\/posts"}],"about":[{"href":"https:\/\/adf-magazine.com\/fr\/wp-json\/wp\/v2\/types\/post"}],"author":[{"embeddable":true,"href":"https:\/\/adf-magazine.com\/fr\/wp-json\/wp\/v2\/users\/1"}],"replies":[{"embeddable":true,"href":"https:\/\/adf-magazine.com\/fr\/wp-json\/wp\/v2\/comments?post=1060"}],"version-history":[{"count":0,"href":"https:\/\/adf-magazine.com\/fr\/wp-json\/wp\/v2\/posts\/1060\/revisions"}],"wp:featuredmedia":[{"embeddable":true,"href":"https:\/\/adf-magazine.com\/fr\/wp-json\/wp\/v2\/media\/2330"}],"wp:attachment":[{"href":"https:\/\/adf-magazine.com\/fr\/wp-json\/wp\/v2\/media?parent=1060"}],"wp:term":[{"taxonomy":"category","embeddable":true,"href":"https:\/\/adf-magazine.com\/fr\/wp-json\/wp\/v2\/categories?post=1060"},{"taxonomy":"post_tag","embeddable":true,"href":"https:\/\/adf-magazine.com\/fr\/wp-json\/wp\/v2\/tags?post=1060"}],"curies":[{"name":"wp","href":"https:\/\/api.w.org\/{rel}","templated":true}]}}