{"id":105966,"date":"2023-05-23T11:05:24","date_gmt":"2023-05-23T15:05:24","guid":{"rendered":"https:\/\/adf-magazine.com\/?p=105966"},"modified":"2023-06-02T12:13:03","modified_gmt":"2023-06-02T16:13:03","slug":"le-renforcement-dune-culture-de-professionnalisme-militaire","status":"publish","type":"post","link":"https:\/\/adf-magazine.com\/fr\/2023\/05\/le-renforcement-dune-culture-de-professionnalisme-militaire\/","title":{"rendered":"Le Renforcement D\u2019une Culture De Professionnalisme Militaire"},"content":{"rendered":"<p>CENTRE D\u2019\u00c9TUDES STRAT\u00c9GIQUES DE L\u2019AFRIQUE<\/p>\n<p><strong><i>En marge de la Conf\u00e9rence au sommet des leaders \u00c9tats-Unis\/Afrique \u00e0 Washington, D.C., le Centre d\u2019\u00e9tudes strat\u00e9giques de l\u2019Afrique a conduit un dialogue avec les responsables africains de la s\u00e9curit\u00e9 de haut rang le 14 d\u00e9cembre 2022. ADF a modifi\u00e9 le rapport du CESA en fonction de sa longueur et pour l\u2019adapter au format du magazine.<\/i><\/strong><\/p>\n<p>\u00ab Les forces arm\u00e9es de nombreux pays africains repr\u00e9sentent une menace pour la s\u00e9curit\u00e9 \u00e0 cause de leur manque de professionnalisme militaire. \u00bb<\/p>\n<p>C\u2019est l\u2019\u00e9valuation du g\u00e9n\u00e9ral Mbaye Ciss\u00e9, conseiller \u00e0 la s\u00e9curit\u00e9 nationale du pr\u00e9sident du S\u00e9n\u00e9gal, qui s\u2019exprimait devant les responsables de la s\u00e9curit\u00e9 de haut rang provenant de trente pays africains lors d\u2019un dialogue du Centre d\u2019\u00e9tudes strat\u00e9giques de l\u2019Afrique (CESA) abordant les th\u00e8mes du professionnalisme militaire et de l\u2019\u00e9ducation le 14 d\u00e9cembre 2022.<\/p>\n<p>En plus des remarques du g\u00e9n\u00e9ral Ciss\u00e9, le dialogue a pr\u00e9sent\u00e9 les id\u00e9es de Christine Wormuth, secr\u00e9taire \u00e0 l\u2019Arm\u00e9e des \u00c9tats-Unis, et du g\u00e9n\u00e9ral Michael Langley, commandant de l\u2019\u00e9tat-major unifi\u00e9 des \u00c9tats-Unis pour l\u2019Afrique.<\/p>\n<p>Entre 2020 et la fin 2022, l\u2019Afrique a \u00e9t\u00e9 sujette \u00e0 sept coups d\u2019\u00c9tat militaires et six tentatives, ce qui a mis fin \u00e0 une tendance \u00e0 la baisse du nombre de coups d\u2019\u00c9tat sur le continent, qui avait exist\u00e9 depuis deux d\u00e9cennies. Le continent court le risque de retourner \u00e0 la p\u00e9riode des \u00ab d\u00e9cennies perdues \u00bb de l\u2019Afrique, l\u2019\u00e9poque entre 1960 et 1990 pendant laquelle 82 coups d\u2019\u00c9tat s\u2019\u00e9taient produits, et qui \u00e9tait caract\u00e9ris\u00e9e par la mauvaise gouvernance, la stagnation du d\u00e9veloppement, la corruption, l\u2019impunit\u00e9 et l\u2019instabilit\u00e9.<\/p>\n<figure id=\"attachment_105526\" aria-describedby=\"caption-attachment-105526\" style=\"width: 1080px\" class=\"wp-caption aligncenter\"><a href=\"https:\/\/adf-magazine.com\/wp-content\/uploads\/2023\/05\/ACSS_001_CMYK.jpg\"><img fetchpriority=\"high\" decoding=\"async\" class=\"size-full wp-image-105526\" src=\"https:\/\/adf-magazine.com\/wp-content\/uploads\/2023\/05\/ACSS_001_CMYK.jpg\" alt=\"\" width=\"1080\" height=\"688\" srcset=\"https:\/\/adf-magazine.com\/wp-content\/uploads\/2023\/05\/ACSS_001_CMYK.jpg 1080w, https:\/\/adf-magazine.com\/wp-content\/uploads\/2023\/05\/ACSS_001_CMYK-300x191.jpg 300w, https:\/\/adf-magazine.com\/wp-content\/uploads\/2023\/05\/ACSS_001_CMYK-1024x652.jpg 1024w, https:\/\/adf-magazine.com\/wp-content\/uploads\/2023\/05\/ACSS_001_CMYK-768x489.jpg 768w\" sizes=\"(max-width: 1080px) 100vw, 1080px\" \/><\/a><figcaption id=\"caption-attachment-105526\" class=\"wp-caption-text\">Participants \u00e0 la r\u00e9union de table ronde des ambassadeurs de la Conf\u00e9rence au sommet des leaders africains \u00e0 l\u2019universit\u00e9 de la D\u00e9fense nationale le 14 d\u00e9cembre 2022. CENTRE D\u2019\u00c9TUDES STRAT\u00c9GIQUES DE L\u2019AFRIQUE<\/figcaption><\/figure>\n<p>Alarm\u00e9e par le nombre croissant de coups d\u2019\u00c9tat r\u00e9cents, l\u2019Union africaine a organis\u00e9 une conf\u00e9rence au sommet sur cette question en mai 2022. En d\u00e9cembre 2022, les chefs de la Communaut\u00e9 \u00e9conomique des \u00c9tats de l\u2019Afrique de l\u2019Ouest ont r\u00e9solu de cr\u00e9er une force r\u00e9gionale pour r\u00e9tablir l\u2019ordre constitutionnel chez les pays membres qui sont sujets \u00e0 un coup d\u2019\u00c9tat.<\/p>\n<p>Le professionnalisme militaire est un moyen efficace d\u2019assurer la s\u00e9curit\u00e9 des citoyens de fa\u00e7on \u00e0 promouvoir l\u2019\u00e9tat de droit et prot\u00e9ger les droits de l\u2019homme. Obtenir cela n\u00e9cessite des liens robustes avec les communaut\u00e9s locales et un engagement envers l\u2019\u00e9ducation des forces arm\u00e9es sur leurs responsabilit\u00e9s \u00e0 l\u2019\u00e9gard de la soci\u00e9t\u00e9.<\/p>\n<p>Le g\u00e9n\u00e9ral Ciss\u00e9 a d\u00e9clar\u00e9 qu\u2019il \u00ab existe une corr\u00e9lation entre l\u2019efficacit\u00e9 militaire et la relation entre les forces arm\u00e9es d\u2019un pays et le public \u00bb. La raison en est que le soutien des int\u00e9r\u00eats communautaires par les forces arm\u00e9es d\u00e9veloppe la confiance, laquelle att\u00e9nue les risques d\u2019\u00e9mergence de l\u2019extr\u00e9misme violent et facilite des r\u00e9ponses plus efficaces contre les menaces de s\u00e9curit\u00e9. \u00ab Une arm\u00e9e qui n\u2019investit pas dans l\u2019\u00e9ducation et l\u2019\u00e9thique vis-\u00e0-vis de la population en paye le prix en termes de s\u00e9curit\u00e9 \u00bb, a-t-il ajout\u00e9.<\/p>\n<p><strong>L\u2019h\u00e9ritage de la r\u00e9pression<\/strong><\/p>\n<p>Le professionnalisme peut \u00eatre un d\u00e9fi particulier \u00e0 relever pour les forces arm\u00e9es africaines \u00e0 cause de l\u2019h\u00e9ritage du colonialisme. \u00ab Un aspect de l\u2019h\u00e9ritage du colonialisme est le fait que la mission principale des forces de s\u00e9curit\u00e9 \u00e9tait la r\u00e9pression, d\u00e9clare le g\u00e9n\u00e9ral Ciss\u00e9. Les forces n\u2019\u00e9taient pas unies, elles \u00e9taient artificielles et avaient une pr\u00e9sence trop importante dans l\u2019ar\u00e8ne politique. Ceci continue \u00e0 \u00eatre un handicap. \u00bb<\/p>\n<p>C\u2019est pour cela que les chefs des forces militaires du continent doivent \u0153uvrer de fa\u00e7on engag\u00e9e pour renforcer et soutenir le professionnalisme militaire. Un tel professionnalisme n\u2019est pas une question de chance, c\u2019est un r\u00e9sultat engag\u00e9. Il doit \u00eatre continuellement renforc\u00e9, affin\u00e9 et perp\u00e9tu\u00e9.<\/p>\n<p>Pour cr\u00e9er une culture de professionnalisme militaire, il est essentiel d\u2019inculquer chez les membres des services, depuis le rang le plus bas jusqu\u2019aux officiers de plus haut rang, les valeurs soci\u00e9tales et les principes noyaux. Les valeurs telles que l\u2019int\u00e9grit\u00e9, l\u2019honneur, l\u2019expertise, le sacrifice et le respect des citoyens n\u2019apparaissent pas n\u00e9cessairement de fa\u00e7on naturelle ; elles doivent \u00eatre enseign\u00e9es et r\u00e9guli\u00e8rement renouvel\u00e9es.<\/p>\n<figure id=\"attachment_105542\" aria-describedby=\"caption-attachment-105542\" style=\"width: 1080px\" class=\"wp-caption aligncenter\"><a href=\"https:\/\/adf-magazine.com\/wp-content\/uploads\/2023\/05\/ACSS_1240681692_CMYK.jpg\"><img decoding=\"async\" class=\"size-full wp-image-105542\" src=\"https:\/\/adf-magazine.com\/wp-content\/uploads\/2023\/05\/ACSS_1240681692_CMYK.jpg\" alt=\"\" width=\"1080\" height=\"720\" srcset=\"https:\/\/adf-magazine.com\/wp-content\/uploads\/2023\/05\/ACSS_1240681692_CMYK.jpg 1080w, https:\/\/adf-magazine.com\/wp-content\/uploads\/2023\/05\/ACSS_1240681692_CMYK-300x200.jpg 300w, https:\/\/adf-magazine.com\/wp-content\/uploads\/2023\/05\/ACSS_1240681692_CMYK-1024x683.jpg 1024w, https:\/\/adf-magazine.com\/wp-content\/uploads\/2023\/05\/ACSS_1240681692_CMYK-768x512.jpg 768w, https:\/\/adf-magazine.com\/wp-content\/uploads\/2023\/05\/ACSS_1240681692_CMYK-272x182.jpg 272w\" sizes=\"(max-width: 1080px) 100vw, 1080px\" \/><\/a><figcaption id=\"caption-attachment-105542\" class=\"wp-caption-text\">Des soldats de l\u2019Union africaine affect\u00e9s \u00e0 une \u00e9quipe de s\u00e9curit\u00e9 \u00e0 Mogadiscio (Somalie) lors des \u00e9lections pr\u00e9sidentielles de 2022.<br \/>AFP\/GETTY IMAGES<\/figcaption><\/figure>\n<p>Presque toutes les forces arm\u00e9es fournissent une formation et des exercices tactiques pour fournir des comp\u00e9tences de base. Toutefois, un grand nombre d\u2019entre elles n\u2019ont pas de strat\u00e9gie d\u00e9lib\u00e9r\u00e9e pour cr\u00e9er une s\u00e9rie de valeurs de base. La cr\u00e9ation de ces valeurs partag\u00e9es a un effet unificateur puissant qui amplifie la coh\u00e9sion et l\u2019efficacit\u00e9 de la force.<\/p>\n<p>Mme Wormuth note que, dans les forces arm\u00e9es des \u00c9tats-Unis, les officiers g\u00e9n\u00e9raux participent r\u00e9guli\u00e8rement \u00e0 des programmes de d\u00e9veloppement professionnel, y compris un processus continuel pour inculquer les valeurs du professionnalisme et cr\u00e9er des opportunit\u00e9s de d\u00e9veloppement de leadership pour les subordonn\u00e9s.<\/p>\n<p>Le g\u00e9n\u00e9ral Ciss\u00e9 a soulign\u00e9 \u00ab l\u2019importance d\u2019enseigner aux officiers militaires la valeur de la d\u00e9mocratie et le r\u00f4le des forces arm\u00e9es au sein d\u2019une soci\u00e9t\u00e9 d\u00e9mocratique \u00bb. Ces valeurs doivent \u00eatre apprises et ne peuvent pas \u00eatre consid\u00e9r\u00e9es comme allant de soi, particuli\u00e8rement dans les pays sans tradition d\u00e9mocratique robuste.<\/p>\n<p>Il incombe \u00e0 la communaut\u00e9 d\u00e9mocratique internationale d\u2019aider \u00e0 ancrer la d\u00e9mocratie et la morale du professionnalisme militaire en Afrique, d\u00e9clare le g\u00e9n\u00e9ral Ciss\u00e9. \u00ab Lorsque les organismes r\u00e9gionaux africains sanctionnent les coups d\u2019\u00c9tat, il est alors important pour la communaut\u00e9 d\u00e9mocratique internationale d\u2019appuyer et de soutenir ces sanctions. \u00bb<\/p>\n<p>Le S\u00e9n\u00e9gal a soulign\u00e9 le service public comme valeur noyau gr\u00e2ce \u00e0 son \u00ab arm\u00e9e-nation \u00bb, l\u2019engagement de son arm\u00e9e dans les projets d\u2019infrastructure, de sant\u00e9 et d\u2019\u00e9ducation au niveau communautaire. En soutenant la s\u00e9curit\u00e9 humaine, l\u2019arm\u00e9e renforce aussi des normes de comportement \u00e9thique envers les citoyens.<\/p>\n<figure id=\"attachment_105530\" aria-describedby=\"caption-attachment-105530\" style=\"width: 1080px\" class=\"wp-caption aligncenter\"><a href=\"https:\/\/adf-magazine.com\/wp-content\/uploads\/2023\/05\/ACSS_002_CMYK.jpg\"><img decoding=\"async\" class=\"size-full wp-image-105530\" src=\"https:\/\/adf-magazine.com\/wp-content\/uploads\/2023\/05\/ACSS_002_CMYK.jpg\" alt=\"\" width=\"1080\" height=\"725\" srcset=\"https:\/\/adf-magazine.com\/wp-content\/uploads\/2023\/05\/ACSS_002_CMYK.jpg 1080w, https:\/\/adf-magazine.com\/wp-content\/uploads\/2023\/05\/ACSS_002_CMYK-300x201.jpg 300w, https:\/\/adf-magazine.com\/wp-content\/uploads\/2023\/05\/ACSS_002_CMYK-1024x687.jpg 1024w, https:\/\/adf-magazine.com\/wp-content\/uploads\/2023\/05\/ACSS_002_CMYK-768x516.jpg 768w, https:\/\/adf-magazine.com\/wp-content\/uploads\/2023\/05\/ACSS_002_CMYK-272x182.jpg 272w\" sizes=\"(max-width: 1080px) 100vw, 1080px\" \/><\/a><figcaption id=\"caption-attachment-105530\" class=\"wp-caption-text\">\u00c0 partir de la gauche : l\u2019ambassadeur des \u00c9tats-Unis Andrew Young, le colonel L\u00e9on-Rodance Ndinga de la R\u00e9publique du Congo et le g\u00e9n\u00e9ral Michael Langley, commandant de l\u2019\u00e9tat-major unifi\u00e9 des \u00c9tats-Unis pour l\u2019Afrique, participent \u00e0 une conf\u00e9rence au sommet sur le professionnalisme militaire \u00e0 l\u2019universit\u00e9 de la D\u00e9fense nationale \u00e0 Washington (D.C.). CENTRE D\u2019\u00c9TUDES STRAT\u00c9GIQUES DE L\u2019AFRIQUE<\/figcaption><\/figure>\n<p><strong>L\u2019int\u00e9gration des valeurs<\/strong><\/p>\n<p>L\u2019\u00e9ducation militaire professionnelle (EMP) est un v\u00e9hicule principal gr\u00e2ce auquel une morale de professionnalisme militaire peut \u00eatre institutionnalis\u00e9e. Contrairement \u00e0 la formation, qui se concentre sur les aptitudes tactiques et les comp\u00e9tences op\u00e9rationnelles, l\u2019EMP vise \u00e0 cultiver le leadership, la vision strat\u00e9gique et les valeurs \u00e9thiques.<\/p>\n<p>Selon l\u2019exp\u00e9rience du g\u00e9n\u00e9ral Langley, l\u2019EMP est particuli\u00e8rement vitale pour \u00ab mettre l\u2019accent sur les valeurs d\u00e9mocratiques, notamment la promotion de l\u2019\u00e9tat de droit, surtout en cas de conflit \u00bb. De m\u00eame, l\u2019EMP est cruciale pour inculquer le respect du contr\u00f4le par les civils. Les deux sont compl\u00e9mentaires car c\u2019est le leadership et les valeurs inculqu\u00e9es par l\u2019EMP qui permettent aux officiers militaires d\u2019\u00eatre des conseillers efficaces pour les chefs civils.<\/p>\n<p>Le g\u00e9n\u00e9ral Ciss\u00e9 d\u00e9clare que \u00ab sans l\u2019EMP, vous n\u2019aurez pas de stabilit\u00e9 \u00bb. Il avertit que l\u2019EMP doit se concentrer sur les priorit\u00e9s noyaux d\u2019une soci\u00e9t\u00e9. Elles doivent \u00eatre pratiques et pertinentes au contexte national. Au S\u00e9n\u00e9gal, il pense que l\u2019EMP est un moyen essentiel de construire une force arm\u00e9e qui d\u00e9fend les institutions d\u00e9mocratiques.<\/p>\n<p>Le recrutement et la promotion bas\u00e9s sur le m\u00e9rite sont un autre moyen par lequel le professionnalisme militaire peut \u00eatre institutionnalis\u00e9. Le mod\u00e8le de recrutement favorisant surtout l\u2019ethnicit\u00e9 du pr\u00e9sident, que l\u2019on constate dans certaines arm\u00e9es africaines, cr\u00e9e une cha\u00eene de commandement plus loyale au pr\u00e9sident qu\u2019\u00e0 la constitution. Les forces arm\u00e9es ethniquement polaris\u00e9es n\u2019ont pas la confiance populaire, la l\u00e9gitimit\u00e9 et la comp\u00e9tence des forces bas\u00e9es sur le m\u00e9rite, ce qui entrave leur efficacit\u00e9. La s\u00e9lection aux \u00e9tablissements EMP, selon le g\u00e9n\u00e9ral, doit \u00eatre bas\u00e9e sur le m\u00e9rite et inclure des examens auxquels les officiers doivent r\u00e9ussir pour \u00eatre promus.<\/p>\n<figure id=\"attachment_105534\" aria-describedby=\"caption-attachment-105534\" style=\"width: 1080px\" class=\"wp-caption aligncenter\"><a href=\"https:\/\/adf-magazine.com\/wp-content\/uploads\/2023\/05\/ACSS_003_CMYK.jpg\"><img loading=\"lazy\" decoding=\"async\" class=\"size-full wp-image-105534\" src=\"https:\/\/adf-magazine.com\/wp-content\/uploads\/2023\/05\/ACSS_003_CMYK.jpg\" alt=\"\" width=\"1080\" height=\"725\" srcset=\"https:\/\/adf-magazine.com\/wp-content\/uploads\/2023\/05\/ACSS_003_CMYK.jpg 1080w, https:\/\/adf-magazine.com\/wp-content\/uploads\/2023\/05\/ACSS_003_CMYK-300x201.jpg 300w, https:\/\/adf-magazine.com\/wp-content\/uploads\/2023\/05\/ACSS_003_CMYK-1024x687.jpg 1024w, https:\/\/adf-magazine.com\/wp-content\/uploads\/2023\/05\/ACSS_003_CMYK-768x516.jpg 768w, https:\/\/adf-magazine.com\/wp-content\/uploads\/2023\/05\/ACSS_003_CMYK-272x182.jpg 272w\" sizes=\"(max-width: 1080px) 100vw, 1080px\" \/><\/a><figcaption id=\"caption-attachment-105534\" class=\"wp-caption-text\">Le g\u00e9n\u00e9ral Mbaye Ciss\u00e9, conseiller \u00e0 la s\u00e9curit\u00e9 nationale du pr\u00e9sident du S\u00e9n\u00e9gal (\u00e0 droite), s\u2019exprime devant la r\u00e9union de table ronde des ambassadeurs de la Conf\u00e9rence au sommet des leaders africains \u00e0 l\u2019universit\u00e9 de la D\u00e9fense nationale le 14 d\u00e9cembre 2022. CENTRE D\u2019\u00c9TUDES STRAT\u00c9GIQUES DE L\u2019AFRIQUE<\/figcaption><\/figure>\n<p>Le g\u00e9n\u00e9ral Ciss\u00e9 caract\u00e9rise le recul actuel du professionnalisme militaire en Afrique comme preuve que l\u2019EMP doit \u00eatre r\u00e9\u00e9valu\u00e9e et r\u00e9orient\u00e9e.<\/p>\n<p>\u00ab Nous avons beaucoup d\u2019acad\u00e9mies EMP en Afrique mais nous devons repenser ce qu\u2019elles enseignent. Dans ce sens, les instituts EMP ne sont pas suffisants. Et les ressources disponibles pour les soutenir ne sont pas non plus suffisantes. \u00bb<\/p>\n<p>Les chefs civils et militaires ont des r\u00f4les cruciaux dans les prises de d\u00e9cision concernant la s\u00e9curit\u00e9, bien que ces r\u00f4les soient diff\u00e9rents et compl\u00e9mentaires. Les chefs civils d\u00e9mocratiquement \u00e9lus sont responsables pour d\u00e9finir une vision, une strat\u00e9gie et une politique pour les int\u00e9r\u00eats de s\u00e9curit\u00e9 du pays. Les chefs militaires sont ensuite responsables pour mettre en \u0153uvre ces directives d\u2019une fa\u00e7on aussi efficace et professionnelle que possible. Les d\u00e9cideurs ultimes sont les chefs civils.<\/p>\n<p>Le g\u00e9n\u00e9ral Ciss\u00e9 a soulign\u00e9 l\u2019importante d\u2019une d\u00e9finition claire du r\u00f4le des forces arm\u00e9s. \u00ab C\u2019est l\u2019absence d\u2019une division claire entre le politique et le militaire qui conduit \u00e0 la diminution de la stabilit\u00e9. \u00bb<\/p>\n<p>Mme Wormuth d\u00e9clare que \u00ab les civils apportent des perspectives diff\u00e9rentes et posent des questions diff\u00e9rentes de celles des chefs militaires. Les civils apportent aussi les sensibilit\u00e9s du monde au sens large \u00e0 la prise de d\u00e9cisions des militaires. \u00bb<\/p>\n<p>En fin de compte, \u00ab les chefs militaires doivent avoir confiance dans la prise de d\u00e9cision par les civils \u00bb dans les syst\u00e8mes d\u00e9mocratiques, d\u00e9clare Mme Wormuth. \u00ab Les civils ont le droit d\u2019avoir tort. Leur travail est de prendre des d\u00e9cisions, puis d\u2019\u00eatre tenus responsables. \u00bb<\/p>\n<p>En bref, les relations civilo-militaires efficaces sont un processus bidirectionnel qui n\u00e9cessite un entretien r\u00e9gulier.<\/p>\n<p>La s\u00e9curit\u00e9 est essentielle pour renforcer la d\u00e9mocratie et le d\u00e9veloppement \u00e9conomique en Afrique. Puisque la plupart des conflits africains et des menaces contre la s\u00e9curit\u00e9 citoyenne proviennent des crises politiques locales, le professionnalisme militaire peut \u00eatre un facteur stabilisateur indispensable.<\/p>\n<p>\u00ab Nous n\u00e9cessitons des forces arm\u00e9es africaines pour servir le public, d\u00e9clare le g\u00e9n\u00e9ral Ciss\u00e9. Nous n\u00e9cessitons des forces arm\u00e9es africaines autonomes, responsables et respectueuses des valeurs d\u00e9mocratiques. Si elles ne le sont pas, nous recommencerons toujours \u00e0 z\u00e9ro et nous n\u2019aurons pas de stabilit\u00e9. \u00bb<span class=\"Apple-converted-space\"> \u00a0<\/span><\/p>\n<hr \/>\n<p><strong>Une arm\u041ee professionnelle est un atout<\/strong><\/p>\n<p>Dans un rapport de 2015 intitul\u00e9 \u00ab Les forces arm\u00e9es : r\u00f4les et responsabilit\u00e9s dans la bonne gouvernance du secteur de la s\u00e9curit\u00e9 \u00bb, le Centre pour la gouvernance du secteur de la s\u00e9curit\u00e9 de Gen\u00e8ve a \u00e9num\u00e9r\u00e9 les avantages ci-dessous offerts par une arm\u00e9e professionnelle :<\/p>\n<ul>\n<li>Fourniture d\u2019une s\u00e9curit\u00e9 plus efficace au pays et aux citoyens.<\/li>\n<li>Des officiers militaires politiquement neutres.<\/li>\n<li>Des forces arm\u00e9es nationales et r\u00e9publicaines.<\/li>\n<li>Vision, mission et r\u00f4le clairement d\u00e9finis pour chaque organisme de s\u00e9curit\u00e9.<\/li>\n<li>Plus grande sensibilit\u00e9 aux priorit\u00e9s de la s\u00e9curit\u00e9 nationale.<\/li>\n<li>Meilleure efficacit\u00e9 dans l\u2019alignement et l\u2019emploi des ressources et meilleur soutien l\u00e9gislatif et public pour financer les forces arm\u00e9es.<\/li>\n<li>Des forces de s\u00e9curit\u00e9 qui respectent la loi, respectent les droits de l\u2019homme et sont responsables en vertu d\u2019un code militaire de conduite et d\u2019une supervision civile.<\/li>\n<li>Am\u00e9lioration de la confiance, du respect et du soutien du public pour les forces de s\u00e9curit\u00e9.<\/li>\n<\/ul>\n","protected":false},"excerpt":{"rendered":"<p>CENTRE D\u2019\u00c9TUDES STRAT\u00c9GIQUES DE L\u2019AFRIQUE En marge de la Conf\u00e9rence au sommet des leaders \u00c9tats-Unis\/Afrique \u00e0 Washington, D.C., le Centre d\u2019\u00e9tudes strat\u00e9giques de l\u2019Afrique a conduit un dialogue avec les responsables africains de la s\u00e9curit\u00e9 de haut rang le 14 d\u00e9cembre 2022. ADF a modifi\u00e9 le rapport du CESA en fonction de sa longueur et<\/p>\n","protected":false},"author":1,"featured_media":105538,"comment_status":"open","ping_status":"closed","sticky":false,"template":"","format":"standard","meta":{"_acf_changed":false,"_monsterinsights_skip_tracking":false,"_monsterinsights_sitenote_active":false,"_monsterinsights_sitenote_note":"","_monsterinsights_sitenote_category":0,"_uf_show_specific_survey":0,"_uf_disable_surveys":false,"footnotes":""},"categories":[42],"tags":[512,1247,1006],"class_list":{"0":"post-105966","1":"post","2":"type-post","3":"status-publish","4":"format-standard","5":"has-post-thumbnail","7":"category-articles","8":"tag-education-fr","9":"tag-gouvernance","10":"tag-leadership-fr"},"acf":[],"yoast_head":"<!-- This site is optimized with the Yoast SEO plugin v27.5 - https:\/\/yoast.com\/product\/yoast-seo-wordpress\/ -->\n<title>Le Renforcement D\u2019une Culture De Professionnalisme Militaire - Africa Defense Forum<\/title>\n<meta name=\"robots\" content=\"index, follow, max-snippet:-1, max-image-preview:large, max-video-preview:-1\" \/>\n<link rel=\"canonical\" href=\"https:\/\/adf-magazine.com\/2023\/05\/deepening-a-culture-of-military-professionalism\/\" \/>\n<meta property=\"og:locale\" content=\"fr_FR\" \/>\n<meta property=\"og:type\" content=\"article\" \/>\n<meta property=\"og:title\" content=\"Le Renforcement D\u2019une Culture De Professionnalisme Militaire - Africa Defense Forum\" \/>\n<meta property=\"og:description\" content=\"CENTRE D\u2019\u00c9TUDES STRAT\u00c9GIQUES DE L\u2019AFRIQUE En marge de la Conf\u00e9rence au sommet des leaders \u00c9tats-Unis\/Afrique \u00e0 Washington, D.C., le Centre d\u2019\u00e9tudes strat\u00e9giques de l\u2019Afrique a conduit un dialogue avec les responsables africains de la s\u00e9curit\u00e9 de haut rang le 14 d\u00e9cembre 2022. ADF a modifi\u00e9 le rapport du CESA en fonction de sa longueur et\" \/>\n<meta property=\"og:url\" content=\"https:\/\/adf-magazine.com\/2023\/05\/deepening-a-culture-of-military-professionalism\/\" \/>\n<meta property=\"og:site_name\" content=\"Africa Defense Forum\" \/>\n<meta property=\"article:publisher\" content=\"https:\/\/www.facebook.com\/ADFmagazine\/\" \/>\n<meta property=\"article:published_time\" content=\"2023-05-23T15:05:24+00:00\" \/>\n<meta property=\"article:modified_time\" content=\"2023-06-02T16:13:03+00:00\" \/>\n<meta property=\"og:image\" content=\"https:\/\/adf-magazine.com\/wp-content\/uploads\/2023\/05\/ACSS_1240681692_CMYK.jpg\" \/>\n\t<meta property=\"og:image:width\" content=\"1080\" \/>\n\t<meta property=\"og:image:height\" content=\"720\" \/>\n\t<meta property=\"og:image:type\" content=\"image\/jpeg\" \/>\n<meta name=\"author\" content=\"ADF\" \/>\n<meta name=\"twitter:card\" content=\"summary_large_image\" \/>\n<meta name=\"twitter:image\" content=\"https:\/\/adf-magazine.com\/wp-content\/uploads\/2023\/05\/ACSS_1240681692_CMYK.jpg\" \/>\n<meta name=\"twitter:creator\" content=\"@ADFmagazine\" \/>\n<meta name=\"twitter:site\" content=\"@ADFmagazine\" \/>\n<meta name=\"twitter:label1\" content=\"\u00c9crit par\" \/>\n\t<meta name=\"twitter:data1\" content=\"ADF\" \/>\n\t<meta name=\"twitter:label2\" content=\"Dur\u00e9e de lecture estim\u00e9e\" \/>\n\t<meta name=\"twitter:data2\" content=\"11 minutes\" \/>\n<script type=\"application\/ld+json\" class=\"yoast-schema-graph\">{\"@context\":\"https:\\\/\\\/schema.org\",\"@graph\":[{\"@type\":\"Article\",\"@id\":\"https:\\\/\\\/adf-magazine.com\\\/2023\\\/05\\\/deepening-a-culture-of-military-professionalism\\\/#article\",\"isPartOf\":{\"@id\":\"https:\\\/\\\/adf-magazine.com\\\/2023\\\/05\\\/deepening-a-culture-of-military-professionalism\\\/\"},\"author\":{\"name\":\"ADF\",\"@id\":\"https:\\\/\\\/adf-magazine.com\\\/#\\\/schema\\\/person\\\/f266a6061389568b5a11465bb38bc025\"},\"headline\":\"Le Renforcement D\u2019une Culture De Professionnalisme Militaire\",\"datePublished\":\"2023-05-23T15:05:24+00:00\",\"dateModified\":\"2023-06-02T16:13:03+00:00\",\"mainEntityOfPage\":{\"@id\":\"https:\\\/\\\/adf-magazine.com\\\/2023\\\/05\\\/deepening-a-culture-of-military-professionalism\\\/\"},\"wordCount\":2190,\"commentCount\":0,\"image\":{\"@id\":\"https:\\\/\\\/adf-magazine.com\\\/2023\\\/05\\\/deepening-a-culture-of-military-professionalism\\\/#primaryimage\"},\"thumbnailUrl\":\"https:\\\/\\\/adf-magazine.com\\\/wp-content\\\/uploads\\\/2023\\\/05\\\/ACSS_1235628545_CMYK.jpg\",\"keywords\":[\"education\",\"gouvernance\",\"leadership\"],\"articleSection\":[\"articles\"],\"inLanguage\":\"fr-FR\",\"potentialAction\":[{\"@type\":\"CommentAction\",\"name\":\"Comment\",\"target\":[\"https:\\\/\\\/adf-magazine.com\\\/2023\\\/05\\\/deepening-a-culture-of-military-professionalism\\\/#respond\"]}]},{\"@type\":\"WebPage\",\"@id\":\"https:\\\/\\\/adf-magazine.com\\\/2023\\\/05\\\/deepening-a-culture-of-military-professionalism\\\/\",\"url\":\"https:\\\/\\\/adf-magazine.com\\\/2023\\\/05\\\/deepening-a-culture-of-military-professionalism\\\/\",\"name\":\"Le Renforcement D\u2019une Culture De Professionnalisme Militaire - Africa Defense Forum\",\"isPartOf\":{\"@id\":\"https:\\\/\\\/adf-magazine.com\\\/#website\"},\"primaryImageOfPage\":{\"@id\":\"https:\\\/\\\/adf-magazine.com\\\/2023\\\/05\\\/deepening-a-culture-of-military-professionalism\\\/#primaryimage\"},\"image\":{\"@id\":\"https:\\\/\\\/adf-magazine.com\\\/2023\\\/05\\\/deepening-a-culture-of-military-professionalism\\\/#primaryimage\"},\"thumbnailUrl\":\"https:\\\/\\\/adf-magazine.com\\\/wp-content\\\/uploads\\\/2023\\\/05\\\/ACSS_1235628545_CMYK.jpg\",\"datePublished\":\"2023-05-23T15:05:24+00:00\",\"dateModified\":\"2023-06-02T16:13:03+00:00\",\"author\":{\"@id\":\"https:\\\/\\\/adf-magazine.com\\\/#\\\/schema\\\/person\\\/f266a6061389568b5a11465bb38bc025\"},\"breadcrumb\":{\"@id\":\"https:\\\/\\\/adf-magazine.com\\\/2023\\\/05\\\/deepening-a-culture-of-military-professionalism\\\/#breadcrumb\"},\"inLanguage\":\"fr-FR\",\"potentialAction\":[{\"@type\":\"ReadAction\",\"target\":[\"https:\\\/\\\/adf-magazine.com\\\/2023\\\/05\\\/deepening-a-culture-of-military-professionalism\\\/\"]}]},{\"@type\":\"ImageObject\",\"inLanguage\":\"fr-FR\",\"@id\":\"https:\\\/\\\/adf-magazine.com\\\/2023\\\/05\\\/deepening-a-culture-of-military-professionalism\\\/#primaryimage\",\"url\":\"https:\\\/\\\/adf-magazine.com\\\/wp-content\\\/uploads\\\/2023\\\/05\\\/ACSS_1235628545_CMYK.jpg\",\"contentUrl\":\"https:\\\/\\\/adf-magazine.com\\\/wp-content\\\/uploads\\\/2023\\\/05\\\/ACSS_1235628545_CMYK.jpg\",\"width\":1080,\"height\":720},{\"@type\":\"BreadcrumbList\",\"@id\":\"https:\\\/\\\/adf-magazine.com\\\/2023\\\/05\\\/deepening-a-culture-of-military-professionalism\\\/#breadcrumb\",\"itemListElement\":[{\"@type\":\"ListItem\",\"position\":1,\"name\":\"page d\u2019accueil\",\"item\":\"https:\\\/\\\/adf-magazine.com\\\/\"},{\"@type\":\"ListItem\",\"position\":2,\"name\":\"Le Renforcement D\u2019une Culture De Professionnalisme Militaire\"}]},{\"@type\":\"WebSite\",\"@id\":\"https:\\\/\\\/adf-magazine.com\\\/#website\",\"url\":\"https:\\\/\\\/adf-magazine.com\\\/\",\"name\":\"Africa Defense Forum\",\"description\":\"Africa Defense Forum\",\"potentialAction\":[{\"@type\":\"SearchAction\",\"target\":{\"@type\":\"EntryPoint\",\"urlTemplate\":\"https:\\\/\\\/adf-magazine.com\\\/?s={search_term_string}\"},\"query-input\":{\"@type\":\"PropertyValueSpecification\",\"valueRequired\":true,\"valueName\":\"search_term_string\"}}],\"inLanguage\":\"fr-FR\"},{\"@type\":\"Person\",\"@id\":\"https:\\\/\\\/adf-magazine.com\\\/#\\\/schema\\\/person\\\/f266a6061389568b5a11465bb38bc025\",\"name\":\"ADF\",\"image\":{\"@type\":\"ImageObject\",\"inLanguage\":\"fr-FR\",\"@id\":\"https:\\\/\\\/adf-magazine.com\\\/wp-content\\\/uploads\\\/2020\\\/05\\\/cropped-ADF_icon.jpg\",\"url\":\"https:\\\/\\\/adf-magazine.com\\\/wp-content\\\/uploads\\\/2020\\\/05\\\/cropped-ADF_icon.jpg\",\"contentUrl\":\"https:\\\/\\\/adf-magazine.com\\\/wp-content\\\/uploads\\\/2020\\\/05\\\/cropped-ADF_icon.jpg\",\"caption\":\"ADF\"},\"description\":\"ADF is a professional military magazine published quarterly by U.S. Africa Command to provide an international forum for African security professionals. ADF covers topics such as counter terrorism strategies, security and defense operations, transnational crime, and all other issues affecting peace, stability, and good governance on the African continent.\",\"sameAs\":[\"https:\\\/\\\/x.com\\\/ADFmagazine\"],\"url\":\"https:\\\/\\\/adf-magazine.com\\\/fr\\\/author\\\/adf\\\/\"}]}<\/script>\n<!-- \/ Yoast SEO plugin. -->","yoast_head_json":{"title":"Le Renforcement D\u2019une Culture De Professionnalisme Militaire - Africa Defense Forum","robots":{"index":"index","follow":"follow","max-snippet":"max-snippet:-1","max-image-preview":"max-image-preview:large","max-video-preview":"max-video-preview:-1"},"canonical":"https:\/\/adf-magazine.com\/2023\/05\/deepening-a-culture-of-military-professionalism\/","og_locale":"fr_FR","og_type":"article","og_title":"Le Renforcement D\u2019une Culture De Professionnalisme Militaire - Africa Defense Forum","og_description":"CENTRE D\u2019\u00c9TUDES STRAT\u00c9GIQUES DE L\u2019AFRIQUE En marge de la Conf\u00e9rence au sommet des leaders \u00c9tats-Unis\/Afrique \u00e0 Washington, D.C., le Centre d\u2019\u00e9tudes strat\u00e9giques de l\u2019Afrique a conduit un dialogue avec les responsables africains de la s\u00e9curit\u00e9 de haut rang le 14 d\u00e9cembre 2022. ADF a modifi\u00e9 le rapport du CESA en fonction de sa longueur et","og_url":"https:\/\/adf-magazine.com\/2023\/05\/deepening-a-culture-of-military-professionalism\/","og_site_name":"Africa Defense Forum","article_publisher":"https:\/\/www.facebook.com\/ADFmagazine\/","article_published_time":"2023-05-23T15:05:24+00:00","article_modified_time":"2023-06-02T16:13:03+00:00","og_image":[{"width":1080,"height":720,"url":"https:\/\/adf-magazine.com\/wp-content\/uploads\/2023\/05\/ACSS_1240681692_CMYK.jpg","type":"image\/jpeg"}],"author":"ADF","twitter_card":"summary_large_image","twitter_image":"https:\/\/adf-magazine.com\/wp-content\/uploads\/2023\/05\/ACSS_1240681692_CMYK.jpg","twitter_creator":"@ADFmagazine","twitter_site":"@ADFmagazine","twitter_misc":{"\u00c9crit par":"ADF","Dur\u00e9e de lecture estim\u00e9e":"11 minutes"},"schema":{"@context":"https:\/\/schema.org","@graph":[{"@type":"Article","@id":"https:\/\/adf-magazine.com\/2023\/05\/deepening-a-culture-of-military-professionalism\/#article","isPartOf":{"@id":"https:\/\/adf-magazine.com\/2023\/05\/deepening-a-culture-of-military-professionalism\/"},"author":{"name":"ADF","@id":"https:\/\/adf-magazine.com\/#\/schema\/person\/f266a6061389568b5a11465bb38bc025"},"headline":"Le Renforcement D\u2019une Culture De Professionnalisme Militaire","datePublished":"2023-05-23T15:05:24+00:00","dateModified":"2023-06-02T16:13:03+00:00","mainEntityOfPage":{"@id":"https:\/\/adf-magazine.com\/2023\/05\/deepening-a-culture-of-military-professionalism\/"},"wordCount":2190,"commentCount":0,"image":{"@id":"https:\/\/adf-magazine.com\/2023\/05\/deepening-a-culture-of-military-professionalism\/#primaryimage"},"thumbnailUrl":"https:\/\/adf-magazine.com\/wp-content\/uploads\/2023\/05\/ACSS_1235628545_CMYK.jpg","keywords":["education","gouvernance","leadership"],"articleSection":["articles"],"inLanguage":"fr-FR","potentialAction":[{"@type":"CommentAction","name":"Comment","target":["https:\/\/adf-magazine.com\/2023\/05\/deepening-a-culture-of-military-professionalism\/#respond"]}]},{"@type":"WebPage","@id":"https:\/\/adf-magazine.com\/2023\/05\/deepening-a-culture-of-military-professionalism\/","url":"https:\/\/adf-magazine.com\/2023\/05\/deepening-a-culture-of-military-professionalism\/","name":"Le Renforcement D\u2019une Culture De Professionnalisme Militaire - Africa Defense Forum","isPartOf":{"@id":"https:\/\/adf-magazine.com\/#website"},"primaryImageOfPage":{"@id":"https:\/\/adf-magazine.com\/2023\/05\/deepening-a-culture-of-military-professionalism\/#primaryimage"},"image":{"@id":"https:\/\/adf-magazine.com\/2023\/05\/deepening-a-culture-of-military-professionalism\/#primaryimage"},"thumbnailUrl":"https:\/\/adf-magazine.com\/wp-content\/uploads\/2023\/05\/ACSS_1235628545_CMYK.jpg","datePublished":"2023-05-23T15:05:24+00:00","dateModified":"2023-06-02T16:13:03+00:00","author":{"@id":"https:\/\/adf-magazine.com\/#\/schema\/person\/f266a6061389568b5a11465bb38bc025"},"breadcrumb":{"@id":"https:\/\/adf-magazine.com\/2023\/05\/deepening-a-culture-of-military-professionalism\/#breadcrumb"},"inLanguage":"fr-FR","potentialAction":[{"@type":"ReadAction","target":["https:\/\/adf-magazine.com\/2023\/05\/deepening-a-culture-of-military-professionalism\/"]}]},{"@type":"ImageObject","inLanguage":"fr-FR","@id":"https:\/\/adf-magazine.com\/2023\/05\/deepening-a-culture-of-military-professionalism\/#primaryimage","url":"https:\/\/adf-magazine.com\/wp-content\/uploads\/2023\/05\/ACSS_1235628545_CMYK.jpg","contentUrl":"https:\/\/adf-magazine.com\/wp-content\/uploads\/2023\/05\/ACSS_1235628545_CMYK.jpg","width":1080,"height":720},{"@type":"BreadcrumbList","@id":"https:\/\/adf-magazine.com\/2023\/05\/deepening-a-culture-of-military-professionalism\/#breadcrumb","itemListElement":[{"@type":"ListItem","position":1,"name":"page d\u2019accueil","item":"https:\/\/adf-magazine.com\/"},{"@type":"ListItem","position":2,"name":"Le Renforcement D\u2019une Culture De Professionnalisme Militaire"}]},{"@type":"WebSite","@id":"https:\/\/adf-magazine.com\/#website","url":"https:\/\/adf-magazine.com\/","name":"Africa Defense Forum","description":"Africa Defense Forum","potentialAction":[{"@type":"SearchAction","target":{"@type":"EntryPoint","urlTemplate":"https:\/\/adf-magazine.com\/?s={search_term_string}"},"query-input":{"@type":"PropertyValueSpecification","valueRequired":true,"valueName":"search_term_string"}}],"inLanguage":"fr-FR"},{"@type":"Person","@id":"https:\/\/adf-magazine.com\/#\/schema\/person\/f266a6061389568b5a11465bb38bc025","name":"ADF","image":{"@type":"ImageObject","inLanguage":"fr-FR","@id":"https:\/\/adf-magazine.com\/wp-content\/uploads\/2020\/05\/cropped-ADF_icon.jpg","url":"https:\/\/adf-magazine.com\/wp-content\/uploads\/2020\/05\/cropped-ADF_icon.jpg","contentUrl":"https:\/\/adf-magazine.com\/wp-content\/uploads\/2020\/05\/cropped-ADF_icon.jpg","caption":"ADF"},"description":"ADF is a professional military magazine published quarterly by U.S. Africa Command to provide an international forum for African security professionals. ADF covers topics such as counter terrorism strategies, security and defense operations, transnational crime, and all other issues affecting peace, stability, and good governance on the African continent.","sameAs":["https:\/\/x.com\/ADFmagazine"],"url":"https:\/\/adf-magazine.com\/fr\/author\/adf\/"}]}},"_links":{"self":[{"href":"https:\/\/adf-magazine.com\/fr\/wp-json\/wp\/v2\/posts\/105966","targetHints":{"allow":["GET"]}}],"collection":[{"href":"https:\/\/adf-magazine.com\/fr\/wp-json\/wp\/v2\/posts"}],"about":[{"href":"https:\/\/adf-magazine.com\/fr\/wp-json\/wp\/v2\/types\/post"}],"author":[{"embeddable":true,"href":"https:\/\/adf-magazine.com\/fr\/wp-json\/wp\/v2\/users\/1"}],"replies":[{"embeddable":true,"href":"https:\/\/adf-magazine.com\/fr\/wp-json\/wp\/v2\/comments?post=105966"}],"version-history":[{"count":0,"href":"https:\/\/adf-magazine.com\/fr\/wp-json\/wp\/v2\/posts\/105966\/revisions"}],"wp:featuredmedia":[{"embeddable":true,"href":"https:\/\/adf-magazine.com\/fr\/wp-json\/wp\/v2\/media\/105538"}],"wp:attachment":[{"href":"https:\/\/adf-magazine.com\/fr\/wp-json\/wp\/v2\/media?parent=105966"}],"wp:term":[{"taxonomy":"category","embeddable":true,"href":"https:\/\/adf-magazine.com\/fr\/wp-json\/wp\/v2\/categories?post=105966"},{"taxonomy":"post_tag","embeddable":true,"href":"https:\/\/adf-magazine.com\/fr\/wp-json\/wp\/v2\/tags?post=105966"}],"curies":[{"name":"wp","href":"https:\/\/api.w.org\/{rel}","templated":true}]}}