{"id":104240,"date":"2023-03-23T10:53:15","date_gmt":"2023-03-23T14:53:15","guid":{"rendered":"https:\/\/adf-magazine.com\/?p=104240"},"modified":"2023-03-27T09:23:20","modified_gmt":"2023-03-27T13:23:20","slug":"malgre-toutes-les-annees-de-conflit-la-passion-des-libyens-pour-les-chevaux-continue","status":"publish","type":"post","link":"https:\/\/adf-magazine.com\/fr\/2023\/03\/malgre-toutes-les-annees-de-conflit-la-passion-des-libyens-pour-les-chevaux-continue\/","title":{"rendered":"Malgr\u00e9 Toutes Les Ann\u00e9es De Conflit, La Passion Des Libyens Pour Les Chevaux Continue"},"content":{"rendered":"<p>AGENCE FRANCE-PRESSE<\/p>\n<p>En Libye, malgr\u00e9 les ann\u00e9es de violence et de r\u00e9bellion, la passion nationale pour les chevaux restent constante.<\/p>\n<p>Une pr\u00e9sentation \u00e9questre \u00e0 Misrata en mai 2022 a accueilli les Libyens de toutes les r\u00e9gions du pays et, pendant trois jours, 96 des 150 chevaux ont chang\u00e9 de propri\u00e9taire.<\/p>\n<p>\u00ab Il y avait des chevaux de l\u2019Ouest, de l\u2019Est et du Sud, de toutes les villes du pays \u00bb, a d\u00e9clar\u00e9 Hussein Shaka, l\u2019un des organisateurs.<\/p>\n<p>L\u2019hippisme a une place pro\u00e9minente en Libye, comme dans d\u2019autres r\u00e9gions du monde arabe, avec des courses de chevaux hebdomadaires, des spectacles et des d\u00e9fil\u00e9s. Les enthousiastes \u00e9questres libyens ont maintenu leurs traditions, notamment l\u2019art de fabrication des selles et des harnachements, et l\u2019\u00e9levage des chargeurs \u00e0 pedigree.<\/p>\n<p>\u00ab Je vous pr\u00e9sente Labaris \u00bb, d\u00e9clare un commissaire-priseur lorsqu\u2019un \u00e9talon bun soigneusement pr\u00e9par\u00e9 est conduit autour de l\u2019enclos.<\/p>\n<p>Les acheteurs potentiels de l\u2019auditoire compos\u00e9 uniquement d\u2019hommes brandissent des plaques en bois num\u00e9rot\u00e9es pour pr\u00e9senter leur ench\u00e8re. Le prix le plus haut de 8.000 dollars a \u00e9t\u00e9 obtenu par une jument de robe blanch\u00e2tre qui, selon le commissaire-priseur, \u00ab a particip\u00e9 \u00e0 21 courses en France en remportant les premi\u00e8res, deuxi\u00e8mes et troisi\u00e8mes places \u00bb.<\/p>\n<p>Des dizaines d\u2019acheteurs \u00e9taient assis sur des chaises blanches en plastique autour de l\u2019enclos ensoleill\u00e9 alors que le commissaire-priseur \u00e9num\u00e9rait les attributs des chevaux sur une petite estrade.<\/p>\n<p>Le premier jour a \u00e9t\u00e9 consacr\u00e9 aux poneys et aux poulains, le second aux juments et le dernier aux \u00e9talons. Le catalogue de la vente aux ench\u00e8res incluait des chevaux \u00e0 pedigree anglais et des Arabes de race, c\u00e9l\u00e8bres pour leur beaut\u00e9, vitesse et endurance.<\/p>\n<p>\u00ab Les ventes aux ench\u00e8res devraient \u00eatre encourag\u00e9es en Libye pour am\u00e9liorer les races europ\u00e9ennes ainsi que l\u2019\u00e9levage local \u00bb, d\u00e9clare l\u2019\u00e9leveur Ali al-Himaidi.<\/p>\n","protected":false},"excerpt":{"rendered":"<p>AGENCE FRANCE-PRESSE En Libye, malgr\u00e9 les ann\u00e9es de violence et de r\u00e9bellion, la passion nationale pour les chevaux restent constante. Une pr\u00e9sentation \u00e9questre \u00e0 Misrata en mai 2022 a accueilli les Libyens de toutes les r\u00e9gions du pays et, pendant trois jours, 96 des 150 chevaux ont chang\u00e9 de propri\u00e9taire. \u00ab Il y avait des<\/p>\n","protected":false},"author":1,"featured_media":103776,"comment_status":"open","ping_status":"closed","sticky":false,"template":"","format":"standard","meta":{"_acf_changed":false,"_monsterinsights_skip_tracking":false,"_monsterinsights_sitenote_active":false,"_monsterinsights_sitenote_note":"","_monsterinsights_sitenote_category":0,"_uf_show_specific_survey":0,"_uf_disable_surveys":false,"footnotes":""},"categories":[58,40],"tags":[],"class_list":{"0":"post-104240","1":"post","2":"type-post","3":"status-publish","4":"format-standard","5":"has-post-thumbnail","7":"category-culture-et-sports","8":"category-rubriques"},"acf":[],"yoast_head":"<!-- This site is optimized with the Yoast SEO plugin v27.4 - https:\/\/yoast.com\/product\/yoast-seo-wordpress\/ -->\n<title>Malgr\u00e9 Toutes Les Ann\u00e9es De Conflit, La Passion Des Libyens Pour Les Chevaux Continue - Africa Defense Forum<\/title>\n<meta name=\"robots\" content=\"index, follow, max-snippet:-1, max-image-preview:large, max-video-preview:-1\" \/>\n<link rel=\"canonical\" href=\"https:\/\/adf-magazine.com\/fr\/2023\/03\/malgre-toutes-les-annees-de-conflit-la-passion-des-libyens-pour-les-chevaux-continue\/\" \/>\n<meta property=\"og:locale\" content=\"fr_FR\" \/>\n<meta property=\"og:type\" content=\"article\" \/>\n<meta property=\"og:title\" content=\"Malgr\u00e9 Toutes Les Ann\u00e9es De Conflit, La Passion Des Libyens Pour Les Chevaux Continue - Africa Defense Forum\" \/>\n<meta property=\"og:description\" content=\"AGENCE FRANCE-PRESSE En Libye, malgr\u00e9 les ann\u00e9es de violence et de r\u00e9bellion, la passion nationale pour les chevaux restent constante. Une pr\u00e9sentation \u00e9questre \u00e0 Misrata en mai 2022 a accueilli les Libyens de toutes les r\u00e9gions du pays et, pendant trois jours, 96 des 150 chevaux ont chang\u00e9 de propri\u00e9taire. \u00ab Il y avait des\" \/>\n<meta property=\"og:url\" content=\"https:\/\/adf-magazine.com\/fr\/2023\/03\/malgre-toutes-les-annees-de-conflit-la-passion-des-libyens-pour-les-chevaux-continue\/\" \/>\n<meta property=\"og:site_name\" content=\"Africa Defense Forum\" \/>\n<meta property=\"article:publisher\" content=\"https:\/\/www.facebook.com\/ADFmagazine\/\" \/>\n<meta property=\"article:published_time\" content=\"2023-03-23T14:53:15+00:00\" \/>\n<meta property=\"article:modified_time\" content=\"2023-03-27T13:23:20+00:00\" \/>\n<meta property=\"og:image\" content=\"https:\/\/adf-magazine.com\/wp-content\/uploads\/2023\/03\/2022-05-12T000000Z_2111678170_MT1SIPA000CQ0GHA_RTRMADP_3_SIPA-USA.jpg\" \/>\n\t<meta property=\"og:image:width\" content=\"1080\" \/>\n\t<meta property=\"og:image:height\" content=\"720\" \/>\n\t<meta property=\"og:image:type\" content=\"image\/jpeg\" \/>\n<meta name=\"author\" content=\"ADF\" \/>\n<meta name=\"twitter:card\" content=\"summary_large_image\" \/>\n<meta name=\"twitter:creator\" content=\"@ADFmagazine\" \/>\n<meta name=\"twitter:site\" content=\"@ADFmagazine\" \/>\n<meta name=\"twitter:label1\" content=\"\u00c9crit par\" \/>\n\t<meta name=\"twitter:data1\" content=\"ADF\" \/>\n\t<meta name=\"twitter:label2\" content=\"Dur\u00e9e de lecture estim\u00e9e\" \/>\n\t<meta name=\"twitter:data2\" content=\"2 minutes\" \/>\n<script type=\"application\/ld+json\" class=\"yoast-schema-graph\">{\"@context\":\"https:\\\/\\\/schema.org\",\"@graph\":[{\"@type\":\"Article\",\"@id\":\"https:\\\/\\\/adf-magazine.com\\\/fr\\\/2023\\\/03\\\/malgre-toutes-les-annees-de-conflit-la-passion-des-libyens-pour-les-chevaux-continue\\\/#article\",\"isPartOf\":{\"@id\":\"https:\\\/\\\/adf-magazine.com\\\/fr\\\/2023\\\/03\\\/malgre-toutes-les-annees-de-conflit-la-passion-des-libyens-pour-les-chevaux-continue\\\/\"},\"author\":{\"name\":\"ADF\",\"@id\":\"https:\\\/\\\/adf-magazine.com\\\/#\\\/schema\\\/person\\\/f266a6061389568b5a11465bb38bc025\"},\"headline\":\"Malgr\u00e9 Toutes Les Ann\u00e9es De Conflit, La Passion Des Libyens Pour Les Chevaux Continue\",\"datePublished\":\"2023-03-23T14:53:15+00:00\",\"dateModified\":\"2023-03-27T13:23:20+00:00\",\"mainEntityOfPage\":{\"@id\":\"https:\\\/\\\/adf-magazine.com\\\/fr\\\/2023\\\/03\\\/malgre-toutes-les-annees-de-conflit-la-passion-des-libyens-pour-les-chevaux-continue\\\/\"},\"wordCount\":340,\"commentCount\":0,\"image\":{\"@id\":\"https:\\\/\\\/adf-magazine.com\\\/fr\\\/2023\\\/03\\\/malgre-toutes-les-annees-de-conflit-la-passion-des-libyens-pour-les-chevaux-continue\\\/#primaryimage\"},\"thumbnailUrl\":\"https:\\\/\\\/adf-magazine.com\\\/wp-content\\\/uploads\\\/2023\\\/03\\\/2022-05-12T000000Z_2111678170_MT1SIPA000CQ0GHA_RTRMADP_3_SIPA-USA.jpg\",\"articleSection\":[\"Culture et sports\",\"rubriques\"],\"inLanguage\":\"fr-FR\",\"potentialAction\":[{\"@type\":\"CommentAction\",\"name\":\"Comment\",\"target\":[\"https:\\\/\\\/adf-magazine.com\\\/fr\\\/2023\\\/03\\\/malgre-toutes-les-annees-de-conflit-la-passion-des-libyens-pour-les-chevaux-continue\\\/#respond\"]}]},{\"@type\":\"WebPage\",\"@id\":\"https:\\\/\\\/adf-magazine.com\\\/fr\\\/2023\\\/03\\\/malgre-toutes-les-annees-de-conflit-la-passion-des-libyens-pour-les-chevaux-continue\\\/\",\"url\":\"https:\\\/\\\/adf-magazine.com\\\/fr\\\/2023\\\/03\\\/malgre-toutes-les-annees-de-conflit-la-passion-des-libyens-pour-les-chevaux-continue\\\/\",\"name\":\"Malgr\u00e9 Toutes Les Ann\u00e9es De Conflit, La Passion Des Libyens Pour Les Chevaux Continue - Africa Defense Forum\",\"isPartOf\":{\"@id\":\"https:\\\/\\\/adf-magazine.com\\\/#website\"},\"primaryImageOfPage\":{\"@id\":\"https:\\\/\\\/adf-magazine.com\\\/fr\\\/2023\\\/03\\\/malgre-toutes-les-annees-de-conflit-la-passion-des-libyens-pour-les-chevaux-continue\\\/#primaryimage\"},\"image\":{\"@id\":\"https:\\\/\\\/adf-magazine.com\\\/fr\\\/2023\\\/03\\\/malgre-toutes-les-annees-de-conflit-la-passion-des-libyens-pour-les-chevaux-continue\\\/#primaryimage\"},\"thumbnailUrl\":\"https:\\\/\\\/adf-magazine.com\\\/wp-content\\\/uploads\\\/2023\\\/03\\\/2022-05-12T000000Z_2111678170_MT1SIPA000CQ0GHA_RTRMADP_3_SIPA-USA.jpg\",\"datePublished\":\"2023-03-23T14:53:15+00:00\",\"dateModified\":\"2023-03-27T13:23:20+00:00\",\"author\":{\"@id\":\"https:\\\/\\\/adf-magazine.com\\\/#\\\/schema\\\/person\\\/f266a6061389568b5a11465bb38bc025\"},\"breadcrumb\":{\"@id\":\"https:\\\/\\\/adf-magazine.com\\\/fr\\\/2023\\\/03\\\/malgre-toutes-les-annees-de-conflit-la-passion-des-libyens-pour-les-chevaux-continue\\\/#breadcrumb\"},\"inLanguage\":\"fr-FR\",\"potentialAction\":[{\"@type\":\"ReadAction\",\"target\":[\"https:\\\/\\\/adf-magazine.com\\\/fr\\\/2023\\\/03\\\/malgre-toutes-les-annees-de-conflit-la-passion-des-libyens-pour-les-chevaux-continue\\\/\"]}]},{\"@type\":\"ImageObject\",\"inLanguage\":\"fr-FR\",\"@id\":\"https:\\\/\\\/adf-magazine.com\\\/fr\\\/2023\\\/03\\\/malgre-toutes-les-annees-de-conflit-la-passion-des-libyens-pour-les-chevaux-continue\\\/#primaryimage\",\"url\":\"https:\\\/\\\/adf-magazine.com\\\/wp-content\\\/uploads\\\/2023\\\/03\\\/2022-05-12T000000Z_2111678170_MT1SIPA000CQ0GHA_RTRMADP_3_SIPA-USA.jpg\",\"contentUrl\":\"https:\\\/\\\/adf-magazine.com\\\/wp-content\\\/uploads\\\/2023\\\/03\\\/2022-05-12T000000Z_2111678170_MT1SIPA000CQ0GHA_RTRMADP_3_SIPA-USA.jpg\",\"width\":1080,\"height\":720},{\"@type\":\"BreadcrumbList\",\"@id\":\"https:\\\/\\\/adf-magazine.com\\\/fr\\\/2023\\\/03\\\/malgre-toutes-les-annees-de-conflit-la-passion-des-libyens-pour-les-chevaux-continue\\\/#breadcrumb\",\"itemListElement\":[{\"@type\":\"ListItem\",\"position\":1,\"name\":\"page d\u2019accueil\",\"item\":\"https:\\\/\\\/adf-magazine.com\\\/\"},{\"@type\":\"ListItem\",\"position\":2,\"name\":\"Malgr\u00e9 Toutes Les Ann\u00e9es De Conflit, La Passion Des Libyens Pour Les Chevaux Continue\"}]},{\"@type\":\"WebSite\",\"@id\":\"https:\\\/\\\/adf-magazine.com\\\/#website\",\"url\":\"https:\\\/\\\/adf-magazine.com\\\/\",\"name\":\"Africa Defense Forum\",\"description\":\"Africa Defense Forum\",\"potentialAction\":[{\"@type\":\"SearchAction\",\"target\":{\"@type\":\"EntryPoint\",\"urlTemplate\":\"https:\\\/\\\/adf-magazine.com\\\/?s={search_term_string}\"},\"query-input\":{\"@type\":\"PropertyValueSpecification\",\"valueRequired\":true,\"valueName\":\"search_term_string\"}}],\"inLanguage\":\"fr-FR\"},{\"@type\":\"Person\",\"@id\":\"https:\\\/\\\/adf-magazine.com\\\/#\\\/schema\\\/person\\\/f266a6061389568b5a11465bb38bc025\",\"name\":\"ADF\",\"image\":{\"@type\":\"ImageObject\",\"inLanguage\":\"fr-FR\",\"@id\":\"https:\\\/\\\/adf-magazine.com\\\/wp-content\\\/uploads\\\/2020\\\/05\\\/cropped-ADF_icon.jpg\",\"url\":\"https:\\\/\\\/adf-magazine.com\\\/wp-content\\\/uploads\\\/2020\\\/05\\\/cropped-ADF_icon.jpg\",\"contentUrl\":\"https:\\\/\\\/adf-magazine.com\\\/wp-content\\\/uploads\\\/2020\\\/05\\\/cropped-ADF_icon.jpg\",\"caption\":\"ADF\"},\"description\":\"ADF is a professional military magazine published quarterly by U.S. Africa Command to provide an international forum for African security professionals. ADF covers topics such as counter terrorism strategies, security and defense operations, transnational crime, and all other issues affecting peace, stability, and good governance on the African continent.\",\"sameAs\":[\"https:\\\/\\\/x.com\\\/ADFmagazine\"],\"url\":\"https:\\\/\\\/adf-magazine.com\\\/fr\\\/author\\\/adf\\\/\"}]}<\/script>\n<!-- \/ Yoast SEO plugin. -->","yoast_head_json":{"title":"Malgr\u00e9 Toutes Les Ann\u00e9es De Conflit, La Passion Des Libyens Pour Les Chevaux Continue - Africa Defense Forum","robots":{"index":"index","follow":"follow","max-snippet":"max-snippet:-1","max-image-preview":"max-image-preview:large","max-video-preview":"max-video-preview:-1"},"canonical":"https:\/\/adf-magazine.com\/fr\/2023\/03\/malgre-toutes-les-annees-de-conflit-la-passion-des-libyens-pour-les-chevaux-continue\/","og_locale":"fr_FR","og_type":"article","og_title":"Malgr\u00e9 Toutes Les Ann\u00e9es De Conflit, La Passion Des Libyens Pour Les Chevaux Continue - Africa Defense Forum","og_description":"AGENCE FRANCE-PRESSE En Libye, malgr\u00e9 les ann\u00e9es de violence et de r\u00e9bellion, la passion nationale pour les chevaux restent constante. Une pr\u00e9sentation \u00e9questre \u00e0 Misrata en mai 2022 a accueilli les Libyens de toutes les r\u00e9gions du pays et, pendant trois jours, 96 des 150 chevaux ont chang\u00e9 de propri\u00e9taire. \u00ab Il y avait des","og_url":"https:\/\/adf-magazine.com\/fr\/2023\/03\/malgre-toutes-les-annees-de-conflit-la-passion-des-libyens-pour-les-chevaux-continue\/","og_site_name":"Africa Defense Forum","article_publisher":"https:\/\/www.facebook.com\/ADFmagazine\/","article_published_time":"2023-03-23T14:53:15+00:00","article_modified_time":"2023-03-27T13:23:20+00:00","og_image":[{"width":1080,"height":720,"url":"https:\/\/adf-magazine.com\/wp-content\/uploads\/2023\/03\/2022-05-12T000000Z_2111678170_MT1SIPA000CQ0GHA_RTRMADP_3_SIPA-USA.jpg","type":"image\/jpeg"}],"author":"ADF","twitter_card":"summary_large_image","twitter_creator":"@ADFmagazine","twitter_site":"@ADFmagazine","twitter_misc":{"\u00c9crit par":"ADF","Dur\u00e9e de lecture estim\u00e9e":"2 minutes"},"schema":{"@context":"https:\/\/schema.org","@graph":[{"@type":"Article","@id":"https:\/\/adf-magazine.com\/fr\/2023\/03\/malgre-toutes-les-annees-de-conflit-la-passion-des-libyens-pour-les-chevaux-continue\/#article","isPartOf":{"@id":"https:\/\/adf-magazine.com\/fr\/2023\/03\/malgre-toutes-les-annees-de-conflit-la-passion-des-libyens-pour-les-chevaux-continue\/"},"author":{"name":"ADF","@id":"https:\/\/adf-magazine.com\/#\/schema\/person\/f266a6061389568b5a11465bb38bc025"},"headline":"Malgr\u00e9 Toutes Les Ann\u00e9es De Conflit, La Passion Des Libyens Pour Les Chevaux Continue","datePublished":"2023-03-23T14:53:15+00:00","dateModified":"2023-03-27T13:23:20+00:00","mainEntityOfPage":{"@id":"https:\/\/adf-magazine.com\/fr\/2023\/03\/malgre-toutes-les-annees-de-conflit-la-passion-des-libyens-pour-les-chevaux-continue\/"},"wordCount":340,"commentCount":0,"image":{"@id":"https:\/\/adf-magazine.com\/fr\/2023\/03\/malgre-toutes-les-annees-de-conflit-la-passion-des-libyens-pour-les-chevaux-continue\/#primaryimage"},"thumbnailUrl":"https:\/\/adf-magazine.com\/wp-content\/uploads\/2023\/03\/2022-05-12T000000Z_2111678170_MT1SIPA000CQ0GHA_RTRMADP_3_SIPA-USA.jpg","articleSection":["Culture et sports","rubriques"],"inLanguage":"fr-FR","potentialAction":[{"@type":"CommentAction","name":"Comment","target":["https:\/\/adf-magazine.com\/fr\/2023\/03\/malgre-toutes-les-annees-de-conflit-la-passion-des-libyens-pour-les-chevaux-continue\/#respond"]}]},{"@type":"WebPage","@id":"https:\/\/adf-magazine.com\/fr\/2023\/03\/malgre-toutes-les-annees-de-conflit-la-passion-des-libyens-pour-les-chevaux-continue\/","url":"https:\/\/adf-magazine.com\/fr\/2023\/03\/malgre-toutes-les-annees-de-conflit-la-passion-des-libyens-pour-les-chevaux-continue\/","name":"Malgr\u00e9 Toutes Les Ann\u00e9es De Conflit, La Passion Des Libyens Pour Les Chevaux Continue - Africa Defense Forum","isPartOf":{"@id":"https:\/\/adf-magazine.com\/#website"},"primaryImageOfPage":{"@id":"https:\/\/adf-magazine.com\/fr\/2023\/03\/malgre-toutes-les-annees-de-conflit-la-passion-des-libyens-pour-les-chevaux-continue\/#primaryimage"},"image":{"@id":"https:\/\/adf-magazine.com\/fr\/2023\/03\/malgre-toutes-les-annees-de-conflit-la-passion-des-libyens-pour-les-chevaux-continue\/#primaryimage"},"thumbnailUrl":"https:\/\/adf-magazine.com\/wp-content\/uploads\/2023\/03\/2022-05-12T000000Z_2111678170_MT1SIPA000CQ0GHA_RTRMADP_3_SIPA-USA.jpg","datePublished":"2023-03-23T14:53:15+00:00","dateModified":"2023-03-27T13:23:20+00:00","author":{"@id":"https:\/\/adf-magazine.com\/#\/schema\/person\/f266a6061389568b5a11465bb38bc025"},"breadcrumb":{"@id":"https:\/\/adf-magazine.com\/fr\/2023\/03\/malgre-toutes-les-annees-de-conflit-la-passion-des-libyens-pour-les-chevaux-continue\/#breadcrumb"},"inLanguage":"fr-FR","potentialAction":[{"@type":"ReadAction","target":["https:\/\/adf-magazine.com\/fr\/2023\/03\/malgre-toutes-les-annees-de-conflit-la-passion-des-libyens-pour-les-chevaux-continue\/"]}]},{"@type":"ImageObject","inLanguage":"fr-FR","@id":"https:\/\/adf-magazine.com\/fr\/2023\/03\/malgre-toutes-les-annees-de-conflit-la-passion-des-libyens-pour-les-chevaux-continue\/#primaryimage","url":"https:\/\/adf-magazine.com\/wp-content\/uploads\/2023\/03\/2022-05-12T000000Z_2111678170_MT1SIPA000CQ0GHA_RTRMADP_3_SIPA-USA.jpg","contentUrl":"https:\/\/adf-magazine.com\/wp-content\/uploads\/2023\/03\/2022-05-12T000000Z_2111678170_MT1SIPA000CQ0GHA_RTRMADP_3_SIPA-USA.jpg","width":1080,"height":720},{"@type":"BreadcrumbList","@id":"https:\/\/adf-magazine.com\/fr\/2023\/03\/malgre-toutes-les-annees-de-conflit-la-passion-des-libyens-pour-les-chevaux-continue\/#breadcrumb","itemListElement":[{"@type":"ListItem","position":1,"name":"page d\u2019accueil","item":"https:\/\/adf-magazine.com\/"},{"@type":"ListItem","position":2,"name":"Malgr\u00e9 Toutes Les Ann\u00e9es De Conflit, La Passion Des Libyens Pour Les Chevaux Continue"}]},{"@type":"WebSite","@id":"https:\/\/adf-magazine.com\/#website","url":"https:\/\/adf-magazine.com\/","name":"Africa Defense Forum","description":"Africa Defense Forum","potentialAction":[{"@type":"SearchAction","target":{"@type":"EntryPoint","urlTemplate":"https:\/\/adf-magazine.com\/?s={search_term_string}"},"query-input":{"@type":"PropertyValueSpecification","valueRequired":true,"valueName":"search_term_string"}}],"inLanguage":"fr-FR"},{"@type":"Person","@id":"https:\/\/adf-magazine.com\/#\/schema\/person\/f266a6061389568b5a11465bb38bc025","name":"ADF","image":{"@type":"ImageObject","inLanguage":"fr-FR","@id":"https:\/\/adf-magazine.com\/wp-content\/uploads\/2020\/05\/cropped-ADF_icon.jpg","url":"https:\/\/adf-magazine.com\/wp-content\/uploads\/2020\/05\/cropped-ADF_icon.jpg","contentUrl":"https:\/\/adf-magazine.com\/wp-content\/uploads\/2020\/05\/cropped-ADF_icon.jpg","caption":"ADF"},"description":"ADF is a professional military magazine published quarterly by U.S. Africa Command to provide an international forum for African security professionals. ADF covers topics such as counter terrorism strategies, security and defense operations, transnational crime, and all other issues affecting peace, stability, and good governance on the African continent.","sameAs":["https:\/\/x.com\/ADFmagazine"],"url":"https:\/\/adf-magazine.com\/fr\/author\/adf\/"}]}},"_links":{"self":[{"href":"https:\/\/adf-magazine.com\/fr\/wp-json\/wp\/v2\/posts\/104240","targetHints":{"allow":["GET"]}}],"collection":[{"href":"https:\/\/adf-magazine.com\/fr\/wp-json\/wp\/v2\/posts"}],"about":[{"href":"https:\/\/adf-magazine.com\/fr\/wp-json\/wp\/v2\/types\/post"}],"author":[{"embeddable":true,"href":"https:\/\/adf-magazine.com\/fr\/wp-json\/wp\/v2\/users\/1"}],"replies":[{"embeddable":true,"href":"https:\/\/adf-magazine.com\/fr\/wp-json\/wp\/v2\/comments?post=104240"}],"version-history":[{"count":0,"href":"https:\/\/adf-magazine.com\/fr\/wp-json\/wp\/v2\/posts\/104240\/revisions"}],"wp:featuredmedia":[{"embeddable":true,"href":"https:\/\/adf-magazine.com\/fr\/wp-json\/wp\/v2\/media\/103776"}],"wp:attachment":[{"href":"https:\/\/adf-magazine.com\/fr\/wp-json\/wp\/v2\/media?parent=104240"}],"wp:term":[{"taxonomy":"category","embeddable":true,"href":"https:\/\/adf-magazine.com\/fr\/wp-json\/wp\/v2\/categories?post=104240"},{"taxonomy":"post_tag","embeddable":true,"href":"https:\/\/adf-magazine.com\/fr\/wp-json\/wp\/v2\/tags?post=104240"}],"curies":[{"name":"wp","href":"https:\/\/api.w.org\/{rel}","templated":true}]}}