{"id":104232,"date":"2023-03-23T10:49:12","date_gmt":"2023-03-23T14:49:12","guid":{"rendered":"https:\/\/adf-magazine.com\/?p=104232"},"modified":"2023-03-27T09:23:23","modified_gmt":"2023-03-27T13:23:23","slug":"le-popo-carnaval-de-cote-divoire-continue-a-se-developper","status":"publish","type":"post","link":"https:\/\/adf-magazine.com\/fr\/2023\/03\/le-popo-carnaval-de-cote-divoire-continue-a-se-developper\/","title":{"rendered":"Le Popo Carnaval De C\u00f4te D\u2019ivoire Continue \u00c0 Se D\u00e9velopper"},"content":{"rendered":"<p>PERSONNEL D\u2019ADF<\/p>\n<p>Les organisateurs du Popo Carnaval annuel de C\u00f4te d\u2019Ivoire ont de grandes ambitions. Ils esp\u00e8rent qu\u2019il pourra cro\u00eetre pour rivaliser le Carnaval de Rio au Br\u00e9sil, consid\u00e9r\u00e9 comme le plus grand \u00e9v\u00e9nement mondial de ce type.<\/p>\n<p>Le Carnaval de Rio accueille 2 millions de personnes chaque ann\u00e9e. Les organisateurs d\u00e9clarent que le Popo Carnaval accueille chaque ann\u00e9e plus d\u2019un million de personnes provenant du monde entier. Il a lieu \u00e0 Bonoua, \u00e0 environ 50 km \u00e0 l\u2019Est d\u2019Abidjan, capitale \u00e9conomique de la C\u00f4te d\u2019Ivoire.<\/p>\n<p>Le festival est une c\u00e9l\u00e9bration du peuple abour\u00e9, l\u2019un des nombreux groupes ethniques de ce pays d\u2019Afrique de l\u2019Ouest. Certains de ces groupes, y compris les Abour\u00e9s, ont toujours des rois et des reines qui jouent un r\u00f4le traditionnel dans leurs communaut\u00e9s. \u00ab Popo \u00bb signifie masque dans la langue abour\u00e9 et les gens portent un masque pendant une partie du festival.<\/p>\n<p>Le roi abour\u00e9 joue le r\u00f4le de chef de sept villages. Le point culminant du festival est un d\u00e9fil\u00e9 avec l\u2019arriv\u00e9e du roi, qui porte une couronne d\u2019or et une robe longue. Il est accompagn\u00e9 d\u2019hommes qui jouent du tambour et soufflent dans des cornes de b\u0153uf, selon Reuters.<span class=\"Apple-converted-space\">\u00a0<\/span><\/p>\n<p>Le carnaval comporte aussi un match de football, des journ\u00e9es sportives, des tournois de cuisine, un concours de beaut\u00e9 et plusieurs performances th\u00e9\u00e2trales. Ces performances sont con\u00e7ues pour maintenir en vie l\u2019h\u00e9ritage du peuple abour\u00e9 et leur rappellent ce qu\u2019ils ont gagn\u00e9 ou perdu.<\/p>\n<p>\u00ab C\u2019est une p\u00e9riode d\u2019\u00e9valuation pour d\u00e9terminer si nous avons perdu quelque chose que nos parents nous avaient laiss\u00e9 \u00bb, d\u00e9clare \u00e0 Reuters Jean Oba, commissaire honoraire du festival.<\/p>\n","protected":false},"excerpt":{"rendered":"<p>PERSONNEL D\u2019ADF Les organisateurs du Popo Carnaval annuel de C\u00f4te d\u2019Ivoire ont de grandes ambitions. Ils esp\u00e8rent qu\u2019il pourra cro\u00eetre pour rivaliser le Carnaval de Rio au Br\u00e9sil, consid\u00e9r\u00e9 comme le plus grand \u00e9v\u00e9nement mondial de ce type. Le Carnaval de Rio accueille 2 millions de personnes chaque ann\u00e9e. Les organisateurs d\u00e9clarent que le Popo<\/p>\n","protected":false},"author":1,"featured_media":103772,"comment_status":"open","ping_status":"closed","sticky":false,"template":"","format":"standard","meta":{"_acf_changed":false,"_monsterinsights_skip_tracking":false,"_monsterinsights_sitenote_active":false,"_monsterinsights_sitenote_note":"","_monsterinsights_sitenote_category":0,"_uf_show_specific_survey":0,"_uf_disable_surveys":false,"footnotes":""},"categories":[58,40],"tags":[],"class_list":{"0":"post-104232","1":"post","2":"type-post","3":"status-publish","4":"format-standard","5":"has-post-thumbnail","7":"category-culture-et-sports","8":"category-rubriques"},"acf":[],"yoast_head":"<!-- This site is optimized with the Yoast SEO plugin v27.5 - https:\/\/yoast.com\/product\/yoast-seo-wordpress\/ -->\n<title>Le Popo Carnaval De C\u00f4te D\u2019ivoire Continue \u00c0 Se D\u00e9velopper - Africa Defense Forum<\/title>\n<meta name=\"robots\" content=\"index, follow, max-snippet:-1, max-image-preview:large, max-video-preview:-1\" \/>\n<link rel=\"canonical\" href=\"https:\/\/adf-magazine.com\/fr\/2023\/03\/le-popo-carnaval-de-cote-divoire-continue-a-se-developper\/\" \/>\n<meta property=\"og:locale\" content=\"fr_FR\" \/>\n<meta property=\"og:type\" content=\"article\" \/>\n<meta property=\"og:title\" content=\"Le Popo Carnaval De C\u00f4te D\u2019ivoire Continue \u00c0 Se D\u00e9velopper - Africa Defense Forum\" \/>\n<meta property=\"og:description\" content=\"PERSONNEL D\u2019ADF Les organisateurs du Popo Carnaval annuel de C\u00f4te d\u2019Ivoire ont de grandes ambitions. Ils esp\u00e8rent qu\u2019il pourra cro\u00eetre pour rivaliser le Carnaval de Rio au Br\u00e9sil, consid\u00e9r\u00e9 comme le plus grand \u00e9v\u00e9nement mondial de ce type. Le Carnaval de Rio accueille 2 millions de personnes chaque ann\u00e9e. Les organisateurs d\u00e9clarent que le Popo\" \/>\n<meta property=\"og:url\" content=\"https:\/\/adf-magazine.com\/fr\/2023\/03\/le-popo-carnaval-de-cote-divoire-continue-a-se-developper\/\" \/>\n<meta property=\"og:site_name\" content=\"Africa Defense Forum\" \/>\n<meta property=\"article:publisher\" content=\"https:\/\/www.facebook.com\/ADFmagazine\/\" \/>\n<meta property=\"article:published_time\" content=\"2023-03-23T14:49:12+00:00\" \/>\n<meta property=\"article:modified_time\" content=\"2023-03-27T13:23:23+00:00\" \/>\n<meta property=\"og:image\" content=\"https:\/\/adf-magazine.com\/wp-content\/uploads\/2023\/03\/2022-05-05T122538Z_385526812_RC2TXT9JUN4C_RTRMADP_3_IVORYCOAST-FESTIVAL.jpg\" \/>\n\t<meta property=\"og:image:width\" content=\"1080\" \/>\n\t<meta property=\"og:image:height\" content=\"720\" \/>\n\t<meta property=\"og:image:type\" content=\"image\/jpeg\" \/>\n<meta name=\"author\" content=\"ADF\" \/>\n<meta name=\"twitter:card\" content=\"summary_large_image\" \/>\n<meta name=\"twitter:creator\" content=\"@ADFmagazine\" \/>\n<meta name=\"twitter:site\" content=\"@ADFmagazine\" \/>\n<meta name=\"twitter:label1\" content=\"\u00c9crit par\" \/>\n\t<meta name=\"twitter:data1\" content=\"ADF\" \/>\n\t<meta name=\"twitter:label2\" content=\"Dur\u00e9e de lecture estim\u00e9e\" \/>\n\t<meta name=\"twitter:data2\" content=\"2 minutes\" \/>\n<script type=\"application\/ld+json\" class=\"yoast-schema-graph\">{\"@context\":\"https:\\\/\\\/schema.org\",\"@graph\":[{\"@type\":\"Article\",\"@id\":\"https:\\\/\\\/adf-magazine.com\\\/fr\\\/2023\\\/03\\\/le-popo-carnaval-de-cote-divoire-continue-a-se-developper\\\/#article\",\"isPartOf\":{\"@id\":\"https:\\\/\\\/adf-magazine.com\\\/fr\\\/2023\\\/03\\\/le-popo-carnaval-de-cote-divoire-continue-a-se-developper\\\/\"},\"author\":{\"name\":\"ADF\",\"@id\":\"https:\\\/\\\/adf-magazine.com\\\/#\\\/schema\\\/person\\\/f266a6061389568b5a11465bb38bc025\"},\"headline\":\"Le Popo Carnaval De C\u00f4te D\u2019ivoire Continue \u00c0 Se D\u00e9velopper\",\"datePublished\":\"2023-03-23T14:49:12+00:00\",\"dateModified\":\"2023-03-27T13:23:23+00:00\",\"mainEntityOfPage\":{\"@id\":\"https:\\\/\\\/adf-magazine.com\\\/fr\\\/2023\\\/03\\\/le-popo-carnaval-de-cote-divoire-continue-a-se-developper\\\/\"},\"wordCount\":315,\"commentCount\":0,\"image\":{\"@id\":\"https:\\\/\\\/adf-magazine.com\\\/fr\\\/2023\\\/03\\\/le-popo-carnaval-de-cote-divoire-continue-a-se-developper\\\/#primaryimage\"},\"thumbnailUrl\":\"https:\\\/\\\/adf-magazine.com\\\/wp-content\\\/uploads\\\/2023\\\/03\\\/2022-05-05T122538Z_385526812_RC2TXT9JUN4C_RTRMADP_3_IVORYCOAST-FESTIVAL.jpg\",\"articleSection\":[\"Culture et sports\",\"rubriques\"],\"inLanguage\":\"fr-FR\",\"potentialAction\":[{\"@type\":\"CommentAction\",\"name\":\"Comment\",\"target\":[\"https:\\\/\\\/adf-magazine.com\\\/fr\\\/2023\\\/03\\\/le-popo-carnaval-de-cote-divoire-continue-a-se-developper\\\/#respond\"]}]},{\"@type\":\"WebPage\",\"@id\":\"https:\\\/\\\/adf-magazine.com\\\/fr\\\/2023\\\/03\\\/le-popo-carnaval-de-cote-divoire-continue-a-se-developper\\\/\",\"url\":\"https:\\\/\\\/adf-magazine.com\\\/fr\\\/2023\\\/03\\\/le-popo-carnaval-de-cote-divoire-continue-a-se-developper\\\/\",\"name\":\"Le Popo Carnaval De C\u00f4te D\u2019ivoire Continue \u00c0 Se D\u00e9velopper - Africa Defense Forum\",\"isPartOf\":{\"@id\":\"https:\\\/\\\/adf-magazine.com\\\/#website\"},\"primaryImageOfPage\":{\"@id\":\"https:\\\/\\\/adf-magazine.com\\\/fr\\\/2023\\\/03\\\/le-popo-carnaval-de-cote-divoire-continue-a-se-developper\\\/#primaryimage\"},\"image\":{\"@id\":\"https:\\\/\\\/adf-magazine.com\\\/fr\\\/2023\\\/03\\\/le-popo-carnaval-de-cote-divoire-continue-a-se-developper\\\/#primaryimage\"},\"thumbnailUrl\":\"https:\\\/\\\/adf-magazine.com\\\/wp-content\\\/uploads\\\/2023\\\/03\\\/2022-05-05T122538Z_385526812_RC2TXT9JUN4C_RTRMADP_3_IVORYCOAST-FESTIVAL.jpg\",\"datePublished\":\"2023-03-23T14:49:12+00:00\",\"dateModified\":\"2023-03-27T13:23:23+00:00\",\"author\":{\"@id\":\"https:\\\/\\\/adf-magazine.com\\\/#\\\/schema\\\/person\\\/f266a6061389568b5a11465bb38bc025\"},\"breadcrumb\":{\"@id\":\"https:\\\/\\\/adf-magazine.com\\\/fr\\\/2023\\\/03\\\/le-popo-carnaval-de-cote-divoire-continue-a-se-developper\\\/#breadcrumb\"},\"inLanguage\":\"fr-FR\",\"potentialAction\":[{\"@type\":\"ReadAction\",\"target\":[\"https:\\\/\\\/adf-magazine.com\\\/fr\\\/2023\\\/03\\\/le-popo-carnaval-de-cote-divoire-continue-a-se-developper\\\/\"]}]},{\"@type\":\"ImageObject\",\"inLanguage\":\"fr-FR\",\"@id\":\"https:\\\/\\\/adf-magazine.com\\\/fr\\\/2023\\\/03\\\/le-popo-carnaval-de-cote-divoire-continue-a-se-developper\\\/#primaryimage\",\"url\":\"https:\\\/\\\/adf-magazine.com\\\/wp-content\\\/uploads\\\/2023\\\/03\\\/2022-05-05T122538Z_385526812_RC2TXT9JUN4C_RTRMADP_3_IVORYCOAST-FESTIVAL.jpg\",\"contentUrl\":\"https:\\\/\\\/adf-magazine.com\\\/wp-content\\\/uploads\\\/2023\\\/03\\\/2022-05-05T122538Z_385526812_RC2TXT9JUN4C_RTRMADP_3_IVORYCOAST-FESTIVAL.jpg\",\"width\":1080,\"height\":720},{\"@type\":\"BreadcrumbList\",\"@id\":\"https:\\\/\\\/adf-magazine.com\\\/fr\\\/2023\\\/03\\\/le-popo-carnaval-de-cote-divoire-continue-a-se-developper\\\/#breadcrumb\",\"itemListElement\":[{\"@type\":\"ListItem\",\"position\":1,\"name\":\"page d\u2019accueil\",\"item\":\"https:\\\/\\\/adf-magazine.com\\\/\"},{\"@type\":\"ListItem\",\"position\":2,\"name\":\"Le Popo Carnaval De C\u00f4te D\u2019ivoire Continue \u00c0 Se D\u00e9velopper\"}]},{\"@type\":\"WebSite\",\"@id\":\"https:\\\/\\\/adf-magazine.com\\\/#website\",\"url\":\"https:\\\/\\\/adf-magazine.com\\\/\",\"name\":\"Africa Defense Forum\",\"description\":\"Africa Defense Forum\",\"potentialAction\":[{\"@type\":\"SearchAction\",\"target\":{\"@type\":\"EntryPoint\",\"urlTemplate\":\"https:\\\/\\\/adf-magazine.com\\\/?s={search_term_string}\"},\"query-input\":{\"@type\":\"PropertyValueSpecification\",\"valueRequired\":true,\"valueName\":\"search_term_string\"}}],\"inLanguage\":\"fr-FR\"},{\"@type\":\"Person\",\"@id\":\"https:\\\/\\\/adf-magazine.com\\\/#\\\/schema\\\/person\\\/f266a6061389568b5a11465bb38bc025\",\"name\":\"ADF\",\"image\":{\"@type\":\"ImageObject\",\"inLanguage\":\"fr-FR\",\"@id\":\"https:\\\/\\\/adf-magazine.com\\\/wp-content\\\/uploads\\\/2020\\\/05\\\/cropped-ADF_icon.jpg\",\"url\":\"https:\\\/\\\/adf-magazine.com\\\/wp-content\\\/uploads\\\/2020\\\/05\\\/cropped-ADF_icon.jpg\",\"contentUrl\":\"https:\\\/\\\/adf-magazine.com\\\/wp-content\\\/uploads\\\/2020\\\/05\\\/cropped-ADF_icon.jpg\",\"caption\":\"ADF\"},\"description\":\"ADF is a professional military magazine published quarterly by U.S. Africa Command to provide an international forum for African security professionals. ADF covers topics such as counter terrorism strategies, security and defense operations, transnational crime, and all other issues affecting peace, stability, and good governance on the African continent.\",\"sameAs\":[\"https:\\\/\\\/x.com\\\/ADFmagazine\"],\"url\":\"https:\\\/\\\/adf-magazine.com\\\/fr\\\/author\\\/adf\\\/\"}]}<\/script>\n<!-- \/ Yoast SEO plugin. -->","yoast_head_json":{"title":"Le Popo Carnaval De C\u00f4te D\u2019ivoire Continue \u00c0 Se D\u00e9velopper - Africa Defense Forum","robots":{"index":"index","follow":"follow","max-snippet":"max-snippet:-1","max-image-preview":"max-image-preview:large","max-video-preview":"max-video-preview:-1"},"canonical":"https:\/\/adf-magazine.com\/fr\/2023\/03\/le-popo-carnaval-de-cote-divoire-continue-a-se-developper\/","og_locale":"fr_FR","og_type":"article","og_title":"Le Popo Carnaval De C\u00f4te D\u2019ivoire Continue \u00c0 Se D\u00e9velopper - Africa Defense Forum","og_description":"PERSONNEL D\u2019ADF Les organisateurs du Popo Carnaval annuel de C\u00f4te d\u2019Ivoire ont de grandes ambitions. Ils esp\u00e8rent qu\u2019il pourra cro\u00eetre pour rivaliser le Carnaval de Rio au Br\u00e9sil, consid\u00e9r\u00e9 comme le plus grand \u00e9v\u00e9nement mondial de ce type. Le Carnaval de Rio accueille 2 millions de personnes chaque ann\u00e9e. Les organisateurs d\u00e9clarent que le Popo","og_url":"https:\/\/adf-magazine.com\/fr\/2023\/03\/le-popo-carnaval-de-cote-divoire-continue-a-se-developper\/","og_site_name":"Africa Defense Forum","article_publisher":"https:\/\/www.facebook.com\/ADFmagazine\/","article_published_time":"2023-03-23T14:49:12+00:00","article_modified_time":"2023-03-27T13:23:23+00:00","og_image":[{"width":1080,"height":720,"url":"https:\/\/adf-magazine.com\/wp-content\/uploads\/2023\/03\/2022-05-05T122538Z_385526812_RC2TXT9JUN4C_RTRMADP_3_IVORYCOAST-FESTIVAL.jpg","type":"image\/jpeg"}],"author":"ADF","twitter_card":"summary_large_image","twitter_creator":"@ADFmagazine","twitter_site":"@ADFmagazine","twitter_misc":{"\u00c9crit par":"ADF","Dur\u00e9e de lecture estim\u00e9e":"2 minutes"},"schema":{"@context":"https:\/\/schema.org","@graph":[{"@type":"Article","@id":"https:\/\/adf-magazine.com\/fr\/2023\/03\/le-popo-carnaval-de-cote-divoire-continue-a-se-developper\/#article","isPartOf":{"@id":"https:\/\/adf-magazine.com\/fr\/2023\/03\/le-popo-carnaval-de-cote-divoire-continue-a-se-developper\/"},"author":{"name":"ADF","@id":"https:\/\/adf-magazine.com\/#\/schema\/person\/f266a6061389568b5a11465bb38bc025"},"headline":"Le Popo Carnaval De C\u00f4te D\u2019ivoire Continue \u00c0 Se D\u00e9velopper","datePublished":"2023-03-23T14:49:12+00:00","dateModified":"2023-03-27T13:23:23+00:00","mainEntityOfPage":{"@id":"https:\/\/adf-magazine.com\/fr\/2023\/03\/le-popo-carnaval-de-cote-divoire-continue-a-se-developper\/"},"wordCount":315,"commentCount":0,"image":{"@id":"https:\/\/adf-magazine.com\/fr\/2023\/03\/le-popo-carnaval-de-cote-divoire-continue-a-se-developper\/#primaryimage"},"thumbnailUrl":"https:\/\/adf-magazine.com\/wp-content\/uploads\/2023\/03\/2022-05-05T122538Z_385526812_RC2TXT9JUN4C_RTRMADP_3_IVORYCOAST-FESTIVAL.jpg","articleSection":["Culture et sports","rubriques"],"inLanguage":"fr-FR","potentialAction":[{"@type":"CommentAction","name":"Comment","target":["https:\/\/adf-magazine.com\/fr\/2023\/03\/le-popo-carnaval-de-cote-divoire-continue-a-se-developper\/#respond"]}]},{"@type":"WebPage","@id":"https:\/\/adf-magazine.com\/fr\/2023\/03\/le-popo-carnaval-de-cote-divoire-continue-a-se-developper\/","url":"https:\/\/adf-magazine.com\/fr\/2023\/03\/le-popo-carnaval-de-cote-divoire-continue-a-se-developper\/","name":"Le Popo Carnaval De C\u00f4te D\u2019ivoire Continue \u00c0 Se D\u00e9velopper - Africa Defense Forum","isPartOf":{"@id":"https:\/\/adf-magazine.com\/#website"},"primaryImageOfPage":{"@id":"https:\/\/adf-magazine.com\/fr\/2023\/03\/le-popo-carnaval-de-cote-divoire-continue-a-se-developper\/#primaryimage"},"image":{"@id":"https:\/\/adf-magazine.com\/fr\/2023\/03\/le-popo-carnaval-de-cote-divoire-continue-a-se-developper\/#primaryimage"},"thumbnailUrl":"https:\/\/adf-magazine.com\/wp-content\/uploads\/2023\/03\/2022-05-05T122538Z_385526812_RC2TXT9JUN4C_RTRMADP_3_IVORYCOAST-FESTIVAL.jpg","datePublished":"2023-03-23T14:49:12+00:00","dateModified":"2023-03-27T13:23:23+00:00","author":{"@id":"https:\/\/adf-magazine.com\/#\/schema\/person\/f266a6061389568b5a11465bb38bc025"},"breadcrumb":{"@id":"https:\/\/adf-magazine.com\/fr\/2023\/03\/le-popo-carnaval-de-cote-divoire-continue-a-se-developper\/#breadcrumb"},"inLanguage":"fr-FR","potentialAction":[{"@type":"ReadAction","target":["https:\/\/adf-magazine.com\/fr\/2023\/03\/le-popo-carnaval-de-cote-divoire-continue-a-se-developper\/"]}]},{"@type":"ImageObject","inLanguage":"fr-FR","@id":"https:\/\/adf-magazine.com\/fr\/2023\/03\/le-popo-carnaval-de-cote-divoire-continue-a-se-developper\/#primaryimage","url":"https:\/\/adf-magazine.com\/wp-content\/uploads\/2023\/03\/2022-05-05T122538Z_385526812_RC2TXT9JUN4C_RTRMADP_3_IVORYCOAST-FESTIVAL.jpg","contentUrl":"https:\/\/adf-magazine.com\/wp-content\/uploads\/2023\/03\/2022-05-05T122538Z_385526812_RC2TXT9JUN4C_RTRMADP_3_IVORYCOAST-FESTIVAL.jpg","width":1080,"height":720},{"@type":"BreadcrumbList","@id":"https:\/\/adf-magazine.com\/fr\/2023\/03\/le-popo-carnaval-de-cote-divoire-continue-a-se-developper\/#breadcrumb","itemListElement":[{"@type":"ListItem","position":1,"name":"page d\u2019accueil","item":"https:\/\/adf-magazine.com\/"},{"@type":"ListItem","position":2,"name":"Le Popo Carnaval De C\u00f4te D\u2019ivoire Continue \u00c0 Se D\u00e9velopper"}]},{"@type":"WebSite","@id":"https:\/\/adf-magazine.com\/#website","url":"https:\/\/adf-magazine.com\/","name":"Africa Defense Forum","description":"Africa Defense Forum","potentialAction":[{"@type":"SearchAction","target":{"@type":"EntryPoint","urlTemplate":"https:\/\/adf-magazine.com\/?s={search_term_string}"},"query-input":{"@type":"PropertyValueSpecification","valueRequired":true,"valueName":"search_term_string"}}],"inLanguage":"fr-FR"},{"@type":"Person","@id":"https:\/\/adf-magazine.com\/#\/schema\/person\/f266a6061389568b5a11465bb38bc025","name":"ADF","image":{"@type":"ImageObject","inLanguage":"fr-FR","@id":"https:\/\/adf-magazine.com\/wp-content\/uploads\/2020\/05\/cropped-ADF_icon.jpg","url":"https:\/\/adf-magazine.com\/wp-content\/uploads\/2020\/05\/cropped-ADF_icon.jpg","contentUrl":"https:\/\/adf-magazine.com\/wp-content\/uploads\/2020\/05\/cropped-ADF_icon.jpg","caption":"ADF"},"description":"ADF is a professional military magazine published quarterly by U.S. Africa Command to provide an international forum for African security professionals. ADF covers topics such as counter terrorism strategies, security and defense operations, transnational crime, and all other issues affecting peace, stability, and good governance on the African continent.","sameAs":["https:\/\/x.com\/ADFmagazine"],"url":"https:\/\/adf-magazine.com\/fr\/author\/adf\/"}]}},"_links":{"self":[{"href":"https:\/\/adf-magazine.com\/fr\/wp-json\/wp\/v2\/posts\/104232","targetHints":{"allow":["GET"]}}],"collection":[{"href":"https:\/\/adf-magazine.com\/fr\/wp-json\/wp\/v2\/posts"}],"about":[{"href":"https:\/\/adf-magazine.com\/fr\/wp-json\/wp\/v2\/types\/post"}],"author":[{"embeddable":true,"href":"https:\/\/adf-magazine.com\/fr\/wp-json\/wp\/v2\/users\/1"}],"replies":[{"embeddable":true,"href":"https:\/\/adf-magazine.com\/fr\/wp-json\/wp\/v2\/comments?post=104232"}],"version-history":[{"count":0,"href":"https:\/\/adf-magazine.com\/fr\/wp-json\/wp\/v2\/posts\/104232\/revisions"}],"wp:featuredmedia":[{"embeddable":true,"href":"https:\/\/adf-magazine.com\/fr\/wp-json\/wp\/v2\/media\/103772"}],"wp:attachment":[{"href":"https:\/\/adf-magazine.com\/fr\/wp-json\/wp\/v2\/media?parent=104232"}],"wp:term":[{"taxonomy":"category","embeddable":true,"href":"https:\/\/adf-magazine.com\/fr\/wp-json\/wp\/v2\/categories?post=104232"},{"taxonomy":"post_tag","embeddable":true,"href":"https:\/\/adf-magazine.com\/fr\/wp-json\/wp\/v2\/tags?post=104232"}],"curies":[{"name":"wp","href":"https:\/\/api.w.org\/{rel}","templated":true}]}}