{"id":103576,"date":"2023-03-14T13:33:33","date_gmt":"2023-03-14T17:33:33","guid":{"rendered":"https:\/\/adf-magazine.com\/?p=103576"},"modified":"2023-03-14T13:34:28","modified_gmt":"2023-03-14T17:34:28","slug":"boko-haram-et-la-paoei-saffrontent-lun-contre-lautre-alors-que-les-forces-de-securite-enregistrent-des-gains","status":"publish","type":"post","link":"https:\/\/adf-magazine.com\/fr\/2023\/03\/boko-haram-et-la-paoei-saffrontent-lun-contre-lautre-alors-que-les-forces-de-securite-enregistrent-des-gains\/","title":{"rendered":"Boko Haram et la PAOEI s\u2019affrontent l\u2019un contre l\u2019autre alors que les forces de s\u00e9curit\u00e9 enregistrent des gains"},"content":{"rendered":"<p style=\"font-weight: 400;\">PERSONNEL D\u2019ADF<\/p>\n<p>Plus de 200 combattants de Boko Haram et quelques-uns de leurs commandants se sont rendus \u00e0 l\u2019arm\u00e9e nig\u00e9riane lorsque la Province d\u2019Afrique de l\u2019Ouest de l\u2019\u00c9tat islamique (PAOEI) lan\u00e7a une attaque contre le groupe extr\u00e9miste rival dans l\u2019\u00c9tat de Borno au Nord-Est du pays.<\/p>\n<p>C\u2019\u00e9tait le dernier d\u2019une s\u00e9rie d\u2019affrontements entre les groupes depuis 2020, lorsque la PAOEI avait lanc\u00e9 des attaques ayant conduit \u00e0 la mort d\u2019Abubakar Shekau, le chef de Boko Haram.<\/p>\n<p>Les luttes intestines entre la PAOEI, Boko Haram et sa faction du JAS (Jama\u2019atu Ahlis Sunna Lidda\u2019Awati Wal-Jihad) font b\u00e9n\u00e9ficier les efforts de la Force multinationale mixte (MNJTF) visant \u00e0 restaurer la paix dans la r\u00e9gion. La MNJTF, avec des effectifs de 10.000\u00a0hommes, conduit des efforts militaires pour vaincre les militants dans la r\u00e9gion du lac Tchad. Elle inclut des soldats du B\u00e9nin, du Cameroun, du Niger, du Nigeria et du Tchad, pays qui sont tous pris pour cible par les groupes terroristes.<\/p>\n<p>Le major-g\u00e9n\u00e9ral\u00a0 Abdul Khalifah Ibrahim, commandant de la MNJTF, a d\u00e9clar\u00e9 \u00e0 African Arguments\u00a0: \u00ab\u00a0Il y a des combats s\u00e9rieux entre les groupes criminels PAOEI et JAS. Nous les appr\u00e9cions et esp\u00e9rons qu\u2019ils s\u2019intensifieront. Les criminels sont tu\u00e9s, [leur] approvisionnement est coup\u00e9 et le mat\u00e9riel est r\u00e9cup\u00e9r\u00e9. La MNJTF a enregistr\u00e9 des gains importants et nous esp\u00e9rons que d\u2019autres suivront.\u00a0\u00bb<\/p>\n<p>La vengeance a motiv\u00e9 l\u2019attaque en janvier dernier, apr\u00e8s le massacre par les combattants du JAS d\u2019au moins 35 membres de la PAOEI lors d\u2019une embuscade dans le bassin du lac Tchad quelques semaines plus t\u00f4t. Les groupes s\u2019affrontent alors qu\u2019ils sont sujets \u00e0 une pression plus forte de la part de la MNJTF et des forces nig\u00e9rianes.<\/p>\n<p>Sur une p\u00e9riode de deux semaines en ao\u00fbt et septembre 2022, l\u2019arm\u00e9e nig\u00e9riane dit qu\u2019elle a tu\u00e9 plus de 250 combattants de Boko Haram et de la PAOEI lors de frappes a\u00e9riennes et d\u2019op\u00e9rations terrestres. Apr\u00e8s ces attaques, 556\u00a0personnes li\u00e9es \u00e0 ces groupes se sont rendues aux forces arm\u00e9es. Les soldats ont captur\u00e9 des grenades, des fusils AK-47, des lance-grenades et des munitions.<\/p>\n<p>Selon le reportage d\u2019African Arguments, Boko Haram et la PAOEI ont des diff\u00e9rences strat\u00e9giques bien connues. En g\u00e9n\u00e9ral, la PAOEI conduit des attaques de grande \u00e9chelle contre les camps militaires et les sites p\u00e9troliers.<\/p>\n<p>Boko Haram et ses branches conduisent fr\u00e9quemment des raids contre les villages, tuent sans discrimination les civils et enl\u00e8vent les femmes et les enfants. Les Nations unies estiment que 350.000 personnes ont \u00e9t\u00e9 tu\u00e9es en rapport avec l\u2019insurrection de Boko Haram dans le Nord du Nigeria depuis 2009, et 2\u00a0millions d\u2019autres ont \u00e9t\u00e9 d\u00e9plac\u00e9es.<\/p>\n<p>Les pertes r\u00e9centes enregistr\u00e9es par Boko Haram ont conduit certains observateurs \u00e0 se demander si le groupe va survivre.<\/p>\n<p>Ana Aguilera, chercheuse pour l\u2019European Eye on Radicalization, \u00e9crit\u00a0: \u00ab\u00a0Dans l\u2019ensemble, la tendance indique que Boko Haram a atteint un tournant. Le groupe pourrait trouver un moyen de recalculer ses tactiques pour faire face \u00e0 la perte de son chef et la r\u00e9duction de ses sources de revenus, ou il pourrait d\u00e9p\u00e9rir sous une campagne double\u00a0: la PAOEI qui essaie d\u2019attirer ses membres et le Nigeria qui offre des voies de d\u00e9mobilisation. \u2026\u00a0\u00bb<\/p>\n<p style=\"font-weight: 400;\">En 2022, la MNJTF a annonc\u00e9 qu\u2019elle avait tu\u00e9 plus de 1.000 combattants de Boko Haram au cours d\u2019offensives terrestres, maritimes et a\u00e9riennes dans le cadre d\u2019un effort dont le nom de code \u00e9tait op\u00e9ration Lake Sanity. Le g\u00e9n\u00e9ral Ibrahim a d\u00e9clar\u00e9 \u00e0 African Arguments que ses soldats ont aussi tu\u00e9 plus de 45 combattants de Boko Haram en janvier.<\/p>\n<p style=\"font-weight: 400;\">Toutefois, les experts avertissent que les deux groupes se sont av\u00e9r\u00e9s r\u00e9silients et ont toujours des zones dans lesquelles ils agissent plus librement. \u00ab\u00a0Les combattants de la PAOEI et du JAS continuent \u00e0 \u00eatre enracin\u00e9s au Cameroun et au Niger, autres pays membres de l\u2019accord du lac Tchad situ\u00e9s le long de la fronti\u00e8re du Nigeria et le long du littoral du lac Tchad\u00a0\u00bb, d\u00e9clare Daniel Matan, du Meir Amit Intelligence and Terrorism Information Centre, \u00e0 African Arguments. Il ajoute que les groupes sont \u00ab\u00a0loin d\u2019\u00eatre vaincus\u00a0\u00bb.<\/p>\n","protected":false},"excerpt":{"rendered":"<p>PERSONNEL D\u2019ADF Plus de 200 combattants de Boko Haram et quelques-uns de leurs commandants se sont rendus \u00e0 l\u2019arm\u00e9e nig\u00e9riane lorsque la Province d\u2019Afrique de l\u2019Ouest de l\u2019\u00c9tat islamique (PAOEI) lan\u00e7a une attaque contre le groupe extr\u00e9miste rival dans l\u2019\u00c9tat de Borno au Nord-Est du pays. C\u2019\u00e9tait le dernier d\u2019une s\u00e9rie d\u2019affrontements entre les groupes<\/p>\n","protected":false},"author":1,"featured_media":103567,"comment_status":"open","ping_status":"closed","sticky":false,"template":"","format":"standard","meta":{"_acf_changed":false,"_monsterinsights_skip_tracking":false,"_monsterinsights_sitenote_active":false,"_monsterinsights_sitenote_note":"","_monsterinsights_sitenote_category":0,"_uf_show_specific_survey":0,"_uf_disable_surveys":false,"footnotes":""},"categories":[331],"tags":[],"class_list":{"0":"post-103576","1":"post","2":"type-post","3":"status-publish","4":"format-standard","5":"has-post-thumbnail","7":"category-dernieres-nouvelles"},"acf":[],"yoast_head":"<!-- This site is optimized with the Yoast SEO plugin v27.4 - https:\/\/yoast.com\/product\/yoast-seo-wordpress\/ -->\n<title>Boko Haram et la PAOEI s\u2019affrontent l\u2019un contre l\u2019autre alors que les forces de s\u00e9curit\u00e9 enregistrent des gains - Africa Defense Forum<\/title>\n<meta name=\"robots\" content=\"index, follow, max-snippet:-1, max-image-preview:large, max-video-preview:-1\" \/>\n<link rel=\"canonical\" href=\"https:\/\/adf-magazine.com\/fr\/2023\/03\/boko-haram-et-la-paoei-saffrontent-lun-contre-lautre-alors-que-les-forces-de-securite-enregistrent-des-gains\/\" \/>\n<meta property=\"og:locale\" content=\"fr_FR\" \/>\n<meta property=\"og:type\" content=\"article\" \/>\n<meta property=\"og:title\" content=\"Boko Haram et la PAOEI s\u2019affrontent l\u2019un contre l\u2019autre alors que les forces de s\u00e9curit\u00e9 enregistrent des gains - Africa Defense Forum\" \/>\n<meta property=\"og:description\" content=\"PERSONNEL D\u2019ADF Plus de 200 combattants de Boko Haram et quelques-uns de leurs commandants se sont rendus \u00e0 l\u2019arm\u00e9e nig\u00e9riane lorsque la Province d\u2019Afrique de l\u2019Ouest de l\u2019\u00c9tat islamique (PAOEI) lan\u00e7a une attaque contre le groupe extr\u00e9miste rival dans l\u2019\u00c9tat de Borno au Nord-Est du pays. C\u2019\u00e9tait le dernier d\u2019une s\u00e9rie d\u2019affrontements entre les groupes\" \/>\n<meta property=\"og:url\" content=\"https:\/\/adf-magazine.com\/fr\/2023\/03\/boko-haram-et-la-paoei-saffrontent-lun-contre-lautre-alors-que-les-forces-de-securite-enregistrent-des-gains\/\" \/>\n<meta property=\"og:site_name\" content=\"Africa Defense Forum\" \/>\n<meta property=\"article:publisher\" content=\"https:\/\/www.facebook.com\/ADFmagazine\/\" \/>\n<meta property=\"article:published_time\" content=\"2023-03-14T17:33:33+00:00\" \/>\n<meta property=\"article:modified_time\" content=\"2023-03-14T17:34:28+00:00\" \/>\n<meta property=\"og:image\" content=\"https:\/\/adf-magazine.com\/wp-content\/uploads\/2023\/03\/2022-10-24T141934Z_733847828_RC2N5X9DLLWX_RTRMADP_3_NIGERIA-SECURITY.jpg\" \/>\n\t<meta property=\"og:image:width\" content=\"1080\" \/>\n\t<meta property=\"og:image:height\" content=\"720\" \/>\n\t<meta property=\"og:image:type\" content=\"image\/jpeg\" \/>\n<meta name=\"author\" content=\"ADF\" \/>\n<meta name=\"twitter:card\" content=\"summary_large_image\" \/>\n<meta name=\"twitter:creator\" content=\"@ADFmagazine\" \/>\n<meta name=\"twitter:site\" content=\"@ADFmagazine\" \/>\n<meta name=\"twitter:label1\" content=\"\u00c9crit par\" \/>\n\t<meta name=\"twitter:data1\" content=\"ADF\" \/>\n\t<meta name=\"twitter:label2\" content=\"Dur\u00e9e de lecture estim\u00e9e\" \/>\n\t<meta name=\"twitter:data2\" content=\"4 minutes\" \/>\n<script type=\"application\/ld+json\" class=\"yoast-schema-graph\">{\"@context\":\"https:\\\/\\\/schema.org\",\"@graph\":[{\"@type\":\"Article\",\"@id\":\"https:\\\/\\\/adf-magazine.com\\\/fr\\\/2023\\\/03\\\/boko-haram-et-la-paoei-saffrontent-lun-contre-lautre-alors-que-les-forces-de-securite-enregistrent-des-gains\\\/#article\",\"isPartOf\":{\"@id\":\"https:\\\/\\\/adf-magazine.com\\\/fr\\\/2023\\\/03\\\/boko-haram-et-la-paoei-saffrontent-lun-contre-lautre-alors-que-les-forces-de-securite-enregistrent-des-gains\\\/\"},\"author\":{\"name\":\"ADF\",\"@id\":\"https:\\\/\\\/adf-magazine.com\\\/#\\\/schema\\\/person\\\/f266a6061389568b5a11465bb38bc025\"},\"headline\":\"Boko Haram et la PAOEI s\u2019affrontent l\u2019un contre l\u2019autre alors que les forces de s\u00e9curit\u00e9 enregistrent des gains\",\"datePublished\":\"2023-03-14T17:33:33+00:00\",\"dateModified\":\"2023-03-14T17:34:28+00:00\",\"mainEntityOfPage\":{\"@id\":\"https:\\\/\\\/adf-magazine.com\\\/fr\\\/2023\\\/03\\\/boko-haram-et-la-paoei-saffrontent-lun-contre-lautre-alors-que-les-forces-de-securite-enregistrent-des-gains\\\/\"},\"wordCount\":762,\"commentCount\":0,\"image\":{\"@id\":\"https:\\\/\\\/adf-magazine.com\\\/fr\\\/2023\\\/03\\\/boko-haram-et-la-paoei-saffrontent-lun-contre-lautre-alors-que-les-forces-de-securite-enregistrent-des-gains\\\/#primaryimage\"},\"thumbnailUrl\":\"https:\\\/\\\/adf-magazine.com\\\/wp-content\\\/uploads\\\/2023\\\/03\\\/2022-10-24T141934Z_733847828_RC2N5X9DLLWX_RTRMADP_3_NIGERIA-SECURITY.jpg\",\"articleSection\":[\"Actualit\u00e9s du Jour\"],\"inLanguage\":\"fr-FR\",\"potentialAction\":[{\"@type\":\"CommentAction\",\"name\":\"Comment\",\"target\":[\"https:\\\/\\\/adf-magazine.com\\\/fr\\\/2023\\\/03\\\/boko-haram-et-la-paoei-saffrontent-lun-contre-lautre-alors-que-les-forces-de-securite-enregistrent-des-gains\\\/#respond\"]}]},{\"@type\":\"WebPage\",\"@id\":\"https:\\\/\\\/adf-magazine.com\\\/fr\\\/2023\\\/03\\\/boko-haram-et-la-paoei-saffrontent-lun-contre-lautre-alors-que-les-forces-de-securite-enregistrent-des-gains\\\/\",\"url\":\"https:\\\/\\\/adf-magazine.com\\\/fr\\\/2023\\\/03\\\/boko-haram-et-la-paoei-saffrontent-lun-contre-lautre-alors-que-les-forces-de-securite-enregistrent-des-gains\\\/\",\"name\":\"Boko Haram et la PAOEI s\u2019affrontent l\u2019un contre l\u2019autre alors que les forces de s\u00e9curit\u00e9 enregistrent des gains - Africa Defense Forum\",\"isPartOf\":{\"@id\":\"https:\\\/\\\/adf-magazine.com\\\/#website\"},\"primaryImageOfPage\":{\"@id\":\"https:\\\/\\\/adf-magazine.com\\\/fr\\\/2023\\\/03\\\/boko-haram-et-la-paoei-saffrontent-lun-contre-lautre-alors-que-les-forces-de-securite-enregistrent-des-gains\\\/#primaryimage\"},\"image\":{\"@id\":\"https:\\\/\\\/adf-magazine.com\\\/fr\\\/2023\\\/03\\\/boko-haram-et-la-paoei-saffrontent-lun-contre-lautre-alors-que-les-forces-de-securite-enregistrent-des-gains\\\/#primaryimage\"},\"thumbnailUrl\":\"https:\\\/\\\/adf-magazine.com\\\/wp-content\\\/uploads\\\/2023\\\/03\\\/2022-10-24T141934Z_733847828_RC2N5X9DLLWX_RTRMADP_3_NIGERIA-SECURITY.jpg\",\"datePublished\":\"2023-03-14T17:33:33+00:00\",\"dateModified\":\"2023-03-14T17:34:28+00:00\",\"author\":{\"@id\":\"https:\\\/\\\/adf-magazine.com\\\/#\\\/schema\\\/person\\\/f266a6061389568b5a11465bb38bc025\"},\"breadcrumb\":{\"@id\":\"https:\\\/\\\/adf-magazine.com\\\/fr\\\/2023\\\/03\\\/boko-haram-et-la-paoei-saffrontent-lun-contre-lautre-alors-que-les-forces-de-securite-enregistrent-des-gains\\\/#breadcrumb\"},\"inLanguage\":\"fr-FR\",\"potentialAction\":[{\"@type\":\"ReadAction\",\"target\":[\"https:\\\/\\\/adf-magazine.com\\\/fr\\\/2023\\\/03\\\/boko-haram-et-la-paoei-saffrontent-lun-contre-lautre-alors-que-les-forces-de-securite-enregistrent-des-gains\\\/\"]}]},{\"@type\":\"ImageObject\",\"inLanguage\":\"fr-FR\",\"@id\":\"https:\\\/\\\/adf-magazine.com\\\/fr\\\/2023\\\/03\\\/boko-haram-et-la-paoei-saffrontent-lun-contre-lautre-alors-que-les-forces-de-securite-enregistrent-des-gains\\\/#primaryimage\",\"url\":\"https:\\\/\\\/adf-magazine.com\\\/wp-content\\\/uploads\\\/2023\\\/03\\\/2022-10-24T141934Z_733847828_RC2N5X9DLLWX_RTRMADP_3_NIGERIA-SECURITY.jpg\",\"contentUrl\":\"https:\\\/\\\/adf-magazine.com\\\/wp-content\\\/uploads\\\/2023\\\/03\\\/2022-10-24T141934Z_733847828_RC2N5X9DLLWX_RTRMADP_3_NIGERIA-SECURITY.jpg\",\"width\":1080,\"height\":720,\"caption\":\"Un v\u00e9hicule blind\u00e9 nig\u00e9rian passe devant des maisons neuves dans une communaut\u00e9 de l\u2019\u00c9tat de Borno qui avait \u00e9t\u00e9 d\u00e9truite par Boko Haram. Les forces de s\u00e9curit\u00e9 ont enregistr\u00e9 des gains contre le groupe au cours des derniers mois. REUTERS\"},{\"@type\":\"BreadcrumbList\",\"@id\":\"https:\\\/\\\/adf-magazine.com\\\/fr\\\/2023\\\/03\\\/boko-haram-et-la-paoei-saffrontent-lun-contre-lautre-alors-que-les-forces-de-securite-enregistrent-des-gains\\\/#breadcrumb\",\"itemListElement\":[{\"@type\":\"ListItem\",\"position\":1,\"name\":\"page d\u2019accueil\",\"item\":\"https:\\\/\\\/adf-magazine.com\\\/\"},{\"@type\":\"ListItem\",\"position\":2,\"name\":\"Boko Haram et la PAOEI s\u2019affrontent l\u2019un contre l\u2019autre alors que les forces de s\u00e9curit\u00e9 enregistrent des gains\"}]},{\"@type\":\"WebSite\",\"@id\":\"https:\\\/\\\/adf-magazine.com\\\/#website\",\"url\":\"https:\\\/\\\/adf-magazine.com\\\/\",\"name\":\"Africa Defense Forum\",\"description\":\"Africa Defense Forum\",\"potentialAction\":[{\"@type\":\"SearchAction\",\"target\":{\"@type\":\"EntryPoint\",\"urlTemplate\":\"https:\\\/\\\/adf-magazine.com\\\/?s={search_term_string}\"},\"query-input\":{\"@type\":\"PropertyValueSpecification\",\"valueRequired\":true,\"valueName\":\"search_term_string\"}}],\"inLanguage\":\"fr-FR\"},{\"@type\":\"Person\",\"@id\":\"https:\\\/\\\/adf-magazine.com\\\/#\\\/schema\\\/person\\\/f266a6061389568b5a11465bb38bc025\",\"name\":\"ADF\",\"image\":{\"@type\":\"ImageObject\",\"inLanguage\":\"fr-FR\",\"@id\":\"https:\\\/\\\/adf-magazine.com\\\/wp-content\\\/uploads\\\/2020\\\/05\\\/cropped-ADF_icon.jpg\",\"url\":\"https:\\\/\\\/adf-magazine.com\\\/wp-content\\\/uploads\\\/2020\\\/05\\\/cropped-ADF_icon.jpg\",\"contentUrl\":\"https:\\\/\\\/adf-magazine.com\\\/wp-content\\\/uploads\\\/2020\\\/05\\\/cropped-ADF_icon.jpg\",\"caption\":\"ADF\"},\"description\":\"ADF is a professional military magazine published quarterly by U.S. Africa Command to provide an international forum for African security professionals. ADF covers topics such as counter terrorism strategies, security and defense operations, transnational crime, and all other issues affecting peace, stability, and good governance on the African continent.\",\"sameAs\":[\"https:\\\/\\\/x.com\\\/ADFmagazine\"],\"url\":\"https:\\\/\\\/adf-magazine.com\\\/fr\\\/author\\\/adf\\\/\"}]}<\/script>\n<!-- \/ Yoast SEO plugin. -->","yoast_head_json":{"title":"Boko Haram et la PAOEI s\u2019affrontent l\u2019un contre l\u2019autre alors que les forces de s\u00e9curit\u00e9 enregistrent des gains - Africa Defense Forum","robots":{"index":"index","follow":"follow","max-snippet":"max-snippet:-1","max-image-preview":"max-image-preview:large","max-video-preview":"max-video-preview:-1"},"canonical":"https:\/\/adf-magazine.com\/fr\/2023\/03\/boko-haram-et-la-paoei-saffrontent-lun-contre-lautre-alors-que-les-forces-de-securite-enregistrent-des-gains\/","og_locale":"fr_FR","og_type":"article","og_title":"Boko Haram et la PAOEI s\u2019affrontent l\u2019un contre l\u2019autre alors que les forces de s\u00e9curit\u00e9 enregistrent des gains - Africa Defense Forum","og_description":"PERSONNEL D\u2019ADF Plus de 200 combattants de Boko Haram et quelques-uns de leurs commandants se sont rendus \u00e0 l\u2019arm\u00e9e nig\u00e9riane lorsque la Province d\u2019Afrique de l\u2019Ouest de l\u2019\u00c9tat islamique (PAOEI) lan\u00e7a une attaque contre le groupe extr\u00e9miste rival dans l\u2019\u00c9tat de Borno au Nord-Est du pays. C\u2019\u00e9tait le dernier d\u2019une s\u00e9rie d\u2019affrontements entre les groupes","og_url":"https:\/\/adf-magazine.com\/fr\/2023\/03\/boko-haram-et-la-paoei-saffrontent-lun-contre-lautre-alors-que-les-forces-de-securite-enregistrent-des-gains\/","og_site_name":"Africa Defense Forum","article_publisher":"https:\/\/www.facebook.com\/ADFmagazine\/","article_published_time":"2023-03-14T17:33:33+00:00","article_modified_time":"2023-03-14T17:34:28+00:00","og_image":[{"width":1080,"height":720,"url":"https:\/\/adf-magazine.com\/wp-content\/uploads\/2023\/03\/2022-10-24T141934Z_733847828_RC2N5X9DLLWX_RTRMADP_3_NIGERIA-SECURITY.jpg","type":"image\/jpeg"}],"author":"ADF","twitter_card":"summary_large_image","twitter_creator":"@ADFmagazine","twitter_site":"@ADFmagazine","twitter_misc":{"\u00c9crit par":"ADF","Dur\u00e9e de lecture estim\u00e9e":"4 minutes"},"schema":{"@context":"https:\/\/schema.org","@graph":[{"@type":"Article","@id":"https:\/\/adf-magazine.com\/fr\/2023\/03\/boko-haram-et-la-paoei-saffrontent-lun-contre-lautre-alors-que-les-forces-de-securite-enregistrent-des-gains\/#article","isPartOf":{"@id":"https:\/\/adf-magazine.com\/fr\/2023\/03\/boko-haram-et-la-paoei-saffrontent-lun-contre-lautre-alors-que-les-forces-de-securite-enregistrent-des-gains\/"},"author":{"name":"ADF","@id":"https:\/\/adf-magazine.com\/#\/schema\/person\/f266a6061389568b5a11465bb38bc025"},"headline":"Boko Haram et la PAOEI s\u2019affrontent l\u2019un contre l\u2019autre alors que les forces de s\u00e9curit\u00e9 enregistrent des gains","datePublished":"2023-03-14T17:33:33+00:00","dateModified":"2023-03-14T17:34:28+00:00","mainEntityOfPage":{"@id":"https:\/\/adf-magazine.com\/fr\/2023\/03\/boko-haram-et-la-paoei-saffrontent-lun-contre-lautre-alors-que-les-forces-de-securite-enregistrent-des-gains\/"},"wordCount":762,"commentCount":0,"image":{"@id":"https:\/\/adf-magazine.com\/fr\/2023\/03\/boko-haram-et-la-paoei-saffrontent-lun-contre-lautre-alors-que-les-forces-de-securite-enregistrent-des-gains\/#primaryimage"},"thumbnailUrl":"https:\/\/adf-magazine.com\/wp-content\/uploads\/2023\/03\/2022-10-24T141934Z_733847828_RC2N5X9DLLWX_RTRMADP_3_NIGERIA-SECURITY.jpg","articleSection":["Actualit\u00e9s du Jour"],"inLanguage":"fr-FR","potentialAction":[{"@type":"CommentAction","name":"Comment","target":["https:\/\/adf-magazine.com\/fr\/2023\/03\/boko-haram-et-la-paoei-saffrontent-lun-contre-lautre-alors-que-les-forces-de-securite-enregistrent-des-gains\/#respond"]}]},{"@type":"WebPage","@id":"https:\/\/adf-magazine.com\/fr\/2023\/03\/boko-haram-et-la-paoei-saffrontent-lun-contre-lautre-alors-que-les-forces-de-securite-enregistrent-des-gains\/","url":"https:\/\/adf-magazine.com\/fr\/2023\/03\/boko-haram-et-la-paoei-saffrontent-lun-contre-lautre-alors-que-les-forces-de-securite-enregistrent-des-gains\/","name":"Boko Haram et la PAOEI s\u2019affrontent l\u2019un contre l\u2019autre alors que les forces de s\u00e9curit\u00e9 enregistrent des gains - Africa Defense Forum","isPartOf":{"@id":"https:\/\/adf-magazine.com\/#website"},"primaryImageOfPage":{"@id":"https:\/\/adf-magazine.com\/fr\/2023\/03\/boko-haram-et-la-paoei-saffrontent-lun-contre-lautre-alors-que-les-forces-de-securite-enregistrent-des-gains\/#primaryimage"},"image":{"@id":"https:\/\/adf-magazine.com\/fr\/2023\/03\/boko-haram-et-la-paoei-saffrontent-lun-contre-lautre-alors-que-les-forces-de-securite-enregistrent-des-gains\/#primaryimage"},"thumbnailUrl":"https:\/\/adf-magazine.com\/wp-content\/uploads\/2023\/03\/2022-10-24T141934Z_733847828_RC2N5X9DLLWX_RTRMADP_3_NIGERIA-SECURITY.jpg","datePublished":"2023-03-14T17:33:33+00:00","dateModified":"2023-03-14T17:34:28+00:00","author":{"@id":"https:\/\/adf-magazine.com\/#\/schema\/person\/f266a6061389568b5a11465bb38bc025"},"breadcrumb":{"@id":"https:\/\/adf-magazine.com\/fr\/2023\/03\/boko-haram-et-la-paoei-saffrontent-lun-contre-lautre-alors-que-les-forces-de-securite-enregistrent-des-gains\/#breadcrumb"},"inLanguage":"fr-FR","potentialAction":[{"@type":"ReadAction","target":["https:\/\/adf-magazine.com\/fr\/2023\/03\/boko-haram-et-la-paoei-saffrontent-lun-contre-lautre-alors-que-les-forces-de-securite-enregistrent-des-gains\/"]}]},{"@type":"ImageObject","inLanguage":"fr-FR","@id":"https:\/\/adf-magazine.com\/fr\/2023\/03\/boko-haram-et-la-paoei-saffrontent-lun-contre-lautre-alors-que-les-forces-de-securite-enregistrent-des-gains\/#primaryimage","url":"https:\/\/adf-magazine.com\/wp-content\/uploads\/2023\/03\/2022-10-24T141934Z_733847828_RC2N5X9DLLWX_RTRMADP_3_NIGERIA-SECURITY.jpg","contentUrl":"https:\/\/adf-magazine.com\/wp-content\/uploads\/2023\/03\/2022-10-24T141934Z_733847828_RC2N5X9DLLWX_RTRMADP_3_NIGERIA-SECURITY.jpg","width":1080,"height":720,"caption":"Un v\u00e9hicule blind\u00e9 nig\u00e9rian passe devant des maisons neuves dans une communaut\u00e9 de l\u2019\u00c9tat de Borno qui avait \u00e9t\u00e9 d\u00e9truite par Boko Haram. Les forces de s\u00e9curit\u00e9 ont enregistr\u00e9 des gains contre le groupe au cours des derniers mois. REUTERS"},{"@type":"BreadcrumbList","@id":"https:\/\/adf-magazine.com\/fr\/2023\/03\/boko-haram-et-la-paoei-saffrontent-lun-contre-lautre-alors-que-les-forces-de-securite-enregistrent-des-gains\/#breadcrumb","itemListElement":[{"@type":"ListItem","position":1,"name":"page d\u2019accueil","item":"https:\/\/adf-magazine.com\/"},{"@type":"ListItem","position":2,"name":"Boko Haram et la PAOEI s\u2019affrontent l\u2019un contre l\u2019autre alors que les forces de s\u00e9curit\u00e9 enregistrent des gains"}]},{"@type":"WebSite","@id":"https:\/\/adf-magazine.com\/#website","url":"https:\/\/adf-magazine.com\/","name":"Africa Defense Forum","description":"Africa Defense Forum","potentialAction":[{"@type":"SearchAction","target":{"@type":"EntryPoint","urlTemplate":"https:\/\/adf-magazine.com\/?s={search_term_string}"},"query-input":{"@type":"PropertyValueSpecification","valueRequired":true,"valueName":"search_term_string"}}],"inLanguage":"fr-FR"},{"@type":"Person","@id":"https:\/\/adf-magazine.com\/#\/schema\/person\/f266a6061389568b5a11465bb38bc025","name":"ADF","image":{"@type":"ImageObject","inLanguage":"fr-FR","@id":"https:\/\/adf-magazine.com\/wp-content\/uploads\/2020\/05\/cropped-ADF_icon.jpg","url":"https:\/\/adf-magazine.com\/wp-content\/uploads\/2020\/05\/cropped-ADF_icon.jpg","contentUrl":"https:\/\/adf-magazine.com\/wp-content\/uploads\/2020\/05\/cropped-ADF_icon.jpg","caption":"ADF"},"description":"ADF is a professional military magazine published quarterly by U.S. Africa Command to provide an international forum for African security professionals. ADF covers topics such as counter terrorism strategies, security and defense operations, transnational crime, and all other issues affecting peace, stability, and good governance on the African continent.","sameAs":["https:\/\/x.com\/ADFmagazine"],"url":"https:\/\/adf-magazine.com\/fr\/author\/adf\/"}]}},"_links":{"self":[{"href":"https:\/\/adf-magazine.com\/fr\/wp-json\/wp\/v2\/posts\/103576","targetHints":{"allow":["GET"]}}],"collection":[{"href":"https:\/\/adf-magazine.com\/fr\/wp-json\/wp\/v2\/posts"}],"about":[{"href":"https:\/\/adf-magazine.com\/fr\/wp-json\/wp\/v2\/types\/post"}],"author":[{"embeddable":true,"href":"https:\/\/adf-magazine.com\/fr\/wp-json\/wp\/v2\/users\/1"}],"replies":[{"embeddable":true,"href":"https:\/\/adf-magazine.com\/fr\/wp-json\/wp\/v2\/comments?post=103576"}],"version-history":[{"count":0,"href":"https:\/\/adf-magazine.com\/fr\/wp-json\/wp\/v2\/posts\/103576\/revisions"}],"wp:featuredmedia":[{"embeddable":true,"href":"https:\/\/adf-magazine.com\/fr\/wp-json\/wp\/v2\/media\/103567"}],"wp:attachment":[{"href":"https:\/\/adf-magazine.com\/fr\/wp-json\/wp\/v2\/media?parent=103576"}],"wp:term":[{"taxonomy":"category","embeddable":true,"href":"https:\/\/adf-magazine.com\/fr\/wp-json\/wp\/v2\/categories?post=103576"},{"taxonomy":"post_tag","embeddable":true,"href":"https:\/\/adf-magazine.com\/fr\/wp-json\/wp\/v2\/tags?post=103576"}],"curies":[{"name":"wp","href":"https:\/\/api.w.org\/{rel}","templated":true}]}}