{"id":103514,"date":"2023-03-14T12:29:51","date_gmt":"2023-03-14T16:29:51","guid":{"rendered":"https:\/\/adf-magazine.com\/?p=103514"},"modified":"2023-03-14T12:30:59","modified_gmt":"2023-03-14T16:30:59","slug":"lintensification-des-tensions-au-mali-fait-courir-le-risque-dun-retour-a-la-guerre-civile","status":"publish","type":"post","link":"https:\/\/adf-magazine.com\/fr\/2023\/03\/lintensification-des-tensions-au-mali-fait-courir-le-risque-dun-retour-a-la-guerre-civile\/","title":{"rendered":"L\u2019intensification des tensions au Mali fait courir le risque d\u2019un retour \u00e0 la guerre civile"},"content":{"rendered":"<p style=\"font-weight: 400;\">PERSONNEL D\u2019ADF<\/p>\n<p style=\"font-weight: 400;\">Les tensions montent dans le Nord du Mali, o\u00f9 un plan de paix fragile est sur le point de s\u2019effondrer.<\/p>\n<p style=\"font-weight: 400;\">La r\u00e9bellion touar\u00e8gue a pris fin en 2015 gr\u00e2ce \u00e0 l\u2019accord de paix d\u2019Alger mais ce dernier n\u2019a jamais \u00e9t\u00e9 compl\u00e8tement mis en \u0153uvre, aussi le conflit entre les anciens rebelles et le gouvernement s\u2019est envenim\u00e9.<\/p>\n<p style=\"font-weight: 400;\">Au cours des derniers mois, la junte militaire malienne a pris une approche plus antagoniste et certains craignent des confrontations violentes dans un avenir proche.<\/p>\n<p style=\"font-weight: 400;\">Amadou Albert Ma\u00efga, membre du Conseil national de la transition qui joue le r\u00f4le d\u2019Assembl\u00e9e nationale pour le gouvernement non \u00e9lu, a r\u00e9cemment d\u00e9clar\u00e9 que l\u2019arm\u00e9e malienne agirait bient\u00f4t.<\/p>\n<p style=\"font-weight: 400;\">\u00ab\u00a0La guerre est in\u00e9vitable\u00a0\u00bb, a-t-il dit lors d\u2019une diffusion en direct sur Facebook en f\u00e9vrier.<\/p>\n<p style=\"font-weight: 400;\">Le Dr\u00a0Ma\u00efga indique que l\u2019arm\u00e9e pr\u00e9voit des op\u00e9rations pour restaurer l\u2019autorit\u00e9 du gouvernement \u00e0 Kidal, ville strat\u00e9gique du Nord qui est contr\u00f4l\u00e9e par une coalition d\u2019anciens rebelles depuis 2013.<\/p>\n<p style=\"font-weight: 400;\">Le colonel Isma\u00ebl Wagu\u00e9, ministre de la R\u00e9conciliation nationale du Mali et membre de la junte, constate une d\u00e9t\u00e9rioration de ses relations avec cette coalition, appel\u00e9e Coordination des mouvements de l\u2019Azawad (CMA), chaque fois qu\u2019il l\u2019accuse d\u2019enfreindre l\u2019accord de paix.<\/p>\n<p style=\"font-weight: 400;\">L\u2019accord d\u2019Alger a mis fin \u00e0 des ann\u00e9es d\u2019hostilit\u00e9 contre les groupes arm\u00e9s appartenant essentiellement \u00e0 l\u2019ethnie touar\u00e8gue, qui luttent pour l\u2019ind\u00e9pendance dans le Nord du Mali depuis 2012. Ce conflit a \u00e9t\u00e9 encourag\u00e9 par les extr\u00e9mistes militants islamistes bas\u00e9s dans les d\u00e9serts du Nord.<\/p>\n<p style=\"font-weight: 400;\">Aujourd\u2019hui, la junte malienne dirig\u00e9e par le colonel Assimi Go\u00efta, pr\u00e9sident de la transition, a d\u00e9montr\u00e9 peu d\u2019int\u00e9r\u00eat \u00e0 n\u00e9gocier. Conform\u00e9ment \u00e0 sa r\u00e9putation de m\u00e9diateur sur le continent, le pays voisin de l\u2019Alg\u00e9rie a propos\u00e9 r\u00e9cemment une r\u00e9union dans un lieu neutre, mais le colonel Go\u00efta a refus\u00e9.<\/p>\n<p style=\"font-weight: 400;\">En r\u00e9ponse, les ex-rebelles touaregs ont suspendu leur participation \u00e0 la commission charg\u00e9e de finaliser la nouvelle constitution du Mali.<\/p>\n<p style=\"font-weight: 400;\">Une source a d\u00e9clar\u00e9 au magazine d\u2019actualit\u00e9 en ligne Africa Report\u00a0: \u00ab\u00a0Aujourd\u2019hui, le dialogue est compl\u00e8tement rompu, et chaque partie attend que l\u2019autre agisse dans le sens d\u2019une rupture finale, pour ne pas \u00eatre celle qui fait voler en \u00e9clats l\u2019accord de paix.\u00a0\u00bb<\/p>\n<p style=\"font-weight: 400;\">\u00ab\u00a0Les relations entre Bamako et le Nord sont historiquement complexes, mais les autorit\u00e9s actuelles sont particuli\u00e8rement hostiles aux anciens rebelles.\u00a0\u00bb<\/p>\n<p style=\"font-weight: 400;\">Apr\u00e8s s\u2019\u00eatre retir\u00e9s de la commission constitutionnelle, les ex-rebelles ont annonc\u00e9 le 8 f\u00e9vrier qu\u2019ils avaient \u00ab\u00a0d\u00e9cid\u00e9 de fusionner les mouvements qui constituent la CMA en une seule entit\u00e9 politique et militaire\u00a0\u00bb.<\/p>\n<p style=\"font-weight: 400;\">Le membre de la CMA Mohamed Elmaouloud Ramadane a d\u00e9clar\u00e9 sur Radio France Internationale apr\u00e8s avoir affich\u00e9 l\u2019annonce sur son compte de Twitter\u00a0: \u00ab\u00a0Nous venons d\u2019entrer dans une phase tr\u00e8s importante parce que la d\u00e9mographie du Mouvement l\u2019avait demand\u00e9e depuis longtemps.\u00a0\u00bb<\/p>\n<p style=\"font-weight: 400;\">\u00ab\u00a0Aujourd\u2019hui, c\u2019est donc un fait accompli. C\u2019est un nouvel accord. C\u2019est un nouveau d\u00e9part.\u00a0\u00bb<\/p>\n<p style=\"font-weight: 400;\">Les dirigeants militaires du Mali ont r\u00e9pondu en accusant la CMA de \u00ab\u00a0collusion de plus en plus \u00e9vidente avec les groupes terroristes\u00a0\u00bb.<\/p>\n<p style=\"font-weight: 400;\">Dans une lettre du 24 f\u00e9vrier adress\u00e9e \u00e0 Ramtane Lamamra, ministre alg\u00e9rien des Affaires \u00e9trang\u00e8res, le colonel Wagu\u00e9 \u00e9crit\u00a0:<\/p>\n<p style=\"font-weight: 400;\">\u00ab\u00a0Le comportement de certains mouvements est un obstacle \u00e0 la paix. Tout en demeurant engag\u00e9 dans la mise en \u0153uvre intelligente de l\u2019accord, le gouvernement rejettera automatiquement toute accusation qui le rendrait responsable de toutes cons\u00e9quences possibles pour [sa] violation.\u00a0\u00bb<\/p>\n<p style=\"font-weight: 400;\">Les experts tels que la chercheuse en m\u00e9diation des conflits Ferdaous Bouhlel avertissent que les discours tendus menacent un retour \u00e0 la guerre.<\/p>\n<p style=\"font-weight: 400;\">\u00ab\u00a0Plus l\u2019\u00c9tat n\u00e9glige ou abandonne l\u2019espace de dialogue, plus la mise en \u0153uvre de l\u2019accord est mise en danger, plus les mouvements arm\u00e9s tendent \u00e0 unifier leurs forces et s\u00e9curiser leur r\u00e9gion\u00a0\u00bb, a-t-elle d\u00e9clar\u00e9 \u00e0 Jeune Afrique en 2022.<\/p>\n","protected":false},"excerpt":{"rendered":"<p>PERSONNEL D\u2019ADF Les tensions montent dans le Nord du Mali, o\u00f9 un plan de paix fragile est sur le point de s\u2019effondrer. La r\u00e9bellion touar\u00e8gue a pris fin en 2015 gr\u00e2ce \u00e0 l\u2019accord de paix d\u2019Alger mais ce dernier n\u2019a jamais \u00e9t\u00e9 compl\u00e8tement mis en \u0153uvre, aussi le conflit entre les anciens rebelles et le<\/p>\n","protected":false},"author":1,"featured_media":103507,"comment_status":"open","ping_status":"closed","sticky":false,"template":"","format":"standard","meta":{"_acf_changed":false,"_monsterinsights_skip_tracking":false,"_monsterinsights_sitenote_active":false,"_monsterinsights_sitenote_note":"","_monsterinsights_sitenote_category":0,"_uf_show_specific_survey":0,"_uf_disable_surveys":false,"footnotes":""},"categories":[331],"tags":[530,698,484,801,434,487,539],"class_list":{"0":"post-103514","1":"post","2":"type-post","3":"status-publish","4":"format-standard","5":"has-post-thumbnail","7":"category-dernieres-nouvelles","8":"tag-algerie","9":"tag-coups-detat","10":"tag-extremisme","11":"tag-guerre-civile","12":"tag-mali-fr","13":"tag-sahel-fr","14":"tag-terrorisme"},"acf":[],"yoast_head":"<!-- This site is optimized with the Yoast SEO plugin v27.5 - https:\/\/yoast.com\/product\/yoast-seo-wordpress\/ -->\n<title>L\u2019intensification des tensions au Mali fait courir le risque d\u2019un retour \u00e0 la guerre civile - Africa Defense Forum<\/title>\n<meta name=\"robots\" content=\"index, follow, max-snippet:-1, max-image-preview:large, max-video-preview:-1\" \/>\n<link rel=\"canonical\" href=\"https:\/\/adf-magazine.com\/fr\/2023\/03\/lintensification-des-tensions-au-mali-fait-courir-le-risque-dun-retour-a-la-guerre-civile\/\" \/>\n<meta property=\"og:locale\" content=\"fr_FR\" \/>\n<meta property=\"og:type\" content=\"article\" \/>\n<meta property=\"og:title\" content=\"L\u2019intensification des tensions au Mali fait courir le risque d\u2019un retour \u00e0 la guerre civile - Africa Defense Forum\" \/>\n<meta property=\"og:description\" content=\"PERSONNEL D\u2019ADF Les tensions montent dans le Nord du Mali, o\u00f9 un plan de paix fragile est sur le point de s\u2019effondrer. La r\u00e9bellion touar\u00e8gue a pris fin en 2015 gr\u00e2ce \u00e0 l\u2019accord de paix d\u2019Alger mais ce dernier n\u2019a jamais \u00e9t\u00e9 compl\u00e8tement mis en \u0153uvre, aussi le conflit entre les anciens rebelles et le\" \/>\n<meta property=\"og:url\" content=\"https:\/\/adf-magazine.com\/fr\/2023\/03\/lintensification-des-tensions-au-mali-fait-courir-le-risque-dun-retour-a-la-guerre-civile\/\" \/>\n<meta property=\"og:site_name\" content=\"Africa Defense Forum\" \/>\n<meta property=\"article:publisher\" content=\"https:\/\/www.facebook.com\/ADFmagazine\/\" \/>\n<meta property=\"article:published_time\" content=\"2023-03-14T16:29:51+00:00\" \/>\n<meta property=\"article:modified_time\" content=\"2023-03-14T16:30:59+00:00\" \/>\n<meta property=\"og:image\" content=\"https:\/\/adf-magazine.com\/wp-content\/uploads\/2023\/03\/GettyImages-1207442240.jpg\" \/>\n\t<meta property=\"og:image:width\" content=\"1024\" \/>\n\t<meta property=\"og:image:height\" content=\"683\" \/>\n\t<meta property=\"og:image:type\" content=\"image\/jpeg\" \/>\n<meta name=\"author\" content=\"ADF\" \/>\n<meta name=\"twitter:card\" content=\"summary_large_image\" \/>\n<meta name=\"twitter:creator\" content=\"@ADFmagazine\" \/>\n<meta name=\"twitter:site\" content=\"@ADFmagazine\" \/>\n<meta name=\"twitter:label1\" content=\"\u00c9crit par\" \/>\n\t<meta name=\"twitter:data1\" content=\"ADF\" \/>\n\t<meta name=\"twitter:label2\" content=\"Dur\u00e9e de lecture estim\u00e9e\" \/>\n\t<meta name=\"twitter:data2\" content=\"4 minutes\" \/>\n<script type=\"application\/ld+json\" class=\"yoast-schema-graph\">{\"@context\":\"https:\\\/\\\/schema.org\",\"@graph\":[{\"@type\":\"Article\",\"@id\":\"https:\\\/\\\/adf-magazine.com\\\/fr\\\/2023\\\/03\\\/lintensification-des-tensions-au-mali-fait-courir-le-risque-dun-retour-a-la-guerre-civile\\\/#article\",\"isPartOf\":{\"@id\":\"https:\\\/\\\/adf-magazine.com\\\/fr\\\/2023\\\/03\\\/lintensification-des-tensions-au-mali-fait-courir-le-risque-dun-retour-a-la-guerre-civile\\\/\"},\"author\":{\"name\":\"ADF\",\"@id\":\"https:\\\/\\\/adf-magazine.com\\\/#\\\/schema\\\/person\\\/f266a6061389568b5a11465bb38bc025\"},\"headline\":\"L\u2019intensification des tensions au Mali fait courir le risque d\u2019un retour \u00e0 la guerre civile\",\"datePublished\":\"2023-03-14T16:29:51+00:00\",\"dateModified\":\"2023-03-14T16:30:59+00:00\",\"mainEntityOfPage\":{\"@id\":\"https:\\\/\\\/adf-magazine.com\\\/fr\\\/2023\\\/03\\\/lintensification-des-tensions-au-mali-fait-courir-le-risque-dun-retour-a-la-guerre-civile\\\/\"},\"wordCount\":719,\"commentCount\":0,\"image\":{\"@id\":\"https:\\\/\\\/adf-magazine.com\\\/fr\\\/2023\\\/03\\\/lintensification-des-tensions-au-mali-fait-courir-le-risque-dun-retour-a-la-guerre-civile\\\/#primaryimage\"},\"thumbnailUrl\":\"https:\\\/\\\/adf-magazine.com\\\/wp-content\\\/uploads\\\/2023\\\/03\\\/GettyImages-1207442240.jpg\",\"keywords\":[\"Alg\u00e9rie\",\"coups d\u2019\u00e9tat\",\"extr\u00e9misme\",\"guerre civile\",\"Mali\",\"Sahel\",\"Terrorisme\"],\"articleSection\":[\"Actualit\u00e9s du Jour\"],\"inLanguage\":\"fr-FR\",\"potentialAction\":[{\"@type\":\"CommentAction\",\"name\":\"Comment\",\"target\":[\"https:\\\/\\\/adf-magazine.com\\\/fr\\\/2023\\\/03\\\/lintensification-des-tensions-au-mali-fait-courir-le-risque-dun-retour-a-la-guerre-civile\\\/#respond\"]}]},{\"@type\":\"WebPage\",\"@id\":\"https:\\\/\\\/adf-magazine.com\\\/fr\\\/2023\\\/03\\\/lintensification-des-tensions-au-mali-fait-courir-le-risque-dun-retour-a-la-guerre-civile\\\/\",\"url\":\"https:\\\/\\\/adf-magazine.com\\\/fr\\\/2023\\\/03\\\/lintensification-des-tensions-au-mali-fait-courir-le-risque-dun-retour-a-la-guerre-civile\\\/\",\"name\":\"L\u2019intensification des tensions au Mali fait courir le risque d\u2019un retour \u00e0 la guerre civile - Africa Defense Forum\",\"isPartOf\":{\"@id\":\"https:\\\/\\\/adf-magazine.com\\\/#website\"},\"primaryImageOfPage\":{\"@id\":\"https:\\\/\\\/adf-magazine.com\\\/fr\\\/2023\\\/03\\\/lintensification-des-tensions-au-mali-fait-courir-le-risque-dun-retour-a-la-guerre-civile\\\/#primaryimage\"},\"image\":{\"@id\":\"https:\\\/\\\/adf-magazine.com\\\/fr\\\/2023\\\/03\\\/lintensification-des-tensions-au-mali-fait-courir-le-risque-dun-retour-a-la-guerre-civile\\\/#primaryimage\"},\"thumbnailUrl\":\"https:\\\/\\\/adf-magazine.com\\\/wp-content\\\/uploads\\\/2023\\\/03\\\/GettyImages-1207442240.jpg\",\"datePublished\":\"2023-03-14T16:29:51+00:00\",\"dateModified\":\"2023-03-14T16:30:59+00:00\",\"author\":{\"@id\":\"https:\\\/\\\/adf-magazine.com\\\/#\\\/schema\\\/person\\\/f266a6061389568b5a11465bb38bc025\"},\"breadcrumb\":{\"@id\":\"https:\\\/\\\/adf-magazine.com\\\/fr\\\/2023\\\/03\\\/lintensification-des-tensions-au-mali-fait-courir-le-risque-dun-retour-a-la-guerre-civile\\\/#breadcrumb\"},\"inLanguage\":\"fr-FR\",\"potentialAction\":[{\"@type\":\"ReadAction\",\"target\":[\"https:\\\/\\\/adf-magazine.com\\\/fr\\\/2023\\\/03\\\/lintensification-des-tensions-au-mali-fait-courir-le-risque-dun-retour-a-la-guerre-civile\\\/\"]}]},{\"@type\":\"ImageObject\",\"inLanguage\":\"fr-FR\",\"@id\":\"https:\\\/\\\/adf-magazine.com\\\/fr\\\/2023\\\/03\\\/lintensification-des-tensions-au-mali-fait-courir-le-risque-dun-retour-a-la-guerre-civile\\\/#primaryimage\",\"url\":\"https:\\\/\\\/adf-magazine.com\\\/wp-content\\\/uploads\\\/2023\\\/03\\\/GettyImages-1207442240.jpg\",\"contentUrl\":\"https:\\\/\\\/adf-magazine.com\\\/wp-content\\\/uploads\\\/2023\\\/03\\\/GettyImages-1207442240.jpg\",\"width\":1024,\"height\":683,\"caption\":\"Des militants arm\u00e9s, pour la plupart membres des mouvements politiques touaregs, ont cr\u00e9\u00e9 une coalition militaire au moment o\u00f9 leur accord de paix fragile avec le Mali chanc\u00e8le. AFP\\\/GETTY IMAGES\"},{\"@type\":\"BreadcrumbList\",\"@id\":\"https:\\\/\\\/adf-magazine.com\\\/fr\\\/2023\\\/03\\\/lintensification-des-tensions-au-mali-fait-courir-le-risque-dun-retour-a-la-guerre-civile\\\/#breadcrumb\",\"itemListElement\":[{\"@type\":\"ListItem\",\"position\":1,\"name\":\"page d\u2019accueil\",\"item\":\"https:\\\/\\\/adf-magazine.com\\\/\"},{\"@type\":\"ListItem\",\"position\":2,\"name\":\"L\u2019intensification des tensions au Mali fait courir le risque d\u2019un retour \u00e0 la guerre civile\"}]},{\"@type\":\"WebSite\",\"@id\":\"https:\\\/\\\/adf-magazine.com\\\/#website\",\"url\":\"https:\\\/\\\/adf-magazine.com\\\/\",\"name\":\"Africa Defense Forum\",\"description\":\"Africa Defense Forum\",\"potentialAction\":[{\"@type\":\"SearchAction\",\"target\":{\"@type\":\"EntryPoint\",\"urlTemplate\":\"https:\\\/\\\/adf-magazine.com\\\/?s={search_term_string}\"},\"query-input\":{\"@type\":\"PropertyValueSpecification\",\"valueRequired\":true,\"valueName\":\"search_term_string\"}}],\"inLanguage\":\"fr-FR\"},{\"@type\":\"Person\",\"@id\":\"https:\\\/\\\/adf-magazine.com\\\/#\\\/schema\\\/person\\\/f266a6061389568b5a11465bb38bc025\",\"name\":\"ADF\",\"image\":{\"@type\":\"ImageObject\",\"inLanguage\":\"fr-FR\",\"@id\":\"https:\\\/\\\/adf-magazine.com\\\/wp-content\\\/uploads\\\/2020\\\/05\\\/cropped-ADF_icon.jpg\",\"url\":\"https:\\\/\\\/adf-magazine.com\\\/wp-content\\\/uploads\\\/2020\\\/05\\\/cropped-ADF_icon.jpg\",\"contentUrl\":\"https:\\\/\\\/adf-magazine.com\\\/wp-content\\\/uploads\\\/2020\\\/05\\\/cropped-ADF_icon.jpg\",\"caption\":\"ADF\"},\"description\":\"ADF is a professional military magazine published quarterly by U.S. Africa Command to provide an international forum for African security professionals. ADF covers topics such as counter terrorism strategies, security and defense operations, transnational crime, and all other issues affecting peace, stability, and good governance on the African continent.\",\"sameAs\":[\"https:\\\/\\\/x.com\\\/ADFmagazine\"],\"url\":\"https:\\\/\\\/adf-magazine.com\\\/fr\\\/author\\\/adf\\\/\"}]}<\/script>\n<!-- \/ Yoast SEO plugin. -->","yoast_head_json":{"title":"L\u2019intensification des tensions au Mali fait courir le risque d\u2019un retour \u00e0 la guerre civile - Africa Defense Forum","robots":{"index":"index","follow":"follow","max-snippet":"max-snippet:-1","max-image-preview":"max-image-preview:large","max-video-preview":"max-video-preview:-1"},"canonical":"https:\/\/adf-magazine.com\/fr\/2023\/03\/lintensification-des-tensions-au-mali-fait-courir-le-risque-dun-retour-a-la-guerre-civile\/","og_locale":"fr_FR","og_type":"article","og_title":"L\u2019intensification des tensions au Mali fait courir le risque d\u2019un retour \u00e0 la guerre civile - Africa Defense Forum","og_description":"PERSONNEL D\u2019ADF Les tensions montent dans le Nord du Mali, o\u00f9 un plan de paix fragile est sur le point de s\u2019effondrer. La r\u00e9bellion touar\u00e8gue a pris fin en 2015 gr\u00e2ce \u00e0 l\u2019accord de paix d\u2019Alger mais ce dernier n\u2019a jamais \u00e9t\u00e9 compl\u00e8tement mis en \u0153uvre, aussi le conflit entre les anciens rebelles et le","og_url":"https:\/\/adf-magazine.com\/fr\/2023\/03\/lintensification-des-tensions-au-mali-fait-courir-le-risque-dun-retour-a-la-guerre-civile\/","og_site_name":"Africa Defense Forum","article_publisher":"https:\/\/www.facebook.com\/ADFmagazine\/","article_published_time":"2023-03-14T16:29:51+00:00","article_modified_time":"2023-03-14T16:30:59+00:00","og_image":[{"width":1024,"height":683,"url":"https:\/\/adf-magazine.com\/wp-content\/uploads\/2023\/03\/GettyImages-1207442240.jpg","type":"image\/jpeg"}],"author":"ADF","twitter_card":"summary_large_image","twitter_creator":"@ADFmagazine","twitter_site":"@ADFmagazine","twitter_misc":{"\u00c9crit par":"ADF","Dur\u00e9e de lecture estim\u00e9e":"4 minutes"},"schema":{"@context":"https:\/\/schema.org","@graph":[{"@type":"Article","@id":"https:\/\/adf-magazine.com\/fr\/2023\/03\/lintensification-des-tensions-au-mali-fait-courir-le-risque-dun-retour-a-la-guerre-civile\/#article","isPartOf":{"@id":"https:\/\/adf-magazine.com\/fr\/2023\/03\/lintensification-des-tensions-au-mali-fait-courir-le-risque-dun-retour-a-la-guerre-civile\/"},"author":{"name":"ADF","@id":"https:\/\/adf-magazine.com\/#\/schema\/person\/f266a6061389568b5a11465bb38bc025"},"headline":"L\u2019intensification des tensions au Mali fait courir le risque d\u2019un retour \u00e0 la guerre civile","datePublished":"2023-03-14T16:29:51+00:00","dateModified":"2023-03-14T16:30:59+00:00","mainEntityOfPage":{"@id":"https:\/\/adf-magazine.com\/fr\/2023\/03\/lintensification-des-tensions-au-mali-fait-courir-le-risque-dun-retour-a-la-guerre-civile\/"},"wordCount":719,"commentCount":0,"image":{"@id":"https:\/\/adf-magazine.com\/fr\/2023\/03\/lintensification-des-tensions-au-mali-fait-courir-le-risque-dun-retour-a-la-guerre-civile\/#primaryimage"},"thumbnailUrl":"https:\/\/adf-magazine.com\/wp-content\/uploads\/2023\/03\/GettyImages-1207442240.jpg","keywords":["Alg\u00e9rie","coups d\u2019\u00e9tat","extr\u00e9misme","guerre civile","Mali","Sahel","Terrorisme"],"articleSection":["Actualit\u00e9s du Jour"],"inLanguage":"fr-FR","potentialAction":[{"@type":"CommentAction","name":"Comment","target":["https:\/\/adf-magazine.com\/fr\/2023\/03\/lintensification-des-tensions-au-mali-fait-courir-le-risque-dun-retour-a-la-guerre-civile\/#respond"]}]},{"@type":"WebPage","@id":"https:\/\/adf-magazine.com\/fr\/2023\/03\/lintensification-des-tensions-au-mali-fait-courir-le-risque-dun-retour-a-la-guerre-civile\/","url":"https:\/\/adf-magazine.com\/fr\/2023\/03\/lintensification-des-tensions-au-mali-fait-courir-le-risque-dun-retour-a-la-guerre-civile\/","name":"L\u2019intensification des tensions au Mali fait courir le risque d\u2019un retour \u00e0 la guerre civile - Africa Defense Forum","isPartOf":{"@id":"https:\/\/adf-magazine.com\/#website"},"primaryImageOfPage":{"@id":"https:\/\/adf-magazine.com\/fr\/2023\/03\/lintensification-des-tensions-au-mali-fait-courir-le-risque-dun-retour-a-la-guerre-civile\/#primaryimage"},"image":{"@id":"https:\/\/adf-magazine.com\/fr\/2023\/03\/lintensification-des-tensions-au-mali-fait-courir-le-risque-dun-retour-a-la-guerre-civile\/#primaryimage"},"thumbnailUrl":"https:\/\/adf-magazine.com\/wp-content\/uploads\/2023\/03\/GettyImages-1207442240.jpg","datePublished":"2023-03-14T16:29:51+00:00","dateModified":"2023-03-14T16:30:59+00:00","author":{"@id":"https:\/\/adf-magazine.com\/#\/schema\/person\/f266a6061389568b5a11465bb38bc025"},"breadcrumb":{"@id":"https:\/\/adf-magazine.com\/fr\/2023\/03\/lintensification-des-tensions-au-mali-fait-courir-le-risque-dun-retour-a-la-guerre-civile\/#breadcrumb"},"inLanguage":"fr-FR","potentialAction":[{"@type":"ReadAction","target":["https:\/\/adf-magazine.com\/fr\/2023\/03\/lintensification-des-tensions-au-mali-fait-courir-le-risque-dun-retour-a-la-guerre-civile\/"]}]},{"@type":"ImageObject","inLanguage":"fr-FR","@id":"https:\/\/adf-magazine.com\/fr\/2023\/03\/lintensification-des-tensions-au-mali-fait-courir-le-risque-dun-retour-a-la-guerre-civile\/#primaryimage","url":"https:\/\/adf-magazine.com\/wp-content\/uploads\/2023\/03\/GettyImages-1207442240.jpg","contentUrl":"https:\/\/adf-magazine.com\/wp-content\/uploads\/2023\/03\/GettyImages-1207442240.jpg","width":1024,"height":683,"caption":"Des militants arm\u00e9s, pour la plupart membres des mouvements politiques touaregs, ont cr\u00e9\u00e9 une coalition militaire au moment o\u00f9 leur accord de paix fragile avec le Mali chanc\u00e8le. AFP\/GETTY IMAGES"},{"@type":"BreadcrumbList","@id":"https:\/\/adf-magazine.com\/fr\/2023\/03\/lintensification-des-tensions-au-mali-fait-courir-le-risque-dun-retour-a-la-guerre-civile\/#breadcrumb","itemListElement":[{"@type":"ListItem","position":1,"name":"page d\u2019accueil","item":"https:\/\/adf-magazine.com\/"},{"@type":"ListItem","position":2,"name":"L\u2019intensification des tensions au Mali fait courir le risque d\u2019un retour \u00e0 la guerre civile"}]},{"@type":"WebSite","@id":"https:\/\/adf-magazine.com\/#website","url":"https:\/\/adf-magazine.com\/","name":"Africa Defense Forum","description":"Africa Defense Forum","potentialAction":[{"@type":"SearchAction","target":{"@type":"EntryPoint","urlTemplate":"https:\/\/adf-magazine.com\/?s={search_term_string}"},"query-input":{"@type":"PropertyValueSpecification","valueRequired":true,"valueName":"search_term_string"}}],"inLanguage":"fr-FR"},{"@type":"Person","@id":"https:\/\/adf-magazine.com\/#\/schema\/person\/f266a6061389568b5a11465bb38bc025","name":"ADF","image":{"@type":"ImageObject","inLanguage":"fr-FR","@id":"https:\/\/adf-magazine.com\/wp-content\/uploads\/2020\/05\/cropped-ADF_icon.jpg","url":"https:\/\/adf-magazine.com\/wp-content\/uploads\/2020\/05\/cropped-ADF_icon.jpg","contentUrl":"https:\/\/adf-magazine.com\/wp-content\/uploads\/2020\/05\/cropped-ADF_icon.jpg","caption":"ADF"},"description":"ADF is a professional military magazine published quarterly by U.S. Africa Command to provide an international forum for African security professionals. ADF covers topics such as counter terrorism strategies, security and defense operations, transnational crime, and all other issues affecting peace, stability, and good governance on the African continent.","sameAs":["https:\/\/x.com\/ADFmagazine"],"url":"https:\/\/adf-magazine.com\/fr\/author\/adf\/"}]}},"_links":{"self":[{"href":"https:\/\/adf-magazine.com\/fr\/wp-json\/wp\/v2\/posts\/103514","targetHints":{"allow":["GET"]}}],"collection":[{"href":"https:\/\/adf-magazine.com\/fr\/wp-json\/wp\/v2\/posts"}],"about":[{"href":"https:\/\/adf-magazine.com\/fr\/wp-json\/wp\/v2\/types\/post"}],"author":[{"embeddable":true,"href":"https:\/\/adf-magazine.com\/fr\/wp-json\/wp\/v2\/users\/1"}],"replies":[{"embeddable":true,"href":"https:\/\/adf-magazine.com\/fr\/wp-json\/wp\/v2\/comments?post=103514"}],"version-history":[{"count":0,"href":"https:\/\/adf-magazine.com\/fr\/wp-json\/wp\/v2\/posts\/103514\/revisions"}],"wp:featuredmedia":[{"embeddable":true,"href":"https:\/\/adf-magazine.com\/fr\/wp-json\/wp\/v2\/media\/103507"}],"wp:attachment":[{"href":"https:\/\/adf-magazine.com\/fr\/wp-json\/wp\/v2\/media?parent=103514"}],"wp:term":[{"taxonomy":"category","embeddable":true,"href":"https:\/\/adf-magazine.com\/fr\/wp-json\/wp\/v2\/categories?post=103514"},{"taxonomy":"post_tag","embeddable":true,"href":"https:\/\/adf-magazine.com\/fr\/wp-json\/wp\/v2\/tags?post=103514"}],"curies":[{"name":"wp","href":"https:\/\/api.w.org\/{rel}","templated":true}]}}